{"id":506,"date":"2018-01-06T14:22:23","date_gmt":"2018-01-06T14:22:23","guid":{"rendered":"http:\/\/www.shqiperia.com\/blog\/?p=506"},"modified":"2018-01-06T14:24:06","modified_gmt":"2018-01-06T14:24:06","slug":"perfshihet-nga-flaket-katedralja-ringjallja-e-krishtit-korce","status":"publish","type":"post","link":"https:\/\/www.shqiperia.com\/blog\/perfshihet-nga-flaket-katedralja-ringjallja-e-krishtit-korce\/","title":{"rendered":"P\u00ebrfshihet nga flak\u00ebt Katedralja \u2018Ringjallja e Krishtit\u2019, Korce."},"content":{"rendered":"<p><img data-recalc-dims=\"1\" loading=\"lazy\" decoding=\"async\" data-attachment-id=\"509\" data-permalink=\"https:\/\/www.shqiperia.com\/blog\/perfshihet-nga-flaket-katedralja-ringjallja-e-krishtit-korce\/katedralja-korce-2\/\" data-orig-file=\"https:\/\/i0.wp.com\/www.shqiperia.com\/blog\/wp-content\/uploads\/2018\/01\/Katedralja-Korce.jpg?fit=776%2C565&amp;ssl=1\" data-orig-size=\"776,565\" data-comments-opened=\"1\" data-image-meta=\"{&quot;aperture&quot;:&quot;0&quot;,&quot;credit&quot;:&quot;&quot;,&quot;camera&quot;:&quot;&quot;,&quot;caption&quot;:&quot;&quot;,&quot;created_timestamp&quot;:&quot;0&quot;,&quot;copyright&quot;:&quot;&quot;,&quot;focal_length&quot;:&quot;0&quot;,&quot;iso&quot;:&quot;0&quot;,&quot;shutter_speed&quot;:&quot;0&quot;,&quot;title&quot;:&quot;&quot;,&quot;orientation&quot;:&quot;0&quot;}\" data-image-title=\"Katedralja Korce\" data-image-description=\"\" data-image-caption=\"\" data-medium-file=\"https:\/\/i0.wp.com\/www.shqiperia.com\/blog\/wp-content\/uploads\/2018\/01\/Katedralja-Korce.jpg?fit=300%2C218&amp;ssl=1\" data-large-file=\"https:\/\/i0.wp.com\/www.shqiperia.com\/blog\/wp-content\/uploads\/2018\/01\/Katedralja-Korce.jpg?fit=776%2C565&amp;ssl=1\" class=\"alignnone wp-image-509\" alt=\"\" src=\"https:\/\/i0.wp.com\/www.shqiperia.com\/blog\/wp-content\/uploads\/2018\/01\/Katedralja-Korce-300x218.jpg?resize=411%2C299\" width=\"411\" height=\"299\" srcset=\"https:\/\/i0.wp.com\/www.shqiperia.com\/blog\/wp-content\/uploads\/2018\/01\/Katedralja-Korce.jpg?resize=300%2C218&amp;ssl=1 300w, https:\/\/i0.wp.com\/www.shqiperia.com\/blog\/wp-content\/uploads\/2018\/01\/Katedralja-Korce.jpg?resize=768%2C559&amp;ssl=1 768w, https:\/\/i0.wp.com\/www.shqiperia.com\/blog\/wp-content\/uploads\/2018\/01\/Katedralja-Korce.jpg?w=776&amp;ssl=1 776w\" sizes=\"auto, (max-width: 411px) 100vw, 411px\" \/><\/p>\n<p>Katedralja \u2018Ringjallja e Krishtit\u2019 n\u00eb Kor\u00e7\u00eb \u00ebsht\u00eb p\u00ebrfshir\u00eb nga flak\u00ebt pak pas mesh\u00ebs s\u00eb mbajtur brenda saj me rastin e dit\u00ebs s\u00eb ujit t\u00eb bekuar, mesh\u00eb n\u00eb t\u00eb cil\u00ebn ishte i pranish\u00ebm edhe presidenti i vendit, Ilir Meta.<\/p>\n<p>M\u00ebsohet se u p\u00ebrfshi nga flak\u00ebt pjesa e brendshme e katedrales n\u00eb vendin ku ndizen qirinjt\u00eb.<\/p>\n<p>Zjarrfik\u00ebsja mb\u00ebrriti menj\u00ebher\u00eb n\u00eb vendin e ngjarjes dhe b\u00ebri t\u00eb mundur v\u00ebnien n\u00ebn kontroll t\u00eb flak\u00ebve.<\/p>\n<p>Fatmiresisht nga zjarri nuk pati deme te medha materiale, ne ikona apo objekte te shenjta.<\/p>\n<p>6 janar 2017 (gazeta-Shqip.com).<\/p>\n","protected":false},"excerpt":{"rendered":"<p>Katedralja \u2018Ringjallja e Krishtit\u2019 n\u00eb Kor\u00e7\u00eb \u00ebsht\u00eb p\u00ebrfshir\u00eb nga flak\u00ebt pak pas mesh\u00ebs s\u00eb mbajtur brenda saj me rastin e dit\u00ebs s\u00eb ujit t\u00eb bekuar, mesh\u00eb n\u00eb t\u00eb cil\u00ebn ishte i pranish\u00ebm edhe presidenti i vendit, Ilir Meta. M\u00ebsohet se u p\u00ebrfshi nga flak\u00ebt pjesa e brendshme e katedrales n\u00eb vendin ku ndizen qirinjt\u00eb. Zjarrfik\u00ebsja [&hellip;]<\/p>\n","protected":false},"author":9,"featured_media":507,"comment_status":"open","ping_status":"open","sticky":false,"template":"","format":"standard","meta":{"jetpack_post_was_ever_published":false,"_jetpack_newsletter_access":"","_jetpack_dont_email_post_to_subs":false,"_jetpack_newsletter_tier_id":0,"_jetpack_memberships_contains_paywalled_content":false,"_jetpack_memberships_contains_paid_content":false,"footnotes":"","jetpack_publicize_message":"","jetpack_publicize_feature_enabled":true,"jetpack_social_post_already_shared":true,"jetpack_social_options":{"image_generator_settings":{"template":"highway","default_image_id":0,"font":"","enabled":false},"version":2}},"categories":[1],"tags":[],"class_list":["post-506","post","type-post","status-publish","format-standard","has-post-thumbnail","hentry","category-njoftime-shtypi"],"jetpack_publicize_connections":[],"jetpack_featured_media_url":"https:\/\/i0.wp.com\/www.shqiperia.com\/blog\/wp-content\/uploads\/2018\/01\/katedralja-640x462.png?fit=640%2C462&ssl=1","jetpack_sharing_enabled":true,"jetpack_shortlink":"https:\/\/wp.me\/p5Z6wp-8a","jetpack-related-posts":[{"id":60417,"url":"https:\/\/www.shqiperia.com\/blog\/u-shkrumbua-nga-flaket-ne-2019-ja-kur-hapet-per-publikun-katedralja-e-notre-dame\/","url_meta":{"origin":506,"position":0},"title":"U \u201cshkrumbua\u201d nga flak\u00ebt n\u00eb 2019. &#8211; Ja kur hapet p\u00ebr publikun Katedralja e Notre Dame","author":"Kurt Farka","date":"August 1, 2022","format":false,"excerpt":"Ja kur hapet p\u00ebr publikun Katedralja e Notre Dame 30 KORRIK 2022, 15:17 Katedralja Notre-Dame n\u00eb Paris \u00ebsht\u00eb nj\u00eb nd\u00ebr monumentet kulturore m\u00eb t\u00eb bukura n\u00eb bot\u00eb, por pas zjarrit q\u00eb ra n\u00eb vitin 2019 gjasat p\u00ebr ta rikthyer n\u00eb gjendjen e m\u00ebparshme u shuan dit\u00eb pas dite. Megjithat\u00eb duket\u2026","rel":"","context":"In &quot;Njoftime Shtypi&quot;","block_context":{"text":"Njoftime Shtypi","link":"https:\/\/www.shqiperia.com\/blog\/category\/njoftime-shtypi\/"},"img":{"alt_text":"","src":"https:\/\/i0.wp.com\/www.shqiperia.com\/blog\/wp-content\/uploads\/2022\/08\/Ja-kur-hapet-per-publikun-Katedralja-e-Notre-Dame.jpeg?fit=640%2C360&ssl=1&resize=350%2C200","width":350,"height":200,"srcset":"https:\/\/i0.wp.com\/www.shqiperia.com\/blog\/wp-content\/uploads\/2022\/08\/Ja-kur-hapet-per-publikun-Katedralja-e-Notre-Dame.jpeg?fit=640%2C360&ssl=1&resize=350%2C200 1x, https:\/\/i0.wp.com\/www.shqiperia.com\/blog\/wp-content\/uploads\/2022\/08\/Ja-kur-hapet-per-publikun-Katedralja-e-Notre-Dame.jpeg?fit=640%2C360&ssl=1&resize=525%2C300 1.5x"},"classes":[]},{"id":82671,"url":"https:\/\/www.shqiperia.com\/blog\/digjet-katedralja-e-njohur-1000-vjecare-ne-france-zjarrfikesit-vihen-ne-alarm\/","url_meta":{"origin":506,"position":1},"title":"Digjet katedralja e njohur 1000-vje\u00e7are n\u00eb Franc\u00eb, zjarrfik\u00ebsit vihen n\u00eb alarm","author":"Kurt Farka","date":"July 11, 2024","format":false,"excerpt":"11 Korrik 2024 Katedralja e qytetit t\u00eb Rouen n\u00eb Franc\u00eb \u00ebsht\u00eb p\u00ebrfshir\u00eb dit\u00ebn e sotme nga flak\u00ebt. Shkaku i zjarrit nuk dihet ende por autoritetet ndodhen n\u00eb vendngjarje p\u00ebr mobilizimin e situat\u00ebs. Imazhet dhe videot n\u00eb mediat sociale treguan flak\u00ebt e tymin nga ajo q\u00eb duket si nj\u00eb tend\u00eb skele\u2026","rel":"","context":"In &quot;Blogu i Udh\u00ebtarit&quot;","block_context":{"text":"Blogu i Udh\u00ebtarit","link":"https:\/\/www.shqiperia.com\/blog\/category\/blogu-i-udhetarit\/"},"img":{"alt_text":"","src":"https:\/\/i0.wp.com\/www.shqiperia.com\/blog\/wp-content\/uploads\/2024\/07\/erdsafawefwa.jpg?fit=635%2C356&ssl=1&resize=350%2C200","width":350,"height":200,"srcset":"https:\/\/i0.wp.com\/www.shqiperia.com\/blog\/wp-content\/uploads\/2024\/07\/erdsafawefwa.jpg?fit=635%2C356&ssl=1&resize=350%2C200 1x, https:\/\/i0.wp.com\/www.shqiperia.com\/blog\/wp-content\/uploads\/2024\/07\/erdsafawefwa.jpg?fit=635%2C356&ssl=1&resize=525%2C300 1.5x"},"classes":[]},{"id":90338,"url":"https:\/\/www.shqiperia.com\/blog\/zjarr-ne-malin-e-moraves-korce-flaket-favorizohen-nga-era-e-forte\/","url_meta":{"origin":506,"position":2},"title":"Zjarr n\u00eb malin e Morav\u00ebs, Korce, flak\u00ebt favorizohen nga era e fort\u00eb","author":"Kurt Farka","date":"March 13, 2025","format":false,"excerpt":"13 Mars 2025 Nj\u00eb vat\u00ebr zjarri ka shp\u00ebrthyer n\u00eb Malin e Morav\u00ebs, n\u00eb bashkin\u00eb e Devollit, duke p\u00ebrfshir\u00eb nj\u00eb sip\u00ebrfaqe me shkurre, barishte, bim\u00ebsi t\u00eb shkurt\u00ebr dhe lajthi. Pavar\u00ebsisht nd\u00ebrhyrjes s\u00eb forcave zjarrfik\u00ebse dhe vullnetar\u00ebve, situata mbetet e v\u00ebshtir\u00eb p\u00ebr shkak t\u00eb er\u00ebs s\u00eb fort\u00eb q\u00eb p\u00ebrhap flak\u00ebt. N\u00eb terren\u2026","rel":"","context":"In &quot;Blogu i Udh\u00ebtarit&quot;","block_context":{"text":"Blogu i Udh\u00ebtarit","link":"https:\/\/www.shqiperia.com\/blog\/category\/blogu-i-udhetarit\/"},"img":{"alt_text":"","src":"https:\/\/i0.wp.com\/www.shqiperia.com\/blog\/wp-content\/uploads\/2025\/03\/zjarr-morave.jpg?fit=790%2C435&ssl=1&resize=350%2C200","width":350,"height":200,"srcset":"https:\/\/i0.wp.com\/www.shqiperia.com\/blog\/wp-content\/uploads\/2025\/03\/zjarr-morave.jpg?fit=790%2C435&ssl=1&resize=350%2C200 1x, https:\/\/i0.wp.com\/www.shqiperia.com\/blog\/wp-content\/uploads\/2025\/03\/zjarr-morave.jpg?fit=790%2C435&ssl=1&resize=525%2C300 1.5x, https:\/\/i0.wp.com\/www.shqiperia.com\/blog\/wp-content\/uploads\/2025\/03\/zjarr-morave.jpg?fit=790%2C435&ssl=1&resize=700%2C400 2x"},"classes":[]},{"id":73014,"url":"https:\/\/www.shqiperia.com\/blog\/flaket-perfshijne-statujen-gjikande-te-budes-ne-kine\/","url_meta":{"origin":506,"position":3},"title":"Flak\u00ebt p\u00ebrfshijn\u00eb statuj\u00ebn  gjikande t\u00eb Bud\u00ebs n\u00eb Kin\u00eb","author":"Kurt Farka","date":"July 27, 2023","format":false,"excerpt":"27 Korrik 2023 Nj\u00eb statuj\u00eb gjigante e Bud\u00ebs \u00ebsht\u00eb d\u00ebmtuar nga nj\u00eb zjarr n\u00eb provinc\u00ebn veriper\u00ebndimore Gansu t\u00eb Kin\u00ebs. Videot e shp\u00ebrndara n\u00eb mediat sociale treguan statuj\u00ebn n\u00eb Tempullin e Madh t\u00eb Bud\u00ebs t\u00eb Qarkut Shandan t\u00eb rrethuar nga flak\u00ebt n\u00eb or\u00ebt e para t\u00eb m\u00ebngjesit t\u00eb s\u00eb h\u00ebn\u00ebs, raporton\u2026","rel":"","context":"In &quot;Histori&quot;","block_context":{"text":"Histori","link":"https:\/\/www.shqiperia.com\/blog\/category\/histori\/"},"img":{"alt_text":"","src":"https:\/\/i0.wp.com\/www.shqiperia.com\/blog\/wp-content\/uploads\/2023\/07\/640-0-a7acd3a912ff6f7bfdff3a433a8fec2b.jpg?fit=640%2C360&ssl=1&resize=350%2C200","width":350,"height":200,"srcset":"https:\/\/i0.wp.com\/www.shqiperia.com\/blog\/wp-content\/uploads\/2023\/07\/640-0-a7acd3a912ff6f7bfdff3a433a8fec2b.jpg?fit=640%2C360&ssl=1&resize=350%2C200 1x, https:\/\/i0.wp.com\/www.shqiperia.com\/blog\/wp-content\/uploads\/2023\/07\/640-0-a7acd3a912ff6f7bfdff3a433a8fec2b.jpg?fit=640%2C360&ssl=1&resize=525%2C300 1.5x"},"classes":[]},{"id":77018,"url":"https:\/\/www.shqiperia.com\/blog\/katedralja-me-e-vjeter-ne-bote-katedralja-e-etcmiazdin-ne-armeni\/","url_meta":{"origin":506,"position":4},"title":"Katedralja m\u00eb e vjet\u00ebr n\u00eb bot\u00eb, Katedralja e Et\u00e7miazdin n\u00eb Armeni","author":"Kurt Farka","date":"January 5, 2024","format":false,"excerpt":"5 Janar 2024 Katedralja e Et\u00e7miazdin, e cila njihet dhe si kisha m\u00ebm\u00eb e Armenis\u00eb, q\u00eb ndodhet n\u00eb qytetin e Vagharshapat, sipas shum\u00eb studiuesve, ajo \u00ebsht\u00eb kisha e par\u00eb e nd\u00ebrtuar n\u00eb Armeni si dhe mendohet se \u00ebsht\u00eb dhe katedralja e par\u00eb n\u00eb bot\u00eb. Nd\u00ebrsa, autori Xhejmi Stoks, te libri:\u2026","rel":"","context":"In &quot;Arte&quot;","block_context":{"text":"Arte","link":"https:\/\/www.shqiperia.com\/blog\/category\/arte\/"},"img":{"alt_text":"","src":"https:\/\/i0.wp.com\/www.shqiperia.com\/blog\/wp-content\/uploads\/2024\/01\/640-0-1695985030xkatedralajjpg-100-Kopjo-1.jpg?fit=640%2C410&ssl=1&resize=350%2C200","width":350,"height":200,"srcset":"https:\/\/i0.wp.com\/www.shqiperia.com\/blog\/wp-content\/uploads\/2024\/01\/640-0-1695985030xkatedralajjpg-100-Kopjo-1.jpg?fit=640%2C410&ssl=1&resize=350%2C200 1x, https:\/\/i0.wp.com\/www.shqiperia.com\/blog\/wp-content\/uploads\/2024\/01\/640-0-1695985030xkatedralajjpg-100-Kopjo-1.jpg?fit=640%2C410&ssl=1&resize=525%2C300 1.5x"},"classes":[]},{"id":83440,"url":"https:\/\/www.shqiperia.com\/blog\/vatra-e-zjarrit-ne-malin-e-thate-flaket-rrezikojne-parkun-kombetar-te-prespes\/","url_meta":{"origin":506,"position":5},"title":"Vatra e zjarrit n\u00eb \u201cMalin e That\u00eb\u201d, flak\u00ebt rrezikojn\u00eb Parkun Komb\u00ebtar t\u00eb Presp\u00ebs","author":"Kurt Farka","date":"August 11, 2024","format":false,"excerpt":"11 Gusht 2024 Vatra e zjarrit n\u00eb \u201cMalin e That\u00eb\u201d vijon ende aktive p\u00ebr gati 5 dit\u00eb rresht, ku flak\u00ebt rrezikojn\u00eb Parkun Komb\u00ebtar t\u00eb Presp\u00ebs. Drejtori i p\u00ebrgjithsh\u00ebm i DPMZSH, Arben Cara dhe prefekti i qarkut t\u00eb Kor\u00e7\u00ebs Nertil Jole kan\u00eb qen\u00eb s\u00eb bashku n\u00eb terren p\u00ebr t\u00eb par\u00eb nga\u2026","rel":"","context":"In &quot;Blogu i Udh\u00ebtarit&quot;","block_context":{"text":"Blogu i Udh\u00ebtarit","link":"https:\/\/www.shqiperia.com\/blog\/category\/blogu-i-udhetarit\/"},"img":{"alt_text":"","src":"https:\/\/i0.wp.com\/www.shqiperia.com\/blog\/wp-content\/uploads\/2024\/08\/640-0-1723362489xzjarr-4-770x361-705.jpg?fit=593%2C300&ssl=1&resize=350%2C200","width":350,"height":200,"srcset":"https:\/\/i0.wp.com\/www.shqiperia.com\/blog\/wp-content\/uploads\/2024\/08\/640-0-1723362489xzjarr-4-770x361-705.jpg?fit=593%2C300&ssl=1&resize=350%2C200 1x, https:\/\/i0.wp.com\/www.shqiperia.com\/blog\/wp-content\/uploads\/2024\/08\/640-0-1723362489xzjarr-4-770x361-705.jpg?fit=593%2C300&ssl=1&resize=525%2C300 1.5x"},"classes":[]}],"_links":{"self":[{"href":"https:\/\/www.shqiperia.com\/blog\/wp-json\/wp\/v2\/posts\/506","targetHints":{"allow":["GET"]}}],"collection":[{"href":"https:\/\/www.shqiperia.com\/blog\/wp-json\/wp\/v2\/posts"}],"about":[{"href":"https:\/\/www.shqiperia.com\/blog\/wp-json\/wp\/v2\/types\/post"}],"author":[{"embeddable":true,"href":"https:\/\/www.shqiperia.com\/blog\/wp-json\/wp\/v2\/users\/9"}],"replies":[{"embeddable":true,"href":"https:\/\/www.shqiperia.com\/blog\/wp-json\/wp\/v2\/comments?post=506"}],"version-history":[{"count":1,"href":"https:\/\/www.shqiperia.com\/blog\/wp-json\/wp\/v2\/posts\/506\/revisions"}],"predecessor-version":[{"id":510,"href":"https:\/\/www.shqiperia.com\/blog\/wp-json\/wp\/v2\/posts\/506\/revisions\/510"}],"wp:featuredmedia":[{"embeddable":true,"href":"https:\/\/www.shqiperia.com\/blog\/wp-json\/wp\/v2\/media\/507"}],"wp:attachment":[{"href":"https:\/\/www.shqiperia.com\/blog\/wp-json\/wp\/v2\/media?parent=506"}],"wp:term":[{"taxonomy":"category","embeddable":true,"href":"https:\/\/www.shqiperia.com\/blog\/wp-json\/wp\/v2\/categories?post=506"},{"taxonomy":"post_tag","embeddable":true,"href":"https:\/\/www.shqiperia.com\/blog\/wp-json\/wp\/v2\/tags?post=506"}],"curies":[{"name":"wp","href":"https:\/\/api.w.org\/{rel}","templated":true}]}}