{"id":50424,"date":"2021-10-11T09:06:18","date_gmt":"2021-10-11T09:06:18","guid":{"rendered":"https:\/\/www.shqiperia.com\/blog\/?p=50424"},"modified":"2021-10-11T09:06:18","modified_gmt":"2021-10-11T09:06:18","slug":"troket-dimri-po-vijne-rrymat-e-ftohta-nga-veriu-i-europes-priten-temperatura-te-uleta-dhe-rrebeshe-shiu-te-enjten-parashikohet-te-bjere-bore","status":"publish","type":"post","link":"https:\/\/www.shqiperia.com\/blog\/troket-dimri-po-vijne-rrymat-e-ftohta-nga-veriu-i-europes-priten-temperatura-te-uleta-dhe-rrebeshe-shiu-te-enjten-parashikohet-te-bjere-bore\/","title":{"rendered":"TROKET DIMRI: \u00a0&#8211; Po vijn\u00eb rrymat e ftohta nga veriu i Europ\u00ebs, priten temperatura t\u00eb ul\u00ebta dhe rrebeshe shiu, t\u00eb enjten parashikohet t\u00eb bjer\u00eb bor\u00eb."},"content":{"rendered":"<p><img data-recalc-dims=\"1\" loading=\"lazy\" decoding=\"async\" data-attachment-id=\"50425\" data-permalink=\"https:\/\/www.shqiperia.com\/blog\/troket-dimri-po-vijne-rrymat-e-ftohta-nga-veriu-i-europes-priten-temperatura-te-uleta-dhe-rrebeshe-shiu-te-enjten-parashikohet-te-bjere-bore\/1_storm-aileen-brings-high-wind-and-heavy-rain-to-the-uk-e1633680858414-905x450\/\" data-orig-file=\"https:\/\/i0.wp.com\/www.shqiperia.com\/blog\/wp-content\/uploads\/2021\/10\/1_Storm-Aileen-brings-high-wind-and-heavy-rain-to-the-UK-e1633680858414-905x450-1.jpg?fit=905%2C450&amp;ssl=1\" data-orig-size=\"905,450\" data-comments-opened=\"1\" data-image-meta=\"{&quot;aperture&quot;:&quot;0&quot;,&quot;credit&quot;:&quot;&quot;,&quot;camera&quot;:&quot;&quot;,&quot;caption&quot;:&quot;&quot;,&quot;created_timestamp&quot;:&quot;0&quot;,&quot;copyright&quot;:&quot;&quot;,&quot;focal_length&quot;:&quot;0&quot;,&quot;iso&quot;:&quot;0&quot;,&quot;shutter_speed&quot;:&quot;0&quot;,&quot;title&quot;:&quot;&quot;,&quot;orientation&quot;:&quot;0&quot;}\" data-image-title=\"1_Storm-Aileen-brings-high-wind-and-heavy-rain-to-the-UK-e1633680858414-905&#215;450\" data-image-description=\"\" data-image-caption=\"\" data-medium-file=\"https:\/\/i0.wp.com\/www.shqiperia.com\/blog\/wp-content\/uploads\/2021\/10\/1_Storm-Aileen-brings-high-wind-and-heavy-rain-to-the-UK-e1633680858414-905x450-1.jpg?fit=300%2C149&amp;ssl=1\" data-large-file=\"https:\/\/i0.wp.com\/www.shqiperia.com\/blog\/wp-content\/uploads\/2021\/10\/1_Storm-Aileen-brings-high-wind-and-heavy-rain-to-the-UK-e1633680858414-905x450-1.jpg?fit=905%2C450&amp;ssl=1\" class=\"alignnone  wp-image-50425\" alt=\"\" src=\"https:\/\/i0.wp.com\/www.shqiperia.com\/blog\/wp-content\/uploads\/2021\/10\/1_Storm-Aileen-brings-high-wind-and-heavy-rain-to-the-UK-e1633680858414-905x450-1.jpg?resize=656%2C326&#038;ssl=1\" width=\"656\" height=\"326\" srcset=\"https:\/\/i0.wp.com\/www.shqiperia.com\/blog\/wp-content\/uploads\/2021\/10\/1_Storm-Aileen-brings-high-wind-and-heavy-rain-to-the-UK-e1633680858414-905x450-1.jpg?resize=300%2C149&amp;ssl=1 300w, https:\/\/i0.wp.com\/www.shqiperia.com\/blog\/wp-content\/uploads\/2021\/10\/1_Storm-Aileen-brings-high-wind-and-heavy-rain-to-the-UK-e1633680858414-905x450-1.jpg?resize=768%2C382&amp;ssl=1 768w, https:\/\/i0.wp.com\/www.shqiperia.com\/blog\/wp-content\/uploads\/2021\/10\/1_Storm-Aileen-brings-high-wind-and-heavy-rain-to-the-UK-e1633680858414-905x450-1.jpg?resize=450%2C224&amp;ssl=1 450w, https:\/\/i0.wp.com\/www.shqiperia.com\/blog\/wp-content\/uploads\/2021\/10\/1_Storm-Aileen-brings-high-wind-and-heavy-rain-to-the-UK-e1633680858414-905x450-1.jpg?resize=600%2C298&amp;ssl=1 600w, https:\/\/i0.wp.com\/www.shqiperia.com\/blog\/wp-content\/uploads\/2021\/10\/1_Storm-Aileen-brings-high-wind-and-heavy-rain-to-the-UK-e1633680858414-905x450-1.jpg?resize=400%2C199&amp;ssl=1 400w, https:\/\/i0.wp.com\/www.shqiperia.com\/blog\/wp-content\/uploads\/2021\/10\/1_Storm-Aileen-brings-high-wind-and-heavy-rain-to-the-UK-e1633680858414-905x450-1.jpg?w=905&amp;ssl=1 905w\" sizes=\"auto, (max-width: 656px) 100vw, 656px\" \/><\/p>\n<p>TROKET DIMRI: \u00a0&#8211; Po vijn\u00eb rrymat e ftohta nga veriu i Europ\u00ebs, priten temperatura t\u00eb ul\u00ebta dhe rrebeshe shiu, t\u00eb enjten parashikohet t\u00eb bjer\u00eb bor\u00eb.<\/p>\n<p>10 tetor 2021<\/p>\n<p>Java e ardhshme do sjell\u00eb t\u00eb ftohtin e par\u00eb \u201cserioz\u201d p\u00ebr k\u00ebt\u00eb vit n\u00eb Shqip\u00ebri. Sh\u00ebrbimi Meteorologjik Ushtarak ka b\u00ebr\u00eb me dije se n\u00eb t\u00eb gjith\u00eb vendin do t\u00eb ket\u00eb rebeshe shiu t\u00eb her\u00ebpashershme. E h\u00ebna dhe e enjtja do t\u00eb shoq\u00ebrohen me furtun\u00eb.<\/p>\n<p>Sipas SHMU, n\u00eb Mesdhe shihet tendenca e ardhjes s\u00eb rrymave m\u00eb t\u00eb ftohta nga veriu i Europ\u00ebs.<\/p>\n<p>T\u00eb enjten parashikohen reshje d\u00ebbore n\u00eb veri e verilindje t\u00eb vendit q\u00eb p\u00ebrkojn\u00eb m\u00eb d\u00ebbor\u00ebn e par\u00eb t\u00eb k\u00ebtij sezoni. D\u00ebbora do t\u00eb prek\u00eb vendet me lart\u00ebsi deri n\u00eb 900 metra.<\/p>\n<p><img data-recalc-dims=\"1\" loading=\"lazy\" decoding=\"async\" data-attachment-id=\"50426\" data-permalink=\"https:\/\/www.shqiperia.com\/blog\/troket-dimri-po-vijne-rrymat-e-ftohta-nga-veriu-i-europes-priten-temperatura-te-uleta-dhe-rrebeshe-shiu-te-enjten-parashikohet-te-bjere-bore\/auto_245140035_1265264823912854_1567037720151122240_n1633862687-768x571\/\" data-orig-file=\"https:\/\/i0.wp.com\/www.shqiperia.com\/blog\/wp-content\/uploads\/2021\/10\/auto_245140035_1265264823912854_1567037720151122240_n1633862687-768x571-1.jpg?fit=768%2C571&amp;ssl=1\" data-orig-size=\"768,571\" data-comments-opened=\"1\" data-image-meta=\"{&quot;aperture&quot;:&quot;0&quot;,&quot;credit&quot;:&quot;&quot;,&quot;camera&quot;:&quot;&quot;,&quot;caption&quot;:&quot;&quot;,&quot;created_timestamp&quot;:&quot;0&quot;,&quot;copyright&quot;:&quot;&quot;,&quot;focal_length&quot;:&quot;0&quot;,&quot;iso&quot;:&quot;0&quot;,&quot;shutter_speed&quot;:&quot;0&quot;,&quot;title&quot;:&quot;&quot;,&quot;orientation&quot;:&quot;0&quot;}\" data-image-title=\"auto_245140035_1265264823912854_1567037720151122240_n1633862687-768&#215;571\" data-image-description=\"\" data-image-caption=\"\" data-medium-file=\"https:\/\/i0.wp.com\/www.shqiperia.com\/blog\/wp-content\/uploads\/2021\/10\/auto_245140035_1265264823912854_1567037720151122240_n1633862687-768x571-1.jpg?fit=300%2C223&amp;ssl=1\" data-large-file=\"https:\/\/i0.wp.com\/www.shqiperia.com\/blog\/wp-content\/uploads\/2021\/10\/auto_245140035_1265264823912854_1567037720151122240_n1633862687-768x571-1.jpg?fit=768%2C571&amp;ssl=1\" class=\"alignnone  wp-image-50426\" alt=\"\" src=\"https:\/\/i0.wp.com\/www.shqiperia.com\/blog\/wp-content\/uploads\/2021\/10\/auto_245140035_1265264823912854_1567037720151122240_n1633862687-768x571-1.jpg?resize=619%2C460&#038;ssl=1\" width=\"619\" height=\"460\" srcset=\"https:\/\/i0.wp.com\/www.shqiperia.com\/blog\/wp-content\/uploads\/2021\/10\/auto_245140035_1265264823912854_1567037720151122240_n1633862687-768x571-1.jpg?resize=300%2C223&amp;ssl=1 300w, https:\/\/i0.wp.com\/www.shqiperia.com\/blog\/wp-content\/uploads\/2021\/10\/auto_245140035_1265264823912854_1567037720151122240_n1633862687-768x571-1.jpg?resize=450%2C335&amp;ssl=1 450w, https:\/\/i0.wp.com\/www.shqiperia.com\/blog\/wp-content\/uploads\/2021\/10\/auto_245140035_1265264823912854_1567037720151122240_n1633862687-768x571-1.jpg?resize=600%2C446&amp;ssl=1 600w, https:\/\/i0.wp.com\/www.shqiperia.com\/blog\/wp-content\/uploads\/2021\/10\/auto_245140035_1265264823912854_1567037720151122240_n1633862687-768x571-1.jpg?resize=400%2C297&amp;ssl=1 400w, https:\/\/i0.wp.com\/www.shqiperia.com\/blog\/wp-content\/uploads\/2021\/10\/auto_245140035_1265264823912854_1567037720151122240_n1633862687-768x571-1.jpg?w=768&amp;ssl=1 768w\" sizes=\"auto, (max-width: 619px) 100vw, 619px\" \/><\/p>\n<p>Era e fort\u00eb \u00ebsht\u00eb gjithashtu nj\u00eb tipar i motit q\u00eb do t\u00eb pushtojn\u00eb vendin ton\u00eb k\u00ebt\u00eb jav\u00eb. N\u00eb brigjet detare, ajo do t\u00eb jet\u00eb e fort\u00eb kryesisht dit\u00ebn e enjte duke sjell\u00eb dhe shtim t\u00eb dallg\u00ebzimit deri 5 n\u00eb ball\u00eb.<\/p>\n<p>Temperaturat pritet t\u00eb jen\u00eb mjaft t\u00eb ul\u00ebta dhe do t\u00eb zbresin deri n\u00eb dy grad\u00eb.<\/p>\n<p>Nj\u00eb meteorolog gjerman n\u00eb \u201cFocus.de\u201d, parashikon madje q\u00eb reshjet e shiut t\u00eb kapin shifra rekord.<\/p>\n<p>\u201cP\u00ebrmbytjet k\u00ebrc\u00ebnojn\u00eb Mesdheun me shi ekstrem n\u00eb Greqi dhe Shqip\u00ebri n\u00eb jav\u00ebn e ardhshme\u201d, tha ai.<\/p>\n<p>Reshjet kryesore parashikohen n\u00eb Greqin\u00eb veriore dhe Shqip\u00ebrin\u00eb jugore n\u00eb zon\u00ebn e bregdetit.<\/p>\n<p>\u201cAjri i ftoht\u00eb mbi detin shum\u00eb t\u00eb ngroht\u00eb do t\u00eb thot\u00eb menj\u00ebher\u00eb stuhi t\u00eb forta. Kjo \u00ebsht\u00eb arsyeja pse b\u00ebhet fjal\u00eb p\u00ebr k\u00ebt\u00eb shi ekstrem. Dhe sa m\u00eb i ngroht\u00eb deti, aq m\u00eb shum\u00eb shi ka. Mesdheu per\u00ebndimor \u00ebsht\u00eb ende shum\u00eb i ngroht\u00eb, 24 deri n\u00eb 27 grad\u00eb. E gjith\u00eb kjo shkakton k\u00ebt\u00eb katastrof\u00eb.<\/p>\n<p>Por jo vet\u00ebm Shqip\u00ebria dhe Greqia preken nga shiu. Bregdeti italian i Adriatikut, Kroacia, Bullgaria, Maqedonia e Veriut, Kosova, Serbia, Mali i Zi dhe pjes\u00eb t\u00eb Rumanis\u00eb gjithashtu do t\u00eb ken\u00eb shi t\u00eb fort\u00eb. N\u00eb Greqin\u00eb veriore dhe Shqip\u00ebrin\u00eb jugore ekziston nj\u00eb rrezik akut\u201d, deklaroi ai.<\/p>\n<p>Gazeta Dita<\/p>\n","protected":false},"excerpt":{"rendered":"<p>TROKET DIMRI: \u00a0&#8211; Po vijn\u00eb rrymat e ftohta nga veriu i Europ\u00ebs, priten temperatura t\u00eb ul\u00ebta dhe rrebeshe shiu, t\u00eb enjten parashikohet t\u00eb bjer\u00eb bor\u00eb. 10 tetor 2021 Java e ardhshme do sjell\u00eb t\u00eb ftohtin e par\u00eb \u201cserioz\u201d p\u00ebr k\u00ebt\u00eb vit n\u00eb Shqip\u00ebri. Sh\u00ebrbimi Meteorologjik Ushtarak ka b\u00ebr\u00eb me dije se n\u00eb t\u00eb gjith\u00eb vendin [&hellip;]<\/p>\n","protected":false},"author":9,"featured_media":50425,"comment_status":"open","ping_status":"open","sticky":false,"template":"","format":"standard","meta":{"jetpack_post_was_ever_published":false,"_jetpack_newsletter_access":"","_jetpack_dont_email_post_to_subs":false,"_jetpack_newsletter_tier_id":0,"_jetpack_memberships_contains_paywalled_content":false,"_jetpack_memberships_contains_paid_content":false,"footnotes":"","jetpack_publicize_message":"","jetpack_publicize_feature_enabled":true,"jetpack_social_post_already_shared":true,"jetpack_social_options":{"image_generator_settings":{"template":"highway","default_image_id":0,"font":"","enabled":false},"version":2}},"categories":[27,1,35],"tags":[],"class_list":["post-50424","post","type-post","status-publish","format-standard","has-post-thumbnail","hentry","category-blogu-i-udhetarit","category-njoftime-shtypi","category-shoqerore"],"jetpack_publicize_connections":[],"jetpack_featured_media_url":"https:\/\/i0.wp.com\/www.shqiperia.com\/blog\/wp-content\/uploads\/2021\/10\/1_Storm-Aileen-brings-high-wind-and-heavy-rain-to-the-UK-e1633680858414-905x450-1.jpg?fit=905%2C450&ssl=1","jetpack_sharing_enabled":true,"jetpack_shortlink":"https:\/\/wp.me\/p5Z6wp-d7i","jetpack-related-posts":[{"id":102976,"url":"https:\/\/www.shqiperia.com\/blog\/sinoptikania-freskimi-nis-te-merkuren-rrebeshe-ne-te-gjithe-territorin\/","url_meta":{"origin":50424,"position":0},"title":"Sinoptikania: &#8211; Freskimi nis t\u00eb m\u00ebrkur\u00ebn, rrebeshe n\u00eb t\u00eb gjith\u00eb territorin","author":"Kurt Farka","date":"July 20, 2026","format":false,"excerpt":"20 Korrik 2026 Shqip\u00ebria po p\u00ebrjeton dit\u00ebt e fundit t\u00eb val\u00ebs s\u00eb t\u00eb nxehtit afrikan, me temperatura q\u00eb kan\u00eb arritur deri n\u00eb 42 grad\u00eb Celsius n\u00eb disa zona. Por situata pritet t\u00eb ndryshoj\u00eb ndjesh\u00ebm gjat\u00eb k\u00ebsaj jave, pasi nj\u00eb mas\u00eb ajrore e fresk\u00ebt nga veriu i Evrop\u00ebs do t\u00eb sjell\u00eb\u2026","rel":"","context":"In &quot;Blogu i Udh\u00ebtarit&quot;","block_context":{"text":"Blogu i Udh\u00ebtarit","link":"https:\/\/www.shqiperia.com\/blog\/category\/blogu-i-udhetarit\/"},"img":{"alt_text":"","src":"https:\/\/i0.wp.com\/www.shqiperia.com\/blog\/wp-content\/uploads\/2026\/07\/shiu.jpg?fit=780%2C440&ssl=1&resize=350%2C200","width":350,"height":200,"srcset":"https:\/\/i0.wp.com\/www.shqiperia.com\/blog\/wp-content\/uploads\/2026\/07\/shiu.jpg?fit=780%2C440&ssl=1&resize=350%2C200 1x, https:\/\/i0.wp.com\/www.shqiperia.com\/blog\/wp-content\/uploads\/2026\/07\/shiu.jpg?fit=780%2C440&ssl=1&resize=525%2C300 1.5x, https:\/\/i0.wp.com\/www.shqiperia.com\/blog\/wp-content\/uploads\/2026\/07\/shiu.jpg?fit=780%2C440&ssl=1&resize=700%2C400 2x"},"classes":[]},{"id":56447,"url":"https:\/\/www.shqiperia.com\/blog\/rikthehen-masat-e-ftohta-ajrore-dhe-shiu-ne-viset-malore-reshje-bore-meteorologet-tregoje-si-do-jene-ditet-ne-vijim\/","url_meta":{"origin":50424,"position":1},"title":"Rikthehen masat e ftohta ajrore dhe shiu. &#8211; N\u00eb viset malore reshje bore. &#8211; Meteorolog\u00ebt tregoj\u00eb si do jen\u00eb dit\u00ebt n\u00eb vijim","author":"Kurt Farka","date":"April 7, 2022","format":false,"excerpt":"Rikthehen masat e ftohta ajrore dhe shiu. - N\u00eb viset malore reshje bore. - Meteorolog\u00ebt tregoj\u00eb si do jen\u00eb dit\u00ebt n\u00eb vijim 7 Prill 2022 N\u00eb Shqip\u00ebri dhe rajon nes\u00ebr pritet t\u00eb ket\u00eb shtim t\u00eb konsideruesh\u00ebm t\u00eb vran\u00ebsirave t\u00eb cilat do t\u00eb kusht\u00ebzojn\u00eb reshje shiu dhe rrebeshe lokale me vet\u00ebtima\u2026","rel":"","context":"In &quot;Blogu i Udh\u00ebtarit&quot;","block_context":{"text":"Blogu i Udh\u00ebtarit","link":"https:\/\/www.shqiperia.com\/blog\/category\/blogu-i-udhetarit\/"},"img":{"alt_text":"","src":"https:\/\/i0.wp.com\/www.shqiperia.com\/blog\/wp-content\/uploads\/2022\/04\/800-0-624e83eacb247.jpeg?fit=800%2C400&ssl=1&resize=350%2C200","width":350,"height":200,"srcset":"https:\/\/i0.wp.com\/www.shqiperia.com\/blog\/wp-content\/uploads\/2022\/04\/800-0-624e83eacb247.jpeg?fit=800%2C400&ssl=1&resize=350%2C200 1x, https:\/\/i0.wp.com\/www.shqiperia.com\/blog\/wp-content\/uploads\/2022\/04\/800-0-624e83eacb247.jpeg?fit=800%2C400&ssl=1&resize=525%2C300 1.5x, https:\/\/i0.wp.com\/www.shqiperia.com\/blog\/wp-content\/uploads\/2022\/04\/800-0-624e83eacb247.jpeg?fit=800%2C400&ssl=1&resize=700%2C400 2x"},"classes":[]},{"id":51787,"url":"https:\/\/www.shqiperia.com\/blog\/dimri-tregon-dhembet-priten-stuhi-te-fuqishme-dhe-temperatura-te-uleta-ja-cfare-parashikohet-ne-ndodhe-nga-e-hena-e-ne-vazhdim\/","url_meta":{"origin":50424,"position":2},"title":"Dimri \u201ctregon dh\u00ebmb\u00ebt\u201d. &#8211; \u00a0priten stuhi t\u00eb fuqishme dhe temperatura t\u00eb ul\u00ebta, ja \u00e7far\u00eb parashikohet n\u00eb ndodh\u00eb nga e h\u00ebna e n\u00eb vazhdim","author":"Kurt Farka","date":"November 28, 2021","format":false,"excerpt":"Dimri \u201ctregon dh\u00ebmb\u00ebt\u201d. - \u00a0priten stuhi t\u00eb fuqishme dhe temperatura t\u00eb ul\u00ebta, ja \u00e7far\u00eb parashikohet n\u00eb ndodh\u00eb nga e h\u00ebna e n\u00eb vazhdim 28 N\u00cbNTOR 2021 Masa e fuqishme e ftoht\u00eb ajrore me origjin\u00eb polare ka filluar t\u00eb p\u00ebrfshij\u00eb Evropen me reshje shiu e n\u00eb shum\u00eb vende edhe reshje bore.\u2026","rel":"","context":"In &quot;Blogu i Udh\u00ebtarit&quot;","block_context":{"text":"Blogu i Udh\u00ebtarit","link":"https:\/\/www.shqiperia.com\/blog\/category\/blogu-i-udhetarit\/"},"img":{"alt_text":"","src":"https:\/\/i0.wp.com\/www.shqiperia.com\/blog\/wp-content\/uploads\/2021\/11\/800-0-61a3350bc2034.jpg?fit=800%2C432&ssl=1&resize=350%2C200","width":350,"height":200,"srcset":"https:\/\/i0.wp.com\/www.shqiperia.com\/blog\/wp-content\/uploads\/2021\/11\/800-0-61a3350bc2034.jpg?fit=800%2C432&ssl=1&resize=350%2C200 1x, https:\/\/i0.wp.com\/www.shqiperia.com\/blog\/wp-content\/uploads\/2021\/11\/800-0-61a3350bc2034.jpg?fit=800%2C432&ssl=1&resize=525%2C300 1.5x, https:\/\/i0.wp.com\/www.shqiperia.com\/blog\/wp-content\/uploads\/2021\/11\/800-0-61a3350bc2034.jpg?fit=800%2C432&ssl=1&resize=700%2C400 2x"},"classes":[]},{"id":102085,"url":"https:\/\/www.shqiperia.com\/blog\/ne-oret-e-pasdites-priten-reshje-shiu-ja-parashikimi-i-motit-per-sot\/","url_meta":{"origin":50424,"position":3},"title":"N\u00eb or\u00ebt e pasdites priten reshje shiu, ja parashikimi i motit p\u00ebr sot","author":"Kurt Farka","date":"July 1, 2026","format":false,"excerpt":"1 Korrik 2026 Sipas Sh\u00ebrbimit Meteorologjik Ushtarak moti parashikohet me kthjellime dhe alternime vran\u00ebsirash mesatare e hera-her\u00ebs deri t\u00eb dendura p\u00ebrgjat\u00eb relieveve malore n\u00eb lindje e juglindje t\u00eb territorit, pas or\u00ebve t\u00eb pasdites pritet shp\u00ebrb\u00ebrje e vran\u00ebsirave. Pas or\u00ebve t\u00eb pasdites mot i kthjell\u00ebt n\u00eb pjes\u00ebn m\u00eb t\u00eb madhe t\u00eb\u2026","rel":"","context":"In &quot;Njoftime Shtypi&quot;","block_context":{"text":"Njoftime Shtypi","link":"https:\/\/www.shqiperia.com\/blog\/category\/njoftime-shtypi\/"},"img":{"alt_text":"","src":"https:\/\/i0.wp.com\/www.shqiperia.com\/blog\/wp-content\/uploads\/2026\/07\/mot-me-shi.jpg?fit=1200%2C707&ssl=1&resize=350%2C200","width":350,"height":200,"srcset":"https:\/\/i0.wp.com\/www.shqiperia.com\/blog\/wp-content\/uploads\/2026\/07\/mot-me-shi.jpg?fit=1200%2C707&ssl=1&resize=350%2C200 1x, https:\/\/i0.wp.com\/www.shqiperia.com\/blog\/wp-content\/uploads\/2026\/07\/mot-me-shi.jpg?fit=1200%2C707&ssl=1&resize=525%2C300 1.5x, https:\/\/i0.wp.com\/www.shqiperia.com\/blog\/wp-content\/uploads\/2026\/07\/mot-me-shi.jpg?fit=1200%2C707&ssl=1&resize=700%2C400 2x, https:\/\/i0.wp.com\/www.shqiperia.com\/blog\/wp-content\/uploads\/2026\/07\/mot-me-shi.jpg?fit=1200%2C707&ssl=1&resize=1050%2C600 3x"},"classes":[]},{"id":100759,"url":"https:\/\/www.shqiperia.com\/blog\/sinoptikania-paralajmeron-ja-cfare-e-pret-vendin-pas-dates-5-qershor\/","url_meta":{"origin":50424,"position":4},"title":"Sinoptikania paralajm\u00ebron: &#8211; Ja \u00e7far\u00eb e pret vendin pas dat\u00ebs 5 Qershor","author":"Kurt Farka","date":"May 30, 2026","format":false,"excerpt":"30 Maji 2026 Sinoptikania Lajda Porja, paralajm\u00ebroi se masat ajrore t\u00eb nxehta me origjin\u00eb afrikane do t\u00eb ndikojn\u00eb fuqish\u00ebm n\u00eb territorin shqiptar, duke sjell\u00eb temperatura q\u00eb n\u00eb jav\u00ebn e par\u00eb do t\u00eb arrijn\u00eb deri n\u00eb 34 grad\u00eb Celsius. Sipas saj, pas dat\u00ebs 5 qershor pritet nj\u00eb tjet\u00ebr rritje graduale e\u2026","rel":"","context":"In &quot;Blogu i Udh\u00ebtarit&quot;","block_context":{"text":"Blogu i Udh\u00ebtarit","link":"https:\/\/www.shqiperia.com\/blog\/category\/blogu-i-udhetarit\/"},"img":{"alt_text":"","src":"https:\/\/i0.wp.com\/www.shqiperia.com\/blog\/wp-content\/uploads\/2026\/05\/MOTTLAJJJJ-750x375-1.jpeg?fit=750%2C375&ssl=1&resize=350%2C200","width":350,"height":200,"srcset":"https:\/\/i0.wp.com\/www.shqiperia.com\/blog\/wp-content\/uploads\/2026\/05\/MOTTLAJJJJ-750x375-1.jpeg?fit=750%2C375&ssl=1&resize=350%2C200 1x, https:\/\/i0.wp.com\/www.shqiperia.com\/blog\/wp-content\/uploads\/2026\/05\/MOTTLAJJJJ-750x375-1.jpeg?fit=750%2C375&ssl=1&resize=525%2C300 1.5x, https:\/\/i0.wp.com\/www.shqiperia.com\/blog\/wp-content\/uploads\/2026\/05\/MOTTLAJJJJ-750x375-1.jpeg?fit=750%2C375&ssl=1&resize=700%2C400 2x"},"classes":[]},{"id":103257,"url":"https:\/\/www.shqiperia.com\/blog\/e-hena-me-reshje-intensive-shiu-ne-disa-qarqe-ulen-temperaturat\/","url_meta":{"origin":50424,"position":5},"title":"E h\u00ebna me reshje intensive shiu n\u00eb disa qarqe, ulen temperaturat","author":"Kurt Farka","date":"July 26, 2026","format":false,"excerpt":"26 Korrik 2026 Instituti i Gjeoshkencave ka ndar\u00eb sot nj\u00eb parashikim lidhur me kushtet e motit p\u00ebr fillimin e jav\u00ebs. Sipas t\u00eb dh\u00ebnave, e h\u00ebna do t\u00eb shoq\u00ebrohet me reshje shiu, q\u00eb do t\u00eb jen\u00eb m\u00eb intensive ve\u00e7an\u00ebrisht n\u00eb disa prej qarqeve t\u00eb vendit, nd\u00ebrsa n\u00eb zonat e tjera nuk\u2026","rel":"","context":"In &quot;Blogu i Udh\u00ebtarit&quot;","block_context":{"text":"Blogu i Udh\u00ebtarit","link":"https:\/\/www.shqiperia.com\/blog\/category\/blogu-i-udhetarit\/"},"img":{"alt_text":"","src":"https:\/\/i0.wp.com\/www.shqiperia.com\/blog\/wp-content\/uploads\/2026\/07\/640-0-shiu.png?fit=640%2C420&ssl=1&resize=350%2C200","width":350,"height":200,"srcset":"https:\/\/i0.wp.com\/www.shqiperia.com\/blog\/wp-content\/uploads\/2026\/07\/640-0-shiu.png?fit=640%2C420&ssl=1&resize=350%2C200 1x, https:\/\/i0.wp.com\/www.shqiperia.com\/blog\/wp-content\/uploads\/2026\/07\/640-0-shiu.png?fit=640%2C420&ssl=1&resize=525%2C300 1.5x"},"classes":[]}],"_links":{"self":[{"href":"https:\/\/www.shqiperia.com\/blog\/wp-json\/wp\/v2\/posts\/50424","targetHints":{"allow":["GET"]}}],"collection":[{"href":"https:\/\/www.shqiperia.com\/blog\/wp-json\/wp\/v2\/posts"}],"about":[{"href":"https:\/\/www.shqiperia.com\/blog\/wp-json\/wp\/v2\/types\/post"}],"author":[{"embeddable":true,"href":"https:\/\/www.shqiperia.com\/blog\/wp-json\/wp\/v2\/users\/9"}],"replies":[{"embeddable":true,"href":"https:\/\/www.shqiperia.com\/blog\/wp-json\/wp\/v2\/comments?post=50424"}],"version-history":[{"count":1,"href":"https:\/\/www.shqiperia.com\/blog\/wp-json\/wp\/v2\/posts\/50424\/revisions"}],"predecessor-version":[{"id":50427,"href":"https:\/\/www.shqiperia.com\/blog\/wp-json\/wp\/v2\/posts\/50424\/revisions\/50427"}],"wp:featuredmedia":[{"embeddable":true,"href":"https:\/\/www.shqiperia.com\/blog\/wp-json\/wp\/v2\/media\/50425"}],"wp:attachment":[{"href":"https:\/\/www.shqiperia.com\/blog\/wp-json\/wp\/v2\/media?parent=50424"}],"wp:term":[{"taxonomy":"category","embeddable":true,"href":"https:\/\/www.shqiperia.com\/blog\/wp-json\/wp\/v2\/categories?post=50424"},{"taxonomy":"post_tag","embeddable":true,"href":"https:\/\/www.shqiperia.com\/blog\/wp-json\/wp\/v2\/tags?post=50424"}],"curies":[{"name":"wp","href":"https:\/\/api.w.org\/{rel}","templated":true}]}}