{"id":50414,"date":"2021-10-10T20:14:58","date_gmt":"2021-10-10T20:14:58","guid":{"rendered":"https:\/\/www.shqiperia.com\/blog\/?p=50414"},"modified":"2021-10-10T20:14:58","modified_gmt":"2021-10-10T20:14:58","slug":"murrizi-publikon-tabelat-e-pagave-te-kesh-na-japin-leksion-njeri-me-3-pika-e-tjetri-me-7-pyka-per-krizen-energjitike-te-investigohet-te-te-gjitha-ndermarrjet","status":"publish","type":"post","link":"https:\/\/www.shqiperia.com\/blog\/murrizi-publikon-tabelat-e-pagave-te-kesh-na-japin-leksion-njeri-me-3-pika-e-tjetri-me-7-pyka-per-krizen-energjitike-te-investigohet-te-te-gjitha-ndermarrjet\/","title":{"rendered":"Murrizi publikon tabelat e pagave t\u00eb KESH: &#8211; Na japin leksion nj\u00ebri me 3 pika e tjetri me 7 pyka p\u00ebr kriz\u00ebn energjitike, t\u00eb investigohet te t\u00eb gjitha nd\u00ebrmarrjet"},"content":{"rendered":"<p><img data-recalc-dims=\"1\" loading=\"lazy\" decoding=\"async\" data-attachment-id=\"50416\" data-permalink=\"https:\/\/www.shqiperia.com\/blog\/murrizi-publikon-tabelat-e-pagave-te-kesh-na-japin-leksion-njeri-me-3-pika-e-tjetri-me-7-pyka-per-krizen-energjitike-te-investigohet-te-te-gjitha-ndermarrjet\/245180326_401464921356716_6025273998434021229_n-copy\/\" data-orig-file=\"https:\/\/i0.wp.com\/www.shqiperia.com\/blog\/wp-content\/uploads\/2021\/10\/245180326_401464921356716_6025273998434021229_n-Copy.jpg?fit=1078%2C540&amp;ssl=1\" data-orig-size=\"1078,540\" data-comments-opened=\"1\" data-image-meta=\"{&quot;aperture&quot;:&quot;0&quot;,&quot;credit&quot;:&quot;&quot;,&quot;camera&quot;:&quot;&quot;,&quot;caption&quot;:&quot;&quot;,&quot;created_timestamp&quot;:&quot;0&quot;,&quot;copyright&quot;:&quot;&quot;,&quot;focal_length&quot;:&quot;0&quot;,&quot;iso&quot;:&quot;0&quot;,&quot;shutter_speed&quot;:&quot;0&quot;,&quot;title&quot;:&quot;&quot;,&quot;orientation&quot;:&quot;0&quot;}\" data-image-title=\"245180326_401464921356716_6025273998434021229_n &#8211; Copy\" data-image-description=\"\" data-image-caption=\"\" data-medium-file=\"https:\/\/i0.wp.com\/www.shqiperia.com\/blog\/wp-content\/uploads\/2021\/10\/245180326_401464921356716_6025273998434021229_n-Copy.jpg?fit=300%2C150&amp;ssl=1\" data-large-file=\"https:\/\/i0.wp.com\/www.shqiperia.com\/blog\/wp-content\/uploads\/2021\/10\/245180326_401464921356716_6025273998434021229_n-Copy.jpg?fit=1024%2C513&amp;ssl=1\" class=\"alignnone  wp-image-50416\" alt=\"\" src=\"https:\/\/i0.wp.com\/www.shqiperia.com\/blog\/wp-content\/uploads\/2021\/10\/245180326_401464921356716_6025273998434021229_n-Copy.jpg?resize=648%2C324&#038;ssl=1\" width=\"648\" height=\"324\" srcset=\"https:\/\/i0.wp.com\/www.shqiperia.com\/blog\/wp-content\/uploads\/2021\/10\/245180326_401464921356716_6025273998434021229_n-Copy.jpg?resize=300%2C150&amp;ssl=1 300w, https:\/\/i0.wp.com\/www.shqiperia.com\/blog\/wp-content\/uploads\/2021\/10\/245180326_401464921356716_6025273998434021229_n-Copy.jpg?resize=1024%2C513&amp;ssl=1 1024w, https:\/\/i0.wp.com\/www.shqiperia.com\/blog\/wp-content\/uploads\/2021\/10\/245180326_401464921356716_6025273998434021229_n-Copy.jpg?resize=768%2C385&amp;ssl=1 768w, https:\/\/i0.wp.com\/www.shqiperia.com\/blog\/wp-content\/uploads\/2021\/10\/245180326_401464921356716_6025273998434021229_n-Copy.jpg?resize=450%2C225&amp;ssl=1 450w, https:\/\/i0.wp.com\/www.shqiperia.com\/blog\/wp-content\/uploads\/2021\/10\/245180326_401464921356716_6025273998434021229_n-Copy.jpg?resize=600%2C301&amp;ssl=1 600w, https:\/\/i0.wp.com\/www.shqiperia.com\/blog\/wp-content\/uploads\/2021\/10\/245180326_401464921356716_6025273998434021229_n-Copy.jpg?resize=400%2C200&amp;ssl=1 400w, https:\/\/i0.wp.com\/www.shqiperia.com\/blog\/wp-content\/uploads\/2021\/10\/245180326_401464921356716_6025273998434021229_n-Copy.jpg?w=1078&amp;ssl=1 1078w\" sizes=\"auto, (max-width: 648px) 100vw, 648px\" \/><\/p>\n<p>Murrizi publikon tabelat e pagave t\u00eb KESH: &#8211; Na japin leksion nj\u00ebri me 3 pika e tjetri me 7 pyka p\u00ebr kriz\u00ebn energjitike, t\u00eb investigohet te t\u00eb gjitha nd\u00ebrmarrjet<\/p>\n<p>10 TETOR 2021<\/p>\n<p>Ish-deputeti Myslim Murrizi p\u00ebrmes nj\u00eb postimi n\u00eb Facebook ka publikuar tabelat e pagave t\u00eb administratorit t\u00eb KESH Benet Beci duke th\u00ebn\u00eb se askush nuk po reagon p\u00ebr shkeljet q\u00eb jan\u00eb b\u00ebr\u00eb pasi sipas tij ai paguhet me shuma marramend\u00ebse n\u00eb nj\u00eb koh\u00eb q\u00eb flitet p\u00ebr kriz\u00eb energjitike.<\/p>\n<p>Murrizi shkruan se opozita po hesht p\u00ebr k\u00ebt\u00eb c\u00ebshtje dhe se vet\u00ebm gazetar\u00ebt profesionist\u00eb mudn t\u00eb investigojn\u00eb p\u00ebr t\u00eb par\u00eb pagat reale t\u00eb KESH.<\/p>\n<p><img data-recalc-dims=\"1\" loading=\"lazy\" decoding=\"async\" data-attachment-id=\"50417\" data-permalink=\"https:\/\/www.shqiperia.com\/blog\/murrizi-publikon-tabelat-e-pagave-te-kesh-na-japin-leksion-njeri-me-3-pika-e-tjetri-me-7-pyka-per-krizen-energjitike-te-investigohet-te-te-gjitha-ndermarrjet\/myslim-murrizi-5\/\" data-orig-file=\"https:\/\/i0.wp.com\/www.shqiperia.com\/blog\/wp-content\/uploads\/2021\/10\/Myslim-Murrizi.jpg?fit=1072%2C594&amp;ssl=1\" data-orig-size=\"1072,594\" data-comments-opened=\"1\" data-image-meta=\"{&quot;aperture&quot;:&quot;0&quot;,&quot;credit&quot;:&quot;&quot;,&quot;camera&quot;:&quot;&quot;,&quot;caption&quot;:&quot;&quot;,&quot;created_timestamp&quot;:&quot;0&quot;,&quot;copyright&quot;:&quot;&quot;,&quot;focal_length&quot;:&quot;0&quot;,&quot;iso&quot;:&quot;0&quot;,&quot;shutter_speed&quot;:&quot;0&quot;,&quot;title&quot;:&quot;&quot;,&quot;orientation&quot;:&quot;0&quot;}\" data-image-title=\"Myslim Murrizi\" data-image-description=\"\" data-image-caption=\"\" data-medium-file=\"https:\/\/i0.wp.com\/www.shqiperia.com\/blog\/wp-content\/uploads\/2021\/10\/Myslim-Murrizi.jpg?fit=300%2C166&amp;ssl=1\" data-large-file=\"https:\/\/i0.wp.com\/www.shqiperia.com\/blog\/wp-content\/uploads\/2021\/10\/Myslim-Murrizi.jpg?fit=1024%2C567&amp;ssl=1\" class=\"alignnone  wp-image-50417\" alt=\"\" src=\"https:\/\/i0.wp.com\/www.shqiperia.com\/blog\/wp-content\/uploads\/2021\/10\/Myslim-Murrizi.jpg?resize=622%2C344&#038;ssl=1\" width=\"622\" height=\"344\" srcset=\"https:\/\/i0.wp.com\/www.shqiperia.com\/blog\/wp-content\/uploads\/2021\/10\/Myslim-Murrizi.jpg?resize=300%2C166&amp;ssl=1 300w, https:\/\/i0.wp.com\/www.shqiperia.com\/blog\/wp-content\/uploads\/2021\/10\/Myslim-Murrizi.jpg?resize=1024%2C567&amp;ssl=1 1024w, https:\/\/i0.wp.com\/www.shqiperia.com\/blog\/wp-content\/uploads\/2021\/10\/Myslim-Murrizi.jpg?resize=768%2C426&amp;ssl=1 768w, https:\/\/i0.wp.com\/www.shqiperia.com\/blog\/wp-content\/uploads\/2021\/10\/Myslim-Murrizi.jpg?resize=450%2C249&amp;ssl=1 450w, https:\/\/i0.wp.com\/www.shqiperia.com\/blog\/wp-content\/uploads\/2021\/10\/Myslim-Murrizi.jpg?resize=600%2C332&amp;ssl=1 600w, https:\/\/i0.wp.com\/www.shqiperia.com\/blog\/wp-content\/uploads\/2021\/10\/Myslim-Murrizi.jpg?resize=400%2C222&amp;ssl=1 400w, https:\/\/i0.wp.com\/www.shqiperia.com\/blog\/wp-content\/uploads\/2021\/10\/Myslim-Murrizi.jpg?w=1072&amp;ssl=1 1072w\" sizes=\"auto, (max-width: 622px) 100vw, 622px\" \/><\/p>\n<p>Postimi i plot\u00eb:<\/p>\n<p>Keto jane pagat ne KES<\/p>\n<p>Administratori pra Benet Beci para se te behej deputet i ps merte rroge me shume se Presidenti Meta, me shume se Kryeministri Rama, me shume se Kryetari i Kuvendit Ru\u00e7i, me shume se \u00e7do minister, deputet zv minister etj.<\/p>\n<p>Meqenese ne Shqiperi ka plot gazetare te pavarur por jo media te lira, po i publikoj une tabelen e pagave sipas pergjigjes qe me ka kthyer KESHI<\/p>\n<p>Nuk belbezon asnje fjale opozita e Bashes dhe e ish nendrejtorit te KESHIT ne vitet 1997-2005 Alfred Rrushaj<\/p>\n<p>Ftoj gazetaret te investigojne tek nderrmarrjet e tjera qe jane shoqeri aksionere me taksat e Shqiptareve si Fondi Shqiptare i Zhvillimit, OST( operator i sistemit te transportimit te energjise) OSHE , Sigurimet Shoqerore, Sigurimet Shendetesore etj si dhe bordet e keshillat mbikeqyres te tyre, dhe do te shihni qe keta jane ne page, mbi te gjithe kupolen drejtuese te Shtetit Shqiptare<\/p>\n<p><img data-recalc-dims=\"1\" loading=\"lazy\" decoding=\"async\" data-attachment-id=\"50418\" data-permalink=\"https:\/\/www.shqiperia.com\/blog\/murrizi-publikon-tabelat-e-pagave-te-kesh-na-japin-leksion-njeri-me-3-pika-e-tjetri-me-7-pyka-per-krizen-energjitike-te-investigohet-te-te-gjitha-ndermarrjet\/245180326_401464921356716_6025273998434021229_n-copy-2\/\" data-orig-file=\"https:\/\/i0.wp.com\/www.shqiperia.com\/blog\/wp-content\/uploads\/2021\/10\/245180326_401464921356716_6025273998434021229_n-Copy-1.jpg?fit=1078%2C540&amp;ssl=1\" data-orig-size=\"1078,540\" data-comments-opened=\"1\" data-image-meta=\"{&quot;aperture&quot;:&quot;0&quot;,&quot;credit&quot;:&quot;&quot;,&quot;camera&quot;:&quot;&quot;,&quot;caption&quot;:&quot;&quot;,&quot;created_timestamp&quot;:&quot;0&quot;,&quot;copyright&quot;:&quot;&quot;,&quot;focal_length&quot;:&quot;0&quot;,&quot;iso&quot;:&quot;0&quot;,&quot;shutter_speed&quot;:&quot;0&quot;,&quot;title&quot;:&quot;&quot;,&quot;orientation&quot;:&quot;0&quot;}\" data-image-title=\"245180326_401464921356716_6025273998434021229_n &#8211; Copy\" data-image-description=\"\" data-image-caption=\"\" data-medium-file=\"https:\/\/i0.wp.com\/www.shqiperia.com\/blog\/wp-content\/uploads\/2021\/10\/245180326_401464921356716_6025273998434021229_n-Copy-1.jpg?fit=300%2C150&amp;ssl=1\" data-large-file=\"https:\/\/i0.wp.com\/www.shqiperia.com\/blog\/wp-content\/uploads\/2021\/10\/245180326_401464921356716_6025273998434021229_n-Copy-1.jpg?fit=1024%2C513&amp;ssl=1\" class=\"alignnone  wp-image-50418\" alt=\"\" src=\"https:\/\/i0.wp.com\/www.shqiperia.com\/blog\/wp-content\/uploads\/2021\/10\/245180326_401464921356716_6025273998434021229_n-Copy-1.jpg?resize=906%2C453&#038;ssl=1\" width=\"906\" height=\"453\" srcset=\"https:\/\/i0.wp.com\/www.shqiperia.com\/blog\/wp-content\/uploads\/2021\/10\/245180326_401464921356716_6025273998434021229_n-Copy-1.jpg?resize=300%2C150&amp;ssl=1 300w, https:\/\/i0.wp.com\/www.shqiperia.com\/blog\/wp-content\/uploads\/2021\/10\/245180326_401464921356716_6025273998434021229_n-Copy-1.jpg?resize=1024%2C513&amp;ssl=1 1024w, https:\/\/i0.wp.com\/www.shqiperia.com\/blog\/wp-content\/uploads\/2021\/10\/245180326_401464921356716_6025273998434021229_n-Copy-1.jpg?resize=768%2C385&amp;ssl=1 768w, https:\/\/i0.wp.com\/www.shqiperia.com\/blog\/wp-content\/uploads\/2021\/10\/245180326_401464921356716_6025273998434021229_n-Copy-1.jpg?resize=450%2C225&amp;ssl=1 450w, https:\/\/i0.wp.com\/www.shqiperia.com\/blog\/wp-content\/uploads\/2021\/10\/245180326_401464921356716_6025273998434021229_n-Copy-1.jpg?resize=600%2C301&amp;ssl=1 600w, https:\/\/i0.wp.com\/www.shqiperia.com\/blog\/wp-content\/uploads\/2021\/10\/245180326_401464921356716_6025273998434021229_n-Copy-1.jpg?resize=400%2C200&amp;ssl=1 400w, https:\/\/i0.wp.com\/www.shqiperia.com\/blog\/wp-content\/uploads\/2021\/10\/245180326_401464921356716_6025273998434021229_n-Copy-1.jpg?w=1078&amp;ssl=1 1078w\" sizes=\"auto, (max-width: 906px) 100vw, 906px\" \/><\/p>\n<p>Dhe pastaj na jepni \u201c leksion\u201d njeri me 3 pika e tjetri me 7 pyka per te \u201c zgjidhur\u201d krizen energjitike<\/p>\n<p>Ftoj GAZETARET profesionist qe te investigojne anetaret e bordeve, antaret e keshillave mbikeqyres, keshilltarer, shefat e kabineteve etj, sepse do te gjeni, grate, motrat, burrat, kuneterit, baxhanaket, dashnoret, kusherinjt te aferm te ministrave dhe deputeteve dhe mender politikaneve nga te dyja palet, qe ne fakt jane e njenjta tufe.<\/p>\n<p><img data-recalc-dims=\"1\" loading=\"lazy\" decoding=\"async\" data-attachment-id=\"50419\" data-permalink=\"https:\/\/www.shqiperia.com\/blog\/murrizi-publikon-tabelat-e-pagave-te-kesh-na-japin-leksion-njeri-me-3-pika-e-tjetri-me-7-pyka-per-krizen-energjitike-te-investigohet-te-te-gjitha-ndermarrjet\/245180326_401464921356716_6025273998434021229_n\/\" data-orig-file=\"https:\/\/i0.wp.com\/www.shqiperia.com\/blog\/wp-content\/uploads\/2021\/10\/245180326_401464921356716_6025273998434021229_n.jpg?fit=1078%2C1440&amp;ssl=1\" data-orig-size=\"1078,1440\" data-comments-opened=\"1\" data-image-meta=\"{&quot;aperture&quot;:&quot;0&quot;,&quot;credit&quot;:&quot;&quot;,&quot;camera&quot;:&quot;&quot;,&quot;caption&quot;:&quot;&quot;,&quot;created_timestamp&quot;:&quot;0&quot;,&quot;copyright&quot;:&quot;&quot;,&quot;focal_length&quot;:&quot;0&quot;,&quot;iso&quot;:&quot;0&quot;,&quot;shutter_speed&quot;:&quot;0&quot;,&quot;title&quot;:&quot;&quot;,&quot;orientation&quot;:&quot;0&quot;}\" data-image-title=\"245180326_401464921356716_6025273998434021229_n\" data-image-description=\"\" data-image-caption=\"\" data-medium-file=\"https:\/\/i0.wp.com\/www.shqiperia.com\/blog\/wp-content\/uploads\/2021\/10\/245180326_401464921356716_6025273998434021229_n.jpg?fit=225%2C300&amp;ssl=1\" data-large-file=\"https:\/\/i0.wp.com\/www.shqiperia.com\/blog\/wp-content\/uploads\/2021\/10\/245180326_401464921356716_6025273998434021229_n.jpg?fit=767%2C1024&amp;ssl=1\" class=\"alignnone  wp-image-50419\" alt=\"\" src=\"https:\/\/i0.wp.com\/www.shqiperia.com\/blog\/wp-content\/uploads\/2021\/10\/245180326_401464921356716_6025273998434021229_n.jpg?resize=667%2C885&#038;ssl=1\" width=\"667\" height=\"885\" \/><\/p>\n<p>Gazeta Sot<\/p>\n","protected":false},"excerpt":{"rendered":"<p>Murrizi publikon tabelat e pagave t\u00eb KESH: &#8211; Na japin leksion nj\u00ebri me 3 pika e tjetri me 7 pyka p\u00ebr kriz\u00ebn energjitike, t\u00eb investigohet te t\u00eb gjitha nd\u00ebrmarrjet 10 TETOR 2021 Ish-deputeti Myslim Murrizi p\u00ebrmes nj\u00eb postimi n\u00eb Facebook ka publikuar tabelat e pagave t\u00eb administratorit t\u00eb KESH Benet Beci duke th\u00ebn\u00eb se askush [&hellip;]<\/p>\n","protected":false},"author":9,"featured_media":50416,"comment_status":"open","ping_status":"open","sticky":false,"template":"","format":"standard","meta":{"jetpack_post_was_ever_published":false,"_jetpack_newsletter_access":"","_jetpack_dont_email_post_to_subs":false,"_jetpack_newsletter_tier_id":0,"_jetpack_memberships_contains_paywalled_content":false,"_jetpack_memberships_contains_paid_content":false,"footnotes":"","jetpack_publicize_message":"","jetpack_publicize_feature_enabled":true,"jetpack_social_post_already_shared":true,"jetpack_social_options":{"image_generator_settings":{"template":"highway","default_image_id":0,"font":"","enabled":false},"version":2}},"categories":[27,1,35],"tags":[],"class_list":["post-50414","post","type-post","status-publish","format-standard","has-post-thumbnail","hentry","category-blogu-i-udhetarit","category-njoftime-shtypi","category-shoqerore"],"jetpack_publicize_connections":[],"jetpack_featured_media_url":"https:\/\/i0.wp.com\/www.shqiperia.com\/blog\/wp-content\/uploads\/2021\/10\/245180326_401464921356716_6025273998434021229_n-Copy.jpg?fit=1078%2C540&ssl=1","jetpack_sharing_enabled":true,"jetpack_shortlink":"https:\/\/wp.me\/p5Z6wp-d78","jetpack-related-posts":[{"id":101969,"url":"https:\/\/www.shqiperia.com\/blog\/ne-shtet-privat-apo-institucione-nderkombetare-punet-qe-kishin-pagat-me-te-larta-ne-2025-n\/","url_meta":{"origin":50414,"position":0},"title":"N\u00eb shtet, privat, apo institucione nd\u00ebrkomb\u00ebtare; &#8211; Pun\u00ebt q\u00eb kishin pagat m\u00eb t\u00eb larta n\u00eb 2025-n","author":"Kurt Farka","date":"June 29, 2026","format":false,"excerpt":"29 Qershor 2026 Paga mesatare mujore bruto n\u00eb vend ishte 84 mij\u00eb lek\u00eb n\u00eb vitin 2025, nga 77.4 mij\u00eb lek\u00eb nj\u00eb vit m\u00eb par\u00eb. Diferencat e pagave jan\u00eb shum\u00eb t\u00eb larta dhe ato varen nga vendi i pun\u00ebs ku punoni. A e dini cilat jan\u00eb ato pun\u00eb ku pagat jan\u00eb\u2026","rel":"","context":"In &quot;Blogu i Udh\u00ebtarit&quot;","block_context":{"text":"Blogu i Udh\u00ebtarit","link":"https:\/\/www.shqiperia.com\/blog\/category\/blogu-i-udhetarit\/"},"img":{"alt_text":"","src":"https:\/\/i0.wp.com\/www.shqiperia.com\/blog\/wp-content\/uploads\/2026\/06\/PUNET-ME-TE-PAGUARA.jpg?fit=1000%2C563&ssl=1&resize=350%2C200","width":350,"height":200,"srcset":"https:\/\/i0.wp.com\/www.shqiperia.com\/blog\/wp-content\/uploads\/2026\/06\/PUNET-ME-TE-PAGUARA.jpg?fit=1000%2C563&ssl=1&resize=350%2C200 1x, https:\/\/i0.wp.com\/www.shqiperia.com\/blog\/wp-content\/uploads\/2026\/06\/PUNET-ME-TE-PAGUARA.jpg?fit=1000%2C563&ssl=1&resize=525%2C300 1.5x, https:\/\/i0.wp.com\/www.shqiperia.com\/blog\/wp-content\/uploads\/2026\/06\/PUNET-ME-TE-PAGUARA.jpg?fit=1000%2C563&ssl=1&resize=700%2C400 2x"},"classes":[]},{"id":100042,"url":"https:\/\/www.shqiperia.com\/blog\/opsionet-qe-duhen-hedhur-ne-tryeze-jane-zgjedhjet-e-parakohshme\/","url_meta":{"origin":50414,"position":1},"title":"Opsionet qe duhen hedhur n\u00eb tryez\u00eb jan\u00eb: &#8211; Zgjedhjet e parakohshme","author":"Kurt Farka","date":"May 9, 2026","format":false,"excerpt":"9 Maji 2026 Analisti Genc Burimi argumenton se protestat e vazhdueshme t\u00eb opozit\u00ebs nuk jan\u00eb thjesht nj\u00eb \u00e7\u00ebshtje e brendshme, por nj\u00eb mesazh i qart\u00eb drejtuar partner\u00ebve europian\u00eb mbi kriz\u00ebn e thell\u00eb politike n\u00eb vend. Sipas tij, partner\u00ebt nd\u00ebrkomb\u00ebtar\u00eb e shohin si t\u00eb pamundur q\u00eb klima aktuale politike, e karakterizuar\u2026","rel":"","context":"In &quot;Politika&quot;","block_context":{"text":"Politika","link":"https:\/\/www.shqiperia.com\/blog\/category\/politika\/"},"img":{"alt_text":"","src":"https:\/\/i0.wp.com\/www.shqiperia.com\/blog\/wp-content\/uploads\/2026\/05\/Genc-Burimi.jpg?fit=662%2C411&ssl=1&resize=350%2C200","width":350,"height":200,"srcset":"https:\/\/i0.wp.com\/www.shqiperia.com\/blog\/wp-content\/uploads\/2026\/05\/Genc-Burimi.jpg?fit=662%2C411&ssl=1&resize=350%2C200 1x, https:\/\/i0.wp.com\/www.shqiperia.com\/blog\/wp-content\/uploads\/2026\/05\/Genc-Burimi.jpg?fit=662%2C411&ssl=1&resize=525%2C300 1.5x"},"classes":[]},{"id":50277,"url":"https:\/\/www.shqiperia.com\/blog\/rama-shpalli-krizen-energjetike-ne-vend-vjen-reagimi-i-pare-nga-lsi\/","url_meta":{"origin":50414,"position":2},"title":"Rama shpalli kriz\u00ebn energjetike n\u00eb vend, vjen reagimi i par\u00eb nga LSI.","author":"Kurt Farka","date":"October 3, 2021","format":false,"excerpt":"Rama shpalli kriz\u00ebn energjetike n\u00eb vend, vjen reagimi i par\u00eb nga LSI. 3 TETOR 2021 Pas paralajm\u00ebrimit t\u00eb kryeministrit Edi Rama, lidhur me kriz\u00ebn energjetike, ka ardhur dhe reagimi n\u00eb kampin e LSI. N\u00ebnkryetari i k\u00ebsaj partie politike, Petrit Vasili, shkruan n\u00eb rrjete sociale se kjo q\u00eb po ndodh nuk\u2026","rel":"","context":"In &quot;Politika&quot;","block_context":{"text":"Politika","link":"https:\/\/www.shqiperia.com\/blog\/category\/politika\/"},"img":{"alt_text":"","src":"https:\/\/i0.wp.com\/www.shqiperia.com\/blog\/wp-content\/uploads\/2021\/10\/800-0-6159cfaa696b8.jpg?fit=800%2C451&ssl=1&resize=350%2C200","width":350,"height":200,"srcset":"https:\/\/i0.wp.com\/www.shqiperia.com\/blog\/wp-content\/uploads\/2021\/10\/800-0-6159cfaa696b8.jpg?fit=800%2C451&ssl=1&resize=350%2C200 1x, https:\/\/i0.wp.com\/www.shqiperia.com\/blog\/wp-content\/uploads\/2021\/10\/800-0-6159cfaa696b8.jpg?fit=800%2C451&ssl=1&resize=525%2C300 1.5x, https:\/\/i0.wp.com\/www.shqiperia.com\/blog\/wp-content\/uploads\/2021\/10\/800-0-6159cfaa696b8.jpg?fit=800%2C451&ssl=1&resize=700%2C400 2x"},"classes":[]},{"id":103720,"url":"https:\/\/www.shqiperia.com\/blog\/zjarri-ne-fshatrat-e-finiqit-lamallari-publikon-pamje-nga-evakuimi-i-banoreve-situate-e-veshtire-prioritet\/","url_meta":{"origin":50414,"position":3},"title":"Zjarri n\u00eb fshatrat e Finiqit, Lamallari publikon pamje nga evakuimi i banor\u00ebve: &#8211; Situat\u00eb e v\u00ebshtir\u00eb, prioritet\u2026","author":"Kurt Farka","date":"August 4, 2026","format":false,"excerpt":"4 Gusht 2026 Ministri i Brendsh\u00ebm, Besfort Lamallari, ka reaguar p\u00ebr situat\u00ebn e v\u00ebshtir\u00eb me t\u00eb cil\u00ebn po p\u00ebrballen disa fshatra t\u00eb Finiqit, pas zjarrit t\u00eb r\u00ebnd\u00eb dit\u00ebn e sotme. P\u00ebrmes nj\u00eb postimi n\u00eb rrjetet sociale, Lamallari ka publikuar pamje nga evakuimi i banor\u00ebve t\u00eb zonave t\u00eb prekura nga flak\u00ebt\u2026","rel":"","context":"In &quot;Blogu i Udh\u00ebtarit&quot;","block_context":{"text":"Blogu i Udh\u00ebtarit","link":"https:\/\/www.shqiperia.com\/blog\/category\/blogu-i-udhetarit\/"},"img":{"alt_text":"","src":"https:\/\/i0.wp.com\/www.shqiperia.com\/blog\/wp-content\/uploads\/2026\/08\/Ministri-Besfort-Lamallari.png?fit=900%2C573&ssl=1&resize=350%2C200","width":350,"height":200,"srcset":"https:\/\/i0.wp.com\/www.shqiperia.com\/blog\/wp-content\/uploads\/2026\/08\/Ministri-Besfort-Lamallari.png?fit=900%2C573&ssl=1&resize=350%2C200 1x, https:\/\/i0.wp.com\/www.shqiperia.com\/blog\/wp-content\/uploads\/2026\/08\/Ministri-Besfort-Lamallari.png?fit=900%2C573&ssl=1&resize=525%2C300 1.5x, https:\/\/i0.wp.com\/www.shqiperia.com\/blog\/wp-content\/uploads\/2026\/08\/Ministri-Besfort-Lamallari.png?fit=900%2C573&ssl=1&resize=700%2C400 2x"},"classes":[]},{"id":102711,"url":"https:\/\/www.shqiperia.com\/blog\/leku-qe-po-kullufit-euron\/","url_meta":{"origin":50414,"position":4},"title":"Leku q\u00eb po kullufit euron","author":"Kurt Farka","date":"July 14, 2026","format":false,"excerpt":"Nga Lutfi Dervishi ... Kemi nj\u00eb baz\u00eb prodhuese aq t\u00eb dob\u00ebt, sa importojm\u00eb hudhrat nga Kina, fasulet nga Egjiptit, e qum\u00ebshtin nga Serbia... Si ka mund\u00ebsi q\u00eb monedha e nj\u00eb prej zonave ekonomike m\u00eb t\u00eb fuqishme t\u00eb planetit zhvler\u00ebsohet vazhdimisht p\u00ebrball\u00eb lekut? P\u00ebrgjigjja zyrtare q\u00eb t\u00eb japin patronazhist\u00ebt e financave\u2026","rel":"","context":"In &quot;Blogu i Udh\u00ebtarit&quot;","block_context":{"text":"Blogu i Udh\u00ebtarit","link":"https:\/\/www.shqiperia.com\/blog\/category\/blogu-i-udhetarit\/"},"img":{"alt_text":"","src":"https:\/\/i0.wp.com\/www.shqiperia.com\/blog\/wp-content\/uploads\/2026\/07\/luti.jpg?fit=1200%2C630&ssl=1&resize=350%2C200","width":350,"height":200,"srcset":"https:\/\/i0.wp.com\/www.shqiperia.com\/blog\/wp-content\/uploads\/2026\/07\/luti.jpg?fit=1200%2C630&ssl=1&resize=350%2C200 1x, https:\/\/i0.wp.com\/www.shqiperia.com\/blog\/wp-content\/uploads\/2026\/07\/luti.jpg?fit=1200%2C630&ssl=1&resize=525%2C300 1.5x, https:\/\/i0.wp.com\/www.shqiperia.com\/blog\/wp-content\/uploads\/2026\/07\/luti.jpg?fit=1200%2C630&ssl=1&resize=700%2C400 2x, https:\/\/i0.wp.com\/www.shqiperia.com\/blog\/wp-content\/uploads\/2026\/07\/luti.jpg?fit=1200%2C630&ssl=1&resize=1050%2C600 3x"},"classes":[]},{"id":105862,"url":"https:\/\/www.shqiperia.com\/blog\/rama-sulmon-institucionet-e-drejtesise-klp-dhe-klgj-jane-fytyra-e-deshtimit-te-reformes-ne-drejtesi\/","url_meta":{"origin":50414,"position":5},"title":"Rama sulmon institucionet e drejt\u00ebsis\u00eb: &#8211; KLP dhe KLGJ jan\u00eb fytyra e d\u00ebshtimit t\u00eb Reform\u00ebs n\u00eb Drejt\u00ebsi","author":"Kurt Farka","date":"September 3, 2026","format":false,"excerpt":"3 Shtator 2026 Kryeministri Edi Rama ka sulmuar K\u00ebshillin e Lart\u00eb t\u00eb Prokuroris\u00eb (KLP) dhe K\u00ebshillin e Lart\u00eb Gjyq\u00ebsor (KLGJ) p\u00ebr \u00e7\u00ebshtjen e pagave, duke i cil\u00ebsuar k\u00ebto dy institucione si \u201cfytyra t\u00eb d\u00ebshtimit t\u00eb Reform\u00ebs n\u00eb Drejt\u00ebsi\u201d. Rama u shpreh se, n\u00ebse pagat e KLP-s\u00eb dhe KLGJ-s\u00eb, t\u00eb cilat\u2026","rel":"","context":"In &quot;Blogu i Udh\u00ebtarit&quot;","block_context":{"text":"Blogu i Udh\u00ebtarit","link":"https:\/\/www.shqiperia.com\/blog\/category\/blogu-i-udhetarit\/"},"img":{"alt_text":"","src":"https:\/\/i0.wp.com\/www.shqiperia.com\/blog\/wp-content\/uploads\/2026\/09\/Edi-Rama.jpg?fit=1024%2C603&ssl=1&resize=350%2C200","width":350,"height":200,"srcset":"https:\/\/i0.wp.com\/www.shqiperia.com\/blog\/wp-content\/uploads\/2026\/09\/Edi-Rama.jpg?fit=1024%2C603&ssl=1&resize=350%2C200 1x, https:\/\/i0.wp.com\/www.shqiperia.com\/blog\/wp-content\/uploads\/2026\/09\/Edi-Rama.jpg?fit=1024%2C603&ssl=1&resize=525%2C300 1.5x, https:\/\/i0.wp.com\/www.shqiperia.com\/blog\/wp-content\/uploads\/2026\/09\/Edi-Rama.jpg?fit=1024%2C603&ssl=1&resize=700%2C400 2x"},"classes":[]}],"_links":{"self":[{"href":"https:\/\/www.shqiperia.com\/blog\/wp-json\/wp\/v2\/posts\/50414","targetHints":{"allow":["GET"]}}],"collection":[{"href":"https:\/\/www.shqiperia.com\/blog\/wp-json\/wp\/v2\/posts"}],"about":[{"href":"https:\/\/www.shqiperia.com\/blog\/wp-json\/wp\/v2\/types\/post"}],"author":[{"embeddable":true,"href":"https:\/\/www.shqiperia.com\/blog\/wp-json\/wp\/v2\/users\/9"}],"replies":[{"embeddable":true,"href":"https:\/\/www.shqiperia.com\/blog\/wp-json\/wp\/v2\/comments?post=50414"}],"version-history":[{"count":1,"href":"https:\/\/www.shqiperia.com\/blog\/wp-json\/wp\/v2\/posts\/50414\/revisions"}],"predecessor-version":[{"id":50420,"href":"https:\/\/www.shqiperia.com\/blog\/wp-json\/wp\/v2\/posts\/50414\/revisions\/50420"}],"wp:featuredmedia":[{"embeddable":true,"href":"https:\/\/www.shqiperia.com\/blog\/wp-json\/wp\/v2\/media\/50416"}],"wp:attachment":[{"href":"https:\/\/www.shqiperia.com\/blog\/wp-json\/wp\/v2\/media?parent=50414"}],"wp:term":[{"taxonomy":"category","embeddable":true,"href":"https:\/\/www.shqiperia.com\/blog\/wp-json\/wp\/v2\/categories?post=50414"},{"taxonomy":"post_tag","embeddable":true,"href":"https:\/\/www.shqiperia.com\/blog\/wp-json\/wp\/v2\/tags?post=50414"}],"curies":[{"name":"wp","href":"https:\/\/api.w.org\/{rel}","templated":true}]}}