{"id":503,"date":"2018-01-06T14:13:46","date_gmt":"2018-01-06T14:13:46","guid":{"rendered":"http:\/\/www.shqiperia.com\/blog\/?p=503"},"modified":"2018-01-06T14:13:46","modified_gmt":"2018-01-06T14:13:46","slug":"rama-celja-e-negociatave-po-kercenohet-nga-brenda-shqiperise","status":"publish","type":"post","link":"https:\/\/www.shqiperia.com\/blog\/rama-celja-e-negociatave-po-kercenohet-nga-brenda-shqiperise\/","title":{"rendered":"Rama: \u00c7elja e negociatave me BE po k\u00ebrc\u00ebnohet nga brenda Shqip\u00ebris\u00eb"},"content":{"rendered":"<p><img data-recalc-dims=\"1\" loading=\"lazy\" decoding=\"async\" data-attachment-id=\"504\" data-permalink=\"https:\/\/www.shqiperia.com\/blog\/rama-celja-e-negociatave-po-kercenohet-nga-brenda-shqiperise\/serbia-albania-vucic-rama\/\" data-orig-file=\"https:\/\/i0.wp.com\/www.shqiperia.com\/blog\/wp-content\/uploads\/2018\/01\/GettyImages-458740202-1160x799.jpg?fit=1160%2C799&amp;ssl=1\" data-orig-size=\"1160,799\" data-comments-opened=\"1\" data-image-meta=\"{&quot;aperture&quot;:&quot;0&quot;,&quot;credit&quot;:&quot;AFP\\\/Getty Images&quot;,&quot;camera&quot;:&quot;&quot;,&quot;caption&quot;:&quot;Albanian Prime Minister Edi Rama and his Serbian counterpart give a press conference after their meeting in Belgrade on November 10, 2014. Rama arrived on November 10 as the first Albanian prime minister visiting Serbia in 68 years, amid tensions risen over recent football incidents showing the fragility of region&#039;s stability.  AFP PHOTO \\\/ ANDREJ ISAKOVIC        (Photo credit should read ANDREJ ISAKOVIC\\\/AFP\\\/Getty Images)&quot;,&quot;created_timestamp&quot;:&quot;1415622966&quot;,&quot;copyright&quot;:&quot;This content is subject to copyright.&quot;,&quot;focal_length&quot;:&quot;0&quot;,&quot;iso&quot;:&quot;0&quot;,&quot;shutter_speed&quot;:&quot;0&quot;,&quot;title&quot;:&quot;SERBIA-ALBANIA-VUCIC-RAMA&quot;,&quot;orientation&quot;:&quot;0&quot;}\" data-image-title=\"SERBIA-ALBANIA-VUCIC-RAMA\" data-image-description=\"\" data-image-caption=\"&lt;p&gt;Albanian Prime Minister Edi Rama and his Serbian counterpart give a press conference after their meeting in Belgrade on November 10, 2014. Rama arrived on November 10 as the first Albanian prime minister visiting Serbia in 68 years, amid tensions risen over recent football incidents showing the fragility of region&#8217;s stability.  AFP PHOTO \/ ANDREJ ISAKOVIC        (Photo credit should read ANDREJ ISAKOVIC\/AFP\/Getty Images)&lt;\/p&gt;\n\" data-medium-file=\"https:\/\/i0.wp.com\/www.shqiperia.com\/blog\/wp-content\/uploads\/2018\/01\/GettyImages-458740202-1160x799.jpg?fit=300%2C207&amp;ssl=1\" data-large-file=\"https:\/\/i0.wp.com\/www.shqiperia.com\/blog\/wp-content\/uploads\/2018\/01\/GettyImages-458740202-1160x799.jpg?fit=1024%2C705&amp;ssl=1\" class=\" wp-image-504\" alt=\"\" src=\"https:\/\/i0.wp.com\/www.shqiperia.com\/blog\/wp-content\/uploads\/2018\/01\/GettyImages-458740202-1160x799-300x207.jpg?resize=438%2C302\" width=\"438\" height=\"302\" srcset=\"https:\/\/i0.wp.com\/www.shqiperia.com\/blog\/wp-content\/uploads\/2018\/01\/GettyImages-458740202-1160x799.jpg?resize=300%2C207&amp;ssl=1 300w, https:\/\/i0.wp.com\/www.shqiperia.com\/blog\/wp-content\/uploads\/2018\/01\/GettyImages-458740202-1160x799.jpg?resize=768%2C529&amp;ssl=1 768w, https:\/\/i0.wp.com\/www.shqiperia.com\/blog\/wp-content\/uploads\/2018\/01\/GettyImages-458740202-1160x799.jpg?resize=1024%2C705&amp;ssl=1 1024w, https:\/\/i0.wp.com\/www.shqiperia.com\/blog\/wp-content\/uploads\/2018\/01\/GettyImages-458740202-1160x799.jpg?resize=1160%2C799&amp;ssl=1 1160w\" sizes=\"auto, (max-width: 438px) 100vw, 438px\" \/><\/p>\n<p>Kryeministri Edi Rama gjat\u00eb fjal\u00ebs s\u00eb mbajtur n\u00eb Asamblen\u00eb e PS b\u00ebri nj\u00eb p\u00ebrmbledhje t\u00eb zhvillimeve politike t\u00eb vitit q\u00eb lam\u00eb pas, duke u p\u00ebrqendruar tek reforma n\u00eb drejt\u00ebsi.<\/p>\n<p>\u201cViti u karakterizua nga nj\u00eb betej\u00eb p\u00ebr drejt\u00ebsin\u00eb dhe besoj se e p\u00ebrcaktoi qart\u00eb PS si garanten e reform\u00ebs n\u00eb drejt\u00ebsi, duke e ndar\u00eb politik\u00ebn n\u00eb 2 kampe; kampi i reformist\u00ebve, PS dhe atyre q\u00eb e duan k\u00ebt\u00eb reform\u00eb deri n\u00eb fund dhe kampi i t\u00eb tremburve nga reformave, q\u00eb tani \u00ebsht\u00eb zgjeruar me aleat\u00ebt tan\u00eb t\u00eb mandatit t\u00eb par\u00eb\u201d, tha mes t\u00eb tjerash Rama.<\/p>\n<p>Duke e cil\u00ebsuar PS si forc\u00ebn e vetme politike q\u00eb mund tu garantoj\u00eb shqiptar\u00ebve at\u00eb q\u00eb presin nga reforma n\u00eb drejt\u00ebsi, Rama u shpreh se PS n\u00eb asnj\u00eb moment nuk lejoi q\u00eb t\u00eb komprometohej reforma n\u00eb drejt\u00ebsi dhe se ishte pik\u00ebrisht kjo \u00e7\u00ebshtje q\u00eb ndau rrug\u00ebn e PS me aleatin e saj t\u00eb djesh\u00ebm LSI.<\/p>\n<p>\u201cNe rrezikuam qeverin\u00eb, por nuk lejuam t\u00eb rrezikohej reforma n\u00eb drejt\u00ebsi dhe e mbajt\u00ebm gjall\u00eb aleanc\u00ebn sa i preket t\u00eb s\u00eb majt\u00ebs s\u00eb bashkuar pa komprometuar reformen. Q\u00ebndrimi yn\u00eb p\u00ebr t\u00eb mos e komprometuar reform\u00ebn n\u00eb drejt\u00ebsi ndau rrug\u00ebn ton\u00eb me LSI\u201d, tha Rama.<\/p>\n<p>Sipas Ram\u00ebs, \u00e7elja e negociatave me BE po k\u00ebrc\u00ebnohet nga brenda Shqip\u00ebris\u00eb, pik\u00ebrisht nga frika prej reform\u00ebs n\u00eb drejt\u00ebsi q\u00eb ka kapur opozit\u00ebn.<\/p>\n<p>\u201cUlja e Shqip\u00ebris\u00eb n\u00eb tryez\u00ebn e negociatave \u00ebsht\u00eb nj\u00eb detyr\u00eb q\u00eb duhet t\u00eb bashkoj\u00eb mazhoranc\u00ebn dhe opozit\u00ebn. Ndryshe mund t\u00eb ndodh\u00eb q\u00eb Shqip\u00ebria t\u00eb bjer\u00eb n\u00eb vakum dhe t\u00eb mos e realizoj\u00eb k\u00ebt\u00eb aspirat\u00eb, q\u00eb \u00ebsht\u00eb vet\u00ebm disa muaj larg. P\u00ebr ne \u00e7elja e negociatave \u00ebsht\u00eb nj\u00eb k\u00ebnaq\u00ebsi e jasht\u00ebzakonshme, por jo nj\u00eb triumf partiak. Duhet t\u00eb jet\u00eb triumfi i Shqip\u00ebris\u00eb dhe ne jemi t\u00eb gatsh\u00ebm ta ndajm\u00eb me opozit\u00ebn\u201d, tha Rama.<\/p>\n<p>6 janar 2017<\/p>\n","protected":false},"excerpt":{"rendered":"<p>Kryeministri Edi Rama gjat\u00eb fjal\u00ebs s\u00eb mbajtur n\u00eb Asamblen\u00eb e PS b\u00ebri nj\u00eb p\u00ebrmbledhje t\u00eb zhvillimeve politike t\u00eb vitit q\u00eb lam\u00eb pas, duke u p\u00ebrqendruar tek reforma n\u00eb drejt\u00ebsi. \u201cViti u karakterizua nga nj\u00eb betej\u00eb p\u00ebr drejt\u00ebsin\u00eb dhe besoj se e p\u00ebrcaktoi qart\u00eb PS si garanten e reform\u00ebs n\u00eb drejt\u00ebsi, duke e ndar\u00eb politik\u00ebn n\u00eb [&hellip;]<\/p>\n","protected":false},"author":9,"featured_media":504,"comment_status":"open","ping_status":"open","sticky":false,"template":"","format":"standard","meta":{"jetpack_post_was_ever_published":false,"_jetpack_newsletter_access":"","_jetpack_dont_email_post_to_subs":false,"_jetpack_newsletter_tier_id":0,"_jetpack_memberships_contains_paywalled_content":false,"_jetpack_memberships_contains_paid_content":false,"footnotes":"","jetpack_publicize_message":"","jetpack_publicize_feature_enabled":true,"jetpack_social_post_already_shared":true,"jetpack_social_options":{"image_generator_settings":{"template":"highway","default_image_id":0,"font":"","enabled":false},"version":2}},"categories":[1],"tags":[],"class_list":["post-503","post","type-post","status-publish","format-standard","has-post-thumbnail","hentry","category-njoftime-shtypi"],"jetpack_publicize_connections":[],"jetpack_featured_media_url":"https:\/\/i0.wp.com\/www.shqiperia.com\/blog\/wp-content\/uploads\/2018\/01\/GettyImages-458740202-1160x799.jpg?fit=1160%2C799&ssl=1","jetpack_sharing_enabled":true,"jetpack_shortlink":"https:\/\/wp.me\/p5Z6wp-87","jetpack-related-posts":[{"id":46323,"url":"https:\/\/www.shqiperia.com\/blog\/cfare-ndodh-me-reformen-ne-drejtesi-nese-nuk-fiton-ps-fatmir-xhafaj-nuk-ndryshon-gje\/","url_meta":{"origin":503,"position":0},"title":"\u00c7far\u00eb ndodh me reform\u00ebn n\u00eb drejt\u00ebsi n\u00ebse nuk fiton PS? Fatmir Xhafaj: &#8211; Nuk ndryshon gj\u00eb,","author":"Kurt Farka","date":"April 12, 2021","format":false,"excerpt":"\u00c7far\u00eb ndodh me reform\u00ebn n\u00eb drejt\u00ebsi n\u00ebse nuk fiton PS? Fatmir Xhafaj: - Nuk ndryshon gj\u00eb, 12 prill 2021 Kryeministri Edi Rama n\u00eb \u00e7do takim elektoral ndalet te reforma n\u00eb drejt\u00ebsi, duke u th\u00ebn\u00eb qytetar\u00ebve q\u00eb n\u00ebse duan q\u00eb procesi t\u00eb ec\u00eb p\u00ebrpara t\u00eb votojn\u00eb PS-n\u00eb, pasi n\u00eb t\u00eb kund\u00ebrt,\u2026","rel":"","context":"In &quot;Blogu i Udh\u00ebtarit&quot;","block_context":{"text":"Blogu i Udh\u00ebtarit","link":"https:\/\/www.shqiperia.com\/blog\/category\/blogu-i-udhetarit\/"},"img":{"alt_text":"","src":"https:\/\/i0.wp.com\/www.shqiperia.com\/blog\/wp-content\/uploads\/2021\/04\/fatmir-xhafaj.jpg?fit=642%2C361&ssl=1&resize=350%2C200","width":350,"height":200,"srcset":"https:\/\/i0.wp.com\/www.shqiperia.com\/blog\/wp-content\/uploads\/2021\/04\/fatmir-xhafaj.jpg?fit=642%2C361&ssl=1&resize=350%2C200 1x, https:\/\/i0.wp.com\/www.shqiperia.com\/blog\/wp-content\/uploads\/2021\/04\/fatmir-xhafaj.jpg?fit=642%2C361&ssl=1&resize=525%2C300 1.5x"},"classes":[]},{"id":76225,"url":"https:\/\/www.shqiperia.com\/blog\/kryeministri-tha-se-reforma-ne-drejtesi-u-themelua-nga-ps-spartak-ngjela-nxjerr-blof-ramen-socialistet-e-miratuan-vetem-per-te-mos-prishur-raportet-me-ameriken\/","url_meta":{"origin":503,"position":1},"title":"Kryeministri tha se reforma n\u00eb drejt\u00ebsi u themelua nga PS, Spartak Ngjela nxjerr &#8216;blof&#8217; Ram\u00ebn: &#8211; Socialist\u00ebt e miratuan vet\u00ebm p\u00ebr t\u00eb mos prishur raportet me Amerik\u00ebn","author":"Kurt Farka","date":"December 9, 2023","format":false,"excerpt":"9 Dhjetor 2023 Avokati Spartak Ngjela ka komentuar fjalimin e kryeministrit Edi Rama nga Kongresi i PS, mbajtuar dit\u00ebn e djeshme, teksa foli p\u00ebr reform\u00ebn n\u00eb drejt\u00ebsi ku tha se vendi nuk do t\u00eb kishte nj\u00eb reform\u00eb t\u00eb till\u00eb pa Partin\u00eb Socialiste dhe pa fitoren n\u00eb 2013. Avokati Spartak Ngjela\u2026","rel":"","context":"In &quot;Blogu i Udh\u00ebtarit&quot;","block_context":{"text":"Blogu i Udh\u00ebtarit","link":"https:\/\/www.shqiperia.com\/blog\/category\/blogu-i-udhetarit\/"},"img":{"alt_text":"","src":"https:\/\/i0.wp.com\/www.shqiperia.com\/blog\/wp-content\/uploads\/2023\/12\/800-0-657440e6c0ba9.jpg?fit=800%2C400&ssl=1&resize=350%2C200","width":350,"height":200,"srcset":"https:\/\/i0.wp.com\/www.shqiperia.com\/blog\/wp-content\/uploads\/2023\/12\/800-0-657440e6c0ba9.jpg?fit=800%2C400&ssl=1&resize=350%2C200 1x, https:\/\/i0.wp.com\/www.shqiperia.com\/blog\/wp-content\/uploads\/2023\/12\/800-0-657440e6c0ba9.jpg?fit=800%2C400&ssl=1&resize=525%2C300 1.5x, https:\/\/i0.wp.com\/www.shqiperia.com\/blog\/wp-content\/uploads\/2023\/12\/800-0-657440e6c0ba9.jpg?fit=800%2C400&ssl=1&resize=700%2C400 2x"},"classes":[]},{"id":76215,"url":"https:\/\/www.shqiperia.com\/blog\/gjysma-e-qeverise-ne-burg-dhe-gjysma-nen-hetim-edi-rama-mbledh-kongresin-e-ps-dhe-nis-sulm-frontal-kunder-shba-dhe-spak-ne-panik-nga-republika-e-prokuroreve\/","url_meta":{"origin":503,"position":2},"title":"Gjysma e qeveris\u00eb n\u00eb burg dhe gjysma n\u00ebn hetim. &#8211;  Edi Rama mbledh Kongresin e PS dhe nis sulm frontal kund\u00ebr SHBA dhe SPAK, n\u00eb panik nga republika e prokuror\u00ebve","author":"Kurt Farka","date":"December 9, 2023","format":false,"excerpt":"9 Dhjetor 2023 Rama - Kjo \u00ebsht\u00eb Republika e Shqip\u00ebris\u00eb dhe jo Republika e Prokuror\u00ebve dhe gjykat\u00ebse. Kryeministri Edi Rama mblodhi dit\u00ebn e djeshme Kongresin e PS n\u00eb nj\u00eb situat\u00eb ku ai dhe qeveria e tij ndodhet n\u00eb nj\u00eb momentum depresiv, pasi nj\u00eb pjes\u00eb e ministrave dhe deputet\u00ebve socialist\u00eb rrin\u00eb\u2026","rel":"","context":"In &quot;Kultura&quot;","block_context":{"text":"Kultura","link":"https:\/\/www.shqiperia.com\/blog\/category\/kultura\/"},"img":{"alt_text":"","src":"https:\/\/i0.wp.com\/www.shqiperia.com\/blog\/wp-content\/uploads\/2023\/12\/508f0be4-d12e-4dde-be6e-7ed4dcf8dad9-621x450-1.jpg?fit=621%2C377&ssl=1&resize=350%2C200","width":350,"height":200,"srcset":"https:\/\/i0.wp.com\/www.shqiperia.com\/blog\/wp-content\/uploads\/2023\/12\/508f0be4-d12e-4dde-be6e-7ed4dcf8dad9-621x450-1.jpg?fit=621%2C377&ssl=1&resize=350%2C200 1x, https:\/\/i0.wp.com\/www.shqiperia.com\/blog\/wp-content\/uploads\/2023\/12\/508f0be4-d12e-4dde-be6e-7ed4dcf8dad9-621x450-1.jpg?fit=621%2C377&ssl=1&resize=525%2C300 1.5x"},"classes":[]},{"id":91280,"url":"https:\/\/www.shqiperia.com\/blog\/fushata-e-rames-u-rrezua-dje-abilekaj-pranoi-se-integrimi-ne-be-nuk-varet-vetem-prej-tij\/","url_meta":{"origin":503,"position":3},"title":"\u2018Fushata e Ram\u00ebs u rr\u00ebzua dje\u2019. Abilekaj: &#8211; Pranoi se integrimi n\u00eb BE nuk varet vet\u00ebm prej tij","author":"Kurt Farka","date":"April 10, 2025","format":false,"excerpt":"10 Prill 2025 Analisti Enton Abilekaj ka komentuar deklaratat e fundit t\u00eb kryeministrit Edi Rama lidhur me integrimin e Shqip\u00ebris\u00eb n\u00eb Bashkimin Europian. Abilekaj theksoi se motoja e fushat\u00ebs s\u00eb Ram\u00ebs, sipas t\u00eb cil\u00ebs vet\u00ebm ai mund t\u00eb \u00e7oj\u00eb Shqip\u00ebrin\u00eb n\u00eb BE, u rr\u00ebzua pas nj\u00eb pyetjeje t\u00eb thjesht\u00eb t\u00eb\u2026","rel":"","context":"In &quot;Blogu i Udh\u00ebtarit&quot;","block_context":{"text":"Blogu i Udh\u00ebtarit","link":"https:\/\/www.shqiperia.com\/blog\/category\/blogu-i-udhetarit\/"},"img":{"alt_text":"","src":"https:\/\/i0.wp.com\/www.shqiperia.com\/blog\/wp-content\/uploads\/2025\/04\/Edi-Rama-2.png?fit=640%2C377&ssl=1&resize=350%2C200","width":350,"height":200,"srcset":"https:\/\/i0.wp.com\/www.shqiperia.com\/blog\/wp-content\/uploads\/2025\/04\/Edi-Rama-2.png?fit=640%2C377&ssl=1&resize=350%2C200 1x, https:\/\/i0.wp.com\/www.shqiperia.com\/blog\/wp-content\/uploads\/2025\/04\/Edi-Rama-2.png?fit=640%2C377&ssl=1&resize=525%2C300 1.5x"},"classes":[]},{"id":90017,"url":"https:\/\/www.shqiperia.com\/blog\/zbardhen-emrat-e-kater-ministrave-te-edi-rames-qe-i-pret-burgu-ja-pse-kryeministri-eshte-alarmuar-nga-hetimet-e-spak\/","url_meta":{"origin":503,"position":4},"title":"Zbardhen emrat e kat\u00ebr ministrave t\u00eb Edi Ram\u00ebs q\u00eb i pret burgu, ja pse kryeministri \u00ebsht\u00eb alarmuar nga hetimet e SPAK","author":"Kurt Farka","date":"February 28, 2025","format":false,"excerpt":"28 Shkurt 2025 Tirana duket se do t\u00eb tronditet nga nj\u00eb zhvillim i bujsh\u00ebm q\u00eb pritet t\u00eb l\u00ebkund\u00eb themelet e qeveris\u00eb \u201cRama\u201d. Kat\u00ebr ministra t\u00eb kabinetit qeveritar, Belinda Balluku, Ogerta Manastirliu, Taulant Balla dhe Arbjan Mazniku, jan\u00eb n\u00eb list\u00ebn e zez\u00eb t\u00eb Prokuroris\u00eb s\u00eb Posa\u00e7me (SPAK) dhe burimet thon\u00eb se\u2026","rel":"","context":"In &quot;Njoftime Shtypi&quot;","block_context":{"text":"Njoftime Shtypi","link":"https:\/\/www.shqiperia.com\/blog\/category\/njoftime-shtypi\/"},"img":{"alt_text":"","src":"https:\/\/i0.wp.com\/www.shqiperia.com\/blog\/wp-content\/uploads\/2025\/02\/foto-faqe-2-4.jpg?fit=800%2C544&ssl=1&resize=350%2C200","width":350,"height":200,"srcset":"https:\/\/i0.wp.com\/www.shqiperia.com\/blog\/wp-content\/uploads\/2025\/02\/foto-faqe-2-4.jpg?fit=800%2C544&ssl=1&resize=350%2C200 1x, https:\/\/i0.wp.com\/www.shqiperia.com\/blog\/wp-content\/uploads\/2025\/02\/foto-faqe-2-4.jpg?fit=800%2C544&ssl=1&resize=525%2C300 1.5x, https:\/\/i0.wp.com\/www.shqiperia.com\/blog\/wp-content\/uploads\/2025\/02\/foto-faqe-2-4.jpg?fit=800%2C544&ssl=1&resize=700%2C400 2x"},"classes":[]},{"id":31339,"url":"https:\/\/www.shqiperia.com\/blog\/koha-per-te-vepruar-eshte-tani-vasili-kerkese-te-papritur-be-se-dhe-shba-se\/","url_meta":{"origin":503,"position":5},"title":"\u201cKoha p\u00ebr t\u00eb vepruar \u00ebsht\u00eb tani\u201d, Vasili k\u00ebrkes\u00eb t\u00eb papritur BE-s\u00eb dhe SHBA-s\u00eb","author":"Kurt Farka","date":"February 9, 2020","format":false,"excerpt":"\u201cKoha p\u00ebr t\u00eb vepruar \u00ebsht\u00eb tani\u201d, Vasili k\u00ebrkes\u00eb t\u00eb papritur BE-s\u00eb dhe SHBA-s\u00eb 9 SHKURT 2020 N\u00ebnkryetari i LSI-s\u00eb Petrit Vasili ka akuzuar kryeministrin Edi Rama se po i zhb\u00ebn, cop\u00ebton dhe ndryshon ligjet dhe bashk\u00eb me to po asgj\u00ebson paket\u00ebn e shtat\u00eb ligjeve te Reform\u00ebs n\u00eb Drejt\u00ebsi t\u00eb cilat\u2026","rel":"","context":"In &quot;Politika&quot;","block_context":{"text":"Politika","link":"https:\/\/www.shqiperia.com\/blog\/category\/politika\/"},"img":{"alt_text":"","src":"https:\/\/i0.wp.com\/www.shqiperia.com\/blog\/wp-content\/uploads\/2020\/02\/Petrit-Vasili.jpg?fit=800%2C480&ssl=1&resize=350%2C200","width":350,"height":200,"srcset":"https:\/\/i0.wp.com\/www.shqiperia.com\/blog\/wp-content\/uploads\/2020\/02\/Petrit-Vasili.jpg?fit=800%2C480&ssl=1&resize=350%2C200 1x, https:\/\/i0.wp.com\/www.shqiperia.com\/blog\/wp-content\/uploads\/2020\/02\/Petrit-Vasili.jpg?fit=800%2C480&ssl=1&resize=525%2C300 1.5x, https:\/\/i0.wp.com\/www.shqiperia.com\/blog\/wp-content\/uploads\/2020\/02\/Petrit-Vasili.jpg?fit=800%2C480&ssl=1&resize=700%2C400 2x"},"classes":[]}],"_links":{"self":[{"href":"https:\/\/www.shqiperia.com\/blog\/wp-json\/wp\/v2\/posts\/503","targetHints":{"allow":["GET"]}}],"collection":[{"href":"https:\/\/www.shqiperia.com\/blog\/wp-json\/wp\/v2\/posts"}],"about":[{"href":"https:\/\/www.shqiperia.com\/blog\/wp-json\/wp\/v2\/types\/post"}],"author":[{"embeddable":true,"href":"https:\/\/www.shqiperia.com\/blog\/wp-json\/wp\/v2\/users\/9"}],"replies":[{"embeddable":true,"href":"https:\/\/www.shqiperia.com\/blog\/wp-json\/wp\/v2\/comments?post=503"}],"version-history":[{"count":1,"href":"https:\/\/www.shqiperia.com\/blog\/wp-json\/wp\/v2\/posts\/503\/revisions"}],"predecessor-version":[{"id":505,"href":"https:\/\/www.shqiperia.com\/blog\/wp-json\/wp\/v2\/posts\/503\/revisions\/505"}],"wp:featuredmedia":[{"embeddable":true,"href":"https:\/\/www.shqiperia.com\/blog\/wp-json\/wp\/v2\/media\/504"}],"wp:attachment":[{"href":"https:\/\/www.shqiperia.com\/blog\/wp-json\/wp\/v2\/media?parent=503"}],"wp:term":[{"taxonomy":"category","embeddable":true,"href":"https:\/\/www.shqiperia.com\/blog\/wp-json\/wp\/v2\/categories?post=503"},{"taxonomy":"post_tag","embeddable":true,"href":"https:\/\/www.shqiperia.com\/blog\/wp-json\/wp\/v2\/tags?post=503"}],"curies":[{"name":"wp","href":"https:\/\/api.w.org\/{rel}","templated":true}]}}