{"id":50215,"date":"2021-10-01T10:20:59","date_gmt":"2021-10-01T10:20:59","guid":{"rendered":"https:\/\/www.shqiperia.com\/blog\/?p=50215"},"modified":"2021-10-01T10:20:59","modified_gmt":"2021-10-01T10:20:59","slug":"evakuohet-nga-serbia-oficeri-amerikan-i-cia-s-sulme-me-burime-energjie-qe-cojne-ne-humbje-te-kujteses-sindroma-e-havanes-zgjerohet","status":"publish","type":"post","link":"https:\/\/www.shqiperia.com\/blog\/evakuohet-nga-serbia-oficeri-amerikan-i-cia-s-sulme-me-burime-energjie-qe-cojne-ne-humbje-te-kujteses-sindroma-e-havanes-zgjerohet\/","title":{"rendered":"Evakuohet nga Serbia oficeri amerikan i CIA-s. \u00a0\u00a0&#8211; \u201cSulme me burime energjie q\u00eb \u00e7ojn\u00eb n\u00eb humbje t\u00eb kujtes\u00ebs\u201d\/ Sindroma e Havan\u00ebs zgjerohet."},"content":{"rendered":"<p><img data-recalc-dims=\"1\" loading=\"lazy\" decoding=\"async\" data-attachment-id=\"50216\" data-permalink=\"https:\/\/www.shqiperia.com\/blog\/evakuohet-nga-serbia-oficeri-amerikan-i-cia-s-sulme-me-burime-energjie-qe-cojne-ne-humbje-te-kujteses-sindroma-e-havanes-zgjerohet\/sindroma-havana-770x404-1-905x450\/\" data-orig-file=\"https:\/\/i0.wp.com\/www.shqiperia.com\/blog\/wp-content\/uploads\/2021\/10\/sindroma-havana-770x404-1-905x450-1.jpeg?fit=839%2C450&amp;ssl=1\" data-orig-size=\"839,450\" data-comments-opened=\"1\" data-image-meta=\"{&quot;aperture&quot;:&quot;0&quot;,&quot;credit&quot;:&quot;&quot;,&quot;camera&quot;:&quot;&quot;,&quot;caption&quot;:&quot;&quot;,&quot;created_timestamp&quot;:&quot;0&quot;,&quot;copyright&quot;:&quot;&quot;,&quot;focal_length&quot;:&quot;0&quot;,&quot;iso&quot;:&quot;0&quot;,&quot;shutter_speed&quot;:&quot;0&quot;,&quot;title&quot;:&quot;&quot;,&quot;orientation&quot;:&quot;0&quot;}\" data-image-title=\"sindroma-havana-770&#215;404-1-905&#215;450\" data-image-description=\"\" data-image-caption=\"\" data-medium-file=\"https:\/\/i0.wp.com\/www.shqiperia.com\/blog\/wp-content\/uploads\/2021\/10\/sindroma-havana-770x404-1-905x450-1.jpeg?fit=300%2C161&amp;ssl=1\" data-large-file=\"https:\/\/i0.wp.com\/www.shqiperia.com\/blog\/wp-content\/uploads\/2021\/10\/sindroma-havana-770x404-1-905x450-1.jpeg?fit=839%2C450&amp;ssl=1\" class=\"alignnone  wp-image-50216\" alt=\"\" src=\"https:\/\/i0.wp.com\/www.shqiperia.com\/blog\/wp-content\/uploads\/2021\/10\/sindroma-havana-770x404-1-905x450-1.jpeg?resize=652%2C350&#038;ssl=1\" width=\"652\" height=\"350\" srcset=\"https:\/\/i0.wp.com\/www.shqiperia.com\/blog\/wp-content\/uploads\/2021\/10\/sindroma-havana-770x404-1-905x450-1.jpeg?resize=300%2C161&amp;ssl=1 300w, https:\/\/i0.wp.com\/www.shqiperia.com\/blog\/wp-content\/uploads\/2021\/10\/sindroma-havana-770x404-1-905x450-1.jpeg?resize=768%2C412&amp;ssl=1 768w, https:\/\/i0.wp.com\/www.shqiperia.com\/blog\/wp-content\/uploads\/2021\/10\/sindroma-havana-770x404-1-905x450-1.jpeg?resize=450%2C241&amp;ssl=1 450w, https:\/\/i0.wp.com\/www.shqiperia.com\/blog\/wp-content\/uploads\/2021\/10\/sindroma-havana-770x404-1-905x450-1.jpeg?resize=600%2C322&amp;ssl=1 600w, https:\/\/i0.wp.com\/www.shqiperia.com\/blog\/wp-content\/uploads\/2021\/10\/sindroma-havana-770x404-1-905x450-1.jpeg?resize=400%2C215&amp;ssl=1 400w, https:\/\/i0.wp.com\/www.shqiperia.com\/blog\/wp-content\/uploads\/2021\/10\/sindroma-havana-770x404-1-905x450-1.jpeg?w=839&amp;ssl=1 839w\" sizes=\"auto, (max-width: 652px) 100vw, 652px\" \/><\/p>\n<p>Evakuohet nga Serbia oficeri amerikan i CIA-s. \u00a0\u00a0&#8211; \u201cSulme me burime energjie q\u00eb \u00e7ojn\u00eb n\u00eb humbje t\u00eb kujtes\u00ebs\u201d\/ Sindroma e Havan\u00ebs zgjerohet.<\/p>\n<p>30 shtator \u00a02021<\/p>\n<p>\u201cSulme me burime energjie q\u00eb \u00e7ojn\u00eb n\u00eb humbje t\u00eb kujtes\u00ebs\u201d\/ Sindroma e Havan\u00ebs zgjerohet, evakuohet nga Serbia oficeri amerikan i CIA-s<\/p>\n<p>CIA evakuoi nj\u00eb oficer t\u00eb inteligjenc\u00ebs q\u00eb sh\u00ebrbente n\u00eb Serbi jav\u00ebt e fundit, i cili p\u00ebsoi l\u00ebndime serioze t\u00eb ngjashme me sulmet neurologjike t\u00eb njohura si Sindromi Havana, sipas zyrtar\u00ebve aktual\u00eb amerikan\u00eb raporton Wall Street Journal.<\/p>\n<p>Incidenti n\u00eb Ballkan, i cili nuk \u00ebsht\u00eb raportuar m\u00eb par\u00eb, \u00ebsht\u00eb i fundit n\u00eb at\u00eb q\u00eb zyrtar\u00ebt e p\u00ebrshkruajn\u00eb si nj\u00eb zgjerim t\u00eb vazhduesh\u00ebm t\u00eb sulmeve ndaj diplomat\u00ebve amerikan\u00eb t\u00eb dislokuar jasht\u00eb vendit nga sulmues t\u00eb panjohur duke p\u00ebrdorur at\u00eb q\u00eb zyrtar\u00ebt qeveritar\u00eb dhe shkenc\u00ebtar\u00ebt dyshojn\u00eb se \u00ebsht\u00eb nj\u00eb lloj sulmi me Burime energjie.<\/p>\n<p>\u201cN\u00eb 60 deri n\u00eb 90 dit\u00ebt e kaluara, ka pasur nj\u00eb num\u00ebr rastesh t\u00eb tjera t\u00eb raportuara\u201d n\u00eb tok\u00ebn amerikane dhe n\u00eb nivel global, tha Dr James Giordano, nj\u00eb profesor i neurologjis\u00eb n\u00eb Universitetin Georgetown i cili po k\u00ebshillon qeverin\u00eb amerikane p\u00ebr k\u00ebt\u00eb \u00e7\u00ebshtje. Sulmet e vazhdueshme, t\u00eb cilat mund t\u00eb shkaktojn\u00eb humbje t\u00eb kujtes\u00ebs dhe probleme t\u00eb tjera sh\u00ebndet\u00ebsore, kan\u00eb shkaktuar zhg\u00ebnjim brenda qeveris\u00eb amerikane.<\/p>\n<p>N\u00eb p\u00ebrgjith\u00ebsi, administrata e Biden e ka shnd\u00ebrruar gjetjen e burimit t\u00eb sulmeve nj\u00eb p\u00ebrpar\u00ebsi kryesore, tha nj\u00eb zyrtar i administrat\u00ebs. Z\u00ebdh\u00ebn\u00ebsit e CIA -s dhe Departamentit t\u00eb Shtetit than\u00eb gjithashtu se \u00e7\u00ebshtja ishte nj\u00eb shqet\u00ebsim par\u00ebsor dhe nuk pranuan t\u00eb diskutojn\u00eb rastin serb ose incidente t\u00eb tjera specifike.<\/p>\n<p>\u201cNe e marrim \u00e7do raport me seriozitet dhe po punojm\u00eb p\u00ebr t\u00eb siguruar q\u00eb punonj\u00ebsit e prekur t\u00eb marrin kujdesin dhe mb\u00ebshtetjen q\u00eb u nevojitet,\u201d tha z\u00ebdh\u00ebn\u00ebsi i Departamentit t\u00eb Shtetit.<\/p>\n<p>N\u00eb gusht, Zv Presidentja e SHteteve te Bashkuara Kamala Harris vonoi p\u00ebrkoh\u00ebsisht mb\u00ebrritjen e saj n\u00eb Vietnam pasi Departamenti i Shtetit e njoftoi zyr\u00ebn e saj p\u00ebr nj\u00eb \u201cincident t\u00eb mundsh\u00ebm sh\u00ebndet\u00ebsor anomal\u201d. Incidentet e pashpjegueshme sh\u00ebndet\u00ebsore njihen si Sindroma Havana sepse u shfaq\u00ebn p\u00ebr her\u00eb t\u00eb par\u00eb mes diplomat\u00ebve amerikan\u00eb dhe oficer\u00ebve t\u00eb inteligjenc\u00ebs n\u00eb Kub\u00eb n\u00eb fund t\u00eb vitit 2016.<\/p>\n<p>Simptomat p\u00ebrfshijn\u00eb marrje mend\u00ebsh, dhimbje koke, lodhje, t\u00eb vjella, ankth, v\u00ebshtir\u00ebsi njoh\u00ebse dhe humbje t\u00eb kujtes\u00ebs.<\/p>\n<p>Gazeta dita<\/p>\n","protected":false},"excerpt":{"rendered":"<p>Evakuohet nga Serbia oficeri amerikan i CIA-s. \u00a0\u00a0&#8211; \u201cSulme me burime energjie q\u00eb \u00e7ojn\u00eb n\u00eb humbje t\u00eb kujtes\u00ebs\u201d\/ Sindroma e Havan\u00ebs zgjerohet. 30 shtator \u00a02021 \u201cSulme me burime energjie q\u00eb \u00e7ojn\u00eb n\u00eb humbje t\u00eb kujtes\u00ebs\u201d\/ Sindroma e Havan\u00ebs zgjerohet, evakuohet nga Serbia oficeri amerikan i CIA-s CIA evakuoi nj\u00eb oficer t\u00eb inteligjenc\u00ebs q\u00eb sh\u00ebrbente n\u00eb [&hellip;]<\/p>\n","protected":false},"author":9,"featured_media":50216,"comment_status":"open","ping_status":"open","sticky":false,"template":"","format":"standard","meta":{"jetpack_post_was_ever_published":false,"_jetpack_newsletter_access":"","_jetpack_dont_email_post_to_subs":false,"_jetpack_newsletter_tier_id":0,"_jetpack_memberships_contains_paywalled_content":false,"_jetpack_memberships_contains_paid_content":false,"footnotes":"","jetpack_publicize_message":"","jetpack_publicize_feature_enabled":true,"jetpack_social_post_already_shared":true,"jetpack_social_options":{"image_generator_settings":{"template":"highway","default_image_id":0,"font":"","enabled":false},"version":2}},"categories":[27,35],"tags":[],"class_list":["post-50215","post","type-post","status-publish","format-standard","has-post-thumbnail","hentry","category-blogu-i-udhetarit","category-shoqerore"],"jetpack_publicize_connections":[],"jetpack_featured_media_url":"https:\/\/i0.wp.com\/www.shqiperia.com\/blog\/wp-content\/uploads\/2021\/10\/sindroma-havana-770x404-1-905x450-1.jpeg?fit=839%2C450&ssl=1","jetpack_sharing_enabled":true,"jetpack_shortlink":"https:\/\/wp.me\/p5Z6wp-d3V","jetpack-related-posts":[{"id":104193,"url":"https:\/\/www.shqiperia.com\/blog\/robert-papa-plas-bomben-alex-soros-mban-peng-edi-ramen-me-materiale-shantazhimi-hetimet-e-cia-dhe-fbi-po-e-cojne\/","url_meta":{"origin":50215,"position":0},"title":"Robert Papa plas \u201cbomb\u00ebn\u201d: &#8211; Alex Soros mban peng Edi Ram\u00ebn me materiale shantazhimi, hetimet e CIA dhe FBI po e \u00e7ojn\u00eb\u2026","author":"Kurt Farka","date":"August 11, 2026","format":false,"excerpt":"11 Gusht 2026 Gazetari i njohur shqiptaro-amerikan, Robert Papa ka deklaruar se Senati Amerikan ka miratuar em\u00ebrimin e nj\u00eb ish-gjenerali si ambasador n\u00eb Tiran\u00eb, duke e ngritur zyrtarisht nivelin e ambasad\u00ebs pasi Amerika e konsideron Tiran\u00ebn si nj\u00eb vend, ku rrezikohet siguria komb\u00ebtare e amerikan\u00ebve. Sipas tij, misioni i ri\u2026","rel":"","context":"In &quot;Blogu i Udh\u00ebtarit&quot;","block_context":{"text":"Blogu i Udh\u00ebtarit","link":"https:\/\/www.shqiperia.com\/blog\/category\/blogu-i-udhetarit\/"},"img":{"alt_text":"","src":"https:\/\/i0.wp.com\/www.shqiperia.com\/blog\/wp-content\/uploads\/2026\/08\/Edi-Rama.jpg?fit=736%2C476&ssl=1&resize=350%2C200","width":350,"height":200,"srcset":"https:\/\/i0.wp.com\/www.shqiperia.com\/blog\/wp-content\/uploads\/2026\/08\/Edi-Rama.jpg?fit=736%2C476&ssl=1&resize=350%2C200 1x, https:\/\/i0.wp.com\/www.shqiperia.com\/blog\/wp-content\/uploads\/2026\/08\/Edi-Rama.jpg?fit=736%2C476&ssl=1&resize=525%2C300 1.5x, https:\/\/i0.wp.com\/www.shqiperia.com\/blog\/wp-content\/uploads\/2026\/08\/Edi-Rama.jpg?fit=736%2C476&ssl=1&resize=700%2C400 2x"},"classes":[]},{"id":102258,"url":"https:\/\/www.shqiperia.com\/blog\/qeveria-rama-nen-hetim-per-trafik-droge-nga-shba\/","url_meta":{"origin":50215,"position":1},"title":"Qeveria \u201cRama\u201d n\u00ebn hetim p\u00ebr trafik droge nga SHBA","author":"Kurt Farka","date":"July 5, 2026","format":false,"excerpt":"5 Korrik 2026 Nga Rigels Seliman Teksa kryeministri Edi Rama prej nj\u00eb muaji \u00ebsht\u00eb n\u00eb presion p\u00ebr shkak t\u00eb protestave q\u00eb k\u00ebrkojn\u00eb dor\u00ebheqjen e tij, Uashingtoni ka ndezur zyrtarisht motor\u00ebt e nj\u00eb hetimi q\u00eb mund t\u00eb \u00e7oj\u00eb n\u00eb rr\u00ebzimin e parakohsh\u00ebm t\u00eb qeveris\u00eb \u201cRama\u201d. Kongresmeni republikan, Joe Wilson ka depozituar\u2026","rel":"","context":"In &quot;Blogu i Udh\u00ebtarit&quot;","block_context":{"text":"Blogu i Udh\u00ebtarit","link":"https:\/\/www.shqiperia.com\/blog\/category\/blogu-i-udhetarit\/"},"img":{"alt_text":"","src":"https:\/\/i0.wp.com\/www.shqiperia.com\/blog\/wp-content\/uploads\/2026\/07\/foto-2-1.png?fit=900%2C549&ssl=1&resize=350%2C200","width":350,"height":200,"srcset":"https:\/\/i0.wp.com\/www.shqiperia.com\/blog\/wp-content\/uploads\/2026\/07\/foto-2-1.png?fit=900%2C549&ssl=1&resize=350%2C200 1x, https:\/\/i0.wp.com\/www.shqiperia.com\/blog\/wp-content\/uploads\/2026\/07\/foto-2-1.png?fit=900%2C549&ssl=1&resize=525%2C300 1.5x, https:\/\/i0.wp.com\/www.shqiperia.com\/blog\/wp-content\/uploads\/2026\/07\/foto-2-1.png?fit=900%2C549&ssl=1&resize=700%2C400 2x"},"classes":[]},{"id":103403,"url":"https:\/\/www.shqiperia.com\/blog\/robotet-humanoide-futen-ne-listen-e-zeze-te-shba-se-trump-kufizon-importet-per-arsye-sigurie\/","url_meta":{"origin":50215,"position":2},"title":"Robot\u00ebt humanoid\u00eb futen n\u00eb \u201clist\u00ebn e zez\u00eb\u201d t\u00eb SHBA-s\u00eb\/ Trump kufizon importet p\u00ebr arsye sigurie","author":"Kurt Farka","date":"July 29, 2026","format":false,"excerpt":"29\u00a0 Korrik 2026 Administrata e presidentit amerikan Donald Trump ka vendosur kufizime t\u00eb reja p\u00ebr importin e disa teknologjive t\u00eb avancuara, duke ndaluar hyrjen n\u00eb tregun amerikan t\u00eb robot\u00ebve humanoid\u00eb dhe robot\u00ebve me kat\u00ebr k\u00ebmb\u00eb t\u00eb prodhuar jasht\u00eb vendit. Vendimi lidhet me shqet\u00ebsimet p\u00ebr sigurin\u00eb komb\u00ebtare dhe kontrollin e teknologjive\u2026","rel":"","context":"In &quot;Blogu i Udh\u00ebtarit&quot;","block_context":{"text":"Blogu i Udh\u00ebtarit","link":"https:\/\/www.shqiperia.com\/blog\/category\/blogu-i-udhetarit\/"},"img":{"alt_text":"","src":"https:\/\/i0.wp.com\/www.shqiperia.com\/blog\/wp-content\/uploads\/2026\/07\/640-0-po9u7y65rtejpg-1785312208.jpg?fit=640%2C464&ssl=1&resize=350%2C200","width":350,"height":200,"srcset":"https:\/\/i0.wp.com\/www.shqiperia.com\/blog\/wp-content\/uploads\/2026\/07\/640-0-po9u7y65rtejpg-1785312208.jpg?fit=640%2C464&ssl=1&resize=350%2C200 1x, https:\/\/i0.wp.com\/www.shqiperia.com\/blog\/wp-content\/uploads\/2026\/07\/640-0-po9u7y65rtejpg-1785312208.jpg?fit=640%2C464&ssl=1&resize=525%2C300 1.5x"},"classes":[]},{"id":105195,"url":"https:\/\/www.shqiperia.com\/blog\/udhetim-i-paparalajmeruar-mediat-amerikane-bejne-me-dije-se-drejtori-i-cia-s-mberrin-ne-moske-per-nje-vizite-sekrete\/","url_meta":{"origin":50215,"position":3},"title":"Udh\u00ebtim i paparalajm\u00ebruar\/ Mediat amerikane b\u00ebjn\u00eb me dije se, Drejtori i CIA-s mb\u00ebrrin n\u00eb Mosk\u00eb p\u00ebr nj\u00eb vizit\u00eb sekrete.","author":"Kurt Farka","date":"August 25, 2026","format":false,"excerpt":"25 Gusht 2026 Drejtori i CIA-s, John Ratcliffe, thuhet se mb\u00ebrriti n\u00eb Mosk\u00eb n\u00eb nj\u00eb udh\u00ebtim t\u00eb paparalajm\u00ebruar t\u00eb mart\u00ebn, sipas mediave amerikane. CBS News raportoi se Ratcliffe ishte n\u00eb kryeqytetin rus, duke cituar burime t\u00eb njohura me situat\u00ebn, shkruan Euronews. As Uashingtoni dhe as Moska nuk e kan\u00eb konfirmuar\u2026","rel":"","context":"In &quot;Blogu i Udh\u00ebtarit&quot;","block_context":{"text":"Blogu i Udh\u00ebtarit","link":"https:\/\/www.shqiperia.com\/blog\/category\/blogu-i-udhetarit\/"},"img":{"alt_text":"","src":"https:\/\/i0.wp.com\/www.shqiperia.com\/blog\/wp-content\/uploads\/2026\/08\/Drejtori-i-Cias-ne-Moske.png?fit=800%2C488&ssl=1&resize=350%2C200","width":350,"height":200,"srcset":"https:\/\/i0.wp.com\/www.shqiperia.com\/blog\/wp-content\/uploads\/2026\/08\/Drejtori-i-Cias-ne-Moske.png?fit=800%2C488&ssl=1&resize=350%2C200 1x, https:\/\/i0.wp.com\/www.shqiperia.com\/blog\/wp-content\/uploads\/2026\/08\/Drejtori-i-Cias-ne-Moske.png?fit=800%2C488&ssl=1&resize=525%2C300 1.5x, https:\/\/i0.wp.com\/www.shqiperia.com\/blog\/wp-content\/uploads\/2026\/08\/Drejtori-i-Cias-ne-Moske.png?fit=800%2C488&ssl=1&resize=700%2C400 2x"},"classes":[]},{"id":105182,"url":"https:\/\/www.shqiperia.com\/blog\/ndahet-nga-ne-artisti-rrustem-bali-cela\/","url_meta":{"origin":50215,"position":4},"title":"Ndahet nga ne artisti Rrustem Bali \u00c7ela","author":"Kurt Farka","date":"August 25, 2026","format":false,"excerpt":"25 Gusht 2026 N\u00eb p\u00ebrkujtim t\u00eb ikjes n\u00eb amshim t\u00eb rapsodit hasjan, Rrustem Bali \u00c7ela (1956-2026) RRUSTEM \u00c7ELA Z\u00cbRI I PAVDEKSH\u00cbM I FOLKLORIT SHQIPTAR Besim Muhadri Sot, bota e artit burimor mbar\u00ebshqiptar dhe, n\u00eb ve\u00e7anti, treva e Hasit, mor\u00ebn lajmin e hidhur p\u00ebr ndarjen nga jeta t\u00eb Rrustem \u00c7el\u00ebs, rapsodit\u2026","rel":"","context":"In &quot;Arte&quot;","block_context":{"text":"Arte","link":"https:\/\/www.shqiperia.com\/blog\/category\/arte\/"},"img":{"alt_text":"","src":"https:\/\/i0.wp.com\/www.shqiperia.com\/blog\/wp-content\/uploads\/2026\/08\/Rrustem-Bali-Cela.jpg?fit=510%2C380&ssl=1&resize=350%2C200","width":350,"height":200},"classes":[]},{"id":102633,"url":"https:\/\/www.shqiperia.com\/blog\/washington-examiner-zemerimi-kunder-pasurimit-te-rames-ka-arritur-kulmin\/","url_meta":{"origin":50215,"position":5},"title":"\u201cWashington Examiner\u201d: &#8211; Zem\u00ebrimi kund\u00ebr pasurimit t\u00eb Ram\u00ebs ka arritur kulmin!","author":"Kurt Farka","date":"July 13, 2026","format":false,"excerpt":"13 Korrik 2026 ... Sipas autorit, Edi Rama, si drejtues i Partis\u00eb Socialiste, e mori n\u00ebn kontroll SPAK-un dhe e p\u00ebrdori at\u00eb p\u00ebr t\u00eb goditur k\u00ebdo q\u00eb rrezikonte pushtetin e tij... \u201cWashington Examiner\u201d i ka kushtuar\u00a0nj\u00eb artikull\u00a0protestave masive q\u00eb vazhdojn\u00eb prej mbi nj\u00eb muaji kund\u00ebr qeveris\u00eb s\u00eb kryeministrit Edi Rama.\u2026","rel":"","context":"In &quot;Blogu i Udh\u00ebtarit&quot;","block_context":{"text":"Blogu i Udh\u00ebtarit","link":"https:\/\/www.shqiperia.com\/blog\/category\/blogu-i-udhetarit\/"},"img":{"alt_text":"","src":"https:\/\/i0.wp.com\/www.shqiperia.com\/blog\/wp-content\/uploads\/2026\/07\/protesta-e-4-korrikut-2.jpg?fit=832%2C556&ssl=1&resize=350%2C200","width":350,"height":200,"srcset":"https:\/\/i0.wp.com\/www.shqiperia.com\/blog\/wp-content\/uploads\/2026\/07\/protesta-e-4-korrikut-2.jpg?fit=832%2C556&ssl=1&resize=350%2C200 1x, https:\/\/i0.wp.com\/www.shqiperia.com\/blog\/wp-content\/uploads\/2026\/07\/protesta-e-4-korrikut-2.jpg?fit=832%2C556&ssl=1&resize=525%2C300 1.5x, https:\/\/i0.wp.com\/www.shqiperia.com\/blog\/wp-content\/uploads\/2026\/07\/protesta-e-4-korrikut-2.jpg?fit=832%2C556&ssl=1&resize=700%2C400 2x"},"classes":[]}],"_links":{"self":[{"href":"https:\/\/www.shqiperia.com\/blog\/wp-json\/wp\/v2\/posts\/50215","targetHints":{"allow":["GET"]}}],"collection":[{"href":"https:\/\/www.shqiperia.com\/blog\/wp-json\/wp\/v2\/posts"}],"about":[{"href":"https:\/\/www.shqiperia.com\/blog\/wp-json\/wp\/v2\/types\/post"}],"author":[{"embeddable":true,"href":"https:\/\/www.shqiperia.com\/blog\/wp-json\/wp\/v2\/users\/9"}],"replies":[{"embeddable":true,"href":"https:\/\/www.shqiperia.com\/blog\/wp-json\/wp\/v2\/comments?post=50215"}],"version-history":[{"count":1,"href":"https:\/\/www.shqiperia.com\/blog\/wp-json\/wp\/v2\/posts\/50215\/revisions"}],"predecessor-version":[{"id":50217,"href":"https:\/\/www.shqiperia.com\/blog\/wp-json\/wp\/v2\/posts\/50215\/revisions\/50217"}],"wp:featuredmedia":[{"embeddable":true,"href":"https:\/\/www.shqiperia.com\/blog\/wp-json\/wp\/v2\/media\/50216"}],"wp:attachment":[{"href":"https:\/\/www.shqiperia.com\/blog\/wp-json\/wp\/v2\/media?parent=50215"}],"wp:term":[{"taxonomy":"category","embeddable":true,"href":"https:\/\/www.shqiperia.com\/blog\/wp-json\/wp\/v2\/categories?post=50215"},{"taxonomy":"post_tag","embeddable":true,"href":"https:\/\/www.shqiperia.com\/blog\/wp-json\/wp\/v2\/tags?post=50215"}],"curies":[{"name":"wp","href":"https:\/\/api.w.org\/{rel}","templated":true}]}}