{"id":50199,"date":"2021-09-30T12:23:52","date_gmt":"2021-09-30T12:23:52","guid":{"rendered":"https:\/\/www.shqiperia.com\/blog\/?p=50199"},"modified":"2021-09-30T12:23:52","modified_gmt":"2021-09-30T12:23:52","slug":"rikthim-vizash-per-shqiptaret-rtv-ora-siguron-kerkesen-e-bere-me-27-shtator-nga-gjermania-franca-dhe-italia","status":"publish","type":"post","link":"https:\/\/www.shqiperia.com\/blog\/rikthim-vizash-per-shqiptaret-rtv-ora-siguron-kerkesen-e-bere-me-27-shtator-nga-gjermania-franca-dhe-italia\/","title":{"rendered":"Rikthim vizash p\u00ebr shqiptar\u00ebt!? &#8211; Rtv Ora siguron k\u00ebrkes\u00ebn e b\u00ebr\u00eb me 27 shtator nga Gjermania, Franca dhe Italia"},"content":{"rendered":"<p><img data-recalc-dims=\"1\" loading=\"lazy\" decoding=\"async\" data-attachment-id=\"50200\" data-permalink=\"https:\/\/www.shqiperia.com\/blog\/rikthim-vizash-per-shqiptaret-rtv-ora-siguron-kerkesen-e-bere-me-27-shtator-nga-gjermania-franca-dhe-italia\/640-0-6155aa80bd69c\/\" data-orig-file=\"https:\/\/i0.wp.com\/www.shqiperia.com\/blog\/wp-content\/uploads\/2021\/09\/640-0-6155aa80bd69c.jpg?fit=640%2C381&amp;ssl=1\" data-orig-size=\"640,381\" data-comments-opened=\"1\" data-image-meta=\"{&quot;aperture&quot;:&quot;0&quot;,&quot;credit&quot;:&quot;&quot;,&quot;camera&quot;:&quot;&quot;,&quot;caption&quot;:&quot;&quot;,&quot;created_timestamp&quot;:&quot;0&quot;,&quot;copyright&quot;:&quot;&quot;,&quot;focal_length&quot;:&quot;0&quot;,&quot;iso&quot;:&quot;0&quot;,&quot;shutter_speed&quot;:&quot;0&quot;,&quot;title&quot;:&quot;&quot;,&quot;orientation&quot;:&quot;0&quot;}\" data-image-title=\"-640-0-6155aa80bd69c\" data-image-description=\"\" data-image-caption=\"\" data-medium-file=\"https:\/\/i0.wp.com\/www.shqiperia.com\/blog\/wp-content\/uploads\/2021\/09\/640-0-6155aa80bd69c.jpg?fit=300%2C179&amp;ssl=1\" data-large-file=\"https:\/\/i0.wp.com\/www.shqiperia.com\/blog\/wp-content\/uploads\/2021\/09\/640-0-6155aa80bd69c.jpg?fit=640%2C381&amp;ssl=1\" class=\"alignnone  wp-image-50200\" alt=\"\" src=\"https:\/\/i0.wp.com\/www.shqiperia.com\/blog\/wp-content\/uploads\/2021\/09\/640-0-6155aa80bd69c.jpg?resize=600%2C358&#038;ssl=1\" width=\"600\" height=\"358\" srcset=\"https:\/\/i0.wp.com\/www.shqiperia.com\/blog\/wp-content\/uploads\/2021\/09\/640-0-6155aa80bd69c.jpg?resize=300%2C179&amp;ssl=1 300w, https:\/\/i0.wp.com\/www.shqiperia.com\/blog\/wp-content\/uploads\/2021\/09\/640-0-6155aa80bd69c.jpg?resize=450%2C268&amp;ssl=1 450w, https:\/\/i0.wp.com\/www.shqiperia.com\/blog\/wp-content\/uploads\/2021\/09\/640-0-6155aa80bd69c.jpg?resize=600%2C357&amp;ssl=1 600w, https:\/\/i0.wp.com\/www.shqiperia.com\/blog\/wp-content\/uploads\/2021\/09\/640-0-6155aa80bd69c.jpg?resize=400%2C238&amp;ssl=1 400w, https:\/\/i0.wp.com\/www.shqiperia.com\/blog\/wp-content\/uploads\/2021\/09\/640-0-6155aa80bd69c.jpg?w=640&amp;ssl=1 640w\" sizes=\"auto, (max-width: 600px) 100vw, 600px\" \/><\/p>\n<p>Rikthim vizash p\u00ebr shqiptar\u00ebt!? &#8211; Rtv Ora siguron k\u00ebrkes\u00ebn e b\u00ebr\u00eb me 27 shtator nga Gjermania, Franca dhe Italia<\/p>\n<p>Nga Alba Kepi<\/p>\n<p>Tashm\u00eb rikthimi i vizave p\u00ebr shqiptar\u00ebt me vendet e BE duket se nuk \u00ebsht\u00eb m\u00eb nj\u00eb k\u00ebrkes\u00eb apo nj\u00eb tek e ndonj\u00eb vendi t\u00eb BE. 3 vende t\u00eb BE, Gjermania , Franca dhe Italia kan\u00eb paraqitur nj\u00eb k\u00ebrkes\u00eb t\u00eb ngjahsme q\u00eb mban dat\u00ebn 27 shtator duke e argumentuar me numrin e lart\u00eb t\u00eb k\u00ebrkesave p\u00ebr azil apo q\u00ebndrimin p\u00ebrtej 90 dit\u00ebve t\u00eb lejuara. Nj\u00eb gj\u00eb e till\u00eb duket si nj\u00eb paradoks, duke q\u00ebn\u00eb q\u00eb Shqip\u00ebria aktualisht pret nj\u00eb p\u00ebrgjigje pozitive p\u00ebrsa i p\u00ebrket hapjes s\u00eb negociatave me BE.<\/p>\n<p>Numri i lart\u00eb i k\u00ebrkesave p\u00ebr azil nga Shqip\u00ebria mund t\u00eb kthehet n\u00eb nj\u00eb makth t\u00eb v\u00ebrtet\u00eb p\u00ebr shqiptar\u00ebt e t\u00eb sh\u00ebnojn\u00eb hapa pas p\u00ebrsa i p\u00ebrket l\u00ebvizjes s\u00eb lir\u00eb ne vendet e zon\u00ebs Shengen.<\/p>\n<p>Nj\u00eb dit\u00eb para vizit\u00ebs s\u00eb kryekomisionere europiane Ursula Von Der Leyen n\u00eb Ballkan, nj\u00eb dokument i brendsh\u00ebm \u00ebsht\u00eb shp\u00ebrndar\u00eb mes vendeve an\u00ebtare t\u00eb Bashkimit Europian, i cili ka shkaktuar diskutime mbi mund\u00ebsin\u00eb e pezullimit t\u00eb regjimit t\u00eb udh\u00ebtimeve pa viza p\u00ebr vendet e Ballkanit Per\u00ebndimor, p\u00ebrfshir\u00eb Shqip\u00ebrin\u00eb, Moldavin\u00eb, Gjeorgjin\u00eb dhe Ukrain\u00ebn.<\/p>\n<p>Dokumenti q\u00eb disponon dhe\u00a0 Rtv Ora daton n\u00eb 27 shtator 2021 dhe vjen pak dit\u00eb\u00a0 para takimit t\u00eb nivelit t\u00eb lart\u00eb mbi vendet e Ballkanit Per\u00ebndimor e mbi Ukrain\u00ebn q\u00eb priten t\u00eb mbahen n\u00eb muajin tetor n\u00ebn Presidenc\u00ebn sllovene t\u00eb KE.<\/p>\n<p>K\u00ebrkesat e shumta p\u00ebr azil, Gjermania &#8220;k\u00ebrc\u00ebnon&#8221; me rikthimin e vizave p\u00ebr Shqip\u00ebrin\u00eb<\/p>\n<p>N\u00eb k\u00ebt\u00eb dokument vler\u00ebsohet se udh\u00ebtimi pa viza mes Bashkimit Euopian e vendeve t\u00eb Ballkanit Per\u00ebndimor \u00ebsht\u00eb nj\u00eb arritje e r\u00ebnd\u00ebsishme e po ashtu dhe me vendet ish-sovjetike n\u00ebn nism\u00ebn e partneritetit lindor.<\/p>\n<p>Por duket se jo t\u00eb gjitha vendet an\u00ebtare jan\u00eb t\u00eb k\u00ebnaqura, pasi dyshohet mbi nj\u00eb abuzim t\u00eb k\u00ebtyre vendeve me k\u00ebt\u00eb t\u00eb drejt\u00eb udh\u00ebtimi 90 ditor pa viza n\u00eb territorin e BE.<\/p>\n<p>N\u00eb ve\u00e7anti Gjermania rendit Shqip\u00ebrin\u00eb e Serbin\u00eb mes 10 vendeve me nurmin m\u00eb t\u00eb lart\u00eb t\u00eb emigrant\u00ebve t\u00eb parregullt e k\u00ebrkesave p\u00ebr azil megjith\u00eb uljen q\u00eb u sh\u00ebnua nj\u00eb vit m\u00eb par\u00eb nga pandemia globale.<\/p>\n<p>Gjermania ka regjistruar nj\u00eb rritje emigracioni t\u00eb parregullt e banim t\u00eb pautorizuar n\u00eb territorin e tyre nga vendet si Shqip\u00ebria, Moldavia e Ukraina.<\/p>\n<p>N\u00eb dokument delegacioni gjerman n\u00ebnvizon se n\u00ebse nuk do t\u00eb ket\u00eb ngadal\u00ebsim apo p\u00ebrmir\u00ebsim nga vendet e treta ndaj k\u00ebtij fenomeni, pezullimi i udh\u00ebtimeve pa viza do t\u00eb jet\u00eb nj\u00eb opsion real.<\/p>\n<p>T\u00eb nj\u00ebjtat pak\u00ebnaq\u00ebsi ndaj Shqip\u00ebris\u00eb, Serbis\u00eb e Gjeorgjis\u00eb mbi k\u00ebt\u00eb fenomen ka shprehur dhe Franca.<\/p>\n<p>Italia nga ana e saj si\u00e7 lexohet n\u00eb dokumentin e siguruar ekskluzivisht nga Rtv Ora, shprehet se e konsideron angazhimin e pes\u00eb vendeve t\u00eb Ballkanit Per\u00ebndimor n\u00eb fushat e drejt\u00ebsis\u00eb, siguris\u00eb dhe lirive themelore si t\u00eb k\u00ebnaqshme dhe mb\u00ebshtet zbatimin e reformave n\u00eb k\u00ebto sektor\u00eb.<\/p>\n<p>&#8220;P\u00ebr k\u00ebt\u00eb q\u00ebllim, Ministria e Brendshme italiane \u00ebsht\u00eb e impenjuar n\u00eb projektin &#8220;Kund\u00ebrv\u00ebnja ndaj krimit t\u00eb r\u00ebnd\u00eb n\u00eb Ballkanin Per\u00ebndimor&#8221;, e q\u00eb ka p\u00ebr q\u00ebllim nxitjen e standardeve t\u00eb funksionimit t\u00eb institucioneve gjyq\u00ebsore dhe policore n\u00eb k\u00ebto pes\u00eb vende drejt aderimit t\u00eb ardhsh\u00ebm n\u00eb Bashkimin Evropian.<\/p>\n<p>Sipas k\u00ebsaj nisme, oficer\u00ebt e policis\u00eb italiane jan\u00eb vendosur n\u00eb kryeqytetet e pes\u00eb vendeve t\u00eb Ballkanit Per\u00ebndimor, duke mb\u00ebshtetur autoritetet lokale n\u00eb luft\u00ebn kund\u00ebr krimit t\u00eb organizuar dhe duke kontribuar n\u00eb forcimin e mekanizmave t\u00eb ndarjes s\u00eb informacionit&#8221;.<\/p>\n<p>Mbi problematik\u00ebn e abuzimit me sistemin e udh\u00ebtimeve pa viza me k\u00ebto vende, Italia shprehet e shqet\u00ebsuar me Moldavin\u00eb, duke n\u00ebnvizuar se rrjeti i trafikut t\u00eb paligjsh\u00ebm njer\u00ebzor po abuzon me k\u00ebt\u00eb sistem.<\/p>\n<p><img data-recalc-dims=\"1\" loading=\"lazy\" decoding=\"async\" data-attachment-id=\"50201\" data-permalink=\"https:\/\/www.shqiperia.com\/blog\/rikthim-vizash-per-shqiptaret-rtv-ora-siguron-kerkesen-e-bere-me-27-shtator-nga-gjermania-franca-dhe-italia\/640-0-6155aa75b0ec9\/\" data-orig-file=\"https:\/\/i0.wp.com\/www.shqiperia.com\/blog\/wp-content\/uploads\/2021\/09\/640-0-6155aa75b0ec9.jpg?fit=640%2C583&amp;ssl=1\" data-orig-size=\"640,583\" data-comments-opened=\"1\" data-image-meta=\"{&quot;aperture&quot;:&quot;0&quot;,&quot;credit&quot;:&quot;&quot;,&quot;camera&quot;:&quot;&quot;,&quot;caption&quot;:&quot;&quot;,&quot;created_timestamp&quot;:&quot;0&quot;,&quot;copyright&quot;:&quot;&quot;,&quot;focal_length&quot;:&quot;0&quot;,&quot;iso&quot;:&quot;0&quot;,&quot;shutter_speed&quot;:&quot;0&quot;,&quot;title&quot;:&quot;&quot;,&quot;orientation&quot;:&quot;0&quot;}\" data-image-title=\"-640-0-6155aa75b0ec9\" data-image-description=\"\" data-image-caption=\"\" data-medium-file=\"https:\/\/i0.wp.com\/www.shqiperia.com\/blog\/wp-content\/uploads\/2021\/09\/640-0-6155aa75b0ec9.jpg?fit=300%2C273&amp;ssl=1\" data-large-file=\"https:\/\/i0.wp.com\/www.shqiperia.com\/blog\/wp-content\/uploads\/2021\/09\/640-0-6155aa75b0ec9.jpg?fit=640%2C583&amp;ssl=1\" class=\"alignnone  wp-image-50201\" alt=\"\" src=\"https:\/\/i0.wp.com\/www.shqiperia.com\/blog\/wp-content\/uploads\/2021\/09\/640-0-6155aa75b0ec9.jpg?resize=656%2C597&#038;ssl=1\" width=\"656\" height=\"597\" srcset=\"https:\/\/i0.wp.com\/www.shqiperia.com\/blog\/wp-content\/uploads\/2021\/09\/640-0-6155aa75b0ec9.jpg?resize=300%2C273&amp;ssl=1 300w, https:\/\/i0.wp.com\/www.shqiperia.com\/blog\/wp-content\/uploads\/2021\/09\/640-0-6155aa75b0ec9.jpg?resize=450%2C410&amp;ssl=1 450w, https:\/\/i0.wp.com\/www.shqiperia.com\/blog\/wp-content\/uploads\/2021\/09\/640-0-6155aa75b0ec9.jpg?resize=600%2C547&amp;ssl=1 600w, https:\/\/i0.wp.com\/www.shqiperia.com\/blog\/wp-content\/uploads\/2021\/09\/640-0-6155aa75b0ec9.jpg?resize=400%2C364&amp;ssl=1 400w, https:\/\/i0.wp.com\/www.shqiperia.com\/blog\/wp-content\/uploads\/2021\/09\/640-0-6155aa75b0ec9.jpg?w=640&amp;ssl=1 640w\" sizes=\"auto, (max-width: 656px) 100vw, 656px\" \/> <img data-recalc-dims=\"1\" loading=\"lazy\" decoding=\"async\" data-attachment-id=\"50202\" data-permalink=\"https:\/\/www.shqiperia.com\/blog\/rikthim-vizash-per-shqiptaret-rtv-ora-siguron-kerkesen-e-bere-me-27-shtator-nga-gjermania-franca-dhe-italia\/640-0-6155aa80bd69c-copy\/\" data-orig-file=\"https:\/\/i0.wp.com\/www.shqiperia.com\/blog\/wp-content\/uploads\/2021\/09\/640-0-6155aa80bd69c-Copy.jpg?fit=640%2C604&amp;ssl=1\" data-orig-size=\"640,604\" data-comments-opened=\"1\" data-image-meta=\"{&quot;aperture&quot;:&quot;0&quot;,&quot;credit&quot;:&quot;&quot;,&quot;camera&quot;:&quot;&quot;,&quot;caption&quot;:&quot;&quot;,&quot;created_timestamp&quot;:&quot;0&quot;,&quot;copyright&quot;:&quot;&quot;,&quot;focal_length&quot;:&quot;0&quot;,&quot;iso&quot;:&quot;0&quot;,&quot;shutter_speed&quot;:&quot;0&quot;,&quot;title&quot;:&quot;&quot;,&quot;orientation&quot;:&quot;0&quot;}\" data-image-title=\"-640-0-6155aa80bd69c &#8211; Copy\" data-image-description=\"\" data-image-caption=\"\" data-medium-file=\"https:\/\/i0.wp.com\/www.shqiperia.com\/blog\/wp-content\/uploads\/2021\/09\/640-0-6155aa80bd69c-Copy.jpg?fit=300%2C283&amp;ssl=1\" data-large-file=\"https:\/\/i0.wp.com\/www.shqiperia.com\/blog\/wp-content\/uploads\/2021\/09\/640-0-6155aa80bd69c-Copy.jpg?fit=640%2C604&amp;ssl=1\" class=\"alignnone  wp-image-50202\" alt=\"\" src=\"https:\/\/i0.wp.com\/www.shqiperia.com\/blog\/wp-content\/uploads\/2021\/09\/640-0-6155aa80bd69c-Copy.jpg?resize=587%2C552&#038;ssl=1\" width=\"587\" height=\"552\" \/><\/p>\n<p>Qeveria e Rom\u00ebs ka hedhur iden\u00eb e pezullimi t\u00eb udh\u00ebtimeve pa viza p\u00ebr Moldavin\u00eb n\u00eb rast t\u00eb thellimit t\u00eb k\u00ebtij fenomeni.<\/p>\n<p>Prej dhjetorit t\u00eb vitit 2009 \u00ebsht\u00eb lejuar udh\u00ebtimi pa viza drejt BE nga vendet Mali i Zi, Serbia dhe Maqedonia e Veriut<\/p>\n<p>Kjo u pasua n\u00eb vitin 2010 me Shqip\u00ebrin\u00eb dhe Bosnje Hercegovin\u00ebn, Moldavin\u00eb n\u00eb vitin 2014 dhe Gjeorgjin\u00eb dhe Ukrain\u00ebn n\u00eb vitin 2017.<\/p>\n<p>Nga RTV Ora<\/p>\n","protected":false},"excerpt":{"rendered":"<p>Rikthim vizash p\u00ebr shqiptar\u00ebt!? &#8211; Rtv Ora siguron k\u00ebrkes\u00ebn e b\u00ebr\u00eb me 27 shtator nga Gjermania, Franca dhe Italia Nga Alba Kepi Tashm\u00eb rikthimi i vizave p\u00ebr shqiptar\u00ebt me vendet e BE duket se nuk \u00ebsht\u00eb m\u00eb nj\u00eb k\u00ebrkes\u00eb apo nj\u00eb tek e ndonj\u00eb vendi t\u00eb BE. 3 vende t\u00eb BE, Gjermania , Franca dhe [&hellip;]<\/p>\n","protected":false},"author":9,"featured_media":50200,"comment_status":"open","ping_status":"open","sticky":false,"template":"","format":"standard","meta":{"jetpack_post_was_ever_published":false,"_jetpack_newsletter_access":"","_jetpack_dont_email_post_to_subs":false,"_jetpack_newsletter_tier_id":0,"_jetpack_memberships_contains_paywalled_content":false,"_jetpack_memberships_contains_paid_content":false,"footnotes":"","jetpack_publicize_message":"","jetpack_publicize_feature_enabled":true,"jetpack_social_post_already_shared":true,"jetpack_social_options":{"image_generator_settings":{"template":"highway","default_image_id":0,"font":"","enabled":false},"version":2}},"categories":[27,2],"tags":[],"class_list":["post-50199","post","type-post","status-publish","format-standard","has-post-thumbnail","hentry","category-blogu-i-udhetarit","category-politika"],"jetpack_publicize_connections":[],"jetpack_featured_media_url":"https:\/\/i0.wp.com\/www.shqiperia.com\/blog\/wp-content\/uploads\/2021\/09\/640-0-6155aa80bd69c.jpg?fit=640%2C381&ssl=1","jetpack_sharing_enabled":true,"jetpack_shortlink":"https:\/\/wp.me\/p5Z6wp-d3F","jetpack-related-posts":[{"id":101642,"url":"https:\/\/www.shqiperia.com\/blog\/shqiptaret-nga-anglia-franca-dhe-gjermania-jane-nisur-ketu\/","url_meta":{"origin":50199,"position":0},"title":"Shqiptar\u00ebt nga Anglia, Franca dhe Gjermania jan\u00eb nisur k\u00ebtu","author":"Kurt Farka","date":"June 19, 2026","format":false,"excerpt":"Aktivistja Lu\u00e7iana Kokaj foli nga protesta para Kryeministris\u00eb n\u00eb dit\u00ebn e 19-t\u00eb, ku u shpreh se shqiptar\u00ebt e diaspor\u00ebs nga Anglia, Gjermania, Franca, Belgjika jan\u00eb nisur p\u00ebr n\u00eb atdhe.Sakaq, ftoi protestuesit t\u00eb rezistojn\u00eb pasi betejat tha ajo i fitojn\u00eb ata q\u00eb rezistojn\u00eb. Lu\u00e7iana Kokaj:\u00a0Shqiptar\u00eb nga Anglia, nga Franca, Belgjika e\u2026","rel":"","context":"In &quot;Blogu i Udh\u00ebtarit&quot;","block_context":{"text":"Blogu i Udh\u00ebtarit","link":"https:\/\/www.shqiperia.com\/blog\/category\/blogu-i-udhetarit\/"},"img":{"alt_text":"","src":"https:\/\/i0.wp.com\/www.shqiperia.com\/blog\/wp-content\/uploads\/2026\/06\/IMG_9907-1-300x173.jpeg?resize=350%2C200&ssl=1","width":350,"height":200,"srcset":"https:\/\/i0.wp.com\/www.shqiperia.com\/blog\/wp-content\/uploads\/2026\/06\/IMG_9907-1-300x173.jpeg?resize=350%2C200&ssl=1 1x, https:\/\/i0.wp.com\/www.shqiperia.com\/blog\/wp-content\/uploads\/2026\/06\/IMG_9907-1-300x173.jpeg?resize=525%2C300&ssl=1 1.5x"},"classes":[]},{"id":96602,"url":"https:\/\/www.shqiperia.com\/blog\/vijon-shpopullimi-kerkesat-per-azil-nga-shqiptaret-ne-be-u-rriten-serish-ne-tetor-2025-niveli-me-i-larte\/","url_meta":{"origin":50199,"position":1},"title":"Vijon shpopullimi\/ K\u00ebrkesat p\u00ebr azil nga shqiptar\u00ebt n\u00eb BE u rrit\u00ebn s\u00ebrish n\u00eb tetor 2025, niveli m\u00eb i lart\u00eb&#8230;","author":"Kurt Farka","date":"January 15, 2026","format":false,"excerpt":"15 Janar 2026 Pavar\u00ebsisht rritjes s\u00eb tetorit, p\u00ebr 10 mujorin 2025, aplikimet p\u00ebr mbrojtje nd\u00ebrkomb\u00ebtare kan\u00eb qen\u00eb n\u00eb r\u00ebnie. P\u00ebr periudh\u00ebn janar-tetor ishin gjithsej 4345 persona q\u00eb k\u00ebrkuan azil, me nj\u00eb r\u00ebnie prej 29.5% n\u00eb krahasim me t\u00eb nj\u00ebjt\u00ebn periudh\u00eb t\u00eb nj\u00eb viti m\u00eb par\u00eb. N\u00eb raport me vitin 2022,\u2026","rel":"","context":"In &quot;Blogu i Udh\u00ebtarit&quot;","block_context":{"text":"Blogu i Udh\u00ebtarit","link":"https:\/\/www.shqiperia.com\/blog\/category\/blogu-i-udhetarit\/"},"img":{"alt_text":"","src":"https:\/\/i0.wp.com\/www.shqiperia.com\/blog\/wp-content\/uploads\/2026\/01\/auto_azil1768479991.jpg?fit=900%2C507&ssl=1&resize=350%2C200","width":350,"height":200,"srcset":"https:\/\/i0.wp.com\/www.shqiperia.com\/blog\/wp-content\/uploads\/2026\/01\/auto_azil1768479991.jpg?fit=900%2C507&ssl=1&resize=350%2C200 1x, https:\/\/i0.wp.com\/www.shqiperia.com\/blog\/wp-content\/uploads\/2026\/01\/auto_azil1768479991.jpg?fit=900%2C507&ssl=1&resize=525%2C300 1.5x, https:\/\/i0.wp.com\/www.shqiperia.com\/blog\/wp-content\/uploads\/2026\/01\/auto_azil1768479991.jpg?fit=900%2C507&ssl=1&resize=700%2C400 2x"},"classes":[]},{"id":101327,"url":"https:\/\/www.shqiperia.com\/blog\/tubimi-madheshtor-nuk-ndalet-dita-e-10-e-protestes-kunder-rames-shqiptaret-kerkojne-doreheqjen-e-kryeministrit-revolucion\/","url_meta":{"origin":50199,"position":2},"title":"Tubimi madh\u00ebshtor nuk ndalet\/ Dita e 10 e protest\u00ebs kund\u00ebr Ram\u00ebs! Shqiptar\u00ebt k\u00ebrkojn\u00eb dor\u00ebheqjen e kryeministrit: Revolucion","author":"Kurt Farka","date":"June 9, 2026","format":false,"excerpt":"9 Qershor 2026 Mesazhi i k\u00ebsaj proteste \u00ebsht\u00eb i qart\u00eb. Shqiptar\u00ebt k\u00ebrkojn\u00eb dor\u00ebheqjen e kryeministrit Edi Rama. Mij\u00ebra protestues marshojn\u00eb n\u00eb kryeqytet n\u00eb \u00e7do rrug\u00eb, n\u00eb \u00e7do cep dhe k\u00ebrkojn\u00eb largimin e Ram\u00ebs. Nj\u00eb protest\u00eb q\u00eb vazhdon prej 10 dit\u00ebsh dhe q\u00eb duket se nuk do t\u00eb ndalet deri n\u00eb\u2026","rel":"","context":"In &quot;Blogu i Udh\u00ebtarit&quot;","block_context":{"text":"Blogu i Udh\u00ebtarit","link":"https:\/\/www.shqiperia.com\/blog\/category\/blogu-i-udhetarit\/"},"img":{"alt_text":"","src":"https:\/\/i0.wp.com\/www.shqiperia.com\/blog\/wp-content\/uploads\/2026\/06\/hq720-1.jpg?fit=686%2C386&ssl=1&resize=350%2C200","width":350,"height":200,"srcset":"https:\/\/i0.wp.com\/www.shqiperia.com\/blog\/wp-content\/uploads\/2026\/06\/hq720-1.jpg?fit=686%2C386&ssl=1&resize=350%2C200 1x, https:\/\/i0.wp.com\/www.shqiperia.com\/blog\/wp-content\/uploads\/2026\/06\/hq720-1.jpg?fit=686%2C386&ssl=1&resize=525%2C300 1.5x"},"classes":[]},{"id":104143,"url":"https:\/\/www.shqiperia.com\/blog\/ambasada-ne-tirane-ndan-mesazhin-e-marco-rubios-nje-vend-qe-nuk-siguron-burimet-jetike-dhe-nuk-prodhon-ilace-smund-te-mbroje-popullin-e-tij\/","url_meta":{"origin":50199,"position":3},"title":"Ambasada n\u00eb Tiran\u00eb ndan mesazhin e Marco Rubios: = Nj\u00eb vend q\u00eb nuk siguron burimet jetike dhe nuk prodhon ila\u00e7e, s\u2019mund t\u00eb mbroj\u00eb popullin e tij","author":"Kurt Farka","date":"August 10, 2026","format":false,"excerpt":"10 Gusht 2026 Ambasada e Shteteve t\u00eb Bashkuara n\u00eb Tiran\u00eb ka shp\u00ebrndar\u00eb nj\u00eb deklarat\u00eb t\u00eb Sekretarit amerikan t\u00eb Shtetit, Marco Rubio, ku theksohet se politika e jashtme nuk mund t\u00eb shihet e shk\u00ebputur nga fuqia ekonomike, kontrolli i kufijve dhe siguria energjetike. Mesazhi nuk specifikon nj\u00eb shtet apo qeveri t\u00eb\u2026","rel":"","context":"In &quot;Blogu i Udh\u00ebtarit&quot;","block_context":{"text":"Blogu i Udh\u00ebtarit","link":"https:\/\/www.shqiperia.com\/blog\/category\/blogu-i-udhetarit\/"},"img":{"alt_text":"","src":"https:\/\/i0.wp.com\/www.shqiperia.com\/blog\/wp-content\/uploads\/2026\/08\/marco-rubio.jpg?fit=686%2C435&ssl=1&resize=350%2C200","width":350,"height":200,"srcset":"https:\/\/i0.wp.com\/www.shqiperia.com\/blog\/wp-content\/uploads\/2026\/08\/marco-rubio.jpg?fit=686%2C435&ssl=1&resize=350%2C200 1x, https:\/\/i0.wp.com\/www.shqiperia.com\/blog\/wp-content\/uploads\/2026\/08\/marco-rubio.jpg?fit=686%2C435&ssl=1&resize=525%2C300 1.5x"},"classes":[]},{"id":105565,"url":"https:\/\/www.shqiperia.com\/blog\/duhet-te-mobilizohemi-per-mosbindje-civile-me-12-shtator-diaspora-zbarkon-fuqimisht-ne-tirane\/","url_meta":{"origin":50199,"position":4},"title":"&#8220;Duhet t\u00eb mobilizohemi p\u00ebr mosbindje civile&#8221;\/ M\u00eb 12 shtator diaspora &#8216;zbarkon&#8217; fuqimisht n\u00eb Tiran\u00eb.","author":"Kurt Farka","date":"August 31, 2026","format":false,"excerpt":"31 Gusht 2026 Aktivisti shqiptar q\u00eb jeton n\u00eb Britani, Ilir Dedej, i ftuar ne nje lidhje te drejteperdrejte televizive ka komentuar protestat kund\u00ebr qeveris\u00eb, duke deklaruar se pas 93 dit\u00ebsh mobilizimi qytetar, sipas tij, pushteti i kryeministrit Edi Rama \u00ebsht\u00eb dob\u00ebsuar. Dedej tha se protesta duhet t\u00eb shkoj\u00eb p\u00ebrtej tubimeve\u2026","rel":"","context":"In &quot;Blogu i Udh\u00ebtarit&quot;","block_context":{"text":"Blogu i Udh\u00ebtarit","link":"https:\/\/www.shqiperia.com\/blog\/category\/blogu-i-udhetarit\/"},"img":{"alt_text":"","src":"https:\/\/i0.wp.com\/www.shqiperia.com\/blog\/wp-content\/uploads\/2026\/08\/Mijera-emigrante-shqiptare-proteste-ne-Londer.-Foto-Arkiv.jpg?fit=1200%2C675&ssl=1&resize=350%2C200","width":350,"height":200,"srcset":"https:\/\/i0.wp.com\/www.shqiperia.com\/blog\/wp-content\/uploads\/2026\/08\/Mijera-emigrante-shqiptare-proteste-ne-Londer.-Foto-Arkiv.jpg?fit=1200%2C675&ssl=1&resize=350%2C200 1x, https:\/\/i0.wp.com\/www.shqiperia.com\/blog\/wp-content\/uploads\/2026\/08\/Mijera-emigrante-shqiptare-proteste-ne-Londer.-Foto-Arkiv.jpg?fit=1200%2C675&ssl=1&resize=525%2C300 1.5x, https:\/\/i0.wp.com\/www.shqiperia.com\/blog\/wp-content\/uploads\/2026\/08\/Mijera-emigrante-shqiptare-proteste-ne-Londer.-Foto-Arkiv.jpg?fit=1200%2C675&ssl=1&resize=700%2C400 2x, https:\/\/i0.wp.com\/www.shqiperia.com\/blog\/wp-content\/uploads\/2026\/08\/Mijera-emigrante-shqiptare-proteste-ne-Londer.-Foto-Arkiv.jpg?fit=1200%2C675&ssl=1&resize=1050%2C600 3x"},"classes":[]},{"id":105811,"url":"https:\/\/www.shqiperia.com\/blog\/ditmir-bushati-qytetaret-kunder-modelit-grabitqar-zemerimi-ndaj-pushtetit-smund-te-shperfillet-me-protesta-hapi-debatin-se-si-eshte-qeverisur-shqiperia-kerkojne-fu\/","url_meta":{"origin":50199,"position":5},"title":"Ditmir Bushati: &#8211; Qytetar\u00ebt kund\u00ebr \u201cmodelit grabitqar\u201d, zem\u00ebrimi ndaj pushtetit s\u2019mund t\u00eb shp\u00ebrfillet m\u00eb! &#8211; Protesta hapi debatin se si \u00ebsht\u00eb qeverisur Shqip\u00ebria! &#8211; K\u00ebrkojn\u00eb fundin e korrupsionit\u2026","author":"Kurt Farka","date":"September 3, 2026","format":false,"excerpt":"3 Shtator 2026 Nga Ditmir Bushati Sikurse shum\u00eb prej revolucioneve t\u00eb Europ\u00ebs Lindore, protestat n\u00eb Shqip\u00ebri nuk nis\u00ebn me nj\u00eb fjalim politik apo me nj\u00eb plan. Ato nis\u00ebn me nj\u00eb pamje. N\u00eb maj, nj\u00eb protestues paq\u00ebsor n\u00eb fshatin bregdetar jugor t\u00eb Zv\u00ebrnecit u t\u00ebrhoq zvarr\u00eb nga roje private sigurie, nd\u00ebrsa\u2026","rel":"","context":"In &quot;Blogu i Udh\u00ebtarit&quot;","block_context":{"text":"Blogu i Udh\u00ebtarit","link":"https:\/\/www.shqiperia.com\/blog\/category\/blogu-i-udhetarit\/"},"img":{"alt_text":"","src":"https:\/\/i0.wp.com\/www.shqiperia.com\/blog\/wp-content\/uploads\/2026\/09\/img_7476.jpg?fit=900%2C481&ssl=1&resize=350%2C200","width":350,"height":200,"srcset":"https:\/\/i0.wp.com\/www.shqiperia.com\/blog\/wp-content\/uploads\/2026\/09\/img_7476.jpg?fit=900%2C481&ssl=1&resize=350%2C200 1x, https:\/\/i0.wp.com\/www.shqiperia.com\/blog\/wp-content\/uploads\/2026\/09\/img_7476.jpg?fit=900%2C481&ssl=1&resize=525%2C300 1.5x, https:\/\/i0.wp.com\/www.shqiperia.com\/blog\/wp-content\/uploads\/2026\/09\/img_7476.jpg?fit=900%2C481&ssl=1&resize=700%2C400 2x"},"classes":[]}],"_links":{"self":[{"href":"https:\/\/www.shqiperia.com\/blog\/wp-json\/wp\/v2\/posts\/50199","targetHints":{"allow":["GET"]}}],"collection":[{"href":"https:\/\/www.shqiperia.com\/blog\/wp-json\/wp\/v2\/posts"}],"about":[{"href":"https:\/\/www.shqiperia.com\/blog\/wp-json\/wp\/v2\/types\/post"}],"author":[{"embeddable":true,"href":"https:\/\/www.shqiperia.com\/blog\/wp-json\/wp\/v2\/users\/9"}],"replies":[{"embeddable":true,"href":"https:\/\/www.shqiperia.com\/blog\/wp-json\/wp\/v2\/comments?post=50199"}],"version-history":[{"count":1,"href":"https:\/\/www.shqiperia.com\/blog\/wp-json\/wp\/v2\/posts\/50199\/revisions"}],"predecessor-version":[{"id":50203,"href":"https:\/\/www.shqiperia.com\/blog\/wp-json\/wp\/v2\/posts\/50199\/revisions\/50203"}],"wp:featuredmedia":[{"embeddable":true,"href":"https:\/\/www.shqiperia.com\/blog\/wp-json\/wp\/v2\/media\/50200"}],"wp:attachment":[{"href":"https:\/\/www.shqiperia.com\/blog\/wp-json\/wp\/v2\/media?parent=50199"}],"wp:term":[{"taxonomy":"category","embeddable":true,"href":"https:\/\/www.shqiperia.com\/blog\/wp-json\/wp\/v2\/categories?post=50199"},{"taxonomy":"post_tag","embeddable":true,"href":"https:\/\/www.shqiperia.com\/blog\/wp-json\/wp\/v2\/tags?post=50199"}],"curies":[{"name":"wp","href":"https:\/\/api.w.org\/{rel}","templated":true}]}}