{"id":50196,"date":"2021-09-30T10:10:24","date_gmt":"2021-09-30T10:10:24","guid":{"rendered":"https:\/\/www.shqiperia.com\/blog\/?p=50196"},"modified":"2021-09-30T10:10:24","modified_gmt":"2021-09-30T10:10:24","slug":"spartak-ngjela-paralajmeron-zhvillime-bombe-presidenti-drejt-doreheqjes-ju-tregoj-se-cfare-e-pret-ramen","status":"publish","type":"post","link":"https:\/\/www.shqiperia.com\/blog\/spartak-ngjela-paralajmeron-zhvillime-bombe-presidenti-drejt-doreheqjes-ju-tregoj-se-cfare-e-pret-ramen\/","title":{"rendered":"Spartak Ngjela paralajm\u00ebron zhvillime \u201cbomb\u00eb\u201d: Presidenti drejt dor\u00ebheqjes! Ju tregoj se \u00e7far\u00eb e pret Ram\u00ebn"},"content":{"rendered":"<p><img data-recalc-dims=\"1\" loading=\"lazy\" decoding=\"async\" data-attachment-id=\"50197\" data-permalink=\"https:\/\/www.shqiperia.com\/blog\/spartak-ngjela-paralajmeron-zhvillime-bombe-presidenti-drejt-doreheqjes-ju-tregoj-se-cfare-e-pret-ramen\/800-0-615440f1d3c6f-1\/\" data-orig-file=\"https:\/\/i0.wp.com\/www.shqiperia.com\/blog\/wp-content\/uploads\/2021\/09\/800-0-615440f1d3c6f-1.jpg?fit=800%2C492&amp;ssl=1\" data-orig-size=\"800,492\" data-comments-opened=\"1\" data-image-meta=\"{&quot;aperture&quot;:&quot;0&quot;,&quot;credit&quot;:&quot;&quot;,&quot;camera&quot;:&quot;&quot;,&quot;caption&quot;:&quot;&quot;,&quot;created_timestamp&quot;:&quot;0&quot;,&quot;copyright&quot;:&quot;&quot;,&quot;focal_length&quot;:&quot;0&quot;,&quot;iso&quot;:&quot;0&quot;,&quot;shutter_speed&quot;:&quot;0&quot;,&quot;title&quot;:&quot;&quot;,&quot;orientation&quot;:&quot;0&quot;}\" data-image-title=\"-800-0-615440f1d3c6f (1)\" data-image-description=\"\" data-image-caption=\"\" data-medium-file=\"https:\/\/i0.wp.com\/www.shqiperia.com\/blog\/wp-content\/uploads\/2021\/09\/800-0-615440f1d3c6f-1.jpg?fit=300%2C185&amp;ssl=1\" data-large-file=\"https:\/\/i0.wp.com\/www.shqiperia.com\/blog\/wp-content\/uploads\/2021\/09\/800-0-615440f1d3c6f-1.jpg?fit=800%2C492&amp;ssl=1\" class=\"alignnone  wp-image-50197\" alt=\"\" src=\"https:\/\/i0.wp.com\/www.shqiperia.com\/blog\/wp-content\/uploads\/2021\/09\/800-0-615440f1d3c6f-1.jpg?resize=527%2C327&#038;ssl=1\" width=\"527\" height=\"327\" \/><\/p>\n<p>Spartak Ngjela paralajm\u00ebron zhvillime \u201cbomb\u00eb\u201d: Presidenti drejt dor\u00ebheqjes! Ju tregoj se \u00e7far\u00eb e pret Ram\u00ebn<\/p>\n<p>29 SHTATOR 2021<\/p>\n<p>Avokati i njohur Spartak Ngjela ka komentuar zhvillimet e fundit poliike.<\/p>\n<p>Duke folur p\u00ebr lajmet se gjendja sh\u00ebndet\u00ebsore e Presidentit Vu\u00e7i\u00e7 nuk \u00ebsht\u00eb e mir\u00eb, Ngjela shkruan se ai \u00ebsht\u00eb i humbur.<\/p>\n<p>\u201cGjendja e r\u00ebnd\u00eb e Vu\u00e7i\u00e7it ka ardhur nga aksioni i Albin Kurtit, kryeministrit t\u00eb Kosov\u00ebs. Dhe shenjat jan\u00eb q\u00eb Vu\u00e7i\u00e7 \u00ebsht\u00eb drejt dor\u00ebheqjes &#8220;p\u00ebr arsye sh\u00ebndet\u00ebsore&#8221;, shkruan Ngjela.<\/p>\n<p>Analiza e plot\u00eb<\/p>\n<p>Gjendja e sotme n\u00eb Ballkanin Per\u00ebndimor \u00ebsht\u00eb degradim i mendjeve politike q\u00eb e drejtojn\u00eb&#8230;<\/p>\n<p>l.<\/p>\n<p>Presidenti Aleksand\u00ebr Vu\u00e7i\u00e7, thot\u00eb kryeministrja e Serbis\u00eb, \u00ebsht\u00eb n\u00eb stres t\u00eb madh p\u00ebr konfliktin me Kosov\u00ebn, dhe nuk fle dot nat\u00ebn&#8230;<\/p>\n<p>Po Rama?<\/p>\n<p>Turp i madh. Rama shkon e ulet miq\u00ebsisht me nj\u00eb terrorist dhe na k\u00ebrkon me t\u00eb edhe nj\u00eb Ballkan t\u00eb Hapur. (!)<\/p>\n<p>Por, n\u00ebse \u00ebsht\u00eb e v\u00ebrtet\u00eb gjendja sh\u00ebndet\u00ebsore e Aleksand\u00ebr Vu\u00e7i\u00e7it, ai \u00ebsht\u00eb i humbur.<\/p>\n<p>Po Rama?<\/p>\n<p>Gjendja e r\u00ebnd\u00eb e Vu\u00e7i\u00e7it ka ardhur nga aksioni i Albin Kurtit, kryeministrit t\u00eb Kosov\u00ebs. Dhe shenjat jan\u00eb q\u00eb Vu\u00e7i\u00e7 \u00ebsht\u00eb drejt dor\u00ebheqjes &#8220;p\u00ebr arsye sh\u00ebndet\u00ebsore&#8221;.<\/p>\n<p>Po Rama?<\/p>\n<p>N\u00ebse Albin Kurti e rr\u00ebzon v\u00ebrtet Aleksand\u00ebr Vu\u00e7i\u00e7in, i takon pastaj t\u00eb rr\u00ebzoj\u00eb edhe Ram\u00ebn.<\/p>\n<p>Le t\u00eb presim.<\/p>\n<p>Ishin tre k\u00ebta, n\u00eb fillim: Tha\u00e7i, Rama dhe Vu\u00e7i\u00e7. Nj\u00ebri \u00ebsht\u00eb n\u00eb burg, tjetri drejt degradimit mendor, kurse Rama, i mbetur vet\u00ebm mbase shkon t&#8217;i lutet edhe nj\u00eb her\u00eb tjet\u00ebr Albin Kurtit.<\/p>\n<p>&#8220;Do t\u00eb nd\u00ebrrojm\u00eb territoret&#8221;, tha Tha\u00e7i;<\/p>\n<p>&#8220;Do t\u00eb Hap Ballkanin&#8221;, tha Rama dhe Vu\u00e7i\u00e7.<\/p>\n<p>Dhe i g\u00ebzuar ishte terroristi Vu\u00e7i\u00e7 p\u00ebr k\u00ebt\u00eb nd\u00ebrrim dhe hapje territoriale n\u00eb d\u00ebm t\u00eb Kosov\u00ebs dhe Shqip\u00ebris\u00eb.<\/p>\n<p>Por, ja q\u00eb territoret vdiq\u00ebn, kurse Ballkani i Hapur mbeti nj\u00eb tog-fjal\u00ebsh i zbrazur; Tha\u00e7i u burgos; Vu\u00e7i\u00e7 po shkon drejt ezaurimentit nervor, kurse Rama po flet me sallat\u00eb fjal\u00ebsh p\u00ebr fantazm\u00ebn Ballkan i Hapur.<\/p>\n<p>Kjo \u00ebsht\u00eb gjendja e sotme e lidershipeve politik\u00eb t\u00eb bot\u00ebs shqiptare n\u00eb Ballkanin Per\u00ebndimor.<\/p>\n<p>Por, n\u00eb t\u00eb nj\u00ebjt\u00ebn koh\u00eb, nuk duhet t\u00eb harrojm\u00eb se \u00e7\u00ebshtja e Kosov\u00ebs dhe ajo e Shqip\u00ebris\u00eb, e ka \u00e7mendur edhe Miloshevi\u00e7in, e ka burgosur at\u00eb dhe ai vdiq n\u00eb burg.<\/p>\n<p>Por jan\u00eb edhe shum\u00eb gjeneral\u00eb t\u00eb tjer\u00eb serb\u00eb n\u00eb t\u00eb nj\u00ebjt\u00ebn gjendje.<\/p>\n<p>ll.<\/p>\n<p>Po tani e m\u00eb tej, \u00e7far\u00eb pritet t\u00eb ndodh\u00eb? A ka nj\u00eb k\u00ebrc\u00ebnim ushtarak kund\u00ebr Kosov\u00ebs?<\/p>\n<p>As q\u00eb mund t\u00eb mendohet. Shqiptar\u00ebt tani jan\u00eb shum\u00eb t\u00eb fort\u00eb, dhe k\u00ebt\u00eb, mu k\u00ebshtu e tha dhe Vu\u00e7i\u00e7i para nj\u00eb muaji gjith\u00eb d\u00ebshp\u00ebrim. Se e di q\u00eb nuk ka Serbi reale, kjo q\u00eb \u00ebsht\u00eb, \u00ebsht\u00eb falsitet historik i nd\u00ebrtuar nga Rusia dhe Franca n\u00eb shekujt q\u00eb kaluan me gjenocid antishqiptar. Po tani? Tani asgj\u00eb, se forca \u00ebsht\u00eb nga shqiptar\u00ebt.<\/p>\n<p>Po k\u00ebta q\u00eb jan\u00eb paguar nga Serbia k\u00ebtu n\u00eb Shqip\u00ebri, dhe po na hiqen si \u00e7lirimtare t\u00eb m\u00ebdhenj t\u00eb shqiptar\u00ebve?<\/p>\n<p>Do t&#8217;i d\u00ebgjoni edhe k\u00ebta, se vargu Miloshevi\u00e7,Tha\u00e7i, Vu\u00e7i\u00e7&#8230; do t\u00eb ec\u00eb edhe me emra t\u00eb tjer\u00eb. Keni p\u00ebr t&#8217;i par\u00eb.<\/p>\n<p>Prisni dhe shikoni.<\/p>\n<p>Nga Gazeta Sot<\/p>\n","protected":false},"excerpt":{"rendered":"<p>Spartak Ngjela paralajm\u00ebron zhvillime \u201cbomb\u00eb\u201d: Presidenti drejt dor\u00ebheqjes! Ju tregoj se \u00e7far\u00eb e pret Ram\u00ebn 29 SHTATOR 2021 Avokati i njohur Spartak Ngjela ka komentuar zhvillimet e fundit poliike. Duke folur p\u00ebr lajmet se gjendja sh\u00ebndet\u00ebsore e Presidentit Vu\u00e7i\u00e7 nuk \u00ebsht\u00eb e mir\u00eb, Ngjela shkruan se ai \u00ebsht\u00eb i humbur. \u201cGjendja e r\u00ebnd\u00eb e Vu\u00e7i\u00e7it [&hellip;]<\/p>\n","protected":false},"author":9,"featured_media":50197,"comment_status":"open","ping_status":"open","sticky":false,"template":"","format":"standard","meta":{"jetpack_post_was_ever_published":false,"_jetpack_newsletter_access":"","_jetpack_dont_email_post_to_subs":false,"_jetpack_newsletter_tier_id":0,"_jetpack_memberships_contains_paywalled_content":false,"_jetpack_memberships_contains_paid_content":false,"footnotes":"","jetpack_publicize_message":"","jetpack_publicize_feature_enabled":true,"jetpack_social_post_already_shared":true,"jetpack_social_options":{"image_generator_settings":{"template":"highway","default_image_id":0,"font":"","enabled":false},"version":2}},"categories":[27,2],"tags":[],"class_list":["post-50196","post","type-post","status-publish","format-standard","has-post-thumbnail","hentry","category-blogu-i-udhetarit","category-politika"],"jetpack_publicize_connections":[],"jetpack_featured_media_url":"https:\/\/i0.wp.com\/www.shqiperia.com\/blog\/wp-content\/uploads\/2021\/09\/800-0-615440f1d3c6f-1.jpg?fit=800%2C492&ssl=1","jetpack_sharing_enabled":true,"jetpack_shortlink":"https:\/\/wp.me\/p5Z6wp-d3C","jetpack-related-posts":[{"id":103628,"url":"https:\/\/www.shqiperia.com\/blog\/rama-ne-fund-te-ciklit-politik-spartak-ngjela-paralajmeron-zhvillime-te-forta-ja-roli-i-amerikaneve-dhe\/","url_meta":{"origin":50196,"position":0},"title":"Rama n\u00eb fund t\u00eb ciklit politik, Spartak Ngjela paralajm\u00ebron zhvillime t\u00eb forta, ja roli i amerikan\u00ebve dhe\u2026","author":"Kurt Farka","date":"August 1, 2026","format":false,"excerpt":"1 Gusht 2026 Rigels Seliman Avokati i njohur, Spartak Ngjela, ka hedhur akuza t\u00eb forta ndaj kryeministrit Edi Rama, nd\u00ebrsa shpreh bindjen se ai \u00ebsht\u00eb n\u00eb fund t\u00eb ciklit t\u00eb tij politik. P\u00ebrmes nj\u00eb reagimi n\u00eb rrjetet sociale, Ngjela analizon se pushteti i kryeministrit \u00ebsht\u00eb nd\u00ebrtuar mbi komplekse dhe frik\u00eb\u2026","rel":"","context":"In &quot;Blogu i Udh\u00ebtarit&quot;","block_context":{"text":"Blogu i Udh\u00ebtarit","link":"https:\/\/www.shqiperia.com\/blog\/category\/blogu-i-udhetarit\/"},"img":{"alt_text":"","src":"https:\/\/i0.wp.com\/www.shqiperia.com\/blog\/wp-content\/uploads\/2026\/08\/foto-2.jpg-1-1140x570-1.jpeg?fit=1140%2C570&ssl=1&resize=350%2C200","width":350,"height":200,"srcset":"https:\/\/i0.wp.com\/www.shqiperia.com\/blog\/wp-content\/uploads\/2026\/08\/foto-2.jpg-1-1140x570-1.jpeg?fit=1140%2C570&ssl=1&resize=350%2C200 1x, https:\/\/i0.wp.com\/www.shqiperia.com\/blog\/wp-content\/uploads\/2026\/08\/foto-2.jpg-1-1140x570-1.jpeg?fit=1140%2C570&ssl=1&resize=525%2C300 1.5x, https:\/\/i0.wp.com\/www.shqiperia.com\/blog\/wp-content\/uploads\/2026\/08\/foto-2.jpg-1-1140x570-1.jpeg?fit=1140%2C570&ssl=1&resize=700%2C400 2x, https:\/\/i0.wp.com\/www.shqiperia.com\/blog\/wp-content\/uploads\/2026\/08\/foto-2.jpg-1-1140x570-1.jpeg?fit=1140%2C570&ssl=1&resize=1050%2C600 3x"},"classes":[]},{"id":101893,"url":"https:\/\/www.shqiperia.com\/blog\/spartak-ngjela-paralajmeron-fundin-e-edi-rames-ja-levizja-e-gabuar-qe-do-ta-coje-kryeministrin-para-spak-ut\/","url_meta":{"origin":50196,"position":1},"title":"Spartak Ngjela paralajm\u00ebron fundin e Edi Ram\u00ebs, ja l\u00ebvizja e gabuar q\u00eb do ta \u00e7oj\u00eb kryeministrin para SPAK-ut","author":"Kurt Farka","date":"June 27, 2026","format":false,"excerpt":"28 Qershor 2026 Avokati i njohur, Spartak Ngjela, ka reaguar dje ashp\u00ebr n\u00eb rrjetet sociale, duke l\u00ebshuar paralajm\u00ebrime t\u00eb r\u00ebnda p\u00ebr telashe t\u00eb m\u00ebdha politike dhe juridike ndaj kryeministrit Edi Rama. P\u00ebrmes nj\u00eb analize t\u00eb prer\u00eb, z. Ngjela ka theksuar se Gjiri i Vlor\u00ebs dhe Ishulli i Sazanit p\u00ebrb\u00ebjn\u00eb territore\u2026","rel":"","context":"In &quot;Blogu i Udh\u00ebtarit&quot;","block_context":{"text":"Blogu i Udh\u00ebtarit","link":"https:\/\/www.shqiperia.com\/blog\/category\/blogu-i-udhetarit\/"},"img":{"alt_text":"","src":"https:\/\/i0.wp.com\/www.shqiperia.com\/blog\/wp-content\/uploads\/2026\/06\/ngjela-rama-1-1.jpg?fit=863%2C432&ssl=1&resize=350%2C200","width":350,"height":200,"srcset":"https:\/\/i0.wp.com\/www.shqiperia.com\/blog\/wp-content\/uploads\/2026\/06\/ngjela-rama-1-1.jpg?fit=863%2C432&ssl=1&resize=350%2C200 1x, https:\/\/i0.wp.com\/www.shqiperia.com\/blog\/wp-content\/uploads\/2026\/06\/ngjela-rama-1-1.jpg?fit=863%2C432&ssl=1&resize=525%2C300 1.5x, https:\/\/i0.wp.com\/www.shqiperia.com\/blog\/wp-content\/uploads\/2026\/06\/ngjela-rama-1-1.jpg?fit=863%2C432&ssl=1&resize=700%2C400 2x"},"classes":[]},{"id":105244,"url":"https:\/\/www.shqiperia.com\/blog\/spartak-ngjela-shqiperia-ende-nuk-po-drejtohet-nga-patrotizmi-shqiptar-por-nga-ish-renegatet-shqiptare\/","url_meta":{"origin":50196,"position":2},"title":"Spartak Ngjela: &#8211; Shqip\u00ebria ende nuk po drejtohet nga patrotizmi shqiptar, por nga ish renegatet shqiptar\u00eb","author":"Kurt Farka","date":"August 26, 2026","format":false,"excerpt":"26 Gusht 2026 Spartak Ngjela zb\u00ebrthen prapaskenat e forta dhe nxjerr zbuluar loj\u00ebn e Tiran\u00ebs, ja si frika nga SHBA dhe faktorizimi i shqiptar\u00ebve ka trembur Edi Ram\u00ebn Avokat i njohur, Spartak Ngjela ka zb\u00ebrthyer prapaskenat e forta politike, duke nxjerr\u00eb zbuluar loj\u00ebn e Tiran\u00ebs zyrtare dhe frik\u00ebn e saj\u2026","rel":"","context":"In &quot;Kultura&quot;","block_context":{"text":"Kultura","link":"https:\/\/www.shqiperia.com\/blog\/category\/kultura\/"},"img":{"alt_text":"","src":"https:\/\/i0.wp.com\/www.shqiperia.com\/blog\/wp-content\/uploads\/2026\/08\/ajdss-6a8ea84e2f7cd-1.png?fit=622%2C386&ssl=1&resize=350%2C200","width":350,"height":200,"srcset":"https:\/\/i0.wp.com\/www.shqiperia.com\/blog\/wp-content\/uploads\/2026\/08\/ajdss-6a8ea84e2f7cd-1.png?fit=622%2C386&ssl=1&resize=350%2C200 1x, https:\/\/i0.wp.com\/www.shqiperia.com\/blog\/wp-content\/uploads\/2026\/08\/ajdss-6a8ea84e2f7cd-1.png?fit=622%2C386&ssl=1&resize=525%2C300 1.5x"},"classes":[]},{"id":104131,"url":"https:\/\/www.shqiperia.com\/blog\/pse-shba-solli-nje-gjeneral-per-ambasador-ne-tirane-spartak-ngjela-zberthen-levizjen-strategjike-te-uashingtonit\/","url_meta":{"origin":50196,"position":3},"title":"Pse SHBA solli nj\u00eb gjeneral p\u00ebr ambasador n\u00eb Tiran\u00eb, Spartak Ngjela zb\u00ebrthen l\u00ebvizjen strategjike t\u00eb Uashingtonit\u2026","author":"Kurt Farka","date":"August 10, 2026","format":false,"excerpt":"10 Gusht 2026 Konfirmimi i gjeneral-lejtnantit n\u00eb pension Eric Wendt si ambasadori i ri i Shteteve t\u00eb Bashkuara t\u00eb Amerik\u00ebs (SHBA) n\u00eb Shqip\u00ebri ka ndezur diskutime t\u00eb forta p\u00ebr nj\u00eb ndryshim t\u00eb r\u00ebnd\u00ebsish\u00ebm n\u00eb marr\u00ebdh\u00ebniet Tiran\u00eb\u2013Washington. Avokat i njohur, Spartak Ngjela ka reaguar n\u00eb rrjetet social, nd\u00ebrsa e cil\u00ebson k\u00ebt\u00eb\u2026","rel":"","context":"In &quot;Blogu i Udh\u00ebtarit&quot;","block_context":{"text":"Blogu i Udh\u00ebtarit","link":"https:\/\/www.shqiperia.com\/blog\/category\/blogu-i-udhetarit\/"},"img":{"alt_text":"","src":"https:\/\/i0.wp.com\/www.shqiperia.com\/blog\/wp-content\/uploads\/2026\/08\/1200-630-ngjela-1.jpg?fit=1200%2C630&ssl=1&resize=350%2C200","width":350,"height":200,"srcset":"https:\/\/i0.wp.com\/www.shqiperia.com\/blog\/wp-content\/uploads\/2026\/08\/1200-630-ngjela-1.jpg?fit=1200%2C630&ssl=1&resize=350%2C200 1x, https:\/\/i0.wp.com\/www.shqiperia.com\/blog\/wp-content\/uploads\/2026\/08\/1200-630-ngjela-1.jpg?fit=1200%2C630&ssl=1&resize=525%2C300 1.5x, https:\/\/i0.wp.com\/www.shqiperia.com\/blog\/wp-content\/uploads\/2026\/08\/1200-630-ngjela-1.jpg?fit=1200%2C630&ssl=1&resize=700%2C400 2x, https:\/\/i0.wp.com\/www.shqiperia.com\/blog\/wp-content\/uploads\/2026\/08\/1200-630-ngjela-1.jpg?fit=1200%2C630&ssl=1&resize=1050%2C600 3x"},"classes":[]},{"id":101851,"url":"https:\/\/www.shqiperia.com\/blog\/avokati-spartak-ngjela-e-krahason-kryeministrin-me-ish-diktatorin-enver-hoxha\/","url_meta":{"origin":50196,"position":4},"title":"Avokati Spartak Ngjela e krahason kryeministrin me ish diktatorin Enver Hoxha","author":"Kurt Farka","date":"June 26, 2026","format":false,"excerpt":"26 Qershor 2026 Vijojn\u00eb prej 27 dit\u00ebsh protestat masive ku qytetar\u00ebt k\u00ebrkojn\u00eb largimin e qeveris\u00eb dhe dor\u00ebheqjen e pa negociueshme t\u00eb kryeministrit Edi Rama. Avokati Spartak Ngjela n\u00eb nj\u00eb postim n\u00eb rrjetet sociale e ka krahasuar kryeministrin me ish diktatorin Enver Hoxha, lidhur me deklaratat q\u00eb protestat jan\u00eb organizuar nga\u2026","rel":"","context":"In &quot;Blogu i Udh\u00ebtarit&quot;","block_context":{"text":"Blogu i Udh\u00ebtarit","link":"https:\/\/www.shqiperia.com\/blog\/category\/blogu-i-udhetarit\/"},"img":{"alt_text":"","src":"https:\/\/i0.wp.com\/www.shqiperia.com\/blog\/wp-content\/uploads\/2026\/06\/maxresdefault-2.jpg?fit=1200%2C675&ssl=1&resize=350%2C200","width":350,"height":200,"srcset":"https:\/\/i0.wp.com\/www.shqiperia.com\/blog\/wp-content\/uploads\/2026\/06\/maxresdefault-2.jpg?fit=1200%2C675&ssl=1&resize=350%2C200 1x, https:\/\/i0.wp.com\/www.shqiperia.com\/blog\/wp-content\/uploads\/2026\/06\/maxresdefault-2.jpg?fit=1200%2C675&ssl=1&resize=525%2C300 1.5x, https:\/\/i0.wp.com\/www.shqiperia.com\/blog\/wp-content\/uploads\/2026\/06\/maxresdefault-2.jpg?fit=1200%2C675&ssl=1&resize=700%2C400 2x, https:\/\/i0.wp.com\/www.shqiperia.com\/blog\/wp-content\/uploads\/2026\/06\/maxresdefault-2.jpg?fit=1200%2C675&ssl=1&resize=1050%2C600 3x"},"classes":[]},{"id":101785,"url":"https:\/\/www.shqiperia.com\/blog\/ngjela-rama-ben-sikur-nuk-e-kupton-se-e-ka-opinionin-publik-kunder-te-jape-doreheqjen-po-demton-shqiperine\/","url_meta":{"origin":50196,"position":5},"title":"Ngjela: &#8211; Rama b\u00ebn sikur nuk e kupton se e ka opinionin publik kund\u00ebr\u201d. &#8211; T\u00eb jap\u00eb dor\u00ebheqjen, po d\u00ebmton Shqip\u00ebrin\u00eb","author":"Kurt Farka","date":"June 25, 2026","format":false,"excerpt":"25 Qershor 2025 Prej m\u00eb shum\u00eb se tre jav\u00ebsh protestuesit kan\u00eb dal\u00eb masivisht n\u00eb sheshe p\u00ebr t\u00eb k\u00ebrkuar dor\u00ebheqjen e qeveris\u00eb dhe nj\u00eb qeveri t\u00eb re tranzitore, apolitike. P\u00ebrmes nj\u00eb postimi n\u00eb rrjetet sociale avokati Spartak Ngjela ka deklaruar se Rama nuk di kufirin mes partis\u00eb dhe tij dhe po\u2026","rel":"","context":"In &quot;Blogu i Udh\u00ebtarit&quot;","block_context":{"text":"Blogu i Udh\u00ebtarit","link":"https:\/\/www.shqiperia.com\/blog\/category\/blogu-i-udhetarit\/"},"img":{"alt_text":"","src":"https:\/\/i0.wp.com\/www.shqiperia.com\/blog\/wp-content\/uploads\/2026\/06\/ngjela-rama-.jpg?fit=863%2C432&ssl=1&resize=350%2C200","width":350,"height":200,"srcset":"https:\/\/i0.wp.com\/www.shqiperia.com\/blog\/wp-content\/uploads\/2026\/06\/ngjela-rama-.jpg?fit=863%2C432&ssl=1&resize=350%2C200 1x, https:\/\/i0.wp.com\/www.shqiperia.com\/blog\/wp-content\/uploads\/2026\/06\/ngjela-rama-.jpg?fit=863%2C432&ssl=1&resize=525%2C300 1.5x, https:\/\/i0.wp.com\/www.shqiperia.com\/blog\/wp-content\/uploads\/2026\/06\/ngjela-rama-.jpg?fit=863%2C432&ssl=1&resize=700%2C400 2x"},"classes":[]}],"_links":{"self":[{"href":"https:\/\/www.shqiperia.com\/blog\/wp-json\/wp\/v2\/posts\/50196","targetHints":{"allow":["GET"]}}],"collection":[{"href":"https:\/\/www.shqiperia.com\/blog\/wp-json\/wp\/v2\/posts"}],"about":[{"href":"https:\/\/www.shqiperia.com\/blog\/wp-json\/wp\/v2\/types\/post"}],"author":[{"embeddable":true,"href":"https:\/\/www.shqiperia.com\/blog\/wp-json\/wp\/v2\/users\/9"}],"replies":[{"embeddable":true,"href":"https:\/\/www.shqiperia.com\/blog\/wp-json\/wp\/v2\/comments?post=50196"}],"version-history":[{"count":1,"href":"https:\/\/www.shqiperia.com\/blog\/wp-json\/wp\/v2\/posts\/50196\/revisions"}],"predecessor-version":[{"id":50198,"href":"https:\/\/www.shqiperia.com\/blog\/wp-json\/wp\/v2\/posts\/50196\/revisions\/50198"}],"wp:featuredmedia":[{"embeddable":true,"href":"https:\/\/www.shqiperia.com\/blog\/wp-json\/wp\/v2\/media\/50197"}],"wp:attachment":[{"href":"https:\/\/www.shqiperia.com\/blog\/wp-json\/wp\/v2\/media?parent=50196"}],"wp:term":[{"taxonomy":"category","embeddable":true,"href":"https:\/\/www.shqiperia.com\/blog\/wp-json\/wp\/v2\/categories?post=50196"},{"taxonomy":"post_tag","embeddable":true,"href":"https:\/\/www.shqiperia.com\/blog\/wp-json\/wp\/v2\/tags?post=50196"}],"curies":[{"name":"wp","href":"https:\/\/api.w.org\/{rel}","templated":true}]}}