{"id":50193,"date":"2021-09-30T10:05:23","date_gmt":"2021-09-30T10:05:23","guid":{"rendered":"https:\/\/www.shqiperia.com\/blog\/?p=50193"},"modified":"2021-09-30T10:05:23","modified_gmt":"2021-09-30T10:05:23","slug":"u-infektua-nga-nje-lakuriq-nate-burri-ne-shba-vdes-nga-terbimi-pasi-refuzoi-te-kurohej","status":"publish","type":"post","link":"https:\/\/www.shqiperia.com\/blog\/u-infektua-nga-nje-lakuriq-nate-burri-ne-shba-vdes-nga-terbimi-pasi-refuzoi-te-kurohej\/","title":{"rendered":"U infektua nga nj\u00eb lakuriq nate, burri n\u00eb SHBA, vdes nga t\u00ebrbimi pasi refuzoi t\u00eb kurohej"},"content":{"rendered":"<p><img data-recalc-dims=\"1\" loading=\"lazy\" decoding=\"async\" data-attachment-id=\"50194\" data-permalink=\"https:\/\/www.shqiperia.com\/blog\/u-infektua-nga-nje-lakuriq-nate-burri-ne-shba-vdes-nga-terbimi-pasi-refuzoi-te-kurohej\/640-0-615582a9bff64\/\" data-orig-file=\"https:\/\/i0.wp.com\/www.shqiperia.com\/blog\/wp-content\/uploads\/2021\/09\/640-0-615582a9bff64.jpg?fit=586%2C310&amp;ssl=1\" data-orig-size=\"586,310\" data-comments-opened=\"1\" data-image-meta=\"{&quot;aperture&quot;:&quot;0&quot;,&quot;credit&quot;:&quot;&quot;,&quot;camera&quot;:&quot;&quot;,&quot;caption&quot;:&quot;&quot;,&quot;created_timestamp&quot;:&quot;0&quot;,&quot;copyright&quot;:&quot;&quot;,&quot;focal_length&quot;:&quot;0&quot;,&quot;iso&quot;:&quot;0&quot;,&quot;shutter_speed&quot;:&quot;0&quot;,&quot;title&quot;:&quot;&quot;,&quot;orientation&quot;:&quot;0&quot;}\" data-image-title=\"-640-0-615582a9bff64\" data-image-description=\"\" data-image-caption=\"\" data-medium-file=\"https:\/\/i0.wp.com\/www.shqiperia.com\/blog\/wp-content\/uploads\/2021\/09\/640-0-615582a9bff64.jpg?fit=300%2C159&amp;ssl=1\" data-large-file=\"https:\/\/i0.wp.com\/www.shqiperia.com\/blog\/wp-content\/uploads\/2021\/09\/640-0-615582a9bff64.jpg?fit=586%2C310&amp;ssl=1\" class=\"alignnone  wp-image-50194\" alt=\"\" src=\"https:\/\/i0.wp.com\/www.shqiperia.com\/blog\/wp-content\/uploads\/2021\/09\/640-0-615582a9bff64.jpg?resize=526%2C279&#038;ssl=1\" width=\"526\" height=\"279\" srcset=\"https:\/\/i0.wp.com\/www.shqiperia.com\/blog\/wp-content\/uploads\/2021\/09\/640-0-615582a9bff64.jpg?resize=300%2C159&amp;ssl=1 300w, https:\/\/i0.wp.com\/www.shqiperia.com\/blog\/wp-content\/uploads\/2021\/09\/640-0-615582a9bff64.jpg?resize=450%2C238&amp;ssl=1 450w, https:\/\/i0.wp.com\/www.shqiperia.com\/blog\/wp-content\/uploads\/2021\/09\/640-0-615582a9bff64.jpg?resize=400%2C212&amp;ssl=1 400w, https:\/\/i0.wp.com\/www.shqiperia.com\/blog\/wp-content\/uploads\/2021\/09\/640-0-615582a9bff64.jpg?w=586&amp;ssl=1 586w\" sizes=\"auto, (max-width: 526px) 100vw, 526px\" \/><\/p>\n<p>U infektua nga nj\u00eb lakuriq nate, burri n\u00eb SHBA, vdes nga t\u00ebrbimi pasi refuzoi t\u00eb kurohej<\/p>\n<p>30 SHTATOR 2021<\/p>\n<p>GAZETA SHQIP<\/p>\n<p>Mediat e huaja shkruajn\u00eb se nj\u00eb burr\u00eb n\u00eb Illinois vdiq nga t\u00ebrbimi, nj\u00eb muaj pasi ishte infektuar nga nj\u00eb lakuriq nate, q\u00eb kishte gjetur n\u00eb dhom\u00ebn e tij. Sipas autoriteteve sh\u00ebndet\u00ebsore, ky \u00ebsht\u00eb rasti i par\u00eb n\u00eb k\u00ebt\u00eb shtet amerikan q\u00eb prej t\u00eb pakt\u00ebn vitit 1954.<\/p>\n<p>Burri n\u00eb fjal\u00eb, i cili ishte rreth mosh\u00ebs 80 vje\u00e7, u zgjua nj\u00eb m\u00ebngjes nga gjumi me nj\u00eb lakuriq nate n\u00eb qaf\u00eb. Pasi lakuriqi u testua dhe doli pozitiv ndaj t\u00ebrbimit, burri nuk pranoi q\u00eb t\u00eb kurohej, tha Departamenti i Sh\u00ebndetit Publik n\u00eb Illinois.<\/p>\n<p>Rreth nj\u00eb muaj pas ekspozimit ai nisi t\u00eb kishte dhembje qafe, dhembje koke, mpirje n\u00eb gisht\u00ebrinj, v\u00ebshtir\u00ebsi n\u00eb kontrollin e krah\u00ebve dhe n\u00eb t\u00eb folur, than\u00eb autoritetet sh\u00ebndet\u00ebsore. T\u00eb mart\u00ebn, CDC konfirmoi edhe diagnoz\u00ebn e t\u00eb ndjerit. Nd\u00ebrsa ekspert\u00eb t\u00eb kafsh\u00ebve t\u00eb egra gjet\u00ebn nj\u00eb koloni lakuriq\u00ebsh nate n\u00eb sht\u00ebpin\u00eb e tij.<\/p>\n<p>\u201cT\u00ebrbimi ka nj\u00eb p\u00ebrqindje m\u00eb t\u00eb lart\u00eb t\u00eb vdekshm\u00ebris\u00eb nga \u00e7do s\u00ebmundje tjet\u00ebr\u201d, tha Drejtori i Departamentit t\u00eb Sh\u00ebndet\u00ebsis\u00eb n\u00eb Illinois, Ngozi Ezike. \u201cSidoqoft\u00eb, ka kura p\u00ebr t\u00eb shp\u00ebtuar jet\u00ebn\u201d.<\/p>\n<p>Virusi i t\u00ebrbimit p\u00ebrcillet nga kontakti i drejtp\u00ebrdrejt\u00eb me nj\u00eb kafsh\u00eb t\u00eb infektuar, sipas CDC. Ai sulmon sistemin nervor qendror, duke shkaktuar s\u00ebmundje t\u00eb trurit q\u00eb m\u00eb pas \u00e7on n\u00eb vdekje. Sipas CDC, lakuriq\u00ebt e nat\u00ebs jan\u00eb p\u00ebrgjegj\u00ebs p\u00ebr 70% t\u00eb infektimeve me t\u00ebrbim n\u00eb SHBA.<\/p>\n<p>Gazeta Shqip<\/p>\n","protected":false},"excerpt":{"rendered":"<p>U infektua nga nj\u00eb lakuriq nate, burri n\u00eb SHBA, vdes nga t\u00ebrbimi pasi refuzoi t\u00eb kurohej 30 SHTATOR 2021 GAZETA SHQIP Mediat e huaja shkruajn\u00eb se nj\u00eb burr\u00eb n\u00eb Illinois vdiq nga t\u00ebrbimi, nj\u00eb muaj pasi ishte infektuar nga nj\u00eb lakuriq nate, q\u00eb kishte gjetur n\u00eb dhom\u00ebn e tij. Sipas autoriteteve sh\u00ebndet\u00ebsore, ky \u00ebsht\u00eb rasti [&hellip;]<\/p>\n","protected":false},"author":9,"featured_media":50194,"comment_status":"open","ping_status":"open","sticky":false,"template":"","format":"standard","meta":{"jetpack_post_was_ever_published":false,"_jetpack_newsletter_access":"","_jetpack_dont_email_post_to_subs":false,"_jetpack_newsletter_tier_id":0,"_jetpack_memberships_contains_paywalled_content":false,"_jetpack_memberships_contains_paid_content":false,"footnotes":"","jetpack_publicize_message":"","jetpack_publicize_feature_enabled":true,"jetpack_social_post_already_shared":true,"jetpack_social_options":{"image_generator_settings":{"template":"highway","default_image_id":0,"font":"","enabled":false},"version":2}},"categories":[27,1,35],"tags":[],"class_list":["post-50193","post","type-post","status-publish","format-standard","has-post-thumbnail","hentry","category-blogu-i-udhetarit","category-njoftime-shtypi","category-shoqerore"],"jetpack_publicize_connections":[],"jetpack_featured_media_url":"https:\/\/i0.wp.com\/www.shqiperia.com\/blog\/wp-content\/uploads\/2021\/09\/640-0-615582a9bff64.jpg?fit=586%2C310&ssl=1","jetpack_sharing_enabled":true,"jetpack_shortlink":"https:\/\/wp.me\/p5Z6wp-d3z","jetpack-related-posts":[{"id":104634,"url":"https:\/\/www.shqiperia.com\/blog\/kush-ishte-burri-lakuriq-ne-ungjillin-e-markut-dhe-pse-i-ka-habitur-studiuesit-prej-shekujsh\/","url_meta":{"origin":50193,"position":0},"title":"Kush ishte burri lakuriq n\u00eb Ungjillin e Markut dhe pse i ka habitur studiuesit prej shekujsh?","author":"Kurt Farka","date":"August 17, 2026","format":false,"excerpt":"17 Gusht 2026 Nj\u00eb teori sugjeron se burri lakuriq n\u00eb Ungjillin e Markut ishte vet\u00eb autori i supozuar, Gjon Marku. Bibla p\u00ebrmban kat\u00ebr p\u00ebrshkrime t\u00eb arrestimit t\u00eb Jezusit. Vet\u00ebm nj\u00ebri prej tyre p\u00ebrmend nj\u00eb burr\u00eb lakuriq dhe, prej shekujsh, studiuesit jan\u00eb p\u00ebrpjekur t\u00eb kuptojn\u00eb pse. Nd\u00ebrsa Jezusi arrestohet n\u00eb kopshtin\u2026","rel":"","context":"In &quot;Blogu i Udh\u00ebtarit&quot;","block_context":{"text":"Blogu i Udh\u00ebtarit","link":"https:\/\/www.shqiperia.com\/blog\/category\/blogu-i-udhetarit\/"},"img":{"alt_text":"","src":"https:\/\/i0.wp.com\/www.shqiperia.com\/blog\/wp-content\/uploads\/2026\/08\/auto_jesus-in-the-garden-of-gethsemane1786962539.jpg?fit=900%2C693&ssl=1&resize=350%2C200","width":350,"height":200,"srcset":"https:\/\/i0.wp.com\/www.shqiperia.com\/blog\/wp-content\/uploads\/2026\/08\/auto_jesus-in-the-garden-of-gethsemane1786962539.jpg?fit=900%2C693&ssl=1&resize=350%2C200 1x, https:\/\/i0.wp.com\/www.shqiperia.com\/blog\/wp-content\/uploads\/2026\/08\/auto_jesus-in-the-garden-of-gethsemane1786962539.jpg?fit=900%2C693&ssl=1&resize=525%2C300 1.5x, https:\/\/i0.wp.com\/www.shqiperia.com\/blog\/wp-content\/uploads\/2026\/08\/auto_jesus-in-the-garden-of-gethsemane1786962539.jpg?fit=900%2C693&ssl=1&resize=700%2C400 2x"},"classes":[]},{"id":105331,"url":"https:\/\/www.shqiperia.com\/blog\/ndodh-ne-austri-alpinisti-gjen-canten-e-shpines-qe-humbi-60-vjet-me-pare-gjate-shkrirjes-se-akullnajes\/","url_meta":{"origin":50193,"position":1},"title":"Ndodh n\u00eb Austri! Alpinisti gjen \u00e7ant\u00ebn e shpin\u00ebs q\u00eb humbi 60 vjet m\u00eb par\u00eb gjat\u00eb shkrirjes s\u00eb akullnaj\u00ebs","author":"Kurt Farka","date":"August 27, 2026","format":false,"excerpt":"27 Gusht 2026 Nj\u00eb alpinist 86-vje\u00e7ar n\u00eb Austri \u00ebsht\u00eb ribashkuar me \u00e7ant\u00ebn e shpin\u00ebs dhe pajisjet e tij t\u00eb alpinizmit, m\u00eb shum\u00eb se 60 vjet pasi i kishte humbur n\u00eb nj\u00eb \u00e7arje t\u00eb akullnaj\u00ebs. Sendet u zbuluan n\u00eb muajin korrik n\u00eb akullnaj\u00ebn Sulztalferner, n\u00eb Tirol, n\u00eb nj\u00eb lart\u00ebsi prej rreth\u2026","rel":"","context":"In &quot;Blogu i Udh\u00ebtarit&quot;","block_context":{"text":"Blogu i Udh\u00ebtarit","link":"https:\/\/www.shqiperia.com\/blog\/category\/blogu-i-udhetarit\/"},"img":{"alt_text":"","src":"https:\/\/i0.wp.com\/www.shqiperia.com\/blog\/wp-content\/uploads\/2026\/08\/orivatis.jpg?fit=1200%2C569&ssl=1&resize=350%2C200","width":350,"height":200,"srcset":"https:\/\/i0.wp.com\/www.shqiperia.com\/blog\/wp-content\/uploads\/2026\/08\/orivatis.jpg?fit=1200%2C569&ssl=1&resize=350%2C200 1x, https:\/\/i0.wp.com\/www.shqiperia.com\/blog\/wp-content\/uploads\/2026\/08\/orivatis.jpg?fit=1200%2C569&ssl=1&resize=525%2C300 1.5x, https:\/\/i0.wp.com\/www.shqiperia.com\/blog\/wp-content\/uploads\/2026\/08\/orivatis.jpg?fit=1200%2C569&ssl=1&resize=700%2C400 2x, https:\/\/i0.wp.com\/www.shqiperia.com\/blog\/wp-content\/uploads\/2026\/08\/orivatis.jpg?fit=1200%2C569&ssl=1&resize=1050%2C600 3x"},"classes":[]},{"id":100145,"url":"https:\/\/www.shqiperia.com\/blog\/sekreti-i-erret-i-familjes-holandeze-zbulohet-pas-80-vitesh-piktura-e-grabitur-nga-nazistet-e-koleksionistit-hebre\/","url_meta":{"origin":50193,"position":2},"title":"Sekreti i err\u00ebt i familjes holandeze, zbulohet pas 80 vitesh piktura e grabitur nga nazist\u00ebt e koleksionistit hebre","author":"Kurt Farka","date":"May 12, 2026","format":false,"excerpt":"12 Maji 2026 Nj\u00eb piktur\u00eb e vjedhur nga nazist\u00ebt gjat\u00eb Luft\u00ebs s\u00eb Dyt\u00eb Bot\u00ebrore \u00ebsht\u00eb zbuluar n\u00eb sht\u00ebpin\u00eb e pasardh\u00ebsve t\u00eb nj\u00eb bashk\u00ebpun\u00ebtori t\u00eb njohur holandez t\u00eb regjimit nazist, duke rikthyer n\u00eb v\u00ebmendje plag\u00ebt e grabitjes s\u00eb veprave t\u00eb artit gjat\u00eb luft\u00ebs. B\u00ebhet fjal\u00eb p\u00ebr vepr\u00ebn \u201cPortreti i nj\u00eb Vajze\u2026","rel":"","context":"In &quot;Arte&quot;","block_context":{"text":"Arte","link":"https:\/\/www.shqiperia.com\/blog\/category\/arte\/"},"img":{"alt_text":"","src":"https:\/\/i0.wp.com\/www.shqiperia.com\/blog\/wp-content\/uploads\/2026\/05\/portreti.webp?fit=1024%2C576&ssl=1&resize=350%2C200","width":350,"height":200,"srcset":"https:\/\/i0.wp.com\/www.shqiperia.com\/blog\/wp-content\/uploads\/2026\/05\/portreti.webp?fit=1024%2C576&ssl=1&resize=350%2C200 1x, https:\/\/i0.wp.com\/www.shqiperia.com\/blog\/wp-content\/uploads\/2026\/05\/portreti.webp?fit=1024%2C576&ssl=1&resize=525%2C300 1.5x, https:\/\/i0.wp.com\/www.shqiperia.com\/blog\/wp-content\/uploads\/2026\/05\/portreti.webp?fit=1024%2C576&ssl=1&resize=700%2C400 2x"},"classes":[]},{"id":105550,"url":"https:\/\/www.shqiperia.com\/blog\/si-dukej-burri-qe-i-mbijetoi-pushtimit-norman-ekspertet-rindertojne-fytyren-e-tij-pas-1000-vitesh\/","url_meta":{"origin":50193,"position":3},"title":"Si dukej burri q\u00eb i mbijetoi Pushtimit Norman? Ekspert\u00ebt rind\u00ebrtojn\u00eb fytyr\u00ebn e tij pas 1,000 vitesh","author":"Kurt Farka","date":"August 31, 2026","format":false,"excerpt":"31 Gusht 2026 Hulumtimet e reja kan\u00eb zbuluar se si mund t\u00eb ket\u00eb dukur nj\u00eb burr\u00eb q\u00eb jetoi gjat\u00eb pushtimit norman t\u00eb Britanis\u00eb, duke nxjerr\u00eb n\u00eb drit\u00eb detaje t\u00eb reja p\u00ebr jet\u00ebn e tij m\u00eb shum\u00eb se 1,000 vjet m\u00eb par\u00eb. I njohur si \u201cBurri i Pushtimit\u201d, mbetjet e tij\u2026","rel":"","context":"In &quot;Blogu i Udh\u00ebtarit&quot;","block_context":{"text":"Blogu i Udh\u00ebtarit","link":"https:\/\/www.shqiperia.com\/blog\/category\/blogu-i-udhetarit\/"},"img":{"alt_text":"","src":"https:\/\/i0.wp.com\/www.shqiperia.com\/blog\/wp-content\/uploads\/2026\/08\/auto_11788086742.jpeg?fit=900%2C506&ssl=1&resize=350%2C200","width":350,"height":200,"srcset":"https:\/\/i0.wp.com\/www.shqiperia.com\/blog\/wp-content\/uploads\/2026\/08\/auto_11788086742.jpeg?fit=900%2C506&ssl=1&resize=350%2C200 1x, https:\/\/i0.wp.com\/www.shqiperia.com\/blog\/wp-content\/uploads\/2026\/08\/auto_11788086742.jpeg?fit=900%2C506&ssl=1&resize=525%2C300 1.5x, https:\/\/i0.wp.com\/www.shqiperia.com\/blog\/wp-content\/uploads\/2026\/08\/auto_11788086742.jpeg?fit=900%2C506&ssl=1&resize=700%2C400 2x"},"classes":[]},{"id":105968,"url":"https:\/\/www.shqiperia.com\/blog\/rrezik-per-lendime-serioze-dhe-vdekje-te-femijet-alarmi-per-lodrat-e-njohura-squishy-mijera-terhiqen-nga-tregu-ne-shba\/","url_meta":{"origin":50193,"position":4},"title":"Rrezik p\u00ebr l\u00ebndime serioze dhe vdekje te f\u00ebmij\u00ebt. &#8211; Alarmi p\u00ebr lodrat e njohura \u201cSquishy\u201d, mij\u00ebra t\u00ebrhiqen nga tregu n\u00eb SHBA!","author":"Kurt Farka","date":"September 4, 2026","format":false,"excerpt":"4 Shtator 2026 New York Post\u00a0raporton se po \u2018shtohet presioni ndaj lodrave \u201csquishy\u201d\u201d. Nuk jan\u00eb vet\u00ebm djegiet ato p\u00ebr t\u00eb cilat njer\u00ebzit duhet t\u00eb shqet\u00ebsohen. Nj\u00eb lod\u00ebr e njohur \u00ebsht\u00eb t\u00ebrhequr nga tregu p\u00ebr shkak t\u00eb frik\u00ebs p\u00ebr rreziqe serioze l\u00ebndimi q\u00eb paraqet p\u00ebrmbajtja e saj, raportoi Komisioni Amerikan p\u00ebr\u2026","rel":"","context":"In &quot;Blogu i Udh\u00ebtarit&quot;","block_context":{"text":"Blogu i Udh\u00ebtarit","link":"https:\/\/www.shqiperia.com\/blog\/category\/blogu-i-udhetarit\/"},"img":{"alt_text":"","src":"https:\/\/i0.wp.com\/www.shqiperia.com\/blog\/wp-content\/uploads\/2026\/09\/squishy-toys-demtimet121.jpg?fit=672%2C389&ssl=1&resize=350%2C200","width":350,"height":200,"srcset":"https:\/\/i0.wp.com\/www.shqiperia.com\/blog\/wp-content\/uploads\/2026\/09\/squishy-toys-demtimet121.jpg?fit=672%2C389&ssl=1&resize=350%2C200 1x, https:\/\/i0.wp.com\/www.shqiperia.com\/blog\/wp-content\/uploads\/2026\/09\/squishy-toys-demtimet121.jpg?fit=672%2C389&ssl=1&resize=525%2C300 1.5x"},"classes":[]},{"id":105297,"url":"https:\/\/www.shqiperia.com\/blog\/edi-rama-i-perfshire-me-trafikantet-e-kokaines-belget-zbardhin-pergjimet-e-ermirit-te-cinco-cavalli-t-ja-si-u-mbyt-ne-droge-europa-nga-bandat-shqiptare-nje-komunikim\/","url_meta":{"origin":50193,"position":5},"title":"Edi Rama i p\u00ebrfshir\u00eb me trafikant\u00ebt e kokain\u00ebs, belg\u00ebt zbardhin p\u00ebrgjimet e Ermirit t\u00eb \u201cCinco Cavalli\u201d-t, ja si u mbyt n\u00eb drog\u00eb Europa nga bandat shqiptare   Nj\u00eb komunikim","author":"Kurt Farka","date":"August 27, 2026","format":false,"excerpt":"27 Gusht 2026 Nga: Gazeta Sot. Nj\u00eb komunikim i atribuuar Ermir Ndreajt, i njohur si \u201cCinco\u201d, \u00ebsht\u00eb nj\u00eb prej detajeve q\u00eb bie n\u00eb sy n\u00eb materialet e dosjes belge ku hetohet veprimtaria e nj\u00eb rrjeti nd\u00ebrkomb\u00ebtar t\u00eb trafikut t\u00eb kokain\u00ebs. N\u00eb bised\u00eb, Ndreaj diskuton p\u00ebr investime me vler\u00eb miliona euro\u2026","rel":"","context":"In &quot;Blogu i Udh\u00ebtarit&quot;","block_context":{"text":"Blogu i Udh\u00ebtarit","link":"https:\/\/www.shqiperia.com\/blog\/category\/blogu-i-udhetarit\/"},"img":{"alt_text":"","src":"https:\/\/i0.wp.com\/www.shqiperia.com\/blog\/wp-content\/uploads\/2026\/08\/ediii-6a8ff90b138e2.png?fit=689%2C368&ssl=1&resize=350%2C200","width":350,"height":200,"srcset":"https:\/\/i0.wp.com\/www.shqiperia.com\/blog\/wp-content\/uploads\/2026\/08\/ediii-6a8ff90b138e2.png?fit=689%2C368&ssl=1&resize=350%2C200 1x, https:\/\/i0.wp.com\/www.shqiperia.com\/blog\/wp-content\/uploads\/2026\/08\/ediii-6a8ff90b138e2.png?fit=689%2C368&ssl=1&resize=525%2C300 1.5x"},"classes":[]}],"_links":{"self":[{"href":"https:\/\/www.shqiperia.com\/blog\/wp-json\/wp\/v2\/posts\/50193","targetHints":{"allow":["GET"]}}],"collection":[{"href":"https:\/\/www.shqiperia.com\/blog\/wp-json\/wp\/v2\/posts"}],"about":[{"href":"https:\/\/www.shqiperia.com\/blog\/wp-json\/wp\/v2\/types\/post"}],"author":[{"embeddable":true,"href":"https:\/\/www.shqiperia.com\/blog\/wp-json\/wp\/v2\/users\/9"}],"replies":[{"embeddable":true,"href":"https:\/\/www.shqiperia.com\/blog\/wp-json\/wp\/v2\/comments?post=50193"}],"version-history":[{"count":1,"href":"https:\/\/www.shqiperia.com\/blog\/wp-json\/wp\/v2\/posts\/50193\/revisions"}],"predecessor-version":[{"id":50195,"href":"https:\/\/www.shqiperia.com\/blog\/wp-json\/wp\/v2\/posts\/50193\/revisions\/50195"}],"wp:featuredmedia":[{"embeddable":true,"href":"https:\/\/www.shqiperia.com\/blog\/wp-json\/wp\/v2\/media\/50194"}],"wp:attachment":[{"href":"https:\/\/www.shqiperia.com\/blog\/wp-json\/wp\/v2\/media?parent=50193"}],"wp:term":[{"taxonomy":"category","embeddable":true,"href":"https:\/\/www.shqiperia.com\/blog\/wp-json\/wp\/v2\/categories?post=50193"},{"taxonomy":"post_tag","embeddable":true,"href":"https:\/\/www.shqiperia.com\/blog\/wp-json\/wp\/v2\/tags?post=50193"}],"curies":[{"name":"wp","href":"https:\/\/api.w.org\/{rel}","templated":true}]}}