{"id":50181,"date":"2021-09-29T09:49:30","date_gmt":"2021-09-29T09:49:30","guid":{"rendered":"https:\/\/www.shqiperia.com\/blog\/?p=50181"},"modified":"2021-09-29T09:54:18","modified_gmt":"2021-09-29T09:54:18","slug":"kriminelet-gjithmone-kthehen-tek-vendi-i-krimit-vucic-erdhi-ne-kufi-me-kosoven-me-tanke-dhe-avione-por-cfare-ndodh-ne-vazhdim","status":"publish","type":"post","link":"https:\/\/www.shqiperia.com\/blog\/kriminelet-gjithmone-kthehen-tek-vendi-i-krimit-vucic-erdhi-ne-kufi-me-kosoven-me-tanke-dhe-avione-por-cfare-ndodh-ne-vazhdim\/","title":{"rendered":"Kriminelet gjithmone kthehen tek vendi i Krimit.  &#8211; Vu\u00e7i\u00e7 erdhi ne kufi me Kosoven me tanke dhe avione.  Por cfare ndodh ne vazhdim:"},"content":{"rendered":"<p><img data-recalc-dims=\"1\" loading=\"lazy\" decoding=\"async\" data-attachment-id=\"50182\" data-permalink=\"https:\/\/www.shqiperia.com\/blog\/kriminelet-gjithmone-kthehen-tek-vendi-i-krimit-vucic-erdhi-ne-kufi-me-kosoven-me-tanke-dhe-avione-por-cfare-ndodh-ne-vazhdim\/aleksander-vucic-2\/\" data-orig-file=\"https:\/\/i0.wp.com\/www.shqiperia.com\/blog\/wp-content\/uploads\/2021\/09\/Aleksander-Vucic.jpg?fit=576%2C330&amp;ssl=1\" data-orig-size=\"576,330\" data-comments-opened=\"1\" data-image-meta=\"{&quot;aperture&quot;:&quot;0&quot;,&quot;credit&quot;:&quot;&quot;,&quot;camera&quot;:&quot;&quot;,&quot;caption&quot;:&quot;&quot;,&quot;created_timestamp&quot;:&quot;0&quot;,&quot;copyright&quot;:&quot;&quot;,&quot;focal_length&quot;:&quot;0&quot;,&quot;iso&quot;:&quot;0&quot;,&quot;shutter_speed&quot;:&quot;0&quot;,&quot;title&quot;:&quot;&quot;,&quot;orientation&quot;:&quot;0&quot;}\" data-image-title=\"Aleksand\u00ebr Vu\u00e7i\u00e7\" data-image-description=\"\" data-image-caption=\"\" data-medium-file=\"https:\/\/i0.wp.com\/www.shqiperia.com\/blog\/wp-content\/uploads\/2021\/09\/Aleksander-Vucic.jpg?fit=300%2C172&amp;ssl=1\" data-large-file=\"https:\/\/i0.wp.com\/www.shqiperia.com\/blog\/wp-content\/uploads\/2021\/09\/Aleksander-Vucic.jpg?fit=576%2C330&amp;ssl=1\" class=\"alignnone wp-image-50182\" alt=\"\" src=\"https:\/\/i0.wp.com\/www.shqiperia.com\/blog\/wp-content\/uploads\/2021\/09\/Aleksander-Vucic.jpg?resize=637%2C365&#038;ssl=1\" width=\"637\" height=\"365\" srcset=\"https:\/\/i0.wp.com\/www.shqiperia.com\/blog\/wp-content\/uploads\/2021\/09\/Aleksander-Vucic.jpg?resize=300%2C172&amp;ssl=1 300w, https:\/\/i0.wp.com\/www.shqiperia.com\/blog\/wp-content\/uploads\/2021\/09\/Aleksander-Vucic.jpg?resize=450%2C258&amp;ssl=1 450w, https:\/\/i0.wp.com\/www.shqiperia.com\/blog\/wp-content\/uploads\/2021\/09\/Aleksander-Vucic.jpg?resize=400%2C229&amp;ssl=1 400w, https:\/\/i0.wp.com\/www.shqiperia.com\/blog\/wp-content\/uploads\/2021\/09\/Aleksander-Vucic.jpg?w=576&amp;ssl=1 576w\" sizes=\"auto, (max-width: 637px) 100vw, 637px\" \/><\/p>\n<p>Kriminelet gjithmone kthehen tek vendi i Krimit.<\/p>\n<p>Vu\u00e7i\u00e7 erdhi ne kufi me Kosoven me tanke dhe avione. Por cfare ndodh ne vazhdim:<\/p>\n<p>-\u201cNuk fle nat\u00ebn, \u00ebsht\u00eb n\u00eb stres t\u00eb madh p\u00ebr Kosov\u00ebn\u201d, kryeministrja e Serbis\u00eb zbulon problemin sh\u00ebndet\u00ebsor t\u00eb Vu\u00e7i\u00e7it: \u00cbsht\u00eb n\u00ebn nj\u00eb tension t\u00eb tmerrsh\u00ebm!<\/p>\n<p>29 SHTATOR 2021<\/p>\n<p>Kryeministrja e Serbis\u00eb, Ana Brnabi\u00e7, ka folur sot p\u00ebr sh\u00ebndetin Aleksand\u00ebr Vu\u00e7i\u00e7, pasi k\u00ebshilltarja e tij njoftoi se presidenti \u00ebsht\u00eb s\u00ebmur\u00eb dhe ka anuluar aktivitetet. Brnabi\u00e7 tha sot se Vu\u00e7i\u00e7in e \u201ckapi nj\u00eb grip\u201d.<\/p>\n<p>\u201cAi nuk pushon. Do t\u00eb doja q\u00eb t\u00eb pushonte pak m\u00eb shum\u00eb. \u00cbsht\u00eb n\u00ebn nj\u00eb tension t\u00eb tmerrsh\u00ebm, natyrisht, p\u00ebr gjith\u00e7ka q\u00eb po ndodh n\u00eb Kosov\u00eb. Nuk mendoj se me t\u00eb v\u00ebrtet\u00eb ai flinte nat\u00ebn. Gjithashtu mori nj\u00eb grip. Sistemi i tij imunitar u dob\u00ebsua, natyrisht, nga ato p\u00ebrpjekje dhe nga ai stres,\u201d tha Brnabi? p\u00ebr Happy TV.<\/p>\n<p>K\u00ebshilltarja e mediave serbe Suzana Vasiljevic i tha Euronews Serbia t\u00eb mart\u00ebn se Vu\u00e7i\u00e7 kishte anuluar takimet e planifikuara me ambasador\u00ebt e Rusis\u00eb dhe Kin\u00ebs me k\u00ebshill\u00ebn e mjek\u00ebve.<\/p>\n<p>Fjalimi i paralajm\u00ebruar i Vu\u00e7i\u00e7it n\u00eb konferenc\u00ebn dy-ditore \u201cBallkani Per\u00ebndimor, nj\u00eb rajon, nj\u00eb treg- nj\u00eb hap drejt tregut t\u00eb p\u00ebrbashk\u00ebt t\u00eb BE\u201d, i cili fillon sot n\u00eb Novi Sad, gjithashtu u anulua.<\/p>\n<p>Presidentja e Komisionit Evropian, Ursula von der Leyen, do t\u00eb arrij\u00eb n\u00eb Serbi k\u00ebt\u00eb pasdite si pjes\u00eb e nj\u00eb turneu n\u00eb Ballkanin Per\u00ebndimor dhe, sipas njoftimit, ajo duhet t\u00eb takohet me Presidentin Vu\u00e7i\u00e7.<\/p>\n","protected":false},"excerpt":{"rendered":"<p>Kriminelet gjithmone kthehen tek vendi i Krimit. Vu\u00e7i\u00e7 erdhi ne kufi me Kosoven me tanke dhe avione. Por cfare ndodh ne vazhdim: -\u201cNuk fle nat\u00ebn, \u00ebsht\u00eb n\u00eb stres t\u00eb madh p\u00ebr Kosov\u00ebn\u201d, kryeministrja e Serbis\u00eb zbulon problemin sh\u00ebndet\u00ebsor t\u00eb Vu\u00e7i\u00e7it: \u00cbsht\u00eb n\u00ebn nj\u00eb tension t\u00eb tmerrsh\u00ebm! 29 SHTATOR 2021 Kryeministrja e Serbis\u00eb, Ana Brnabi\u00e7, ka [&hellip;]<\/p>\n","protected":false},"author":9,"featured_media":50182,"comment_status":"open","ping_status":"open","sticky":false,"template":"","format":"standard","meta":{"jetpack_post_was_ever_published":false,"_jetpack_newsletter_access":"","_jetpack_dont_email_post_to_subs":false,"_jetpack_newsletter_tier_id":0,"_jetpack_memberships_contains_paywalled_content":false,"_jetpack_memberships_contains_paid_content":false,"footnotes":"","jetpack_publicize_message":"","jetpack_publicize_feature_enabled":true,"jetpack_social_post_already_shared":true,"jetpack_social_options":{"image_generator_settings":{"template":"highway","default_image_id":0,"font":"","enabled":false},"version":2}},"categories":[1,14],"tags":[],"class_list":["post-50181","post","type-post","status-publish","format-standard","has-post-thumbnail","hentry","category-njoftime-shtypi","category-press-releases"],"jetpack_publicize_connections":[],"jetpack_featured_media_url":"https:\/\/i0.wp.com\/www.shqiperia.com\/blog\/wp-content\/uploads\/2021\/09\/Aleksander-Vucic.jpg?fit=576%2C330&ssl=1","jetpack_sharing_enabled":true,"jetpack_shortlink":"https:\/\/wp.me\/p5Z6wp-d3n","jetpack-related-posts":[{"id":103446,"url":"https:\/\/www.shqiperia.com\/blog\/deputeti-serb-e-quan-kosoven-vend-fqinj-i-reagon-ashper-aleatja-e-ngushte-e-vucic\/","url_meta":{"origin":50181,"position":0},"title":"Deputeti serb e quan Kosov\u00ebn vend fqinj, i reagon ashp\u00ebr aleatja e ngusht\u00eb e Vu\u00e7i\u00e7","author":"Kurt Farka","date":"July 30, 2026","format":false,"excerpt":"30 Korrik 2026 Nj\u00eb deklarat\u00eb e deputetit serb t\u00eb subjektit Fronti i Gjelb\u00ebr i Majt\u00eb, Dobrica Veselinovi\u0107, gjat\u00eb nj\u00eb seance t\u00eb Kuvendit t\u00eb Serbis\u00eb ka nxitur reagimin e kryetares s\u00eb Parlamentit, Ana Brnabi\u0107, pasi ai iu referua Kosov\u00ebs si \u2018fqinj\u2019. N\u00eb fjal\u00ebn e tij, Veselinovi\u0107 tha se Serbia po e\u2026","rel":"","context":"In &quot;Blogu i Udh\u00ebtarit&quot;","block_context":{"text":"Blogu i Udh\u00ebtarit","link":"https:\/\/www.shqiperia.com\/blog\/category\/blogu-i-udhetarit\/"},"img":{"alt_text":"","src":"https:\/\/i0.wp.com\/www.shqiperia.com\/blog\/wp-content\/uploads\/2026\/07\/auto_BeFunky-collage-2026-07-29T163641.065-2048x14031785339702-1.jpg?fit=900%2C617&ssl=1&resize=350%2C200","width":350,"height":200,"srcset":"https:\/\/i0.wp.com\/www.shqiperia.com\/blog\/wp-content\/uploads\/2026\/07\/auto_BeFunky-collage-2026-07-29T163641.065-2048x14031785339702-1.jpg?fit=900%2C617&ssl=1&resize=350%2C200 1x, https:\/\/i0.wp.com\/www.shqiperia.com\/blog\/wp-content\/uploads\/2026\/07\/auto_BeFunky-collage-2026-07-29T163641.065-2048x14031785339702-1.jpg?fit=900%2C617&ssl=1&resize=525%2C300 1.5x, https:\/\/i0.wp.com\/www.shqiperia.com\/blog\/wp-content\/uploads\/2026\/07\/auto_BeFunky-collage-2026-07-29T163641.065-2048x14031785339702-1.jpg?fit=900%2C617&ssl=1&resize=700%2C400 2x"},"classes":[]},{"id":100951,"url":"https:\/\/www.shqiperia.com\/blog\/alarmi-i-serwer-vucic-po-pret-mundesine-per-te-marre-veriun-e-kosoves-shqiperia-te-vendose-me-shume-trupa\/","url_meta":{"origin":50181,"position":1},"title":"Alarmi i Serwer: &#8211; Vu\u00e7i\u00e7 po pret mund\u00ebsin\u00eb p\u00ebr t\u00eb marr\u00eb veriun e Kosov\u00ebs! Shqip\u00ebria t\u00eb vendos\u00eb m\u00eb shum\u00eb trupa","author":"Kurt Farka","date":"June 2, 2026","format":false,"excerpt":"2 Qershor 2026 Profesori amerikan dhe eksperti i Ballkanit, Daniel Serwer, paralajm\u00ebroi se prania ushtarake amerikane n\u00eb Kosov\u00eb mund t\u00eb reduktohet n\u00eb t\u00eb ardhmen, duke theksuar se vendi duhet t\u00eb p\u00ebrgatitet p\u00ebr nj\u00eb skenar t\u00eb till\u00eb. N\u00eb nj\u00eb intervist\u00eb n\u00eb nj\u00eb studio televizive ai sugjeroi se Shqip\u00ebria si vend i\u2026","rel":"","context":"In &quot;Njoftime Shtypi&quot;","block_context":{"text":"Njoftime Shtypi","link":"https:\/\/www.shqiperia.com\/blog\/category\/njoftime-shtypi\/"},"img":{"alt_text":"","src":"https:\/\/i0.wp.com\/www.shqiperia.com\/blog\/wp-content\/uploads\/2026\/06\/Vucic.webp?fit=1200%2C675&ssl=1&resize=350%2C200","width":350,"height":200,"srcset":"https:\/\/i0.wp.com\/www.shqiperia.com\/blog\/wp-content\/uploads\/2026\/06\/Vucic.webp?fit=1200%2C675&ssl=1&resize=350%2C200 1x, https:\/\/i0.wp.com\/www.shqiperia.com\/blog\/wp-content\/uploads\/2026\/06\/Vucic.webp?fit=1200%2C675&ssl=1&resize=525%2C300 1.5x, https:\/\/i0.wp.com\/www.shqiperia.com\/blog\/wp-content\/uploads\/2026\/06\/Vucic.webp?fit=1200%2C675&ssl=1&resize=700%2C400 2x, https:\/\/i0.wp.com\/www.shqiperia.com\/blog\/wp-content\/uploads\/2026\/06\/Vucic.webp?fit=1200%2C675&ssl=1&resize=1050%2C600 3x"},"classes":[]},{"id":104089,"url":"https:\/\/www.shqiperia.com\/blog\/ishim-krah-ukraines-qe-diten-e-pare-kosova-i-pergjigjet-zelenskyt-pas-deklarates-ne-takimin-me-vucic\/","url_meta":{"origin":50181,"position":2},"title":"\u201cIshim krah Ukrain\u00ebs q\u00eb dit\u00ebn e par\u00eb\u201d \u2013 Kosova i p\u00ebrgjigjet Zelenskyt, pas deklarat\u00ebs n\u00eb takimin me Vu\u00e7i\u00e7","author":"Kurt Farka","date":"August 9, 2026","format":false,"excerpt":"9 Gusht 2026 Ministri i Jasht\u00ebm n\u00eb detyr\u00eb i Kosov\u00ebs, Glauk Konjufca, ka reaguar ndaj deklarat\u00ebs s\u00eb presidentit ukrainas, Volodymyr Zelensky n\u00eb Beograd, se Ukraina nuk do ta njoh\u00eb Republik\u00ebn e Kosov\u00ebs. Konjufca ka shprehur keqardhje p\u00ebr k\u00ebt\u00eb q\u00ebndrim, duke theksuar se Kosova, q\u00eb nga dita e par\u00eb e agresionit\u2026","rel":"","context":"In &quot;Blogu i Udh\u00ebtarit&quot;","block_context":{"text":"Blogu i Udh\u00ebtarit","link":"https:\/\/www.shqiperia.com\/blog\/category\/blogu-i-udhetarit\/"},"img":{"alt_text":"","src":"https:\/\/i0.wp.com\/www.shqiperia.com\/blog\/wp-content\/uploads\/2026\/08\/2018-02-flamur-jpg.webp?fit=1200%2C675&ssl=1&resize=350%2C200","width":350,"height":200,"srcset":"https:\/\/i0.wp.com\/www.shqiperia.com\/blog\/wp-content\/uploads\/2026\/08\/2018-02-flamur-jpg.webp?fit=1200%2C675&ssl=1&resize=350%2C200 1x, https:\/\/i0.wp.com\/www.shqiperia.com\/blog\/wp-content\/uploads\/2026\/08\/2018-02-flamur-jpg.webp?fit=1200%2C675&ssl=1&resize=525%2C300 1.5x, https:\/\/i0.wp.com\/www.shqiperia.com\/blog\/wp-content\/uploads\/2026\/08\/2018-02-flamur-jpg.webp?fit=1200%2C675&ssl=1&resize=700%2C400 2x, https:\/\/i0.wp.com\/www.shqiperia.com\/blog\/wp-content\/uploads\/2026\/08\/2018-02-flamur-jpg.webp?fit=1200%2C675&ssl=1&resize=1050%2C600 3x"},"classes":[]},{"id":102777,"url":"https:\/\/www.shqiperia.com\/blog\/rama-si-enver-hoxha-nuk-flet-per-kosoven\/","url_meta":{"origin":50181,"position":3},"title":"\u201cRama si Enver Hoxha, nuk flet p\u00ebr Kosov\u00ebn\u201d","author":"Kurt Farka","date":"July 16, 2026","format":false,"excerpt":"16 Korrik 2026 Deputeti i \u201cMund\u00ebsia\u201d, Erald Kapri akuzoi kryeministrin Edi Rama p\u00ebr faktin se nuk ka b\u00ebr\u00eb asnj\u00eb reagim n\u00eb lidhje me deklarat\u00ebn skandaloze t\u00eb ministres serbe \u00a0Snezhana Paunovi\u00e7 se do t\u00eb b\u00ebnte spastrim etnik n\u00eb Kosov\u00eb. N\u00eb Kuvend, ai tha se kryeministri po sillet nj\u00ebsoj sikurse Enver Hoxha,\u2026","rel":"","context":"In &quot;Blogu i Udh\u00ebtarit&quot;","block_context":{"text":"Blogu i Udh\u00ebtarit","link":"https:\/\/www.shqiperia.com\/blog\/category\/blogu-i-udhetarit\/"},"img":{"alt_text":"","src":"https:\/\/i0.wp.com\/www.shqiperia.com\/blog\/wp-content\/uploads\/2026\/07\/490749578_4163715850518353_8749168321955968330_n.jpg?fit=640%2C487&ssl=1&resize=350%2C200","width":350,"height":200,"srcset":"https:\/\/i0.wp.com\/www.shqiperia.com\/blog\/wp-content\/uploads\/2026\/07\/490749578_4163715850518353_8749168321955968330_n.jpg?fit=640%2C487&ssl=1&resize=350%2C200 1x, https:\/\/i0.wp.com\/www.shqiperia.com\/blog\/wp-content\/uploads\/2026\/07\/490749578_4163715850518353_8749168321955968330_n.jpg?fit=640%2C487&ssl=1&resize=525%2C300 1.5x"},"classes":[]},{"id":103192,"url":"https:\/\/www.shqiperia.com\/blog\/vucic-mesazh-ushtareve-te-serbise-kosova-eshte-e-jona-dhe-duhet-mbrojtur\/","url_meta":{"origin":50181,"position":4},"title":"Vu\u00e7i\u00e7 mesazh ushtar\u00ebve t\u00eb Serbis\u00eb: &#8211; Kosova \u00ebsht\u00eb e jona dhe duhet mbrojtur","author":"Kurt Farka","date":"July 25, 2026","format":false,"excerpt":"25 Korrik 2025 Presidenti serb, Aleksand\u00ebr Vu\u00e7i\u00e7, ka p\u00ebrs\u00ebritur edhe nj\u00ebher\u00eb retorik\u00ebn e tij nacionaliste, duke theksuar se Kosova \u00ebsht\u00eb pjes\u00eb e Serbis\u00eb. Nj\u00eb mesazh ky i p\u00ebrcjell\u00eb drejt kadet\u00ebve t\u00eb rinj t\u00eb Forcave t\u00eb Armatosura serbe gjat\u00eb ceremonis\u00eb s\u00eb diplomimit n\u00eb Banjic\u00eb. \u201cKosova \u00ebsht\u00eb pjes\u00eb e atdheut ton\u00eb, pjes\u00eb\u2026","rel":"","context":"In &quot;Blogu i Udh\u00ebtarit&quot;","block_context":{"text":"Blogu i Udh\u00ebtarit","link":"https:\/\/www.shqiperia.com\/blog\/category\/blogu-i-udhetarit\/"},"img":{"alt_text":"","src":"https:\/\/i0.wp.com\/www.shqiperia.com\/blog\/wp-content\/uploads\/2026\/07\/vucic_sd.webp?fit=1200%2C675&ssl=1&resize=350%2C200","width":350,"height":200,"srcset":"https:\/\/i0.wp.com\/www.shqiperia.com\/blog\/wp-content\/uploads\/2026\/07\/vucic_sd.webp?fit=1200%2C675&ssl=1&resize=350%2C200 1x, https:\/\/i0.wp.com\/www.shqiperia.com\/blog\/wp-content\/uploads\/2026\/07\/vucic_sd.webp?fit=1200%2C675&ssl=1&resize=525%2C300 1.5x, https:\/\/i0.wp.com\/www.shqiperia.com\/blog\/wp-content\/uploads\/2026\/07\/vucic_sd.webp?fit=1200%2C675&ssl=1&resize=700%2C400 2x, https:\/\/i0.wp.com\/www.shqiperia.com\/blog\/wp-content\/uploads\/2026\/07\/vucic_sd.webp?fit=1200%2C675&ssl=1&resize=1050%2C600 3x"},"classes":[]},{"id":105361,"url":"https:\/\/www.shqiperia.com\/blog\/vucic-kercenon-rajonin-sulmon-serish-paktin-tirane-prishtine-zagreb-forcojme-ushtrine-perballe-cdo-aleance\/","url_meta":{"origin":50181,"position":5},"title":"Vu\u00e7i\u00e7 \u201ck\u00ebrc\u00ebnon\u201d rajonin, sulmon s\u00ebrish paktin Tiran\u00eb-Prishtin\u00eb-Zagreb: &#8211; Forcojm\u00eb ushtrin\u00eb p\u00ebrball\u00eb \u00e7do aleance","author":"Kurt Farka","date":"August 28, 2026","format":false,"excerpt":"18 Gusht 2026 Presidenti i Serbis\u00eb, Aleksandar Vu\u00e7i\u00e7, deklaroi se vendi i tij do t\u00eb vazhdoj\u00eb t\u00eb forcoj\u00eb kapacitetet ushtarake p\u00ebr t\u00eb penguar \u00e7do agresion t\u00eb mundsh\u00ebm. Deklarata vjen pak dit\u00eb pas alarmit t\u00eb ngritur nga Kroacia p\u00ebr armatosjen e ushtris\u00eb serbe, n\u00eb nj\u00eb koh\u00eb kur Serbia prej m\u00eb shum\u00eb\u2026","rel":"","context":"In &quot;Blogu i Udh\u00ebtarit&quot;","block_context":{"text":"Blogu i Udh\u00ebtarit","link":"https:\/\/www.shqiperia.com\/blog\/category\/blogu-i-udhetarit\/"},"img":{"alt_text":"","src":"https:\/\/i0.wp.com\/www.shqiperia.com\/blog\/wp-content\/uploads\/2026\/08\/images_sd-26-800x450-1.webp?fit=800%2C450&ssl=1&resize=350%2C200","width":350,"height":200,"srcset":"https:\/\/i0.wp.com\/www.shqiperia.com\/blog\/wp-content\/uploads\/2026\/08\/images_sd-26-800x450-1.webp?fit=800%2C450&ssl=1&resize=350%2C200 1x, https:\/\/i0.wp.com\/www.shqiperia.com\/blog\/wp-content\/uploads\/2026\/08\/images_sd-26-800x450-1.webp?fit=800%2C450&ssl=1&resize=525%2C300 1.5x, https:\/\/i0.wp.com\/www.shqiperia.com\/blog\/wp-content\/uploads\/2026\/08\/images_sd-26-800x450-1.webp?fit=800%2C450&ssl=1&resize=700%2C400 2x"},"classes":[]}],"_links":{"self":[{"href":"https:\/\/www.shqiperia.com\/blog\/wp-json\/wp\/v2\/posts\/50181","targetHints":{"allow":["GET"]}}],"collection":[{"href":"https:\/\/www.shqiperia.com\/blog\/wp-json\/wp\/v2\/posts"}],"about":[{"href":"https:\/\/www.shqiperia.com\/blog\/wp-json\/wp\/v2\/types\/post"}],"author":[{"embeddable":true,"href":"https:\/\/www.shqiperia.com\/blog\/wp-json\/wp\/v2\/users\/9"}],"replies":[{"embeddable":true,"href":"https:\/\/www.shqiperia.com\/blog\/wp-json\/wp\/v2\/comments?post=50181"}],"version-history":[{"count":2,"href":"https:\/\/www.shqiperia.com\/blog\/wp-json\/wp\/v2\/posts\/50181\/revisions"}],"predecessor-version":[{"id":50184,"href":"https:\/\/www.shqiperia.com\/blog\/wp-json\/wp\/v2\/posts\/50181\/revisions\/50184"}],"wp:featuredmedia":[{"embeddable":true,"href":"https:\/\/www.shqiperia.com\/blog\/wp-json\/wp\/v2\/media\/50182"}],"wp:attachment":[{"href":"https:\/\/www.shqiperia.com\/blog\/wp-json\/wp\/v2\/media?parent=50181"}],"wp:term":[{"taxonomy":"category","embeddable":true,"href":"https:\/\/www.shqiperia.com\/blog\/wp-json\/wp\/v2\/categories?post=50181"},{"taxonomy":"post_tag","embeddable":true,"href":"https:\/\/www.shqiperia.com\/blog\/wp-json\/wp\/v2\/tags?post=50181"}],"curies":[{"name":"wp","href":"https:\/\/api.w.org\/{rel}","templated":true}]}}