{"id":50,"date":"2015-04-25T15:08:43","date_gmt":"2015-04-25T15:08:43","guid":{"rendered":"http:\/\/www.shqiperia.com\/blog\/?p=50"},"modified":"2015-04-25T15:08:43","modified_gmt":"2015-04-25T15:08:43","slug":"leter-e-hapur-shteti-shqiptar-te-reagoje-ndaj-burgimit-politik-te-mbrojtesit-te-te-drejtave-te-njeriut-prej-qeverise-se-azerbajxhanit","status":"publish","type":"post","link":"https:\/\/www.shqiperia.com\/blog\/leter-e-hapur-shteti-shqiptar-te-reagoje-ndaj-burgimit-politik-te-mbrojtesit-te-te-drejtave-te-njeriut-prej-qeverise-se-azerbajxhanit\/","title":{"rendered":"Leter e Hapur &#8211; Shteti Shqiptar te reagoje ndaj burgimit politik te mbrojtesit te te drejtave te njeriut prej Qeverise se Azerbajxhanit"},"content":{"rendered":"<p><strong><u><span>L E T \u00cb R\u00a0\u00a0 E\u00a0\u00a0 H A P U R<\/span><\/u><\/strong><\/p>\n<p><strong><em><u><span>Drejtuar<\/span><\/u><\/em><\/strong><strong><u><span>:<\/span><\/u><\/strong><span> <span>\u00a0\u00a0\u00a0\u00a0\u00a0\u00a0\u00a0\u00a0 <\/span>Presidentit t\u00eb Republik\u00ebs s\u00eb Shqip\u00ebris\u00eb<\/span><\/p>\n<p><em><span>SH.T.Z.<span>\u00a0 <\/span>Bujar NISHANI<\/span><\/em><\/p>\n<p><em><span>\u00a0<\/span><\/em><\/p>\n<p><span>Kryetarit t\u00eb Kuvendit t\u00eb Shqip\u00ebris\u00eb<\/span><\/p>\n<p><em><span>SH.T.Z.<span>\u00a0\u00a0 <\/span>Ilir META<\/span><\/em><\/p>\n<p><em><span>\u00a0<\/span><\/em><\/p>\n<p><span>Kryetarit t\u00eb K\u00ebshillit t\u00eb Ministrave<\/span><\/p>\n<p><em><span>SH.T.Z.<span>\u00a0\u00a0 <\/span>Edi RAMA<\/span><\/em><\/p>\n<p><em><span>\u00a0<\/span><\/em><\/p>\n<p><span>Ministrit t\u00eb Jasht\u00ebm<\/span><\/p>\n<ol>\n<li><em><span> Ditmir BUSHATI<\/span><\/em><\/li>\n<\/ol>\n<p><em><span>\u00a0<\/span><\/em><\/p>\n<p><span>Komisionit p\u00ebr Politik\u00ebn e Jashtme n\u00eb Kuvendin e Shqip\u00ebris\u00eb<\/span><\/p>\n<p><em><span>\u00a0<\/span><\/em><\/p>\n<p><span>Kryetar\u00ebve t\u00eb Grupeve Parlamentare n\u00eb Kuvendin e Shqip\u00ebris\u00eb <\/span><\/p>\n<p><em><span>\u00a0<\/span><\/em><\/p>\n<p><span>Deputet\u00ebve t\u00eb Kuvendit t\u00eb Shqip\u00ebris\u00eb<\/span><\/p>\n<p><em><span>\u00a0<\/span><\/em><\/p>\n<p><span>Partive Politike Parlamentare<\/span><\/p>\n<p><span>\u00a0<\/span><\/p>\n<p><strong><em><u><span>P\u00ebr Dijeni:<\/span><\/u><\/em><\/strong><strong><span> <span>\u00a0\u00a0\u00a0\u00a0\u00a0\u00a0 <\/span><\/span><\/strong><em><span>Misionit t\u00eb OSBE<\/span><\/em><\/p>\n<p><em><span>\u00a0<\/span><\/em><\/p>\n<p><em><span>Delegacionit t\u00eb Bashkimit Europian<\/span><\/em><\/p>\n<p><em><span>\u00a0<\/span><\/em><\/p>\n<p><em><span>Zyr\u00ebs s\u00eb K\u00ebshillit t\u00eb Europ\u00ebs <\/span><\/em><\/p>\n<p><em><span>\u00a0<\/span><\/em><\/p>\n<p><em><span>Ambasad\u00ebs s\u00eb Shteteve t\u00eb Bashkuara<\/span><\/em><\/p>\n<p><em><span>\u00a0<\/span><\/em><\/p>\n<p><em><span>P\u00ebrfaq\u00ebsive t\u00eb tjera diplomatike n\u00eb Republik\u00ebn e Shqip\u00ebris\u00eb<\/span><\/em><\/p>\n<p><em><span>\u00a0<\/span><\/em><\/p>\n<p><em><span>Opinionit Publik<\/span><\/em><\/p>\n<p><span>\u00a0<\/span><\/p>\n<p><strong><em><u><span>L\u00ebnda<\/span><\/u><\/em><\/strong><strong><u><span>:<\/span><\/u><\/strong><span> <span>\u00a0\u00a0\u00a0\u00a0\u00a0 \u00a0 \u00a0 \u00a0 \u00a0 <\/span>K\u00ebrkes\u00eb p\u00ebr t\u00eb reaguar lidhur me burgimin politik t\u00eb mbrojtesit t\u00eb t\u00eb drejtave t\u00eb njeriut z. Anar MAMMADLI nga autoritetet e Azerbajxhanit<\/span><em><span>.<\/span><\/em><\/p>\n<p><span>\u00a0<\/span><\/p>\n<p><em><span>T\u00eb nderuar Zonja \/ Zot\u00ebrinj !<\/span><\/em><\/p>\n<p>Organizatat Drejtuese t\u00eb Koalicionit t\u00eb V\u00ebzhguesve Vendor\u00eb (KVV), Shoqata p\u00ebr Kultur\u00eb Demokratike dhe KRIIK Albania, si organizatat lider n\u00eb v\u00ebzhgimin e proceseve zgjedhore n\u00eb Shqip\u00ebri, jan\u00eb an\u00ebtare t\u00eb Rrjetit Europian t\u00eb Organizatave V\u00ebzhguese t\u00eb Zgjedhjeve (European Network of Election Monitoring Organizations \u2013 ENEMO) <em>(<\/em><em><span>nj\u00eb rrjet prej 22 organizatash t\u00eb shoq\u00ebris\u00eb civile q\u00eb mb\u00ebshtetin zhvillimet demokratike dhe pjes\u00ebmarrjen e qytetar\u00ebve n\u00eb proceset politike, nga 17 vende t\u00eb Europ\u00ebs Q\u00ebndrore e Lindore, si dhe t\u00eb Azis\u00eb Q\u00ebndrore, p\u00ebrfshir\u00eb edhe tre vende an\u00ebtare t\u00eb Bashkimit Europian)<\/span><\/em> dhe jan\u00eb zgjedhur gjithashtu si an\u00ebtare t\u00eb Sekretariatit Drejtues t\u00eb k\u00ebtij rrjeti respektivisht n\u00eb dy Asamblet\u00eb e fundit t\u00eb tij.<\/p>\n<p>&nbsp;<\/p>\n<p>M\u00eb dat\u00eb 14 Prill 2015, ENEMO publikoi nj\u00eb Deklarat\u00eb ku iu k\u00ebrkoi n\u00eb m\u00ebnyr\u00eb t\u00eb p\u00ebrs\u00ebritur autoriteteve t\u00eb Azerbajxhanit, q\u00eb t\u00eb lirojn\u00eb nga burgimi politik Z. Anar Mammadli, Kryetar <span>i &#8220;Qendr\u00ebs p\u00ebr V\u00ebzhgim Zgjedhjesh dhe Studime t\u00eb Demokracis\u00eb&#8221; (EMDS), nj\u00eb organizat\u00eb joqeveritare nga Azerbajxhani, an\u00ebtare e ENEMO<a name=\"_ftnref1\" href=\"https:\/\/mail.google.com\/mail\/b\/42\/u\/0\/#_ftn1\"><span><span><span>[1]<\/span><\/span><\/span><\/a>-s. <\/span><\/p>\n<ol>\n<li><span> Mammadli u arrestua m\u00eb 16 Dhjetor 2013 menj\u00ebher\u00eb pas publikimit t\u00eb raportit t\u00eb v\u00ebzhgimit t\u00eb organizat\u00ebs s\u00eb tij, ku denoncoheshin shkelje dhe manipulime gjat\u00eb procesit zgjedhor p\u00ebr Zgjedhjet Presidenciale t\u00eb 9 Tetorit 2013 n\u00eb Azerbajxhan dhe u d\u00ebnua me 5,5 vjet burg, pavar\u00ebsisht protestave nga organizmat nd\u00ebrkomb\u00ebtar\u00eb<a name=\"_ftnref2\" href=\"https:\/\/mail.google.com\/mail\/b\/42\/u\/0\/#_ftn2\"><span><span><span><span>[2]<\/span><\/span><\/span><\/span><\/a>. <\/span><\/li>\n<\/ol>\n<p>&nbsp;<\/p>\n<p><span>Amnesty International e konsideron z. Anar Mammadli t\u00eb burgosur t\u00eb nd\u00ebrgjegjes p\u00ebr shkak t\u00eb ushtrimit legjitim t\u00eb s\u00eb drejt\u00ebs s\u00eb tij p\u00ebr lirin\u00eb e shprehjes dhe grumbullimit, dhe b\u00ebn thirrje p\u00ebr lirimin e tij t\u00eb menj\u00ebhersh\u00ebm dhe t\u00eb pakusht\u00ebzuar<a name=\"_ftnref3\" href=\"https:\/\/mail.google.com\/mail\/b\/42\/u\/0\/#_ftn3\"><span><span><span><span>[3]<\/span><\/span><\/span><\/span><\/a>, nd\u00ebrkoh\u00eb q\u00eb Asambleja Parlamentare e K\u00ebshillit t\u00eb Europ\u00ebs (PACE) i ka dh\u00ebn\u00eb \u00e7mimin <\/span>V\u00e1clav Havel p\u00ebr t\u00eb Drejtat e Njeriut n\u00eb Shtator 2014.<\/p>\n<p>&nbsp;<\/p>\n<p><span>Duke marr\u00eb shkas nga kjo Deklarat\u00eb e ENEMO-s, t\u00eb cil\u00ebn KVV e mb\u00ebshtet plot\u00ebsisht, si dhe duke e konsideruar k\u00ebt\u00eb rast <strong>si nj\u00eb precedent t\u00eb rreziksh\u00ebm p\u00ebr garantimin e liris\u00eb s\u00eb shprehjes, t\u00eb liris\u00eb s\u00eb grumbullimit dhe t\u00eb q\u00ebndrimit kritik t\u00eb shoq\u00ebris\u00eb civile, ve\u00e7an\u00ebrisht lidhur me standardet e zhvillimit t\u00eb zgjedhjeve, p\u00ebrgjat\u00eb procesit t\u00eb nd\u00ebrtimit t\u00eb demokracis\u00eb dhe shtetit t\u00eb s\u00eb drejt\u00ebs n\u00eb vendet n\u00eb tranzicion<\/strong>,<span>\u00a0 <\/span><\/span><\/p>\n<p><strong><span>Koalicioni i V\u00ebzhguesve Vendor\u00eb k\u00ebrkon nga JU<\/span><\/strong><span> si p\u00ebrfaq\u00ebsuesit m\u00eb t\u00eb lart\u00eb t\u00eb Shtetit Shqiptar q\u00eb t\u00eb b\u00ebheni pjes\u00eb e q\u00ebndrimit t\u00eb organizmave m\u00eb t\u00eb r\u00ebnd\u00ebsish\u00ebm nd\u00ebrkomb\u00ebtar\u00eb, dhe <strong>n\u00ebp\u00ebrmjet <\/strong><\/span><strong><span>mekanizmave institucional\u00eb e diplomatik\u00eb n\u00eb dispozicion, t\u00eb <\/span><\/strong><strong><span>ushtroni ndikimin e duhur<\/span><\/strong><strong><span> si dhe t&#8217;u b\u00ebni thirrje Autoriteteve t\u00eb Azerbajxhanit <\/span><\/strong><span>q\u00eb t\u00eb lirojn\u00eb n\u00eb m\u00ebnyr\u00eb t\u00eb menj\u00ebhereshme nga burgu, mbrojt\u00ebsin e t\u00eb drejtave t\u00eb njeriut z. Anar Mammadli, si dhe t\u00eb ndalojn\u00eb shtypjen e organizatave t\u00eb shoq\u00ebris\u00eb civile n\u00eb p\u00ebrmbushje t\u00eb angazhimeve ndaj Konvent\u00ebs Europiane t\u00eb t\u00eb Drejtave t\u00eb Njeriut.<\/span><\/p>\n<p><span>\u00a0<\/span><\/p>\n<p><span>Duke besuar fort n\u00eb angazhimin e vazhduesh\u00ebm t\u00eb vendit ton\u00eb n\u00eb mbrojtje t\u00eb vlerave t\u00eb liris\u00eb dhe demokracis\u00eb, Lutemi gjeni bashk\u00eblidhur Deklarat\u00ebn e ENEMO.<\/span><\/p>\n<p><span><span>\u00a0<\/span><\/span><\/p>\n<p><strong><span>Me konsiderat\u00eb,<\/span><\/strong><\/p>\n<p><strong><span>\u00a0<\/span><u><span>P\u00ebr Koalicionin e V\u00ebzhguesve Vendor\u00eb<\/span><\/u><\/strong><\/p>\n<p><strong><em><span>P\u00ebrfaq\u00ebsuesit e organizatave Drejtuese<\/span><\/em><\/strong><\/p>\n<p><strong><span>\u00a0<\/span><\/strong><\/p>\n<p><em><span><span>\u00a0\u00a0\u00a0\u00a0\u00a0\u00a0\u00a0\u00a0 <\/span><span>\u00a0\u00a0\u00a0 <\/span><\/span><\/em><span>Gerta META<span>\u00a0\u00a0\u00a0\u00a0\u00a0\u00a0\u00a0\u00a0\u00a0\u00a0\u00a0\u00a0\u00a0\u00a0\u00a0\u00a0\u00a0\u00a0\u00a0\u00a0\u00a0\u00a0\u00a0\u00a0\u00a0\u00a0\u00a0\u00a0 <\/span><span>\u00a0\u00a0\u00a0 <\/span>Premto GOGO<span>\u00a0\u00a0\u00a0\u00a0\u00a0\u00a0\u00a0\u00a0\u00a0\u00a0\u00a0\u00a0\u00a0\u00a0\u00a0\u00a0\u00a0\u00a0\u00a0 <\/span><span>\u00a0\u00a0\u00a0\u00a0\u00a0\u00a0 <\/span>Rajmonda PRIFTI<\/span><\/p>\n<p><span><span>\u00a0\u00a0\u00a0\u00a0\u00a0 <\/span><em><span>\u00a0 <\/span>Drejtore Ekzekutive<span>\u00a0\u00a0\u00a0\u00a0\u00a0\u00a0\u00a0\u00a0\u00a0\u00a0\u00a0\u00a0\u00a0\u00a0\u00a0\u00a0\u00a0\u00a0\u00a0\u00a0\u00a0\u00a0\u00a0 <\/span><span>\u00a0\u00a0\u00a0\u00a0\u00a0\u00a0\u00a0\u00a0 <\/span>Kryetar<span>\u00a0\u00a0\u00a0\u00a0\u00a0\u00a0\u00a0\u00a0\u00a0\u00a0\u00a0\u00a0\u00a0\u00a0\u00a0\u00a0\u00a0\u00a0\u00a0\u00a0\u00a0\u00a0\u00a0\u00a0\u00a0\u00a0 <\/span><span>\u00a0\u00a0\u00a0\u00a0\u00a0\u00a0 <\/span>Drejtore Ekzekutive<\/em><\/span><\/p>\n<p><span>Shoqata p\u00ebr Kultur\u00eb Demokratike <span>\u00a0\u00a0\u00a0\u00a0\u00a0\u00a0 <\/span>Shoqata KRIIK Albania<span>\u00a0\u00a0\u00a0\u00a0\u00a0\u00a0\u00a0\u00a0 <\/span>Shoqata p\u00ebr Grat\u00eb e F\u00ebmij\u00ebt<\/span><\/p>\n<p>&nbsp;<\/p>\n<p>[1] M\u00eb dat\u00eb 28 Maj 2014, ENEMO ka publikuar nj\u00eb tjet\u00ebr Let\u00ebr Mb\u00ebshtet\u00ebse. P\u00ebr m\u00eb shum\u00eb tek: <span>http:\/\/enemo.eu\/Letter%20of%20support%20of%20ENEMO%20members%20from%20Azerbaijan_28.05.2014.pdf<\/span>.<\/p>\n<p>[2] N\u00eb nj\u00eb deklarat\u00eb t\u00eb p\u00ebrbashk\u00ebt\u00a0t\u00eb b\u00ebr\u00eb publike n\u00eb Sesionin e Janarit 2014 t\u00eb Asambles\u00eb Parlamentare t\u00eb K\u00ebshillit t\u00eb Europ\u00ebs (<span>Parliamentary Assembly of the Council of Europe &#8211; PACE)<\/span>, an\u00ebtar\u00eb t\u00eb Parlamentit nga vendet an\u00ebtare t\u00eb K\u00ebshillit t\u00eb Europ\u00ebs gjithashtu i kan\u00eb b\u00ebr\u00eb thirrje autoriteteve t\u00eb Azerbajxhanit t\u00eb lirojn\u00eb z. Anar Mammadli nga paraburgimi. Gjeni deklarat\u00ebn n\u00eb: <span>http:\/\/assembly.coe.int\/nw\/xml\/XRef\/Xref-DocDetails-EN.asp?fileid=20469&amp;lang=EN&amp;search=YXplcmJha%C3%8BphbnxzZXNza%C3%8B9ucGFydF9zdHJfZ%C3%8B46IjIwMTQgLSBGaXJzdCBwYXJ0LXNlc3Npb24i<\/span>.<\/p>\n<p>[3] <span>https:\/\/<\/span><span>www<\/span><span>.amnesty.org\/en\/documents\/eur55\/013\/2013\/en\/<\/span><\/p>\n<p><strong><em><u><span>Tiran\u00eb,<span>\u00a0 <\/span>m\u00eb 25 Prill 2015!<\/span><\/u><\/em><\/strong><\/p>\n","protected":false},"excerpt":{"rendered":"<p>L E T \u00cb R\u00a0\u00a0 E\u00a0\u00a0 H A P U R Drejtuar: \u00a0\u00a0\u00a0\u00a0\u00a0\u00a0\u00a0\u00a0 Presidentit t\u00eb Republik\u00ebs s\u00eb Shqip\u00ebris\u00eb SH.T.Z.\u00a0 Bujar NISHANI \u00a0 Kryetarit t\u00eb Kuvendit t\u00eb Shqip\u00ebris\u00eb SH.T.Z.\u00a0\u00a0 Ilir META \u00a0 Kryetarit t\u00eb K\u00ebshillit t\u00eb Ministrave SH.T.Z.\u00a0\u00a0 Edi RAMA \u00a0 Ministrit t\u00eb Jasht\u00ebm Ditmir BUSHATI \u00a0 Komisionit p\u00ebr Politik\u00ebn e Jashtme n\u00eb Kuvendin e Shqip\u00ebris\u00eb [&hellip;]<\/p>\n","protected":false},"author":1,"featured_media":0,"comment_status":"open","ping_status":"open","sticky":false,"template":"","format":"standard","meta":{"jetpack_post_was_ever_published":false,"_jetpack_newsletter_access":"","_jetpack_dont_email_post_to_subs":false,"_jetpack_newsletter_tier_id":0,"_jetpack_memberships_contains_paywalled_content":false,"_jetpack_memberships_contains_paid_content":false,"footnotes":"","jetpack_publicize_message":"","jetpack_publicize_feature_enabled":true,"jetpack_social_post_already_shared":true,"jetpack_social_options":{"image_generator_settings":{"template":"highway","default_image_id":0,"font":"","enabled":false},"version":2}},"categories":[1],"tags":[],"class_list":["post-50","post","type-post","status-publish","format-standard","hentry","category-njoftime-shtypi"],"jetpack_publicize_connections":[],"jetpack_featured_media_url":"","jetpack_sharing_enabled":true,"jetpack_shortlink":"https:\/\/wp.me\/p5Z6wp-O","jetpack-related-posts":[{"id":51519,"url":"https:\/\/www.shqiperia.com\/blog\/presidenti-i-shqiperise-nuk-jep-llogari-para-asnje-ambasade-presidenca-reagon-menjehere-pas-artikullit-te-bujshem-ne-median-greke\/","url_meta":{"origin":50,"position":0},"title":"\u201cPresidenti i Shqip\u00ebris\u00eb nuk jep llogari para asnj\u00eb ambasade\u201d, Presidenca reagon menj\u00ebher\u00eb pas artikullit t\u00eb bujsh\u00ebm n\u00eb median greke","author":"Kurt Farka","date":"November 19, 2021","format":false,"excerpt":"\u201cPresidenti i Shqip\u00ebris\u00eb nuk jep llogari para asnj\u00eb ambasade\u201d, Presidenca reagon menj\u00ebher\u00eb pas artikullit t\u00eb bujsh\u00ebm n\u00eb median greke 19 N\u00cbNTOR 2021 Presidenca ka reaguar pas lajmit t\u00eb publikuar n\u00eb mediat greke, ku presidenti Ilir Meta mori pjes\u00eb nj\u00eb ekspozite t\u00eb organizuar nga Akademia \u201cRr\u00ebnj\u00ebt Tona\u201d dhe shoq\u00ebria civile. \u201cPresidenti\u2026","rel":"","context":"In &quot;Blogu i Udh\u00ebtarit&quot;","block_context":{"text":"Blogu i Udh\u00ebtarit","link":"https:\/\/www.shqiperia.com\/blog\/category\/blogu-i-udhetarit\/"},"img":{"alt_text":"","src":"https:\/\/i0.wp.com\/www.shqiperia.com\/blog\/wp-content\/uploads\/2021\/11\/800-0-61978587ba2ff.jpg?fit=782%2C474&ssl=1&resize=350%2C200","width":350,"height":200,"srcset":"https:\/\/i0.wp.com\/www.shqiperia.com\/blog\/wp-content\/uploads\/2021\/11\/800-0-61978587ba2ff.jpg?fit=782%2C474&ssl=1&resize=350%2C200 1x, https:\/\/i0.wp.com\/www.shqiperia.com\/blog\/wp-content\/uploads\/2021\/11\/800-0-61978587ba2ff.jpg?fit=782%2C474&ssl=1&resize=525%2C300 1.5x, https:\/\/i0.wp.com\/www.shqiperia.com\/blog\/wp-content\/uploads\/2021\/11\/800-0-61978587ba2ff.jpg?fit=782%2C474&ssl=1&resize=700%2C400 2x"},"classes":[]},{"id":36314,"url":"https:\/\/www.shqiperia.com\/blog\/meta-kunder-ndryshimit-te-kushtetutes-distancohuni-nga-aventurieret-dhe-haxhi-qamilet\/","url_meta":{"origin":50,"position":1},"title":"Meta kund\u00ebr ndryshimit t\u00eb Kushtetut\u00ebs: Distancohuni nga aventurier\u00ebt dhe Haxhi Qamil\u00ebt","author":"Kurt Farka","date":"July 15, 2020","format":false,"excerpt":"Meta kund\u00ebr ndryshimit t\u00eb Kushtetut\u00ebs: Distancohuni nga aventurier\u00ebt dhe Haxhi Qamil\u00ebt - 14\/07\/20 Kreu i shtetit Ilir Meta ka reaguar pas propozimit t\u00eb opozit\u00ebs parlamentare p\u00ebr t\u00eb ndryshuar Kushtetut\u00ebn n\u00eb dy nene, ndalimin e koalicioneve parazgjedhore dhe hapjen e listave t\u00eb kandidat\u00ebve. N\u00eb nj\u00eb postim n\u00eb rrjetet sociale nga Tedi\u2026","rel":"","context":"In &quot;Blogu i Udh\u00ebtarit&quot;","block_context":{"text":"Blogu i Udh\u00ebtarit","link":"https:\/\/www.shqiperia.com\/blog\/category\/blogu-i-udhetarit\/"},"img":{"alt_text":"","src":"https:\/\/i0.wp.com\/www.shqiperia.com\/blog\/wp-content\/uploads\/2020\/07\/ilir-meta-01-1536x864-1.jpg?fit=1200%2C675&ssl=1&resize=350%2C200","width":350,"height":200,"srcset":"https:\/\/i0.wp.com\/www.shqiperia.com\/blog\/wp-content\/uploads\/2020\/07\/ilir-meta-01-1536x864-1.jpg?fit=1200%2C675&ssl=1&resize=350%2C200 1x, https:\/\/i0.wp.com\/www.shqiperia.com\/blog\/wp-content\/uploads\/2020\/07\/ilir-meta-01-1536x864-1.jpg?fit=1200%2C675&ssl=1&resize=525%2C300 1.5x, https:\/\/i0.wp.com\/www.shqiperia.com\/blog\/wp-content\/uploads\/2020\/07\/ilir-meta-01-1536x864-1.jpg?fit=1200%2C675&ssl=1&resize=700%2C400 2x, https:\/\/i0.wp.com\/www.shqiperia.com\/blog\/wp-content\/uploads\/2020\/07\/ilir-meta-01-1536x864-1.jpg?fit=1200%2C675&ssl=1&resize=1050%2C600 3x"},"classes":[]},{"id":28362,"url":"https:\/\/www.shqiperia.com\/blog\/ministria-e-jashtme-organizon-te-henen-konference-mbarekombetare-foles-vetem-njeshi-sh-t-z-gent-cakaj-i-atribuon-vetes-edhe-titullin-e\/","url_meta":{"origin":50,"position":2},"title":"Ministria e Jashtme organizon t\u00eb h\u00ebn\u00ebn konferenc\u00eb mbar\u00ebkomb\u00ebtare, fol\u00ebs vet\u00ebm njeshi Sh.T.Z Gent Cakaj. I atribuon vetes edhe titullin e\u2026","author":"Kurt Farka","date":"November 21, 2019","format":false,"excerpt":"Ministria e Jashtme organizon t\u00eb h\u00ebn\u00ebn konferenc\u00eb mbar\u00ebkomb\u00ebtare, fol\u00ebs vet\u00ebm njeshi Sh.T.Z Gent Cakaj. I atribuon vetes edhe titullin e\u2026 20 nentor 2019 Ministria e Pun\u00ebve t\u00eb Jashtme do t\u00eb organizoj\u00eb nj\u00eb konferenc\u00eb mbar\u00ebkomb\u00ebtare mbi \u201cRoli Shqip\u00ebris\u00eb n\u00eb promovimin e interesave komb\u00ebtare t\u00eb shqiptar\u00ebve n\u00eb hap\u00ebsir\u00ebn e Ballkanit Per\u00ebndimor\u201d. Konferenca\u2026","rel":"","context":"In &quot;Blogu i Udh\u00ebtarit&quot;","block_context":{"text":"Blogu i Udh\u00ebtarit","link":"https:\/\/www.shqiperia.com\/blog\/category\/blogu-i-udhetarit\/"},"img":{"alt_text":"","src":"https:\/\/i0.wp.com\/www.shqiperia.com\/blog\/wp-content\/uploads\/2019\/11\/Gent-Cakaj-NJESHI.jpg?fit=758%2C349&ssl=1&resize=350%2C200","width":350,"height":200,"srcset":"https:\/\/i0.wp.com\/www.shqiperia.com\/blog\/wp-content\/uploads\/2019\/11\/Gent-Cakaj-NJESHI.jpg?fit=758%2C349&ssl=1&resize=350%2C200 1x, https:\/\/i0.wp.com\/www.shqiperia.com\/blog\/wp-content\/uploads\/2019\/11\/Gent-Cakaj-NJESHI.jpg?fit=758%2C349&ssl=1&resize=525%2C300 1.5x, https:\/\/i0.wp.com\/www.shqiperia.com\/blog\/wp-content\/uploads\/2019\/11\/Gent-Cakaj-NJESHI.jpg?fit=758%2C349&ssl=1&resize=700%2C400 2x"},"classes":[]},{"id":74703,"url":"https:\/\/www.shqiperia.com\/blog\/ditmir-bushati-thirrje-qeverise-dhe-parlamentit-rezolute-e-perbashket-te-denoje-sulmin-terrorist-kosova-ka-vendin-e-saj-te-paprekshem\/","url_meta":{"origin":50,"position":3},"title":"Ditmir Bushati thirrje qeveris\u00eb dhe parlamentit: &#8211; Rezolut\u00eb e p\u00ebrbashk\u00ebt, t\u00eb d\u00ebnoj\u00eb sulmin terrorist! &#8211; \u201cKosova ka vendin e saj t\u00eb papreksh\u00ebm\u201d","author":"Kurt Farka","date":"October 8, 2023","format":false,"excerpt":"8 Tetor 2023 \u201cSjellja e Serbis\u00eb ndaj Kosov\u00ebs nuk \u00ebsht\u00eb m\u00eb nj\u00eb \u00e7\u00ebshtje politike, por nj\u00eb \u00e7\u00ebshtje serioze e siguris\u00eb p\u00ebr rajonin dhe t\u00eb ardhmen e Europ\u00ebs\u201d. K\u00ebshtu deklaron nd\u00ebr t\u00eb tjera ish-ministri p\u00ebr Europ\u00ebn dhe Pun\u00ebt e Jashtme Ditmir Bushati teksa analizon ngjarjet n\u00eb Kosov\u00eb, referuar edhe sulmit t\u00eb\u2026","rel":"","context":"In &quot;Blogu i Udh\u00ebtarit&quot;","block_context":{"text":"Blogu i Udh\u00ebtarit","link":"https:\/\/www.shqiperia.com\/blog\/category\/blogu-i-udhetarit\/"},"img":{"alt_text":"","src":"https:\/\/i0.wp.com\/www.shqiperia.com\/blog\/wp-content\/uploads\/2023\/10\/800-0-e6fcfab03c5b07acc156b624e62ee1c9-1.jpg?fit=800%2C450&ssl=1&resize=350%2C200","width":350,"height":200,"srcset":"https:\/\/i0.wp.com\/www.shqiperia.com\/blog\/wp-content\/uploads\/2023\/10\/800-0-e6fcfab03c5b07acc156b624e62ee1c9-1.jpg?fit=800%2C450&ssl=1&resize=350%2C200 1x, https:\/\/i0.wp.com\/www.shqiperia.com\/blog\/wp-content\/uploads\/2023\/10\/800-0-e6fcfab03c5b07acc156b624e62ee1c9-1.jpg?fit=800%2C450&ssl=1&resize=525%2C300 1.5x, https:\/\/i0.wp.com\/www.shqiperia.com\/blog\/wp-content\/uploads\/2023\/10\/800-0-e6fcfab03c5b07acc156b624e62ee1c9-1.jpg?fit=800%2C450&ssl=1&resize=700%2C400 2x"},"classes":[]},{"id":82678,"url":"https:\/\/www.shqiperia.com\/blog\/gjykata-urdheron-kuvendin-sillni-mocionin-shkelet-kushtetuten-duke-mbrojtur-mandatin-e-xhackes\/","url_meta":{"origin":50,"position":4},"title":"Gjykata urdh\u00ebron Kuvendin: Sillni mocionin, shkel\u00ebt kushtetut\u00ebn duke mbrojtur mandatin e Xha\u00e7k\u00ebs","author":"Kurt Farka","date":"July 11, 2024","format":false,"excerpt":"11 Korrik 2024 Mazhoranca socialiste ka shkelur kushtetut\u00ebn dhe ligjin, duke refuzuar t\u00eb d\u00ebrgoj\u00eb shqyrtimin e legjitimitetit t\u00eb mandatit t\u00eb Olta Xhack\u00ebs n\u00eb Gjykat\u00eb, ndon\u00ebse nj\u00eb vendim i m\u00ebparsh\u00ebm i trup\u00ebs kushtetuese e detyronte t\u00eb d\u00ebrgonte \u00e7\u00ebshtjen p\u00ebr shqyrtim n\u00eb themel. N\u00eb k\u00ebt\u00eb konkluzion doli Gjykata Kushtetuese, kryetarja e s\u00eb\u2026","rel":"","context":"In &quot;Blogu i Udh\u00ebtarit&quot;","block_context":{"text":"Blogu i Udh\u00ebtarit","link":"https:\/\/www.shqiperia.com\/blog\/category\/blogu-i-udhetarit\/"},"img":{"alt_text":"","src":"https:\/\/i0.wp.com\/www.shqiperia.com\/blog\/wp-content\/uploads\/2024\/07\/900-0-1712874466ximg-9309-574-1.jpeg?fit=900%2C505&ssl=1&resize=350%2C200","width":350,"height":200,"srcset":"https:\/\/i0.wp.com\/www.shqiperia.com\/blog\/wp-content\/uploads\/2024\/07\/900-0-1712874466ximg-9309-574-1.jpeg?fit=900%2C505&ssl=1&resize=350%2C200 1x, https:\/\/i0.wp.com\/www.shqiperia.com\/blog\/wp-content\/uploads\/2024\/07\/900-0-1712874466ximg-9309-574-1.jpeg?fit=900%2C505&ssl=1&resize=525%2C300 1.5x, https:\/\/i0.wp.com\/www.shqiperia.com\/blog\/wp-content\/uploads\/2024\/07\/900-0-1712874466ximg-9309-574-1.jpeg?fit=900%2C505&ssl=1&resize=700%2C400 2x"},"classes":[]},{"id":24352,"url":"https:\/\/www.shqiperia.com\/blog\/gramoz-ruci-falenderon-serbine\/","url_meta":{"origin":50,"position":5},"title":"Gramoz Ru\u00e7i fal\u00ebnderon Serbin\u00eb. &#8211;","author":"Kurt Farka","date":"August 5, 2019","format":false,"excerpt":"Gramoz Ru\u00e7i fal\u00ebnderon Serbin\u00eb. - 03\/08\/2019 Kryetari i Kuvendit t\u00eb Shqip\u00ebris\u00eb Gramoz Ru\u00e7i ka fal\u00ebnderuar Serbin\u00eb. Ai i ka d\u00ebrguar nj\u00eb\u00a0 let\u00ebr fal\u00ebnderimi homologes s\u00eb tij serbe Maja Gojkovi\u00e7 me rastin e krijimit t\u00eb Grupit Parlamentar t\u00eb Miq\u00ebsis\u00eb Serbi-Shqip\u00ebri n\u00eb Asamblen\u00eb Komb\u00ebtare t\u00eb Serbis\u00eb. \u2018Me k\u00ebnaq\u00ebsi mora lajmin p\u00ebr krijimin\u2026","rel":"","context":"In &quot;Njoftime Shtypi&quot;","block_context":{"text":"Njoftime Shtypi","link":"https:\/\/www.shqiperia.com\/blog\/category\/njoftime-shtypi\/"},"img":{"alt_text":"","src":"https:\/\/i0.wp.com\/www.shqiperia.com\/blog\/wp-content\/uploads\/2019\/08\/auto_gramoz-ruci-elb1527457821.jpg?fit=900%2C544&ssl=1&resize=350%2C200","width":350,"height":200,"srcset":"https:\/\/i0.wp.com\/www.shqiperia.com\/blog\/wp-content\/uploads\/2019\/08\/auto_gramoz-ruci-elb1527457821.jpg?fit=900%2C544&ssl=1&resize=350%2C200 1x, https:\/\/i0.wp.com\/www.shqiperia.com\/blog\/wp-content\/uploads\/2019\/08\/auto_gramoz-ruci-elb1527457821.jpg?fit=900%2C544&ssl=1&resize=525%2C300 1.5x, https:\/\/i0.wp.com\/www.shqiperia.com\/blog\/wp-content\/uploads\/2019\/08\/auto_gramoz-ruci-elb1527457821.jpg?fit=900%2C544&ssl=1&resize=700%2C400 2x"},"classes":[]}],"_links":{"self":[{"href":"https:\/\/www.shqiperia.com\/blog\/wp-json\/wp\/v2\/posts\/50","targetHints":{"allow":["GET"]}}],"collection":[{"href":"https:\/\/www.shqiperia.com\/blog\/wp-json\/wp\/v2\/posts"}],"about":[{"href":"https:\/\/www.shqiperia.com\/blog\/wp-json\/wp\/v2\/types\/post"}],"author":[{"embeddable":true,"href":"https:\/\/www.shqiperia.com\/blog\/wp-json\/wp\/v2\/users\/1"}],"replies":[{"embeddable":true,"href":"https:\/\/www.shqiperia.com\/blog\/wp-json\/wp\/v2\/comments?post=50"}],"version-history":[{"count":1,"href":"https:\/\/www.shqiperia.com\/blog\/wp-json\/wp\/v2\/posts\/50\/revisions"}],"predecessor-version":[{"id":51,"href":"https:\/\/www.shqiperia.com\/blog\/wp-json\/wp\/v2\/posts\/50\/revisions\/51"}],"wp:attachment":[{"href":"https:\/\/www.shqiperia.com\/blog\/wp-json\/wp\/v2\/media?parent=50"}],"wp:term":[{"taxonomy":"category","embeddable":true,"href":"https:\/\/www.shqiperia.com\/blog\/wp-json\/wp\/v2\/categories?post=50"},{"taxonomy":"post_tag","embeddable":true,"href":"https:\/\/www.shqiperia.com\/blog\/wp-json\/wp\/v2\/tags?post=50"}],"curies":[{"name":"wp","href":"https:\/\/api.w.org\/{rel}","templated":true}]}}