{"id":497,"date":"2018-01-06T14:06:08","date_gmt":"2018-01-06T14:06:08","guid":{"rendered":"http:\/\/www.shqiperia.com\/blog\/?p=497"},"modified":"2018-01-06T14:06:08","modified_gmt":"2018-01-06T14:06:08","slug":"dossier-zbulimi-bujshem-dalin-ne-drite-kujtimet-e-firmetarit-te-pavaresise-hajredin-bej-cakrani","status":"publish","type":"post","link":"https:\/\/www.shqiperia.com\/blog\/dossier-zbulimi-bujshem-dalin-ne-drite-kujtimet-e-firmetarit-te-pavaresise-hajredin-bej-cakrani\/","title":{"rendered":"Dossier Zbulimi i bujsh\u00ebm, dalin n\u00eb drit\u00eb kujtimet e firm\u00ebtarit t\u00eb Pavar\u00ebsis\u00eb Hajredin bej Cakrani."},"content":{"rendered":"<div class=\"content_right\">\n<div class=\"single_meta block_section\"><\/div>\n<p><img data-recalc-dims=\"1\" loading=\"lazy\" decoding=\"async\" data-attachment-id=\"498\" data-permalink=\"https:\/\/www.shqiperia.com\/blog\/dossier-zbulimi-bujshem-dalin-ne-drite-kujtimet-e-firmetarit-te-pavaresise-hajredin-bej-cakrani\/ismail-467x433\/\" data-orig-file=\"https:\/\/i0.wp.com\/www.shqiperia.com\/blog\/wp-content\/uploads\/2018\/01\/ismail-467x433.jpg?fit=467%2C433&amp;ssl=1\" data-orig-size=\"467,433\" data-comments-opened=\"1\" data-image-meta=\"{&quot;aperture&quot;:&quot;0&quot;,&quot;credit&quot;:&quot;&quot;,&quot;camera&quot;:&quot;&quot;,&quot;caption&quot;:&quot;&quot;,&quot;created_timestamp&quot;:&quot;0&quot;,&quot;copyright&quot;:&quot;&quot;,&quot;focal_length&quot;:&quot;0&quot;,&quot;iso&quot;:&quot;0&quot;,&quot;shutter_speed&quot;:&quot;0&quot;,&quot;title&quot;:&quot;&quot;,&quot;orientation&quot;:&quot;0&quot;}\" data-image-title=\"ismail-467&#215;433\" data-image-description=\"\" data-image-caption=\"\" data-medium-file=\"https:\/\/i0.wp.com\/www.shqiperia.com\/blog\/wp-content\/uploads\/2018\/01\/ismail-467x433.jpg?fit=300%2C278&amp;ssl=1\" data-large-file=\"https:\/\/i0.wp.com\/www.shqiperia.com\/blog\/wp-content\/uploads\/2018\/01\/ismail-467x433.jpg?fit=467%2C433&amp;ssl=1\" class=\"alignnone  wp-image-498\" alt=\"\" src=\"https:\/\/i0.wp.com\/www.shqiperia.com\/blog\/wp-content\/uploads\/2018\/01\/ismail-467x433-300x278.jpg?resize=613%2C568\" width=\"613\" height=\"568\" srcset=\"https:\/\/i0.wp.com\/www.shqiperia.com\/blog\/wp-content\/uploads\/2018\/01\/ismail-467x433.jpg?resize=300%2C278&amp;ssl=1 300w, https:\/\/i0.wp.com\/www.shqiperia.com\/blog\/wp-content\/uploads\/2018\/01\/ismail-467x433.jpg?resize=467%2C433&amp;ssl=1 467w\" sizes=\"auto, (max-width: 613px) 100vw, 613px\" \/><\/p>\n<p>Nga interesimi p\u00ebr dokumentat e pron\u00ebsis\u00eb familja Cakrani nga Fieri gjeti nj\u00eb thesar shum\u00eb her\u00eb t\u00eb m\u00eb madh. Pas 105 vjet\u00ebsh dalin n\u00eb drit\u00eb kujtimet e nj\u00eb prej firm\u00ebtar\u00ebve dhe delegatit t\u00eb Pavar\u00ebsis\u00eb, Hajredin Bej Cakrani p\u00ebr gjith\u00e7kat\u00eb q\u00eb ndodhi p\u00ebrpara dhe dit\u00ebn e 28 n\u00ebntorit n\u00eb Vlor\u00eb.<br \/>\nK\u00ebt\u00eb e b\u00ebri publike dje st\u00ebrnipi i tij Kujtim Cakrani i ftuar n\u00eb emisionin \u201cDebati n\u00eb Channel One\u201d t\u00eb gazetari Roland Qafoku. Kujtim Cakrani tregoi se nuk kishte asnj\u00eb t\u00eb dh\u00ebn\u00eb se st\u00ebrgjyshi kishte l\u00ebn\u00eb kujtime dhe historia nisi me interesimin e dokumentave t\u00eb pron\u00ebsis\u00eb por q\u00eb n\u00eb fakt zbuluan se Hajredin Cakrani kishte l\u00ebn\u00eb kujtime voluminoze me detaje t\u00eb hollsishme se si u shpall pavar\u00ebsia, kush e organizoi, kush e shkroi proklamat\u00ebn e deri te financimi i udh\u00ebtimit t\u00eb Ismail Qemalit p\u00ebr n\u00eb kancelarit\u00eb evropiane.<br \/>\n\u201cDisa pasardh\u00ebs t\u00eb argat\u00ebve t\u00eb Hajredin Cakranit kishin ruajtur sasi t\u00eb m\u00ebdha letrash dhe dokumentesh t\u00eb tij pasi ishion djegur dhe shkat\u00ebrruatr sarajet.<br \/>\nT\u00eb bindur se aty kishte dokumente p\u00ebr prona, ata na i dor\u00ebzuan ne n\u00eb vitin 2011 duke na th\u00ebn\u00eb do Zoti dhe i merrnim nj\u00eb dit\u00eb t\u00eb gjitha \u00e7ifliqet. Duke i kontrolluar dhe verifikuar k\u00ebtu dhe n\u00eb Itali m\u00eb rezultoi se nuk kishim t\u00eb b\u00ebnim me dokumente pron\u00ebsie por me nj\u00eb gj\u00eb shum\u00eb her\u00eb m\u00eb t\u00eb r\u00ebnd\u00ebishme. Ishin kujtime t\u00eb st\u00ebrgjyshit Hajredin bej Cakrani p\u00ebr periudhen e pavar\u00ebsis\u00eb por edhe m\u00eb pas, t\u00eb qeverisjes s\u00eb Vlor\u00ebs, t\u00eb koh\u00ebs s\u00eb princ \u00cbiedit, e deri te mbret\u00ebrimi i Zogut. P\u00ebrball\u00eb nj\u00eb thesari shum\u00eb her\u00eb m\u00eb t\u00eb madh investova dhe i botova.<\/p>\n<p>Sot pas 6 vjet\u00ebsh nga zbulimui dhe 105 vjet nga e shkruara jam shum\u00eb i lumtur q\u00eb ia arrita ta b\u00ebj\u00eb k\u00ebt\u00eb. I jam mir\u00ebnjoh\u00ebs st\u00ebrgjyshit tim Hajredin bej Cakrani dhe v\u00ebllait t\u00eb tij Bektash Cakranit q\u00eb shkrin\u00eb pasurin\u00eb e tyre p\u00ebr t\u00eb b\u00ebr\u00eb Shqip\u00ebrin\u00eb\u201d, tregoi me emocione t\u00eb forta Kujtim Cakrani.<br \/>\nM\u00eb posht\u00eb po japim nj\u00eb pasazh nga k\u00ebto kujtime si dhe nj\u00eb nga faqet orgjinale t\u00eb tyre.<\/p>\n<div><\/div>\n<p><strong>SI E SHPALL\u00cbM PAVAR\u00cbSIN\u00cb<\/strong><br \/>\n\u201cNuk mund t\u00eb firmos\u00eb e gjith\u00eb Vlora\u201d<br \/>\n\u201cDuhet t\u00eb shihnin mandatet e t\u00eb gjith\u00eb delegat\u00ebve e t\u00eb caktonin nga t\u00eb gjitha kazat\u00eb do qe e mira pa q\u00eb mungojn\u00eb dihet se vaporr\u00ebt e grek\u00ebrve ngha deti dhe Vjosa q\u00eb kishin dal\u00eb e kishin z\u00ebn\u00eb Vlor\u00ebn me nj\u00eb lak t\u00eb madh. Grek\u00ebrit p\u00ebrposh e serb\u00ebt q\u00eb erdh gjer n\u00eb Durr\u00ebs na i b\u00ebn\u00eb m\u00eb t\u00eb nxir\u00eb sa m\u00eb sb\u00ebhej. Ndaj plaku u ngut t\u00eb ujdisnim mandatet si do q\u00eb udh\u00ebs ishin plot t\u00eb tjer\u00eb q\u00eb ioprit t\u00eb vijin t\u00eb b\u00ebnin deklarat\u00eb sa m\u00eb par\u00eb.<br \/>\nM\u00eb than\u00eb se si m\u00eb i madh do firmosja un\u00eb deklarat\u00eb, po un\u00eb i thash\u00eb se ti mbive n\u00eb Vlor\u00eb dhe u trete e un\u00eb t\u00eb firmos, jo svete kjo pun\u00eb.<br \/>\nIsmail beu po na i thosh k\u00ebto pun\u00eb fill e p\u00ebr pe dhe se b\u00ebhej kjo pun\u00eb o sot, o na mori lumi p\u00ebrgjithnj\u00eb.<br \/>\nT\u00eb gjith\u00eb miqt\u00eb tan\u00eb vlonjat\u00eb nuk donin t\u00eb firmosnin se nuk do firmos gjith\u00eb Vlora de, na duhen gjith\u00eb nkazat\u00eb ti e di, m\u00eb thosh q\u00eb p\u00ebrjashta t\u00eb m\u00eb qet\u00ebsoj\u00eb im v\u00eblla.<br \/>\nZoti Luigj Gurakuqi e shkruajti deklarat\u00ebn dhe fillum ta firmosm\u00eb. Nuk harruam q\u00eb ato radh\u00eb ti shkrojim edhe n\u00eb osmanisht se t\u00eb par\u00ebt q\u00eb duhet ta mirrnin vesh ish Stambolli q\u00eb sjemi m\u00eb tok e kishim l\u00ebn\u00eb sh\u00ebnden\u00eb.<br \/>\nEdhe mua m\u00eb erdhi radha e firmosa n\u00ebn Zini Agan\u00eb\u2026<br \/>\nEdhe sot m\u00eb dridhet misht\u00eb q\u00eb ai sahat na foli ne dhe ata\u00e7as t\u00eb tret\u00ebshe p\u00ebr vatan\u00eb, st\u00eb vinte keq p\u00ebr vete m\u00eb. Ishim shum\u00eb t\u00eb g\u00ebzuar sa t\u00eb rr\u00ebnqethej misht\u00eb, kur mileti i mbledhur p\u00ebrpara sht\u00ebpis\u00eb s\u00eb Xhemil beut dhe gjith\u00eb ai kallaball\u00ebk i madh n\u00ebp\u00ebr oda, shkall\u00eb e avlli ishin si miz\u00eb lisi. Pa n\u00eb ballkonin e sht\u00ebpis\u00eb s\u00eb Xhemil beut varn\u00eb nj\u00eb flamur q\u00eb se ku e gjeti Ismail beu po q\u2019\u00ebish dhe konaku ku kish ler\u00eb. P\u00ebrjashta u mbluadh mileti nga t\u00eb gjith\u00eb kazat\u00eb, shihje aty me qylaf\u00eb, fsha\u00e7e, me guna, allafr\u00ebnga. T\u00eb t\u00ebr\u00eb b\u00ebrtitnin rroft\u00eb, rroft\u00eb p\u00ebr flamur a p\u00ebr plakun doemos se t\u00ebrvit kur erdh n\u00eb Vlor\u00eb, vlonjat\u00eb ja hoqn\u00eb kuajt\u00eb e ja ngritn\u00eb karroc\u00ebn m\u00eb krah\u00eb. Mileti ishin miz\u00ebri dhe b\u00ebnin muhabet t\u00eb g\u00ebzuar kush e kush duhet t\u00eb ishte i par\u00eb n\u00eb t\u00eb rejat q\u00eb vinin se sa telegram,e u d\u00ebrguan etj.<\/p>\n<p>Huazuar nga &#8220;G. Shqiptare&#8221;.<\/p>\n<\/div>\n","protected":false},"excerpt":{"rendered":"<p>Nga interesimi p\u00ebr dokumentat e pron\u00ebsis\u00eb familja Cakrani nga Fieri gjeti nj\u00eb thesar shum\u00eb her\u00eb t\u00eb m\u00eb madh. Pas 105 vjet\u00ebsh dalin n\u00eb drit\u00eb kujtimet e nj\u00eb prej firm\u00ebtar\u00ebve dhe delegatit t\u00eb Pavar\u00ebsis\u00eb, Hajredin Bej Cakrani p\u00ebr gjith\u00e7kat\u00eb q\u00eb ndodhi p\u00ebrpara dhe dit\u00ebn e 28 n\u00ebntorit n\u00eb Vlor\u00eb. K\u00ebt\u00eb e b\u00ebri publike dje st\u00ebrnipi i [&hellip;]<\/p>\n","protected":false},"author":9,"featured_media":498,"comment_status":"open","ping_status":"open","sticky":false,"template":"","format":"standard","meta":{"jetpack_post_was_ever_published":false,"_jetpack_newsletter_access":"","_jetpack_dont_email_post_to_subs":false,"_jetpack_newsletter_tier_id":0,"_jetpack_memberships_contains_paywalled_content":false,"_jetpack_memberships_contains_paid_content":false,"footnotes":"","jetpack_publicize_message":"","jetpack_publicize_feature_enabled":true,"jetpack_social_post_already_shared":true,"jetpack_social_options":{"image_generator_settings":{"template":"highway","default_image_id":0,"font":"","enabled":false},"version":2}},"categories":[1],"tags":[],"class_list":["post-497","post","type-post","status-publish","format-standard","has-post-thumbnail","hentry","category-njoftime-shtypi"],"jetpack_publicize_connections":[],"jetpack_featured_media_url":"https:\/\/i0.wp.com\/www.shqiperia.com\/blog\/wp-content\/uploads\/2018\/01\/ismail-467x433.jpg?fit=467%2C433&ssl=1","jetpack_sharing_enabled":true,"jetpack_shortlink":"https:\/\/wp.me\/p5Z6wp-81","jetpack-related-posts":[{"id":10566,"url":"https:\/\/www.shqiperia.com\/blog\/foto-e-rralle-sarajet-e-firmetarit-te-pavaresise-hajredin-cakrani\/","url_meta":{"origin":497,"position":0},"title":"Foto e rrall\u00eb: &#8211; Banesa e firm\u00ebtarit t\u00eb Pavar\u00ebsis\u00eb Hajredin Cakrani &#8211;","author":"Kurt Farka","date":"August 6, 2018","format":false,"excerpt":"Foto e rrall\u00eb - Banesa e firm\u00ebtarit t\u00eb Pavar\u00ebsis\u00eb Hajredin Cakrani - Dihej q\u00eb dikur familja Cakrani n\u00eb zon\u00ebn e Myzeqes\u00eb kishte saraje, por mungonte nj\u00eb pamje se si ishin ato saraje, \u00e7far\u00eb forme kishin dhe si ishin nd\u00ebrtuar. S\u00eb fundmi, n\u00eb Australin\u00eb e larg\u00ebt \u00ebsht\u00eb b\u00ebr\u00eb v\u00ebrtet\u00eb nj\u00eb zbulim\u2026","rel":"","context":"In &quot;Histori&quot;","block_context":{"text":"Histori","link":"https:\/\/www.shqiperia.com\/blog\/category\/histori\/"},"img":{"alt_text":"","src":"https:\/\/i0.wp.com\/www.shqiperia.com\/blog\/wp-content\/uploads\/2018\/08\/Sarajet-e-Hajredin-Cakranit-n%C3%AB-Myzeqe.jpg?fit=452%2C306&ssl=1&resize=350%2C200","width":350,"height":200},"classes":[]},{"id":34208,"url":"https:\/\/www.shqiperia.com\/blog\/nipi-i-kadri-cakranit-hedh-ne-gjyq-alfred-moisiun-pas-replikes-ne-dita\/","url_meta":{"origin":497,"position":1},"title":"Nipi i Kadri Cakranit hedh n\u00eb gjyq Alfred Moisiun pas replik\u00ebs n\u00eb DITA","author":"Kurt Farka","date":"May 4, 2020","format":false,"excerpt":"Nipi i Kadri Cakranit hedh n\u00eb gjyq Alfred Moisiun pas replik\u00ebs n\u00eb DITA 3 maji , 2020 Pak dit\u00eb m\u00eb par\u00eb DITA botoi dy replika t\u00eb cilat lidhen me figur\u00ebn e Kadri Cakranit. Fillimisht ishte studiuesi Auron Tare q\u00eb n\u00eb nj\u00eb replik\u00eb me nj\u00eb ish zyrtar t\u00eb arkivave kund\u00ebrshtonte me\u2026","rel":"","context":"In &quot;Press Releases&quot;","block_context":{"text":"Press Releases","link":"https:\/\/www.shqiperia.com\/blog\/category\/press-releases\/"},"img":{"alt_text":"","src":"https:\/\/i0.wp.com\/www.shqiperia.com\/blog\/wp-content\/uploads\/2020\/05\/15-905x450-1.jpg?fit=905%2C450&ssl=1&resize=350%2C200","width":350,"height":200,"srcset":"https:\/\/i0.wp.com\/www.shqiperia.com\/blog\/wp-content\/uploads\/2020\/05\/15-905x450-1.jpg?fit=905%2C450&ssl=1&resize=350%2C200 1x, https:\/\/i0.wp.com\/www.shqiperia.com\/blog\/wp-content\/uploads\/2020\/05\/15-905x450-1.jpg?fit=905%2C450&ssl=1&resize=525%2C300 1.5x, https:\/\/i0.wp.com\/www.shqiperia.com\/blog\/wp-content\/uploads\/2020\/05\/15-905x450-1.jpg?fit=905%2C450&ssl=1&resize=700%2C400 2x"},"classes":[]},{"id":97522,"url":"https:\/\/www.shqiperia.com\/blog\/dhunimi-i-avokatit-ne-vlore-kujtim-cakrani-flet-nga-spitali-njeri-me-goditi-pas-koke-me-mjet-preres-ishin-dy-djem-te-rinj\/","url_meta":{"origin":497,"position":2},"title":"Dhunimi i avokatit n\u00eb Vlor\u00eb\/ Kujtim Cakrani flet nga spitali: &#8211; Nj\u00ebri m\u00eb goditi pas koke me mjet prer\u00ebs, ishin dy djem t\u00eb rinj\u2026","author":"Kurt Farka","date":"February 9, 2026","format":false,"excerpt":"9 Shkurt 2026 Kujtim Cakrani, avokati i njohur i Vlor\u00ebs dhe mbrojt\u00ebsi ligjor i ish-presidentit Ilir Meta, \u00ebsht\u00eb dhunuar dit\u00ebn e sotme rreth or\u00ebs 13:30 n\u00eb ambientet e nj\u00eb karburanti n\u00eb qytetin e Vlor\u00ebs. N\u00eb d\u00ebshmin\u00eb e tij, avokati Cakrani, tha se dy persona t\u00eb panjohur p\u00ebr t\u00eb e kan\u00eb\u2026","rel":"","context":"In &quot;Blogu i Udh\u00ebtarit&quot;","block_context":{"text":"Blogu i Udh\u00ebtarit","link":"https:\/\/www.shqiperia.com\/blog\/category\/blogu-i-udhetarit\/"},"img":{"alt_text":"","src":"https:\/\/i0.wp.com\/www.shqiperia.com\/blog\/wp-content\/uploads\/2026\/02\/6988df0b1ee1cScreenshot-2026-02-08-200427.png?fit=552%2C383&ssl=1&resize=350%2C200","width":350,"height":200,"srcset":"https:\/\/i0.wp.com\/www.shqiperia.com\/blog\/wp-content\/uploads\/2026\/02\/6988df0b1ee1cScreenshot-2026-02-08-200427.png?fit=552%2C383&ssl=1&resize=350%2C200 1x, https:\/\/i0.wp.com\/www.shqiperia.com\/blog\/wp-content\/uploads\/2026\/02\/6988df0b1ee1cScreenshot-2026-02-08-200427.png?fit=552%2C383&ssl=1&resize=525%2C300 1.5x"},"classes":[]},{"id":88264,"url":"https:\/\/www.shqiperia.com\/blog\/vettingu-cakrani-pasuria-e-atyre-qe-bene-vetingun-shume-me-luksoze-se-e-te-shkarkuarve\/","url_meta":{"origin":497,"position":3},"title":"Vettingu, Cakrani: &#8211; Pasuria e atyre q\u00eb b\u00ebn\u00eb vetingun, shum\u00eb m\u00eb luksoze se e t\u00eb shkarkuarve","author":"Kurt Farka","date":"January 11, 2025","format":false,"excerpt":"11 Janar 2025 Avokati Kujtim Cakrani p\u00ebr shkarkimet n\u00eb sistemin e drejt\u00ebsis\u00eb n\u00eb kuad\u00ebr t\u00eb procesit t\u00eb vetingut, deklaron se t\u00eb nd\u00ebrtosh nj\u00eb sistem drejt\u00ebsie funksional duhen minimumi 100 vite. Duke folur p\u00ebr emisionin \u201cFactCheck\u201d n\u00eb MCN TV ai tha se ashtu si\u00e7 hetohen dhe politikan\u00ebt p\u00ebr korrupsion, duhet t\u00eb\u2026","rel":"","context":"In &quot;Blogu i Udh\u00ebtarit&quot;","block_context":{"text":"Blogu i Udh\u00ebtarit","link":"https:\/\/www.shqiperia.com\/blog\/category\/blogu-i-udhetarit\/"},"img":{"alt_text":"","src":"https:\/\/i0.wp.com\/www.shqiperia.com\/blog\/wp-content\/uploads\/2025\/01\/cakrani-2.jpg?fit=1200%2C668&ssl=1&resize=350%2C200","width":350,"height":200,"srcset":"https:\/\/i0.wp.com\/www.shqiperia.com\/blog\/wp-content\/uploads\/2025\/01\/cakrani-2.jpg?fit=1200%2C668&ssl=1&resize=350%2C200 1x, https:\/\/i0.wp.com\/www.shqiperia.com\/blog\/wp-content\/uploads\/2025\/01\/cakrani-2.jpg?fit=1200%2C668&ssl=1&resize=525%2C300 1.5x, https:\/\/i0.wp.com\/www.shqiperia.com\/blog\/wp-content\/uploads\/2025\/01\/cakrani-2.jpg?fit=1200%2C668&ssl=1&resize=700%2C400 2x, https:\/\/i0.wp.com\/www.shqiperia.com\/blog\/wp-content\/uploads\/2025\/01\/cakrani-2.jpg?fit=1200%2C668&ssl=1&resize=1050%2C600 3x"},"classes":[]},{"id":91083,"url":"https:\/\/www.shqiperia.com\/blog\/xhafaj-dhe-klani-veliaj-ne-lufte-me-ramen-cakrani-do-shohim-nje-lufte-te-pameshirshme\/","url_meta":{"origin":497,"position":4},"title":"\u201cXhafaj dhe klani Veliaj n\u00eb luft\u00eb me Ram\u00ebn\u201d. &#8211; Cakrani: Do shohim nj\u00eb luft\u00eb t\u00eb pam\u00ebshirshme","author":"Kurt Farka","date":"April 4, 2025","format":false,"excerpt":"4 Prill 2025 Nga Gazeta Sot Avokati Kujtim Cakrani tha se Fatmir Xhafaj, q\u00eb sipas tij \u00ebsht\u00eb pjes\u00eb e klanit Veliaj, \u00ebsht\u00eb n\u00eb nj\u00eb luft\u00eb me kryeministrin Rama. Sipas Cakranit \u201cdo t\u00eb ket\u00eb nj\u00eb luft\u00eb t\u00eb pam\u00ebshirshme\u201d n\u00eb fushat\u00eb, ku Rama do p\u00ebrpiqet q\u00eb Xhafaj t\u00eb mos marr\u00eb vota p\u00ebr\u2026","rel":"","context":"In &quot;Blogu i Udh\u00ebtarit&quot;","block_context":{"text":"Blogu i Udh\u00ebtarit","link":"https:\/\/www.shqiperia.com\/blog\/category\/blogu-i-udhetarit\/"},"img":{"alt_text":"","src":"https:\/\/i0.wp.com\/www.shqiperia.com\/blog\/wp-content\/uploads\/2025\/04\/1739620386_xhafaj.jpg?fit=780%2C440&ssl=1&resize=350%2C200","width":350,"height":200,"srcset":"https:\/\/i0.wp.com\/www.shqiperia.com\/blog\/wp-content\/uploads\/2025\/04\/1739620386_xhafaj.jpg?fit=780%2C440&ssl=1&resize=350%2C200 1x, https:\/\/i0.wp.com\/www.shqiperia.com\/blog\/wp-content\/uploads\/2025\/04\/1739620386_xhafaj.jpg?fit=780%2C440&ssl=1&resize=525%2C300 1.5x, https:\/\/i0.wp.com\/www.shqiperia.com\/blog\/wp-content\/uploads\/2025\/04\/1739620386_xhafaj.jpg?fit=780%2C440&ssl=1&resize=700%2C400 2x"},"classes":[]},{"id":94129,"url":"https:\/\/www.shqiperia.com\/blog\/arkivi-qendror-falsifikoi-dokumentet-per-llogari-te-mafies-se-pronave-cakrani-as-enver-hoxha-sarriti-ne-keto-nivele\/","url_meta":{"origin":497,"position":5},"title":"\u2018Arkivi Qendror falsifikoi dokumentet p\u00ebr llogari t\u00eb mafies s\u00eb pronave\u2019\/ Cakrani: &#8211; As Enver Hoxha s\u2019arriti n\u00eb k\u00ebto nivele&#8230;","author":"Kurt Farka","date":"October 6, 2025","format":false,"excerpt":"6 Tetor 2025 \u2018Edhe Enver Hoxha nuk arriti n\u00eb k\u00ebto nivele q\u00eb arriti Edi Rama, t\u00eb fuste dokumente t\u00eb falsifikuara n\u00eb Arkivin e Shtetit\u2019. Kjo ishte deklarata e avokatit Kujtim Cakrani n\u00eb emisionin \u2018Kafe Shqeto\u2019 n\u00eb Syri Tv, teksa akuzoi ligjv\u00ebn\u00ebsin e ri socialist, Ardit Bido, ish-drejtor i Arkivit Qendror,\u2026","rel":"","context":"In &quot;Histori&quot;","block_context":{"text":"Histori","link":"https:\/\/www.shqiperia.com\/blog\/category\/histori\/"},"img":{"alt_text":"","src":"https:\/\/i0.wp.com\/www.shqiperia.com\/blog\/wp-content\/uploads\/2025\/10\/1B8A9D0B-375B-47A6-AB67-F5332699EE71.webp?fit=535%2C329&ssl=1&resize=350%2C200","width":350,"height":200,"srcset":"https:\/\/i0.wp.com\/www.shqiperia.com\/blog\/wp-content\/uploads\/2025\/10\/1B8A9D0B-375B-47A6-AB67-F5332699EE71.webp?fit=535%2C329&ssl=1&resize=350%2C200 1x, https:\/\/i0.wp.com\/www.shqiperia.com\/blog\/wp-content\/uploads\/2025\/10\/1B8A9D0B-375B-47A6-AB67-F5332699EE71.webp?fit=535%2C329&ssl=1&resize=525%2C300 1.5x"},"classes":[]}],"_links":{"self":[{"href":"https:\/\/www.shqiperia.com\/blog\/wp-json\/wp\/v2\/posts\/497","targetHints":{"allow":["GET"]}}],"collection":[{"href":"https:\/\/www.shqiperia.com\/blog\/wp-json\/wp\/v2\/posts"}],"about":[{"href":"https:\/\/www.shqiperia.com\/blog\/wp-json\/wp\/v2\/types\/post"}],"author":[{"embeddable":true,"href":"https:\/\/www.shqiperia.com\/blog\/wp-json\/wp\/v2\/users\/9"}],"replies":[{"embeddable":true,"href":"https:\/\/www.shqiperia.com\/blog\/wp-json\/wp\/v2\/comments?post=497"}],"version-history":[{"count":1,"href":"https:\/\/www.shqiperia.com\/blog\/wp-json\/wp\/v2\/posts\/497\/revisions"}],"predecessor-version":[{"id":499,"href":"https:\/\/www.shqiperia.com\/blog\/wp-json\/wp\/v2\/posts\/497\/revisions\/499"}],"wp:featuredmedia":[{"embeddable":true,"href":"https:\/\/www.shqiperia.com\/blog\/wp-json\/wp\/v2\/media\/498"}],"wp:attachment":[{"href":"https:\/\/www.shqiperia.com\/blog\/wp-json\/wp\/v2\/media?parent=497"}],"wp:term":[{"taxonomy":"category","embeddable":true,"href":"https:\/\/www.shqiperia.com\/blog\/wp-json\/wp\/v2\/categories?post=497"},{"taxonomy":"post_tag","embeddable":true,"href":"https:\/\/www.shqiperia.com\/blog\/wp-json\/wp\/v2\/tags?post=497"}],"curies":[{"name":"wp","href":"https:\/\/api.w.org\/{rel}","templated":true}]}}