{"id":494,"date":"2018-01-06T13:56:48","date_gmt":"2018-01-06T13:56:48","guid":{"rendered":"http:\/\/www.shqiperia.com\/blog\/?p=494"},"modified":"2018-01-06T13:56:48","modified_gmt":"2018-01-06T13:56:48","slug":"viti-skenderbeut-akademia-e-shkencave-konkurs-per-vepren-te-mire-dalin-kriteret","status":"publish","type":"post","link":"https:\/\/www.shqiperia.com\/blog\/viti-skenderbeut-akademia-e-shkencave-konkurs-per-vepren-te-mire-dalin-kriteret\/","title":{"rendered":"\u201cVITI I SK\u00cbNDERBEUT\u201d\/ Akademia e Shkencave, konkurs p\u00ebr vepr\u00ebn m\u00eb t\u00eb mir\u00eb, dalin kriteret"},"content":{"rendered":"<p><img data-recalc-dims=\"1\" loading=\"lazy\" decoding=\"async\" data-attachment-id=\"495\" data-permalink=\"https:\/\/www.shqiperia.com\/blog\/viti-skenderbeut-akademia-e-shkencave-konkurs-per-vepren-te-mire-dalin-kriteret\/skenderbeueu-770x433\/\" data-orig-file=\"https:\/\/i0.wp.com\/www.shqiperia.com\/blog\/wp-content\/uploads\/2018\/01\/skenderbeueu-770x433.jpg?fit=770%2C433&amp;ssl=1\" data-orig-size=\"770,433\" data-comments-opened=\"1\" data-image-meta=\"{&quot;aperture&quot;:&quot;0&quot;,&quot;credit&quot;:&quot;&quot;,&quot;camera&quot;:&quot;&quot;,&quot;caption&quot;:&quot;&quot;,&quot;created_timestamp&quot;:&quot;0&quot;,&quot;copyright&quot;:&quot;&quot;,&quot;focal_length&quot;:&quot;0&quot;,&quot;iso&quot;:&quot;0&quot;,&quot;shutter_speed&quot;:&quot;0&quot;,&quot;title&quot;:&quot;&quot;,&quot;orientation&quot;:&quot;0&quot;}\" data-image-title=\"skenderbeueu-770&#215;433\" data-image-description=\"\" data-image-caption=\"\" data-medium-file=\"https:\/\/i0.wp.com\/www.shqiperia.com\/blog\/wp-content\/uploads\/2018\/01\/skenderbeueu-770x433.jpg?fit=300%2C169&amp;ssl=1\" data-large-file=\"https:\/\/i0.wp.com\/www.shqiperia.com\/blog\/wp-content\/uploads\/2018\/01\/skenderbeueu-770x433.jpg?fit=770%2C433&amp;ssl=1\" class=\"alignnone  wp-image-495\" alt=\"\" src=\"https:\/\/i0.wp.com\/www.shqiperia.com\/blog\/wp-content\/uploads\/2018\/01\/skenderbeueu-770x433-300x169.jpg?resize=517%2C291\" width=\"517\" height=\"291\" srcset=\"https:\/\/i0.wp.com\/www.shqiperia.com\/blog\/wp-content\/uploads\/2018\/01\/skenderbeueu-770x433.jpg?resize=300%2C169&amp;ssl=1 300w, https:\/\/i0.wp.com\/www.shqiperia.com\/blog\/wp-content\/uploads\/2018\/01\/skenderbeueu-770x433.jpg?resize=768%2C432&amp;ssl=1 768w, https:\/\/i0.wp.com\/www.shqiperia.com\/blog\/wp-content\/uploads\/2018\/01\/skenderbeueu-770x433.jpg?resize=770%2C433&amp;ssl=1 770w\" sizes=\"auto, (max-width: 517px) 100vw, 517px\" \/><\/p>\n<p>Akademia e Shkencave t\u00eb Shqip\u00ebris\u00eb ka shpallur konkurs p\u00ebr \u201cveprat dhe botimin m\u00eb t\u00eb mir\u00eb shkencor kushtuar Gjergj Kastriotit \u2013 Sk\u00ebnderbeut dhe epok\u00ebs s\u00eb tij\u201d. Vendimi i Akademis\u00eb \u00ebsht\u00eb marr\u00eb n\u00eb kuad\u00ebr t\u00eb vitit 2018, shpallur nga qeveria si \u201cViti i Sk\u00ebnderbeut\u201d. Megjith\u00ebk\u00ebt\u00eb, projektet e Akademis\u00eb p\u00ebr vitin e Sk\u00ebnderbeut, jan\u00eb b\u00ebr\u00eb publike para se qeveria ta shpallte k\u00ebt\u00eb t\u00eb parin vendim t\u00eb vetin pas zgjedhjeve t\u00eb qershorit.<br \/>\nAi \u00ebsht\u00eb b\u00ebr\u00eb me dije p\u00ebrmes nj\u00eb k\u00ebrkese drejtuar asambles\u00eb dhe akademik\u00ebve t\u00eb ASH-s\u00eb, seksioneve shkencore, sektorit t\u00eb botimeve shkencore dhe bibliotek\u00ebs, sektorit t\u00eb financ\u00ebs dhe sektorit t\u00eb personelit si edhe universiteteve, qendrave dhe institucioneve shkencore, sht\u00ebpive botuese, k\u00ebrkuesve shkencor\u00eb t\u00eb pavarur.<br \/>\nSekretari shkencor i Akademis\u00eb, Vasil S.Tole, njofton se sa u takon kritereve p\u00ebr t\u00eb marr\u00eb pjes\u00eb n\u00eb konkurs, b\u00ebhet me dije se pranohen studimet mono-grafike dhe dokumentare t\u00eb botuara prej vitit 2000 deri n\u00eb vitin 2018. T\u00eb drejt\u00ebn e propozimit e kan\u00eb institucionet akademike-universitare, botuesit dhe autor\u00ebt vet\u00eb.<br \/>\nKonkursi mbahet p\u00ebr vepr\u00ebn m\u00eb t\u00eb mir\u00eb shkencore dhe\/ose dokumentare shkruar nga autor\u00eb shqiptar\u00eb; vepr\u00ebn m\u00eb t\u00eb mir\u00eb shkencore dhe\/ose dokumentare shkruar nga autor\u00eb t\u00eb huaj, shqip ose n\u00eb gjuh\u00eb tjet\u00ebr si edhe p\u00ebr vepr\u00ebn m\u00eb t\u00eb mir\u00eb shkencore dhe\/ose dokumentare n\u00eb vler\u00ebsimin e rrall\u00ebsis\u00eb bukinistike. P\u00ebrpar\u00ebsi kan\u00eb botimet diplomatike-anastatike t\u00eb let\u00ebrsis\u00eb humaniste shqip dhe\/ose n\u00eb gjuh\u00eb t\u00eb huaj.<br \/>\nNd\u00ebrkaq, pran\u00eb Akademis\u00eb s\u00eb Shkencave ngrihet dhe funksionon nj\u00eb juri e specializuar, me studiues vend\u00ebs e t\u00eb huaj. Kjo juri ngarkohet q\u00eb, n\u00eb m\u00ebnyr\u00eb autonome, t\u00eb b\u00ebj\u00eb pranimin, p\u00ebrzgjedhjen, nominimin dhe shpalljen fitues t\u00eb tre kandidat\u00ebve pjes\u00ebmarr\u00ebs n\u00eb konkurs.<br \/>\nPranimi i veprave konkurruese hapet m\u00eb 1 janar 2018 dhe mbyllet m\u00eb dat\u00ebn 30 qershor 2018. Nominimi i t\u00eb p\u00ebrzgjedhurve shpallet nga juria m\u00eb 18 shtator 2018. Me secilin prej pjes\u00ebmarr\u00ebsve n\u00eb konkurs organizohet nj\u00eb ligj\u00ebrat\u00eb akademike e hapur p\u00ebr paraqitjen e rezultateve t\u00eb pun\u00ebs s\u00eb tyre k\u00ebrkimore.<br \/>\nP\u00ebr secilin prej fituesve do t\u00eb ndahet diploma dhe nj\u00eb shp\u00ebrblim financiar, nd\u00ebrsa \u00e7mimi special p\u00ebr veprat fituese shpallet publikisht n\u00eb muajin n\u00ebntor 2018, q\u00eb p\u00ebrmbyll Vitin e Gjergj Kastriotit \u2013 Sk\u00ebnderbeut, shpallur me VKM.<\/p>\n<p>Do t\u00eb jet\u00eb K\u00ebshilli Ekzekutiv i Akademis\u00eb s\u00eb Shkencave q\u00eb, n\u00eb bashk\u00ebpunim me dy seksionet shkencore dhe me sektorin e botimeve dhe bibliotek\u00ebs shkencore t\u00eb ASH-s\u00eb, do t\u00eb organizojn\u00eb pun\u00ebn p\u00ebr krijimin e kushteve p\u00ebr konkurrim transparent, si dhe p\u00ebr funksionimin e juris\u00eb sipas Rregullores s\u00eb \u00e7mimeve shkencore komb\u00ebtare.<br \/>\nKujtojm\u00eb q\u00eb Akademia e Shkencave \u00ebsht\u00eb ende pa kryetar e pa n\u00ebnkryetar. Zgjedhjet e mbajtura n\u00eb Akademi n\u00eb muajin shtator rezultojn\u00eb tanim\u00eb t\u00eb pavlefshme, p\u00ebr aq koh\u00eb sa n\u00ebnkryetari Muzafer Korkuti dha dor\u00ebheqjen dy dit\u00eb pas zgjedhjes, nd\u00ebrsa kryetari Gudar Beqiraj pothuaj nj\u00eb muaj m\u00eb von\u00eb, p\u00ebr shkak t\u00eb presioneve publike dhe atyre zyrtare nga qeveria shqiptare, q\u00eb duke ndjekur akuzat e akademikut Artan Fuga i cil\u00ebsoi fars\u00eb. Me gjith\u00eb mosh\u00ebn e akademik\u00ebve dhe pamund\u00ebsin\u00eb e disa prej tyre p\u00ebr t\u2019u angazhuar seriozisht n\u00eb ringritjen e institucionit si edhe n\u00eb reformimin e saj, nj\u00eb pjes\u00eb ende p\u00ebrpiqet t\u00eb rikthej\u00eb akademin\u00eb ne akademi deri n\u00eb muajin mars, kur sh\u00ebnohet fundi i afatit q\u00eb kryeministri ka dh\u00ebn\u00eb duke k\u00ebrc\u00ebnuar me prerje t\u00eb fondeve publike.<\/p>\n<p>(nga F. Nikolli)<\/p>\n","protected":false},"excerpt":{"rendered":"<p>Akademia e Shkencave t\u00eb Shqip\u00ebris\u00eb ka shpallur konkurs p\u00ebr \u201cveprat dhe botimin m\u00eb t\u00eb mir\u00eb shkencor kushtuar Gjergj Kastriotit \u2013 Sk\u00ebnderbeut dhe epok\u00ebs s\u00eb tij\u201d. Vendimi i Akademis\u00eb \u00ebsht\u00eb marr\u00eb n\u00eb kuad\u00ebr t\u00eb vitit 2018, shpallur nga qeveria si \u201cViti i Sk\u00ebnderbeut\u201d. Megjith\u00ebk\u00ebt\u00eb, projektet e Akademis\u00eb p\u00ebr vitin e Sk\u00ebnderbeut, jan\u00eb b\u00ebr\u00eb publike para se [&hellip;]<\/p>\n","protected":false},"author":9,"featured_media":495,"comment_status":"open","ping_status":"open","sticky":false,"template":"","format":"standard","meta":{"jetpack_post_was_ever_published":false,"_jetpack_newsletter_access":"","_jetpack_dont_email_post_to_subs":false,"_jetpack_newsletter_tier_id":0,"_jetpack_memberships_contains_paywalled_content":false,"_jetpack_memberships_contains_paid_content":false,"footnotes":"","jetpack_publicize_message":"","jetpack_publicize_feature_enabled":true,"jetpack_social_post_already_shared":true,"jetpack_social_options":{"image_generator_settings":{"template":"highway","default_image_id":0,"font":"","enabled":false},"version":2}},"categories":[1],"tags":[],"class_list":["post-494","post","type-post","status-publish","format-standard","has-post-thumbnail","hentry","category-njoftime-shtypi"],"jetpack_publicize_connections":[],"jetpack_featured_media_url":"https:\/\/i0.wp.com\/www.shqiperia.com\/blog\/wp-content\/uploads\/2018\/01\/skenderbeueu-770x433.jpg?fit=770%2C433&ssl=1","jetpack_sharing_enabled":true,"jetpack_shortlink":"https:\/\/wp.me\/p5Z6wp-7Y","jetpack-related-posts":[{"id":787,"url":"https:\/\/www.shqiperia.com\/blog\/viti-skenderbeut-institucionet-gati-per-ekspozita-konkurse-vepra-shkencore-dhe-konferenca\/","url_meta":{"origin":494,"position":0},"title":"\u201cViti i Sk\u00ebnderbeut\u201d, institucionet gati p\u00ebr ekspozita, konkurse, vepra shkencore dhe konferenca","author":"Kurt Farka","date":"January 9, 2018","format":false,"excerpt":"Nga Julia Vrapi. Ky vit \u00ebsht\u00eb shpallur \u201cViti i Sk\u00ebnderbeut\u201d, ku priten t\u00eb zhvillohen aktivitete dhe veprimtari t\u00eb ndryshme, mes tyre nuk do t\u00eb mungojn\u00eb dhe konferenca shkencore. P\u00ebr k\u00ebt\u00eb institucionet e artit dhe kultur\u00ebs kan\u00eb menduar projekte, ekspozita t\u00eb ndryshme, etj. Pran\u00eb Galeris\u00eb Komb\u00ebtare t\u00eb Arteve b\u00ebjn\u00eb me dije\u2026","rel":"","context":"In &quot;Njoftime Shtypi&quot;","block_context":{"text":"Njoftime Shtypi","link":"https:\/\/www.shqiperia.com\/blog\/category\/njoftime-shtypi\/"},"img":{"alt_text":"","src":"https:\/\/i0.wp.com\/www.shqiperia.com\/blog\/wp-content\/uploads\/2018\/01\/viti_i_skenderbeut.faqe_19-1-300x250.jpg?resize=350%2C200","width":350,"height":200},"classes":[]},{"id":72858,"url":"https:\/\/www.shqiperia.com\/blog\/cmimit-i-vecante-shkencor-shuteriqi-qe-do-te-ndahet-per-botimet-dokumentare\/","url_meta":{"origin":494,"position":1},"title":"\u00c7mimit i ve\u00e7ant\u00eb shkencor \u201cShuteriqi\u201d, q\u00eb do t\u00eb ndahet p\u00ebr botimet dokumentare","author":"Kurt Farka","date":"July 22, 2023","format":false,"excerpt":"22 Krrik 2023 Kryesia e Akademis\u00eb s\u00eb Shkencave e Shqip\u00ebris\u00eb vendosi p\u00ebr themelimin e \u00e7mimit t\u00eb ve\u00e7ant\u00eb shkencor \u201cShuteriqi\u201d p\u00ebr botimet dokumentare. Kryesia e Akademis\u00eb s\u00eb Shkencave e mori k\u00ebt\u00eb vendim n\u00eb mbledhjen e saj t\u00eb zhvilluar k\u00ebto dit\u00eb. \u201cN\u00eb kuad\u00ebr t\u00eb konferenc\u00ebs shkencore nd\u00ebrkomb\u00ebtare Shteti i Arb\u00ebrit dhe Arb\u00ebria\u2026","rel":"","context":"In &quot;Histori&quot;","block_context":{"text":"Histori","link":"https:\/\/www.shqiperia.com\/blog\/category\/histori\/"},"img":{"alt_text":"","src":"https:\/\/i0.wp.com\/www.shqiperia.com\/blog\/wp-content\/uploads\/2023\/07\/Dhimiter-Shuteriqi.jpg?fit=800%2C451&ssl=1&resize=350%2C200","width":350,"height":200,"srcset":"https:\/\/i0.wp.com\/www.shqiperia.com\/blog\/wp-content\/uploads\/2023\/07\/Dhimiter-Shuteriqi.jpg?fit=800%2C451&ssl=1&resize=350%2C200 1x, https:\/\/i0.wp.com\/www.shqiperia.com\/blog\/wp-content\/uploads\/2023\/07\/Dhimiter-Shuteriqi.jpg?fit=800%2C451&ssl=1&resize=525%2C300 1.5x, https:\/\/i0.wp.com\/www.shqiperia.com\/blog\/wp-content\/uploads\/2023\/07\/Dhimiter-Shuteriqi.jpg?fit=800%2C451&ssl=1&resize=700%2C400 2x"},"classes":[]},{"id":63093,"url":"https:\/\/www.shqiperia.com\/blog\/sfidat-e-akademise-se-shkencave-sot-ben-50-vjec-por-a-eshte-atje-ku-duhet\/","url_meta":{"origin":494,"position":2},"title":"Sfidat e Akademis\u00eb se Shkencave: &#8211;\u00a0 Sot b\u00ebn 50 vje\u00e7. &#8211; Por a \u00ebsht\u00eb atje ku duhet?","author":"Kurt Farka","date":"October 10, 2022","format":false,"excerpt":"Prof.asoc.Dr.\u00a0 Marenglen Kasmi 10 Tetor 2022 Si sot 50 vite m\u00eb par\u00eb, m\u00eb 10 tetor 1972, me dekret t\u00eb Presidiumit t\u00eb Kuvendit Popullor u krijua Akademia e Shkencave t\u00eb Shqip\u00ebris\u00eb (ASh). Themelimi i saj ishte kuror\u00ebzimi i p\u00ebrpjekjeve shekullore p\u00ebr zhvillimin e akademizmit shqiptar. N\u00eb Shqip\u00ebri fjala \u201cAkademi\u201d u p\u00ebrmend\u2026","rel":"","context":"In &quot;Blogu i Udh\u00ebtarit&quot;","block_context":{"text":"Blogu i Udh\u00ebtarit","link":"https:\/\/www.shqiperia.com\/blog\/category\/blogu-i-udhetarit\/"},"img":{"alt_text":"","src":"https:\/\/i0.wp.com\/www.shqiperia.com\/blog\/wp-content\/uploads\/2022\/10\/buda1.jpg?fit=825%2C424&ssl=1&resize=350%2C200","width":350,"height":200,"srcset":"https:\/\/i0.wp.com\/www.shqiperia.com\/blog\/wp-content\/uploads\/2022\/10\/buda1.jpg?fit=825%2C424&ssl=1&resize=350%2C200 1x, https:\/\/i0.wp.com\/www.shqiperia.com\/blog\/wp-content\/uploads\/2022\/10\/buda1.jpg?fit=825%2C424&ssl=1&resize=525%2C300 1.5x, https:\/\/i0.wp.com\/www.shqiperia.com\/blog\/wp-content\/uploads\/2022\/10\/buda1.jpg?fit=825%2C424&ssl=1&resize=700%2C400 2x"},"classes":[]},{"id":45924,"url":"https:\/\/www.shqiperia.com\/blog\/akademia-e-shkencave-ka-nje-bibliografi-online-per-dhimiter-shuteriqin\/","url_meta":{"origin":494,"position":3},"title":"Akademia e Shkencave, ka nje bibliografi online p\u00ebr Dhimit\u00ebr Shuteriqin","author":"Kurt Farka","date":"March 30, 2021","format":false,"excerpt":"Akademia e Shkencave, ka nje bibliografi online p\u00ebr Dhimit\u00ebr Shuteriqin Kontributi publicistik, shkencor apo letrar i shkrimtarit t\u00eb njohur Dhimit\u00ebr Shuteriqi tashm\u00eb mund t\u00eb gjendet online. Biblioteka shkencore e Akademis\u00eb s\u00eb Shkencave ka p\u00ebrfunduar krijimin e bibliografis\u00eb s\u00eb dyt\u00eb online, at\u00eb t\u00eb akademikut Dhimit\u00ebr Shuteriqi. Kjo bibliografi vjen pas asaj\u2026","rel":"","context":"In &quot;Histori&quot;","block_context":{"text":"Histori","link":"https:\/\/www.shqiperia.com\/blog\/category\/histori\/"},"img":{"alt_text":"","src":"https:\/\/i0.wp.com\/www.shqiperia.com\/blog\/wp-content\/uploads\/2021\/03\/Dhimiter-shuteriqi.jpg?fit=620%2C375&ssl=1&resize=350%2C200","width":350,"height":200,"srcset":"https:\/\/i0.wp.com\/www.shqiperia.com\/blog\/wp-content\/uploads\/2021\/03\/Dhimiter-shuteriqi.jpg?fit=620%2C375&ssl=1&resize=350%2C200 1x, https:\/\/i0.wp.com\/www.shqiperia.com\/blog\/wp-content\/uploads\/2021\/03\/Dhimiter-shuteriqi.jpg?fit=620%2C375&ssl=1&resize=525%2C300 1.5x"},"classes":[]},{"id":71803,"url":"https:\/\/www.shqiperia.com\/blog\/shkrirja-e-asa-s-antiligjore-rektori-perzhita-per-report-tv-sna-pyeten-rrezikohen-punonjesit-prodhimin-tone-akademia-e-shkencave-e-ben-vec-ne-endrra\/","url_meta":{"origin":494,"position":4},"title":"\u2018Shkrirja\u2019 e ASA-s antiligjore?! Rektori P\u00ebrzhita p\u00ebr Report Tv: &#8211; S\u2019na pyet\u00ebn, rrezikohen punonj\u00ebsit! Prodhimin ton\u00eb, Akademia e Shkencave e b\u00ebn ve\u00e7 n\u00eb \u00ebndrra!","author":"Kurt Farka","date":"May 28, 2023","format":false,"excerpt":"28 Maji 2023 Rektori i Akademis\u00eb s\u00eb Studimeve Albanologjike tregon p\u00ebr Report tv se lidhur me projektvendimin p\u00ebr mbylljen e veprimtaris\u00eb nuk jan\u00eb pyetur. Sipas tij 'shkrirja' e\u00a0 ASA-s dhe transferimi i \u2018cop\u00ebzave\u2019 t\u00eb saj n\u00eb ASH do t\u00eb ket\u00eb d\u00ebme n\u00eb punonj\u00ebs, prodhim shkencor dhe p\u00ebrgatitjen e albanolog\u00ebve t\u00eb\u2026","rel":"","context":"In &quot;Blogu i Udh\u00ebtarit&quot;","block_context":{"text":"Blogu i Udh\u00ebtarit","link":"https:\/\/www.shqiperia.com\/blog\/category\/blogu-i-udhetarit\/"},"img":{"alt_text":"","src":"https:\/\/i0.wp.com\/www.shqiperia.com\/blog\/wp-content\/uploads\/2023\/05\/13932735_1004604232989470_8157298643560901792_n.jpg?fit=680%2C434&ssl=1&resize=350%2C200","width":350,"height":200,"srcset":"https:\/\/i0.wp.com\/www.shqiperia.com\/blog\/wp-content\/uploads\/2023\/05\/13932735_1004604232989470_8157298643560901792_n.jpg?fit=680%2C434&ssl=1&resize=350%2C200 1x, https:\/\/i0.wp.com\/www.shqiperia.com\/blog\/wp-content\/uploads\/2023\/05\/13932735_1004604232989470_8157298643560901792_n.jpg?fit=680%2C434&ssl=1&resize=525%2C300 1.5x"},"classes":[]},{"id":9676,"url":"https:\/\/www.shqiperia.com\/blog\/6-autore-ne-gare-per-vepren-monografike-me-te-mire-per-skenderbeun-xhufi-per-fat-te-keq-ministria-e-arsimit-eshte-jashte-loje\/","url_meta":{"origin":494,"position":5},"title":"6 autor\u00eb n\u00eb gar\u00eb p\u00ebr vepr\u00ebn monografike m\u00eb t\u00eb mir\u00eb p\u00ebr Sk\u00ebnderbeun, Xhufi: P\u00ebr fat t\u00eb keq, Ministria e Arsimit \u00ebsht\u00eb jasht\u00eb loje. &#8211;","author":"Kurt Farka","date":"July 13, 2018","format":false,"excerpt":"6 autor\u00eb n\u00eb gar\u00eb p\u00ebr vepr\u00ebn monografike m\u00eb t\u00eb mir\u00eb p\u00ebr Sk\u00ebnderbeun, Xhufi: P\u00ebr fat t\u00eb keq, Ministria e Arsimit \u00ebsht\u00eb jasht\u00eb loje. - Akademia e Shkencave shpalli gjasht\u00eb autor\u00ebt e nominuar p\u00ebr konkursin p\u00ebr vepr\u00ebn m\u00eb t\u00eb mir\u00eb monografike dedikuar Gjergj Kastriot Sk\u00ebnderbeut. Akademia e Shkencave shpalli gjasht\u00eb autor\u00ebt\u2026","rel":"","context":"In &quot;Histori&quot;","block_context":{"text":"Histori","link":"https:\/\/www.shqiperia.com\/blog\/category\/histori\/"},"img":{"alt_text":"","src":"https:\/\/i0.wp.com\/www.shqiperia.com\/blog\/wp-content\/uploads\/2018\/07\/skenderbeu-Copy-905x395.jpg?fit=679%2C395&ssl=1&resize=350%2C200","width":350,"height":200,"srcset":"https:\/\/i0.wp.com\/www.shqiperia.com\/blog\/wp-content\/uploads\/2018\/07\/skenderbeu-Copy-905x395.jpg?fit=679%2C395&ssl=1&resize=350%2C200 1x, https:\/\/i0.wp.com\/www.shqiperia.com\/blog\/wp-content\/uploads\/2018\/07\/skenderbeu-Copy-905x395.jpg?fit=679%2C395&ssl=1&resize=525%2C300 1.5x"},"classes":[]}],"_links":{"self":[{"href":"https:\/\/www.shqiperia.com\/blog\/wp-json\/wp\/v2\/posts\/494","targetHints":{"allow":["GET"]}}],"collection":[{"href":"https:\/\/www.shqiperia.com\/blog\/wp-json\/wp\/v2\/posts"}],"about":[{"href":"https:\/\/www.shqiperia.com\/blog\/wp-json\/wp\/v2\/types\/post"}],"author":[{"embeddable":true,"href":"https:\/\/www.shqiperia.com\/blog\/wp-json\/wp\/v2\/users\/9"}],"replies":[{"embeddable":true,"href":"https:\/\/www.shqiperia.com\/blog\/wp-json\/wp\/v2\/comments?post=494"}],"version-history":[{"count":1,"href":"https:\/\/www.shqiperia.com\/blog\/wp-json\/wp\/v2\/posts\/494\/revisions"}],"predecessor-version":[{"id":496,"href":"https:\/\/www.shqiperia.com\/blog\/wp-json\/wp\/v2\/posts\/494\/revisions\/496"}],"wp:featuredmedia":[{"embeddable":true,"href":"https:\/\/www.shqiperia.com\/blog\/wp-json\/wp\/v2\/media\/495"}],"wp:attachment":[{"href":"https:\/\/www.shqiperia.com\/blog\/wp-json\/wp\/v2\/media?parent=494"}],"wp:term":[{"taxonomy":"category","embeddable":true,"href":"https:\/\/www.shqiperia.com\/blog\/wp-json\/wp\/v2\/categories?post=494"},{"taxonomy":"post_tag","embeddable":true,"href":"https:\/\/www.shqiperia.com\/blog\/wp-json\/wp\/v2\/tags?post=494"}],"curies":[{"name":"wp","href":"https:\/\/api.w.org\/{rel}","templated":true}]}}