{"id":49042,"date":"2021-08-11T09:13:50","date_gmt":"2021-08-11T09:13:50","guid":{"rendered":"https:\/\/www.shqiperia.com\/blog\/?p=49042"},"modified":"2021-08-11T09:13:50","modified_gmt":"2021-08-11T09:13:50","slug":"studimi-kinez-doze-e-trete-per-te-vaksinuarit-me-coronavac-alimehmeti-te-kryhet-brenda-nentorit-per-te-perballuar-valen-e-radhes","status":"publish","type":"post","link":"https:\/\/www.shqiperia.com\/blog\/studimi-kinez-doze-e-trete-per-te-vaksinuarit-me-coronavac-alimehmeti-te-kryhet-brenda-nentorit-per-te-perballuar-valen-e-radhes\/","title":{"rendered":"Studimi kinez: &#8211; \u201cDoz\u00eb e tret\u00eb p\u00ebr t\u00eb vaksinuarit me \u2018Coronavac\u2019\u201d  &#8211; Alimehmeti: T\u00eb kryhet brenda n\u00ebntorit, p\u00ebr t\u00eb p\u00ebrballuar val\u00ebn e radh\u00ebs."},"content":{"rendered":"<p><img data-recalc-dims=\"1\" loading=\"lazy\" decoding=\"async\" data-attachment-id=\"49043\" data-permalink=\"https:\/\/www.shqiperia.com\/blog\/studimi-kinez-doze-e-trete-per-te-vaksinuarit-me-coronavac-alimehmeti-te-kryhet-brenda-nentorit-per-te-perballuar-valen-e-radhes\/download-126\/\" data-orig-file=\"https:\/\/i0.wp.com\/www.shqiperia.com\/blog\/wp-content\/uploads\/2021\/08\/download-1.jpg?fit=290%2C174&amp;ssl=1\" data-orig-size=\"290,174\" data-comments-opened=\"1\" data-image-meta=\"{&quot;aperture&quot;:&quot;0&quot;,&quot;credit&quot;:&quot;&quot;,&quot;camera&quot;:&quot;&quot;,&quot;caption&quot;:&quot;&quot;,&quot;created_timestamp&quot;:&quot;0&quot;,&quot;copyright&quot;:&quot;&quot;,&quot;focal_length&quot;:&quot;0&quot;,&quot;iso&quot;:&quot;0&quot;,&quot;shutter_speed&quot;:&quot;0&quot;,&quot;title&quot;:&quot;&quot;,&quot;orientation&quot;:&quot;0&quot;}\" data-image-title=\"download\" data-image-description=\"\" data-image-caption=\"\" data-medium-file=\"https:\/\/i0.wp.com\/www.shqiperia.com\/blog\/wp-content\/uploads\/2021\/08\/download-1.jpg?fit=290%2C174&amp;ssl=1\" data-large-file=\"https:\/\/i0.wp.com\/www.shqiperia.com\/blog\/wp-content\/uploads\/2021\/08\/download-1.jpg?fit=290%2C174&amp;ssl=1\" class=\"alignnone  wp-image-49043\" alt=\"\" src=\"https:\/\/i0.wp.com\/www.shqiperia.com\/blog\/wp-content\/uploads\/2021\/08\/download-1.jpg?resize=562%2C337&#038;ssl=1\" width=\"562\" height=\"337\" \/><\/p>\n<p>Studimi kinez: &#8211; \u201cDoz\u00eb e tret\u00eb p\u00ebr t\u00eb vaksinuarit me \u2018Coronavac\u2019\u201d<\/p>\n<p>&#8211; Alimehmeti: T\u00eb kryhet brenda n\u00ebntorit, p\u00ebr t\u00eb p\u00ebrballuar val\u00ebn e radh\u00ebs<\/p>\n<p>11 gusht \u00a02021<\/p>\n<p>E thot\u00eb Kina zyrtare: \u201cCoronavac\u201d ofron ve\u00e7se gjasht\u00eb muaj garanci ose efektivitet. M\u00eb tej, niveli i antitrupave, kryesisht te t\u00eb moshuarit, shkon drejt zerimit.<\/p>\n<p>Vet\u00ebm nj\u00eb doz\u00eb e tret\u00eb indukton me shpejt\u00ebsi imunizim t\u00eb fort\u00eb. Me shp\u00ebrthimin e val\u00ebve e varianteve t\u00eb reja t\u00eb COVID-19 q\u00eb preku edhe t\u00eb vaksinuarit, \u201cCDC Hebei\u201d, laboratori ky\u00e7 i sh\u00ebndetit publik n\u00eb Kin\u00eb dhe firma farmaceutike \u201cSinovac\u201d kan\u00eb marr\u00eb n\u00eb studim rastet p\u00ebr t\u00eb arritur n\u00eb konkluzionin se dy doza vaksine jan\u00eb t\u00eb pamjaftueshme p\u00ebr t\u00eb mbrojtur popullat\u00ebn.\u00a0 Ve\u00e7an\u00ebrisht, ata mbi 60 vje\u00e7.<\/p>\n<p>\u00cbsht\u00eb mjeku epidemiolog, Ilir Alimehmeti ai q\u00eb e sjell studimin, duke e interpretuar si domosdoshm\u00ebri p\u00ebr politik\u00ebb\u00ebr\u00ebsit q\u00eb t\u00eb shikojn\u00eb mund\u00ebsin\u00eb e implementimit t\u00eb nj\u00eb doze t\u00eb tret\u00eb p\u00ebr t\u00eb vaksinuarit me dy doza deri tani. E mund\u00ebsisht, nga ato t\u00eb miratuara nga autoritetet rregullator\u00eb n\u00eb bot\u00eb. \u201c\u2019Coronavac\u2019 ka nevoj\u00eb p\u00ebr nj\u00eb doz\u00eb t\u00eb tret\u00eb te moshat mbi 60 vje\u00e7, jan\u00eb gjetjet e studimit klinik zyrtar t\u00eb faz\u00ebs s\u00eb par\u00eb dhe t\u00eb dyt\u00eb n\u00eb Kin\u00eb.<\/p>\n<p>Autor\u00ebt kan\u00eb dal\u00eb n\u00eb p\u00ebrfundimin se nj\u00eb doz\u00eb e tret\u00eb indukton me shpejt\u00ebsi n\u00eb shtat\u00eb dit\u00eb p\u00ebrgjigje imunitare t\u00eb fort\u00eb. K\u00ebto rezultate mund t\u00eb ndihmojn\u00eb politik\u00ebb\u00ebr\u00ebsit t\u00eb p\u00ebrcaktojn\u00eb nevoj\u00ebn dhe koh\u00ebn e sakt\u00eb t\u00eb dh\u00ebnies s\u00eb doz\u00ebs s\u00eb tret\u00eb te t\u00eb moshuarit.<\/p>\n<p>Duke qen\u00eb se Shqip\u00ebria ka vaksinuar kryesisht mosha t\u00eb vjetra me \u2018Coronavac\u2019 n\u00eb periudh\u00ebn mars-prill-maj, k\u00ebto gjetje duhet t\u00eb na mb\u00ebshtesin p\u00ebrdorimin e nj\u00eb doze t\u00eb tret\u00eb \u2018Coronavac\u2019, akoma m\u00eb mir\u00eb \u2018Pfizer\u2019 apo \u2018AstraZeneca\u2019, brenda muajit n\u00ebntor, p\u00ebr t\u2019i b\u00ebr\u00eb ball\u00eb vjesht\u00ebdimrit t\u00eb ardhsh\u00ebm\u201d, shkruan eksperti i Sh\u00ebndetit Publik, nj\u00ebher\u00ebsh an\u00ebtar i Akademis\u00eb s\u00eb Shkencave. P\u00ebrpara se ta thot\u00eb Kina, shum\u00eb shtete t\u00eb tjera e kan\u00eb par\u00eb si mund\u00ebsi e disa prej tyre e kan\u00eb aplikuar tashm\u00eb. E till\u00eb \u00ebsht\u00eb Turqia, q\u00eb p\u00ebrpara se ta nd\u00ebrmjet\u00ebsonte \u201cCoronavac\u201d n\u00eb Shqip\u00ebri, nisi vaksinimin masiv me vaksin\u00ebn kineze, duke u b\u00ebr\u00eb nd\u00ebr t\u00eb parat shtete t\u00eb m\u00ebdha q\u00eb i besuan asaj.<\/p>\n<p>STUDIMI<\/p>\n<p>Dy fazat e para t\u00eb studimit te personat mbi 60 vje\u00e7 dol\u00ebn n\u00eb konkluzionin se 97.8% e personave kan\u00eb antitrupa neutralizues ndaj virusit. Por, kjo siguri nuk zgjaste m\u00eb shum\u00eb se gjasht\u00eb muaj, kur vet\u00ebm 17.8% e personave vijonin t\u00eb ruanin t\u00eb nj\u00ebjtin nivel antitrupash. Pra, nj\u00eb r\u00ebnie me 80% brenda nj\u00eb gjysm\u00eb viti. Eksperimentimi i nj\u00eb doze t\u00eb tret\u00eb te t\u00eb nj\u00ebjt\u00ebt persona konkludoi se 100% e tyre zhvillonin antitrupa neutralizues.<\/p>\n<p>\u201cN\u00eb nivel sasior, titri gjeometrik mesatar i antitrupave neutralizues ishte: 42.7 (pozitiv) dy jav\u00eb pas dy dozave (niveli i rekomanduar &gt;8), 3.4 (negativ) gjasht\u00eb muaj pas dy dozave (niveli i rekomanduar &gt;8) dhe 305.0 (pozitiv) shtat\u00eb dit\u00eb pas doz\u00ebs s\u00eb tret\u00eb. Doza e tret\u00eb (3 \u00ecg) \u00ebsht\u00eb toleruar mir\u00eb dhe t\u00eb gjitha reaksionet ishin t\u00eb gravitetit t\u00eb nivelit 1 dhe 2. Autor\u00ebt dalin n\u00eb p\u00ebrfundimin e qart\u00eb se: Titri i antitrupave neutralizues bie shum\u00eb gjasht\u00eb muaj pas dy dozave \u2018Coronavac\u2019 te moshat e vjetra (&gt;60 vje\u00e7). Nj\u00eb doz\u00eb e tret\u00eb indukton me shpejt\u00ebsi (7 dit\u00eb) p\u00ebrgjigje imunitare t\u00eb fort\u00eb\u201d, shkruan Alimehmeti n\u00eb statusin sqarues t\u00eb studimit kinez.<\/p>\n<p>Gazeta Panorama<\/p>\n","protected":false},"excerpt":{"rendered":"<p>Studimi kinez: &#8211; \u201cDoz\u00eb e tret\u00eb p\u00ebr t\u00eb vaksinuarit me \u2018Coronavac\u2019\u201d &#8211; Alimehmeti: T\u00eb kryhet brenda n\u00ebntorit, p\u00ebr t\u00eb p\u00ebrballuar val\u00ebn e radh\u00ebs 11 gusht \u00a02021 E thot\u00eb Kina zyrtare: \u201cCoronavac\u201d ofron ve\u00e7se gjasht\u00eb muaj garanci ose efektivitet. M\u00eb tej, niveli i antitrupave, kryesisht te t\u00eb moshuarit, shkon drejt zerimit. Vet\u00ebm nj\u00eb doz\u00eb e tret\u00eb [&hellip;]<\/p>\n","protected":false},"author":9,"featured_media":49043,"comment_status":"open","ping_status":"open","sticky":false,"template":"","format":"standard","meta":{"jetpack_post_was_ever_published":false,"_jetpack_newsletter_access":"","_jetpack_dont_email_post_to_subs":false,"_jetpack_newsletter_tier_id":0,"_jetpack_memberships_contains_paywalled_content":false,"_jetpack_memberships_contains_paid_content":false,"footnotes":"","jetpack_publicize_message":"","jetpack_publicize_feature_enabled":true,"jetpack_social_post_already_shared":true,"jetpack_social_options":{"image_generator_settings":{"template":"highway","default_image_id":0,"font":"","enabled":false},"version":2}},"categories":[27,1,14],"tags":[],"class_list":["post-49042","post","type-post","status-publish","format-standard","has-post-thumbnail","hentry","category-blogu-i-udhetarit","category-njoftime-shtypi","category-press-releases"],"jetpack_publicize_connections":[],"jetpack_featured_media_url":"https:\/\/i0.wp.com\/www.shqiperia.com\/blog\/wp-content\/uploads\/2021\/08\/download-1.jpg?fit=290%2C174&ssl=1","jetpack_sharing_enabled":true,"jetpack_shortlink":"https:\/\/wp.me\/p5Z6wp-cL0","jetpack-related-posts":[{"id":45882,"url":"https:\/\/www.shqiperia.com\/blog\/ekspertet-vaksina-kineze-eshte-nje-bast\/","url_meta":{"origin":49042,"position":0},"title":"Ekspert\u00ebt: &#8211; Vaksina kineze \u00ebsht\u00eb nj\u00eb bast","author":"Kurt Farka","date":"March 29, 2021","format":false,"excerpt":"Ekspert\u00ebt: - Vaksina kineze \u00ebsht\u00eb nj\u00eb bast Epidemiologu Ilir Alimehmeti mendon se aplikimi i vaksin\u00ebs kineze \u00ebsht\u00eb nj\u00eb bast q\u00eb po b\u00ebhet me sh\u00ebndetin e shqiptar\u00ebve pasi vaksina akoma nuk i ka kaluar testet e plota klinike p\u00ebr efektshm\u00ebrin\u00eb e saj. \u201cCoronaVac, e prodhuar nga Sinovac Biotech, \u00ebsht\u00eb vaksin\u00eb me\u2026","rel":"","context":"In &quot;Blogu i Udh\u00ebtarit&quot;","block_context":{"text":"Blogu i Udh\u00ebtarit","link":"https:\/\/www.shqiperia.com\/blog\/category\/blogu-i-udhetarit\/"},"img":{"alt_text":"","src":"https:\/\/i0.wp.com\/www.shqiperia.com\/blog\/wp-content\/uploads\/2021\/03\/Ekspertet-Vaksina-kineze-eshte-nje-bast.jpg?fit=1200%2C615&ssl=1&resize=350%2C200","width":350,"height":200,"srcset":"https:\/\/i0.wp.com\/www.shqiperia.com\/blog\/wp-content\/uploads\/2021\/03\/Ekspertet-Vaksina-kineze-eshte-nje-bast.jpg?fit=1200%2C615&ssl=1&resize=350%2C200 1x, https:\/\/i0.wp.com\/www.shqiperia.com\/blog\/wp-content\/uploads\/2021\/03\/Ekspertet-Vaksina-kineze-eshte-nje-bast.jpg?fit=1200%2C615&ssl=1&resize=525%2C300 1.5x, https:\/\/i0.wp.com\/www.shqiperia.com\/blog\/wp-content\/uploads\/2021\/03\/Ekspertet-Vaksina-kineze-eshte-nje-bast.jpg?fit=1200%2C615&ssl=1&resize=700%2C400 2x, https:\/\/i0.wp.com\/www.shqiperia.com\/blog\/wp-content\/uploads\/2021\/03\/Ekspertet-Vaksina-kineze-eshte-nje-bast.jpg?fit=1200%2C615&ssl=1&resize=1050%2C600 3x"},"classes":[]},{"id":48272,"url":"https:\/\/www.shqiperia.com\/blog\/varianti-delta-ekspertet-paralajmerojne-valen-e-trete\/","url_meta":{"origin":49042,"position":1},"title":"Varianti Delta, ekspert\u00ebt paralajm\u00ebrojn\u00eb val\u00ebn e tret\u00eb","author":"Kurt Farka","date":"June 30, 2021","format":false,"excerpt":"Varianti Delta, ekspert\u00ebt paralajm\u00ebrojn\u00eb val\u00ebn e tret\u00eb 27 QERSHOR 2021 Varianti Delta i koronavirusit, i cili \u00ebsht\u00eb shum\u00eb leht\u00eb i transmetuesh\u00ebm, po b\u00ebn \u201ck\u00ebrdin\u00eb\u201d n\u00eb Angli. Vet\u00ebm n\u00eb 24 or\u00ebt e fundit jan\u00eb infektuar 18.270 qytetar\u00eb, shifra m\u00eb e lart\u00eb q\u00eb nga 3 shkurti i k\u00ebtij viti. Nd\u00ebrkoh\u00eb 23 persona\u2026","rel":"","context":"In &quot;Blogu i Udh\u00ebtarit&quot;","block_context":{"text":"Blogu i Udh\u00ebtarit","link":"https:\/\/www.shqiperia.com\/blog\/category\/blogu-i-udhetarit\/"},"img":{"alt_text":"","src":"https:\/\/i0.wp.com\/www.shqiperia.com\/blog\/wp-content\/uploads\/2021\/06\/800-0-60d87e1f5d37d.jpg?fit=800%2C450&ssl=1&resize=350%2C200","width":350,"height":200,"srcset":"https:\/\/i0.wp.com\/www.shqiperia.com\/blog\/wp-content\/uploads\/2021\/06\/800-0-60d87e1f5d37d.jpg?fit=800%2C450&ssl=1&resize=350%2C200 1x, https:\/\/i0.wp.com\/www.shqiperia.com\/blog\/wp-content\/uploads\/2021\/06\/800-0-60d87e1f5d37d.jpg?fit=800%2C450&ssl=1&resize=525%2C300 1.5x, https:\/\/i0.wp.com\/www.shqiperia.com\/blog\/wp-content\/uploads\/2021\/06\/800-0-60d87e1f5d37d.jpg?fit=800%2C450&ssl=1&resize=700%2C400 2x"},"classes":[]},{"id":46458,"url":"https:\/\/www.shqiperia.com\/blog\/jeni-vaksinuar-me-pfizer-mund-te-jete-e-nevojshme-te-merrni-nje-doze-te-trete\/","url_meta":{"origin":49042,"position":2},"title":"Jeni vaksinuar me Pfizer? &#8211; Mund t\u00eb jet\u00eb e nevojshme t\u00eb merrni nj\u00eb doz\u00eb t\u00eb tret\u00eb","author":"Kurt Farka","date":"April 15, 2021","format":false,"excerpt":"Jeni vaksinuar me Pfizer? - Mund t\u00eb jet\u00eb e nevojshme t\u00eb merrni nj\u00eb doz\u00eb t\u00eb tret\u00eb 15 PRILL 2021 T\u00eb gjith\u00eb ata q\u00eb jan\u00eb vaksinuar me Pfizer mund t\u00eb duhet t\u00eb marrin edhe nj\u00eb doz\u00eb t\u00eb tret\u00eb t\u00eb vaksin\u00ebs kund\u00ebr covid-19. Lajmi \u00ebsht\u00eb b\u00ebr\u00eb i ditur nga Drejtori Ekzekutiv i\u2026","rel":"","context":"In &quot;Blogu i Udh\u00ebtarit&quot;","block_context":{"text":"Blogu i Udh\u00ebtarit","link":"https:\/\/www.shqiperia.com\/blog\/category\/blogu-i-udhetarit\/"},"img":{"alt_text":"","src":"https:\/\/i0.wp.com\/www.shqiperia.com\/blog\/wp-content\/uploads\/2021\/04\/Drejtori-Ekzekutiv-i-kompanise-Pfizer-Albert-Bourla..jpeg?fit=640%2C360&ssl=1&resize=350%2C200","width":350,"height":200,"srcset":"https:\/\/i0.wp.com\/www.shqiperia.com\/blog\/wp-content\/uploads\/2021\/04\/Drejtori-Ekzekutiv-i-kompanise-Pfizer-Albert-Bourla..jpeg?fit=640%2C360&ssl=1&resize=350%2C200 1x, https:\/\/i0.wp.com\/www.shqiperia.com\/blog\/wp-content\/uploads\/2021\/04\/Drejtori-Ekzekutiv-i-kompanise-Pfizer-Albert-Bourla..jpeg?fit=640%2C360&ssl=1&resize=525%2C300 1.5x"},"classes":[]},{"id":51256,"url":"https:\/\/www.shqiperia.com\/blog\/virologu-i-njohur-del-me-paralajmerimin-e-frikshem-ja-cfare-do-te-ndodhe-gjate-dimrit\/","url_meta":{"origin":49042,"position":3},"title":"Virologu i njohur del me paralajm\u00ebrimin e friksh\u00ebm: Ja \u00e7far\u00eb do t\u00eb ndodh\u00eb gjat\u00eb dimrit","author":"Kurt Farka","date":"November 10, 2021","format":false,"excerpt":"Virologu i njohur del me paralajm\u00ebrimin e friksh\u00ebm: Ja \u00e7far\u00eb do t\u00eb ndodh\u00eb gjat\u00eb dimrit 10 N\u00cbNTOR 2021 T\u00eb vaksinuarit e transmentojn\u00eb virusin\u2026 Christian Drosten \u00ebsht\u00eb nj\u00eb nga virolog\u00ebt m\u00eb t\u00eb njohur gjerman\u00eb, po ashtu i njohur n\u00eb bot\u00eb, dhe fjala e tij mbi pandemin\u00eb gjithmon\u00eb d\u00ebgjohet me v\u00ebmendje n\u00eb\u2026","rel":"","context":"In &quot;Blogu i Udh\u00ebtarit&quot;","block_context":{"text":"Blogu i Udh\u00ebtarit","link":"https:\/\/www.shqiperia.com\/blog\/category\/blogu-i-udhetarit\/"},"img":{"alt_text":"","src":"https:\/\/i0.wp.com\/www.shqiperia.com\/blog\/wp-content\/uploads\/2021\/11\/Capture-66.jpg?fit=949%2C536&ssl=1&resize=350%2C200","width":350,"height":200,"srcset":"https:\/\/i0.wp.com\/www.shqiperia.com\/blog\/wp-content\/uploads\/2021\/11\/Capture-66.jpg?fit=949%2C536&ssl=1&resize=350%2C200 1x, https:\/\/i0.wp.com\/www.shqiperia.com\/blog\/wp-content\/uploads\/2021\/11\/Capture-66.jpg?fit=949%2C536&ssl=1&resize=525%2C300 1.5x, https:\/\/i0.wp.com\/www.shqiperia.com\/blog\/wp-content\/uploads\/2021\/11\/Capture-66.jpg?fit=949%2C536&ssl=1&resize=700%2C400 2x"},"classes":[]},{"id":46123,"url":"https:\/\/www.shqiperia.com\/blog\/mjeku-alimehmeti-ndersa-shqiperia-ka-nisur-vaksinimin-masiv-te-popullates-me-vaksinen-kineze-sinovak-vete-vendi-i-origjines-kina-po-tregohet-shume-e-kujdesshme\/","url_meta":{"origin":49042,"position":4},"title":"Mjeku Alimehmeti: &#8211; Nd\u00ebrsa Shqip\u00ebria ka nisur vaksinimin masiv t\u00eb popullat\u00ebs me vaksin\u00ebn kineze sinovak vet\u00eb vendi i origjin\u00ebs Kina po tregohet shum\u00eb e kujdesshme.","author":"Kurt Farka","date":"April 6, 2021","format":false,"excerpt":"Mjeku Alimehmeti: - Nd\u00ebrsa Shqip\u00ebria ka nisur vaksinimin masiv t\u00eb popullat\u00ebs me vaksin\u00ebn kineze sinovak vet\u00eb vendi i origjin\u00ebs Kina po tregohet shum\u00eb e kujdesshme. 6 prill 2021 Ilir Alimehmeti, mjek epidemiolog analizon zhvillimet m\u00eb t\u00eb fundit n\u00eb Kin\u00eb ku sipas tij vaksina Sinovac ka marr\u00eb\u00a0lincencimin\u00a0p\u00ebr t\u2019u aplikuar n\u00eb moshat\u2026","rel":"","context":"In &quot;Blogu i Udh\u00ebtarit&quot;","block_context":{"text":"Blogu i Udh\u00ebtarit","link":"https:\/\/www.shqiperia.com\/blog\/category\/blogu-i-udhetarit\/"},"img":{"alt_text":"","src":"https:\/\/i0.wp.com\/www.shqiperia.com\/blog\/wp-content\/uploads\/2021\/04\/Ilir-alimehmeti.jpg?fit=1100%2C562&ssl=1&resize=350%2C200","width":350,"height":200,"srcset":"https:\/\/i0.wp.com\/www.shqiperia.com\/blog\/wp-content\/uploads\/2021\/04\/Ilir-alimehmeti.jpg?fit=1100%2C562&ssl=1&resize=350%2C200 1x, https:\/\/i0.wp.com\/www.shqiperia.com\/blog\/wp-content\/uploads\/2021\/04\/Ilir-alimehmeti.jpg?fit=1100%2C562&ssl=1&resize=525%2C300 1.5x, https:\/\/i0.wp.com\/www.shqiperia.com\/blog\/wp-content\/uploads\/2021\/04\/Ilir-alimehmeti.jpg?fit=1100%2C562&ssl=1&resize=700%2C400 2x, https:\/\/i0.wp.com\/www.shqiperia.com\/blog\/wp-content\/uploads\/2021\/04\/Ilir-alimehmeti.jpg?fit=1100%2C562&ssl=1&resize=1050%2C600 3x"},"classes":[]},{"id":41077,"url":"https:\/\/www.shqiperia.com\/blog\/paralajmerimi-i-obsh-pergatituni-per-valen-e-trete-te-covid19-ne-fillim-te-2021-te-ndiqet-shembulli-i-korese-se-jugut\/","url_meta":{"origin":49042,"position":5},"title":"Paralajm\u00ebrimi i OBSH: &#8211; P\u00ebrgatituni p\u00ebr val\u00ebn e tret\u00eb t\u00eb COVID19 n\u00eb fillim t\u00eb 2021, t\u00eb ndiqet shembulli i Kores\u00eb s\u00eb Jugut","author":"Kurt Farka","date":"November 22, 2020","format":false,"excerpt":"Paralajm\u00ebrimi i OBSH: - P\u00ebrgatituni p\u00ebr val\u00ebn e tret\u00eb t\u00eb COVID19 n\u00eb fillim t\u00eb 2021, t\u00eb ndiqet shembulli i Kores\u00eb s\u00eb Jugut 22 N\u00cbNTOR 2020 Edhe pse ndodhemi n\u00eb kulmin e val\u00ebs s\u00eb dyt\u00eb t\u00eb COVID-19, Organizata Bot\u00ebrore e Sh\u00ebndet\u00ebsis\u00eb parashikon nj\u00eb val\u00eb t\u00eb tret\u00eb t\u00eb pandemis\u00eb n\u00eb vitin 2021,\u2026","rel":"","context":"In &quot;Blogu i Udh\u00ebtarit&quot;","block_context":{"text":"Blogu i Udh\u00ebtarit","link":"https:\/\/www.shqiperia.com\/blog\/category\/blogu-i-udhetarit\/"},"img":{"alt_text":"","src":"https:\/\/i0.wp.com\/www.shqiperia.com\/blog\/wp-content\/uploads\/2020\/11\/640-0-5fba25b278103.jpg?fit=640%2C360&ssl=1&resize=350%2C200","width":350,"height":200,"srcset":"https:\/\/i0.wp.com\/www.shqiperia.com\/blog\/wp-content\/uploads\/2020\/11\/640-0-5fba25b278103.jpg?fit=640%2C360&ssl=1&resize=350%2C200 1x, https:\/\/i0.wp.com\/www.shqiperia.com\/blog\/wp-content\/uploads\/2020\/11\/640-0-5fba25b278103.jpg?fit=640%2C360&ssl=1&resize=525%2C300 1.5x"},"classes":[]}],"_links":{"self":[{"href":"https:\/\/www.shqiperia.com\/blog\/wp-json\/wp\/v2\/posts\/49042","targetHints":{"allow":["GET"]}}],"collection":[{"href":"https:\/\/www.shqiperia.com\/blog\/wp-json\/wp\/v2\/posts"}],"about":[{"href":"https:\/\/www.shqiperia.com\/blog\/wp-json\/wp\/v2\/types\/post"}],"author":[{"embeddable":true,"href":"https:\/\/www.shqiperia.com\/blog\/wp-json\/wp\/v2\/users\/9"}],"replies":[{"embeddable":true,"href":"https:\/\/www.shqiperia.com\/blog\/wp-json\/wp\/v2\/comments?post=49042"}],"version-history":[{"count":1,"href":"https:\/\/www.shqiperia.com\/blog\/wp-json\/wp\/v2\/posts\/49042\/revisions"}],"predecessor-version":[{"id":49044,"href":"https:\/\/www.shqiperia.com\/blog\/wp-json\/wp\/v2\/posts\/49042\/revisions\/49044"}],"wp:featuredmedia":[{"embeddable":true,"href":"https:\/\/www.shqiperia.com\/blog\/wp-json\/wp\/v2\/media\/49043"}],"wp:attachment":[{"href":"https:\/\/www.shqiperia.com\/blog\/wp-json\/wp\/v2\/media?parent=49042"}],"wp:term":[{"taxonomy":"category","embeddable":true,"href":"https:\/\/www.shqiperia.com\/blog\/wp-json\/wp\/v2\/categories?post=49042"},{"taxonomy":"post_tag","embeddable":true,"href":"https:\/\/www.shqiperia.com\/blog\/wp-json\/wp\/v2\/tags?post=49042"}],"curies":[{"name":"wp","href":"https:\/\/api.w.org\/{rel}","templated":true}]}}