{"id":49038,"date":"2021-08-10T20:53:07","date_gmt":"2021-08-10T20:53:07","guid":{"rendered":"https:\/\/www.shqiperia.com\/blog\/?p=49038"},"modified":"2021-08-10T20:53:07","modified_gmt":"2021-08-10T20:53:07","slug":"behuni-gati-nje-re-masive-rere-do-pushtoje-mesdheun-prek-jugun-e-shqiperise","status":"publish","type":"post","link":"https:\/\/www.shqiperia.com\/blog\/behuni-gati-nje-re-masive-rere-do-pushtoje-mesdheun-prek-jugun-e-shqiperise\/","title":{"rendered":"B\u00ebhuni gati !!! &#8211; Nj\u00eb re masive r\u00ebre do &#8216;pushtoj\u00eb&#8217; Mesdheun, prek Jugun e Shqip\u00ebris\u00eb."},"content":{"rendered":"<p><img data-recalc-dims=\"1\" loading=\"lazy\" decoding=\"async\" data-attachment-id=\"49039\" data-permalink=\"https:\/\/www.shqiperia.com\/blog\/behuni-gati-nje-re-masive-rere-do-pushtoje-mesdheun-prek-jugun-e-shqiperise\/640-0-6112bf8de850d-copy\/\" data-orig-file=\"https:\/\/i0.wp.com\/www.shqiperia.com\/blog\/wp-content\/uploads\/2021\/08\/640-0-6112bf8de850d-Copy.jpg?fit=539%2C284&amp;ssl=1\" data-orig-size=\"539,284\" data-comments-opened=\"1\" data-image-meta=\"{&quot;aperture&quot;:&quot;0&quot;,&quot;credit&quot;:&quot;&quot;,&quot;camera&quot;:&quot;&quot;,&quot;caption&quot;:&quot;&quot;,&quot;created_timestamp&quot;:&quot;0&quot;,&quot;copyright&quot;:&quot;&quot;,&quot;focal_length&quot;:&quot;0&quot;,&quot;iso&quot;:&quot;0&quot;,&quot;shutter_speed&quot;:&quot;0&quot;,&quot;title&quot;:&quot;&quot;,&quot;orientation&quot;:&quot;0&quot;}\" data-image-title=\"-640-0-6112bf8de850d &#8211; Copy\" data-image-description=\"\" data-image-caption=\"\" data-medium-file=\"https:\/\/i0.wp.com\/www.shqiperia.com\/blog\/wp-content\/uploads\/2021\/08\/640-0-6112bf8de850d-Copy.jpg?fit=300%2C158&amp;ssl=1\" data-large-file=\"https:\/\/i0.wp.com\/www.shqiperia.com\/blog\/wp-content\/uploads\/2021\/08\/640-0-6112bf8de850d-Copy.jpg?fit=539%2C284&amp;ssl=1\" class=\"alignnone  wp-image-49039\" alt=\"\" src=\"https:\/\/i0.wp.com\/www.shqiperia.com\/blog\/wp-content\/uploads\/2021\/08\/640-0-6112bf8de850d-Copy.jpg?resize=554%2C292&#038;ssl=1\" width=\"554\" height=\"292\" srcset=\"https:\/\/i0.wp.com\/www.shqiperia.com\/blog\/wp-content\/uploads\/2021\/08\/640-0-6112bf8de850d-Copy.jpg?resize=300%2C158&amp;ssl=1 300w, https:\/\/i0.wp.com\/www.shqiperia.com\/blog\/wp-content\/uploads\/2021\/08\/640-0-6112bf8de850d-Copy.jpg?resize=450%2C237&amp;ssl=1 450w, https:\/\/i0.wp.com\/www.shqiperia.com\/blog\/wp-content\/uploads\/2021\/08\/640-0-6112bf8de850d-Copy.jpg?resize=400%2C211&amp;ssl=1 400w, https:\/\/i0.wp.com\/www.shqiperia.com\/blog\/wp-content\/uploads\/2021\/08\/640-0-6112bf8de850d-Copy.jpg?w=539&amp;ssl=1 539w\" sizes=\"auto, (max-width: 554px) 100vw, 554px\" \/><\/p>\n<p>B\u00ebhuni gati !!! &#8211; Nj\u00eb re masive r\u00ebre do &#8216;pushtoj\u00eb&#8217; Mesdheun, prek Jugun e Shqip\u00ebris\u00eb.<\/p>\n<p>10 GUSHT 2021<\/p>\n<p>GAZETA SHQIP<\/p>\n<p>Mesdheu do t\u00eb pushtohet nga nj\u00eb re masive r\u00ebre s\u00eb shpejti. Fenomeni i &#8220;Saharas\u00eb&#8221; pritet t\u00eb ndodh\u00eb k\u00ebto dit\u00eb dhe do t\u00eb p\u00ebrfshij\u00eb t\u00eb gjitha vendet e Mesdheut.<\/p>\n<p>Nj\u00eb re masive r\u00ebre \u00ebsht\u00eb po vjen drejt Mesdheut dhe pritet q\u00eb t\u00eb quhet fenmeni i Saharas\u00eb. Faqja meteorologjike shkruan n\u00eb nj\u00eb postim n\u00eb rrjetet scoiale se reja e r\u00ebr\u00ebs pritet t\u00eb dep\u00ebrtoj\u00eb n\u00eb dit\u00ebt n\u00eb vijim dhe t\u00eb p\u00ebrhapet n\u00eb t\u00eb gjith\u00eb Mesdheun.<\/p>\n<p>\u201cNj\u00eb re masive Sahariane pluhuri po shtrihet n\u00eb Mesdhe, n\u00eb skajet veriore,\u201d- shkruan agjencia meteorologjike.<\/p>\n<p>Ret\u00eb masive t\u00eb r\u00ebr\u00ebs kur p\u00ebrballen me er\u00ebra t\u00eb forta shnd\u00ebrrohetnn\u00eb nj\u00eb problem t\u00eb v\u00ebrtet\u00eb p\u00ebr qytetar\u00ebt q\u00eb banojn\u00eb n\u00eb vendet q\u00eb prek.<\/p>\n<p><img data-recalc-dims=\"1\" loading=\"lazy\" decoding=\"async\" data-attachment-id=\"49040\" data-permalink=\"https:\/\/www.shqiperia.com\/blog\/behuni-gati-nje-re-masive-rere-do-pushtoje-mesdheun-prek-jugun-e-shqiperise\/640-0-6112bf8de850d\/\" data-orig-file=\"https:\/\/i0.wp.com\/www.shqiperia.com\/blog\/wp-content\/uploads\/2021\/08\/640-0-6112bf8de850d.jpg?fit=640%2C405&amp;ssl=1\" data-orig-size=\"640,405\" data-comments-opened=\"1\" data-image-meta=\"{&quot;aperture&quot;:&quot;0&quot;,&quot;credit&quot;:&quot;&quot;,&quot;camera&quot;:&quot;&quot;,&quot;caption&quot;:&quot;&quot;,&quot;created_timestamp&quot;:&quot;0&quot;,&quot;copyright&quot;:&quot;&quot;,&quot;focal_length&quot;:&quot;0&quot;,&quot;iso&quot;:&quot;0&quot;,&quot;shutter_speed&quot;:&quot;0&quot;,&quot;title&quot;:&quot;&quot;,&quot;orientation&quot;:&quot;0&quot;}\" data-image-title=\"-640-0-6112bf8de850d\" data-image-description=\"\" data-image-caption=\"\" data-medium-file=\"https:\/\/i0.wp.com\/www.shqiperia.com\/blog\/wp-content\/uploads\/2021\/08\/640-0-6112bf8de850d.jpg?fit=300%2C190&amp;ssl=1\" data-large-file=\"https:\/\/i0.wp.com\/www.shqiperia.com\/blog\/wp-content\/uploads\/2021\/08\/640-0-6112bf8de850d.jpg?fit=640%2C405&amp;ssl=1\" class=\"alignnone  wp-image-49040\" alt=\"\" src=\"https:\/\/i0.wp.com\/www.shqiperia.com\/blog\/wp-content\/uploads\/2021\/08\/640-0-6112bf8de850d.jpg?resize=801%2C507&#038;ssl=1\" width=\"801\" height=\"507\" srcset=\"https:\/\/i0.wp.com\/www.shqiperia.com\/blog\/wp-content\/uploads\/2021\/08\/640-0-6112bf8de850d.jpg?resize=300%2C190&amp;ssl=1 300w, https:\/\/i0.wp.com\/www.shqiperia.com\/blog\/wp-content\/uploads\/2021\/08\/640-0-6112bf8de850d.jpg?resize=450%2C285&amp;ssl=1 450w, https:\/\/i0.wp.com\/www.shqiperia.com\/blog\/wp-content\/uploads\/2021\/08\/640-0-6112bf8de850d.jpg?resize=600%2C380&amp;ssl=1 600w, https:\/\/i0.wp.com\/www.shqiperia.com\/blog\/wp-content\/uploads\/2021\/08\/640-0-6112bf8de850d.jpg?resize=400%2C253&amp;ssl=1 400w, https:\/\/i0.wp.com\/www.shqiperia.com\/blog\/wp-content\/uploads\/2021\/08\/640-0-6112bf8de850d.jpg?w=640&amp;ssl=1 640w\" sizes=\"auto, (max-width: 801px) 100vw, 801px\" \/><\/p>\n<p>N\u00eb hart\u00eb kjo re r\u00ebre do t\u00eb prek\u00eb Jugun e Shqip\u00ebris\u00eb.<\/p>\n","protected":false},"excerpt":{"rendered":"<p>B\u00ebhuni gati !!! &#8211; Nj\u00eb re masive r\u00ebre do &#8216;pushtoj\u00eb&#8217; Mesdheun, prek Jugun e Shqip\u00ebris\u00eb. 10 GUSHT 2021 GAZETA SHQIP Mesdheu do t\u00eb pushtohet nga nj\u00eb re masive r\u00ebre s\u00eb shpejti. Fenomeni i &#8220;Saharas\u00eb&#8221; pritet t\u00eb ndodh\u00eb k\u00ebto dit\u00eb dhe do t\u00eb p\u00ebrfshij\u00eb t\u00eb gjitha vendet e Mesdheut. Nj\u00eb re masive r\u00ebre \u00ebsht\u00eb po vjen [&hellip;]<\/p>\n","protected":false},"author":9,"featured_media":49039,"comment_status":"open","ping_status":"open","sticky":false,"template":"","format":"standard","meta":{"jetpack_post_was_ever_published":false,"_jetpack_newsletter_access":"","_jetpack_dont_email_post_to_subs":false,"_jetpack_newsletter_tier_id":0,"_jetpack_memberships_contains_paywalled_content":false,"_jetpack_memberships_contains_paid_content":false,"footnotes":"","jetpack_publicize_message":"","jetpack_publicize_feature_enabled":true,"jetpack_social_post_already_shared":true,"jetpack_social_options":{"image_generator_settings":{"template":"highway","default_image_id":0,"font":"","enabled":false},"version":2}},"categories":[27,35],"tags":[],"class_list":["post-49038","post","type-post","status-publish","format-standard","has-post-thumbnail","hentry","category-blogu-i-udhetarit","category-shoqerore"],"jetpack_publicize_connections":[],"jetpack_featured_media_url":"https:\/\/i0.wp.com\/www.shqiperia.com\/blog\/wp-content\/uploads\/2021\/08\/640-0-6112bf8de850d-Copy.jpg?fit=539%2C284&ssl=1","jetpack_sharing_enabled":true,"jetpack_shortlink":"https:\/\/wp.me\/p5Z6wp-cKW","jetpack-related-posts":[{"id":79768,"url":"https:\/\/www.shqiperia.com\/blog\/alarm-ne-europe-per-pluhurin-afrikan-neser-ne-shqiperi-pritet\/","url_meta":{"origin":49038,"position":0},"title":"Alarm n\u00eb Europ\u00eb p\u00ebr pluhurin afrikan. &#8211; Nes\u00ebr n\u00eb Shqip\u00ebri pritet\u2026","author":"Kurt Farka","date":"March 30, 2024","format":false,"excerpt":"31 Mars 2024 Nes\u00ebr ...Nuk k\u00ebshillohet q\u00eb f\u00ebmij\u00ebt dhe t\u00eb moshuarit t\u00eb dalin nga sht\u00ebpia. Nj\u00eb sasi e madhe r\u00ebre nga Saharaja (Afrika) ka mbuluar qiellin zviceran q\u00eb nga e premtja, duke ulur n\u00eb m\u00ebnyr\u00eb dramatike dukshm\u00ebrin\u00eb dhe duke i dh\u00ebn\u00eb drit\u00ebs s\u00eb diellit nj\u00eb nuanc\u00eb t\u00eb verdh\u00eb n\u00eb pjes\u00ebn\u2026","rel":"","context":"In &quot;Blogu i Udh\u00ebtarit&quot;","block_context":{"text":"Blogu i Udh\u00ebtarit","link":"https:\/\/www.shqiperia.com\/blog\/category\/blogu-i-udhetarit\/"},"img":{"alt_text":"","src":"https:\/\/i0.wp.com\/www.shqiperia.com\/blog\/wp-content\/uploads\/2024\/03\/640-0-79b7834a448be6fe3e7814f78ad861c6.jpg?fit=640%2C400&ssl=1&resize=350%2C200","width":350,"height":200,"srcset":"https:\/\/i0.wp.com\/www.shqiperia.com\/blog\/wp-content\/uploads\/2024\/03\/640-0-79b7834a448be6fe3e7814f78ad861c6.jpg?fit=640%2C400&ssl=1&resize=350%2C200 1x, https:\/\/i0.wp.com\/www.shqiperia.com\/blog\/wp-content\/uploads\/2024\/03\/640-0-79b7834a448be6fe3e7814f78ad861c6.jpg?fit=640%2C400&ssl=1&resize=525%2C300 1.5x"},"classes":[]},{"id":48860,"url":"https:\/\/www.shqiperia.com\/blog\/behuni-gati-brenda-javes-ballkani-goditet-nga-stuhia-e-frikshme-preket-edhe-shqiperia\/","url_meta":{"origin":49038,"position":1},"title":"&#8220;B\u00ebhuni gati !!! &#8220;: &#8211; \u00a0Brenda jav\u00ebs Ballkani goditet nga stuhia e frikshme, preket edhe Shqip\u00ebria.","author":"Kurt Farka","date":"August 5, 2021","format":false,"excerpt":"\"B\u00ebhuni gati !!! \": - \u00a0Brenda jav\u00ebs Ballkani goditet nga stuhia e frikshme, preket edhe Shqip\u00ebria. 5 GUSHT 2021 Agjencia e njohur meteorologjike \u201cSevere Weather\u201d flet p\u00ebr nj\u00eb rrezik q\u00eb i kanoset Gadishullit Ballkanik nga stuhit\u00eb. Vendet e Ballkanit pas val\u00ebs s\u00eb t\u00eb nxehtit q\u00eb u godit\u00ebn gjat\u00eb korrikut e\u2026","rel":"","context":"In &quot;Njoftime Shtypi&quot;","block_context":{"text":"Njoftime Shtypi","link":"https:\/\/www.shqiperia.com\/blog\/category\/njoftime-shtypi\/"},"img":{"alt_text":"","src":"https:\/\/i0.wp.com\/www.shqiperia.com\/blog\/wp-content\/uploads\/2021\/08\/Stuhia-e-pritshme-e-frikeshme-1.jpg?fit=604%2C330&ssl=1&resize=350%2C200","width":350,"height":200,"srcset":"https:\/\/i0.wp.com\/www.shqiperia.com\/blog\/wp-content\/uploads\/2021\/08\/Stuhia-e-pritshme-e-frikeshme-1.jpg?fit=604%2C330&ssl=1&resize=350%2C200 1x, https:\/\/i0.wp.com\/www.shqiperia.com\/blog\/wp-content\/uploads\/2021\/08\/Stuhia-e-pritshme-e-frikeshme-1.jpg?fit=604%2C330&ssl=1&resize=525%2C300 1.5x"},"classes":[]},{"id":66523,"url":"https:\/\/www.shqiperia.com\/blog\/arti-ne-rere-si-pelhura-e-penelopes\/","url_meta":{"origin":49038,"position":2},"title":"Arti n\u00eb r\u00ebr\u00eb si p\u00eblhura e Penelop\u00ebs","author":"Kurt Farka","date":"January 21, 2023","format":false,"excerpt":"21 Janar \"023 Nj\u00eb artist Filipinas, ka thyer rekordin Guinness p\u00ebr punimet e tij artistike n\u00eb r\u00ebr\u00eb. Nathaniel Alapide p\u00ebrdor plazhet e Dubait si kanavac\u00eb, duke sjell\u00eb dizajne t\u00eb m\u00ebdha dhe komplekse q\u00eb fshihen shpejt nga era ose dallg\u00ebt. Punimet e dhjet\u00ebra artist\u00ebve n\u00eb r\u00ebr\u00eb kan\u00eb l\u00ebn\u00eb gjurm\u00eb n\u00eb histori.\u2026","rel":"","context":"In &quot;Arte&quot;","block_context":{"text":"Arte","link":"https:\/\/www.shqiperia.com\/blog\/category\/arte\/"},"img":{"alt_text":"","src":"https:\/\/i0.wp.com\/www.shqiperia.com\/blog\/wp-content\/uploads\/2023\/01\/640-0-4-1673968559.jpg?fit=640%2C335&ssl=1&resize=350%2C200","width":350,"height":200,"srcset":"https:\/\/i0.wp.com\/www.shqiperia.com\/blog\/wp-content\/uploads\/2023\/01\/640-0-4-1673968559.jpg?fit=640%2C335&ssl=1&resize=350%2C200 1x, https:\/\/i0.wp.com\/www.shqiperia.com\/blog\/wp-content\/uploads\/2023\/01\/640-0-4-1673968559.jpg?fit=640%2C335&ssl=1&resize=525%2C300 1.5x"},"classes":[]},{"id":50366,"url":"https:\/\/www.shqiperia.com\/blog\/nje-stuhi-e-vertete-po-afrohet-mediat-gjermane-ngrene-alarmin-jugu-i-shqiperise-brenda-24-oreve-do-te\/","url_meta":{"origin":49038,"position":3},"title":"&#8220;Nj\u00eb stuhi e v\u00ebrtet\u00eb po afrohet&#8221;. \u00a0Mediat gjermane ngren\u00eb alarmin: &#8211; Jugu i Shqip\u00ebris\u00eb brenda 24 or\u00ebve do t\u00eb&#8230;","author":"Kurt Farka","date":"October 7, 2021","format":false,"excerpt":"\"Nj\u00eb stuhi e v\u00ebrtet\u00eb po afrohet\". \u00a0Mediat gjermane ngren\u00eb alarmin: - Jugu i Shqip\u00ebris\u00eb brenda 24 or\u00ebve do t\u00eb... 7 TETOR 2021 \" Nj\u00eb katastrof\u00eb nga m\u00eb t\u00eb m\u00ebdhat\u00eb, k\u00ebshtu e p\u00ebrshkruajn\u00eb mediat gjermane at\u00eb q\u00eb pritet t\u00eb ndodh\u00eb n\u00eb jugun e Shqip\u00ebris\u00eb dhe Greqi brenda 24 or\u00ebve. Sipas Fokus.de\u2026","rel":"","context":"In &quot;Blogu i Udh\u00ebtarit&quot;","block_context":{"text":"Blogu i Udh\u00ebtarit","link":"https:\/\/www.shqiperia.com\/blog\/category\/blogu-i-udhetarit\/"},"img":{"alt_text":"","src":"https:\/\/i0.wp.com\/www.shqiperia.com\/blog\/wp-content\/uploads\/2021\/10\/640-0-615f51502c0b2.png?fit=640%2C361&ssl=1&resize=350%2C200","width":350,"height":200,"srcset":"https:\/\/i0.wp.com\/www.shqiperia.com\/blog\/wp-content\/uploads\/2021\/10\/640-0-615f51502c0b2.png?fit=640%2C361&ssl=1&resize=350%2C200 1x, https:\/\/i0.wp.com\/www.shqiperia.com\/blog\/wp-content\/uploads\/2021\/10\/640-0-615f51502c0b2.png?fit=640%2C361&ssl=1&resize=525%2C300 1.5x"},"classes":[]},{"id":50411,"url":"https:\/\/www.shqiperia.com\/blog\/kaos-dhe-permbytje-masive-ne-greqi-po-per-shqiperine-cfare-paralajmeroi-meteorologu-gjerman\/","url_meta":{"origin":49038,"position":4},"title":"Kaos dhe p\u00ebrmbytje masive n\u00eb Greqi, po p\u00ebr Shqip\u00ebrin\u00eb \u00e7far\u00eb paralajm\u00ebroi meteorologu gjerman","author":"Kurt Farka","date":"October 10, 2021","format":false,"excerpt":"Kaos dhe p\u00ebrmbytje masive n\u00eb Greqi, po p\u00ebr Shqip\u00ebrin\u00eb \u00e7far\u00eb paralajm\u00ebroi meteorologu gjerman 10 TETOR 2021 Shum\u00eb qytete n\u00eb Greqi, mes tyre Athina \u00ebsht\u00eb p\u00ebrfshir\u00eb nga stuhi me reshje t\u00eb dendura shiu dhe ere pasditen e sotme. Reshjet kan\u00eb shkaktuar kaos n\u00eb qarkullim. Nj\u00eb pjes\u00eb e p\u00ebrrenjve dhe lumenjve kan\u00eb\u2026","rel":"","context":"In &quot;Blogu i Udh\u00ebtarit&quot;","block_context":{"text":"Blogu i Udh\u00ebtarit","link":"https:\/\/www.shqiperia.com\/blog\/category\/blogu-i-udhetarit\/"},"img":{"alt_text":"","src":"https:\/\/i0.wp.com\/www.shqiperia.com\/blog\/wp-content\/uploads\/2021\/10\/800-0-616333cd18000.png?fit=800%2C468&ssl=1&resize=350%2C200","width":350,"height":200,"srcset":"https:\/\/i0.wp.com\/www.shqiperia.com\/blog\/wp-content\/uploads\/2021\/10\/800-0-616333cd18000.png?fit=800%2C468&ssl=1&resize=350%2C200 1x, https:\/\/i0.wp.com\/www.shqiperia.com\/blog\/wp-content\/uploads\/2021\/10\/800-0-616333cd18000.png?fit=800%2C468&ssl=1&resize=525%2C300 1.5x, https:\/\/i0.wp.com\/www.shqiperia.com\/blog\/wp-content\/uploads\/2021\/10\/800-0-616333cd18000.png?fit=800%2C468&ssl=1&resize=700%2C400 2x"},"classes":[]},{"id":98557,"url":"https:\/\/www.shqiperia.com\/blog\/protestuesit-nga-shkodra-dhe-kukesi-nisen-drejt-tiranes-pritet-pjesemarrje-masive-ne-protesten-kombetare-te-opozites\/","url_meta":{"origin":49038,"position":5},"title":"Protestuesit nga Shkodra dhe kukesi nisen drejt Tiran\u00ebs, pritet pjes\u00ebmarrje masive n\u00eb protest\u00ebn komb\u00ebtare t\u00eb opozit\u00ebs","author":"Kurt Farka","date":"March 22, 2026","format":false,"excerpt":"22 Mars 2026 Protestuesit nga Shkodra kan\u00eb nisur udh\u00ebtimin drejt Tiran\u00ebs p\u00ebr t\u00eb marr\u00eb pjes\u00eb n\u00eb protest\u00ebn komb\u00ebtare t\u00eb organizuar nga opozita. Sipas burimeve, rreth 1500 qytetar\u00eb nga Shkodra pritet t\u00eb jen\u00eb t\u00eb pranish\u00ebm n\u00eb k\u00ebt\u00eb manifestim, duke kontribuar n\u00eb pjes\u00ebmarrjen masive q\u00eb po organizohet n\u00eb kryeqytet. Protestuesit po udh\u00ebtojn\u00eb\u2026","rel":"","context":"In &quot;Njoftime Shtypi&quot;","block_context":{"text":"Njoftime Shtypi","link":"https:\/\/www.shqiperia.com\/blog\/category\/njoftime-shtypi\/"},"img":{"alt_text":"","src":"https:\/\/i0.wp.com\/www.shqiperia.com\/blog\/wp-content\/uploads\/2026\/03\/auto_035a4ca8-55f1-417d-865c-cd3dfe71eac01774188538.jpg?fit=900%2C675&ssl=1&resize=350%2C200","width":350,"height":200,"srcset":"https:\/\/i0.wp.com\/www.shqiperia.com\/blog\/wp-content\/uploads\/2026\/03\/auto_035a4ca8-55f1-417d-865c-cd3dfe71eac01774188538.jpg?fit=900%2C675&ssl=1&resize=350%2C200 1x, https:\/\/i0.wp.com\/www.shqiperia.com\/blog\/wp-content\/uploads\/2026\/03\/auto_035a4ca8-55f1-417d-865c-cd3dfe71eac01774188538.jpg?fit=900%2C675&ssl=1&resize=525%2C300 1.5x, https:\/\/i0.wp.com\/www.shqiperia.com\/blog\/wp-content\/uploads\/2026\/03\/auto_035a4ca8-55f1-417d-865c-cd3dfe71eac01774188538.jpg?fit=900%2C675&ssl=1&resize=700%2C400 2x"},"classes":[]}],"_links":{"self":[{"href":"https:\/\/www.shqiperia.com\/blog\/wp-json\/wp\/v2\/posts\/49038","targetHints":{"allow":["GET"]}}],"collection":[{"href":"https:\/\/www.shqiperia.com\/blog\/wp-json\/wp\/v2\/posts"}],"about":[{"href":"https:\/\/www.shqiperia.com\/blog\/wp-json\/wp\/v2\/types\/post"}],"author":[{"embeddable":true,"href":"https:\/\/www.shqiperia.com\/blog\/wp-json\/wp\/v2\/users\/9"}],"replies":[{"embeddable":true,"href":"https:\/\/www.shqiperia.com\/blog\/wp-json\/wp\/v2\/comments?post=49038"}],"version-history":[{"count":1,"href":"https:\/\/www.shqiperia.com\/blog\/wp-json\/wp\/v2\/posts\/49038\/revisions"}],"predecessor-version":[{"id":49041,"href":"https:\/\/www.shqiperia.com\/blog\/wp-json\/wp\/v2\/posts\/49038\/revisions\/49041"}],"wp:featuredmedia":[{"embeddable":true,"href":"https:\/\/www.shqiperia.com\/blog\/wp-json\/wp\/v2\/media\/49039"}],"wp:attachment":[{"href":"https:\/\/www.shqiperia.com\/blog\/wp-json\/wp\/v2\/media?parent=49038"}],"wp:term":[{"taxonomy":"category","embeddable":true,"href":"https:\/\/www.shqiperia.com\/blog\/wp-json\/wp\/v2\/categories?post=49038"},{"taxonomy":"post_tag","embeddable":true,"href":"https:\/\/www.shqiperia.com\/blog\/wp-json\/wp\/v2\/tags?post=49038"}],"curies":[{"name":"wp","href":"https:\/\/api.w.org\/{rel}","templated":true}]}}