{"id":49031,"date":"2021-08-10T15:59:57","date_gmt":"2021-08-10T15:59:57","guid":{"rendered":"https:\/\/www.shqiperia.com\/blog\/?p=49031"},"modified":"2021-08-10T15:59:57","modified_gmt":"2021-08-10T15:59:57","slug":"mjeku-imazherist-sulmon-ashper-pellumb-piperon-ska-kryer-specializimin-per-semundje-infektive-dhe-jep-deklarata-ne-nivel-kombetar","status":"publish","type":"post","link":"https:\/\/www.shqiperia.com\/blog\/mjeku-imazherist-sulmon-ashper-pellumb-piperon-ska-kryer-specializimin-per-semundje-infektive-dhe-jep-deklarata-ne-nivel-kombetar\/","title":{"rendered":"Mjeku imazherist sulmon ashp\u00ebr P\u00ebllumb Piperon: -S\u2019ka kryer specializimin p\u00ebr s\u00ebmundje infektive dhe jep deklarata n\u00eb nivel komb\u00ebtar"},"content":{"rendered":"<div id=\"attachment_49033\" style=\"width: 563px\" class=\"wp-caption alignnone\"><img data-recalc-dims=\"1\" loading=\"lazy\" decoding=\"async\" aria-describedby=\"caption-attachment-49033\" data-attachment-id=\"49033\" data-permalink=\"https:\/\/www.shqiperia.com\/blog\/mjeku-imazherist-sulmon-ashper-pellumb-piperon-ska-kryer-specializimin-per-semundje-infektive-dhe-jep-deklarata-ne-nivel-kombetar\/p-template\/\" data-orig-file=\"https:\/\/i0.wp.com\/www.shqiperia.com\/blog\/wp-content\/uploads\/2021\/08\/Renato-SMENAJ-SULMON-PIPERON.jpg?fit=1992%2C1056&amp;ssl=1\" data-orig-size=\"1992,1056\" data-comments-opened=\"1\" data-image-meta=\"{&quot;aperture&quot;:&quot;0&quot;,&quot;credit&quot;:&quot;&quot;,&quot;camera&quot;:&quot;&quot;,&quot;caption&quot;:&quot;P Template&quot;,&quot;created_timestamp&quot;:&quot;1625692254&quot;,&quot;copyright&quot;:&quot;&quot;,&quot;focal_length&quot;:&quot;0&quot;,&quot;iso&quot;:&quot;0&quot;,&quot;shutter_speed&quot;:&quot;0&quot;,&quot;title&quot;:&quot;P Template&quot;,&quot;orientation&quot;:&quot;1&quot;}\" data-image-title=\"P Template\" data-image-description=\"\" data-image-caption=\"&lt;p&gt;P Template&lt;\/p&gt;\n\" data-medium-file=\"https:\/\/i0.wp.com\/www.shqiperia.com\/blog\/wp-content\/uploads\/2021\/08\/Renato-SMENAJ-SULMON-PIPERON.jpg?fit=300%2C159&amp;ssl=1\" data-large-file=\"https:\/\/i0.wp.com\/www.shqiperia.com\/blog\/wp-content\/uploads\/2021\/08\/Renato-SMENAJ-SULMON-PIPERON.jpg?fit=1024%2C543&amp;ssl=1\" class=\" wp-image-49033\" alt=\"\" src=\"https:\/\/i0.wp.com\/www.shqiperia.com\/blog\/wp-content\/uploads\/2021\/08\/Renato-SMENAJ-SULMON-PIPERON.jpg?resize=553%2C293&#038;ssl=1\" width=\"553\" height=\"293\" srcset=\"https:\/\/i0.wp.com\/www.shqiperia.com\/blog\/wp-content\/uploads\/2021\/08\/Renato-SMENAJ-SULMON-PIPERON.jpg?resize=300%2C159&amp;ssl=1 300w, https:\/\/i0.wp.com\/www.shqiperia.com\/blog\/wp-content\/uploads\/2021\/08\/Renato-SMENAJ-SULMON-PIPERON.jpg?resize=1024%2C543&amp;ssl=1 1024w, https:\/\/i0.wp.com\/www.shqiperia.com\/blog\/wp-content\/uploads\/2021\/08\/Renato-SMENAJ-SULMON-PIPERON.jpg?resize=768%2C407&amp;ssl=1 768w, https:\/\/i0.wp.com\/www.shqiperia.com\/blog\/wp-content\/uploads\/2021\/08\/Renato-SMENAJ-SULMON-PIPERON.jpg?resize=1536%2C814&amp;ssl=1 1536w, https:\/\/i0.wp.com\/www.shqiperia.com\/blog\/wp-content\/uploads\/2021\/08\/Renato-SMENAJ-SULMON-PIPERON.jpg?resize=450%2C239&amp;ssl=1 450w, https:\/\/i0.wp.com\/www.shqiperia.com\/blog\/wp-content\/uploads\/2021\/08\/Renato-SMENAJ-SULMON-PIPERON.jpg?resize=600%2C318&amp;ssl=1 600w, https:\/\/i0.wp.com\/www.shqiperia.com\/blog\/wp-content\/uploads\/2021\/08\/Renato-SMENAJ-SULMON-PIPERON.jpg?resize=1500%2C795&amp;ssl=1 1500w, https:\/\/i0.wp.com\/www.shqiperia.com\/blog\/wp-content\/uploads\/2021\/08\/Renato-SMENAJ-SULMON-PIPERON.jpg?resize=1300%2C689&amp;ssl=1 1300w, https:\/\/i0.wp.com\/www.shqiperia.com\/blog\/wp-content\/uploads\/2021\/08\/Renato-SMENAJ-SULMON-PIPERON.jpg?resize=400%2C212&amp;ssl=1 400w, https:\/\/i0.wp.com\/www.shqiperia.com\/blog\/wp-content\/uploads\/2021\/08\/Renato-SMENAJ-SULMON-PIPERON.jpg?w=1992&amp;ssl=1 1992w\" sizes=\"auto, (max-width: 553px) 100vw, 553px\" \/><p id=\"caption-attachment-49033\" class=\"wp-caption-text\">P Template<\/p><\/div>\n<p>Mjeku imazherist sulmon ashp\u00ebr P\u00ebllumb Piperon: -S\u2019ka kryer specializimin p\u00ebr s\u00ebmundje infektive dhe jep deklarata n\u00eb nivel komb\u00ebtar<\/p>\n<p>10 gusht 2021<\/p>\n<p>Renato-OsmenajMjeku imazherist n\u00eb Qendr\u00ebn Spitalore N\u00ebn\u00eb Tereza, Renato Osm\u00ebnaj ka sulmuar ashp\u00ebr, kolegun e tij, mjekun P\u00ebllumb Pipero p\u00ebr deklaratat e tij t\u00eb fundit mbi variantin Delta dhe shp\u00ebrndarjen e tij brenda 5 minutave.<\/p>\n<p><img data-recalc-dims=\"1\" loading=\"lazy\" decoding=\"async\" data-attachment-id=\"49034\" data-permalink=\"https:\/\/www.shqiperia.com\/blog\/mjeku-imazherist-sulmon-ashper-pellumb-piperon-ska-kryer-specializimin-per-semundje-infektive-dhe-jep-deklarata-ne-nivel-kombetar\/renato-osmenaj-3\/\" data-orig-file=\"https:\/\/i0.wp.com\/www.shqiperia.com\/blog\/wp-content\/uploads\/2021\/08\/Renato-Osmenaj.jpg?fit=800%2C450&amp;ssl=1\" data-orig-size=\"800,450\" data-comments-opened=\"1\" data-image-meta=\"{&quot;aperture&quot;:&quot;0&quot;,&quot;credit&quot;:&quot;&quot;,&quot;camera&quot;:&quot;&quot;,&quot;caption&quot;:&quot;&quot;,&quot;created_timestamp&quot;:&quot;0&quot;,&quot;copyright&quot;:&quot;&quot;,&quot;focal_length&quot;:&quot;0&quot;,&quot;iso&quot;:&quot;0&quot;,&quot;shutter_speed&quot;:&quot;0&quot;,&quot;title&quot;:&quot;&quot;,&quot;orientation&quot;:&quot;1&quot;}\" data-image-title=\"Renato-Osmenaj\" data-image-description=\"\" data-image-caption=\"\" data-medium-file=\"https:\/\/i0.wp.com\/www.shqiperia.com\/blog\/wp-content\/uploads\/2021\/08\/Renato-Osmenaj.jpg?fit=300%2C169&amp;ssl=1\" data-large-file=\"https:\/\/i0.wp.com\/www.shqiperia.com\/blog\/wp-content\/uploads\/2021\/08\/Renato-Osmenaj.jpg?fit=800%2C450&amp;ssl=1\" class=\"alignnone  wp-image-49034\" alt=\"\" src=\"https:\/\/i0.wp.com\/www.shqiperia.com\/blog\/wp-content\/uploads\/2021\/08\/Renato-Osmenaj.jpg?resize=520%2C293&#038;ssl=1\" width=\"520\" height=\"293\" srcset=\"https:\/\/i0.wp.com\/www.shqiperia.com\/blog\/wp-content\/uploads\/2021\/08\/Renato-Osmenaj.jpg?resize=300%2C169&amp;ssl=1 300w, https:\/\/i0.wp.com\/www.shqiperia.com\/blog\/wp-content\/uploads\/2021\/08\/Renato-Osmenaj.jpg?resize=768%2C432&amp;ssl=1 768w, https:\/\/i0.wp.com\/www.shqiperia.com\/blog\/wp-content\/uploads\/2021\/08\/Renato-Osmenaj.jpg?resize=450%2C253&amp;ssl=1 450w, https:\/\/i0.wp.com\/www.shqiperia.com\/blog\/wp-content\/uploads\/2021\/08\/Renato-Osmenaj.jpg?resize=600%2C338&amp;ssl=1 600w, https:\/\/i0.wp.com\/www.shqiperia.com\/blog\/wp-content\/uploads\/2021\/08\/Renato-Osmenaj.jpg?resize=400%2C225&amp;ssl=1 400w, https:\/\/i0.wp.com\/www.shqiperia.com\/blog\/wp-content\/uploads\/2021\/08\/Renato-Osmenaj.jpg?w=800&amp;ssl=1 800w\" sizes=\"auto, (max-width: 520px) 100vw, 520px\" \/><\/p>\n<p>Mjeku imazherist thekson se P\u00ebllumb Pipero \u00ebsht\u00eb nj\u00eb ordiner q\u00eb s\u2019ka specializimin p\u00ebr s\u00ebmundje infektive, nd\u00ebrkoh\u00eb q\u00eb sipas Osm\u00ebnajt b\u00ebn deklarata n\u00eb nivel komb\u00ebtar.<\/p>\n<p>Renato Osm\u00ebnaj e quan Piperon si nj\u00eb hajdut dhe nj\u00eb turp p\u00ebr mjek\u00ebsin\u00eb.<\/p>\n<p>\u201cMe \u00e7far\u00eb tagri nj\u00eb ordiner q\u00eb s\u2019ka hyr\u00eb kurr\u00eb n\u00eb spitalet Covid b\u00ebn deklarate t\u00eb nivelit komb\u00ebtar?! Nj\u00eb person q\u00eb nuk ka kryer specializim n\u00eb s\u00ebmundjet infektive jep opinione p\u00ebr pandemi!<\/p>\n<p>Nj\u00eb ordinere mund t\u00eb lan\u00e7oj\u00eb mesazhe t\u00eb till\u00eb! Turp p\u00ebr at\u00eb palo mjek\u00ebsi q\u00eb ju ka ngelur!\u201d, thekson mjeku i QSUT-s\u00eb, Renato Osm\u00ebnaj.<\/p>\n<p><img data-recalc-dims=\"1\" loading=\"lazy\" decoding=\"async\" data-attachment-id=\"49036\" data-permalink=\"https:\/\/www.shqiperia.com\/blog\/mjeku-imazherist-sulmon-ashper-pellumb-piperon-ska-kryer-specializimin-per-semundje-infektive-dhe-jep-deklarata-ne-nivel-kombetar\/pipero-sulmi-renato-osmenaj\/\" data-orig-file=\"https:\/\/i0.wp.com\/www.shqiperia.com\/blog\/wp-content\/uploads\/2021\/08\/Pipero-sulmi-Renato-Osmenaj.jpg?fit=521%2C551&amp;ssl=1\" data-orig-size=\"521,551\" data-comments-opened=\"1\" data-image-meta=\"{&quot;aperture&quot;:&quot;0&quot;,&quot;credit&quot;:&quot;Fation&quot;,&quot;camera&quot;:&quot;&quot;,&quot;caption&quot;:&quot;&quot;,&quot;created_timestamp&quot;:&quot;1628595783&quot;,&quot;copyright&quot;:&quot;&quot;,&quot;focal_length&quot;:&quot;0&quot;,&quot;iso&quot;:&quot;0&quot;,&quot;shutter_speed&quot;:&quot;0&quot;,&quot;title&quot;:&quot;&quot;,&quot;orientation&quot;:&quot;0&quot;}\" data-image-title=\"Pipero-sulmi-Renato-Osmenaj\" data-image-description=\"\" data-image-caption=\"\" data-medium-file=\"https:\/\/i0.wp.com\/www.shqiperia.com\/blog\/wp-content\/uploads\/2021\/08\/Pipero-sulmi-Renato-Osmenaj.jpg?fit=284%2C300&amp;ssl=1\" data-large-file=\"https:\/\/i0.wp.com\/www.shqiperia.com\/blog\/wp-content\/uploads\/2021\/08\/Pipero-sulmi-Renato-Osmenaj.jpg?fit=521%2C551&amp;ssl=1\" class=\"alignnone  wp-image-49036\" alt=\"\" src=\"https:\/\/i0.wp.com\/www.shqiperia.com\/blog\/wp-content\/uploads\/2021\/08\/Pipero-sulmi-Renato-Osmenaj.jpg?resize=728%2C769&#038;ssl=1\" width=\"728\" height=\"769\" srcset=\"https:\/\/i0.wp.com\/www.shqiperia.com\/blog\/wp-content\/uploads\/2021\/08\/Pipero-sulmi-Renato-Osmenaj.jpg?resize=284%2C300&amp;ssl=1 284w, https:\/\/i0.wp.com\/www.shqiperia.com\/blog\/wp-content\/uploads\/2021\/08\/Pipero-sulmi-Renato-Osmenaj.jpg?resize=450%2C476&amp;ssl=1 450w, https:\/\/i0.wp.com\/www.shqiperia.com\/blog\/wp-content\/uploads\/2021\/08\/Pipero-sulmi-Renato-Osmenaj.jpg?resize=400%2C423&amp;ssl=1 400w, https:\/\/i0.wp.com\/www.shqiperia.com\/blog\/wp-content\/uploads\/2021\/08\/Pipero-sulmi-Renato-Osmenaj.jpg?w=521&amp;ssl=1 521w\" sizes=\"auto, (max-width: 728px) 100vw, 728px\" \/><\/p>\n<p>Dit\u00eb m\u00eb par\u00eb Pipero \u00ebsht\u00eb rishfaqur n\u00eb media teksa ka folur p\u00ebr variantin Delta p\u00ebr t\u00eb cilin ka theksuar se mund t\u00eb agravoj\u00eb situat\u00ebn dhe se ky variant transmetohet nga nj\u00eb pacient n\u00eb nj\u00eb tjet\u00ebr benda 5 minutave.<\/p>\n<p>\u201cPrekje e gjer\u00eb e sistemit pulmonar, s\u00eb dyti p\u00ebrgjigje inflamatore sistemike, e agravuar. Nj\u00eb p\u00ebrgjigje jo adekuate ndaj virusit. Do t\u00eb thosha, nj\u00eb d\u00ebmtim t\u00eb shum\u00eb organeve nj\u00ebkoh\u00ebsisht dhe pamund\u00ebsi p\u00ebr t\u2019u mund\u00ebsuar q\u00eb t\u00eb shp\u00ebtonin. Ishin nga ato forma tejet t\u00eb r\u00ebnda t\u00eb Covid n\u00eb p\u00ebrgjith\u00ebsi\u201d, ka th\u00ebn\u00eb Pipero p\u00ebr variantin Delta.<\/p>\n<p><img data-recalc-dims=\"1\" loading=\"lazy\" decoding=\"async\" data-attachment-id=\"49035\" data-permalink=\"https:\/\/www.shqiperia.com\/blog\/mjeku-imazherist-sulmon-ashper-pellumb-piperon-ska-kryer-specializimin-per-semundje-infektive-dhe-jep-deklarata-ne-nivel-kombetar\/p-template-2\/\" data-orig-file=\"https:\/\/i0.wp.com\/www.shqiperia.com\/blog\/wp-content\/uploads\/2021\/08\/oSMENAJ-SULMON-PIPERON.jpg?fit=2250%2C2250&amp;ssl=1\" data-orig-size=\"2250,2250\" data-comments-opened=\"1\" data-image-meta=\"{&quot;aperture&quot;:&quot;0&quot;,&quot;credit&quot;:&quot;&quot;,&quot;camera&quot;:&quot;&quot;,&quot;caption&quot;:&quot;&quot;,&quot;created_timestamp&quot;:&quot;0&quot;,&quot;copyright&quot;:&quot;&quot;,&quot;focal_length&quot;:&quot;0&quot;,&quot;iso&quot;:&quot;0&quot;,&quot;shutter_speed&quot;:&quot;0&quot;,&quot;title&quot;:&quot;P Template&quot;,&quot;orientation&quot;:&quot;1&quot;}\" data-image-title=\"P Template\" data-image-description=\"\" data-image-caption=\"\" data-medium-file=\"https:\/\/i0.wp.com\/www.shqiperia.com\/blog\/wp-content\/uploads\/2021\/08\/oSMENAJ-SULMON-PIPERON.jpg?fit=300%2C300&amp;ssl=1\" data-large-file=\"https:\/\/i0.wp.com\/www.shqiperia.com\/blog\/wp-content\/uploads\/2021\/08\/oSMENAJ-SULMON-PIPERON.jpg?fit=1024%2C1024&amp;ssl=1\" class=\"alignnone  wp-image-49035\" alt=\"\" src=\"https:\/\/i0.wp.com\/www.shqiperia.com\/blog\/wp-content\/uploads\/2021\/08\/oSMENAJ-SULMON-PIPERON.jpg?resize=519%2C519&#038;ssl=1\" width=\"519\" height=\"519\" srcset=\"https:\/\/i0.wp.com\/www.shqiperia.com\/blog\/wp-content\/uploads\/2021\/08\/oSMENAJ-SULMON-PIPERON.jpg?resize=300%2C300&amp;ssl=1 300w, https:\/\/i0.wp.com\/www.shqiperia.com\/blog\/wp-content\/uploads\/2021\/08\/oSMENAJ-SULMON-PIPERON.jpg?resize=1024%2C1024&amp;ssl=1 1024w, https:\/\/i0.wp.com\/www.shqiperia.com\/blog\/wp-content\/uploads\/2021\/08\/oSMENAJ-SULMON-PIPERON.jpg?resize=150%2C150&amp;ssl=1 150w, https:\/\/i0.wp.com\/www.shqiperia.com\/blog\/wp-content\/uploads\/2021\/08\/oSMENAJ-SULMON-PIPERON.jpg?resize=768%2C768&amp;ssl=1 768w, https:\/\/i0.wp.com\/www.shqiperia.com\/blog\/wp-content\/uploads\/2021\/08\/oSMENAJ-SULMON-PIPERON.jpg?resize=1536%2C1536&amp;ssl=1 1536w, https:\/\/i0.wp.com\/www.shqiperia.com\/blog\/wp-content\/uploads\/2021\/08\/oSMENAJ-SULMON-PIPERON.jpg?resize=2048%2C2048&amp;ssl=1 2048w, https:\/\/i0.wp.com\/www.shqiperia.com\/blog\/wp-content\/uploads\/2021\/08\/oSMENAJ-SULMON-PIPERON.jpg?resize=2000%2C2000&amp;ssl=1 2000w, https:\/\/i0.wp.com\/www.shqiperia.com\/blog\/wp-content\/uploads\/2021\/08\/oSMENAJ-SULMON-PIPERON.jpg?resize=450%2C450&amp;ssl=1 450w, https:\/\/i0.wp.com\/www.shqiperia.com\/blog\/wp-content\/uploads\/2021\/08\/oSMENAJ-SULMON-PIPERON.jpg?resize=600%2C600&amp;ssl=1 600w, https:\/\/i0.wp.com\/www.shqiperia.com\/blog\/wp-content\/uploads\/2021\/08\/oSMENAJ-SULMON-PIPERON.jpg?resize=65%2C65&amp;ssl=1 65w, https:\/\/i0.wp.com\/www.shqiperia.com\/blog\/wp-content\/uploads\/2021\/08\/oSMENAJ-SULMON-PIPERON.jpg?resize=1500%2C1500&amp;ssl=1 1500w, https:\/\/i0.wp.com\/www.shqiperia.com\/blog\/wp-content\/uploads\/2021\/08\/oSMENAJ-SULMON-PIPERON.jpg?resize=1300%2C1300&amp;ssl=1 1300w, https:\/\/i0.wp.com\/www.shqiperia.com\/blog\/wp-content\/uploads\/2021\/08\/oSMENAJ-SULMON-PIPERON.jpg?resize=50%2C50&amp;ssl=1 50w, https:\/\/i0.wp.com\/www.shqiperia.com\/blog\/wp-content\/uploads\/2021\/08\/oSMENAJ-SULMON-PIPERON.jpg?resize=400%2C400&amp;ssl=1 400w\" sizes=\"auto, (max-width: 519px) 100vw, 519px\" \/><\/p>\n<pre>V.O. Lajmi jepet me shkurtime<\/pre>\n<p>Gazeta Sot<\/p>\n","protected":false},"excerpt":{"rendered":"<p>Mjeku imazherist sulmon ashp\u00ebr P\u00ebllumb Piperon: -S\u2019ka kryer specializimin p\u00ebr s\u00ebmundje infektive dhe jep deklarata n\u00eb nivel komb\u00ebtar 10 gusht 2021 Renato-OsmenajMjeku imazherist n\u00eb Qendr\u00ebn Spitalore N\u00ebn\u00eb Tereza, Renato Osm\u00ebnaj ka sulmuar ashp\u00ebr, kolegun e tij, mjekun P\u00ebllumb Pipero p\u00ebr deklaratat e tij t\u00eb fundit mbi variantin Delta dhe shp\u00ebrndarjen e tij brenda 5 minutave. [&hellip;]<\/p>\n","protected":false},"author":9,"featured_media":49033,"comment_status":"open","ping_status":"open","sticky":false,"template":"","format":"standard","meta":{"jetpack_post_was_ever_published":false,"_jetpack_newsletter_access":"","_jetpack_dont_email_post_to_subs":false,"_jetpack_newsletter_tier_id":0,"_jetpack_memberships_contains_paywalled_content":false,"_jetpack_memberships_contains_paid_content":false,"footnotes":"","jetpack_publicize_message":"","jetpack_publicize_feature_enabled":true,"jetpack_social_post_already_shared":true,"jetpack_social_options":{"image_generator_settings":{"template":"highway","default_image_id":0,"font":"","enabled":false},"version":2}},"categories":[27,35],"tags":[],"class_list":["post-49031","post","type-post","status-publish","format-standard","has-post-thumbnail","hentry","category-blogu-i-udhetarit","category-shoqerore"],"jetpack_publicize_connections":[],"jetpack_featured_media_url":"https:\/\/i0.wp.com\/www.shqiperia.com\/blog\/wp-content\/uploads\/2021\/08\/Renato-SMENAJ-SULMON-PIPERON.jpg?fit=1992%2C1056&ssl=1","jetpack_sharing_enabled":true,"jetpack_shortlink":"https:\/\/wp.me\/p5Z6wp-cKP","jetpack-related-posts":[{"id":32404,"url":"https:\/\/www.shqiperia.com\/blog\/mjeku-pellumb-pipero-numri-minimal-i-personave-te-prekur-mendoj-qe-jane-mbi-400\/","url_meta":{"origin":49031,"position":0},"title":"Mjeku P\u00ebllumb Pipero:\u00a0 &#8211; Numri minimal i personave t\u00eb prekur mendoj q\u00eb jan\u00eb mbi 400. \u00a0","author":"Kurt Farka","date":"March 15, 2020","format":false,"excerpt":"Mjeku P\u00ebllumb Pipero:\u00a0 - Numri minimal i personave t\u00eb prekur mendoj q\u00eb jan\u00eb mbi 400. 15 MARS 2020 Mjeku infeksionist P\u00ebllumb Pipero n\u00eb nj\u00eb lidhje me \u201cABC News\u201d ka folur p\u00ebr situat\u00ebn e krijuar ne koronavirusi. Pipero theksoi se kjo s\u00ebmundje ka shum\u00eb t\u00eb panjohura, por pavar\u00ebsisht k\u00ebsaj jan\u00eb marra\u2026","rel":"","context":"In &quot;Blogu i Udh\u00ebtarit&quot;","block_context":{"text":"Blogu i Udh\u00ebtarit","link":"https:\/\/www.shqiperia.com\/blog\/category\/blogu-i-udhetarit\/"},"img":{"alt_text":"","src":"https:\/\/i0.wp.com\/www.shqiperia.com\/blog\/wp-content\/uploads\/2020\/03\/kor-905x450-2.png?fit=905%2C450&ssl=1&resize=350%2C200","width":350,"height":200,"srcset":"https:\/\/i0.wp.com\/www.shqiperia.com\/blog\/wp-content\/uploads\/2020\/03\/kor-905x450-2.png?fit=905%2C450&ssl=1&resize=350%2C200 1x, https:\/\/i0.wp.com\/www.shqiperia.com\/blog\/wp-content\/uploads\/2020\/03\/kor-905x450-2.png?fit=905%2C450&ssl=1&resize=525%2C300 1.5x, https:\/\/i0.wp.com\/www.shqiperia.com\/blog\/wp-content\/uploads\/2020\/03\/kor-905x450-2.png?fit=905%2C450&ssl=1&resize=700%2C400 2x"},"classes":[]},{"id":39670,"url":"https:\/\/www.shqiperia.com\/blog\/pellumb-pipero-del-hapur-kunder-rames-kjo-eshte-e-tepert-i-them-kryeministrit-se\/","url_meta":{"origin":49031,"position":1},"title":"P\u00ebllumb Pipero del hapur kund\u00ebr Ram\u00ebs: Kjo \u00ebsht\u00eb e tep\u00ebrt, i them kryeministrit se&#8230;.","author":"Kurt Farka","date":"October 14, 2020","format":false,"excerpt":"P\u00ebllumb Pipero del hapur kund\u00ebr Ram\u00ebs: Kjo \u00ebsht\u00eb e tep\u00ebrt, i them kryeministrit se.... 14 TETOR 2020 Mjeku P\u00ebllumb Pipero foli p\u00ebr r\u00ebnd\u00ebsin\u00eb e mbajtjes s\u00eb mask\u00ebs dhe mb\u00ebshteti vendimin q\u00eb ajo t\u00eb mbahet edhe n\u00eb ambiente jasht\u00eb. Por e vetmja gj\u00eb q\u00eb Pipero nuk \u00ebsht\u00eb dakord jan\u00eb gjobat. Mjeku\u2026","rel":"","context":"In &quot;Blogu i Udh\u00ebtarit&quot;","block_context":{"text":"Blogu i Udh\u00ebtarit","link":"https:\/\/www.shqiperia.com\/blog\/category\/blogu-i-udhetarit\/"},"img":{"alt_text":"","src":"https:\/\/i0.wp.com\/www.shqiperia.com\/blog\/wp-content\/uploads\/2020\/10\/Pipero-Rama.png?fit=640%2C342&ssl=1&resize=350%2C200","width":350,"height":200,"srcset":"https:\/\/i0.wp.com\/www.shqiperia.com\/blog\/wp-content\/uploads\/2020\/10\/Pipero-Rama.png?fit=640%2C342&ssl=1&resize=350%2C200 1x, https:\/\/i0.wp.com\/www.shqiperia.com\/blog\/wp-content\/uploads\/2020\/10\/Pipero-Rama.png?fit=640%2C342&ssl=1&resize=525%2C300 1.5x"},"classes":[]},{"id":44097,"url":"https:\/\/www.shqiperia.com\/blog\/po-kurohet-ne-itali-nga-covid-reagon-pipero-edhe-pak-dite-me-duhen-ndodhem-ne\/","url_meta":{"origin":49031,"position":2},"title":"\u201cPo kurohet n\u00eb Itali nga Covid\u201d\/ Reagon Pipero: Edhe pak dit\u00eb m\u00eb duhen, ndodhem n\u00eb&#8230;","author":"Kurt Farka","date":"February 12, 2021","format":false,"excerpt":"\u201cPo kurohet n\u00eb Itali nga Covid\u201d\/ Reagon Pipero: Edhe pak dit\u00eb m\u00eb duhen, ndodhem n\u00eb... 12 SHKURT 2021 Mjeku i njohur P\u00ebllumb Pipero ka reaguar pas lajmeve t\u00eb dale se ai kishte shkuar p\u00ebr t\u2019u kuruar n\u00eb Itali nga Covid. Mjeku mohon se t\u00eb ket\u00eb shkuar n\u00eb Itali p\u00ebr mjekim\u2026","rel":"","context":"In &quot;Blogu i Udh\u00ebtarit&quot;","block_context":{"text":"Blogu i Udh\u00ebtarit","link":"https:\/\/www.shqiperia.com\/blog\/category\/blogu-i-udhetarit\/"},"img":{"alt_text":"","src":"https:\/\/i0.wp.com\/www.shqiperia.com\/blog\/wp-content\/uploads\/2021\/02\/640-0-602660a7e78c1.jpeg?fit=482%2C254&ssl=1&resize=350%2C200","width":350,"height":200},"classes":[]},{"id":36897,"url":"https:\/\/www.shqiperia.com\/blog\/fotot-qe-po-qarkullojne-me-shpejtesi-pipero-del-me-liste-ne-dore-debaton-me-familjaret-e-te-prekurve-me-covid-19-reagon-ashper-ilir-meta-pamjet-shqetesuese-reflektim\/","url_meta":{"origin":49031,"position":3},"title":"Fotot q\u00eb po qarkullojn\u00eb me shpejt\u00ebsi\/ Pipero del me list\u00eb n\u00eb dor\u00eb, debaton me familjar\u00ebt e t\u00eb prekurve me COVID-19, reagon ashp\u00ebr Ilir Meta: Pamjet shqet\u00ebsuese! Reflektim","author":"Kurt Farka","date":"August 6, 2020","format":false,"excerpt":"Fotot q\u00eb po qarkullojn\u00eb me shpejt\u00ebsi\/ Pipero del me list\u00eb n\u00eb dor\u00eb, debaton me familjar\u00ebt e t\u00eb prekurve me COVID-19, reagon ashp\u00ebr Ilir Meta: Pamjet shqet\u00ebsuese! Reflektim 6 GUSHT 2020 Disa foto po qarkullojn\u00eb me shpejt\u00ebsi n\u00eb media, ku familjar\u00eb t\u00eb pacient\u00ebve q\u00eb jan\u00eb shtruar tek Infektivi\u00a0jan\u00eb fotografuar teksa mbajn\u00eb\u2026","rel":"","context":"In &quot;Blogu i Udh\u00ebtarit&quot;","block_context":{"text":"Blogu i Udh\u00ebtarit","link":"https:\/\/www.shqiperia.com\/blog\/category\/blogu-i-udhetarit\/"},"img":{"alt_text":"","src":"https:\/\/i0.wp.com\/www.shqiperia.com\/blog\/wp-content\/uploads\/2020\/08\/800-0-5f2bf99b36d04-Copy.jpg?fit=800%2C462&ssl=1&resize=350%2C200","width":350,"height":200,"srcset":"https:\/\/i0.wp.com\/www.shqiperia.com\/blog\/wp-content\/uploads\/2020\/08\/800-0-5f2bf99b36d04-Copy.jpg?fit=800%2C462&ssl=1&resize=350%2C200 1x, https:\/\/i0.wp.com\/www.shqiperia.com\/blog\/wp-content\/uploads\/2020\/08\/800-0-5f2bf99b36d04-Copy.jpg?fit=800%2C462&ssl=1&resize=525%2C300 1.5x, https:\/\/i0.wp.com\/www.shqiperia.com\/blog\/wp-content\/uploads\/2020\/08\/800-0-5f2bf99b36d04-Copy.jpg?fit=800%2C462&ssl=1&resize=700%2C400 2x"},"classes":[]},{"id":43945,"url":"https:\/\/www.shqiperia.com\/blog\/rasti-i-dyte-ne-vend-pas-pellumb-piperos-nje-tjeter-mjek-te-shefqet-ndoqi-infektohet-nga-covid-19-para-disa-ditesh-mori-dozen-e-dyte-te-pfizer\/","url_meta":{"origin":49031,"position":4},"title":"Rasti i dyt\u00eb n\u00eb vend! Pas P\u00ebllumb Piperos, nj\u00eb tjet\u00ebr mjek te \u201cShefqet Ndoqi\u201d infektohet nga COVID-19. Para disa dit\u00ebsh mori doz\u00ebn e dyt\u00eb t\u00eb Pfizer","author":"Kurt Farka","date":"February 9, 2021","format":false,"excerpt":"Rasti i dyt\u00eb n\u00eb vend! Pas P\u00ebllumb Piperos, nj\u00eb tjet\u00ebr mjek te \u201cShefqet Ndoqi\u201d infektohet nga COVID-19. Para disa dit\u00ebsh mori doz\u00ebn e dyt\u00eb t\u00eb Pfizer 8 shkurt 2021 Nj\u00eb tjet\u00ebr rast riinfektimi ka ndodhur n\u00eb vendin ton\u00eb. Pasi doli lajmi se mjeku P\u00ebllumb Pipero \u00ebsht\u00eb infektuar me Covid pas\u2026","rel":"","context":"In &quot;Blogu i Udh\u00ebtarit&quot;","block_context":{"text":"Blogu i Udh\u00ebtarit","link":"https:\/\/www.shqiperia.com\/blog\/category\/blogu-i-udhetarit\/"},"img":{"alt_text":"","src":"https:\/\/i0.wp.com\/www.shqiperia.com\/blog\/wp-content\/uploads\/2021\/02\/Spitali_Universitar__Shefqet_Ndroqi__senatorium-1100x620-1-905x450-1.jpg?fit=905%2C450&ssl=1&resize=350%2C200","width":350,"height":200,"srcset":"https:\/\/i0.wp.com\/www.shqiperia.com\/blog\/wp-content\/uploads\/2021\/02\/Spitali_Universitar__Shefqet_Ndroqi__senatorium-1100x620-1-905x450-1.jpg?fit=905%2C450&ssl=1&resize=350%2C200 1x, https:\/\/i0.wp.com\/www.shqiperia.com\/blog\/wp-content\/uploads\/2021\/02\/Spitali_Universitar__Shefqet_Ndroqi__senatorium-1100x620-1-905x450-1.jpg?fit=905%2C450&ssl=1&resize=525%2C300 1.5x, https:\/\/i0.wp.com\/www.shqiperia.com\/blog\/wp-content\/uploads\/2021\/02\/Spitali_Universitar__Shefqet_Ndroqi__senatorium-1100x620-1-905x450-1.jpg?fit=905%2C450&ssl=1&resize=700%2C400 2x"},"classes":[]},{"id":34136,"url":"https:\/\/www.shqiperia.com\/blog\/mjeku-nxjerr-imazhet-qe-faktojne-pranine-e-covid-qe-ne-janar\/","url_meta":{"origin":49031,"position":5},"title":"Mjeku nxjerr imazhet q\u00eb faktojn\u00eb pranin\u00eb e Covid q\u00eb n\u00eb janar","author":"Kurt Farka","date":"May 2, 2020","format":false,"excerpt":"Mjeku nxjerr imazhet q\u00eb faktojn\u00eb pranin\u00eb e Covid q\u00eb n\u00eb janar 1 maji 2020 Mjeku Gezim Xhepa, nder te paret qe kundershtoi izolimin total ne vend, duke hedhur dyshime se virusi kishte qarkulluar qe nga muaji i pare i vitit ne vendin tone, ka publikuar se fundi disa imazhe qe\u2026","rel":"","context":"In &quot;Blogu i Udh\u00ebtarit&quot;","block_context":{"text":"Blogu i Udh\u00ebtarit","link":"https:\/\/www.shqiperia.com\/blog\/category\/blogu-i-udhetarit\/"},"img":{"alt_text":"","src":"https:\/\/i0.wp.com\/www.shqiperia.com\/blog\/wp-content\/uploads\/2020\/05\/4C7719DA-F57A-4364-9B33-ED2A14C1B5FB-905x450-3.jpeg?fit=905%2C450&ssl=1&resize=350%2C200","width":350,"height":200,"srcset":"https:\/\/i0.wp.com\/www.shqiperia.com\/blog\/wp-content\/uploads\/2020\/05\/4C7719DA-F57A-4364-9B33-ED2A14C1B5FB-905x450-3.jpeg?fit=905%2C450&ssl=1&resize=350%2C200 1x, https:\/\/i0.wp.com\/www.shqiperia.com\/blog\/wp-content\/uploads\/2020\/05\/4C7719DA-F57A-4364-9B33-ED2A14C1B5FB-905x450-3.jpeg?fit=905%2C450&ssl=1&resize=525%2C300 1.5x, https:\/\/i0.wp.com\/www.shqiperia.com\/blog\/wp-content\/uploads\/2020\/05\/4C7719DA-F57A-4364-9B33-ED2A14C1B5FB-905x450-3.jpeg?fit=905%2C450&ssl=1&resize=700%2C400 2x"},"classes":[]}],"_links":{"self":[{"href":"https:\/\/www.shqiperia.com\/blog\/wp-json\/wp\/v2\/posts\/49031","targetHints":{"allow":["GET"]}}],"collection":[{"href":"https:\/\/www.shqiperia.com\/blog\/wp-json\/wp\/v2\/posts"}],"about":[{"href":"https:\/\/www.shqiperia.com\/blog\/wp-json\/wp\/v2\/types\/post"}],"author":[{"embeddable":true,"href":"https:\/\/www.shqiperia.com\/blog\/wp-json\/wp\/v2\/users\/9"}],"replies":[{"embeddable":true,"href":"https:\/\/www.shqiperia.com\/blog\/wp-json\/wp\/v2\/comments?post=49031"}],"version-history":[{"count":1,"href":"https:\/\/www.shqiperia.com\/blog\/wp-json\/wp\/v2\/posts\/49031\/revisions"}],"predecessor-version":[{"id":49037,"href":"https:\/\/www.shqiperia.com\/blog\/wp-json\/wp\/v2\/posts\/49031\/revisions\/49037"}],"wp:featuredmedia":[{"embeddable":true,"href":"https:\/\/www.shqiperia.com\/blog\/wp-json\/wp\/v2\/media\/49033"}],"wp:attachment":[{"href":"https:\/\/www.shqiperia.com\/blog\/wp-json\/wp\/v2\/media?parent=49031"}],"wp:term":[{"taxonomy":"category","embeddable":true,"href":"https:\/\/www.shqiperia.com\/blog\/wp-json\/wp\/v2\/categories?post=49031"},{"taxonomy":"post_tag","embeddable":true,"href":"https:\/\/www.shqiperia.com\/blog\/wp-json\/wp\/v2\/tags?post=49031"}],"curies":[{"name":"wp","href":"https:\/\/api.w.org\/{rel}","templated":true}]}}