{"id":48965,"date":"2021-08-09T06:29:19","date_gmt":"2021-08-09T06:29:19","guid":{"rendered":"https:\/\/www.shqiperia.com\/blog\/?p=48965"},"modified":"2021-08-09T06:32:06","modified_gmt":"2021-08-09T06:32:06","slug":"plasin-skenaret-post-gusht-priten-trazira-qe-do-sjellin-qeveri-teknike-me-kryeministre-grua-shba-heq-vizat-me-shqiperine-dhe-be-hap-negociatat-ne-dhjetor-berisha-arrestohet-ne-shtator-pasohe","status":"publish","type":"post","link":"https:\/\/www.shqiperia.com\/blog\/plasin-skenaret-post-gusht-priten-trazira-qe-do-sjellin-qeveri-teknike-me-kryeministre-grua-shba-heq-vizat-me-shqiperine-dhe-be-hap-negociatat-ne-dhjetor-berisha-arrestohet-ne-shtator-pasohe\/","title":{"rendered":"Plasin skenar\u00ebt post-gusht: &#8211; Priten trazira q\u00eb do sjellin qeveri teknike me kryeministre grua. &#8211; SHBA heq vizat me Shqip\u00ebrin\u00eb dhe BE hap negociatat n\u00eb dhjetor. &#8211; Berisha arrestohet n\u00eb shtator, pasohet nga Meta."},"content":{"rendered":"<p><img data-recalc-dims=\"1\" loading=\"lazy\" decoding=\"async\" data-attachment-id=\"48966\" data-permalink=\"https:\/\/www.shqiperia.com\/blog\/plasin-skenaret-post-gusht-priten-trazira-qe-do-sjellin-qeveri-teknike-me-kryeministre-grua-shba-heq-vizat-me-shqiperine-dhe-be-hap-negociatat-ne-dhjetor-berisha-arrestohet-ne-shtator-pasohe\/800-0-6110c7ece11d3\/\" data-orig-file=\"https:\/\/i0.wp.com\/www.shqiperia.com\/blog\/wp-content\/uploads\/2021\/08\/800-0-6110c7ece11d3.jpg?fit=800%2C477&amp;ssl=1\" data-orig-size=\"800,477\" data-comments-opened=\"1\" data-image-meta=\"{&quot;aperture&quot;:&quot;0&quot;,&quot;credit&quot;:&quot;&quot;,&quot;camera&quot;:&quot;&quot;,&quot;caption&quot;:&quot;&quot;,&quot;created_timestamp&quot;:&quot;0&quot;,&quot;copyright&quot;:&quot;&quot;,&quot;focal_length&quot;:&quot;0&quot;,&quot;iso&quot;:&quot;0&quot;,&quot;shutter_speed&quot;:&quot;0&quot;,&quot;title&quot;:&quot;&quot;,&quot;orientation&quot;:&quot;0&quot;}\" data-image-title=\"-800-0-6110c7ece11d3\" data-image-description=\"\" data-image-caption=\"\" data-medium-file=\"https:\/\/i0.wp.com\/www.shqiperia.com\/blog\/wp-content\/uploads\/2021\/08\/800-0-6110c7ece11d3.jpg?fit=300%2C179&amp;ssl=1\" data-large-file=\"https:\/\/i0.wp.com\/www.shqiperia.com\/blog\/wp-content\/uploads\/2021\/08\/800-0-6110c7ece11d3.jpg?fit=800%2C477&amp;ssl=1\" class=\"alignnone wp-image-48966\" alt=\"\" src=\"https:\/\/i0.wp.com\/www.shqiperia.com\/blog\/wp-content\/uploads\/2021\/08\/800-0-6110c7ece11d3.jpg?resize=551%2C329&#038;ssl=1\" width=\"551\" height=\"329\" srcset=\"https:\/\/i0.wp.com\/www.shqiperia.com\/blog\/wp-content\/uploads\/2021\/08\/800-0-6110c7ece11d3.jpg?resize=300%2C179&amp;ssl=1 300w, https:\/\/i0.wp.com\/www.shqiperia.com\/blog\/wp-content\/uploads\/2021\/08\/800-0-6110c7ece11d3.jpg?resize=768%2C458&amp;ssl=1 768w, https:\/\/i0.wp.com\/www.shqiperia.com\/blog\/wp-content\/uploads\/2021\/08\/800-0-6110c7ece11d3.jpg?resize=450%2C268&amp;ssl=1 450w, https:\/\/i0.wp.com\/www.shqiperia.com\/blog\/wp-content\/uploads\/2021\/08\/800-0-6110c7ece11d3.jpg?resize=600%2C358&amp;ssl=1 600w, https:\/\/i0.wp.com\/www.shqiperia.com\/blog\/wp-content\/uploads\/2021\/08\/800-0-6110c7ece11d3.jpg?resize=400%2C239&amp;ssl=1 400w, https:\/\/i0.wp.com\/www.shqiperia.com\/blog\/wp-content\/uploads\/2021\/08\/800-0-6110c7ece11d3.jpg?w=800&amp;ssl=1 800w\" sizes=\"auto, (max-width: 551px) 100vw, 551px\" \/><\/p>\n<p>Plasin skenar\u00ebt post-gusht: &#8211; Priten trazira q\u00eb do sjellin qeveri teknike me kryeministre grua. &#8211; SHBA heq vizat me Shqip\u00ebrin\u00eb dhe BE hap negociatat n\u00eb dhjetor. &#8211; Berisha arrestohet n\u00eb shtator, pasohet nga Meta.<\/p>\n<p>9 GUSHT 2021<\/p>\n<p>Vjeshta pritet t\u00eb sjell\u00eb zhvillime shum\u00eb t\u00eb bujshme n\u00eb vend. Amerikan\u00ebt kan\u00eb dh\u00ebn\u00eb sinjale se nuk ka m\u00eb pand\u00ebshkueshm\u00ebri, por duket se \u00ebsht\u00eb shum\u00eb e af\u00ebrt dita kur do t\u00eb nisin arrestimet n\u00eb nivele politike.<\/p>\n<p>Gazeta \u201cSot\u201d ka siguruar nj\u00eb mesazh konfidencial n\u00eb gjuh\u00ebn angleze, i cili dit\u00ebt e fundit po qarkullon fuqish\u00ebm n\u00eb telefonat e politikan\u00ebve, gazetar\u00ebve, personaliteteve dhe n\u00eb internet.<\/p>\n<p>B\u00ebhet fjal\u00eb p\u00ebr nj\u00eb mesazh me skenar\u00eb post-gushti. Gazeta u interesua p\u00ebr t\u00eb verifikuar se kush \u00ebsht\u00eb burimi i mesazhit dhe sa i v\u00ebrtet\u00eb \u00ebsht\u00eb, por nuk dihet sakt\u00ebsisht ai q\u00eb e ka shp\u00ebrndar\u00eb i pari at\u00eb. Megjithat\u00eb ky mesazh po shp\u00ebrndahet shum\u00eb dit\u00ebt e fundit n\u00eb rrethe t\u00eb ngushta politikan\u00ebsh dhe paralajm\u00ebron zhvillime bomb\u00eb n\u00eb shtator. Fakti q\u00eb mesazhi \u00ebsht\u00eb n\u00eb anglisht t\u00eb b\u00ebn t\u00eb dyshosh q\u00eb mund t\u00eb ket\u00eb dal\u00eb dhe nga selit\u00eb diplomatike, por q\u00eb mbetet e pakonfirmuar.<\/p>\n<p>Sipas k\u00ebtij mesazhi q\u00eb po qarkullon edhe n\u00eb internet, n\u00eb shtator pritet t\u00eb b\u00ebhet arrestimi i ish-kryeministrit Sali Berisha, nd\u00ebrsa do pasohet nga presidenti Ilir Meta. Po ashtu, thuhet se kjo do sjell\u00eb protesta t\u00eb shumta n\u00eb vend dhe kryeministri Edi Rama do t\u00eb detyrohet t\u00eb t\u00ebrhiqet duke i hapur rrug\u00ebn nj\u00eb qeverie teknike n\u00eb bashk\u00ebpunim me PD. N\u00eb krye t\u00eb k\u00ebsaj qeverie do t\u00eb vendoset nj\u00eb grua. Nd\u00ebrkoh\u00eb m\u00eb pas SHBA mund t\u00eb heq\u00eb vizat me Shqip\u00ebrin\u00eb dhe BE do hap\u00eb negociatat. \u201cArrestimi i Sali Berish\u00ebs pritet n\u00eb shtator. At\u00ebher\u00eb do t\u00eb shp\u00ebrthejn\u00eb protesta shum\u00eb t\u00eb m\u00ebdha. Pas Sali Berish\u00ebs do t\u00eb arrestohet edhe Meta.<\/p>\n<p>Protestat do t\u00eb jen\u00eb aq t\u00eb m\u00ebdha sa do t\u00eb detyrojn\u00eb shumic\u00ebn parlamentare t\u00eb propozoj\u00eb p\u00ebr kryeministre nj\u00eb fem\u00ebr, e cila do t\u00eb udh\u00ebheq\u00eb nj\u00eb qeveri t\u00eb krijuar me ministra teknik\u00eb. Gjat\u00eb k\u00ebsaj periudhe do t\u00eb ket\u00eb arrestime pothuajse \u00e7do dit\u00eb. N\u00eb dhjetor, Amerika heq vizat p\u00ebr shqiptar\u00ebt dhe kroat\u00ebt. Bashkimi Evropian hap negociatat p\u00ebr Shqip\u00ebrin\u00eb\u201d, thuhet n\u00eb mesazh.<\/p>\n<p>Argumentet<\/p>\n<p>Mesazhi n\u00eb fjal\u00eb ka disa jav\u00eb q\u00eb qarkullon dhe nj\u00ebri prej element\u00ebve n\u00eb t\u00eb \u00ebsht\u00eb konfirmuar dit\u00ebt e fundit, \u00e7ka e shtyu gazet\u00ebn ta publikonte. SHBA para pak dit\u00ebsh mori vendimin p\u00ebr t\u00eb hequr vizat me Kroacin\u00eb, fal\u00eb luft\u00ebs s\u00eb paepur t\u00eb k\u00ebtij shteti ndaj t\u00eb korruptuarve. Pra pjesa e fundit e mesazhit duket se \u00ebsht\u00eb reale. Sa i takon emrave t\u00eb tjer\u00eb mbetet t\u00eb shohim shtatorin, por sinjalet jan\u00eb se ky mesazh ka shum\u00eb t\u00eb v\u00ebrtet\u00eb brenda. S\u00eb pari arrestimi i ish-kryeministrit Sali Berisha \u00ebsht\u00eb di\u00e7ka q\u00eb pritet. SHBA e shpalli \u201cnon grata\u201d me q\u00ebllim q\u00eb ta largoj\u00eb nga politika dhe ai po b\u00ebn shum\u00eb rezistenc\u00eb.<\/p>\n<p>Rruga e vetme p\u00ebr ta larguar \u00ebsht\u00eb hetimi penal. Sa i takon presidentit, nuk mund ta themi me sakt\u00ebsi se arrestimi do t\u00eb ndodh\u00eb 2 dit\u00eb m\u00eb pas, por ai \u00ebsht\u00eb n\u00eb proces shkarkimi dhe n\u00eb vjesht\u00eb mund t\u00eb mbetet pa imunitet, \u00e7ka e b\u00ebn pre t\u00eb leht\u00eb t\u00eb drejt\u00ebsis\u00eb. Pjesa e protestave padyshim q\u00eb q\u00ebndron, pasi n\u00ebse arrestohen Berisha e Meta, militant\u00eb e tyre do t\u00eb tentojn\u00eb revolta. Nd\u00ebrkoh\u00eb ajo q\u00eb i lidh t\u00eb gjitha \u00ebsht\u00eb qeveria teknike. \u00cbsht\u00eb folur fort k\u00ebto koh\u00eb q\u00eb mund t\u00eb kemi nj\u00eb bashk\u00ebqeverisje PD-PS me bekimin e nd\u00ebrkomb\u00ebtar\u00ebve. Nj\u00eb gj\u00eb e till\u00eb duket e v\u00ebshtir\u00eb me Ram\u00ebn kryeminist\u00ebr dhe sinjalet jan\u00eb se ajo mund t\u00eb drejtohet nga nj\u00eb grua socialiste. Pjesa e fundit \u00ebsht\u00eb ajo e vizave, ku fakti q\u00eb p\u00ebr Kroacin\u00eb jan\u00eb hapur, nuk \u00ebsht\u00eb \u00e7udi t\u00eb ndodhe dhe me ne. Nd\u00ebrkoh\u00eb negociatat jan\u00eb proces q\u00eb pritet. Megjithat\u00eb duhet t\u00eb pritet vjeshta p\u00ebr t\u00eb konfirmuar n\u00ebse ky mesazh \u00ebsht\u00eb i v\u00ebrtet\u00eb. E vetmja gj\u00eb e sigurt \u00ebsht\u00eb se ai po qarkullon fort n\u00eb korridoret e politik\u00ebs dhe kudo flitet p\u00ebr furtun\u00eb arrestimesh n\u00eb shtator.<\/p>\n<p>Gazeta Sot<\/p>\n","protected":false},"excerpt":{"rendered":"<p>Plasin skenar\u00ebt post-gusht: &#8211; Priten trazira q\u00eb do sjellin qeveri teknike me kryeministre grua. &#8211; SHBA heq vizat me Shqip\u00ebrin\u00eb dhe BE hap negociatat n\u00eb dhjetor. &#8211; Berisha arrestohet n\u00eb shtator, pasohet nga Meta. 9 GUSHT 2021 Vjeshta pritet t\u00eb sjell\u00eb zhvillime shum\u00eb t\u00eb bujshme n\u00eb vend. Amerikan\u00ebt kan\u00eb dh\u00ebn\u00eb sinjale se nuk ka m\u00eb [&hellip;]<\/p>\n","protected":false},"author":9,"featured_media":48966,"comment_status":"open","ping_status":"open","sticky":false,"template":"","format":"standard","meta":{"jetpack_post_was_ever_published":false,"_jetpack_newsletter_access":"","_jetpack_dont_email_post_to_subs":false,"_jetpack_newsletter_tier_id":0,"_jetpack_memberships_contains_paywalled_content":false,"_jetpack_memberships_contains_paid_content":false,"footnotes":"","jetpack_publicize_message":"","jetpack_publicize_feature_enabled":true,"jetpack_social_post_already_shared":true,"jetpack_social_options":{"image_generator_settings":{"template":"highway","default_image_id":0,"font":"","enabled":false},"version":2}},"categories":[27,14,35],"tags":[],"class_list":["post-48965","post","type-post","status-publish","format-standard","has-post-thumbnail","hentry","category-blogu-i-udhetarit","category-press-releases","category-shoqerore"],"jetpack_publicize_connections":[],"jetpack_featured_media_url":"https:\/\/i0.wp.com\/www.shqiperia.com\/blog\/wp-content\/uploads\/2021\/08\/800-0-6110c7ece11d3.jpg?fit=800%2C477&ssl=1","jetpack_sharing_enabled":true,"jetpack_shortlink":"https:\/\/wp.me\/p5Z6wp-cJL","jetpack-related-posts":[{"id":105316,"url":"https:\/\/www.shqiperia.com\/blog\/sali-berisha-do-udhetoi-drejt-shba-se-pritet-te-marre-pjese-ne\/","url_meta":{"origin":48965,"position":0},"title":"Sali Berisha do udh\u00ebtoi drejt SHBA-s\u00eb, pritet t\u00eb marr\u00eb pjes\u00eb n\u00eb&#8230;","author":"Kurt Farka","date":"August 27, 2026","format":false,"excerpt":"27 Gusht 2026 Kryetari i Partis\u00eb Demokratike, Sali Berisha, pritet t\u00eb udh\u00ebtoj\u00eb drejt Shteteve t\u00eb Bashkuara t\u00eb Amerik\u00ebs n\u00eb muajin shtator, ku do t\u00eb marr\u00eb pjes\u00eb n\u00eb Konvent\u00ebn e Republikan\u00ebve, e cila do t\u00eb zhvillohet m\u00eb 9 dhe 10 shtator. Berisha do t\u00eb jet\u00eb pjes\u00eb e delegacionit t\u00eb IDU-s\u00eb, Bashkimit\u2026","rel":"","context":"In &quot;Blogu i Udh\u00ebtarit&quot;","block_context":{"text":"Blogu i Udh\u00ebtarit","link":"https:\/\/www.shqiperia.com\/blog\/category\/blogu-i-udhetarit\/"},"img":{"alt_text":"","src":"https:\/\/i0.wp.com\/www.shqiperia.com\/blog\/wp-content\/uploads\/2026\/08\/sali-berisha11.jpg?fit=1083%2C694&ssl=1&resize=350%2C200","width":350,"height":200,"srcset":"https:\/\/i0.wp.com\/www.shqiperia.com\/blog\/wp-content\/uploads\/2026\/08\/sali-berisha11.jpg?fit=1083%2C694&ssl=1&resize=350%2C200 1x, https:\/\/i0.wp.com\/www.shqiperia.com\/blog\/wp-content\/uploads\/2026\/08\/sali-berisha11.jpg?fit=1083%2C694&ssl=1&resize=525%2C300 1.5x, https:\/\/i0.wp.com\/www.shqiperia.com\/blog\/wp-content\/uploads\/2026\/08\/sali-berisha11.jpg?fit=1083%2C694&ssl=1&resize=700%2C400 2x, https:\/\/i0.wp.com\/www.shqiperia.com\/blog\/wp-content\/uploads\/2026\/08\/sali-berisha11.jpg?fit=1083%2C694&ssl=1&resize=1050%2C600 3x"},"classes":[]},{"id":100084,"url":"https:\/\/www.shqiperia.com\/blog\/negociatat-ne-2028-rama-terhiqet-nga-premtimi-kryesor-i-mandatit-te-katert\/","url_meta":{"origin":48965,"position":1},"title":"&#8216;Negociatat n\u00eb 2028&#8217;\/ Rama t\u00ebrhiqet nga premtimi kryesor i mandatit t\u00eb kat\u00ebrt","author":"Kurt Farka","date":"May 10, 2026","format":false,"excerpt":"10 Maji 2026 Pasi e p\u00ebrdori integrimin europian si premtimin kryesor t\u00eb mandatit t\u00eb kat\u00ebrt, Edi Rama u detyrua t\u00eb pranoj\u00eb shtyrjen e afateve p\u00ebr mbylljen e negociatave, nd\u00ebrsa m\u00eb par\u00eb kishte p\u00ebrg\u00ebnjeshtruar kund\u00ebrshtar\u00ebt e tij politik\u00eb. N\u00eb procesin e mundimsh\u00ebm t\u00eb negociatave me Bashkimin Europian, ka nj\u00eb moment kur\u2026","rel":"","context":"In &quot;Blogu i Udh\u00ebtarit&quot;","block_context":{"text":"Blogu i Udh\u00ebtarit","link":"https:\/\/www.shqiperia.com\/blog\/category\/blogu-i-udhetarit\/"},"img":{"alt_text":"","src":"https:\/\/i0.wp.com\/www.shqiperia.com\/blog\/wp-content\/uploads\/2026\/05\/Edi-Rama.jpg?fit=900%2C448&ssl=1&resize=350%2C200","width":350,"height":200,"srcset":"https:\/\/i0.wp.com\/www.shqiperia.com\/blog\/wp-content\/uploads\/2026\/05\/Edi-Rama.jpg?fit=900%2C448&ssl=1&resize=350%2C200 1x, https:\/\/i0.wp.com\/www.shqiperia.com\/blog\/wp-content\/uploads\/2026\/05\/Edi-Rama.jpg?fit=900%2C448&ssl=1&resize=525%2C300 1.5x, https:\/\/i0.wp.com\/www.shqiperia.com\/blog\/wp-content\/uploads\/2026\/05\/Edi-Rama.jpg?fit=900%2C448&ssl=1&resize=700%2C400 2x"},"classes":[]},{"id":103904,"url":"https:\/\/www.shqiperia.com\/blog\/ne-fund-te-tetorit-qeveri-teknike-protestat-do-te-kalojne-ne-mosbindje-civile-ne-shtator-edi-rama-gati-ndryshimet\/","url_meta":{"origin":48965,"position":2},"title":"N\u00eb fund t\u00eb tetorit qeveri teknike, protestat do t\u00eb kalojn\u00eb n\u00eb mosbindje civile n\u00eb shtator, Edi Rama gati ndryshimet\u2026","author":"Kurt Farka","date":"August 6, 2026","format":false,"excerpt":"6 Gusht 2026 Prokuroria e Posa\u00e7me (SPAK) \u00ebsht\u00eb faktori q\u00eb i jep revolt\u00ebs motivin ligjor. Dosjet Balluku, Krifca, Xha\u00e7ka, Manastirliu, Gjiknuri, AKSHI dhe t\u00eb tjera jan\u00eb fu\u00e7i baruti q\u00eb pritet t\u00eb shp\u00ebrthejn\u00eb. N\u00eb fund t\u00eb tetorit qeveri teknike, protestat do t\u00eb kalojn\u00eb n\u00eb mosbindje civile n\u00eb shtator, Edi Rama gati\u2026","rel":"","context":"In &quot;Blogu i Udh\u00ebtarit&quot;","block_context":{"text":"Blogu i Udh\u00ebtarit","link":"https:\/\/www.shqiperia.com\/blog\/category\/blogu-i-udhetarit\/"},"img":{"alt_text":"","src":"https:\/\/i0.wp.com\/www.shqiperia.com\/blog\/wp-content\/uploads\/2026\/08\/foto-3-rama-protesta-AI-1140x570-1.jpg?fit=1140%2C570&ssl=1&resize=350%2C200","width":350,"height":200,"srcset":"https:\/\/i0.wp.com\/www.shqiperia.com\/blog\/wp-content\/uploads\/2026\/08\/foto-3-rama-protesta-AI-1140x570-1.jpg?fit=1140%2C570&ssl=1&resize=350%2C200 1x, https:\/\/i0.wp.com\/www.shqiperia.com\/blog\/wp-content\/uploads\/2026\/08\/foto-3-rama-protesta-AI-1140x570-1.jpg?fit=1140%2C570&ssl=1&resize=525%2C300 1.5x, https:\/\/i0.wp.com\/www.shqiperia.com\/blog\/wp-content\/uploads\/2026\/08\/foto-3-rama-protesta-AI-1140x570-1.jpg?fit=1140%2C570&ssl=1&resize=700%2C400 2x, https:\/\/i0.wp.com\/www.shqiperia.com\/blog\/wp-content\/uploads\/2026\/08\/foto-3-rama-protesta-AI-1140x570-1.jpg?fit=1140%2C570&ssl=1&resize=1050%2C600 3x"},"classes":[]},{"id":104438,"url":"https:\/\/www.shqiperia.com\/blog\/kjo-revolte-duhet-ta-ndryshoje-vendin-shqiptarja-nga-zvicra-ne-proteste-nuk-kthehemi-dot-ne-vendin-tone\/","url_meta":{"origin":48965,"position":3},"title":"\u201cKjo revolt\u00eb duhet ta ndryshoj\u00eb vendin\u201d\/ Shqiptarja nga Zvicra, n\u00eb protest\u00eb: Nuk kthehemi dot n\u00eb vendin ton\u00eb","author":"Kurt Farka","date":"August 14, 2026","format":false,"excerpt":"14 Gusht 2026 Nd\u00ebr bashkatdhetar\u00ebt e shumt\u00eb t\u00eb diaspor\u00ebs q\u00eb i jan\u00eb bashkuar protest\u00ebs masive kund\u00ebr qeveris\u00eb, nj\u00eb grua e ardhur posa\u00e7\u00ebrisht nga Zvicra ka marr\u00eb fjal\u00ebn p\u00ebr t\u00eb shprehur dhimbjen e emigrant\u00ebve dhe pamund\u00ebsin\u00eb e tyre p\u00ebr t\u2019u rikthyer n\u00eb atdhe. Ajo n\u00ebnvizoi se mungesa e mund\u00ebsive dhe meritokracis\u00eb\u2026","rel":"","context":"In &quot;Blogu i Udh\u00ebtarit&quot;","block_context":{"text":"Blogu i Udh\u00ebtarit","link":"https:\/\/www.shqiperia.com\/blog\/category\/blogu-i-udhetarit\/"},"img":{"alt_text":"","src":"https:\/\/i0.wp.com\/www.shqiperia.com\/blog\/wp-content\/uploads\/2026\/08\/Capture-61-300x207.jpg?resize=350%2C200&ssl=1","width":350,"height":200,"srcset":"https:\/\/i0.wp.com\/www.shqiperia.com\/blog\/wp-content\/uploads\/2026\/08\/Capture-61-300x207.jpg?resize=350%2C200&ssl=1 1x, https:\/\/i0.wp.com\/www.shqiperia.com\/blog\/wp-content\/uploads\/2026\/08\/Capture-61-300x207.jpg?resize=525%2C300&ssl=1 1.5x"},"classes":[]},{"id":106055,"url":"https:\/\/www.shqiperia.com\/blog\/titaniku-spo-merr-kthesen-dhe-rama-ne-forumin-inteligjenca-e-botes-nuk-ka-vend-per-shqiperine-ne-be-nese-unioni-nuk-ndryshon\/","url_meta":{"origin":48965,"position":4},"title":"\u201cTitaniku s\u2019po merr kthes\u00ebn dhe&#8230;&#8221;\/ Rama n\u00eb forumin \u201cInteligjenca e Bot\u00ebs\u201d: &#8211; Nuk ka vend p\u00ebr Shqip\u00ebrin\u00eb n\u00eb BE n\u00ebse Unioni nuk ndryshon!","author":"Kurt Farka","date":"September 5, 2026","format":false,"excerpt":"5 Shtator 2026 Kryeministri Edi Rama ishte sot pjes\u00eb e forumit\u201d Inteligjenca e Bot\u00ebs\u201d. Ai u shpreh se vendi yn\u00eb \u00ebsht\u00eb duke u p\u00ebrpjekur t\u00eb b\u00ebhet pjes\u00eb e Bashkimit Europian, por se jo gjith\u00e7ka po shkon si\u00e7 duhet. \u201cNe jemi jasht\u00eb klubit dhe p\u00ebrpiqemi t\u00eb hyjm\u00eb n\u00eb klub. Nga nj\u00eb\u2026","rel":"","context":"In &quot;Blogu i Udh\u00ebtarit&quot;","block_context":{"text":"Blogu i Udh\u00ebtarit","link":"https:\/\/www.shqiperia.com\/blog\/category\/blogu-i-udhetarit\/"},"img":{"alt_text":"","src":"https:\/\/i0.wp.com\/www.shqiperia.com\/blog\/wp-content\/uploads\/2026\/09\/1788428684_edirama.jpg?fit=780%2C440&ssl=1&resize=350%2C200","width":350,"height":200,"srcset":"https:\/\/i0.wp.com\/www.shqiperia.com\/blog\/wp-content\/uploads\/2026\/09\/1788428684_edirama.jpg?fit=780%2C440&ssl=1&resize=350%2C200 1x, https:\/\/i0.wp.com\/www.shqiperia.com\/blog\/wp-content\/uploads\/2026\/09\/1788428684_edirama.jpg?fit=780%2C440&ssl=1&resize=525%2C300 1.5x, https:\/\/i0.wp.com\/www.shqiperia.com\/blog\/wp-content\/uploads\/2026\/09\/1788428684_edirama.jpg?fit=780%2C440&ssl=1&resize=700%2C400 2x"},"classes":[]},{"id":101598,"url":"https:\/\/www.shqiperia.com\/blog\/skandali-i-marines-se-durresit-dokumenti-qe-fundos-qeverine-ndryshoi-projektin-ne-dhjetor-2025\/","url_meta":{"origin":48965,"position":5},"title":"Skandali i Marin\u00ebs s\u00eb Durr\u00ebsit\/ Dokumenti q\u00eb fundos qeverin\u00eb, ndryshoi projektin n\u00eb dhjetor 2025!","author":"Kurt Farka","date":"June 18, 2026","format":false,"excerpt":"Fundosja e Marin\u00ebs s\u00eb Durr\u00ebsit merr nj\u00eb spirale t\u00eb re, pavar\u00ebsisht ndodhive m\u00eb t\u00eb fundit n\u00eb vendin ton\u00eb, ku skandalet kapin nj\u00ebra tjetr\u00ebn. Projekti q\u00eb nisi si nj\u00eb risi n\u00eb Shqip\u00ebri, po kthehet dal\u00ebngadal\u00eb n\u00eb nj\u00eb d\u00ebshtim, pasi dy nga shum\u00eb godinat q\u00eb do t\u00eb nd\u00ebrtohen n\u00eb at\u00eb territor kan\u00eb\u2026","rel":"","context":"In &quot;Blogu i Udh\u00ebtarit&quot;","block_context":{"text":"Blogu i Udh\u00ebtarit","link":"https:\/\/www.shqiperia.com\/blog\/category\/blogu-i-udhetarit\/"},"img":{"alt_text":"","src":"https:\/\/i0.wp.com\/www.shqiperia.com\/blog\/wp-content\/uploads\/2026\/06\/download-12-1.png?fit=600%2C400&ssl=1&resize=350%2C200","width":350,"height":200,"srcset":"https:\/\/i0.wp.com\/www.shqiperia.com\/blog\/wp-content\/uploads\/2026\/06\/download-12-1.png?fit=600%2C400&ssl=1&resize=350%2C200 1x, https:\/\/i0.wp.com\/www.shqiperia.com\/blog\/wp-content\/uploads\/2026\/06\/download-12-1.png?fit=600%2C400&ssl=1&resize=525%2C300 1.5x"},"classes":[]}],"_links":{"self":[{"href":"https:\/\/www.shqiperia.com\/blog\/wp-json\/wp\/v2\/posts\/48965","targetHints":{"allow":["GET"]}}],"collection":[{"href":"https:\/\/www.shqiperia.com\/blog\/wp-json\/wp\/v2\/posts"}],"about":[{"href":"https:\/\/www.shqiperia.com\/blog\/wp-json\/wp\/v2\/types\/post"}],"author":[{"embeddable":true,"href":"https:\/\/www.shqiperia.com\/blog\/wp-json\/wp\/v2\/users\/9"}],"replies":[{"embeddable":true,"href":"https:\/\/www.shqiperia.com\/blog\/wp-json\/wp\/v2\/comments?post=48965"}],"version-history":[{"count":3,"href":"https:\/\/www.shqiperia.com\/blog\/wp-json\/wp\/v2\/posts\/48965\/revisions"}],"predecessor-version":[{"id":48969,"href":"https:\/\/www.shqiperia.com\/blog\/wp-json\/wp\/v2\/posts\/48965\/revisions\/48969"}],"wp:featuredmedia":[{"embeddable":true,"href":"https:\/\/www.shqiperia.com\/blog\/wp-json\/wp\/v2\/media\/48966"}],"wp:attachment":[{"href":"https:\/\/www.shqiperia.com\/blog\/wp-json\/wp\/v2\/media?parent=48965"}],"wp:term":[{"taxonomy":"category","embeddable":true,"href":"https:\/\/www.shqiperia.com\/blog\/wp-json\/wp\/v2\/categories?post=48965"},{"taxonomy":"post_tag","embeddable":true,"href":"https:\/\/www.shqiperia.com\/blog\/wp-json\/wp\/v2\/tags?post=48965"}],"curies":[{"name":"wp","href":"https:\/\/api.w.org\/{rel}","templated":true}]}}