{"id":48769,"date":"2021-07-28T19:02:53","date_gmt":"2021-07-28T19:02:53","guid":{"rendered":"https:\/\/www.shqiperia.com\/blog\/?p=48769"},"modified":"2024-01-21T00:29:59","modified_gmt":"2024-01-21T00:29:59","slug":"te-fshehtat-e-nje-gdhendje-ne-gur-ne-kokdode-puke","status":"publish","type":"post","link":"https:\/\/www.shqiperia.com\/blog\/te-fshehtat-e-nje-gdhendje-ne-gur-ne-kokdode-puke\/","title":{"rendered":"Te fshehtat e nje gdhendje ne gur ne Kokdode Puke."},"content":{"rendered":"<p><img data-recalc-dims=\"1\" loading=\"lazy\" decoding=\"async\" data-attachment-id=\"48770\" data-permalink=\"https:\/\/www.shqiperia.com\/blog\/te-fshehtat-e-nje-gdhendje-ne-gur-ne-kokdode-puke\/214159152_3071908203032462_8187168259082413032_n\/\" data-orig-file=\"https:\/\/i0.wp.com\/www.shqiperia.com\/blog\/wp-content\/uploads\/2021\/07\/214159152_3071908203032462_8187168259082413032_n.jpg?fit=1600%2C1057&amp;ssl=1\" data-orig-size=\"1600,1057\" data-comments-opened=\"1\" data-image-meta=\"{&quot;aperture&quot;:&quot;0&quot;,&quot;credit&quot;:&quot;&quot;,&quot;camera&quot;:&quot;&quot;,&quot;caption&quot;:&quot;&quot;,&quot;created_timestamp&quot;:&quot;0&quot;,&quot;copyright&quot;:&quot;&quot;,&quot;focal_length&quot;:&quot;0&quot;,&quot;iso&quot;:&quot;0&quot;,&quot;shutter_speed&quot;:&quot;0&quot;,&quot;title&quot;:&quot;&quot;,&quot;orientation&quot;:&quot;0&quot;}\" data-image-title=\"214159152_3071908203032462_8187168259082413032_n\" data-image-description=\"\" data-image-caption=\"\" data-medium-file=\"https:\/\/i0.wp.com\/www.shqiperia.com\/blog\/wp-content\/uploads\/2021\/07\/214159152_3071908203032462_8187168259082413032_n.jpg?fit=300%2C198&amp;ssl=1\" data-large-file=\"https:\/\/i0.wp.com\/www.shqiperia.com\/blog\/wp-content\/uploads\/2021\/07\/214159152_3071908203032462_8187168259082413032_n.jpg?fit=1024%2C676&amp;ssl=1\" class=\"alignnone wp-image-48770\" alt=\"\" src=\"https:\/\/i0.wp.com\/www.shqiperia.com\/blog\/wp-content\/uploads\/2021\/07\/214159152_3071908203032462_8187168259082413032_n.jpg?resize=529%2C349&#038;ssl=1\" width=\"529\" height=\"349\" srcset=\"https:\/\/i0.wp.com\/www.shqiperia.com\/blog\/wp-content\/uploads\/2021\/07\/214159152_3071908203032462_8187168259082413032_n.jpg?resize=300%2C198&amp;ssl=1 300w, https:\/\/i0.wp.com\/www.shqiperia.com\/blog\/wp-content\/uploads\/2021\/07\/214159152_3071908203032462_8187168259082413032_n.jpg?resize=1024%2C676&amp;ssl=1 1024w, https:\/\/i0.wp.com\/www.shqiperia.com\/blog\/wp-content\/uploads\/2021\/07\/214159152_3071908203032462_8187168259082413032_n.jpg?resize=768%2C507&amp;ssl=1 768w, https:\/\/i0.wp.com\/www.shqiperia.com\/blog\/wp-content\/uploads\/2021\/07\/214159152_3071908203032462_8187168259082413032_n.jpg?resize=1536%2C1015&amp;ssl=1 1536w, https:\/\/i0.wp.com\/www.shqiperia.com\/blog\/wp-content\/uploads\/2021\/07\/214159152_3071908203032462_8187168259082413032_n.jpg?resize=450%2C297&amp;ssl=1 450w, https:\/\/i0.wp.com\/www.shqiperia.com\/blog\/wp-content\/uploads\/2021\/07\/214159152_3071908203032462_8187168259082413032_n.jpg?resize=600%2C396&amp;ssl=1 600w, https:\/\/i0.wp.com\/www.shqiperia.com\/blog\/wp-content\/uploads\/2021\/07\/214159152_3071908203032462_8187168259082413032_n.jpg?resize=1500%2C991&amp;ssl=1 1500w, https:\/\/i0.wp.com\/www.shqiperia.com\/blog\/wp-content\/uploads\/2021\/07\/214159152_3071908203032462_8187168259082413032_n.jpg?resize=1300%2C859&amp;ssl=1 1300w, https:\/\/i0.wp.com\/www.shqiperia.com\/blog\/wp-content\/uploads\/2021\/07\/214159152_3071908203032462_8187168259082413032_n.jpg?resize=400%2C264&amp;ssl=1 400w, https:\/\/i0.wp.com\/www.shqiperia.com\/blog\/wp-content\/uploads\/2021\/07\/214159152_3071908203032462_8187168259082413032_n.jpg?w=1600&amp;ssl=1 1600w\" sizes=\"auto, (max-width: 529px) 100vw, 529px\" \/><\/p>\n<p>Nga Jaho Brahaj<\/p>\n<p>Te fshehtat e nje gdhendje ne gur ne Kokdode Puke.<\/p>\n<p>28 korrik 2021<\/p>\n<p>Deri me sot shume pak jane bere objekt studimi dhe dokumentimi veprat tradicionale te ruajtuara ne shekuj te artit popullor. Ato permbajne ne forme grafike shenja te riteve, shpjegime kultesh dhe shpeshhere kane mesazhe mitologjike e magjike.<\/p>\n<p>Ne Kullen e Kokdodes, Puke ruhen disa gdhendje ne gur, te cilat jane ruajtur nder shekuj duke u rivendosur (riperdorur) ne muret e banesave sa here rindertohshin ato.<\/p>\n<p>Ne foto shikojme figuren njerzore e cila eshte ne katet e siperme te kesaj kulle me artitekture te vecante te malesive tona. Po ta shikojme dhe analizojme ne teresine e kulteve dhe besimeve popullore te trasheguara dhe qe ishin shume te rendesishme ne keto krahina marrim informacion me te gjere dhe me te sakte. Kulti i Diellit njihet pothuajse ne mbare boten dhe dihet rendesia, por ne malesite e thella eshte ruajtur me gjate dhe me besim me te konsoliduar. Ne majet e maleve ruhen edhe sot ceremoni me peligrinazhe ne dite te caktuara sipas kalendarit te motshem i lidhur me kater pozicionet e diellit gjate nje viti. Gjithmone sipas hulumtimeve dhe kerkimeve shenjat qe perfaqesonin Diellin vendoseshin ne faqen e baneses perballe lindjes se Diellit. Nje rit i vjeter por me force besimi deri ne mesin e shek. XIX e ne vazhdim eshte dhe falja kur binte (lindete) Delli. Ne kete moment njerzit ktheheshin nga Dielli ne Lindje, dhe me dy faqet e brendshme te duarve ne pozicion ne dy anet e kokes i faleshin Atij. Siq shihet edhe figura e Kulles se Kokdodes qe eshte ne faqen nga lind Dielli ka kete rit te perfaqesuar ne kete gdhendje guri te mocme.<\/p>\n<div id=\"attachment_48772\" style=\"width: 599px\" class=\"wp-caption alignnone\"><img data-recalc-dims=\"1\" loading=\"lazy\" decoding=\"async\" aria-describedby=\"caption-attachment-48772\" data-attachment-id=\"48772\" data-permalink=\"https:\/\/www.shqiperia.com\/blog\/te-fshehtat-e-nje-gdhendje-ne-gur-ne-kokdode-puke\/gatim-ceremonial-fli-ja-flija-gatuhej-ne-darken-e-bjeshkes-dhe-si-shikohet-ka-motivin-grafik-te-diellit\/\" data-orig-file=\"https:\/\/i0.wp.com\/www.shqiperia.com\/blog\/wp-content\/uploads\/2021\/07\/Gatim-Ceremonial-Fli-ja.-Flija-gatuhej-ne-Darken-e-Bjeshkes-dhe-si-shikohet-ka-motivin-grafik-te-Diellit..jpg?fit=479%2C340&amp;ssl=1\" data-orig-size=\"479,340\" data-comments-opened=\"1\" data-image-meta=\"{&quot;aperture&quot;:&quot;0&quot;,&quot;credit&quot;:&quot;&quot;,&quot;camera&quot;:&quot;&quot;,&quot;caption&quot;:&quot;&quot;,&quot;created_timestamp&quot;:&quot;0&quot;,&quot;copyright&quot;:&quot;&quot;,&quot;focal_length&quot;:&quot;0&quot;,&quot;iso&quot;:&quot;0&quot;,&quot;shutter_speed&quot;:&quot;0&quot;,&quot;title&quot;:&quot;&quot;,&quot;orientation&quot;:&quot;0&quot;}\" data-image-title=\"Gatim Ceremonial Fli-ja. Flija gatuhej ne Darken e Bjeshkes dhe si shikohet ka motivin grafik te Diellit.\" data-image-description=\"\" data-image-caption=\"&lt;p&gt;Gatim Ceremonial Fli-ja. Flija gatuhej ne Darken e Bjeshkes dite qe i kushtohej diellit dhe si shikohet ka motivin grafik te Diellit.&lt;\/p&gt;\n\" data-medium-file=\"https:\/\/i0.wp.com\/www.shqiperia.com\/blog\/wp-content\/uploads\/2021\/07\/Gatim-Ceremonial-Fli-ja.-Flija-gatuhej-ne-Darken-e-Bjeshkes-dhe-si-shikohet-ka-motivin-grafik-te-Diellit..jpg?fit=300%2C213&amp;ssl=1\" data-large-file=\"https:\/\/i0.wp.com\/www.shqiperia.com\/blog\/wp-content\/uploads\/2021\/07\/Gatim-Ceremonial-Fli-ja.-Flija-gatuhej-ne-Darken-e-Bjeshkes-dhe-si-shikohet-ka-motivin-grafik-te-Diellit..jpg?fit=479%2C340&amp;ssl=1\" class=\" wp-image-48772\" alt=\"\" src=\"https:\/\/i0.wp.com\/www.shqiperia.com\/blog\/wp-content\/uploads\/2021\/07\/Gatim-Ceremonial-Fli-ja.-Flija-gatuhej-ne-Darken-e-Bjeshkes-dhe-si-shikohet-ka-motivin-grafik-te-Diellit..jpg?resize=589%2C418&#038;ssl=1\" width=\"589\" height=\"418\" srcset=\"https:\/\/i0.wp.com\/www.shqiperia.com\/blog\/wp-content\/uploads\/2021\/07\/Gatim-Ceremonial-Fli-ja.-Flija-gatuhej-ne-Darken-e-Bjeshkes-dhe-si-shikohet-ka-motivin-grafik-te-Diellit..jpg?resize=300%2C213&amp;ssl=1 300w, https:\/\/i0.wp.com\/www.shqiperia.com\/blog\/wp-content\/uploads\/2021\/07\/Gatim-Ceremonial-Fli-ja.-Flija-gatuhej-ne-Darken-e-Bjeshkes-dhe-si-shikohet-ka-motivin-grafik-te-Diellit..jpg?resize=450%2C319&amp;ssl=1 450w, https:\/\/i0.wp.com\/www.shqiperia.com\/blog\/wp-content\/uploads\/2021\/07\/Gatim-Ceremonial-Fli-ja.-Flija-gatuhej-ne-Darken-e-Bjeshkes-dhe-si-shikohet-ka-motivin-grafik-te-Diellit..jpg?resize=400%2C284&amp;ssl=1 400w, https:\/\/i0.wp.com\/www.shqiperia.com\/blog\/wp-content\/uploads\/2021\/07\/Gatim-Ceremonial-Fli-ja.-Flija-gatuhej-ne-Darken-e-Bjeshkes-dhe-si-shikohet-ka-motivin-grafik-te-Diellit..jpg?w=479&amp;ssl=1 479w\" sizes=\"auto, (max-width: 589px) 100vw, 589px\" \/><p id=\"caption-attachment-48772\" class=\"wp-caption-text\">Gatim Ceremonial Fli-ja. Flija gatuhej ne Darken e Bjeshkes dite qe i kushtohej diellit dhe si shikohet ka motivin grafik te Diellit.<\/p><\/div>\n<p>Ga arkeologjia ne trualin etnik shqiptar kemi artefakte te shumta qe perfaqesojne Kultin e diellit e po keshtu edhe gjurme te tempojve te Diellit te zbuluar. Poe edhe me I bollshem eshte motivi grafik I iellit ne veshjet shqiptare dhe ne mbare objektet e kultures popullore etj.Ketu nuk po zgjatemi me rite te tjera te trasheguara ne lidhje me pozicioet e diellit rreth vitit dhe as me betimet qe ruhen nga populli yne ne lidhje po me kete.<\/p>\n<p><img data-recalc-dims=\"1\" loading=\"lazy\" decoding=\"async\" data-attachment-id=\"48779\" data-permalink=\"https:\/\/www.shqiperia.com\/blog\/te-fshehtat-e-nje-gdhendje-ne-gur-ne-kokdode-puke\/foto-jaho-brahaj-gdhendje-guri-kokdode-puke\/\" data-orig-file=\"https:\/\/i0.wp.com\/www.shqiperia.com\/blog\/wp-content\/uploads\/2021\/07\/Foto-Jaho-Brahaj.-Gdhendje-Guri-Kokdode-Puke.jpg?fit=1600%2C1057&amp;ssl=1\" data-orig-size=\"1600,1057\" data-comments-opened=\"1\" data-image-meta=\"{&quot;aperture&quot;:&quot;0&quot;,&quot;credit&quot;:&quot;&quot;,&quot;camera&quot;:&quot;&quot;,&quot;caption&quot;:&quot;&quot;,&quot;created_timestamp&quot;:&quot;0&quot;,&quot;copyright&quot;:&quot;&quot;,&quot;focal_length&quot;:&quot;0&quot;,&quot;iso&quot;:&quot;0&quot;,&quot;shutter_speed&quot;:&quot;0&quot;,&quot;title&quot;:&quot;&quot;,&quot;orientation&quot;:&quot;0&quot;}\" data-image-title=\"Foto Jaho Brahaj. Gdhendje Guri Kokdode, Puke\" data-image-description=\"\" data-image-caption=\"\" data-medium-file=\"https:\/\/i0.wp.com\/www.shqiperia.com\/blog\/wp-content\/uploads\/2021\/07\/Foto-Jaho-Brahaj.-Gdhendje-Guri-Kokdode-Puke.jpg?fit=300%2C198&amp;ssl=1\" data-large-file=\"https:\/\/i0.wp.com\/www.shqiperia.com\/blog\/wp-content\/uploads\/2021\/07\/Foto-Jaho-Brahaj.-Gdhendje-Guri-Kokdode-Puke.jpg?fit=1024%2C676&amp;ssl=1\" class=\"alignnone wp-image-48779\" alt=\"\" src=\"https:\/\/i0.wp.com\/www.shqiperia.com\/blog\/wp-content\/uploads\/2021\/07\/Foto-Jaho-Brahaj.-Gdhendje-Guri-Kokdode-Puke.jpg?resize=712%2C470&#038;ssl=1\" width=\"712\" height=\"470\" srcset=\"https:\/\/i0.wp.com\/www.shqiperia.com\/blog\/wp-content\/uploads\/2021\/07\/Foto-Jaho-Brahaj.-Gdhendje-Guri-Kokdode-Puke.jpg?resize=300%2C198&amp;ssl=1 300w, https:\/\/i0.wp.com\/www.shqiperia.com\/blog\/wp-content\/uploads\/2021\/07\/Foto-Jaho-Brahaj.-Gdhendje-Guri-Kokdode-Puke.jpg?resize=1024%2C676&amp;ssl=1 1024w, https:\/\/i0.wp.com\/www.shqiperia.com\/blog\/wp-content\/uploads\/2021\/07\/Foto-Jaho-Brahaj.-Gdhendje-Guri-Kokdode-Puke.jpg?resize=768%2C507&amp;ssl=1 768w, https:\/\/i0.wp.com\/www.shqiperia.com\/blog\/wp-content\/uploads\/2021\/07\/Foto-Jaho-Brahaj.-Gdhendje-Guri-Kokdode-Puke.jpg?resize=1536%2C1015&amp;ssl=1 1536w, https:\/\/i0.wp.com\/www.shqiperia.com\/blog\/wp-content\/uploads\/2021\/07\/Foto-Jaho-Brahaj.-Gdhendje-Guri-Kokdode-Puke.jpg?resize=450%2C297&amp;ssl=1 450w, https:\/\/i0.wp.com\/www.shqiperia.com\/blog\/wp-content\/uploads\/2021\/07\/Foto-Jaho-Brahaj.-Gdhendje-Guri-Kokdode-Puke.jpg?resize=600%2C396&amp;ssl=1 600w, https:\/\/i0.wp.com\/www.shqiperia.com\/blog\/wp-content\/uploads\/2021\/07\/Foto-Jaho-Brahaj.-Gdhendje-Guri-Kokdode-Puke.jpg?resize=1500%2C991&amp;ssl=1 1500w, https:\/\/i0.wp.com\/www.shqiperia.com\/blog\/wp-content\/uploads\/2021\/07\/Foto-Jaho-Brahaj.-Gdhendje-Guri-Kokdode-Puke.jpg?resize=1300%2C859&amp;ssl=1 1300w, https:\/\/i0.wp.com\/www.shqiperia.com\/blog\/wp-content\/uploads\/2021\/07\/Foto-Jaho-Brahaj.-Gdhendje-Guri-Kokdode-Puke.jpg?resize=400%2C264&amp;ssl=1 400w, https:\/\/i0.wp.com\/www.shqiperia.com\/blog\/wp-content\/uploads\/2021\/07\/Foto-Jaho-Brahaj.-Gdhendje-Guri-Kokdode-Puke.jpg?w=1600&amp;ssl=1 1600w\" sizes=\"auto, (max-width: 712px) 100vw, 712px\" \/><\/p>\n<p>Ne kete kulle ka edhe gdhendje te tjera me rendesi per kulturen dhe trashegimine e zones, por dhe qe i jep nje vlere arkitektures se baneses pukiane edhe si vater kulti dhe dijeve me gjurme piktogramesh shume te mocme.<\/p>\n","protected":false},"excerpt":{"rendered":"<p>Nga Jaho Brahaj Te fshehtat e nje gdhendje ne gur ne Kokdode Puke. 28 korrik 2021 Deri me sot shume pak jane bere objekt studimi dhe dokumentimi veprat tradicionale te ruajtuara ne shekuj te artit popullor. Ato permbajne ne forme grafike shenja te riteve, shpjegime kultesh dhe shpeshhere kane mesazhe mitologjike e magjike. Ne Kullen [&hellip;]<\/p>\n","protected":false},"author":9,"featured_media":48770,"comment_status":"open","ping_status":"open","sticky":false,"template":"","format":"standard","meta":{"jetpack_post_was_ever_published":false,"_jetpack_newsletter_access":"","_jetpack_dont_email_post_to_subs":false,"_jetpack_newsletter_tier_id":0,"_jetpack_memberships_contains_paywalled_content":false,"_jetpack_memberships_contains_paid_content":false,"footnotes":"","jetpack_publicize_message":"","jetpack_publicize_feature_enabled":true,"jetpack_social_post_already_shared":true,"jetpack_social_options":{"image_generator_settings":{"template":"highway","default_image_id":0,"font":"","enabled":false},"version":2}},"categories":[87,85,10,86],"tags":[],"class_list":["post-48769","post","type-post","status-publish","format-standard","has-post-thumbnail","hentry","category-arte","category-histori","category-kultura","category-trashegimi-kulturore"],"jetpack_publicize_connections":[],"jetpack_featured_media_url":"https:\/\/i0.wp.com\/www.shqiperia.com\/blog\/wp-content\/uploads\/2021\/07\/214159152_3071908203032462_8187168259082413032_n.jpg?fit=1600%2C1057&ssl=1","jetpack_sharing_enabled":true,"jetpack_shortlink":"https:\/\/wp.me\/p5Z6wp-cGB","jetpack-related-posts":[{"id":64613,"url":"https:\/\/www.shqiperia.com\/blog\/dere-e-fillimviteve-1800-te-ruhet-ne-malesite-e-rrethit-te-pukes\/","url_meta":{"origin":48769,"position":0},"title":"Der\u00eb e fillimviteve 1800-te, ruhet n\u00eb Mal\u00ebsit\u00eb e Rrethit te Pukes.","author":"Kurt Farka","date":"November 22, 2022","format":false,"excerpt":"Nga: Orsela Droja. Arkitekte. Dera u gjet\u00eb e permbysur n\u00eb balte e rrezikuar nga kalbja te shkaterrohej plot\u00ebsishte. Dera ka qen\u00eb pjese e arkitektur\u00ebs s\u00eb kish\u00ebs q\u00eb n\u00eb fillimet e viteve 1800, dhe \u00ebsht\u00eb rivendosur edhe pas riparimeve q\u00eb i jan\u00eb ber\u00eb ngrehin\u00ebs disa her\u00eb gjat\u00eb shekujve te fundit. Kisha\u2026","rel":"","context":"In &quot;Blogu i Udh\u00ebtarit&quot;","block_context":{"text":"Blogu i Udh\u00ebtarit","link":"https:\/\/www.shqiperia.com\/blog\/category\/blogu-i-udhetarit\/"},"img":{"alt_text":"","src":"https:\/\/i0.wp.com\/www.shqiperia.com\/blog\/wp-content\/uploads\/2022\/11\/Dera-e-fillimviteve-1800-ne-fshatin-Arst-Puke..jpg?fit=960%2C551&ssl=1&resize=350%2C200","width":350,"height":200,"srcset":"https:\/\/i0.wp.com\/www.shqiperia.com\/blog\/wp-content\/uploads\/2022\/11\/Dera-e-fillimviteve-1800-ne-fshatin-Arst-Puke..jpg?fit=960%2C551&ssl=1&resize=350%2C200 1x, https:\/\/i0.wp.com\/www.shqiperia.com\/blog\/wp-content\/uploads\/2022\/11\/Dera-e-fillimviteve-1800-ne-fshatin-Arst-Puke..jpg?fit=960%2C551&ssl=1&resize=525%2C300 1.5x, https:\/\/i0.wp.com\/www.shqiperia.com\/blog\/wp-content\/uploads\/2022\/11\/Dera-e-fillimviteve-1800-ne-fshatin-Arst-Puke..jpg?fit=960%2C551&ssl=1&resize=700%2C400 2x"},"classes":[]},{"id":28383,"url":"https:\/\/www.shqiperia.com\/blog\/dere-e-fillimviteve-1800-te-ruhet-ne-malesite-e-rrethit-pukes\/","url_meta":{"origin":48769,"position":1},"title":"Der\u00eb e fillimviteve 1800-te, ruhet n\u00eb Mal\u00ebsit\u00eb e Rrethit Pukes.","author":"Kurt Farka","date":"November 21, 2019","format":false,"excerpt":"Der\u00eb e fillimviteve 1800-te, ruhet n\u00eb Mal\u00ebsit\u00eb e Rrethit Pukes. Nga: Orsela Droja. Arkitekte. Dera u gjet\u00eb e permbysur n\u00eb balte e rrezikuar nga kalbja te shkaterrohej plot\u00ebsishte. Dera ka qen\u00eb pjese e arkitektur\u00ebs s\u00eb kish\u00ebs q\u00eb n\u00eb fillimet e viteve 1800, dhe \u00ebsht\u00eb rivendosur edhe pas riparimeve q\u00eb i\u2026","rel":"","context":"In &quot;Histori&quot;","block_context":{"text":"Histori","link":"https:\/\/www.shqiperia.com\/blog\/category\/histori\/"},"img":{"alt_text":"","src":"https:\/\/i0.wp.com\/www.shqiperia.com\/blog\/wp-content\/uploads\/2019\/11\/Der%C3%AB-e-viteve-1800.jpg?fit=960%2C525&ssl=1&resize=350%2C200","width":350,"height":200,"srcset":"https:\/\/i0.wp.com\/www.shqiperia.com\/blog\/wp-content\/uploads\/2019\/11\/Der%C3%AB-e-viteve-1800.jpg?fit=960%2C525&ssl=1&resize=350%2C200 1x, https:\/\/i0.wp.com\/www.shqiperia.com\/blog\/wp-content\/uploads\/2019\/11\/Der%C3%AB-e-viteve-1800.jpg?fit=960%2C525&ssl=1&resize=525%2C300 1.5x, https:\/\/i0.wp.com\/www.shqiperia.com\/blog\/wp-content\/uploads\/2019\/11\/Der%C3%AB-e-viteve-1800.jpg?fit=960%2C525&ssl=1&resize=700%2C400 2x"},"classes":[]},{"id":1866,"url":"https:\/\/www.shqiperia.com\/blog\/dy-monumente-tradicionale-ne-minjature-per-skenderbeun\/","url_meta":{"origin":48769,"position":2},"title":"Dy \u201cmonumente\u201d tradicionale ne minjature per Skenderbeun. \u2013","author":"Kurt Farka","date":"January 23, 2018","format":false,"excerpt":"Nga Jaho Brahaj. \u2013 Dy\u00a0\u00a0 monumentet ne miniature jane gdhendje ne instrumentin muzikor tradicional Lahuta. Lahuta eshte praktikuar ne Shqiperine e Veriut kryesishte per te shoqeruar me muzike kenget e Epikas Shqiptare, ku vecohet Cikli i kreshnkeve. Ky instrument ka sherbyer edhe per shoqerimin e kengeve historike te popullit tone.\u2026","rel":"","context":"In &quot;Trashegimi Kulturore&quot;","block_context":{"text":"Trashegimi Kulturore","link":"https:\/\/www.shqiperia.com\/blog\/category\/trashegimi-kulturore\/"},"img":{"alt_text":"","src":"https:\/\/i0.wp.com\/www.shqiperia.com\/blog\/wp-content\/uploads\/2018\/01\/Skenderbeu-2-2.jpg?fit=832%2C1200&ssl=1&resize=350%2C200","width":350,"height":200,"srcset":"https:\/\/i0.wp.com\/www.shqiperia.com\/blog\/wp-content\/uploads\/2018\/01\/Skenderbeu-2-2.jpg?fit=832%2C1200&ssl=1&resize=350%2C200 1x, https:\/\/i0.wp.com\/www.shqiperia.com\/blog\/wp-content\/uploads\/2018\/01\/Skenderbeu-2-2.jpg?fit=832%2C1200&ssl=1&resize=525%2C300 1.5x, https:\/\/i0.wp.com\/www.shqiperia.com\/blog\/wp-content\/uploads\/2018\/01\/Skenderbeu-2-2.jpg?fit=832%2C1200&ssl=1&resize=700%2C400 2x"},"classes":[]},{"id":4472,"url":"https:\/\/www.shqiperia.com\/blog\/dy-gdhendje-guri-nga-nje-banese-300-vjecare-ne-kllojke\/","url_meta":{"origin":48769,"position":3},"title":"Dy gdhendje guri nga nje banese 300 vjecare ne Kllojke. &#8211;","author":"Kurt Farka","date":"March 8, 2018","format":false,"excerpt":"Nga Jaho Brahaj. Elton Ceca me origjine nga ky fshat i vjeter i Tiranes dhe me tradita, kur e ka vizituar vendbanimin e paraardhesve ka realizuar disa foto shume itersante. Ruhet nje banese me moshe mbi treqindvjecare e cila eshte bere objekt studimi dhe dokumentimi edhe nga studiuesit e Institutit\u2026","rel":"","context":"In &quot;Blogu i Udh\u00ebtarit&quot;","block_context":{"text":"Blogu i Udh\u00ebtarit","link":"https:\/\/www.shqiperia.com\/blog\/category\/blogu-i-udhetarit\/"},"img":{"alt_text":"","src":"https:\/\/i0.wp.com\/www.shqiperia.com\/blog\/wp-content\/uploads\/2018\/03\/28783597_10214210210161584_259169055468945408_n-Copy-Copy-300x291.jpg?resize=350%2C200","width":350,"height":200},"classes":[]},{"id":31972,"url":"https:\/\/www.shqiperia.com\/blog\/dy-monumente-tradicionale-ne-minjature-per-skenderbeun-2\/","url_meta":{"origin":48769,"position":4},"title":"Dy \u201cmonumente\u201d tradicionale ne minjature per Skenderbeun. \u2013","author":"Kurt Farka","date":"March 2, 2020","format":false,"excerpt":"Dy \u201cmonumente\u201d tradicionale ne minjature per Skenderbeun. Nga Jaho Brahaj. \u2013 Dy\u00a0\u00a0 monumentet ne miniature jane gdhendje ne instrumentin muzikor tradicional Lahuta. Lahuta eshte praktikuar ne Shqiperine e Veriut kryesishte per te shoqeruar me muzike kenget e Epikas Shqiptare, ku vecohet Cikli i kreshnkeve. Ky instrument ka sherbyer edhe per\u2026","rel":"","context":"In &quot;Arte&quot;","block_context":{"text":"Arte","link":"https:\/\/www.shqiperia.com\/blog\/category\/arte\/"},"img":{"alt_text":"","src":"https:\/\/i0.wp.com\/www.shqiperia.com\/blog\/wp-content\/uploads\/2020\/03\/Skenderbeu-2-2-1.jpg?fit=1200%2C648&ssl=1&resize=350%2C200","width":350,"height":200,"srcset":"https:\/\/i0.wp.com\/www.shqiperia.com\/blog\/wp-content\/uploads\/2020\/03\/Skenderbeu-2-2-1.jpg?fit=1200%2C648&ssl=1&resize=350%2C200 1x, https:\/\/i0.wp.com\/www.shqiperia.com\/blog\/wp-content\/uploads\/2020\/03\/Skenderbeu-2-2-1.jpg?fit=1200%2C648&ssl=1&resize=525%2C300 1.5x, https:\/\/i0.wp.com\/www.shqiperia.com\/blog\/wp-content\/uploads\/2020\/03\/Skenderbeu-2-2-1.jpg?fit=1200%2C648&ssl=1&resize=700%2C400 2x, https:\/\/i0.wp.com\/www.shqiperia.com\/blog\/wp-content\/uploads\/2020\/03\/Skenderbeu-2-2-1.jpg?fit=1200%2C648&ssl=1&resize=1050%2C600 3x"},"classes":[]},{"id":52024,"url":"https:\/\/www.shqiperia.com\/blog\/shen-nikolli-ne-nje-ikone-guri-e-shek-xii-me-elemente-grafik-te-vecante-me-rastin-e-dites-se-shenkollit-nikollit-6-dhjetor\/","url_meta":{"origin":48769,"position":5},"title":"Shen Nikolli ne nje ikone guri e shek. XII me elemente grafik te vecante. &#8211; Me rastin e Dites se ShenKollit (Nikollit), 6 dhjetor.","author":"Kurt Farka","date":"December 5, 2021","format":false,"excerpt":"Shen Nikolli ne nje ikone guri e shek. XII me elemente grafik te vecante. Me rastin e Dites se ShenKollit (Nikollit), 6 dhjetor. 5 dhjetor 2021 Nga Jaho Brahaj Ne Fshatin Arst te Pukes ruhen ende dy ikona te gdhendura ne gur: Shen Nikolla dhe Shna Prena (Prenda). Ikonat duken\u2026","rel":"","context":"In &quot;Arte&quot;","block_context":{"text":"Arte","link":"https:\/\/www.shqiperia.com\/blog\/category\/arte\/"},"img":{"alt_text":"","src":"https:\/\/i0.wp.com\/www.shqiperia.com\/blog\/wp-content\/uploads\/2021\/12\/Ikone-e-shek.-XII-ne-Arst-Puke-Shen-Nikolla-3.jpg?fit=540%2C379&ssl=1&resize=350%2C200","width":350,"height":200,"srcset":"https:\/\/i0.wp.com\/www.shqiperia.com\/blog\/wp-content\/uploads\/2021\/12\/Ikone-e-shek.-XII-ne-Arst-Puke-Shen-Nikolla-3.jpg?fit=540%2C379&ssl=1&resize=350%2C200 1x, https:\/\/i0.wp.com\/www.shqiperia.com\/blog\/wp-content\/uploads\/2021\/12\/Ikone-e-shek.-XII-ne-Arst-Puke-Shen-Nikolla-3.jpg?fit=540%2C379&ssl=1&resize=525%2C300 1.5x"},"classes":[]}],"_links":{"self":[{"href":"https:\/\/www.shqiperia.com\/blog\/wp-json\/wp\/v2\/posts\/48769","targetHints":{"allow":["GET"]}}],"collection":[{"href":"https:\/\/www.shqiperia.com\/blog\/wp-json\/wp\/v2\/posts"}],"about":[{"href":"https:\/\/www.shqiperia.com\/blog\/wp-json\/wp\/v2\/types\/post"}],"author":[{"embeddable":true,"href":"https:\/\/www.shqiperia.com\/blog\/wp-json\/wp\/v2\/users\/9"}],"replies":[{"embeddable":true,"href":"https:\/\/www.shqiperia.com\/blog\/wp-json\/wp\/v2\/comments?post=48769"}],"version-history":[{"count":9,"href":"https:\/\/www.shqiperia.com\/blog\/wp-json\/wp\/v2\/posts\/48769\/revisions"}],"predecessor-version":[{"id":77474,"href":"https:\/\/www.shqiperia.com\/blog\/wp-json\/wp\/v2\/posts\/48769\/revisions\/77474"}],"wp:featuredmedia":[{"embeddable":true,"href":"https:\/\/www.shqiperia.com\/blog\/wp-json\/wp\/v2\/media\/48770"}],"wp:attachment":[{"href":"https:\/\/www.shqiperia.com\/blog\/wp-json\/wp\/v2\/media?parent=48769"}],"wp:term":[{"taxonomy":"category","embeddable":true,"href":"https:\/\/www.shqiperia.com\/blog\/wp-json\/wp\/v2\/categories?post=48769"},{"taxonomy":"post_tag","embeddable":true,"href":"https:\/\/www.shqiperia.com\/blog\/wp-json\/wp\/v2\/tags?post=48769"}],"curies":[{"name":"wp","href":"https:\/\/api.w.org\/{rel}","templated":true}]}}