{"id":48286,"date":"2021-06-30T12:14:47","date_gmt":"2021-06-30T12:14:47","guid":{"rendered":"https:\/\/www.shqiperia.com\/blog\/?p=48286"},"modified":"2021-06-30T12:18:55","modified_gmt":"2021-06-30T12:18:55","slug":"arben-malaj-komedi-percmuese-kjo-komedi-eshte-prova-e-nenshtrimit-ndaj-pushtetit-absolut","status":"publish","type":"post","link":"https:\/\/www.shqiperia.com\/blog\/arben-malaj-komedi-percmuese-kjo-komedi-eshte-prova-e-nenshtrimit-ndaj-pushtetit-absolut\/","title":{"rendered":"Arben Malaj:- &#8220;Komedi p\u00ebr\u00e7muese\u201d. &#8211; Kjo komedi\u00a0 eshte prova e\u00a0 nenshtrimit ndaj pushtetit absolut."},"content":{"rendered":"<div id=\"attachment_48287\" style=\"width: 581px\" class=\"wp-caption alignnone\"><img data-recalc-dims=\"1\" loading=\"lazy\" decoding=\"async\" aria-describedby=\"caption-attachment-48287\" data-attachment-id=\"48287\" data-permalink=\"https:\/\/www.shqiperia.com\/blog\/arben-malaj-komedi-percmuese-kjo-komedi-eshte-prova-e-nenshtrimit-ndaj-pushtetit-absolut\/800-480-60dc5ae431491\/\" data-orig-file=\"https:\/\/i0.wp.com\/www.shqiperia.com\/blog\/wp-content\/uploads\/2021\/06\/800-480-60dc5ae431491.png?fit=800%2C435&amp;ssl=1\" data-orig-size=\"800,435\" data-comments-opened=\"1\" data-image-meta=\"{&quot;aperture&quot;:&quot;0&quot;,&quot;credit&quot;:&quot;&quot;,&quot;camera&quot;:&quot;&quot;,&quot;caption&quot;:&quot;&quot;,&quot;created_timestamp&quot;:&quot;0&quot;,&quot;copyright&quot;:&quot;&quot;,&quot;focal_length&quot;:&quot;0&quot;,&quot;iso&quot;:&quot;0&quot;,&quot;shutter_speed&quot;:&quot;0&quot;,&quot;title&quot;:&quot;&quot;,&quot;orientation&quot;:&quot;0&quot;}\" data-image-title=\"Arben Malaj dhe &#8230;\" data-image-description=\"\" data-image-caption=\"&lt;p&gt;Arben Malaj dhe &#8230;&lt;\/p&gt;\n\" data-medium-file=\"https:\/\/i0.wp.com\/www.shqiperia.com\/blog\/wp-content\/uploads\/2021\/06\/800-480-60dc5ae431491.png?fit=300%2C163&amp;ssl=1\" data-large-file=\"https:\/\/i0.wp.com\/www.shqiperia.com\/blog\/wp-content\/uploads\/2021\/06\/800-480-60dc5ae431491.png?fit=800%2C435&amp;ssl=1\" class=\" wp-image-48287\" alt=\"\" src=\"https:\/\/i0.wp.com\/www.shqiperia.com\/blog\/wp-content\/uploads\/2021\/06\/800-480-60dc5ae431491.png?resize=571%2C310&#038;ssl=1\" width=\"571\" height=\"310\" srcset=\"https:\/\/i0.wp.com\/www.shqiperia.com\/blog\/wp-content\/uploads\/2021\/06\/800-480-60dc5ae431491.png?resize=300%2C163&amp;ssl=1 300w, https:\/\/i0.wp.com\/www.shqiperia.com\/blog\/wp-content\/uploads\/2021\/06\/800-480-60dc5ae431491.png?resize=768%2C418&amp;ssl=1 768w, https:\/\/i0.wp.com\/www.shqiperia.com\/blog\/wp-content\/uploads\/2021\/06\/800-480-60dc5ae431491.png?resize=450%2C245&amp;ssl=1 450w, https:\/\/i0.wp.com\/www.shqiperia.com\/blog\/wp-content\/uploads\/2021\/06\/800-480-60dc5ae431491.png?resize=600%2C326&amp;ssl=1 600w, https:\/\/i0.wp.com\/www.shqiperia.com\/blog\/wp-content\/uploads\/2021\/06\/800-480-60dc5ae431491.png?resize=400%2C218&amp;ssl=1 400w, https:\/\/i0.wp.com\/www.shqiperia.com\/blog\/wp-content\/uploads\/2021\/06\/800-480-60dc5ae431491.png?w=800&amp;ssl=1 800w\" sizes=\"auto, (max-width: 571px) 100vw, 571px\" \/><p id=\"caption-attachment-48287\" class=\"wp-caption-text\">Arben Malaj dhe &#8230;<\/p><\/div>\n<p>Arben Malaj:- Komedi p\u00ebr\u00e7muese\u201d. &#8211; Kjo komedi\u00a0 eshte prova e\u00a0 nenshtrimit ndaj pushtetit absolut.<\/p>\n<p>30 QERSHOR 2021<\/p>\n<p>\u2026\u201d Perse nuk\u00a0 beni mbledhje\u00a0 apo protesta me popullin dhe per popullin e disa lagjeve te Vlores, ku infrastruktura e brendeshme, menaxhimi I ujrave te zeza dhe probleme te tjera jetike jane ne kushte jashtezakonisht te veshtira?\u00a0\u201c\u2026<\/p>\n<p>Situata mes socialist\u00ebve t\u00eb Vlor\u00ebs duket se vazhdon t\u00eb jet\u00eb ende e tensionuar. Sot K\u00ebshilli Bashkiak zhvilloi nj\u00eb mbledhje p\u00ebrpara teatrit \u2018Petro Marko\u2019 duke sfiduar k\u00ebshtu kryebashkiakun Dritan Leli, i cili ndodhej n\u00eb Itali p\u00ebr nj\u00eb vizit\u00eb zyrtare dhe e kishte thirrur online mbledhjen.<\/p>\n<p>Nisur nga k\u00ebto p\u00ebrplasje, ka ardhur reagimi i fort\u00eb i ish-ministrit t\u00eb Financave, Arben Malaj, i cili p\u00ebrmes nj\u00eb postimi n\u00eb rrjetet sociale shkruan se kjo komedi \u00ebsht\u00eb prova e n\u00ebnshtrimit ndaj pushtetit absolut.<\/p>\n<p>Postimi i plot\u00eb:<\/p>\n<p>Kjo komedi\u00a0 eshte prova e\u00a0 nenshtrinit ndaj pushtetit absolute.<\/p>\n<p>Kjo komedi\u00a0 vete-percmuese nuk behet per popullin e Vlores por si prove besnikerie ndaj kujt?? .<\/p>\n<p>Nqs jeni perfaqesues te popullit, per popullin dhe me popullin, perse nuk beni mbledhjen ne rruge bashke dhe per popullin e Panajase, Bestroves dhe Kerkoves qe vuajne per pike e ujit?<\/p>\n<p>Perse nuk beheni me popullin e Llakatundit, Makatit te pare, Mekatit te\u00a0 dyte dhe Beshishtit, dhe shune zona te tjera ku rruget kryesore dhe ato lidhese me aktivitetet\u00a0 e tyre jane me keq se ne disa vende afrikane?<\/p>\n<p>Perse nuk\u00a0 beni mbledhje\u00a0 apo protesta me popullin dhe per popullin e disa lagjeve te Vlores, ku infrastruktura e brendeshme, menaxhimi I ujrave te zeza dhe probleme te tjera jetike jane ne kushte jashtezakonisht te veshtira?<\/p>\n<p>Ju nuk i beni dot sepse i keni mashtruar, sepse te ne\u00ebsmen e zgjedhjeve Iibraktisni, ju mbyllni telefonat, i denigroni dhe kercenoni te mos ju bezsisin me.<\/p>\n<p>Ju nuk po protestoni\u00a0 per popullin e Vlores, ju po vertetoni sherbimin\/nrnshtrimin tuaj deti edhe trsgji- komedi si kjo sot.<\/p>\n<p>Te paret tuaj perballuan fashizmin, nazizmin, diktaturat pas viteve 40 dhe 90, ndersa shume prej jush sipas votuesve vlonjate &#8211;\u00a0 pa asnje kontribut konkrete te spikatur por thjeshte nga perzgjedhje personale nepotike,\u00a0 dhe krahinore,\u00a0 po demtoni rende kredibilitetin dhe kontributet historike te Vlores dhe Laberise.<\/p>\n<p>Autoritet shendetesore po keshillojne ne media dhe kerkojne qe njerezit ne temperature te larta te\u00a0 mos qendrojne gjate ne diell.<\/p>\n<p>Mos rrezikoni jeten tuaj per besnikeri personal!<\/p>\n<p>Mos ja rritni shqetesimet popullit te Vlores per risqet e temperaturave te larta!<\/p>\n<p>Koha eshte gjykatesja me mire!<\/p>\n<p>Arbeni<\/p>\n<p>( Deputet i Qarkut te Vlores 2997-2013)<\/p>\n<p>Nga Gazeta Sot<\/p>\n","protected":false},"excerpt":{"rendered":"<p>Arben Malaj:- Komedi p\u00ebr\u00e7muese\u201d. &#8211; Kjo komedi\u00a0 eshte prova e\u00a0 nenshtrimit ndaj pushtetit absolut. 30 QERSHOR 2021 \u2026\u201d Perse nuk\u00a0 beni mbledhje\u00a0 apo protesta me popullin dhe per popullin e disa lagjeve te Vlores, ku infrastruktura e brendeshme, menaxhimi I ujrave te zeza dhe probleme te tjera jetike jane ne kushte jashtezakonisht te veshtira?\u00a0\u201c\u2026 Situata [&hellip;]<\/p>\n","protected":false},"author":9,"featured_media":48287,"comment_status":"open","ping_status":"open","sticky":false,"template":"","format":"standard","meta":{"jetpack_post_was_ever_published":false,"_jetpack_newsletter_access":"","_jetpack_dont_email_post_to_subs":false,"_jetpack_newsletter_tier_id":0,"_jetpack_memberships_contains_paywalled_content":false,"_jetpack_memberships_contains_paid_content":false,"footnotes":"","jetpack_publicize_message":"","jetpack_publicize_feature_enabled":true,"jetpack_social_post_already_shared":true,"jetpack_social_options":{"image_generator_settings":{"template":"highway","default_image_id":0,"font":"","enabled":false},"version":2}},"categories":[27,2,35],"tags":[],"class_list":["post-48286","post","type-post","status-publish","format-standard","has-post-thumbnail","hentry","category-blogu-i-udhetarit","category-politika","category-shoqerore"],"jetpack_publicize_connections":[],"jetpack_featured_media_url":"https:\/\/i0.wp.com\/www.shqiperia.com\/blog\/wp-content\/uploads\/2021\/06\/800-480-60dc5ae431491.png?fit=800%2C435&ssl=1","jetpack_sharing_enabled":true,"jetpack_shortlink":"https:\/\/wp.me\/p5Z6wp-cyO","jetpack-related-posts":[{"id":49587,"url":"https:\/\/www.shqiperia.com\/blog\/priten-zhvillime-te-forta-arben-malaj-nxjerr-emrin-e-ministrit-qe-do-te-shkaktoje-trazira-ne-vlore-shqiptaret-nuk-donin-te-ishte-me-anetar-qeverie\/","url_meta":{"origin":48286,"position":0},"title":"Priten zhvillime t\u00eb forta! Arben Malaj nxjerr emrin e ministrit q\u00eb do t\u00eb shkaktoj\u00eb trazira n\u00eb Vlor\u00eb:  &#8211; Shqiptar\u00ebt nuk donin t\u00eb ishte m\u00eb an\u00ebtar qeverie&#8230;","author":"Kurt Farka","date":"September 3, 2021","format":false,"excerpt":"Priten zhvillime t\u00eb forta! Arben Malaj nxjerr emrin e ministrit q\u00eb do t\u00eb shkaktoj\u00eb trazira n\u00eb Vlor\u00eb: - Shqiptar\u00ebt nuk donin t\u00eb ishte m\u00eb an\u00ebtar qeverie... 2 SHTATOR 2021 \u2026 \u201cLufta n\u00eb Vlor\u00eb po b\u00ebhet p\u00ebr territore\u201d \u2026 Ish-ministri i PS-s\u00eb Arben Malaj, komentoi kabinetin e ri qeveris\u00ebs dhe tha\u2026","rel":"","context":"In &quot;Blogu i Udh\u00ebtarit&quot;","block_context":{"text":"Blogu i Udh\u00ebtarit","link":"https:\/\/www.shqiperia.com\/blog\/category\/blogu-i-udhetarit\/"},"img":{"alt_text":"","src":"https:\/\/i0.wp.com\/www.shqiperia.com\/blog\/wp-content\/uploads\/2021\/09\/800-0-6130fb0f7ec58.jpg?fit=734%2C416&ssl=1&resize=350%2C200","width":350,"height":200,"srcset":"https:\/\/i0.wp.com\/www.shqiperia.com\/blog\/wp-content\/uploads\/2021\/09\/800-0-6130fb0f7ec58.jpg?fit=734%2C416&ssl=1&resize=350%2C200 1x, https:\/\/i0.wp.com\/www.shqiperia.com\/blog\/wp-content\/uploads\/2021\/09\/800-0-6130fb0f7ec58.jpg?fit=734%2C416&ssl=1&resize=525%2C300 1.5x, https:\/\/i0.wp.com\/www.shqiperia.com\/blog\/wp-content\/uploads\/2021\/09\/800-0-6130fb0f7ec58.jpg?fit=734%2C416&ssl=1&resize=700%2C400 2x"},"classes":[]},{"id":48480,"url":"https:\/\/www.shqiperia.com\/blog\/arben-malaj-thirrje-publike-kryeministrit-rama-kjo-nuk-eshte-produktive\/","url_meta":{"origin":48286,"position":1},"title":"Arben Malaj thirrje publike kryeministrit Rama: &#8211; Kjo nuk \u00ebsht\u00eb produktive","author":"Kurt Farka","date":"July 15, 2021","format":false,"excerpt":"Arben Malaj thirrje publike kryeministrit Rama: - Kjo nuk \u00ebsht\u00eb produktive 14 KORRIK 2021 Ish-ministri i financave, Arben Malaj ka komentuar zhvillimet e fundit politike. Malaj u shpreh se kryeministri mban nj\u00eb q\u00ebndrim p\u00ebr\u00e7mues n\u00eb t\u00eb gjitha konferencat kundrejt Kosov\u00ebs. Ish-ministri i b\u00ebri thirrje publike Ram\u00ebs q\u00eb mos synoj\u00eb t\u00eb\u2026","rel":"","context":"In &quot;Blogu i Udh\u00ebtarit&quot;","block_context":{"text":"Blogu i Udh\u00ebtarit","link":"https:\/\/www.shqiperia.com\/blog\/category\/blogu-i-udhetarit\/"},"img":{"alt_text":"","src":"https:\/\/i0.wp.com\/www.shqiperia.com\/blog\/wp-content\/uploads\/2021\/07\/800-0-60ef417ec60ed.jpg?fit=800%2C426&ssl=1&resize=350%2C200","width":350,"height":200,"srcset":"https:\/\/i0.wp.com\/www.shqiperia.com\/blog\/wp-content\/uploads\/2021\/07\/800-0-60ef417ec60ed.jpg?fit=800%2C426&ssl=1&resize=350%2C200 1x, https:\/\/i0.wp.com\/www.shqiperia.com\/blog\/wp-content\/uploads\/2021\/07\/800-0-60ef417ec60ed.jpg?fit=800%2C426&ssl=1&resize=525%2C300 1.5x, https:\/\/i0.wp.com\/www.shqiperia.com\/blog\/wp-content\/uploads\/2021\/07\/800-0-60ef417ec60ed.jpg?fit=800%2C426&ssl=1&resize=700%2C400 2x"},"classes":[]},{"id":50054,"url":"https:\/\/www.shqiperia.com\/blog\/lajm-i-keq-arben-malaj-shperthen-ndaj-krahut-te-djathte-te-edi-rames-dhe-nuk-le-gje-pa-thene-babezia-nuk-ka-kufi-spak-te-veproje-sa-me-shpejte\/","url_meta":{"origin":48286,"position":2},"title":"\u201cLajm i keq\u201d. Arben Malaj shp\u00ebrthen ndaj krahut t\u00eb djatht\u00eb t\u00eb Edi Ram\u00ebs dhe nuk l\u00eb gj\u00eb pa th\u00ebn\u00eb: &#8211; Bab\u00ebzia nuk ka kufi! SPAK t\u00eb veproj\u00eb sa m\u00eb shpejt\u00eb!","author":"Kurt Farka","date":"September 22, 2021","format":false,"excerpt":"\u201cLajm i keq\u201d. Arben Malaj shp\u00ebrthen ndaj krahut t\u00eb djatht\u00eb t\u00eb Edi Ram\u00ebs dhe nuk l\u00eb gj\u00eb pa th\u00ebn\u00eb: - Bab\u00ebzia nuk ka kufi! SPAK t\u00eb veproj\u00eb sa m\u00eb shpejt\u00eb! 22 SHTATOR 2021 Ish-ministri Arben Malaj ka shp\u00ebrthyer sot p\u00ebrmes nj\u00eb postimi n\u00eb rrjetet sociale ndaj drejtuesit politik t\u00eb PS-s\u00eb\u2026","rel":"","context":"In &quot;Blogu i Udh\u00ebtarit&quot;","block_context":{"text":"Blogu i Udh\u00ebtarit","link":"https:\/\/www.shqiperia.com\/blog\/category\/blogu-i-udhetarit\/"},"img":{"alt_text":"","src":"https:\/\/i0.wp.com\/www.shqiperia.com\/blog\/wp-content\/uploads\/2021\/09\/Arben-Malaj.jpg?fit=640%2C391&ssl=1&resize=350%2C200","width":350,"height":200,"srcset":"https:\/\/i0.wp.com\/www.shqiperia.com\/blog\/wp-content\/uploads\/2021\/09\/Arben-Malaj.jpg?fit=640%2C391&ssl=1&resize=350%2C200 1x, https:\/\/i0.wp.com\/www.shqiperia.com\/blog\/wp-content\/uploads\/2021\/09\/Arben-Malaj.jpg?fit=640%2C391&ssl=1&resize=525%2C300 1.5x"},"classes":[]},{"id":99708,"url":"https:\/\/www.shqiperia.com\/blog\/arben-malaj-koha-per-te-filluar-levizje-te-re-politike-perballe-pushtetit-absolut\/","url_meta":{"origin":48286,"position":3},"title":"Arben Malaj: &#8211; Koha p\u00ebr t\u00eb filluar l\u00ebvizje t\u00eb re politike p\u00ebrball\u00eb pushtetit absolut","author":"Kurt Farka","date":"April 29, 2026","format":false,"excerpt":"29 Prill 2026 Ish-ministri i Financave, Arben Malaj, ka reaguar lidhur me zhvillimet brenda Partis\u00eb Socialiste, ku dy figura t\u00eb r\u00ebnd\u00ebsishme t\u00eb t\u00eb majt\u00ebs, Elisa Spiropali dhe Erion Bra\u00e7e kan\u00eb dal\u00eb kund\u00ebr liderit t\u00eb PS, Edi Rama. Me an\u00eb t\u00eb nj\u00eb postimi n\u00eb Facebook, Malaj hedh iden\u00eb e krijimit t\u00eb\u2026","rel":"","context":"In &quot;Blogu i Udh\u00ebtarit&quot;","block_context":{"text":"Blogu i Udh\u00ebtarit","link":"https:\/\/www.shqiperia.com\/blog\/category\/blogu-i-udhetarit\/"},"img":{"alt_text":"","src":"https:\/\/i0.wp.com\/www.shqiperia.com\/blog\/wp-content\/uploads\/2026\/04\/malaj-rama-spiropali.jpg?fit=711%2C462&ssl=1&resize=350%2C200","width":350,"height":200,"srcset":"https:\/\/i0.wp.com\/www.shqiperia.com\/blog\/wp-content\/uploads\/2026\/04\/malaj-rama-spiropali.jpg?fit=711%2C462&ssl=1&resize=350%2C200 1x, https:\/\/i0.wp.com\/www.shqiperia.com\/blog\/wp-content\/uploads\/2026\/04\/malaj-rama-spiropali.jpg?fit=711%2C462&ssl=1&resize=525%2C300 1.5x, https:\/\/i0.wp.com\/www.shqiperia.com\/blog\/wp-content\/uploads\/2026\/04\/malaj-rama-spiropali.jpg?fit=711%2C462&ssl=1&resize=700%2C400 2x"},"classes":[]},{"id":97359,"url":"https:\/\/www.shqiperia.com\/blog\/skandali-i-portit-te-vlores-malaj-reagon-ashper-balluku-pasuron-pakicen-varferon-qytetaret\/","url_meta":{"origin":48286,"position":4},"title":"Skandali i Portit t\u00eb Vlor\u00ebs\/ Malaj reagon ashp\u00ebr: Balluku pasuron pakic\u00ebn, varf\u00ebron qytetar\u00ebt","author":"Kurt Farka","date":"February 5, 2026","format":false,"excerpt":"5 Shkurt 2026 Eksperti i ekonomis\u00eb, Arben Malaj, i ftuar n\u00eb\u00a0 nj\u00eb emision televiziv, ka denoncuar kontratat e PPP-ve, q\u00eb sipas tij jan\u00eb preferenciale duke mos patur konkurrent\u00eb. Malaj p\u00ebrmendi nj\u00eb rast flagrant n\u00eb qytetin e Vlor\u00ebs q\u00eb lidhet me abuzimin me k\u00ebto kontrata t\u00eb ministres s\u00eb Infrastruktur\u00ebs Belinda Balluku,\u2026","rel":"","context":"In &quot;Blogu i Udh\u00ebtarit&quot;","block_context":{"text":"Blogu i Udh\u00ebtarit","link":"https:\/\/www.shqiperia.com\/blog\/category\/blogu-i-udhetarit\/"},"img":{"alt_text":"","src":"https:\/\/i0.wp.com\/www.shqiperia.com\/blog\/wp-content\/uploads\/2026\/02\/Arben-Malaj.jpg?fit=960%2C554&ssl=1&resize=350%2C200","width":350,"height":200,"srcset":"https:\/\/i0.wp.com\/www.shqiperia.com\/blog\/wp-content\/uploads\/2026\/02\/Arben-Malaj.jpg?fit=960%2C554&ssl=1&resize=350%2C200 1x, https:\/\/i0.wp.com\/www.shqiperia.com\/blog\/wp-content\/uploads\/2026\/02\/Arben-Malaj.jpg?fit=960%2C554&ssl=1&resize=525%2C300 1.5x, https:\/\/i0.wp.com\/www.shqiperia.com\/blog\/wp-content\/uploads\/2026\/02\/Arben-Malaj.jpg?fit=960%2C554&ssl=1&resize=700%2C400 2x"},"classes":[]},{"id":98320,"url":"https:\/\/www.shqiperia.com\/blog\/arben-malaj-ben-thirrje-per-rebelim-brenda-ps-rama-i-etur-per-gjak-do-ua-pije-juve\/","url_meta":{"origin":48286,"position":5},"title":"Arben Malaj b\u00ebn thirrje p\u00ebr rebelim brenda PS: &#8211; Rama i etur p\u00ebr gjak, do ua pij\u00eb juve","author":"Kurt Farka","date":"March 11, 2026","format":false,"excerpt":"11 Mars 2026 Ish-ministri socialist i Financave Arben Malaj u b\u00ebri thirrje deputet\u00ebve t\u00eb Partis\u00eb Socialiste q\u00eb t\u00eb rebelohen ndaj kryetarit t\u00eb tyre Edi Rama. Malaj deklaroi se nj\u00eb bllokim i mundsh\u00ebm i k\u00ebrkes\u00ebs s\u00eb SPAK p\u00ebr imunitetin e Ballukut do t\u00eb rrezikoj\u00eb integrimin e vendit n\u00eb Bashkimin Europian. Ish-ministri\u2026","rel":"","context":"In &quot;Blogu i Udh\u00ebtarit&quot;","block_context":{"text":"Blogu i Udh\u00ebtarit","link":"https:\/\/www.shqiperia.com\/blog\/category\/blogu-i-udhetarit\/"},"img":{"alt_text":"","src":"https:\/\/i0.wp.com\/www.shqiperia.com\/blog\/wp-content\/uploads\/2026\/03\/Arben-Malaj.jpg?fit=960%2C554&ssl=1&resize=350%2C200","width":350,"height":200,"srcset":"https:\/\/i0.wp.com\/www.shqiperia.com\/blog\/wp-content\/uploads\/2026\/03\/Arben-Malaj.jpg?fit=960%2C554&ssl=1&resize=350%2C200 1x, https:\/\/i0.wp.com\/www.shqiperia.com\/blog\/wp-content\/uploads\/2026\/03\/Arben-Malaj.jpg?fit=960%2C554&ssl=1&resize=525%2C300 1.5x, https:\/\/i0.wp.com\/www.shqiperia.com\/blog\/wp-content\/uploads\/2026\/03\/Arben-Malaj.jpg?fit=960%2C554&ssl=1&resize=700%2C400 2x"},"classes":[]}],"_links":{"self":[{"href":"https:\/\/www.shqiperia.com\/blog\/wp-json\/wp\/v2\/posts\/48286","targetHints":{"allow":["GET"]}}],"collection":[{"href":"https:\/\/www.shqiperia.com\/blog\/wp-json\/wp\/v2\/posts"}],"about":[{"href":"https:\/\/www.shqiperia.com\/blog\/wp-json\/wp\/v2\/types\/post"}],"author":[{"embeddable":true,"href":"https:\/\/www.shqiperia.com\/blog\/wp-json\/wp\/v2\/users\/9"}],"replies":[{"embeddable":true,"href":"https:\/\/www.shqiperia.com\/blog\/wp-json\/wp\/v2\/comments?post=48286"}],"version-history":[{"count":4,"href":"https:\/\/www.shqiperia.com\/blog\/wp-json\/wp\/v2\/posts\/48286\/revisions"}],"predecessor-version":[{"id":48291,"href":"https:\/\/www.shqiperia.com\/blog\/wp-json\/wp\/v2\/posts\/48286\/revisions\/48291"}],"wp:featuredmedia":[{"embeddable":true,"href":"https:\/\/www.shqiperia.com\/blog\/wp-json\/wp\/v2\/media\/48287"}],"wp:attachment":[{"href":"https:\/\/www.shqiperia.com\/blog\/wp-json\/wp\/v2\/media?parent=48286"}],"wp:term":[{"taxonomy":"category","embeddable":true,"href":"https:\/\/www.shqiperia.com\/blog\/wp-json\/wp\/v2\/categories?post=48286"},{"taxonomy":"post_tag","embeddable":true,"href":"https:\/\/www.shqiperia.com\/blog\/wp-json\/wp\/v2\/tags?post=48286"}],"curies":[{"name":"wp","href":"https:\/\/api.w.org\/{rel}","templated":true}]}}