{"id":48280,"date":"2021-06-30T10:56:29","date_gmt":"2021-06-30T10:56:29","guid":{"rendered":"https:\/\/www.shqiperia.com\/blog\/?p=48280"},"modified":"2021-06-30T10:58:52","modified_gmt":"2021-06-30T10:58:52","slug":"parashikime-per-te-ardhmen-librat-do-te-vazhdojne-te-jene","status":"publish","type":"post","link":"https:\/\/www.shqiperia.com\/blog\/parashikime-per-te-ardhmen-librat-do-te-vazhdojne-te-jene\/","title":{"rendered":"Parashikime p\u00ebr t\u00eb ardhmen: &#8211; \u00a0Librat? Do t\u00eb vazhdojn\u00eb t\u00eb jen\u00eb."},"content":{"rendered":"<div id=\"attachment_48281\" style=\"width: 513px\" class=\"wp-caption alignnone\"><img data-recalc-dims=\"1\" loading=\"lazy\" decoding=\"async\" aria-describedby=\"caption-attachment-48281\" data-attachment-id=\"48281\" data-permalink=\"https:\/\/www.shqiperia.com\/blog\/parashikime-per-te-ardhmen-librat-do-te-vazhdojne-te-jene\/un-covo-di-libri\/\" data-orig-file=\"https:\/\/i0.wp.com\/www.shqiperia.com\/blog\/wp-content\/uploads\/2021\/06\/Un-covo-di-libri.png?fit=740%2C420&amp;ssl=1\" data-orig-size=\"740,420\" data-comments-opened=\"1\" data-image-meta=\"{&quot;aperture&quot;:&quot;0&quot;,&quot;credit&quot;:&quot;&quot;,&quot;camera&quot;:&quot;&quot;,&quot;caption&quot;:&quot;&quot;,&quot;created_timestamp&quot;:&quot;0&quot;,&quot;copyright&quot;:&quot;&quot;,&quot;focal_length&quot;:&quot;0&quot;,&quot;iso&quot;:&quot;0&quot;,&quot;shutter_speed&quot;:&quot;0&quot;,&quot;title&quot;:&quot;&quot;,&quot;orientation&quot;:&quot;0&quot;}\" data-image-title=\"Parashikime p\u00ebr t\u00eb ardhmen: &#8211; \u00a0Librat? Do t\u00eb vazhdojn\u00eb t\u00eb jen\u00eb.\" data-image-description=\"\" data-image-caption=\"&lt;p&gt;Parashikime p\u00ebr t\u00eb ardhmen: &#8211; \u00a0Librat? Do t\u00eb vazhdojn\u00eb t\u00eb jen\u00eb.&lt;\/p&gt;\n\" data-medium-file=\"https:\/\/i0.wp.com\/www.shqiperia.com\/blog\/wp-content\/uploads\/2021\/06\/Un-covo-di-libri.png?fit=300%2C170&amp;ssl=1\" data-large-file=\"https:\/\/i0.wp.com\/www.shqiperia.com\/blog\/wp-content\/uploads\/2021\/06\/Un-covo-di-libri.png?fit=740%2C420&amp;ssl=1\" class=\" wp-image-48281\" alt=\"\" src=\"https:\/\/i0.wp.com\/www.shqiperia.com\/blog\/wp-content\/uploads\/2021\/06\/Un-covo-di-libri.png?resize=503%2C285&#038;ssl=1\" width=\"503\" height=\"285\" srcset=\"https:\/\/i0.wp.com\/www.shqiperia.com\/blog\/wp-content\/uploads\/2021\/06\/Un-covo-di-libri.png?resize=300%2C170&amp;ssl=1 300w, https:\/\/i0.wp.com\/www.shqiperia.com\/blog\/wp-content\/uploads\/2021\/06\/Un-covo-di-libri.png?resize=450%2C255&amp;ssl=1 450w, https:\/\/i0.wp.com\/www.shqiperia.com\/blog\/wp-content\/uploads\/2021\/06\/Un-covo-di-libri.png?resize=600%2C341&amp;ssl=1 600w, https:\/\/i0.wp.com\/www.shqiperia.com\/blog\/wp-content\/uploads\/2021\/06\/Un-covo-di-libri.png?resize=400%2C227&amp;ssl=1 400w, https:\/\/i0.wp.com\/www.shqiperia.com\/blog\/wp-content\/uploads\/2021\/06\/Un-covo-di-libri.png?w=740&amp;ssl=1 740w\" sizes=\"auto, (max-width: 503px) 100vw, 503px\" \/><p id=\"caption-attachment-48281\" class=\"wp-caption-text\">Parashikime p\u00ebr t\u00eb ardhmen: &#8211; \u00a0Librat? Do t\u00eb vazhdojn\u00eb t\u00eb jen\u00eb.<\/p><\/div>\n<p><strong>Parashikime p\u00ebr t\u00eb ardhmen:<\/strong><strong> &#8211; \u00a0Librat? Do t\u00eb vazhdojn\u00eb t\u00eb jen\u00eb.<\/strong><br \/>\nNje grup shkencetaresh per te ardhmen ne teknologji parashikojne:<strong> &#8211; \u00a0Librat do t\u00eb vazhdojn\u00eb t\u00eb jen\u00eb.<\/strong><br \/>\n-Edhe p\u00ebr t\u00eb pakt\u00ebn 50 vite, shkrimtar\u00ebt do t\u00eb vazhdojn\u00eb t\u00eb shkruajn\u00eb. Librat do t\u00eb vazhdojn\u00eb t\u00eb printohen (shtypen), njer\u00ebzit do t\u00eb vazhdojn\u00eb t\u00eb lexojn\u00eb n\u00eb autobus, tren dhe tramvaj, dhe do t\u00eb zhyten n\u00eb p\u00ebrfytyrime p\u00ebr personazhet e tyre t\u00eb preferuar.<\/p>\n<div id=\"attachment_48283\" style=\"width: 706px\" class=\"wp-caption alignnone\"><img data-recalc-dims=\"1\" loading=\"lazy\" decoding=\"async\" aria-describedby=\"caption-attachment-48283\" data-attachment-id=\"48283\" data-permalink=\"https:\/\/www.shqiperia.com\/blog\/parashikime-per-te-ardhmen-librat-do-te-vazhdojne-te-jene\/librat-do-te-vazhdojne-te-jene\/\" data-orig-file=\"https:\/\/i0.wp.com\/www.shqiperia.com\/blog\/wp-content\/uploads\/2021\/06\/Librat-do-te-vazhdojne-te-jene..jpg?fit=638%2C425&amp;ssl=1\" data-orig-size=\"638,425\" data-comments-opened=\"1\" data-image-meta=\"{&quot;aperture&quot;:&quot;0&quot;,&quot;credit&quot;:&quot;&quot;,&quot;camera&quot;:&quot;&quot;,&quot;caption&quot;:&quot;&quot;,&quot;created_timestamp&quot;:&quot;0&quot;,&quot;copyright&quot;:&quot;&quot;,&quot;focal_length&quot;:&quot;0&quot;,&quot;iso&quot;:&quot;0&quot;,&quot;shutter_speed&quot;:&quot;0&quot;,&quot;title&quot;:&quot;&quot;,&quot;orientation&quot;:&quot;0&quot;}\" data-image-title=\"&#8211; Librat do t\u00eb vazhdojn\u00eb t\u00eb jen\u00eb.\" data-image-description=\"\" data-image-caption=\"&lt;p&gt;&#8211;  Librat do t\u00eb vazhdojn\u00eb t\u00eb jen\u00eb.&lt;\/p&gt;\n\" data-medium-file=\"https:\/\/i0.wp.com\/www.shqiperia.com\/blog\/wp-content\/uploads\/2021\/06\/Librat-do-te-vazhdojne-te-jene..jpg?fit=300%2C200&amp;ssl=1\" data-large-file=\"https:\/\/i0.wp.com\/www.shqiperia.com\/blog\/wp-content\/uploads\/2021\/06\/Librat-do-te-vazhdojne-te-jene..jpg?fit=638%2C425&amp;ssl=1\" class=\" wp-image-48283\" alt=\"\" src=\"https:\/\/i0.wp.com\/www.shqiperia.com\/blog\/wp-content\/uploads\/2021\/06\/Librat-do-te-vazhdojne-te-jene..jpg?resize=696%2C464&#038;ssl=1\" width=\"696\" height=\"464\" srcset=\"https:\/\/i0.wp.com\/www.shqiperia.com\/blog\/wp-content\/uploads\/2021\/06\/Librat-do-te-vazhdojne-te-jene..jpg?resize=300%2C200&amp;ssl=1 300w, https:\/\/i0.wp.com\/www.shqiperia.com\/blog\/wp-content\/uploads\/2021\/06\/Librat-do-te-vazhdojne-te-jene..jpg?resize=600%2C400&amp;ssl=1 600w, https:\/\/i0.wp.com\/www.shqiperia.com\/blog\/wp-content\/uploads\/2021\/06\/Librat-do-te-vazhdojne-te-jene..jpg?resize=450%2C300&amp;ssl=1 450w, https:\/\/i0.wp.com\/www.shqiperia.com\/blog\/wp-content\/uploads\/2021\/06\/Librat-do-te-vazhdojne-te-jene..jpg?resize=400%2C266&amp;ssl=1 400w, https:\/\/i0.wp.com\/www.shqiperia.com\/blog\/wp-content\/uploads\/2021\/06\/Librat-do-te-vazhdojne-te-jene..jpg?w=638&amp;ssl=1 638w\" sizes=\"auto, (max-width: 696px) 100vw, 696px\" \/><p id=\"caption-attachment-48283\" class=\"wp-caption-text\">&#8211; Librat do t\u00eb vazhdojn\u00eb t\u00eb jen\u00eb.<\/p><\/div>\n<p>Librat do t\u00eb jen\u00eb v\u00ebrdall\u00eb edhe p\u00ebr shum\u00eb gjat\u00eb!<\/p>\n","protected":false},"excerpt":{"rendered":"<p>Parashikime p\u00ebr t\u00eb ardhmen: &#8211; \u00a0Librat? Do t\u00eb vazhdojn\u00eb t\u00eb jen\u00eb. Nje grup shkencetaresh per te ardhmen ne teknologji parashikojne: &#8211; \u00a0Librat do t\u00eb vazhdojn\u00eb t\u00eb jen\u00eb. -Edhe p\u00ebr t\u00eb pakt\u00ebn 50 vite, shkrimtar\u00ebt do t\u00eb vazhdojn\u00eb t\u00eb shkruajn\u00eb. Librat do t\u00eb vazhdojn\u00eb t\u00eb printohen (shtypen), njer\u00ebzit do t\u00eb vazhdojn\u00eb t\u00eb lexojn\u00eb n\u00eb autobus, tren [&hellip;]<\/p>\n","protected":false},"author":9,"featured_media":48281,"comment_status":"open","ping_status":"open","sticky":false,"template":"","format":"standard","meta":{"jetpack_post_was_ever_published":false,"_jetpack_newsletter_access":"","_jetpack_dont_email_post_to_subs":false,"_jetpack_newsletter_tier_id":0,"_jetpack_memberships_contains_paywalled_content":false,"_jetpack_memberships_contains_paid_content":false,"footnotes":"","jetpack_publicize_message":"","jetpack_publicize_feature_enabled":true,"jetpack_social_post_already_shared":true,"jetpack_social_options":{"image_generator_settings":{"template":"highway","default_image_id":0,"font":"","enabled":false},"version":2}},"categories":[85,10,14],"tags":[],"class_list":["post-48280","post","type-post","status-publish","format-standard","has-post-thumbnail","hentry","category-histori","category-kultura","category-press-releases"],"jetpack_publicize_connections":[],"jetpack_featured_media_url":"https:\/\/i0.wp.com\/www.shqiperia.com\/blog\/wp-content\/uploads\/2021\/06\/Un-covo-di-libri.png?fit=740%2C420&ssl=1","jetpack_sharing_enabled":true,"jetpack_shortlink":"https:\/\/wp.me\/p5Z6wp-cyI","jetpack-related-posts":[{"id":60468,"url":"https:\/\/www.shqiperia.com\/blog\/maqedoni-ne-librat-mesimore-te-gjimnazit-shkruhet-se-shqiptaret-turqit-dhe-romet-bejne-lindje-te-shumta-dhe-duhet-te-merren-masa\/","url_meta":{"origin":48280,"position":0},"title":"Maqedoni: N\u00eb librat mesimore te gjimnazit shkruhet se shqiptar\u00ebt, turqit dhe rom\u00ebt\u00a0 b\u00ebjn\u00eb lindje t\u00eb shumta dhe duhet t\u00eb merren masa.","author":"Kurt Farka","date":"August 2, 2022","format":false,"excerpt":"Nga: Artina Qazimi 2 Gusht 2022. \u201cPyetjen e dyt\u00eb dua t\u00eb ja parashtroj ministrit t\u00eb arsimit. Ju d\u00ebgjojm\u00eb duke u shitur patriota kur afrohen zgjedhjet e ju rrezikohet pushteti. Por ama, p\u00ebr m\u00eb shum\u00eb se nj\u00eb dekad\u00eb, n\u00eb tekste shkollore vazhdojn\u00eb t\u00eb ofendohen shqiptar\u00ebt, nd\u00ebrsa shumica e ministrave kan\u00eb qen\u00eb\u2026","rel":"","context":"In &quot;Kultura&quot;","block_context":{"text":"Kultura","link":"https:\/\/www.shqiperia.com\/blog\/category\/kultura\/"},"img":{"alt_text":"","src":"https:\/\/i0.wp.com\/www.shqiperia.com\/blog\/wp-content\/uploads\/2022\/08\/Artina-Qazimi.jpg?fit=750%2C430&ssl=1&resize=350%2C200","width":350,"height":200,"srcset":"https:\/\/i0.wp.com\/www.shqiperia.com\/blog\/wp-content\/uploads\/2022\/08\/Artina-Qazimi.jpg?fit=750%2C430&ssl=1&resize=350%2C200 1x, https:\/\/i0.wp.com\/www.shqiperia.com\/blog\/wp-content\/uploads\/2022\/08\/Artina-Qazimi.jpg?fit=750%2C430&ssl=1&resize=525%2C300 1.5x, https:\/\/i0.wp.com\/www.shqiperia.com\/blog\/wp-content\/uploads\/2022\/08\/Artina-Qazimi.jpg?fit=750%2C430&ssl=1&resize=700%2C400 2x"},"classes":[]},{"id":83587,"url":"https:\/\/www.shqiperia.com\/blog\/zbulimi-i-frikshem-i-shkencetareve-librat-e-vjeter-permbajne-toksina-qe-shkaktojne-vdekje-ndikon-ne-helmim-dhe-fertilitet\/","url_meta":{"origin":48280,"position":1},"title":"Zbulimi i friksh\u00ebm i shkenc\u00ebtar\u00ebve! &#8211; Librat e vjet\u00ebr p\u00ebrmbajn\u00eb toksina q\u00eb shkaktojn\u00eb vdekje. &#8211; Ndikon n\u00eb helmim dhe fertilitet","author":"Kurt Farka","date":"August 21, 2024","format":false,"excerpt":"21 Gusht 2024 Shkenc\u00ebtar\u00ebt kan\u00eb l\u00ebshuar nj\u00eb paralajm\u00ebrim p\u00ebr librat antik\u00eb q\u00eb p\u00ebrmbajn\u00eb substanca toksike. Librat q\u00eb datojn\u00eb m\u00eb shum\u00eb se 100 vjet m\u00eb par\u00eb jan\u00eb zbuluar se kan\u00eb ngjyra helmuese. Ato p\u00ebrfshijn\u00eb plumbin dhe kromin deri n\u00eb gjasht\u00eb her\u00eb mbi nivelet e pranueshme ligjore, sipas hulumtimeve t\u00eb reja. Njer\u00ebzve\u2026","rel":"","context":"In &quot;Blogu i Udh\u00ebtarit&quot;","block_context":{"text":"Blogu i Udh\u00ebtarit","link":"https:\/\/www.shqiperia.com\/blog\/category\/blogu-i-udhetarit\/"},"img":{"alt_text":"","src":"https:\/\/i0.wp.com\/www.shqiperia.com\/blog\/wp-content\/uploads\/2024\/08\/131126185636-tripitaka-koreana-library-horizontal-large-gallery-1068x561-1.jpg?fit=1068%2C561&ssl=1&resize=350%2C200","width":350,"height":200,"srcset":"https:\/\/i0.wp.com\/www.shqiperia.com\/blog\/wp-content\/uploads\/2024\/08\/131126185636-tripitaka-koreana-library-horizontal-large-gallery-1068x561-1.jpg?fit=1068%2C561&ssl=1&resize=350%2C200 1x, https:\/\/i0.wp.com\/www.shqiperia.com\/blog\/wp-content\/uploads\/2024\/08\/131126185636-tripitaka-koreana-library-horizontal-large-gallery-1068x561-1.jpg?fit=1068%2C561&ssl=1&resize=525%2C300 1.5x, https:\/\/i0.wp.com\/www.shqiperia.com\/blog\/wp-content\/uploads\/2024\/08\/131126185636-tripitaka-koreana-library-horizontal-large-gallery-1068x561-1.jpg?fit=1068%2C561&ssl=1&resize=700%2C400 2x, https:\/\/i0.wp.com\/www.shqiperia.com\/blog\/wp-content\/uploads\/2024\/08\/131126185636-tripitaka-koreana-library-horizontal-large-gallery-1068x561-1.jpg?fit=1068%2C561&ssl=1&resize=1050%2C600 3x"},"classes":[]},{"id":51058,"url":"https:\/\/www.shqiperia.com\/blog\/sa-bukur-te-vizatosh-mbi-librat-e-shkolles\/","url_meta":{"origin":48280,"position":2},"title":"\u201cSa bukur t\u00eb vizatosh mbi librat e shkoll\u00ebs!\u201d","author":"Kurt Farka","date":"November 3, 2021","format":false,"excerpt":"\u201cSa bukur t\u00eb vizatosh mbi librat e shkoll\u00ebs!\u201d A nuk vazhdojm\u00eb sot, si t\u00eb rritur dhe prind\u00ebr, t\u2019u themi f\u00ebmij\u00ebve t\u00eb mos shkarravisin librat? Kurse nga nj\u00eb k\u00ebndv\u00ebshtrim kontrovers, dikush tjet\u00ebr mund t\u00eb thoshte: \u201cSa bukur t\u00eb vizatosh mbi librat e shkoll\u00ebs!\u201d Po, \u00ebsht\u00eb bukur, sidomos kur k\u00ebto shkarravina bien\u2026","rel":"","context":"In &quot;Histori&quot;","block_context":{"text":"Histori","link":"https:\/\/www.shqiperia.com\/blog\/category\/histori\/"},"img":{"alt_text":"","src":"https:\/\/i0.wp.com\/www.shqiperia.com\/blog\/wp-content\/uploads\/2021\/11\/245141237_4536792829697935_6733690653304996349_n-Copy.jpg?fit=796%2C415&ssl=1&resize=350%2C200","width":350,"height":200,"srcset":"https:\/\/i0.wp.com\/www.shqiperia.com\/blog\/wp-content\/uploads\/2021\/11\/245141237_4536792829697935_6733690653304996349_n-Copy.jpg?fit=796%2C415&ssl=1&resize=350%2C200 1x, https:\/\/i0.wp.com\/www.shqiperia.com\/blog\/wp-content\/uploads\/2021\/11\/245141237_4536792829697935_6733690653304996349_n-Copy.jpg?fit=796%2C415&ssl=1&resize=525%2C300 1.5x, https:\/\/i0.wp.com\/www.shqiperia.com\/blog\/wp-content\/uploads\/2021\/11\/245141237_4536792829697935_6733690653304996349_n-Copy.jpg?fit=796%2C415&ssl=1&resize=700%2C400 2x"},"classes":[]},{"id":62985,"url":"https:\/\/www.shqiperia.com\/blog\/agim-janina-ne-shqiperi-librat-shiten-si-placka-te-vjetra-kembanat-po-ushtojne-vajtueshem\/","url_meta":{"origin":48280,"position":3},"title":"Agim Janina: &#8211; N\u00eb Shqip\u00ebri librat shiten si pla\u00e7ka t\u00eb vjetra, k\u00ebmbanat po ushtojn\u00eb vajtuesh\u00ebm","author":"Kurt Farka","date":"October 7, 2022","format":false,"excerpt":"7 Tetor 2022 \u201cTetori i Librit\u201d po vijon me aktivitete t\u00eb ndryshme, por p\u00ebr autor\u00eb dhe studiues problemet q\u00eb has libri dhe bibliotekat nuk jan\u00eb t\u00eb pakta. Studiuesi Agim Janina thot\u00eb se tek ne ka ende ka libra, q\u00eb shiten si pla\u00e7ka t\u00eb vjetra. Me kritika ndaj institucioneve n\u00eb vend\u2026","rel":"","context":"In &quot;Blogu i Udh\u00ebtarit&quot;","block_context":{"text":"Blogu i Udh\u00ebtarit","link":"https:\/\/www.shqiperia.com\/blog\/category\/blogu-i-udhetarit\/"},"img":{"alt_text":"","src":"https:\/\/i0.wp.com\/www.shqiperia.com\/blog\/wp-content\/uploads\/2022\/10\/Agim-Janina.jpg?fit=800%2C547&ssl=1&resize=350%2C200","width":350,"height":200,"srcset":"https:\/\/i0.wp.com\/www.shqiperia.com\/blog\/wp-content\/uploads\/2022\/10\/Agim-Janina.jpg?fit=800%2C547&ssl=1&resize=350%2C200 1x, https:\/\/i0.wp.com\/www.shqiperia.com\/blog\/wp-content\/uploads\/2022\/10\/Agim-Janina.jpg?fit=800%2C547&ssl=1&resize=525%2C300 1.5x, https:\/\/i0.wp.com\/www.shqiperia.com\/blog\/wp-content\/uploads\/2022\/10\/Agim-Janina.jpg?fit=800%2C547&ssl=1&resize=700%2C400 2x"},"classes":[]},{"id":24897,"url":"https:\/\/www.shqiperia.com\/blog\/nje-vjeshte-e-tmerrshme-ja-parashikimi-se-cfare-e-pret-ballkanin\/","url_meta":{"origin":48280,"position":4},"title":"\u201cNj\u00eb vjesht\u00eb e tmerrshme\u201d, ja parashikimi se \u00e7far\u00eb e pret Ballkanin. &#8211;","author":"Kurt Farka","date":"August 20, 2019","format":false,"excerpt":"\u201cNj\u00eb vjesht\u00eb e tmerrshme\u201d, ja parashikimi se \u00e7far\u00eb e pret Ballkanin. - 20 gusht 2019 Ndryshim moti dhe parashikime jo te mira per Ballkanin. Stuhi te forta, rrebeshe, madje edhe permbytja apo rreshqitje dherash do te \u201cshqetesojne\u201d Ballkanin deri nga fundi i shtatorit. Lajmin e raporton sh\u00ebrbimi meteorologjik\u00a0\u201cAccuWeather\u201d, ne faqen\u2026","rel":"","context":"In &quot;Blogu i Udh\u00ebtarit&quot;","block_context":{"text":"Blogu i Udh\u00ebtarit","link":"https:\/\/www.shqiperia.com\/blog\/category\/blogu-i-udhetarit\/"},"img":{"alt_text":"","src":"https:\/\/i0.wp.com\/www.shqiperia.com\/blog\/wp-content\/uploads\/2019\/08\/r23r3_9755.jpg?fit=590%2C332&ssl=1&resize=350%2C200","width":350,"height":200,"srcset":"https:\/\/i0.wp.com\/www.shqiperia.com\/blog\/wp-content\/uploads\/2019\/08\/r23r3_9755.jpg?fit=590%2C332&ssl=1&resize=350%2C200 1x, https:\/\/i0.wp.com\/www.shqiperia.com\/blog\/wp-content\/uploads\/2019\/08\/r23r3_9755.jpg?fit=590%2C332&ssl=1&resize=525%2C300 1.5x"},"classes":[]},{"id":88311,"url":"https:\/\/www.shqiperia.com\/blog\/ulje-temperaturash-ne-zonat-malore-vazhdojne-reshjet-e-bores\/","url_meta":{"origin":48280,"position":5},"title":"Ulje temperaturash n\u00eb zonat malore. &#8211; Vazhdojne reshjet e bores","author":"Kurt Farka","date":"January 12, 2025","format":false,"excerpt":"12 Janar 2024 Sot (12 janar) reshjet e shiut do t\u00eb jen\u00eb prezente prej or\u00ebve t\u00eb para t\u00eb m\u00ebngjesit dhe pritet t\u00eb vazhdojn\u00eb gjat\u00eb gjith\u00eb dit\u00ebs. Sipas Sh\u00ebrbimit Meteorologjik Ushtarak reshjet do t\u00eb jen\u00eb me intensitet mesatar, dhe n\u00eb m\u00ebnyr\u00eb t\u00eb vazhdueshme gjat\u00eb gjith\u00eb dit\u00ebs. N\u00eb intervale t\u00eb shkurtra kohore\u2026","rel":"","context":"In &quot;Blogu i Udh\u00ebtarit&quot;","block_context":{"text":"Blogu i Udh\u00ebtarit","link":"https:\/\/www.shqiperia.com\/blog\/category\/blogu-i-udhetarit\/"},"img":{"alt_text":"","src":"https:\/\/i0.wp.com\/www.shqiperia.com\/blog\/wp-content\/uploads\/2025\/01\/272200389_3214912922065322_9132864963123154251_n.jpg?fit=1200%2C900&ssl=1&resize=350%2C200","width":350,"height":200,"srcset":"https:\/\/i0.wp.com\/www.shqiperia.com\/blog\/wp-content\/uploads\/2025\/01\/272200389_3214912922065322_9132864963123154251_n.jpg?fit=1200%2C900&ssl=1&resize=350%2C200 1x, https:\/\/i0.wp.com\/www.shqiperia.com\/blog\/wp-content\/uploads\/2025\/01\/272200389_3214912922065322_9132864963123154251_n.jpg?fit=1200%2C900&ssl=1&resize=525%2C300 1.5x, https:\/\/i0.wp.com\/www.shqiperia.com\/blog\/wp-content\/uploads\/2025\/01\/272200389_3214912922065322_9132864963123154251_n.jpg?fit=1200%2C900&ssl=1&resize=700%2C400 2x, https:\/\/i0.wp.com\/www.shqiperia.com\/blog\/wp-content\/uploads\/2025\/01\/272200389_3214912922065322_9132864963123154251_n.jpg?fit=1200%2C900&ssl=1&resize=1050%2C600 3x"},"classes":[]}],"_links":{"self":[{"href":"https:\/\/www.shqiperia.com\/blog\/wp-json\/wp\/v2\/posts\/48280","targetHints":{"allow":["GET"]}}],"collection":[{"href":"https:\/\/www.shqiperia.com\/blog\/wp-json\/wp\/v2\/posts"}],"about":[{"href":"https:\/\/www.shqiperia.com\/blog\/wp-json\/wp\/v2\/types\/post"}],"author":[{"embeddable":true,"href":"https:\/\/www.shqiperia.com\/blog\/wp-json\/wp\/v2\/users\/9"}],"replies":[{"embeddable":true,"href":"https:\/\/www.shqiperia.com\/blog\/wp-json\/wp\/v2\/comments?post=48280"}],"version-history":[{"count":2,"href":"https:\/\/www.shqiperia.com\/blog\/wp-json\/wp\/v2\/posts\/48280\/revisions"}],"predecessor-version":[{"id":48285,"href":"https:\/\/www.shqiperia.com\/blog\/wp-json\/wp\/v2\/posts\/48280\/revisions\/48285"}],"wp:featuredmedia":[{"embeddable":true,"href":"https:\/\/www.shqiperia.com\/blog\/wp-json\/wp\/v2\/media\/48281"}],"wp:attachment":[{"href":"https:\/\/www.shqiperia.com\/blog\/wp-json\/wp\/v2\/media?parent=48280"}],"wp:term":[{"taxonomy":"category","embeddable":true,"href":"https:\/\/www.shqiperia.com\/blog\/wp-json\/wp\/v2\/categories?post=48280"},{"taxonomy":"post_tag","embeddable":true,"href":"https:\/\/www.shqiperia.com\/blog\/wp-json\/wp\/v2\/tags?post=48280"}],"curies":[{"name":"wp","href":"https:\/\/api.w.org\/{rel}","templated":true}]}}