{"id":48275,"date":"2021-06-30T09:15:22","date_gmt":"2021-06-30T09:15:22","guid":{"rendered":"https:\/\/www.shqiperia.com\/blog\/?p=48275"},"modified":"2021-06-30T09:15:22","modified_gmt":"2021-06-30T09:15:22","slug":"ambasadori-soreca-ndikoi-tek-gjykata-per-do-te-kerkojne-shpalljen-e-tij-non-grata","status":"publish","type":"post","link":"https:\/\/www.shqiperia.com\/blog\/ambasadori-soreca-ndikoi-tek-gjykata-per-do-te-kerkojne-shpalljen-e-tij-non-grata\/","title":{"rendered":"Ambasadori Soreca: Ndikoi tek gjykata p\u00ebr&#8230;  -\u201cDo t\u00eb k\u00ebrkojn\u00eb shpalljen e tij \u2018non grata\u2019\u201d"},"content":{"rendered":"<p><img data-recalc-dims=\"1\" loading=\"lazy\" decoding=\"async\" data-attachment-id=\"48276\" data-permalink=\"https:\/\/www.shqiperia.com\/blog\/ambasadori-soreca-ndikoi-tek-gjykata-per-do-te-kerkojne-shpalljen-e-tij-non-grata\/800-0-60dc325869ff5\/\" data-orig-file=\"https:\/\/i0.wp.com\/www.shqiperia.com\/blog\/wp-content\/uploads\/2021\/06\/800-0-60dc325869ff5.jpg?fit=800%2C428&amp;ssl=1\" data-orig-size=\"800,428\" data-comments-opened=\"1\" data-image-meta=\"{&quot;aperture&quot;:&quot;0&quot;,&quot;credit&quot;:&quot;&quot;,&quot;camera&quot;:&quot;&quot;,&quot;caption&quot;:&quot;&quot;,&quot;created_timestamp&quot;:&quot;0&quot;,&quot;copyright&quot;:&quot;&quot;,&quot;focal_length&quot;:&quot;0&quot;,&quot;iso&quot;:&quot;0&quot;,&quot;shutter_speed&quot;:&quot;0&quot;,&quot;title&quot;:&quot;&quot;,&quot;orientation&quot;:&quot;0&quot;}\" data-image-title=\"-800-0-60dc325869ff5\" data-image-description=\"\" data-image-caption=\"\" data-medium-file=\"https:\/\/i0.wp.com\/www.shqiperia.com\/blog\/wp-content\/uploads\/2021\/06\/800-0-60dc325869ff5.jpg?fit=300%2C161&amp;ssl=1\" data-large-file=\"https:\/\/i0.wp.com\/www.shqiperia.com\/blog\/wp-content\/uploads\/2021\/06\/800-0-60dc325869ff5.jpg?fit=800%2C428&amp;ssl=1\" class=\"alignnone  wp-image-48276\" alt=\"\" src=\"https:\/\/i0.wp.com\/www.shqiperia.com\/blog\/wp-content\/uploads\/2021\/06\/800-0-60dc325869ff5.jpg?resize=565%2C303&#038;ssl=1\" width=\"565\" height=\"303\" srcset=\"https:\/\/i0.wp.com\/www.shqiperia.com\/blog\/wp-content\/uploads\/2021\/06\/800-0-60dc325869ff5.jpg?resize=300%2C161&amp;ssl=1 300w, https:\/\/i0.wp.com\/www.shqiperia.com\/blog\/wp-content\/uploads\/2021\/06\/800-0-60dc325869ff5.jpg?resize=768%2C411&amp;ssl=1 768w, https:\/\/i0.wp.com\/www.shqiperia.com\/blog\/wp-content\/uploads\/2021\/06\/800-0-60dc325869ff5.jpg?resize=450%2C241&amp;ssl=1 450w, https:\/\/i0.wp.com\/www.shqiperia.com\/blog\/wp-content\/uploads\/2021\/06\/800-0-60dc325869ff5.jpg?resize=600%2C321&amp;ssl=1 600w, https:\/\/i0.wp.com\/www.shqiperia.com\/blog\/wp-content\/uploads\/2021\/06\/800-0-60dc325869ff5.jpg?resize=400%2C214&amp;ssl=1 400w, https:\/\/i0.wp.com\/www.shqiperia.com\/blog\/wp-content\/uploads\/2021\/06\/800-0-60dc325869ff5.jpg?w=800&amp;ssl=1 800w\" sizes=\"auto, (max-width: 565px) 100vw, 565px\" \/><\/p>\n<p>Ambasadori Soreca: Ndikoi tek gjykata p\u00ebr&#8230;<\/p>\n<p>\u201cDo t\u00eb k\u00ebrkojn\u00eb shpalljen e tij \u2018non grata\u2019\u201d. Nxehet keq situata, Klodiana Lala zbulon \u00e7far\u00eb po p\u00ebrgatit ky grupim n\u00eb Shqip\u00ebri p\u00ebr ambasadorin<\/p>\n<p>30 QERSHOR 2021<\/p>\n<p>Aleanca p\u00ebr Mbrojtjen e Teatrit ka ngritur akuza ndaj ambasadorit t\u00eb BE n\u00eb Tiran\u00eb, Luigi Soreca.<\/p>\n<p>Gazetarja Klodiana Lala, b\u00ebn t\u00eb ditur se Aleanca p\u00ebr Teatrin e akuzon ambasadorin Soreca se ka pasur nj\u00eb takim me gjyqtaren Vitore Tusha, dit\u00ebn e seanc\u00ebs p\u00ebr \u00e7\u00ebshtjen e Teatrit Komb\u00ebtar.<\/p>\n<p>Si\u00e7 m\u00ebson gazetarja Lala, Aleanca p\u00ebr Mbrojtjen e Teatrit ka th\u00ebn\u00eb se do t\u00eb k\u00ebrkoj\u00eb shpalljen \u201cnon grata\u201d t\u00eb ambasadorit Soreca.<\/p>\n<p>\u201cAn\u00ebtar\u00eb t\u00eb aleanc\u00ebs p\u00ebr teatrin t\u00eb cil\u00ebt punojn\u00eb tek bizneset t\u00eb godin\u00ebs s\u00eb Gjykat\u00ebs Kushtetuese, kan\u00eb konstatuar se dit\u00ebn e mbajtjes s\u00eb seanc\u00ebs, Luigi Soreca ka b\u00ebr\u00eb nj\u00eb takim jo publik me kreun e gjykat\u00ebs n\u00eb 16 qershor dhe m\u00eb pas ka dal\u00eb nga dera e pasme. Ne jemi shum\u00eb t\u00eb shqet\u00ebsuar sepse nuk e dim\u00eb p\u00ebrse ambasadori ka ardhur n\u00eb k\u00ebt\u00eb dit\u00eb seance. Kemi k\u00ebrkuar t\u00eb b\u00ebhet publike n\u00ebse ky takim ka pasur interes publik, kemi k\u00ebrkuar q\u00eb t\u00eb b\u00ebhet publike se \u00e7far\u00eb \u00ebsht\u00eb diskutuar. P\u00ebr ne fakti q\u00eb ambasadori \u00ebsht\u00eb larguar nga dera e pasme e godin\u00ebs, cenon shum\u00eb legjitimitetin e kryetares s\u00eb Gjykat\u00ebs dhe pavar\u00ebsin\u00eb nd\u00ebrkoh\u00eb q\u00eb kan\u00eb kryer k\u00ebt\u00eb takim pa e b\u00ebr\u00eb publik p\u00ebr mediat. Informacioni q\u00eb ne kemi \u00ebsht\u00eb se zoti Soreca ka ardhur p\u00ebr t\u00eb lobuar pro kryetarit t\u00eb Bashkis\u00eb sepse mendon se do e l\u00ebm\u00eb t\u00eb kaloj\u00eb aq leht\u00eb.?\u201d, u shpreh p\u00ebrfaq\u00ebsuesja e Aleanc\u00ebs p\u00ebr Teatrin.<\/p>\n<p>Gazeta Sot<\/p>\n","protected":false},"excerpt":{"rendered":"<p>Ambasadori Soreca: Ndikoi tek gjykata p\u00ebr&#8230; \u201cDo t\u00eb k\u00ebrkojn\u00eb shpalljen e tij \u2018non grata\u2019\u201d. Nxehet keq situata, Klodiana Lala zbulon \u00e7far\u00eb po p\u00ebrgatit ky grupim n\u00eb Shqip\u00ebri p\u00ebr ambasadorin 30 QERSHOR 2021 Aleanca p\u00ebr Mbrojtjen e Teatrit ka ngritur akuza ndaj ambasadorit t\u00eb BE n\u00eb Tiran\u00eb, Luigi Soreca. Gazetarja Klodiana Lala, b\u00ebn t\u00eb ditur se [&hellip;]<\/p>\n","protected":false},"author":9,"featured_media":48276,"comment_status":"open","ping_status":"open","sticky":false,"template":"","format":"standard","meta":{"jetpack_post_was_ever_published":false,"_jetpack_newsletter_access":"","_jetpack_dont_email_post_to_subs":false,"_jetpack_newsletter_tier_id":0,"_jetpack_memberships_contains_paywalled_content":false,"_jetpack_memberships_contains_paid_content":false,"footnotes":"","jetpack_publicize_message":"","jetpack_publicize_feature_enabled":true,"jetpack_social_post_already_shared":true,"jetpack_social_options":{"image_generator_settings":{"template":"highway","default_image_id":0,"font":"","enabled":false},"version":2}},"categories":[27,2,35],"tags":[],"class_list":["post-48275","post","type-post","status-publish","format-standard","has-post-thumbnail","hentry","category-blogu-i-udhetarit","category-politika","category-shoqerore"],"jetpack_publicize_connections":[],"jetpack_featured_media_url":"https:\/\/i0.wp.com\/www.shqiperia.com\/blog\/wp-content\/uploads\/2021\/06\/800-0-60dc325869ff5.jpg?fit=800%2C428&ssl=1","jetpack_sharing_enabled":true,"jetpack_shortlink":"https:\/\/wp.me\/p5Z6wp-cyD","jetpack-related-posts":[{"id":48306,"url":"https:\/\/www.shqiperia.com\/blog\/diversant-qe-ka-sabotuar-ceshtjen-e-teatrit-kombetar-regjisori-paralajmeron-padi-ne-spak-per-ambasadorin-soreca-kercen-valle-me-pushtetaret\/","url_meta":{"origin":48275,"position":0},"title":"\u201cDiversant q\u00eb ka sabotuar \u00e7\u00ebshtjen e Teatrit Komb\u00ebtar\u201d- Regjisori paralajm\u00ebron padi n\u00eb SPAK p\u00ebr ambasadorin Soreca: &#8211; K\u00ebrcen valle me pushtetar\u00ebt!","author":"Kurt Farka","date":"July 6, 2021","format":false,"excerpt":"\u201cDiversant q\u00eb ka sabotuar \u00e7\u00ebshtjen e Teatrit Komb\u00ebtar\u201d- Regjisori paralajm\u00ebron padi n\u00eb SPAK p\u00ebr ambasadorin Soreca: - K\u00ebrcen valle me pushtetar\u00ebt! 3 korrik 2021 Regjisori Edmond Budina e ka cil\u00ebsuar si historik vendimi i Gjykat\u00ebs Kushtetuese lidhur me \u00e7\u00ebshtjen e Teatrit Komb\u00ebtar. N\u00eb em\u00ebr t\u00eb Aleanc\u00ebs p\u00ebr Mbrojtjen e Teatrit\u2026","rel":"","context":"In &quot;Blogu i Udh\u00ebtarit&quot;","block_context":{"text":"Blogu i Udh\u00ebtarit","link":"https:\/\/www.shqiperia.com\/blog\/category\/blogu-i-udhetarit\/"},"img":{"alt_text":"","src":"https:\/\/i0.wp.com\/www.shqiperia.com\/blog\/wp-content\/uploads\/2021\/07\/Budina-Soreca.jpg?fit=600%2C358&ssl=1&resize=350%2C200","width":350,"height":200,"srcset":"https:\/\/i0.wp.com\/www.shqiperia.com\/blog\/wp-content\/uploads\/2021\/07\/Budina-Soreca.jpg?fit=600%2C358&ssl=1&resize=350%2C200 1x, https:\/\/i0.wp.com\/www.shqiperia.com\/blog\/wp-content\/uploads\/2021\/07\/Budina-Soreca.jpg?fit=600%2C358&ssl=1&resize=525%2C300 1.5x"},"classes":[]},{"id":23961,"url":"https:\/\/www.shqiperia.com\/blog\/fatos-lubonjaper-ambasadorin-soreca-ketu-ka-nje-problem-ose-jane-te-korruptuar-ose-te-paditur\/","url_meta":{"origin":48275,"position":1},"title":"Fatos Lubonja, p\u00ebr ambasadorin Soreca: &#8211; K\u00ebtu ka nj\u00eb problem ose jan\u00eb t\u00eb korruptuar, ose t\u00eb paditur","author":"Kurt Farka","date":"July 29, 2019","format":false,"excerpt":"Fatos Lubonja, p\u00ebr ambasadorin Soreca: - K\u00ebtu ka nj\u00eb problem ose jan\u00eb t\u00eb korruptuar, ose t\u00eb paditur 29 Korrik, 2019. Analisti Fatos Lubonja e shikon si nj\u00eb test p\u00ebr m\u00ebnyr\u00ebn si b\u00ebn politik\u00eb kryeministri Edi Rama \u00e7\u00ebshtjen e Teatrit Komb\u00ebtar. N\u00eb studion e News24, n\u00eb rubrik\u00ebn \u201cOpinion\u201d, Lubonja tha se\u2026","rel":"","context":"In &quot;Njoftime Shtypi&quot;","block_context":{"text":"Njoftime Shtypi","link":"https:\/\/www.shqiperia.com\/blog\/category\/njoftime-shtypi\/"},"img":{"alt_text":"","src":"https:\/\/i0.wp.com\/www.shqiperia.com\/blog\/wp-content\/uploads\/2019\/07\/lubonja-1.png?fit=605%2C309&ssl=1&resize=350%2C200","width":350,"height":200,"srcset":"https:\/\/i0.wp.com\/www.shqiperia.com\/blog\/wp-content\/uploads\/2019\/07\/lubonja-1.png?fit=605%2C309&ssl=1&resize=350%2C200 1x, https:\/\/i0.wp.com\/www.shqiperia.com\/blog\/wp-content\/uploads\/2019\/07\/lubonja-1.png?fit=605%2C309&ssl=1&resize=525%2C300 1.5x"},"classes":[]},{"id":36540,"url":"https:\/\/www.shqiperia.com\/blog\/perplasjet-per-ndryshimet-kushtetuese-reagon-shba-dhe-be-ja-pas-takimit-te-yuri-kim-dhe-luigi-soreca-kjo-eshte-thelbesore\/","url_meta":{"origin":48275,"position":2},"title":"P\u00ebrplasjet p\u00ebr ndryshimet Kushtetuese\/ Reagon SHBA dhe BE-ja pas takimit t\u00eb Yuri Kim dhe Luigi Soreca: Kjo \u00ebsht\u00eb thelb\u00ebsore","author":"Kurt Farka","date":"July 27, 2020","format":false,"excerpt":"P\u00ebrplasjet p\u00ebr ndryshimet Kushtetuese\/ Reagon SHBA dhe BE-ja pas takimit t\u00eb Yuri Kim dhe Luigi Soreca: Kjo \u00ebsht\u00eb thelb\u00ebsore 27 KORRIK 2020 Ka p\u00ebrfunduar takimi i ambasadores s\u00eb SHBA Yuri Kim dhe ambasadorit t\u00eb BE Luigi Soreca, me kryeministrin Edi Rama,\u00a0t\u00eb cil\u00ebt i kan\u00eb shkuar n\u00eb zyr\u00eb dit\u00ebn e sotme.\u2026","rel":"","context":"In &quot;Blogu i Udh\u00ebtarit&quot;","block_context":{"text":"Blogu i Udh\u00ebtarit","link":"https:\/\/www.shqiperia.com\/blog\/category\/blogu-i-udhetarit\/"},"img":{"alt_text":"","src":"https:\/\/i0.wp.com\/www.shqiperia.com\/blog\/wp-content\/uploads\/2020\/07\/800-0-5f1e9fbbc2a2b.jpg?fit=765%2C374&ssl=1&resize=350%2C200","width":350,"height":200,"srcset":"https:\/\/i0.wp.com\/www.shqiperia.com\/blog\/wp-content\/uploads\/2020\/07\/800-0-5f1e9fbbc2a2b.jpg?fit=765%2C374&ssl=1&resize=350%2C200 1x, https:\/\/i0.wp.com\/www.shqiperia.com\/blog\/wp-content\/uploads\/2020\/07\/800-0-5f1e9fbbc2a2b.jpg?fit=765%2C374&ssl=1&resize=525%2C300 1.5x, https:\/\/i0.wp.com\/www.shqiperia.com\/blog\/wp-content\/uploads\/2020\/07\/800-0-5f1e9fbbc2a2b.jpg?fit=765%2C374&ssl=1&resize=700%2C400 2x"},"classes":[]},{"id":22797,"url":"https:\/\/www.shqiperia.com\/blog\/postimi-i-trete-i-metes-kam-disa-pyetje-per-ambasadorin-soreca\/","url_meta":{"origin":48275,"position":3},"title":"Postimi i tret\u00eb i Met\u00ebs: Kam disa pyetje p\u00ebr ambasadorin Soreca. &#8211;","author":"Kurt Farka","date":"July 3, 2019","format":false,"excerpt":"Postimi i tret\u00eb i Met\u00ebs: Kam disa pyetje p\u00ebr ambasadorin Soreca. - 3 korrik 2019 Presidenti Ilir Meta, k\u00ebt\u00eb her\u00eb\u00a0 i \u00ebsht\u00eb drejtuar n\u00eb m\u00ebnyr\u00eb direkte dhe publike ambasadorit t\u00eb BE, Luigi Soreca duke i th\u00ebn\u00eb se nuk ka b\u00ebr\u00eb p\u00ebrpjekje t\u00eb sinqerta p\u00ebr dialog mes pal\u00ebve. Nd\u00ebr t\u00eb tjera,\u2026","rel":"","context":"In &quot;Blogu i Udh\u00ebtarit&quot;","block_context":{"text":"Blogu i Udh\u00ebtarit","link":"https:\/\/www.shqiperia.com\/blog\/category\/blogu-i-udhetarit\/"},"img":{"alt_text":"","src":"https:\/\/i0.wp.com\/www.shqiperia.com\/blog\/wp-content\/uploads\/2019\/07\/meta-soreca-1024x682-905x450.jpg?fit=905%2C450&ssl=1&resize=350%2C200","width":350,"height":200,"srcset":"https:\/\/i0.wp.com\/www.shqiperia.com\/blog\/wp-content\/uploads\/2019\/07\/meta-soreca-1024x682-905x450.jpg?fit=905%2C450&ssl=1&resize=350%2C200 1x, https:\/\/i0.wp.com\/www.shqiperia.com\/blog\/wp-content\/uploads\/2019\/07\/meta-soreca-1024x682-905x450.jpg?fit=905%2C450&ssl=1&resize=525%2C300 1.5x, https:\/\/i0.wp.com\/www.shqiperia.com\/blog\/wp-content\/uploads\/2019\/07\/meta-soreca-1024x682-905x450.jpg?fit=905%2C450&ssl=1&resize=700%2C400 2x"},"classes":[]},{"id":22565,"url":"https:\/\/www.shqiperia.com\/blog\/ambasadori-i-be-zbret-ne-terren-raporti-neser-sot-vetem-vezhgojme\/","url_meta":{"origin":48275,"position":4},"title":"Ambasadori i BE zbret n\u00eb terren: Raporti nes\u00ebr, sot vet\u00ebm v\u00ebzhgojm\u00eb. &#8211;","author":"Kurt Farka","date":"June 30, 2019","format":false,"excerpt":"Ambasadori i BE zbret n\u00eb terren: Raporti nes\u00ebr, sot vet\u00ebm v\u00ebzhgojm\u00eb. - 30 qershor 2019 Ambasadori i BE n\u00eb terren: Raporti nes\u00ebr, sot vet\u00ebm v\u00ebzhgojm\u00eb Ambasadori i BE Luigi Soreca ka zbritur n\u00eb terren k\u00ebt\u00eb 30 qershor. Soreca ka zgjedhur t\u00eb inspektoj\u00eb qendr\u00ebn e votimit, tek \u2018Liceu artistik\u2019, n\u00eb kryeqytet.\u2026","rel":"","context":"In &quot;Blogu i Udh\u00ebtarit&quot;","block_context":{"text":"Blogu i Udh\u00ebtarit","link":"https:\/\/www.shqiperia.com\/blog\/category\/blogu-i-udhetarit\/"},"img":{"alt_text":"","src":"https:\/\/i0.wp.com\/www.shqiperia.com\/blog\/wp-content\/uploads\/2019\/06\/WhatsApp-Image-2019-06-30-at-11.25.09-770x433-905x450-1.jpeg?fit=856%2C450&ssl=1&resize=350%2C200","width":350,"height":200,"srcset":"https:\/\/i0.wp.com\/www.shqiperia.com\/blog\/wp-content\/uploads\/2019\/06\/WhatsApp-Image-2019-06-30-at-11.25.09-770x433-905x450-1.jpeg?fit=856%2C450&ssl=1&resize=350%2C200 1x, https:\/\/i0.wp.com\/www.shqiperia.com\/blog\/wp-content\/uploads\/2019\/06\/WhatsApp-Image-2019-06-30-at-11.25.09-770x433-905x450-1.jpeg?fit=856%2C450&ssl=1&resize=525%2C300 1.5x, https:\/\/i0.wp.com\/www.shqiperia.com\/blog\/wp-content\/uploads\/2019\/06\/WhatsApp-Image-2019-06-30-at-11.25.09-770x433-905x450-1.jpeg?fit=856%2C450&ssl=1&resize=700%2C400 2x"},"classes":[]},{"id":35383,"url":"https:\/\/www.shqiperia.com\/blog\/zgjedhorja-mbledh-serish-ambasadoret-nis-takimi-ne-zyren-e-soreca-s-ja-cfare-pritet\/","url_meta":{"origin":48275,"position":5},"title":"\u2018Zgjedhorja\u2019 mbledh s\u00ebrish ambasador\u00ebt, nis takimi n\u00eb zyr\u00ebn e Soreca-s, ja \u00e7far\u00eb pritet","author":"Kurt Farka","date":"June 4, 2020","format":false,"excerpt":"\u2018Zgjedhorja\u2019 mbledh s\u00ebrish ambasador\u00ebt, nis takimi n\u00eb zyr\u00ebn e Soreca-s, ja \u00e7far\u00eb pritet 4 QERSHOR 2020 Nis takimi n\u00eb zyr\u00ebn e delegacionit t\u00eb BE-s\u00eb, mes ambasadores Amerikane Juri Kim, ambasadorit t\u00eb Mbret\u00ebris\u00eb s\u00eb Bashkuar Duncan Norman, Bernd Borchardt i OSBE dhe atij gjerman Peter Zingraf. Ka qen\u00eb ambasadori Luigi Soreca\u2026","rel":"","context":"In &quot;Blogu i Udh\u00ebtarit&quot;","block_context":{"text":"Blogu i Udh\u00ebtarit","link":"https:\/\/www.shqiperia.com\/blog\/category\/blogu-i-udhetarit\/"},"img":{"alt_text":"","src":"https:\/\/i0.wp.com\/www.shqiperia.com\/blog\/wp-content\/uploads\/2020\/06\/800-0-5ed8bd7fa1f3e.jpg?fit=730%2C334&ssl=1&resize=350%2C200","width":350,"height":200,"srcset":"https:\/\/i0.wp.com\/www.shqiperia.com\/blog\/wp-content\/uploads\/2020\/06\/800-0-5ed8bd7fa1f3e.jpg?fit=730%2C334&ssl=1&resize=350%2C200 1x, https:\/\/i0.wp.com\/www.shqiperia.com\/blog\/wp-content\/uploads\/2020\/06\/800-0-5ed8bd7fa1f3e.jpg?fit=730%2C334&ssl=1&resize=525%2C300 1.5x, https:\/\/i0.wp.com\/www.shqiperia.com\/blog\/wp-content\/uploads\/2020\/06\/800-0-5ed8bd7fa1f3e.jpg?fit=730%2C334&ssl=1&resize=700%2C400 2x"},"classes":[]}],"_links":{"self":[{"href":"https:\/\/www.shqiperia.com\/blog\/wp-json\/wp\/v2\/posts\/48275","targetHints":{"allow":["GET"]}}],"collection":[{"href":"https:\/\/www.shqiperia.com\/blog\/wp-json\/wp\/v2\/posts"}],"about":[{"href":"https:\/\/www.shqiperia.com\/blog\/wp-json\/wp\/v2\/types\/post"}],"author":[{"embeddable":true,"href":"https:\/\/www.shqiperia.com\/blog\/wp-json\/wp\/v2\/users\/9"}],"replies":[{"embeddable":true,"href":"https:\/\/www.shqiperia.com\/blog\/wp-json\/wp\/v2\/comments?post=48275"}],"version-history":[{"count":1,"href":"https:\/\/www.shqiperia.com\/blog\/wp-json\/wp\/v2\/posts\/48275\/revisions"}],"predecessor-version":[{"id":48277,"href":"https:\/\/www.shqiperia.com\/blog\/wp-json\/wp\/v2\/posts\/48275\/revisions\/48277"}],"wp:featuredmedia":[{"embeddable":true,"href":"https:\/\/www.shqiperia.com\/blog\/wp-json\/wp\/v2\/media\/48276"}],"wp:attachment":[{"href":"https:\/\/www.shqiperia.com\/blog\/wp-json\/wp\/v2\/media?parent=48275"}],"wp:term":[{"taxonomy":"category","embeddable":true,"href":"https:\/\/www.shqiperia.com\/blog\/wp-json\/wp\/v2\/categories?post=48275"},{"taxonomy":"post_tag","embeddable":true,"href":"https:\/\/www.shqiperia.com\/blog\/wp-json\/wp\/v2\/tags?post=48275"}],"curies":[{"name":"wp","href":"https:\/\/api.w.org\/{rel}","templated":true}]}}