{"id":48272,"date":"2021-06-30T08:57:24","date_gmt":"2021-06-30T08:57:24","guid":{"rendered":"https:\/\/www.shqiperia.com\/blog\/?p=48272"},"modified":"2021-06-30T08:58:49","modified_gmt":"2021-06-30T08:58:49","slug":"varianti-delta-ekspertet-paralajmerojne-valen-e-trete","status":"publish","type":"post","link":"https:\/\/www.shqiperia.com\/blog\/varianti-delta-ekspertet-paralajmerojne-valen-e-trete\/","title":{"rendered":"Varianti Delta, ekspert\u00ebt paralajm\u00ebrojn\u00eb val\u00ebn e tret\u00eb"},"content":{"rendered":"<p><img data-recalc-dims=\"1\" loading=\"lazy\" decoding=\"async\" data-attachment-id=\"48273\" data-permalink=\"https:\/\/www.shqiperia.com\/blog\/varianti-delta-ekspertet-paralajmerojne-valen-e-trete\/800-0-60d87e1f5d37d\/\" data-orig-file=\"https:\/\/i0.wp.com\/www.shqiperia.com\/blog\/wp-content\/uploads\/2021\/06\/800-0-60d87e1f5d37d.jpg?fit=800%2C450&amp;ssl=1\" data-orig-size=\"800,450\" data-comments-opened=\"1\" data-image-meta=\"{&quot;aperture&quot;:&quot;0&quot;,&quot;credit&quot;:&quot;&quot;,&quot;camera&quot;:&quot;&quot;,&quot;caption&quot;:&quot;&quot;,&quot;created_timestamp&quot;:&quot;0&quot;,&quot;copyright&quot;:&quot;&quot;,&quot;focal_length&quot;:&quot;0&quot;,&quot;iso&quot;:&quot;0&quot;,&quot;shutter_speed&quot;:&quot;0&quot;,&quot;title&quot;:&quot;&quot;,&quot;orientation&quot;:&quot;0&quot;}\" data-image-title=\"-800-0-60d87e1f5d37d\" data-image-description=\"\" data-image-caption=\"\" data-medium-file=\"https:\/\/i0.wp.com\/www.shqiperia.com\/blog\/wp-content\/uploads\/2021\/06\/800-0-60d87e1f5d37d.jpg?fit=300%2C169&amp;ssl=1\" data-large-file=\"https:\/\/i0.wp.com\/www.shqiperia.com\/blog\/wp-content\/uploads\/2021\/06\/800-0-60d87e1f5d37d.jpg?fit=800%2C450&amp;ssl=1\" class=\"alignnone wp-image-48273\" alt=\"\" src=\"https:\/\/i0.wp.com\/www.shqiperia.com\/blog\/wp-content\/uploads\/2021\/06\/800-0-60d87e1f5d37d.jpg?resize=511%2C288&#038;ssl=1\" width=\"511\" height=\"288\" srcset=\"https:\/\/i0.wp.com\/www.shqiperia.com\/blog\/wp-content\/uploads\/2021\/06\/800-0-60d87e1f5d37d.jpg?resize=300%2C169&amp;ssl=1 300w, https:\/\/i0.wp.com\/www.shqiperia.com\/blog\/wp-content\/uploads\/2021\/06\/800-0-60d87e1f5d37d.jpg?resize=768%2C432&amp;ssl=1 768w, https:\/\/i0.wp.com\/www.shqiperia.com\/blog\/wp-content\/uploads\/2021\/06\/800-0-60d87e1f5d37d.jpg?resize=450%2C253&amp;ssl=1 450w, https:\/\/i0.wp.com\/www.shqiperia.com\/blog\/wp-content\/uploads\/2021\/06\/800-0-60d87e1f5d37d.jpg?resize=600%2C338&amp;ssl=1 600w, https:\/\/i0.wp.com\/www.shqiperia.com\/blog\/wp-content\/uploads\/2021\/06\/800-0-60d87e1f5d37d.jpg?resize=400%2C225&amp;ssl=1 400w, https:\/\/i0.wp.com\/www.shqiperia.com\/blog\/wp-content\/uploads\/2021\/06\/800-0-60d87e1f5d37d.jpg?w=800&amp;ssl=1 800w\" sizes=\"auto, (max-width: 511px) 100vw, 511px\" \/><\/p>\n<p>Varianti Delta, ekspert\u00ebt paralajm\u00ebrojn\u00eb val\u00ebn e tret\u00eb<\/p>\n<p>27 QERSHOR 2021<\/p>\n<p>Varianti Delta i koronavirusit, i cili \u00ebsht\u00eb shum\u00eb leht\u00eb i transmetuesh\u00ebm, po b\u00ebn \u201ck\u00ebrdin\u00eb\u201d n\u00eb Angli.<\/p>\n<p>Vet\u00ebm n\u00eb 24 or\u00ebt e fundit jan\u00eb infektuar 18.270 qytetar\u00eb, shifra m\u00eb e lart\u00eb q\u00eb nga 3 shkurti i k\u00ebtij viti. Nd\u00ebrkoh\u00eb 23 persona kan\u00eb humbur jet\u00ebn, duke e \u00e7uar n\u00eb 128.089 numrin e viktimave q\u00eb nga fillimi i pandemis\u00eb.<\/p>\n<p>Ekspert\u00ebt kan\u00eb paralajm\u00ebruar se vendi \u00ebsht\u00eb n\u00eb prag t\u00eb p\u00ebrfshirjes nga vala e tret\u00eb e COVID, por kjo \u00ebsht\u00eb shum\u00eb shqet\u00ebsuese, pasi Anglia ka vaksinuar me t\u00eb pakt\u00ebn 1 doz\u00eb 44 milion\u00eb qytetar\u00eb, por s\u00ebrish shifrat e infektimeve jan\u00eb alarmante.<\/p>\n","protected":false},"excerpt":{"rendered":"<p>Varianti Delta, ekspert\u00ebt paralajm\u00ebrojn\u00eb val\u00ebn e tret\u00eb 27 QERSHOR 2021 Varianti Delta i koronavirusit, i cili \u00ebsht\u00eb shum\u00eb leht\u00eb i transmetuesh\u00ebm, po b\u00ebn \u201ck\u00ebrdin\u00eb\u201d n\u00eb Angli. Vet\u00ebm n\u00eb 24 or\u00ebt e fundit jan\u00eb infektuar 18.270 qytetar\u00eb, shifra m\u00eb e lart\u00eb q\u00eb nga 3 shkurti i k\u00ebtij viti. Nd\u00ebrkoh\u00eb 23 persona kan\u00eb humbur jet\u00ebn, duke e [&hellip;]<\/p>\n","protected":false},"author":9,"featured_media":48273,"comment_status":"open","ping_status":"open","sticky":false,"template":"","format":"standard","meta":{"jetpack_post_was_ever_published":false,"_jetpack_newsletter_access":"","_jetpack_dont_email_post_to_subs":false,"_jetpack_newsletter_tier_id":0,"_jetpack_memberships_contains_paywalled_content":false,"_jetpack_memberships_contains_paid_content":false,"footnotes":"","jetpack_publicize_message":"","jetpack_publicize_feature_enabled":true,"jetpack_social_post_already_shared":true,"jetpack_social_options":{"image_generator_settings":{"template":"highway","default_image_id":0,"font":"","enabled":false},"version":2}},"categories":[27,35],"tags":[],"class_list":["post-48272","post","type-post","status-publish","format-standard","has-post-thumbnail","hentry","category-blogu-i-udhetarit","category-shoqerore"],"jetpack_publicize_connections":[],"jetpack_featured_media_url":"https:\/\/i0.wp.com\/www.shqiperia.com\/blog\/wp-content\/uploads\/2021\/06\/800-0-60d87e1f5d37d.jpg?fit=800%2C450&ssl=1","jetpack_sharing_enabled":true,"jetpack_shortlink":"https:\/\/wp.me\/p5Z6wp-cyA","jetpack-related-posts":[{"id":53167,"url":"https:\/\/www.shqiperia.com\/blog\/shkencetaret-dalin-me-paralajmerimin-e-frikshem-ja-cfare-pritet-pas-omicron\/","url_meta":{"origin":48272,"position":0},"title":"Shkenc\u00ebtar\u00ebt dalin me paralajm\u00ebrimin e friksh\u00ebm: &#8211; Ja \u00e7far\u00eb pritet pas Omicron","author":"Kurt Farka","date":"January 16, 2022","format":false,"excerpt":"Shkenc\u00ebtar\u00ebt dalin me paralajm\u00ebrimin e friksh\u00ebm: - Ja \u00e7far\u00eb pritet pas Omicron 16 JANAR 2022 Omicron si duket nuk do t\u00eb jet\u00eb varianti i fundit i Covid-19. Ekspert\u00ebt po paralajm\u00ebrojn\u00eb se mund t\u00eb dalin variante t\u00eb tjera t\u00eb Covid-19. \u201cSa m\u00eb shpejt t\u00eb p\u00ebrhapet Omicron, aq m\u00eb shum\u00eb mund\u00ebsi ka\u2026","rel":"","context":"In &quot;Njoftime Shtypi&quot;","block_context":{"text":"Njoftime Shtypi","link":"https:\/\/www.shqiperia.com\/blog\/category\/njoftime-shtypi\/"},"img":{"alt_text":"","src":"https:\/\/i0.wp.com\/www.shqiperia.com\/blog\/wp-content\/uploads\/2022\/01\/800-0-61e3f13b640ab.jpg?fit=800%2C427&ssl=1&resize=350%2C200","width":350,"height":200,"srcset":"https:\/\/i0.wp.com\/www.shqiperia.com\/blog\/wp-content\/uploads\/2022\/01\/800-0-61e3f13b640ab.jpg?fit=800%2C427&ssl=1&resize=350%2C200 1x, https:\/\/i0.wp.com\/www.shqiperia.com\/blog\/wp-content\/uploads\/2022\/01\/800-0-61e3f13b640ab.jpg?fit=800%2C427&ssl=1&resize=525%2C300 1.5x, https:\/\/i0.wp.com\/www.shqiperia.com\/blog\/wp-content\/uploads\/2022\/01\/800-0-61e3f13b640ab.jpg?fit=800%2C427&ssl=1&resize=700%2C400 2x"},"classes":[]},{"id":50770,"url":"https:\/\/www.shqiperia.com\/blog\/variant-i-ri-i-covid-mutacioni-i-delta-plus-po-shqeteson-ekspertet\/","url_meta":{"origin":48272,"position":1},"title":"Variant i ri i COVID. \u00a0Mutacioni i Delta Plus po shqet\u00ebson ekspert\u00ebt","author":"Kurt Farka","date":"October 21, 2021","format":false,"excerpt":"Variant i ri i COVID. \u00a0Mutacioni i Delta Plus po shqet\u00ebson ekspert\u00ebt 21 TETOR 2021 Nj\u00eb mutacion i zbuluar s\u00eb fundmi tek varianti delta po hetohet n\u00eb Mbret\u00ebrin\u00eb e Bashkuar, prej shqet\u00ebsimeve se mund ta b\u00ebj\u00eb virusin edhe m\u00eb t\u00eb transmetuesh\u00ebm, duke c\u00ebnuar m\u00eb tej efektshm\u00ebrin\u00eb e vaksinave. Megjithat\u00eb, ka\u2026","rel":"","context":"In &quot;Blogu i Udh\u00ebtarit&quot;","block_context":{"text":"Blogu i Udh\u00ebtarit","link":"https:\/\/www.shqiperia.com\/blog\/category\/blogu-i-udhetarit\/"},"img":{"alt_text":"","src":"https:\/\/i0.wp.com\/www.shqiperia.com\/blog\/wp-content\/uploads\/2021\/10\/640-0-b65c8867a5cb034085988bdf7455439f.jpg?fit=640%2C360&ssl=1&resize=350%2C200","width":350,"height":200,"srcset":"https:\/\/i0.wp.com\/www.shqiperia.com\/blog\/wp-content\/uploads\/2021\/10\/640-0-b65c8867a5cb034085988bdf7455439f.jpg?fit=640%2C360&ssl=1&resize=350%2C200 1x, https:\/\/i0.wp.com\/www.shqiperia.com\/blog\/wp-content\/uploads\/2021\/10\/640-0-b65c8867a5cb034085988bdf7455439f.jpg?fit=640%2C360&ssl=1&resize=525%2C300 1.5x"},"classes":[]},{"id":44861,"url":"https:\/\/www.shqiperia.com\/blog\/ekspertet-paralajmerojne-vale-te-katert-infektimesh-rrezikojme-te-humbasim-plotesisht\/","url_meta":{"origin":48272,"position":2},"title":"Ekspert\u00ebt paralajm\u00ebrojn\u00eb val\u00eb t\u00eb kat\u00ebrt infektimesh: &#8211; Rrezikojm\u00eb t\u00eb humbasim plot\u00ebsisht\u2026!","author":"Kurt Farka","date":"March 3, 2021","format":false,"excerpt":"Ekspert\u00ebt paralajm\u00ebrojn\u00eb val\u00eb t\u00eb kat\u00ebrt infektimesh: - Rrezikojm\u00eb t\u00eb humbasim plot\u00ebsisht\u2026! - 02.03.21 P\u00ebrhapja e varianteve t\u00eb reja m\u00eb ngjit\u00ebse tw koronavirusit k\u00ebrc\u00ebnon t\u00eb nxis\u00eb nj\u00eb val\u00eb t\u00eb kat\u00ebrt tw infektimeve n\u00eb Shtetet e Bashkuara, paralajm\u00ebrojn\u00eb ekspert\u00ebt e sh\u00ebndet\u00ebsis\u00eb. Shefja e qendr\u00ebs p\u00ebr kontrollin dhe parandalimin e s\u00ebmundjeve, Dr. Rochelle\u2026","rel":"","context":"In &quot;Blogu i Udh\u00ebtarit&quot;","block_context":{"text":"Blogu i Udh\u00ebtarit","link":"https:\/\/www.shqiperia.com\/blog\/category\/blogu-i-udhetarit\/"},"img":{"alt_text":"","src":"https:\/\/i0.wp.com\/www.shqiperia.com\/blog\/wp-content\/uploads\/2021\/03\/maske-770x433-1.jpg?fit=770%2C433&ssl=1&resize=350%2C200","width":350,"height":200,"srcset":"https:\/\/i0.wp.com\/www.shqiperia.com\/blog\/wp-content\/uploads\/2021\/03\/maske-770x433-1.jpg?fit=770%2C433&ssl=1&resize=350%2C200 1x, https:\/\/i0.wp.com\/www.shqiperia.com\/blog\/wp-content\/uploads\/2021\/03\/maske-770x433-1.jpg?fit=770%2C433&ssl=1&resize=525%2C300 1.5x, https:\/\/i0.wp.com\/www.shqiperia.com\/blog\/wp-content\/uploads\/2021\/03\/maske-770x433-1.jpg?fit=770%2C433&ssl=1&resize=700%2C400 2x"},"classes":[]},{"id":53775,"url":"https:\/\/www.shqiperia.com\/blog\/varianti-omicron-simptomat-tek-femijet-shfaqen-ndryshe-flasin-ekspertet\/","url_meta":{"origin":48272,"position":3},"title":"Varianti Omicron, simptomat tek f\u00ebmij\u00ebt shfaqen ndryshe, flasin ekspert\u00ebt","author":"Kurt Farka","date":"February 6, 2022","format":false,"excerpt":"Varianti Omicron, simptomat tek f\u00ebmij\u00ebt shfaqen ndryshe, flasin ekspert\u00ebt 5 shkurt 2022 Rreth 20% e 5 milion e 300 mij\u00eb f\u00ebmij\u00ebve t\u00eb mosh\u00ebs nga 5 \u2013 11 vje\u00e7 jan\u00eb vaksinuar t\u00eb pakt\u00ebn me nj\u00eb doz\u00eb, dhe rreth 60% e adoleshent\u00ebve deri n\u00eb 17 vje\u00e7 me t\u00eb dy dozat. Simptomat kryesore\u2026","rel":"","context":"In &quot;Blogu i Udh\u00ebtarit&quot;","block_context":{"text":"Blogu i Udh\u00ebtarit","link":"https:\/\/www.shqiperia.com\/blog\/category\/blogu-i-udhetarit\/"},"img":{"alt_text":"","src":"https:\/\/i0.wp.com\/www.shqiperia.com\/blog\/wp-content\/uploads\/2022\/02\/2-108-905x450-1.jpg?fit=905%2C450&ssl=1&resize=350%2C200","width":350,"height":200,"srcset":"https:\/\/i0.wp.com\/www.shqiperia.com\/blog\/wp-content\/uploads\/2022\/02\/2-108-905x450-1.jpg?fit=905%2C450&ssl=1&resize=350%2C200 1x, https:\/\/i0.wp.com\/www.shqiperia.com\/blog\/wp-content\/uploads\/2022\/02\/2-108-905x450-1.jpg?fit=905%2C450&ssl=1&resize=525%2C300 1.5x, https:\/\/i0.wp.com\/www.shqiperia.com\/blog\/wp-content\/uploads\/2022\/02\/2-108-905x450-1.jpg?fit=905%2C450&ssl=1&resize=700%2C400 2x"},"classes":[]},{"id":51168,"url":"https:\/\/www.shqiperia.com\/blog\/epidemiologet-te-frikesuar-paralajmerojne-cfare-mund-te-ndodhe-vala-e-katert-e-infektimeve-mund-te\/","url_meta":{"origin":48272,"position":4},"title":"Epidemiolog\u00ebt t\u00eb frik\u00ebsuar, paralajm\u00ebrojn\u00eb \u00e7far\u00eb mund t\u00eb ndodh\u00eb: Vala e kat\u00ebrt e infektimeve mund t\u00eb&#8230;","author":"Kurt Farka","date":"November 8, 2021","format":false,"excerpt":"Epidemiolog\u00ebt t\u00eb frik\u00ebsuar, paralajm\u00ebrojn\u00eb \u00e7far\u00eb mund t\u00eb ndodh\u00eb: Vala e kat\u00ebrt e infektimeve mund t\u00eb... 8 N\u00cbNTOR 2021 Rritje infektimesh kudo n\u00eb Evrop\u00eb. Ka nj\u00eb s\u00ebr\u00eb arsyesh p\u00ebr k\u00ebt\u00eb gjendje \u2013 nga skepticizmi tek vaksina, r\u00ebnia e fuqis\u00eb mbrojt\u00ebse t\u00eb saj deri tek moti i ftoht\u00eb. Shum\u00eb vende po shtr\u00ebngojn\u00eb\u2026","rel":"","context":"In &quot;Blogu i Udh\u00ebtarit&quot;","block_context":{"text":"Blogu i Udh\u00ebtarit","link":"https:\/\/www.shqiperia.com\/blog\/category\/blogu-i-udhetarit\/"},"img":{"alt_text":"","src":"https:\/\/i0.wp.com\/www.shqiperia.com\/blog\/wp-content\/uploads\/2021\/11\/800-0-6188d9abbabaa.jpg?fit=800%2C450&ssl=1&resize=350%2C200","width":350,"height":200,"srcset":"https:\/\/i0.wp.com\/www.shqiperia.com\/blog\/wp-content\/uploads\/2021\/11\/800-0-6188d9abbabaa.jpg?fit=800%2C450&ssl=1&resize=350%2C200 1x, https:\/\/i0.wp.com\/www.shqiperia.com\/blog\/wp-content\/uploads\/2021\/11\/800-0-6188d9abbabaa.jpg?fit=800%2C450&ssl=1&resize=525%2C300 1.5x, https:\/\/i0.wp.com\/www.shqiperia.com\/blog\/wp-content\/uploads\/2021\/11\/800-0-6188d9abbabaa.jpg?fit=800%2C450&ssl=1&resize=700%2C400 2x"},"classes":[]},{"id":43877,"url":"https:\/\/www.shqiperia.com\/blog\/ekspertet-ngrene-alarmin-po-shfaqet-nje-semundje-e-rralle-prek-me-se-shumti-kete-kategori\/","url_meta":{"origin":48272,"position":5},"title":"Ekspert\u00ebt ngren\u00eb ALARMIN: Po shfaqet nj\u00eb s\u00ebmundje e rrall\u00eb, prek m\u00eb s\u00eb shumti k\u00ebt\u00eb kategori","author":"Kurt Farka","date":"February 7, 2021","format":false,"excerpt":"Ekspert\u00ebt ngren\u00eb ALARMIN: Po shfaqet nj\u00eb s\u00ebmundje e rrall\u00eb, prek m\u00eb s\u00eb shumti k\u00ebt\u00eb kategori 7 SHKURT 2021 Af\u00ebrsisht 100 f\u00ebmij\u00eb n\u00eb jav\u00eb n\u00eb Mbret\u00ebrin\u00eb e Bashkuar p\u00ebrfundojn\u00eb n\u00eb spital me nj\u00eb s\u00ebmundje t\u00eb rrall\u00eb q\u00eb mund t\u00eb shfaqet disa jav\u00eb pas COVID-19, duke i l\u00ebn\u00eb ata n\u00eb kujdes intensiv.\u2026","rel":"","context":"In &quot;Blogu i Udh\u00ebtarit&quot;","block_context":{"text":"Blogu i Udh\u00ebtarit","link":"https:\/\/www.shqiperia.com\/blog\/category\/blogu-i-udhetarit\/"},"img":{"alt_text":"","src":"https:\/\/i0.wp.com\/www.shqiperia.com\/blog\/wp-content\/uploads\/2021\/02\/800-480-602012777898d.jpg?fit=800%2C480&ssl=1&resize=350%2C200","width":350,"height":200,"srcset":"https:\/\/i0.wp.com\/www.shqiperia.com\/blog\/wp-content\/uploads\/2021\/02\/800-480-602012777898d.jpg?fit=800%2C480&ssl=1&resize=350%2C200 1x, https:\/\/i0.wp.com\/www.shqiperia.com\/blog\/wp-content\/uploads\/2021\/02\/800-480-602012777898d.jpg?fit=800%2C480&ssl=1&resize=525%2C300 1.5x, https:\/\/i0.wp.com\/www.shqiperia.com\/blog\/wp-content\/uploads\/2021\/02\/800-480-602012777898d.jpg?fit=800%2C480&ssl=1&resize=700%2C400 2x"},"classes":[]}],"_links":{"self":[{"href":"https:\/\/www.shqiperia.com\/blog\/wp-json\/wp\/v2\/posts\/48272","targetHints":{"allow":["GET"]}}],"collection":[{"href":"https:\/\/www.shqiperia.com\/blog\/wp-json\/wp\/v2\/posts"}],"about":[{"href":"https:\/\/www.shqiperia.com\/blog\/wp-json\/wp\/v2\/types\/post"}],"author":[{"embeddable":true,"href":"https:\/\/www.shqiperia.com\/blog\/wp-json\/wp\/v2\/users\/9"}],"replies":[{"embeddable":true,"href":"https:\/\/www.shqiperia.com\/blog\/wp-json\/wp\/v2\/comments?post=48272"}],"version-history":[{"count":1,"href":"https:\/\/www.shqiperia.com\/blog\/wp-json\/wp\/v2\/posts\/48272\/revisions"}],"predecessor-version":[{"id":48274,"href":"https:\/\/www.shqiperia.com\/blog\/wp-json\/wp\/v2\/posts\/48272\/revisions\/48274"}],"wp:featuredmedia":[{"embeddable":true,"href":"https:\/\/www.shqiperia.com\/blog\/wp-json\/wp\/v2\/media\/48273"}],"wp:attachment":[{"href":"https:\/\/www.shqiperia.com\/blog\/wp-json\/wp\/v2\/media?parent=48272"}],"wp:term":[{"taxonomy":"category","embeddable":true,"href":"https:\/\/www.shqiperia.com\/blog\/wp-json\/wp\/v2\/categories?post=48272"},{"taxonomy":"post_tag","embeddable":true,"href":"https:\/\/www.shqiperia.com\/blog\/wp-json\/wp\/v2\/tags?post=48272"}],"curies":[{"name":"wp","href":"https:\/\/api.w.org\/{rel}","templated":true}]}}