{"id":48269,"date":"2021-06-30T08:31:32","date_gmt":"2021-06-30T08:31:32","guid":{"rendered":"https:\/\/www.shqiperia.com\/blog\/?p=48269"},"modified":"2021-06-30T08:31:32","modified_gmt":"2021-06-30T08:31:32","slug":"grenell-viktima-ose-i-veteofruari-i-manipulimit-serb-te-historise","status":"publish","type":"post","link":"https:\/\/www.shqiperia.com\/blog\/grenell-viktima-ose-i-veteofruari-i-manipulimit-serb-te-historise\/","title":{"rendered":"Grenell, viktima ose i vet\u00ebofruari i manipulimit serb t\u00eb historis\u00eb"},"content":{"rendered":"<p><img data-recalc-dims=\"1\" loading=\"lazy\" decoding=\"async\" data-attachment-id=\"48270\" data-permalink=\"https:\/\/www.shqiperia.com\/blog\/grenell-viktima-ose-i-veteofruari-i-manipulimit-serb-te-historise\/640-0-931729aab964cb8c5aa1b1bd8fbacc96\/\" data-orig-file=\"https:\/\/i0.wp.com\/www.shqiperia.com\/blog\/wp-content\/uploads\/2021\/06\/640-0-931729aab964cb8c5aa1b1bd8fbacc96.jpg?fit=640%2C360&amp;ssl=1\" data-orig-size=\"640,360\" data-comments-opened=\"1\" data-image-meta=\"{&quot;aperture&quot;:&quot;0&quot;,&quot;credit&quot;:&quot;&quot;,&quot;camera&quot;:&quot;&quot;,&quot;caption&quot;:&quot;&quot;,&quot;created_timestamp&quot;:&quot;0&quot;,&quot;copyright&quot;:&quot;&quot;,&quot;focal_length&quot;:&quot;0&quot;,&quot;iso&quot;:&quot;0&quot;,&quot;shutter_speed&quot;:&quot;0&quot;,&quot;title&quot;:&quot;&quot;,&quot;orientation&quot;:&quot;0&quot;}\" data-image-title=\"-640-0-931729aab964cb8c5aa1b1bd8fbacc96\" data-image-description=\"\" data-image-caption=\"\" data-medium-file=\"https:\/\/i0.wp.com\/www.shqiperia.com\/blog\/wp-content\/uploads\/2021\/06\/640-0-931729aab964cb8c5aa1b1bd8fbacc96.jpg?fit=300%2C169&amp;ssl=1\" data-large-file=\"https:\/\/i0.wp.com\/www.shqiperia.com\/blog\/wp-content\/uploads\/2021\/06\/640-0-931729aab964cb8c5aa1b1bd8fbacc96.jpg?fit=640%2C360&amp;ssl=1\" class=\"alignnone  wp-image-48270\" alt=\"\" src=\"https:\/\/i0.wp.com\/www.shqiperia.com\/blog\/wp-content\/uploads\/2021\/06\/640-0-931729aab964cb8c5aa1b1bd8fbacc96.jpg?resize=549%2C309&#038;ssl=1\" width=\"549\" height=\"309\" srcset=\"https:\/\/i0.wp.com\/www.shqiperia.com\/blog\/wp-content\/uploads\/2021\/06\/640-0-931729aab964cb8c5aa1b1bd8fbacc96.jpg?resize=300%2C169&amp;ssl=1 300w, https:\/\/i0.wp.com\/www.shqiperia.com\/blog\/wp-content\/uploads\/2021\/06\/640-0-931729aab964cb8c5aa1b1bd8fbacc96.jpg?resize=450%2C253&amp;ssl=1 450w, https:\/\/i0.wp.com\/www.shqiperia.com\/blog\/wp-content\/uploads\/2021\/06\/640-0-931729aab964cb8c5aa1b1bd8fbacc96.jpg?resize=600%2C338&amp;ssl=1 600w, https:\/\/i0.wp.com\/www.shqiperia.com\/blog\/wp-content\/uploads\/2021\/06\/640-0-931729aab964cb8c5aa1b1bd8fbacc96.jpg?resize=400%2C225&amp;ssl=1 400w, https:\/\/i0.wp.com\/www.shqiperia.com\/blog\/wp-content\/uploads\/2021\/06\/640-0-931729aab964cb8c5aa1b1bd8fbacc96.jpg?w=640&amp;ssl=1 640w\" sizes=\"auto, (max-width: 549px) 100vw, 549px\" \/><\/p>\n<p style=\"margin-bottom: 30.0pt;line-height: normal;background: white\" class=\"MsoNormal\"><span style=\"font-size: 10.0pt;font-family: 'roboto slab','serif';color: #262a33\">Grenell, viktima ose i vet\u00ebofruari i manipulimit serb t\u00eb historis\u00eb<\/span><\/p>\n<p style=\"margin-bottom: .0001pt;line-height: normal;background: white\" class=\"MsoNormal\"><b><span style=\"font-size: 8.5pt;font-family: 'roboto slab','serif';color: #ea2c30;text-transform: uppercase\">30 QERSHOR 2021<\/span><\/b><\/p>\n<p style=\"margin-bottom: .0001pt;line-height: normal;background: white\" class=\"MsoNormal\">Nga: <a href=\"https:\/\/www.gazeta-shqip.com\/autori\/prof-lisen-bashkurti\"><b><span style=\"font-size: 8.5pt;font-family: 'roboto slab','serif';color: black;text-transform: uppercase;text-decoration: none\">PROF. LISEN BASHKURTI<\/span><\/b><\/a><span style=\"font-size: 10.5pt;font-family: 'roboto slab','serif';color: black\"><\/span><\/p>\n<p style=\"line-height: 20.4pt;background: white;margin: 7.5pt 0in 7.5pt 0in\" class=\"MsoNormal\"><span style=\"font-size: 14.5pt;font-family: 'roboto slab','serif';color: #262a33\">Pam\u00eb n\u00eb twiter-in e ish diplomatit Amerikan, Richard Grenell t\u2019i uronte Serb\u00ebve \u2018fest\u00ebn e Vidovdanit\u2019 dhe t\u00eb \u2018vrasjes s\u00eb heronjve shenjt\u00eb si Car Lazari n\u00eb Betej\u00ebn e Fush\u00eb Kosov\u00ebs\u2019. Grenell duket qartazi q\u00eb shpreh simpatin\u00eb p\u00ebr historin\u00eb, tejet t\u00eb shtr\u00ebmb\u00ebruar dhe t\u00eb manipuluar politikisht nga Serbia lidhur me Kosov\u00ebn.<\/span><\/p>\n<p style=\"line-height: 20.4pt;background: white;margin: 7.5pt 0in 7.5pt 0in\" class=\"MsoNormal\"><span style=\"font-size: 14.5pt;font-family: 'roboto slab','serif';color: #262a33\">Dhe imagjinoni q\u00eb ky Grenell p\u00ebrfaq\u00ebsonte Presidentin e ShBA n\u00eb bisedimet Kosov\u00eb-Serbi nj\u00eb vit m\u00eb par\u00eb. Ky ish diplomat Amerikan, si edhe mjaft diplomat\u00eb t\u00eb huaj n\u00ebp\u00ebr bot\u00eb, \u00ebsht\u00eb viktim\u00eb e mir\u00ebfillt\u00eb e manipulimit Serb t\u00eb historis\u00eb s\u00eb Kosov\u00ebs. Them i manipuluar se mund t\u00eb jet\u00eb edhe i vet\u00ebofruar ndaj qasjes Serbe t\u00eb politizimit t\u00eb historis\u00eb. Por, gjithsesi, pa kurr\u00ebfar\u00eb paragjykimi po i themi disa fjal\u00eb p\u00ebr t\u00eb v\u00ebrtet\u00ebn historike mbi Vidovdanin.<\/span><\/p>\n<p style=\"margin-bottom: .0001pt;line-height: 20.4pt;background: white\" class=\"MsoNormal\"><b><span style=\"font-size: 14.5pt;font-family: 'roboto slab','serif';color: #262a33\">1.Historia<\/span><\/b><span style=\"font-size: 14.5pt;font-family: 'roboto slab','serif';color: #262a33\"><br \/>\nBeteja e Fush\u00eb Kosov\u00ebs e vitit 1389 ishte nj\u00eb p\u00ebrballje e t\u00eb krishter\u00ebve t\u00eb k\u00ebsaj pjes\u00eb t\u00eb Ballkanit me Osman\u00ebt. N\u00eb k\u00ebt\u00eb betej\u00eb, dhe kjo \u00ebsht\u00eb e v\u00ebrtet\u00eb e provuar tashm\u00eb nga historian\u00ebt dhe gj\u00ebr\u00ebsisht e njohur p\u00ebr ato q\u00eb e lexojn\u00eb historin\u00eb nga studimet dhe jo nga tekstet historike Serbe, u vra Sulltani Osman nga Millosh Kopilici, nj\u00eb djalosh shqiptar i Kosov\u00ebs. N\u00eb trojet e Kosov\u00ebs, shqiptar\u00ebt jetonin qindra vjet p\u00ebrpara se Serb\u00ebt, dhe p\u00ebrgjith\u00ebisht sllav\u00ebt e Jugut t\u00eb zbrisnin n\u00eb Ballkan, n\u00eb periudh\u00ebn midis shekujve 6-9 t\u00eb Mesjest\u00ebs s\u00eb Mesme.<\/span><\/p>\n<p style=\"line-height: 20.4pt;background: white;margin: 7.5pt 0in 7.5pt 0in\" class=\"MsoNormal\"><span style=\"font-size: 14.5pt;font-family: 'roboto slab','serif';color: #262a33\">U desh shum\u00eb mund\u00eb e p\u00ebrpjekje, konflikte dhe luftra, k\u00ebrbac dhe karrota q\u00eb dyndjet Serbe dhe ato sllavo-jugore t\u00eb akomodoheshin tek popujt autokton\u00eb t\u00eb Ballkanit, midis t\u00eb cil\u00ebve ishin edhe Shqiptar\u00ebt dhe Grek\u00ebt, si dhe t\u00eb pranonin liturgjin\u00eb e Kish\u00ebs Ortodokse Bizantine.<\/span><\/p>\n<p style=\"line-height: 20.4pt;background: white;margin: 7.5pt 0in 7.5pt 0in\" class=\"MsoNormal\"><span style=\"font-size: 14.5pt;font-family: 'roboto slab','serif';color: #262a33\">Me pak p\u00ebrpjekje po t\u00eb zhytesh p\u00ebrtej historis\u00eb s\u00eb shkruar n\u00eb shekullin 19-t\u00eb nga historian\u00ebt dhe shkrimtar\u00ebt Serb\u00eb, rezulton qart\u00ebsisht dhe n\u00eb m\u00ebnyr\u00eb t\u00eb pakund\u00ebrshtueshme nga burime t\u00eb shumta q\u00eb Serb\u00ebt ishin nd\u00ebr t\u00eb krishter\u00ebt e fundit q\u00eb pranuan liturgjin\u00eb Ortodokse, fal\u00eb fuqis\u00eb dhe mencuris\u00eb s\u00eb Kish\u00ebs Ortodokse Bizantine. Por, cfar\u00eb ndodhi me historiografin\u00eb Serbe n\u00eb shekullin 19-t\u00eb?<\/span><\/p>\n<p style=\"margin-bottom: .0001pt;line-height: 20.4pt;background: white\" class=\"MsoNormal\"><b><span style=\"font-size: 14.5pt;font-family: 'roboto slab','serif';color: #262a33\">2.\u2018Miti i Kosov\u00ebs\u2019, manipulim i historis\u00eb<\/span><\/b><span style=\"font-size: 14.5pt;font-family: 'roboto slab','serif';color: #262a33\"><\/span><\/p>\n<p style=\"line-height: 20.4pt;background: white;margin: 7.5pt 0in 7.5pt 0in\" class=\"MsoNormal\"><span style=\"font-size: 14.5pt;font-family: 'roboto slab','serif';color: #262a33\">Fillimi i l\u00ebvizjes nacionaliste Serbe n\u00eb shekullin e 19-t\u00eb sh\u00ebnon fillimin e manipulimit politik t\u00eb historiografis\u00eb Serbe lidhur me Kosov\u00ebn. N\u00eb val\u00ebn e par\u00eb t\u00eb ngritjes s\u00eb nacionalizmit Serb, bazuar n\u00eb doktrin\u00ebn e Ilia Garashaninit deri n\u00eb 1878, v\u00ebm\u00ebndja kryesore e historian\u00ebve dhe shkrimtar\u00ebve Serb\u00eb ishte kryesisht drejt Bosnie-Hercegovin\u00ebs. Mir\u00ebpo, mbas Kongresit t\u00eb Berlinit, t\u00eb vitit 1878, Bosnie-Hercegovina iu dha Monarkis\u00eb Dualiste Austro-Hungareze. Endrra Serbe u shua p\u00ebrkoh\u00ebsisht dhe filloi spostimi i v\u00ebmendjes ndaj territoreve t\u00eb Kosov\u00ebs. K\u00ebshtu q\u00eb, mbas 1878 filloi parap\u00ebrgatitja e strategjis\u00eb ofensive Serbe kund\u00ebr Kosov\u00ebs. Kjo strategji nisi me mjetet e politizimit nacionalist t\u00eb historis\u00eb s\u00eb Kosov\u00ebs.<\/span><\/p>\n<p style=\"line-height: 20.4pt;background: white;margin: 7.5pt 0in 7.5pt 0in\" class=\"MsoNormal\"><span style=\"font-size: 14.5pt;font-family: 'roboto slab','serif';color: #262a33\">Nga vitet 1844 deri n\u00eb 1906 doktrina e Nacertanjes, (Serbis\u00eb s\u00eb Madhe) ishte dokument sekret dhe zot\u00ebrohej vet\u00ebm nga disa politikan\u00eb t\u00eb lart\u00eb Serb. \u00cbsht\u00eb kjo arsyeja q\u00eb askush nuk e atakoi at\u00eb doktrin\u00eb. Nd\u00ebrsa praktikisht, p\u00ebr her\u00eb t\u00eb par\u00eb u festuan publikisht Beteja e Fush\u00eb Kosov\u00ebs (Vidovdanit) n\u00eb 1889, dhjet\u00eb vjet mbas Kongresit t\u00eb Berlinit, kur Serb\u00ebt tanim\u00eb e kishin humbur Bosnie-Hercegovin\u00ebn dhe po spostoheshin strategjikisht drejt Kosov\u00ebs.<\/span><\/p>\n<p style=\"margin-bottom: .0001pt;line-height: 20.4pt;background: white\" class=\"MsoNormal\"><b><span style=\"font-size: 14.5pt;font-family: 'roboto slab','serif';color: #262a33\">3.\u2018Dita e Kosov\u00ebs\u2019, doktrin\u00eb nacionaliste<\/span><\/b><span style=\"font-size: 14.5pt;font-family: 'roboto slab','serif';color: #262a33\"><\/span><\/p>\n<p style=\"line-height: 20.4pt;background: white;margin: 7.5pt 0in 7.5pt 0in\" class=\"MsoNormal\"><span style=\"font-size: 14.5pt;font-family: 'roboto slab','serif';color: #262a33\">Nj\u00eb vit m\u00eb pas, n\u00eb 1890, Vidovdani u shpall \u2018Dita e Kosov\u00ebs\u2019, pra fest\u00eb nacionaliste Serbe. N\u00eb t\u00eb gjith\u00eb tekstet historike dhe gjeografike t\u00eb Serbis\u00eb u miratuan curricula t\u00eb manipuluara shtet\u00ebrore monopol q\u00eb vazhduan dhe vazhdojn\u00eb t\u00eb jen\u00eb edhe sot valide n\u00eb shkollat, Kishat dhe Akademin\u00eb e Shkencave dhe Arteve t\u00eb Serbis\u00eb.<\/span><\/p>\n<p style=\"line-height: 20.4pt;background: white;margin: 7.5pt 0in 7.5pt 0in\" class=\"MsoNormal\"><span style=\"font-size: 14.5pt;font-family: 'roboto slab','serif';color: #262a33\">Filloi tjet\u00ebrsimi i historis\u00eb s\u00eb Kosov\u00ebs. U shpall\u00ebn kisha, varreza, monumente historike e kulturore t\u00eb shenjta Serbe mbi territorin e saj. U b\u00ebn\u00eb edhe shp\u00ebrfytyrime mbi mjaft objekte historike, t\u00eb shenjta e kulturore t\u00eb shqiptar\u00ebve. Toponime t\u00eb shumta filluan t\u00eb z\u00ebv\u00ebnd\u00ebsojn\u00eb masivisht toponimet autokton\u00eb shqiptare n\u00eb Kosov\u00eb. Fjal\u00ebs s\u00eb vjet\u00ebr \u2018Kosov\u00eb\u2019 iu u shtua edhe \u2018Metohi\u2019 dhe togfjal\u00ebshi \u2018Kosov\u00eb e Metohi\u2019 hyri gj\u00ebr\u00ebsisht n\u00eb fjalorin dhe retorik\u00ebn politike e propogandistike Serbe p\u00ebr identifikimin e Kosov\u00ebs.<\/span><\/p>\n<p style=\"line-height: 20.4pt;background: white;margin: 7.5pt 0in 7.5pt 0in\" class=\"MsoNormal\"><span style=\"font-size: 14.5pt;font-family: 'roboto slab','serif';color: #262a33\">Mbi t\u00eb gjitha filloi nj\u00eb fushat\u00eb intensive dhe shum\u00eb agresive p\u00ebr etiketimin e shqiptar\u00ebve t\u00eb Kosov\u00ebs si \u2019ardhacak\u00eb t\u00eb von\u00eb\u2019, \u2019barbar\u00eb\u2019 si \u2018t\u00eb dhunsh\u00ebm\u2019, \u2018musliman\u00eb Otoman\u00eb\u2019, \u2018ekstremist\u2019 e \u2018mbrojtj\u00ebs s\u00eb Turqve n\u00eb Ballkan\u2019. P\u00ebr kund\u00ebr k\u00ebtij etiketimi, Serb\u00ebt u identifikuan si \u2018viktima t\u00eb dhun\u00ebs shqiptare\u201d. K\u00ebto \u2018viktima Serbe\u2019 kishin \u2018nevoj\u00eb p\u00ebr mbrojtjen e shtetit Serb\u2019. P\u00ebr k\u00ebt\u00eb u lancua n\u00eb vitet 30-t\u00eb t\u00eb shekullit 20-t\u00eb doktrina e Vasa Cubrilovicit \u201cP\u00ebrz\u00ebnia e Shqiptar\u00ebve\u2019, q\u00eb n\u00eb m\u00ebnyr\u00eb t\u00eb detajuar u parashtronte shtetit Serb rrug\u00ebt dhe m\u00ebnyrat p\u00ebr cfarosjen e shqiptar\u00ebve t\u00eb Kosov\u00ebs dhe z\u00ebv\u00ebnd\u00ebsimin e tyre me kolon\u00eb Serb\u00eb.<\/span><\/p>\n<p style=\"margin-bottom: .0001pt;line-height: 20.4pt;background: white\" class=\"MsoNormal\"><b><span style=\"font-size: 14.5pt;font-family: 'roboto slab','serif';color: #262a33\">4.Vidovdani-imazh\u00eb i manipuluar nd\u00ebrkomb\u00ebtar<\/span><\/b><span style=\"font-size: 14.5pt;font-family: 'roboto slab','serif';color: #262a33\"><\/span><\/p>\n<p style=\"line-height: 20.4pt;background: white;margin: 7.5pt 0in 7.5pt 0in\" class=\"MsoNormal\"><span style=\"font-size: 14.5pt;font-family: 'roboto slab','serif';color: #262a33\">Nga Serbia Vidovdani rr\u00ebshqiti si fest\u00eb n\u00eb Malin e Zi, q\u00eb mund t\u00eb konsiderohet viktima e par\u00eb e propogand\u00ebs manipulative Serbe jasht\u00eb kufijve t\u00eb saj politik. Malazez\u00ebt e besuan dhe e festuan t\u00eb par\u00ebt Vidovdanin verb\u00ebrisht. M\u00eb pas n\u00eb Kroaci dhe Slloveni, n\u00eb fillimet e shekullit 20-t\u00eb, mbas krijimit t\u00eb Mbret\u00ebris\u00eb Treshe Serbo-Kroato-Slovene, Vidovdani u p\u00ebrhap si fest\u00eb Serbe.<\/span><\/p>\n<p style=\"margin-bottom: .0001pt;line-height: 20.4pt;background: white\" class=\"MsoNormal\"><span style=\"font-size: 14.5pt;font-family: 'roboto slab','serif';color: #262a33\">Nd\u00ebrkoh\u00eb, midis Luft\u00ebs s\u00eb Par\u00eb Bot\u00ebrore, si pasoj\u00eb e konjuktur\u00ebs s\u00eb Aleancave Nd\u00ebrkomb\u00ebtare, Serbia e lancoi Vidovdanin n\u00eb Britanin\u00eb e Madhe, n\u00eb Franc\u00eb dhe m\u00eb pas edhe n\u00eb Shtetet e Bashkuara t\u00eb Amerik\u00ebs. Britania e Madhe mb\u00ebshteste Serb\u00ebt p\u00ebr \u2018solidaritet\u2019 dhe si Aleat\u00eb, po k\u00ebshtu edhe Franca mb\u00ebshteste Serb\u00ebt si modeli i \u2018hakmarrjes\u2019. N\u00eb ShBA festimet nis\u00ebn m\u00eb von\u00eb, por edhe atje pati p\u00ebrkujtime, retorik\u00eb dhe botime t\u00eb ndryshme p\u00ebr Vidovdanin.<br \/>\nN\u00eb Britani, Franc\u00eb e ShBA, nga komitete, universitete e shoqata t\u00eb ndryshme u b\u00ebn\u00eb festime p\u00ebrkujtimore t\u00eb Vidovdanit, pra \u2018Dit\u00ebs s\u00eb Kosov\u00ebs\u2019, q\u00eb do t\u00eb konsiderohej si fest\u00eb nacionale e Serbis\u00eb.<\/span><\/p>\n<p style=\"line-height: 20.4pt;background: white;margin: 7.5pt 0in 7.5pt 0in\" class=\"MsoNormal\"><span style=\"font-size: 14.5pt;font-family: 'roboto slab','serif';color: #262a33\">Etiketimi \u2018Dita e Kosov\u00ebs\u201d u shoq\u00ebrua me retorik\u00ebn politizuese t\u00eb historis\u00eb q\u00eb e quante Kosov\u00ebs \u2018zemra e Serbis\u00eb\u2019, \u2018shpirti i tok\u00ebs s\u00eb shenjt\u00eb\u2019 dhe deri \u201cJeruzalemi i Serbis\u00eb\u2019. Car Lazari u shpall Shenjt Serb. Identiteti i Kosov\u00ebs u shp\u00ebrfytyrua. Imazhi i saj u manipulua gj\u00ebr\u00ebsisht. E v\u00ebrteta u shtr\u00ebmb\u00ebrua. Gjithcka b\u00ebhej p\u00ebr q\u00ebllime politike. Nacionalizmi Serb po ngrinte nj\u00eb makineri propogande shtet\u00ebrore vet\u00ebm p\u00ebr Vidovdanin.<\/span><\/p>\n<p style=\"margin-bottom: .0001pt;line-height: 20.4pt;background: white\" class=\"MsoNormal\"><b><span style=\"font-size: 14.5pt;font-family: 'roboto slab','serif';color: #262a33\">5.Vidovdani si \u2018Shk\u00eblqimi\u2019 dhe R\u00ebnia\u2019 e Milloshevicit<\/span><\/b><span style=\"font-size: 14.5pt;font-family: 'roboto slab','serif';color: #262a33\"><\/span><\/p>\n<p style=\"line-height: 20.4pt;background: white;margin: 7.5pt 0in 7.5pt 0in\" class=\"MsoNormal\"><span style=\"font-size: 14.5pt;font-family: 'roboto slab','serif';color: #262a33\">Sllobodan Milloshevici ndoqi t\u00eb nj\u00ebjt\u00ebn qasje politizuese t\u00eb historis\u00eb Serbe p\u00ebr t\u00eb arsyetuar q\u00ebllimet e tij politike mbi Kosov\u00ebn. N\u00eb vitin 1989, me rastin e 600-vjetorit t\u00eb Vidovdanit, Milloshevici shkoi n\u00eb Fush\u00eb Kosov\u00eb ku shpalli publikisht q\u00ebndrimin e tij ndaj Kosov\u00ebs, lancoi nacionalizmin Serb mbi Kosov\u00ebn dhe gjith\u00eb Jugosllavin\u00eb, b\u00ebri ndryshimet kushtetuese p\u00ebr suprimimin e autonomis\u00eb s\u00eb Kosov\u00ebs dhe Vojvodin\u00ebs dhe shpalli doktrin\u00ebn \u2018nj\u00eb Jugosllavi e fort\u00eb me nj\u00eb Serbi t\u00eb fort\u00eb\u2019. Kjo ishte e kund\u00ebrta e doktrin\u00ebs s\u00eb Titos q\u00eb thoshte \u2018nj\u00eb Jugosllavi e fort\u00eb me nj\u00eb Serbi t\u00eb dob\u00ebt\u2019.<\/span><\/p>\n<p style=\"line-height: 20.4pt;background: white;margin: 7.5pt 0in 7.5pt 0in\" class=\"MsoNormal\"><span style=\"font-size: 14.5pt;font-family: 'roboto slab','serif';color: #262a33\">Gjat\u00eb luftrave t\u00eb p\u00ebrgjakshme n\u00eb shp\u00ebrb\u00ebrjen e Jugosllavis\u00eb, Vidovdani, krahas Serbis\u00eb u festua kryesisht n\u00eb Bosnie-Hercegovin\u00eb nga Serb\u00ebt dhe armata Serbe e drejtuar nga Karaxhici dhe Mlladici. Madje krimineli Mlladic, q\u00eb m\u00eb pas do d\u00ebnohej me burgim t\u00eb p\u00ebrjetsh\u00ebm n\u00eb Hag\u00eb p\u00ebr krime luft\u00eb dhe krime kund\u00ebr njer\u00ebzimit, do t\u00eb konsiderohej nga Serb\u00ebt e Bosnie-Hercegovin\u00ebs dhe armata Serbe si \u2018Heroi Lazar\u2019 i Bosnie-Hercegovin\u00ebs.<\/span><\/p>\n<p style=\"line-height: 20.4pt;background: white;margin: 7.5pt 0in 7.5pt 0in\" class=\"MsoNormal\"><span style=\"font-size: 14.5pt;font-family: 'roboto slab','serif';color: #262a33\">Profili i Milloshevicit nisi ngritjen nga komunist n\u00eb nacionalist pik\u00ebrisht n\u00eb festimet e Vidovdanit n\u00eb Kosov\u00eb n\u00eb vitin 1989. Por, do ishin pik\u00ebrisht politikat shfaros\u00ebse, pastrimet etnike, genocidet dhe krimet kund\u00ebr njer\u00ebzimit t\u00eb aplikuara nga Milloshevici mbi Vidovdan q\u00eb do sh\u00ebnonin nj\u00ebkoh\u00ebsisht r\u00ebnien e tij. \u2018Vidovdani\u2019 do b\u00ebhej varri i doktrin\u00ebs politike nacionaliste Serbe t\u00eb Sllobodan Milloshevicit.<\/span><\/p>\n<p style=\"margin-bottom: .0001pt;line-height: 20.4pt;background: white\" class=\"MsoNormal\"><span style=\"font-size: 14.5pt;font-family: 'roboto slab','serif';color: #262a33\">Viti 1999 sh\u00ebnoi me nd\u00ebrhyrjen ajrore t\u00eb NATO-s mbi objektet strategjike Serbe fundin e nacionalizmit Serb mbi \u2018Vidovdan\u2019. E drejta humanitare nd\u00ebrkomb\u00ebtare i dha t\u00eb drejt\u00eb popullit t\u00eb Kosov\u00ebs. Miti i Kosov\u00ebs nisi t\u00eb bjer\u00eb. E v\u00ebrteta filloi t\u00eb ndricohej. Pavar\u00ebsia e Kosov\u00ebs i dha fund manipulimeve politizuese t\u00eb historis\u00eb s\u00eb Kosov\u00ebs nga Serbia.<br \/>\nPor p\u00ebrpjekjet e Serbis\u00eb p\u00ebr vazhdimin e manipulimit t\u00eb Vidovdanit, ose \u2018Mitit t\u00eb Kosov\u00ebs\u2019 vazhdojn\u00eb, sikund\u00ebr vazhdojn\u00eb edhe viktimat politike e diplomatike t\u00eb k\u00ebtij manipulimi ose edhe t\u00eb vet\u00ebofruarit e saj. Ish diplomatik Richard Grenell duket t\u00eb jet\u00eb nj\u00ebri prej tyre p\u00ebrtej Atlantikut\u2026<\/span><\/p>\n<p style=\"margin-bottom: .0001pt;line-height: 20.4pt;background: white\" class=\"MsoNormal\"><span style=\"font-size: 14.5pt;font-family: 'roboto slab','serif';color: #262a33\">Gazeta Shqip<\/span><\/p>\n<p class=\"MsoNormal\">\n","protected":false},"excerpt":{"rendered":"<p>Grenell, viktima ose i vet\u00ebofruari i manipulimit serb t\u00eb historis\u00eb 30 QERSHOR 2021 Nga: PROF. LISEN BASHKURTI Pam\u00eb n\u00eb twiter-in e ish diplomatit Amerikan, Richard Grenell t\u2019i uronte Serb\u00ebve \u2018fest\u00ebn e Vidovdanit\u2019 dhe t\u00eb \u2018vrasjes s\u00eb heronjve shenjt\u00eb si Car Lazari n\u00eb Betej\u00ebn e Fush\u00eb Kosov\u00ebs\u2019. Grenell duket qartazi q\u00eb shpreh simpatin\u00eb p\u00ebr historin\u00eb, tejet [&hellip;]<\/p>\n","protected":false},"author":9,"featured_media":48270,"comment_status":"open","ping_status":"open","sticky":false,"template":"","format":"standard","meta":{"jetpack_post_was_ever_published":false,"_jetpack_newsletter_access":"","_jetpack_dont_email_post_to_subs":false,"_jetpack_newsletter_tier_id":0,"_jetpack_memberships_contains_paywalled_content":false,"_jetpack_memberships_contains_paid_content":false,"footnotes":"","jetpack_publicize_message":"","jetpack_publicize_feature_enabled":true,"jetpack_social_post_already_shared":true,"jetpack_social_options":{"image_generator_settings":{"template":"highway","default_image_id":0,"font":"","enabled":false},"version":2}},"categories":[27,85,35],"tags":[],"class_list":["post-48269","post","type-post","status-publish","format-standard","has-post-thumbnail","hentry","category-blogu-i-udhetarit","category-histori","category-shoqerore"],"jetpack_publicize_connections":[],"jetpack_featured_media_url":"https:\/\/i0.wp.com\/www.shqiperia.com\/blog\/wp-content\/uploads\/2021\/06\/640-0-931729aab964cb8c5aa1b1bd8fbacc96.jpg?fit=640%2C360&ssl=1","jetpack_sharing_enabled":true,"jetpack_shortlink":"https:\/\/wp.me\/p5Z6wp-cyx","jetpack-related-posts":[{"id":72652,"url":"https:\/\/www.shqiperia.com\/blog\/per-cdo-serb-te-vrare-i-vrasim-100-myslimane-deklarata-tronditese-e-vucicit-pak-dite-pas-masakres-se-srebrenices-me-8-mije-viktima\/","url_meta":{"origin":48269,"position":0},"title":"\u201cP\u00ebr \u00e7do serb t\u00eb vrar\u00eb, i vrasim 100 mysliman\u00eb\u201d\/ Deklarata trondit\u00ebse e Vu\u00e7i\u00e7it pak dit\u00eb pas masakr\u00ebs s\u00eb Srebrenic\u00ebs me 8 mij\u00eb viktima","author":"Kurt Farka","date":"July 11, 2023","format":false,"excerpt":"11 Korrik 2023 \u201cP\u00ebr \u00e7do serb t\u00eb vrar\u00eb ne do t\u00eb vrasim 100 mysliman\u00eb\u201d, kishte th\u00ebn\u00eb Aleksandar Vu\u00e7i\u00e7 (presidenti aktual serb) n\u00eb korrik t\u00eb vitit 1995, vet\u00ebm disa dit\u00eb pasi u masakruan mbi 8000 mysliman\u00eb nga ushtria kriminale serbe n\u00eb Srebrenic\u00eb t\u00eb Bosnj\u00eb dhe Hercegovin\u00ebs. Q\u00eb nga ajo koh\u00eb, Vu\u00e7i\u00e7\u2026","rel":"","context":"In &quot;Blogu i Udh\u00ebtarit&quot;","block_context":{"text":"Blogu i Udh\u00ebtarit","link":"https:\/\/www.shqiperia.com\/blog\/category\/blogu-i-udhetarit\/"},"img":{"alt_text":"","src":"https:\/\/i0.wp.com\/www.shqiperia.com\/blog\/wp-content\/uploads\/2023\/07\/800-0-94ad41901215c63455f0fe691a1f3db3.png?fit=800%2C478&ssl=1&resize=350%2C200","width":350,"height":200,"srcset":"https:\/\/i0.wp.com\/www.shqiperia.com\/blog\/wp-content\/uploads\/2023\/07\/800-0-94ad41901215c63455f0fe691a1f3db3.png?fit=800%2C478&ssl=1&resize=350%2C200 1x, https:\/\/i0.wp.com\/www.shqiperia.com\/blog\/wp-content\/uploads\/2023\/07\/800-0-94ad41901215c63455f0fe691a1f3db3.png?fit=800%2C478&ssl=1&resize=525%2C300 1.5x, https:\/\/i0.wp.com\/www.shqiperia.com\/blog\/wp-content\/uploads\/2023\/07\/800-0-94ad41901215c63455f0fe691a1f3db3.png?fit=800%2C478&ssl=1&resize=700%2C400 2x"},"classes":[]},{"id":34992,"url":"https:\/\/www.shqiperia.com\/blog\/grenell-pritet-te-jap-doreheqjen-nga-posti-i-ambasadorit-te-shba-ne-gjermani\/","url_meta":{"origin":48269,"position":1},"title":"Grenell pritet t\u00eb jap dor\u00ebheqjen nga posti i ambasadorit t\u00eb SHBA n\u00eb Gjermani","author":"Kurt Farka","date":"May 24, 2020","format":false,"excerpt":"Grenell pritet t\u00eb jap dor\u00ebheqjen nga posti i ambasadorit t\u00eb SHBA n\u00eb Gjermani 24 MAJ 2020 Ambasadori i Shteteve t\u00eb Bashkuara n\u00eb Gjermani, Richard Grenell po planifikon q\u00eb t\u00eb dor\u00ebhiqet nga kjo pozit\u00eb n\u00eb jav\u00ebt e ardhshme, dy vjet pasi mori k\u00ebt\u00eb post, raportoi sot agjencia gjermane e lajmeve, Dpa\u2026","rel":"","context":"In &quot;Blogu i Udh\u00ebtarit&quot;","block_context":{"text":"Blogu i Udh\u00ebtarit","link":"https:\/\/www.shqiperia.com\/blog\/category\/blogu-i-udhetarit\/"},"img":{"alt_text":"","src":"https:\/\/i0.wp.com\/www.shqiperia.com\/blog\/wp-content\/uploads\/2020\/05\/640-0-5eca84635f8ec.jpg?fit=640%2C359&ssl=1&resize=350%2C200","width":350,"height":200,"srcset":"https:\/\/i0.wp.com\/www.shqiperia.com\/blog\/wp-content\/uploads\/2020\/05\/640-0-5eca84635f8ec.jpg?fit=640%2C359&ssl=1&resize=350%2C200 1x, https:\/\/i0.wp.com\/www.shqiperia.com\/blog\/wp-content\/uploads\/2020\/05\/640-0-5eca84635f8ec.jpg?fit=640%2C359&ssl=1&resize=525%2C300 1.5x"},"classes":[]},{"id":38019,"url":"https:\/\/www.shqiperia.com\/blog\/trump-koke-me-koke-me-hotin-dhe-vucic-nenshkruhet-sot-dokumenti-i-rendesishem\/","url_meta":{"origin":48269,"position":2},"title":"Trump \u2018kok\u00eb m\u00eb kok\u00eb\u2019 me Hotin dhe Vu\u00e7i\u00e7, n\u00ebnshkruhet sot dokumenti i r\u00ebnd\u00ebsish\u00ebm","author":"Kurt Farka","date":"September 4, 2020","format":false,"excerpt":"Trump \u2018kok\u00eb m\u00eb kok\u00eb\u2019 me Hotin dhe Vu\u00e7i\u00e7, n\u00ebnshkruhet sot dokumenti i r\u00ebnd\u00ebsish\u00ebm E PREMTE 4 SHTATOR 2020 Sipas nj\u00eb njoftimi t\u00eb Sht\u00ebpis\u00eb s\u00eb Bardh\u00eb, Presidenti Trump do takohet sot me Kryeministrin e Kosov\u00ebs, Avdullah Hoti dhe Presidentin e Serbis\u00eb. Njoftimi i s\u00eb enjtes n\u00eb mbr\u00ebmje i Sht\u00ebpis\u00eb s\u00eb Bardh\u00eb\u2026","rel":"","context":"In &quot;Blogu i Udh\u00ebtarit&quot;","block_context":{"text":"Blogu i Udh\u00ebtarit","link":"https:\/\/www.shqiperia.com\/blog\/category\/blogu-i-udhetarit\/"},"img":{"alt_text":"","src":"https:\/\/i0.wp.com\/www.shqiperia.com\/blog\/wp-content\/uploads\/2020\/09\/640-0-5f51d6d73d8c7.jpg?fit=640%2C360&ssl=1&resize=350%2C200","width":350,"height":200,"srcset":"https:\/\/i0.wp.com\/www.shqiperia.com\/blog\/wp-content\/uploads\/2020\/09\/640-0-5f51d6d73d8c7.jpg?fit=640%2C360&ssl=1&resize=350%2C200 1x, https:\/\/i0.wp.com\/www.shqiperia.com\/blog\/wp-content\/uploads\/2020\/09\/640-0-5f51d6d73d8c7.jpg?fit=640%2C360&ssl=1&resize=525%2C300 1.5x"},"classes":[]},{"id":51129,"url":"https:\/\/www.shqiperia.com\/blog\/grenell-zbulon-skandalin-blinken-mbeshtetet-financiarisht-nga-soros-dhe-vendos-sanksione-ndaj-kundershtareve-te-tij\/","url_meta":{"origin":48269,"position":3},"title":"Grenell zbulon skandalin: &#8211; Blinken mb\u00ebshtetet financiarisht nga Soros, dhe vendos sanksione ndaj kund\u00ebrshtar\u00ebve t\u00eb tij","author":"Kurt Farka","date":"November 6, 2021","format":false,"excerpt":"Grenell zbulon skandalin: - Blinken mb\u00ebshtetet financiarisht nga Soros, dhe vendos sanksione ndaj kund\u00ebrshtar\u00ebve t\u00eb tij 6 N\u00cbNTOR 2021 Ambasadori Richard Grenell, shkruan n\u00eb Twitter se Sekretari Amerikan i Shtetit, Antony Blinken po sfidohet nga nj\u00eb Gjykat\u00eb Nd\u00ebrkomb\u00ebtare, duke iu referuar asaj t\u00eb Parisit, ku ish-kryeministri Sali Berisha e ka\u2026","rel":"","context":"In &quot;Blogu i Udh\u00ebtarit&quot;","block_context":{"text":"Blogu i Udh\u00ebtarit","link":"https:\/\/www.shqiperia.com\/blog\/category\/blogu-i-udhetarit\/"},"img":{"alt_text":"","src":"https:\/\/i0.wp.com\/www.shqiperia.com\/blog\/wp-content\/uploads\/2021\/11\/Richard-Grenell.jpg?fit=800%2C450&ssl=1&resize=350%2C200","width":350,"height":200,"srcset":"https:\/\/i0.wp.com\/www.shqiperia.com\/blog\/wp-content\/uploads\/2021\/11\/Richard-Grenell.jpg?fit=800%2C450&ssl=1&resize=350%2C200 1x, https:\/\/i0.wp.com\/www.shqiperia.com\/blog\/wp-content\/uploads\/2021\/11\/Richard-Grenell.jpg?fit=800%2C450&ssl=1&resize=525%2C300 1.5x, https:\/\/i0.wp.com\/www.shqiperia.com\/blog\/wp-content\/uploads\/2021\/11\/Richard-Grenell.jpg?fit=800%2C450&ssl=1&resize=700%2C400 2x"},"classes":[]},{"id":38438,"url":"https:\/\/www.shqiperia.com\/blog\/trump-se-shpejti-ne-kosove-grenell-per-marredhenien-me-serbine-shba-nuk-zgjidh-probleme-politike-ne-ofrojme-para-per-projekte-te-suksesshme\/","url_meta":{"origin":48269,"position":4},"title":"\u201cTrump s\u00eb shpejti n\u00eb Kosov\u00eb\u201d\/ Grenell p\u00ebr marr\u00ebdh\u00ebnien me Serbin\u00eb: SHBA nuk zgjidh probleme politike, ne ofrojm\u00eb par\u00e0 p\u00ebr projekte t\u00eb suksesshme","author":"Kurt Farka","date":"September 15, 2020","format":false,"excerpt":"\u201cTrump s\u00eb shpejti n\u00eb Kosov\u00eb\u201d\/ Grenell p\u00ebr marr\u00ebdh\u00ebnien me Serbin\u00eb: SHBA nuk zgjidh probleme politike, ne ofrojm\u00eb par\u00e0 p\u00ebr projekte t\u00eb suksesshme 15 shtator 2020 I d\u00ebrguari special i SHBA, Richard Grenell, ka th\u00ebn\u00eb se Presidenti Donald Trump mund ta vizitoj\u00eb shum\u00eb shpejt\u00eb Kosov\u00ebn dhe rajonin. \u00e0 Megjithat\u00eb Grenell shton\u2026","rel":"","context":"In &quot;Blogu i Udh\u00ebtarit&quot;","block_context":{"text":"Blogu i Udh\u00ebtarit","link":"https:\/\/www.shqiperia.com\/blog\/category\/blogu-i-udhetarit\/"},"img":{"alt_text":"","src":"https:\/\/i0.wp.com\/www.shqiperia.com\/blog\/wp-content\/uploads\/2020\/09\/richard_grenell_donald_trump_twitter_2-905x450-1.jpg?fit=905%2C450&ssl=1&resize=350%2C200","width":350,"height":200,"srcset":"https:\/\/i0.wp.com\/www.shqiperia.com\/blog\/wp-content\/uploads\/2020\/09\/richard_grenell_donald_trump_twitter_2-905x450-1.jpg?fit=905%2C450&ssl=1&resize=350%2C200 1x, https:\/\/i0.wp.com\/www.shqiperia.com\/blog\/wp-content\/uploads\/2020\/09\/richard_grenell_donald_trump_twitter_2-905x450-1.jpg?fit=905%2C450&ssl=1&resize=525%2C300 1.5x, https:\/\/i0.wp.com\/www.shqiperia.com\/blog\/wp-content\/uploads\/2020\/09\/richard_grenell_donald_trump_twitter_2-905x450-1.jpg?fit=905%2C450&ssl=1&resize=700%2C400 2x"},"classes":[]},{"id":88611,"url":"https:\/\/www.shqiperia.com\/blog\/ish-keshilltari-i-trumpit-serbia-mund-ta-njohe-kosoven-nen-administraten-e-re\/","url_meta":{"origin":48269,"position":5},"title":"Ish-k\u00ebshilltari i Trumpit: Serbia mund ta njoh\u00eb Kosov\u00ebn n\u00ebn administrat\u00ebn e re","author":"Kurt Farka","date":"January 23, 2025","format":false,"excerpt":"23 Janar 2025 P\u00ebr ish-k\u00ebshilltarin p\u00ebr Siguri Komb\u00ebtare t\u00eb Donald Trump, John Bolton, rikthimi i manjatit amerikan si President, mund t\u2019i hap\u00eb rrug\u00eb nj\u00eb njohje reciproke mes Kosov\u00ebs dhe Serbis\u00eb. Bolton n\u00eb nj\u00eb intervist\u00eb p\u00ebr A2 CNN tha se Trump mund t\u2019i jap\u00eb nj\u00eb zgjidhje finale situat\u00ebs, n\u00ebse ai nis\u2026","rel":"","context":"In &quot;Blogu i Udh\u00ebtarit&quot;","block_context":{"text":"Blogu i Udh\u00ebtarit","link":"https:\/\/www.shqiperia.com\/blog\/category\/blogu-i-udhetarit\/"},"img":{"alt_text":"","src":"https:\/\/i0.wp.com\/www.shqiperia.com\/blog\/wp-content\/uploads\/2025\/01\/640-0-2937415015035395539b58e47e655a9e.jpg?fit=640%2C400&ssl=1&resize=350%2C200","width":350,"height":200,"srcset":"https:\/\/i0.wp.com\/www.shqiperia.com\/blog\/wp-content\/uploads\/2025\/01\/640-0-2937415015035395539b58e47e655a9e.jpg?fit=640%2C400&ssl=1&resize=350%2C200 1x, https:\/\/i0.wp.com\/www.shqiperia.com\/blog\/wp-content\/uploads\/2025\/01\/640-0-2937415015035395539b58e47e655a9e.jpg?fit=640%2C400&ssl=1&resize=525%2C300 1.5x"},"classes":[]}],"_links":{"self":[{"href":"https:\/\/www.shqiperia.com\/blog\/wp-json\/wp\/v2\/posts\/48269","targetHints":{"allow":["GET"]}}],"collection":[{"href":"https:\/\/www.shqiperia.com\/blog\/wp-json\/wp\/v2\/posts"}],"about":[{"href":"https:\/\/www.shqiperia.com\/blog\/wp-json\/wp\/v2\/types\/post"}],"author":[{"embeddable":true,"href":"https:\/\/www.shqiperia.com\/blog\/wp-json\/wp\/v2\/users\/9"}],"replies":[{"embeddable":true,"href":"https:\/\/www.shqiperia.com\/blog\/wp-json\/wp\/v2\/comments?post=48269"}],"version-history":[{"count":1,"href":"https:\/\/www.shqiperia.com\/blog\/wp-json\/wp\/v2\/posts\/48269\/revisions"}],"predecessor-version":[{"id":48271,"href":"https:\/\/www.shqiperia.com\/blog\/wp-json\/wp\/v2\/posts\/48269\/revisions\/48271"}],"wp:featuredmedia":[{"embeddable":true,"href":"https:\/\/www.shqiperia.com\/blog\/wp-json\/wp\/v2\/media\/48270"}],"wp:attachment":[{"href":"https:\/\/www.shqiperia.com\/blog\/wp-json\/wp\/v2\/media?parent=48269"}],"wp:term":[{"taxonomy":"category","embeddable":true,"href":"https:\/\/www.shqiperia.com\/blog\/wp-json\/wp\/v2\/categories?post=48269"},{"taxonomy":"post_tag","embeddable":true,"href":"https:\/\/www.shqiperia.com\/blog\/wp-json\/wp\/v2\/tags?post=48269"}],"curies":[{"name":"wp","href":"https:\/\/api.w.org\/{rel}","templated":true}]}}