{"id":47960,"date":"2021-06-16T21:22:46","date_gmt":"2021-06-16T21:22:46","guid":{"rendered":"https:\/\/www.shqiperia.com\/blog\/?p=47960"},"modified":"2021-06-16T21:22:46","modified_gmt":"2021-06-16T21:22:46","slug":"biden-eshte-ndryshe-nga-trump-putin-flet-pas-kater-ore-bisedime-nuk-ka-armiqesi-por-ja-per-cfare-rame-dakord","status":"publish","type":"post","link":"https:\/\/www.shqiperia.com\/blog\/biden-eshte-ndryshe-nga-trump-putin-flet-pas-kater-ore-bisedime-nuk-ka-armiqesi-por-ja-per-cfare-rame-dakord\/","title":{"rendered":"\u201cBiden \u00ebsht\u00eb ndryshe nga Trump\u201d. &#8211; Putin flet pas kat\u00ebr or\u00eb bisedime: Nuk ka armiq\u00ebsi, por\u2026 Ja p\u00ebr \u00e7far\u00eb ram\u00eb dakord"},"content":{"rendered":"<p><img data-recalc-dims=\"1\" loading=\"lazy\" decoding=\"async\" data-attachment-id=\"47961\" data-permalink=\"https:\/\/www.shqiperia.com\/blog\/biden-eshte-ndryshe-nga-trump-putin-flet-pas-kater-ore-bisedime-nuk-ka-armiqesi-por-ja-per-cfare-rame-dakord\/putin1\/\" data-orig-file=\"https:\/\/i0.wp.com\/www.shqiperia.com\/blog\/wp-content\/uploads\/2021\/06\/putin1.jpg?fit=624%2C339&amp;ssl=1\" data-orig-size=\"624,339\" data-comments-opened=\"1\" data-image-meta=\"{&quot;aperture&quot;:&quot;0&quot;,&quot;credit&quot;:&quot;&quot;,&quot;camera&quot;:&quot;&quot;,&quot;caption&quot;:&quot;&quot;,&quot;created_timestamp&quot;:&quot;0&quot;,&quot;copyright&quot;:&quot;&quot;,&quot;focal_length&quot;:&quot;0&quot;,&quot;iso&quot;:&quot;0&quot;,&quot;shutter_speed&quot;:&quot;0&quot;,&quot;title&quot;:&quot;&quot;,&quot;orientation&quot;:&quot;0&quot;}\" data-image-title=\"putin1\" data-image-description=\"\" data-image-caption=\"\" data-medium-file=\"https:\/\/i0.wp.com\/www.shqiperia.com\/blog\/wp-content\/uploads\/2021\/06\/putin1.jpg?fit=300%2C163&amp;ssl=1\" data-large-file=\"https:\/\/i0.wp.com\/www.shqiperia.com\/blog\/wp-content\/uploads\/2021\/06\/putin1.jpg?fit=624%2C339&amp;ssl=1\" class=\"alignnone  wp-image-47961\" alt=\"\" src=\"https:\/\/i0.wp.com\/www.shqiperia.com\/blog\/wp-content\/uploads\/2021\/06\/putin1.jpg?resize=488%2C265&#038;ssl=1\" width=\"488\" height=\"265\" srcset=\"https:\/\/i0.wp.com\/www.shqiperia.com\/blog\/wp-content\/uploads\/2021\/06\/putin1.jpg?resize=300%2C163&amp;ssl=1 300w, https:\/\/i0.wp.com\/www.shqiperia.com\/blog\/wp-content\/uploads\/2021\/06\/putin1.jpg?resize=450%2C244&amp;ssl=1 450w, https:\/\/i0.wp.com\/www.shqiperia.com\/blog\/wp-content\/uploads\/2021\/06\/putin1.jpg?resize=600%2C326&amp;ssl=1 600w, https:\/\/i0.wp.com\/www.shqiperia.com\/blog\/wp-content\/uploads\/2021\/06\/putin1.jpg?resize=400%2C217&amp;ssl=1 400w, https:\/\/i0.wp.com\/www.shqiperia.com\/blog\/wp-content\/uploads\/2021\/06\/putin1.jpg?w=624&amp;ssl=1 624w\" sizes=\"auto, (max-width: 488px) 100vw, 488px\" \/><\/p>\n<p><a href=\"http:\/\/www.panorama.com.al\/putin-flet-pas-takimit-4-oresh-me-biden-nuk-ka-armiqesi-por-diferenca-ne-pozicione-rame-dakord-qe-diplomatet-te\/\">\u201cBiden \u00ebsht\u00eb ndryshe nga Trump\u201d. &#8211; Putin flet pas kat\u00ebr or\u00eb bisedime: Nuk ka armiq\u00ebsi, por\u2026 Ja p\u00ebr \u00e7far\u00eb ram\u00eb dakord<\/a><\/p>\n<p><em>16 qershor 2021 <\/em><\/p>\n<p><strong>Pas takimit 4 or\u00ebsh t\u00eb mbajtur n\u00eb Gjenev\u00eb me presidentin e SHBA-ve Joe Biden, ka folur n\u00eb nj\u00eb konferenc\u00eb p\u00ebr mediat shefi i Kremlinit Vladimir Putin.<\/strong><\/p>\n<p>Ky i fundit i konsideroi bisedimet \u201cshum\u00eb konstruktive\u201d duke theksuar se \u201cnuk ka pasur armiq\u00ebsi, por diferenca n\u00eb pozicione\u201d. Presidenti rus e ka cil\u00ebsuar Bidenin nj\u00eb udh\u00ebheq\u00ebs ndryshe nga paraardh\u00ebsi i tij Trump, duke shtuar se ai\u00a0\u00ebsht\u00eb nj\u00eb \u201cburr\u00eb-shteti me p\u00ebrvoj\u00eb\u201d.<\/p>\n<p>Po ashtu Putin deklaroi se Rusia \u201cka dh\u00ebn\u00eb informacion t\u00eb plot\u00eb\u201d p\u00ebr SHBA-t\u00eb lidhur me sulmet e pretenduara kibernetike. Ai tha se SHBA-t\u00eb nuk ishin p\u00ebrgjigjur.<\/p>\n<p>\u201cNe besojm\u00eb se hap\u00ebsira kibernetike \u00ebsht\u00eb shum\u00eb e r\u00ebnd\u00ebsishme p\u00ebr dy shtetet\u201d, ka shtuar Putin, duke prekur sulmet e fundit n\u00eb sistemin e nj\u00eb naft\u00ebsjell\u00ebsi amerikan n\u00eb Teksas, dhe sulmin n\u00eb sistemin sh\u00ebndet\u00ebsor n\u00eb Rusi.<\/p>\n<p>\u201cNuk besoj se administrata amerikane \u00ebsht\u00eb n\u00eb ve\u00e7anti e interesuar p\u00ebr k\u00ebt\u00eb\u201d, ka th\u00ebn\u00eb Putin duke iu referuar sulmeve n\u00eb Rusi. \u201cDuhet t\u00eb b\u00ebjm\u00eb \u00ebsht\u00eb konsulta me ekspert\u00eb\u201d, shtoi ai.<\/p>\n<p>Nd\u00ebrkaq Putin b\u00ebn me dije se pal\u00ebt kan\u00eb r\u00ebn\u00eb dakord t\u00eb rikthejn\u00eb diplomat\u00ebt e d\u00ebbuar n\u00eb dy vendet. Presidenti rus\u00a0theksoi se dy lider\u00ebt kishin diskutuar gjithashtu p\u00ebr Ukrain\u00ebn q\u00eb ndoshta t\u00eb bashkohej me aleanc\u00ebn e NATO-s.<\/p>\n<p>I pyetur mbi udh\u00ebheq\u00ebsin e ndaluar t\u00eb opozit\u00ebs Alexei Navalny, Putini b\u00ebri thirrje p\u00ebr mbulim t\u00eb paansh\u00ebm mbi incidentin. \u201cKy person e dinte q\u00eb po shkelte ligjin ekzistues n\u00eb Rusi dhe ai \u00ebsht\u00eb nj\u00eb shkel\u00ebs i p\u00ebrs\u00ebritur\u201d, tha Putin.<\/p>\n<p>\u201cAi e dinte mir\u00eb se ishte n\u00eb k\u00ebrkim, por megjithat\u00eb u kthye n\u00eb Rusi dhe ai q\u00ebllimisht donte t\u00eb arrestohej\u201d, vijoi presidenti rus.<\/p>\n<p>Takimi i 16 qershorit mbahet vet\u00ebm disa muaj pasi presidenti amerikan tha se besonte se homologu i tij rus \u00ebsht\u00eb nj\u00eb vras\u00ebs. Vlen p\u00ebr tu theksuar q\u00eb, q\u00eb nga betimi si president n\u00eb muajin janar,\u00a0Biden ka vendosur dy raunde sanksionesh ekonomike ndaj Rusis\u00eb.<\/p>\n<p>Gazeta Panorama<\/p>\n","protected":false},"excerpt":{"rendered":"<p>\u201cBiden \u00ebsht\u00eb ndryshe nga Trump\u201d. &#8211; Putin flet pas kat\u00ebr or\u00eb bisedime: Nuk ka armiq\u00ebsi, por\u2026 Ja p\u00ebr \u00e7far\u00eb ram\u00eb dakord 16 qershor 2021 Pas takimit 4 or\u00ebsh t\u00eb mbajtur n\u00eb Gjenev\u00eb me presidentin e SHBA-ve Joe Biden, ka folur n\u00eb nj\u00eb konferenc\u00eb p\u00ebr mediat shefi i Kremlinit Vladimir Putin. Ky i fundit i konsideroi [&hellip;]<\/p>\n","protected":false},"author":9,"featured_media":47961,"comment_status":"open","ping_status":"open","sticky":false,"template":"","format":"standard","meta":{"jetpack_post_was_ever_published":false,"_jetpack_newsletter_access":"","_jetpack_dont_email_post_to_subs":false,"_jetpack_newsletter_tier_id":0,"_jetpack_memberships_contains_paywalled_content":false,"_jetpack_memberships_contains_paid_content":false,"footnotes":"","jetpack_publicize_message":"","jetpack_publicize_feature_enabled":true,"jetpack_social_post_already_shared":true,"jetpack_social_options":{"image_generator_settings":{"template":"highway","default_image_id":0,"font":"","enabled":false},"version":2}},"categories":[27,2],"tags":[],"class_list":["post-47960","post","type-post","status-publish","format-standard","has-post-thumbnail","hentry","category-blogu-i-udhetarit","category-politika"],"jetpack_publicize_connections":[],"jetpack_featured_media_url":"https:\/\/i0.wp.com\/www.shqiperia.com\/blog\/wp-content\/uploads\/2021\/06\/putin1.jpg?fit=624%2C339&ssl=1","jetpack_sharing_enabled":true,"jetpack_shortlink":"https:\/\/wp.me\/p5Z6wp-cty","jetpack-related-posts":[{"id":93054,"url":"https:\/\/www.shqiperia.com\/blog\/samiti-historik-170-minutesh-pa-marreveshje-cfare-dihet-rreth-takimit-midis-putin-dhe-trump\/","url_meta":{"origin":47960,"position":0},"title":"Samiti historik 170 minut\u00ebsh pa marr\u00ebveshje, \u00e7far\u00eb dihet rreth takimit midis Putin dhe Trump","author":"Kurt Farka","date":"August 16, 2025","format":false,"excerpt":"16 Gusht 2025 Me avion\u00eb luftarak\u00eb, nj\u00eb qilim t\u00eb kuq dhe nj\u00eb slogan shpres\u00ebdh\u00ebn\u00ebs \u2014 \u201cN\u00eb k\u00ebrkim t\u00eb Paqes\u201d \u2014 t\u00eb ngjitur n\u00eb mur, Presidenti Donald Trump mir\u00ebpriti homologun e tij rus Vladimir Putin n\u00eb nj\u00eb samit n\u00eb Alaska t\u00eb premten, rezultatet e t\u00eb cilit mbet\u00ebn krejt\u00ebsisht t\u00eb paqarta pasi\u2026","rel":"","context":"In &quot;Blogu i Udh\u00ebtarit&quot;","block_context":{"text":"Blogu i Udh\u00ebtarit","link":"https:\/\/www.shqiperia.com\/blog\/category\/blogu-i-udhetarit\/"},"img":{"alt_text":"","src":"https:\/\/i0.wp.com\/www.shqiperia.com\/blog\/wp-content\/uploads\/2025\/08\/640-0-capturepng-1755323425.png?fit=640%2C404&ssl=1&resize=350%2C200","width":350,"height":200,"srcset":"https:\/\/i0.wp.com\/www.shqiperia.com\/blog\/wp-content\/uploads\/2025\/08\/640-0-capturepng-1755323425.png?fit=640%2C404&ssl=1&resize=350%2C200 1x, https:\/\/i0.wp.com\/www.shqiperia.com\/blog\/wp-content\/uploads\/2025\/08\/640-0-capturepng-1755323425.png?fit=640%2C404&ssl=1&resize=525%2C300 1.5x"},"classes":[]},{"id":96840,"url":"https:\/\/www.shqiperia.com\/blog\/bileta-kushton-1-miliard-dollare-trump-prezanton-sot-ne-davos-keshillin-e-paqes-qe-shihet-gjeresisht-si-okb-ja-e-tij-private\/","url_meta":{"origin":47960,"position":1},"title":"Bileta kushton 1 miliard dollar\u00eb, Trump prezanton sot n\u00eb Davos \u201cK\u00ebshillin e Paqes\u201d q\u00eb shihet gjer\u00ebsisht si OKB-ja e tij private","author":"Kurt Farka","date":"January 22, 2026","format":false,"excerpt":"22 Janar 2026 Pas t\u00ebrheqjes s\u00eb tij lidhur me Groenland\u00ebn dhe uljes s\u00eb tensioneve t\u00eb nj\u00eb p\u00ebrplasjeje q\u00eb ai vet\u00eb kishte nxitur, Donald Trump prezanton sot n\u00eb Davos nism\u00ebn e re t\u00eb quajtur \u201cK\u00ebshilli i Paqes\u201d. Fillimisht i konceptuar p\u00ebr rind\u00ebrtimin e Gaz\u00ebs, ky k\u00ebshill pritet t\u00eb ket\u00eb nj\u00eb mandat\u2026","rel":"","context":"In &quot;Blogu i Udh\u00ebtarit&quot;","block_context":{"text":"Blogu i Udh\u00ebtarit","link":"https:\/\/www.shqiperia.com\/blog\/category\/blogu-i-udhetarit\/"},"img":{"alt_text":"","src":"https:\/\/i0.wp.com\/www.shqiperia.com\/blog\/wp-content\/uploads\/2026\/01\/Screenshot-2026-01-22-104722.webp?fit=1200%2C764&ssl=1&resize=350%2C200","width":350,"height":200,"srcset":"https:\/\/i0.wp.com\/www.shqiperia.com\/blog\/wp-content\/uploads\/2026\/01\/Screenshot-2026-01-22-104722.webp?fit=1200%2C764&ssl=1&resize=350%2C200 1x, https:\/\/i0.wp.com\/www.shqiperia.com\/blog\/wp-content\/uploads\/2026\/01\/Screenshot-2026-01-22-104722.webp?fit=1200%2C764&ssl=1&resize=525%2C300 1.5x, https:\/\/i0.wp.com\/www.shqiperia.com\/blog\/wp-content\/uploads\/2026\/01\/Screenshot-2026-01-22-104722.webp?fit=1200%2C764&ssl=1&resize=700%2C400 2x, https:\/\/i0.wp.com\/www.shqiperia.com\/blog\/wp-content\/uploads\/2026\/01\/Screenshot-2026-01-22-104722.webp?fit=1200%2C764&ssl=1&resize=1050%2C600 3x"},"classes":[]},{"id":99320,"url":"https:\/\/www.shqiperia.com\/blog\/deshtojne-negociatat-shba-iran-reagon-trump-do-bllokojme-hormuzin-ushtria-izraelite-urdher-mobilizimi-per-tu-rikthyer-ne-lufte\/","url_meta":{"origin":47960,"position":2},"title":"D\u00ebshtojn\u00eb negociatat SHBA- Iran, reagon Trump: &#8211; Do bllokojm\u00eb Hormuzin. &#8211; Ushtria izraelite urdh\u00ebr mobilizimi p\u00ebr t\u2019u rikthyer n\u00eb luft\u00eb","author":"Kurt Farka","date":"April 12, 2026","format":false,"excerpt":"13 Prill 2026 N\u00eb nj\u00eb postim t\u00eb gjat\u00eb t\u00eb ri n\u00eb Truth Social, Donald Trump thot\u00eb se \u201ctakimi shkoi mir\u00eb, u ra dakord p\u00ebr shumic\u00ebn e pikave, por e vetmja pik\u00eb q\u00eb kishte v\u00ebrtet r\u00ebnd\u00ebsi, \u00c7\u00ebshtja B\u00cbRTHAMORE, nuk ishte\u201d. Ai thot\u00eb se \u201cn\u00eb nj\u00eb moment\u201d do t\u00eb arrihet nj\u00eb marr\u00ebveshje\u2026","rel":"","context":"In &quot;Njoftime Shtypi&quot;","block_context":{"text":"Njoftime Shtypi","link":"https:\/\/www.shqiperia.com\/blog\/category\/njoftime-shtypi\/"},"img":{"alt_text":"","src":"https:\/\/i0.wp.com\/www.shqiperia.com\/blog\/wp-content\/uploads\/2026\/04\/shba-iran-1.jpg?fit=900%2C551&ssl=1&resize=350%2C200","width":350,"height":200,"srcset":"https:\/\/i0.wp.com\/www.shqiperia.com\/blog\/wp-content\/uploads\/2026\/04\/shba-iran-1.jpg?fit=900%2C551&ssl=1&resize=350%2C200 1x, https:\/\/i0.wp.com\/www.shqiperia.com\/blog\/wp-content\/uploads\/2026\/04\/shba-iran-1.jpg?fit=900%2C551&ssl=1&resize=525%2C300 1.5x, https:\/\/i0.wp.com\/www.shqiperia.com\/blog\/wp-content\/uploads\/2026\/04\/shba-iran-1.jpg?fit=900%2C551&ssl=1&resize=700%2C400 2x"},"classes":[]},{"id":53743,"url":"https:\/\/www.shqiperia.com\/blog\/cdo-ndodhe-pas-takimit-putin-xi-dy-presidentet-shpalosen-aleance-strategjike-kunder-shteteve-te-bashkuara-por-ja-cfare-thote-shtepia-e-bardhe\/","url_meta":{"origin":47960,"position":3},"title":"\u00c7\u2019do ndodh\u00eb pas takimit Putin-Xi? Dy president\u00ebt shpalos\u00ebn aleanc\u00eb strategjike kund\u00ebr Shteteve t\u00eb Bashkuara, por ja \u00e7far\u00eb thot\u00eb Sht\u00ebpia e Bardh\u00eb","author":"Kurt Farka","date":"February 5, 2022","format":false,"excerpt":"\u00c7\u2019do ndodh\u00eb pas takimit Putin-Xi? Dy president\u00ebt shpalos\u00ebn aleanc\u00eb strategjike kund\u00ebr Shteteve t\u00eb Bashkuara, por ja \u00e7far\u00eb thot\u00eb Sht\u00ebpia e Bardh\u00eb 5 SHKURT 2022 \u201cNe mund t\u00eb kontrollojm\u00eb marr\u00ebdh\u00ebniet tona dhe mbrojtjen e vlerave tona, si edhe p\u00ebrpiqemi t\u00eb gjejm\u00eb m\u00ebnyra p\u00ebr t\u00eb punuar me vendet edhe kur nuk jemi\u2026","rel":"","context":"In &quot;Blogu i Udh\u00ebtarit&quot;","block_context":{"text":"Blogu i Udh\u00ebtarit","link":"https:\/\/www.shqiperia.com\/blog\/category\/blogu-i-udhetarit\/"},"img":{"alt_text":"","src":"https:\/\/i0.wp.com\/www.shqiperia.com\/blog\/wp-content\/uploads\/2022\/02\/Sekretarja-e-shtypit-e-Shtepise-se-Bardhe-Jen-Psaki..jpg?fit=800%2C463&ssl=1&resize=350%2C200","width":350,"height":200,"srcset":"https:\/\/i0.wp.com\/www.shqiperia.com\/blog\/wp-content\/uploads\/2022\/02\/Sekretarja-e-shtypit-e-Shtepise-se-Bardhe-Jen-Psaki..jpg?fit=800%2C463&ssl=1&resize=350%2C200 1x, https:\/\/i0.wp.com\/www.shqiperia.com\/blog\/wp-content\/uploads\/2022\/02\/Sekretarja-e-shtypit-e-Shtepise-se-Bardhe-Jen-Psaki..jpg?fit=800%2C463&ssl=1&resize=525%2C300 1.5x, https:\/\/i0.wp.com\/www.shqiperia.com\/blog\/wp-content\/uploads\/2022\/02\/Sekretarja-e-shtypit-e-Shtepise-se-Bardhe-Jen-Psaki..jpg?fit=800%2C463&ssl=1&resize=700%2C400 2x"},"classes":[]},{"id":97107,"url":"https:\/\/www.shqiperia.com\/blog\/trump-putin-ra-dakord-per-nje-armepushim-nje-javor-ne-ukraine\/","url_meta":{"origin":47960,"position":4},"title":"Trump: &#8211; Putin ra dakord p\u00ebr nj\u00eb arm\u00ebpushim nj\u00eb javor n\u00eb Ukrain\u00eb","author":"Kurt Farka","date":"January 29, 2026","format":false,"excerpt":"29 Janar 2026 Presidenti i SHBA-s\u00eb, Donald Trump, tha sot se homologu i tij rus, Vladimir Putin, pranoi k\u00ebrkes\u00ebn e tij p\u00ebr t\u00eb mos e sulmuar Kievin dhe qytetet dhe fshatrat e tjera ukrainase p\u00ebr nj\u00eb jav\u00eb. \u201cUn\u00eb personalisht i k\u00ebrkova Presidentit Putin t\u00eb mos q\u00ebllonte mbi Kievin dhe qytetet\u2026","rel":"","context":"In &quot;Njoftime Shtypi&quot;","block_context":{"text":"Njoftime Shtypi","link":"https:\/\/www.shqiperia.com\/blog\/category\/njoftime-shtypi\/"},"img":{"alt_text":"","src":"https:\/\/i0.wp.com\/www.shqiperia.com\/blog\/wp-content\/uploads\/2026\/01\/xrwma-trump-putin.webp?fit=1168%2C656&ssl=1&resize=350%2C200","width":350,"height":200,"srcset":"https:\/\/i0.wp.com\/www.shqiperia.com\/blog\/wp-content\/uploads\/2026\/01\/xrwma-trump-putin.webp?fit=1168%2C656&ssl=1&resize=350%2C200 1x, https:\/\/i0.wp.com\/www.shqiperia.com\/blog\/wp-content\/uploads\/2026\/01\/xrwma-trump-putin.webp?fit=1168%2C656&ssl=1&resize=525%2C300 1.5x, https:\/\/i0.wp.com\/www.shqiperia.com\/blog\/wp-content\/uploads\/2026\/01\/xrwma-trump-putin.webp?fit=1168%2C656&ssl=1&resize=700%2C400 2x, https:\/\/i0.wp.com\/www.shqiperia.com\/blog\/wp-content\/uploads\/2026\/01\/xrwma-trump-putin.webp?fit=1168%2C656&ssl=1&resize=1050%2C600 3x"},"classes":[]},{"id":95206,"url":"https:\/\/www.shqiperia.com\/blog\/putin-dyfishon-kerkesat-per-territorin-e-ukraines-perpara-bisedimeve-me-shba-ne-ne-moske\/","url_meta":{"origin":47960,"position":5},"title":"Putin dyfishon k\u00ebrkesat p\u00ebr territorin e Ukrain\u00ebs p\u00ebrpara bisedimeve me SHBA-n\u00eb n\u00eb Mosk\u00eb","author":"Kurt Farka","date":"November 27, 2025","format":false,"excerpt":"27 Nentor 2025 Presidenti Vladimir Putin i ka dyfishuar k\u00ebrkesat e tij kryesore p\u00ebr t\u2019i dh\u00ebn\u00eb fund luft\u00ebs n\u00eb Ukrain\u00eb, duke deklaruar se Rusia do t\u00eb l\u00ebshoj\u00eb arm\u00ebt vet\u00ebm n\u00ebse trupat e Kievit t\u00ebrhiqen nga territori i pretenduar nga Moska Putini ka koh\u00eb q\u00eb k\u00ebrkon njohjen ligjore t\u00eb territoreve ukrainase\u2026","rel":"","context":"In &quot;Blogu i Udh\u00ebtarit&quot;","block_context":{"text":"Blogu i Udh\u00ebtarit","link":"https:\/\/www.shqiperia.com\/blog\/category\/blogu-i-udhetarit\/"},"img":{"alt_text":"","src":"https:\/\/i0.wp.com\/www.shqiperia.com\/blog\/wp-content\/uploads\/2025\/11\/Putini-i-semure-rende-dhe-perdor-nje-sozi-ne-vend-te-tijinsajderi.org_.webp?fit=1200%2C738&ssl=1&resize=350%2C200","width":350,"height":200,"srcset":"https:\/\/i0.wp.com\/www.shqiperia.com\/blog\/wp-content\/uploads\/2025\/11\/Putini-i-semure-rende-dhe-perdor-nje-sozi-ne-vend-te-tijinsajderi.org_.webp?fit=1200%2C738&ssl=1&resize=350%2C200 1x, https:\/\/i0.wp.com\/www.shqiperia.com\/blog\/wp-content\/uploads\/2025\/11\/Putini-i-semure-rende-dhe-perdor-nje-sozi-ne-vend-te-tijinsajderi.org_.webp?fit=1200%2C738&ssl=1&resize=525%2C300 1.5x, https:\/\/i0.wp.com\/www.shqiperia.com\/blog\/wp-content\/uploads\/2025\/11\/Putini-i-semure-rende-dhe-perdor-nje-sozi-ne-vend-te-tijinsajderi.org_.webp?fit=1200%2C738&ssl=1&resize=700%2C400 2x, https:\/\/i0.wp.com\/www.shqiperia.com\/blog\/wp-content\/uploads\/2025\/11\/Putini-i-semure-rende-dhe-perdor-nje-sozi-ne-vend-te-tijinsajderi.org_.webp?fit=1200%2C738&ssl=1&resize=1050%2C600 3x"},"classes":[]}],"_links":{"self":[{"href":"https:\/\/www.shqiperia.com\/blog\/wp-json\/wp\/v2\/posts\/47960","targetHints":{"allow":["GET"]}}],"collection":[{"href":"https:\/\/www.shqiperia.com\/blog\/wp-json\/wp\/v2\/posts"}],"about":[{"href":"https:\/\/www.shqiperia.com\/blog\/wp-json\/wp\/v2\/types\/post"}],"author":[{"embeddable":true,"href":"https:\/\/www.shqiperia.com\/blog\/wp-json\/wp\/v2\/users\/9"}],"replies":[{"embeddable":true,"href":"https:\/\/www.shqiperia.com\/blog\/wp-json\/wp\/v2\/comments?post=47960"}],"version-history":[{"count":1,"href":"https:\/\/www.shqiperia.com\/blog\/wp-json\/wp\/v2\/posts\/47960\/revisions"}],"predecessor-version":[{"id":47962,"href":"https:\/\/www.shqiperia.com\/blog\/wp-json\/wp\/v2\/posts\/47960\/revisions\/47962"}],"wp:featuredmedia":[{"embeddable":true,"href":"https:\/\/www.shqiperia.com\/blog\/wp-json\/wp\/v2\/media\/47961"}],"wp:attachment":[{"href":"https:\/\/www.shqiperia.com\/blog\/wp-json\/wp\/v2\/media?parent=47960"}],"wp:term":[{"taxonomy":"category","embeddable":true,"href":"https:\/\/www.shqiperia.com\/blog\/wp-json\/wp\/v2\/categories?post=47960"},{"taxonomy":"post_tag","embeddable":true,"href":"https:\/\/www.shqiperia.com\/blog\/wp-json\/wp\/v2\/tags?post=47960"}],"curies":[{"name":"wp","href":"https:\/\/api.w.org\/{rel}","templated":true}]}}