{"id":47957,"date":"2021-06-16T19:02:30","date_gmt":"2021-06-16T19:02:30","guid":{"rendered":"https:\/\/www.shqiperia.com\/blog\/?p=47957"},"modified":"2021-06-16T19:02:30","modified_gmt":"2021-06-16T19:02:30","slug":"fatura-minimale-e-ujit-erru-propozon-katerfishimin-e-saj","status":"publish","type":"post","link":"https:\/\/www.shqiperia.com\/blog\/fatura-minimale-e-ujit-erru-propozon-katerfishimin-e-saj\/","title":{"rendered":"Fatura minimale e ujit. &#8211;\u00a0 ERRU propozon kat\u00ebrfishimin e saj"},"content":{"rendered":"<p><img data-recalc-dims=\"1\" loading=\"lazy\" decoding=\"async\" data-attachment-id=\"47958\" data-permalink=\"https:\/\/www.shqiperia.com\/blog\/fatura-minimale-e-ujit-erru-propozon-katerfishimin-e-saj\/sporteleee\/\" data-orig-file=\"https:\/\/i0.wp.com\/www.shqiperia.com\/blog\/wp-content\/uploads\/2021\/06\/sporteleee.png?fit=633%2C381&amp;ssl=1\" data-orig-size=\"633,381\" data-comments-opened=\"1\" data-image-meta=\"{&quot;aperture&quot;:&quot;0&quot;,&quot;credit&quot;:&quot;&quot;,&quot;camera&quot;:&quot;&quot;,&quot;caption&quot;:&quot;&quot;,&quot;created_timestamp&quot;:&quot;0&quot;,&quot;copyright&quot;:&quot;&quot;,&quot;focal_length&quot;:&quot;0&quot;,&quot;iso&quot;:&quot;0&quot;,&quot;shutter_speed&quot;:&quot;0&quot;,&quot;title&quot;:&quot;&quot;,&quot;orientation&quot;:&quot;0&quot;}\" data-image-title=\"sporteleee\" data-image-description=\"\" data-image-caption=\"\" data-medium-file=\"https:\/\/i0.wp.com\/www.shqiperia.com\/blog\/wp-content\/uploads\/2021\/06\/sporteleee.png?fit=300%2C181&amp;ssl=1\" data-large-file=\"https:\/\/i0.wp.com\/www.shqiperia.com\/blog\/wp-content\/uploads\/2021\/06\/sporteleee.png?fit=633%2C381&amp;ssl=1\" class=\"alignnone  wp-image-47958\" alt=\"\" src=\"https:\/\/i0.wp.com\/www.shqiperia.com\/blog\/wp-content\/uploads\/2021\/06\/sporteleee.png?resize=549%2C331&#038;ssl=1\" width=\"549\" height=\"331\" srcset=\"https:\/\/i0.wp.com\/www.shqiperia.com\/blog\/wp-content\/uploads\/2021\/06\/sporteleee.png?resize=300%2C181&amp;ssl=1 300w, https:\/\/i0.wp.com\/www.shqiperia.com\/blog\/wp-content\/uploads\/2021\/06\/sporteleee.png?resize=450%2C271&amp;ssl=1 450w, https:\/\/i0.wp.com\/www.shqiperia.com\/blog\/wp-content\/uploads\/2021\/06\/sporteleee.png?resize=600%2C361&amp;ssl=1 600w, https:\/\/i0.wp.com\/www.shqiperia.com\/blog\/wp-content\/uploads\/2021\/06\/sporteleee.png?resize=400%2C241&amp;ssl=1 400w, https:\/\/i0.wp.com\/www.shqiperia.com\/blog\/wp-content\/uploads\/2021\/06\/sporteleee.png?w=633&amp;ssl=1 633w\" sizes=\"auto, (max-width: 549px) 100vw, 549px\" \/><\/p>\n<p><a href=\"http:\/\/www.panorama.com.al\/fatura-minimale-e-ujit-erru-propozon-katerfishimin-e-saj\/\">Fatura minimale e ujit. &#8211;\u00a0 ERRU propozon kat\u00ebrfishimin e saj<\/a><\/p>\n<p><em>16 qershor 2021 <\/em><\/p>\n<p><strong>DHORJELA \u00c7ULE\/\u00a0P\u00ebr t\u00eb rritur efikasitetin n\u00ebp\u00ebrmjet ekonomis\u00eb s\u00eb shkall\u00ebs, Enti Rregullator i Ujit (ERRU) n\u00eb nj\u00eb raport t\u00eb fundit propozon dy variante konkrete p\u00ebr agregimin (bashkimin) e nd\u00ebrmarrjeve t\u00eb uj\u00ebsjell\u00ebs-kanalizimeve.<\/strong><\/p>\n<p>N\u00eb shkrimin e revist\u00ebs \u201cMonitor\u201d thuhet se nj\u00eb prej alternativave q\u00eb do t\u00eb aplikohet nj\u00eb fatur\u00eb e unifikuar p\u00ebr sektorin n\u00eb vler\u00ebn prej rreth 1400 lek\u00eb\/muaj, nd\u00ebrsa aktualisht vlera mesatare e fatur\u00ebs mujore varion nga 350 deri n\u00eb 2,000 lek\u00eb n\u00eb muaj.<\/p>\n<p>Kjo automatikisht do t\u00eb \u00e7onte n\u00eb nj\u00eb kat\u00ebrfishim t\u00eb fatur\u00ebs p\u00ebr ata q\u00eb sot paguajn\u00eb me vler\u00eb minimale.<\/p>\n<p>Vet\u00eb ERRU-ja e pranon se kjo do t\u00eb krijonte kosto t\u00eb m\u00ebdha sociale, sidomos p\u00ebr zon\u00ebn verilindore.<\/p>\n<p>N\u00eb raportin \u201cAlternativat e agregimit t\u00eb sektorit t\u00eb uj\u00ebsjell\u00ebs kanalizimeve\u201d, ERRU-ja thekson se nj\u00eb nd\u00ebr opsionet \u00ebsht\u00eb q\u00eb sektori t\u00eb agregohet n\u00eb m\u00ebnyr\u00eb t\u00eb menj\u00ebhershme dhe t\u00eb jet\u00eb i organizuar n\u00eb nivel komb\u00ebtar me nj\u00eb ose 3-4 shoq\u00ebri UK, ose alternativa tjet\u00ebr p\u00ebr agregim gradual pilot t\u00eb uj\u00ebsjell\u00ebs-kanalizimeve brenda qarkut.<\/p>\n<p>P\u00ebr t\u2019i paraprir\u00eb k\u00ebtij procesi dhe n\u00eb zbatim t\u00eb rekomandeve t\u00eb Rezolut\u00ebs s\u00eb Kuvendit p\u00ebr vitin 2020, ERRU-ja ka vler\u00ebsuar edhe tarif\u00ebn e agreguar, p\u00ebr rastin e bashkimit t\u00eb menj\u00ebhersh\u00ebm t\u00eb 57 nd\u00ebrmarrjeve t\u00eb uj\u00ebsjell\u00ebskanalizimeve n\u00eb 3 ose 4 shoq\u00ebri.<\/p>\n<p>ERRU-ja vler\u00ebson se p\u00ebr mbulimin e kostove do t\u00eb duhet t\u00eb aplikohet nj\u00eb fatur\u00eb e unifikuar me vler\u00eb 1,400 lek\u00eb\/ muaj.<\/p>\n<p>\u201cN\u00eb vendin ton\u00eb \u00e7do shoq\u00ebri UK aplikon tarifat e veta specifike p\u00ebr \u00e7do kategori konsumator\u00ebsh n\u00eb zon\u00ebn e saj t\u00eb sh\u00ebrbimit. Aktualisht n\u00eb vendin ton\u00eb jan\u00eb n\u00eb fuqi rreth 57 sisteme tarifash sh\u00ebrbimi UK q\u00eb duhet t\u00eb unifikohen. Vlera mesatare e fatur\u00ebs mujore n\u00eb t\u00eb 57 shoq\u00ebrit\u00eb luhatet nga 350 deri n\u00eb 2,000 lek\u00eb\/ muaj.<\/p>\n<p>P\u00ebr mbulimin e kostove aktuale n\u00eb sektor duhet t\u00eb aplikohet nj\u00eb fatur\u00eb e unifikuar p\u00ebr sektorin n\u00eb vler\u00ebn prej rreth 1,400 lek\u00eb\/muaj. Vlera relativisht e lart\u00eb e fatur\u00ebs se unifikuar do t\u00eb krijonte probleme sociale p\u00ebr bashkit\u00eb n\u00eb t\u00eb cilat aktualisht aplikohen tarifa mjaft t\u00eb ul\u00ebta sidomos p\u00ebr zon\u00ebn verilindore, ku procesit duhet t\u2019i paraprihet me nj\u00eb politik\u00eb subvencionimi t\u00eb tarifave\u201d, thuhet n\u00eb raportin e ERRU-s\u00eb.<\/p>\n<p>Metodologjia aktuale e vendosjes s\u00eb tarifave nga\u00a0ERRU-ja p\u00ebrcakton p\u00ebr \u00e7do shoq\u00ebri n\u00ebntarifa q\u00eb i referohen \u00e7do kostoje t\u00eb sh\u00ebrbimeve. T\u00eb pes\u00eb n\u00ebntarifat jan\u00eb t\u00eb ndryshme p\u00ebr secil\u00ebn nga tri kategorit\u00eb e konsumator\u00ebve, p\u00ebrkat\u00ebsisht, konsumator\u00eb familjar\u00eb, institucione publike dhe ato private. Sistemi i faturimit i unifikuar do t\u00eb duhet t\u00eb p\u00ebrfshij\u00eb t\u00eb gjitha specifikat e ve\u00e7anta t\u00eb sh\u00ebrbimeve p\u00ebr \u00e7do nd\u00ebrmarrje uj\u00ebsjell\u00ebs-kanalizimesh.<\/p>\n<p>\u201cRrjedhimisht, nd\u00ebrtimi i nj\u00eb sistemi faturimi i centralizuar (software) p\u00ebr t\u00eb gjith\u00eb vendin do t\u00eb ishte i v\u00ebshtire p\u00ebr t\u2019u realizuar teknikisht dhe do t\u00eb k\u00ebrkonte mjaft koh\u00eb. Nga ana tjet\u00ebr, ky sistem do t\u00eb ishte subjekt i nj\u00eb dinamike mjaft t\u00eb shpesht\u00eb p\u00ebrdit\u00ebsimi p\u00ebr shkak t\u00eb ndryshimit t\u00eb kushteve t\u00eb sh\u00ebrbimeve n\u00eb \u00e7do rajon apo nj\u00ebsi t\u00eb ve\u00e7ant\u00eb administrative\u201d, n\u00ebnvizon ERRU-ja mbi v\u00ebshtir\u00ebsit\u00eb q\u00eb do t\u00eb hasen n\u00eb rast t\u00eb zbatimit t\u00eb opsionit t\u00eb par\u00eb t\u00eb bashkimit t\u00eb shoq\u00ebrive.<\/p>\n<p>P\u00ebr alternativ\u00ebn tjet\u00ebr, agregim gradual mbi baza vullnetare dhe me iniciativ\u00eb nga qeveria qendrore, ERRU-ja rekomandon se p\u00ebr seleksionimin e 2- 3 shembujve pilot rekomandohet q\u00eb t\u00eb kihen parasysh 5 kritere, si:<\/p>\n<p>T\u00eb synohen agregime t\u00eb shoq\u00ebrive brenda nj\u00eb qarku, ku kryetar\u00ebt e pushteteve vendore mund\u00ebsisht t\u00eb\u00a0jen\u00eb t\u00eb nj\u00eb krahu politik dhe q\u00eb mir\u00ebkuptohen nd\u00ebrmjet tyre;<\/p>\n<p>P\u00ebrgjith\u00ebsisht agregimi duhet t\u00eb behet nd\u00ebrmjet nj\u00eb shoq\u00ebrie financiarisht t\u00eb q\u00ebndrueshme me nj\u00eb ose disa shoq\u00ebri me performanc\u00eb financiare t\u00eb dob\u00ebt; Nd\u00ebrgjegj\u00ebsimin dhe angazhimin paraprak t\u00eb kryetareve t\u00eb bashkive n\u00eb lidhje me avantazhet e agregimit (ekonomi e shkall\u00ebs), si m\u00ebnyra m\u00eb e p\u00ebrshtatshme p\u00ebr t\u00eb p\u00ebrmir\u00ebsuar performanc\u00ebn financiare t\u00eb shoq\u00ebris\u00eb dhe cil\u00ebsin\u00eb e sh\u00ebrbimeve ndaj konsumator\u00ebve;<\/p>\n<p>Agregimi duhet realizuar me vullnet t\u00eb lir\u00eb dhe shoq\u00ebruar me iniciativa nga qeveria qendrore;<\/p>\n<p>Incentivat do t\u00eb konsistojn\u00eb n\u00eb kompensimin\/subvencionimin p\u00ebr nj\u00eb periudh\u00eb tranzitore t\u00eb deficitit financiar t\u00eb kostove t\u00eb shoq\u00ebris\u00eb s\u00eb dob\u00ebt financiare t\u00eb agreguar, si dhe me incentiva investimesh fizike p\u00ebr zon\u00ebn e re t\u00eb sh\u00ebrbimit t\u00eb shoq\u00ebris\u00eb s\u00eb agreguar;<\/p>\n<p>Me iniciativ\u00ebn e qeverise qendrore (MIE) bashkit\u00eb\/shoq\u00ebrit\u00eb UK e seleksionuara p\u00ebr agregim t\u00eb suksessh\u00ebm t\u00eb firmosin marr\u00ebveshjet paraprake t\u00eb dakord\u00ebsis\u00eb p\u00ebr agregim, sipas nj\u00eb draft modeli t\u00eb parap\u00ebrgatitur.<\/p>\n<p>Studimi i b\u00ebshm\u00ebris\u00eb i vitit 2008 p\u00ebr agregimin e sektorit\u00a0t\u00eb ujit n\u00eb Shqip\u00ebri, financuar nga Banka Bot\u00ebrore, rezultoi se agregimi duhet realizuar mbi baza vullnetare dhe me incentiva nga qeveria qendrore.<\/p>\n<p>N\u00eb t\u00eb nj\u00ebjtin konkluzion \u00ebsht\u00eb arritur edhe n\u00eb draftin e studimit p\u00ebr agregimin e sektorit n\u00eb prill 2020 financuar nga Sekretariati i Shtetit Zviceran p\u00ebr \u00c7\u00ebshtjet Ekonomike (SECO), studim i realizuar me k\u00ebrkes\u00eb t\u00eb Ministris\u00eb s\u00eb Energjetik\u00ebs dhe Infrastruktur\u00ebs. M\u00eb her\u00ebt financat propozuan q\u00eb borxhet q\u00eb uj\u00ebsjell\u00ebsit kan\u00eb p\u00ebr energjin\u00eb t\u00eb futen n\u00eb fatur\u00ebn e ujit.<\/p>\n<p>Nd\u00ebrmarrjet e uj\u00ebsjell\u00ebsit, t\u00eb cilat jan\u00eb n\u00eb administrim publik kan\u00eb rikrijuar nj\u00eb borxh prej 17 miliard\u00eb lek\u00ebsh ose 138 milion\u00eb eurosh ndaj OSHEE-s\u00eb deri n\u00eb fund t\u00eb vitit t\u00eb kaluar. Por, kjo fatur\u00eb detyrimesh m\u00eb shum\u00eb se sa ndikon n\u00eb p\u00ebrkeq\u00ebsimin e bilancit t\u00eb OSHEE-s\u00eb rrezikon t\u00eb \u00e7oj\u00eb n\u00eb rritje t\u00eb m\u00ebtejshme t\u00eb \u00e7mimit t\u00eb ujit n\u00eb t\u00eb gjith\u00eb vendin, pasi Ministria e Financave n\u00eb nj\u00eb prej alternativave p\u00ebr zgjidhjen e situat\u00ebs propozon q\u00eb t\u00eb b\u00ebhet zbatimi i plot\u00eb i reform\u00ebs s\u00eb ujit, ku do t\u00eb reflektohet kosto e energjis\u00eb elektrike n\u00eb tarif\u00ebn e ujit n\u00eb kuad\u00ebr t\u00eb rishikimit t\u00eb metodologjis\u00eb t\u00eb tarifave t\u00eb ujit.<\/p>\n<p>Ministria e financave dhe Ekonomis\u00eb dhe ajo e infrastruktur\u00ebs kan\u00eb dh\u00ebn\u00eb dy zgjidhje p\u00ebr t\u00eb pages\u00ebn e faturave t\u00eb energjis\u00eb nga nd\u00ebrmarrjet e uj\u00ebsjell\u00ebsit. E para \u00ebsht\u00eb automatizimi i pagesave t\u00eb faturave t\u00eb energjis\u00eb elektrike p\u00ebrmes garancive bankare (overdraft).<\/p>\n<p>Kjo m\u00ebnyr\u00eb do t\u00eb pilotohet n\u00eb 1 \u2013 3 nd\u00ebrmarrje uj\u00ebsjell\u00ebsi me financa t\u00eb sh\u00ebndosha, nd\u00ebrsa do t\u00eb shtrihet m\u00eb tej te nd\u00ebrmarrjet e tjera q\u00eb mund ta p\u00ebrballojn\u00eb financiarisht.<\/p>\n<p>S\u00eb dyti, do t\u00eb b\u00ebhet zbatimi i plot\u00eb i reform\u00ebs s\u00eb ujit, ku do t\u00eb reflektohet kosto e energjis\u00eb elektrike n\u00eb tarif\u00ebn e ujit n\u00eb kuad\u00ebr t\u00eb rishikimit t\u00eb metodologjis\u00eb t\u00eb tarifave t\u00eb ujit.<\/p>\n<p>Gazeta Panorama<\/p>\n","protected":false},"excerpt":{"rendered":"<p>Fatura minimale e ujit. &#8211;\u00a0 ERRU propozon kat\u00ebrfishimin e saj 16 qershor 2021 DHORJELA \u00c7ULE\/\u00a0P\u00ebr t\u00eb rritur efikasitetin n\u00ebp\u00ebrmjet ekonomis\u00eb s\u00eb shkall\u00ebs, Enti Rregullator i Ujit (ERRU) n\u00eb nj\u00eb raport t\u00eb fundit propozon dy variante konkrete p\u00ebr agregimin (bashkimin) e nd\u00ebrmarrjeve t\u00eb uj\u00ebsjell\u00ebs-kanalizimeve. N\u00eb shkrimin e revist\u00ebs \u201cMonitor\u201d thuhet se nj\u00eb prej alternativave q\u00eb do [&hellip;]<\/p>\n","protected":false},"author":9,"featured_media":47958,"comment_status":"open","ping_status":"open","sticky":false,"template":"","format":"standard","meta":{"jetpack_post_was_ever_published":false,"_jetpack_newsletter_access":"","_jetpack_dont_email_post_to_subs":false,"_jetpack_newsletter_tier_id":0,"_jetpack_memberships_contains_paywalled_content":false,"_jetpack_memberships_contains_paid_content":false,"footnotes":"","jetpack_publicize_message":"","jetpack_publicize_feature_enabled":true,"jetpack_social_post_already_shared":true,"jetpack_social_options":{"image_generator_settings":{"template":"highway","default_image_id":0,"font":"","enabled":false},"version":2}},"categories":[27,2,35],"tags":[],"class_list":["post-47957","post","type-post","status-publish","format-standard","has-post-thumbnail","hentry","category-blogu-i-udhetarit","category-politika","category-shoqerore"],"jetpack_publicize_connections":[],"jetpack_featured_media_url":"https:\/\/i0.wp.com\/www.shqiperia.com\/blog\/wp-content\/uploads\/2021\/06\/sporteleee.png?fit=633%2C381&ssl=1","jetpack_sharing_enabled":true,"jetpack_shortlink":"https:\/\/wp.me\/p5Z6wp-ctv","jetpack-related-posts":[{"id":66608,"url":"https:\/\/www.shqiperia.com\/blog\/skema-e-pensioneve-mund-te-pesoje-ndryshime-bizneset-shqiptare-do-te-kene-te-drejte-te-krijojne-fonde-te-pensioneve-private-per-punonjesit-e-tyre\/","url_meta":{"origin":47957,"position":0},"title":"Skema e pensioneve mund t\u00eb p\u00ebsoj\u00eb ndryshime. &#8211; Bizneset shqiptare do t\u00eb ken\u00eb t\u00eb drejt\u00eb t\u00eb krijojn\u00eb fonde t\u00eb pensioneve private p\u00ebr punonj\u00ebsit e tyre","author":"Kurt Farka","date":"January 23, 2023","format":false,"excerpt":"23 Janar 2023 Qeveria parashikon q\u00eb t\u00eb miratoj\u00eb nj\u00eb ligj t\u00eb ri p\u00ebr fondet e pensioneve private duke sjell\u00eb nj\u00eb seri ndryshimesh p\u00ebr nj\u00eb treg q\u00eb ende mbetet anemik n\u00eb vend. Vet\u00ebm nj\u00eb num\u00ebr i vog\u00ebl qytetar\u00ebsh derdhin kontribute vullnetare p\u00ebr t\u00eb p\u00ebrfituar nj\u00eb pension privat shtes\u00eb.\u00a0 Argumenti baz\u00eb se\u2026","rel":"","context":"In &quot;Blogu i Udh\u00ebtarit&quot;","block_context":{"text":"Blogu i Udh\u00ebtarit","link":"https:\/\/www.shqiperia.com\/blog\/category\/blogu-i-udhetarit\/"},"img":{"alt_text":"","src":"https:\/\/i0.wp.com\/www.shqiperia.com\/blog\/wp-content\/uploads\/2023\/01\/800-0-63ce6ebf3ec52.jpg?fit=800%2C450&ssl=1&resize=350%2C200","width":350,"height":200,"srcset":"https:\/\/i0.wp.com\/www.shqiperia.com\/blog\/wp-content\/uploads\/2023\/01\/800-0-63ce6ebf3ec52.jpg?fit=800%2C450&ssl=1&resize=350%2C200 1x, https:\/\/i0.wp.com\/www.shqiperia.com\/blog\/wp-content\/uploads\/2023\/01\/800-0-63ce6ebf3ec52.jpg?fit=800%2C450&ssl=1&resize=525%2C300 1.5x, https:\/\/i0.wp.com\/www.shqiperia.com\/blog\/wp-content\/uploads\/2023\/01\/800-0-63ce6ebf3ec52.jpg?fit=800%2C450&ssl=1&resize=700%2C400 2x"},"classes":[]},{"id":10746,"url":"https:\/\/www.shqiperia.com\/blog\/gazetarja-sulmon-veliajn-po-me-vjedh-buken-e-femijes-tim-me-ujin-tend-te-qelbur\/","url_meta":{"origin":47957,"position":1},"title":"Gazetarja sulmon Veliajn: Po m\u00eb vjedh buk\u00ebn e f\u00ebmij\u00ebs tim me ujin t\u00ebnd t\u00eb qelbur\u2026-","author":"Kurt Farka","date":"August 10, 2018","format":false,"excerpt":"Gazetarja sulmon Veliajn: Po m\u00eb vjedh buk\u00ebn e f\u00ebmij\u00ebs tim me ujin t\u00ebnd t\u00eb qelbur\u2026- Gazetarja Anduela Ndreu me an\u00eb t\u00eb nj\u00eb postimi n\u00eb rrjetet sociale ka sulmuar kryetarin e bashkis\u00eb Erion Veliajn p\u00ebr shkak t\u00eb fatur\u00ebs s\u00eb lart\u00eb t\u00eb ujit. Gazetarja shkruan se kjo q\u00eb po b\u00ebn kryebashkiaku \u00ebsht\u00eb\u2026","rel":"","context":"In &quot;Politika&quot;","block_context":{"text":"Politika","link":"https:\/\/www.shqiperia.com\/blog\/category\/politika\/"},"img":{"alt_text":"","src":"https:\/\/i0.wp.com\/www.shqiperia.com\/blog\/wp-content\/uploads\/2018\/08\/veliaj-anduela-689x405.jpg?fit=689%2C405&ssl=1&resize=350%2C200","width":350,"height":200,"srcset":"https:\/\/i0.wp.com\/www.shqiperia.com\/blog\/wp-content\/uploads\/2018\/08\/veliaj-anduela-689x405.jpg?fit=689%2C405&ssl=1&resize=350%2C200 1x, https:\/\/i0.wp.com\/www.shqiperia.com\/blog\/wp-content\/uploads\/2018\/08\/veliaj-anduela-689x405.jpg?fit=689%2C405&ssl=1&resize=525%2C300 1.5x"},"classes":[]},{"id":20166,"url":"https:\/\/www.shqiperia.com\/blog\/instat-nje-shqiperi-e-varfer-me-paga-qesharake\/","url_meta":{"origin":47957,"position":2},"title":"Instat: Nj\u00eb Shqip\u00ebri e varf\u00ebr me paga \u201cqesharake\u201d. &#8211;","author":"Kurt Farka","date":"April 25, 2019","format":false,"excerpt":"Instat: Nj\u00eb Shqip\u00ebri e varf\u00ebr me paga \u201cqesharake\u201d. - Nj\u00eb e kat\u00ebrta e t\u00eb pun\u00ebsuarve q\u00eb paguan sigurime shoq\u00ebrore gjat\u00eb vitit t\u00eb kaluar deklaruan paga 24 mij\u00eb lek\u00eb n\u00eb muaj, sipas t\u00eb dh\u00ebnave t\u00eb INSTSAT referuar list\u00eb-pagesave n\u00eb tatime. N\u00eb raport me fundin e vitit 2017, sipas Monitor, numri i\u2026","rel":"","context":"In &quot;Blogu i Udh\u00ebtarit&quot;","block_context":{"text":"Blogu i Udh\u00ebtarit","link":"https:\/\/www.shqiperia.com\/blog\/category\/blogu-i-udhetarit\/"},"img":{"alt_text":"","src":"https:\/\/i0.wp.com\/www.shqiperia.com\/blog\/wp-content\/uploads\/2019\/04\/Nj%C3%AB-Shqip%C3%ABri-e-varf%C3%ABr-me-paga-%E2%80%9Cqesharake%E2%80%9D.jpeg?fit=905%2C395&ssl=1&resize=350%2C200","width":350,"height":200,"srcset":"https:\/\/i0.wp.com\/www.shqiperia.com\/blog\/wp-content\/uploads\/2019\/04\/Nj%C3%AB-Shqip%C3%ABri-e-varf%C3%ABr-me-paga-%E2%80%9Cqesharake%E2%80%9D.jpeg?fit=905%2C395&ssl=1&resize=350%2C200 1x, https:\/\/i0.wp.com\/www.shqiperia.com\/blog\/wp-content\/uploads\/2019\/04\/Nj%C3%AB-Shqip%C3%ABri-e-varf%C3%ABr-me-paga-%E2%80%9Cqesharake%E2%80%9D.jpeg?fit=905%2C395&ssl=1&resize=525%2C300 1.5x, https:\/\/i0.wp.com\/www.shqiperia.com\/blog\/wp-content\/uploads\/2019\/04\/Nj%C3%AB-Shqip%C3%ABri-e-varf%C3%ABr-me-paga-%E2%80%9Cqesharake%E2%80%9D.jpeg?fit=905%2C395&ssl=1&resize=700%2C400 2x"},"classes":[]},{"id":73276,"url":"https:\/\/www.shqiperia.com\/blog\/ujesjellesit-ne-prag-falimenti-ne-mase-jane-ne-gjendje-katastrofale-financiare-jo-vetem-durresi-shume-kompani-te-tjera-ne-humbje-dhe-te-zhytura-ne-borxhe\/","url_meta":{"origin":47957,"position":3},"title":"\u201cUj\u00ebsjell\u00ebsit n\u00eb prag falimenti n\u00eb mas\u00eb, jan\u00eb n\u00eb gjendje katastrofale financiare\u201d: &#8211; Jo vet\u00ebm Durr\u00ebsi, shum\u00eb kompani t\u00eb tjera n\u00eb humbje dhe t\u00eb zhytura n\u00eb borxhe","author":"Kurt Farka","date":"August 4, 2023","format":false,"excerpt":"4 Gusht 2023 T\u00eb dh\u00ebnat e bilanceve t\u00eb analizuara nga BIRN tregojn\u00eb se p\u00ebrve\u00e7 Durr\u00ebsit, edhe shum\u00eb kompani t\u00eb tjera t\u00eb uj\u00ebsjell\u00ebs-kanalizimeve jan\u00eb me humbje masive, t\u00eb cilat, her\u00ebt a von\u00eb, do t\u00eb duhet t\u00eb mbulohen nga taksapaguesit. Uj\u00ebsjell\u00ebsi i Durr\u00ebsit \u00ebsht\u00eb uj\u00ebsjell\u00ebsi i dyt\u00eb m\u00eb i madh n\u00eb Shqip\u00ebri\u2026","rel":"","context":"In &quot;Blogu i Udh\u00ebtarit&quot;","block_context":{"text":"Blogu i Udh\u00ebtarit","link":"https:\/\/www.shqiperia.com\/blog\/category\/blogu-i-udhetarit\/"},"img":{"alt_text":"","src":"https:\/\/i0.wp.com\/www.shqiperia.com\/blog\/wp-content\/uploads\/2023\/08\/800-0-fe3e9cb3f1d4d5749656dcd8d340302d.jpg?fit=800%2C459&ssl=1&resize=350%2C200","width":350,"height":200,"srcset":"https:\/\/i0.wp.com\/www.shqiperia.com\/blog\/wp-content\/uploads\/2023\/08\/800-0-fe3e9cb3f1d4d5749656dcd8d340302d.jpg?fit=800%2C459&ssl=1&resize=350%2C200 1x, https:\/\/i0.wp.com\/www.shqiperia.com\/blog\/wp-content\/uploads\/2023\/08\/800-0-fe3e9cb3f1d4d5749656dcd8d340302d.jpg?fit=800%2C459&ssl=1&resize=525%2C300 1.5x, https:\/\/i0.wp.com\/www.shqiperia.com\/blog\/wp-content\/uploads\/2023\/08\/800-0-fe3e9cb3f1d4d5749656dcd8d340302d.jpg?fit=800%2C459&ssl=1&resize=700%2C400 2x"},"classes":[]},{"id":52873,"url":"https:\/\/www.shqiperia.com\/blog\/sa-vlen-puna-ne-shqiperi-me-19-minuta-blen-nje-buke-me-500-ore-1-meter-katror-banese-ne-tirane-me-te-ardhurat-zyrtare-duhen-30-vjet-per-te-blere-nje-shtepi\/","url_meta":{"origin":47957,"position":4},"title":"Sa vlen puna n\u00eb Shqip\u00ebri? Me 19 minuta blen nj\u00eb buk\u00eb, me 500 or\u00eb, 1 met\u00ebr katror banes\u00eb n\u00eb Tiran\u00eb. Me t\u00eb ardhurat zyrtare duhen 30 vjet p\u00ebr t\u00eb bler\u00eb nj\u00eb sht\u00ebpi","author":"Kurt Farka","date":"January 4, 2022","format":false,"excerpt":"Sa vlen puna n\u00eb Shqip\u00ebri? Me 19 minuta blen nj\u00eb buk\u00eb, me 500 or\u00eb, 1 met\u00ebr katror banes\u00eb n\u00eb Tiran\u00eb. Me t\u00eb ardhurat zyrtare duhen 30 vjet p\u00ebr t\u00eb bler\u00eb nj\u00eb sht\u00ebpi 3 Janar 2022 Ndonj\u00ebher\u00eb ndodh t\u00eb zgjohemi n\u00eb m\u00ebngjes dhe t\u00eb pyesim veten p\u00ebrse punojm\u00eb. P\u00ebrse duhet t\u00eb\u2026","rel":"","context":"In &quot;Blogu i Udh\u00ebtarit&quot;","block_context":{"text":"Blogu i Udh\u00ebtarit","link":"https:\/\/www.shqiperia.com\/blog\/category\/blogu-i-udhetarit\/"},"img":{"alt_text":"","src":"https:\/\/i0.wp.com\/www.shqiperia.com\/blog\/wp-content\/uploads\/2022\/01\/269704346_3194159974140617_6229501087021222878_n.jpg?fit=662%2C375&ssl=1&resize=350%2C200","width":350,"height":200,"srcset":"https:\/\/i0.wp.com\/www.shqiperia.com\/blog\/wp-content\/uploads\/2022\/01\/269704346_3194159974140617_6229501087021222878_n.jpg?fit=662%2C375&ssl=1&resize=350%2C200 1x, https:\/\/i0.wp.com\/www.shqiperia.com\/blog\/wp-content\/uploads\/2022\/01\/269704346_3194159974140617_6229501087021222878_n.jpg?fit=662%2C375&ssl=1&resize=525%2C300 1.5x"},"classes":[]},{"id":25063,"url":"https:\/\/www.shqiperia.com\/blog\/dalin-faturat-ministrja-e-drejtesise-ne-hotele-luksoze-gjate-udhetimeve-jashte-shtetit-mbi-700-euro-nje-nate\/","url_meta":{"origin":47957,"position":5},"title":"Dalin faturat\/ Ministrja e Drejt\u00ebsis\u00eb n\u00eb hotele luksoze gjat\u00eb udh\u00ebtimeve jasht\u00eb shtetit, mbi 700 euro nj\u00eb nat\u00eb. &#8211;","author":"Kurt Farka","date":"August 24, 2019","format":false,"excerpt":"Dalin faturat\/ Ministrja e Drejt\u00ebsis\u00eb n\u00eb hotele luksoze gjat\u00eb udh\u00ebtimeve jasht\u00eb shtetit, mbi 700 euro nj\u00eb nat\u00eb. - 24 gusht 2019. Dalin faturat e udh\u00ebtimeve jasht\u00eb shtetit t\u00eb ministres s\u00eb Drejt\u00ebsis\u00eb, Etilda Gjonaj. Faktoje.al ka postuar sot faturat, sipas te cilave n\u00eb udh\u00ebtimet\u00a0 e pun\u00ebs gjat\u00eb vitit 2018 deri n\u00eb\u2026","rel":"","context":"In &quot;Kultura&quot;","block_context":{"text":"Kultura","link":"https:\/\/www.shqiperia.com\/blog\/category\/kultura\/"},"img":{"alt_text":"","src":"https:\/\/i0.wp.com\/www.shqiperia.com\/blog\/wp-content\/uploads\/2019\/08\/Fatura-e-Londres-Copy.jpg?fit=1024%2C534&ssl=1&resize=350%2C200","width":350,"height":200,"srcset":"https:\/\/i0.wp.com\/www.shqiperia.com\/blog\/wp-content\/uploads\/2019\/08\/Fatura-e-Londres-Copy.jpg?fit=1024%2C534&ssl=1&resize=350%2C200 1x, https:\/\/i0.wp.com\/www.shqiperia.com\/blog\/wp-content\/uploads\/2019\/08\/Fatura-e-Londres-Copy.jpg?fit=1024%2C534&ssl=1&resize=525%2C300 1.5x, https:\/\/i0.wp.com\/www.shqiperia.com\/blog\/wp-content\/uploads\/2019\/08\/Fatura-e-Londres-Copy.jpg?fit=1024%2C534&ssl=1&resize=700%2C400 2x"},"classes":[]}],"_links":{"self":[{"href":"https:\/\/www.shqiperia.com\/blog\/wp-json\/wp\/v2\/posts\/47957","targetHints":{"allow":["GET"]}}],"collection":[{"href":"https:\/\/www.shqiperia.com\/blog\/wp-json\/wp\/v2\/posts"}],"about":[{"href":"https:\/\/www.shqiperia.com\/blog\/wp-json\/wp\/v2\/types\/post"}],"author":[{"embeddable":true,"href":"https:\/\/www.shqiperia.com\/blog\/wp-json\/wp\/v2\/users\/9"}],"replies":[{"embeddable":true,"href":"https:\/\/www.shqiperia.com\/blog\/wp-json\/wp\/v2\/comments?post=47957"}],"version-history":[{"count":1,"href":"https:\/\/www.shqiperia.com\/blog\/wp-json\/wp\/v2\/posts\/47957\/revisions"}],"predecessor-version":[{"id":47959,"href":"https:\/\/www.shqiperia.com\/blog\/wp-json\/wp\/v2\/posts\/47957\/revisions\/47959"}],"wp:featuredmedia":[{"embeddable":true,"href":"https:\/\/www.shqiperia.com\/blog\/wp-json\/wp\/v2\/media\/47958"}],"wp:attachment":[{"href":"https:\/\/www.shqiperia.com\/blog\/wp-json\/wp\/v2\/media?parent=47957"}],"wp:term":[{"taxonomy":"category","embeddable":true,"href":"https:\/\/www.shqiperia.com\/blog\/wp-json\/wp\/v2\/categories?post=47957"},{"taxonomy":"post_tag","embeddable":true,"href":"https:\/\/www.shqiperia.com\/blog\/wp-json\/wp\/v2\/tags?post=47957"}],"curies":[{"name":"wp","href":"https:\/\/api.w.org\/{rel}","templated":true}]}}