{"id":47953,"date":"2021-06-16T14:48:00","date_gmt":"2021-06-16T14:48:00","guid":{"rendered":"https:\/\/www.shqiperia.com\/blog\/?p=47953"},"modified":"2021-06-16T14:48:00","modified_gmt":"2021-06-16T14:48:00","slug":"petrit-vasili-hapni-syte-shitja-e-fshehte-e-kufijve-detare-nga-rama-po-vazhdon","status":"publish","type":"post","link":"https:\/\/www.shqiperia.com\/blog\/petrit-vasili-hapni-syte-shitja-e-fshehte-e-kufijve-detare-nga-rama-po-vazhdon\/","title":{"rendered":"Petrit Vasili: &#8211; Hapni syt\u00eb, shitja e fsheht\u00eb e kufijve detar\u00eb\u00a0nga Rama po vazhdon"},"content":{"rendered":"<p><img data-recalc-dims=\"1\" loading=\"lazy\" decoding=\"async\" data-attachment-id=\"47954\" data-permalink=\"https:\/\/www.shqiperia.com\/blog\/petrit-vasili-hapni-syte-shitja-e-fshehte-e-kufijve-detare-nga-rama-po-vazhdon\/petrit-vasili-edi-rama\/\" data-orig-file=\"https:\/\/i0.wp.com\/www.shqiperia.com\/blog\/wp-content\/uploads\/2021\/06\/petrit-vasili-edi-rama.jpg?fit=770%2C433&amp;ssl=1\" data-orig-size=\"770,433\" data-comments-opened=\"1\" data-image-meta=\"{&quot;aperture&quot;:&quot;0&quot;,&quot;credit&quot;:&quot;&quot;,&quot;camera&quot;:&quot;&quot;,&quot;caption&quot;:&quot;&quot;,&quot;created_timestamp&quot;:&quot;0&quot;,&quot;copyright&quot;:&quot;&quot;,&quot;focal_length&quot;:&quot;0&quot;,&quot;iso&quot;:&quot;0&quot;,&quot;shutter_speed&quot;:&quot;0&quot;,&quot;title&quot;:&quot;&quot;,&quot;orientation&quot;:&quot;0&quot;}\" data-image-title=\"petrit vasili edi rama\" data-image-description=\"\" data-image-caption=\"\" data-medium-file=\"https:\/\/i0.wp.com\/www.shqiperia.com\/blog\/wp-content\/uploads\/2021\/06\/petrit-vasili-edi-rama.jpg?fit=300%2C169&amp;ssl=1\" data-large-file=\"https:\/\/i0.wp.com\/www.shqiperia.com\/blog\/wp-content\/uploads\/2021\/06\/petrit-vasili-edi-rama.jpg?fit=770%2C433&amp;ssl=1\" class=\"alignnone  wp-image-47954\" alt=\"\" src=\"https:\/\/i0.wp.com\/www.shqiperia.com\/blog\/wp-content\/uploads\/2021\/06\/petrit-vasili-edi-rama.jpg?resize=579%2C326&#038;ssl=1\" width=\"579\" height=\"326\" srcset=\"https:\/\/i0.wp.com\/www.shqiperia.com\/blog\/wp-content\/uploads\/2021\/06\/petrit-vasili-edi-rama.jpg?resize=300%2C169&amp;ssl=1 300w, https:\/\/i0.wp.com\/www.shqiperia.com\/blog\/wp-content\/uploads\/2021\/06\/petrit-vasili-edi-rama.jpg?resize=768%2C432&amp;ssl=1 768w, https:\/\/i0.wp.com\/www.shqiperia.com\/blog\/wp-content\/uploads\/2021\/06\/petrit-vasili-edi-rama.jpg?resize=450%2C253&amp;ssl=1 450w, https:\/\/i0.wp.com\/www.shqiperia.com\/blog\/wp-content\/uploads\/2021\/06\/petrit-vasili-edi-rama.jpg?resize=600%2C337&amp;ssl=1 600w, https:\/\/i0.wp.com\/www.shqiperia.com\/blog\/wp-content\/uploads\/2021\/06\/petrit-vasili-edi-rama.jpg?resize=400%2C225&amp;ssl=1 400w, https:\/\/i0.wp.com\/www.shqiperia.com\/blog\/wp-content\/uploads\/2021\/06\/petrit-vasili-edi-rama.jpg?w=770&amp;ssl=1 770w\" sizes=\"auto, (max-width: 579px) 100vw, 579px\" \/><\/p>\n<p>Petrit Vasili: &#8211; Hapni syt\u00eb, shitja e fsheht\u00eb e kufijve detar\u00eb\u00a0nga Rama po vazhdon<\/p>\n<p><a href=\"https:\/\/kohajone.com\/vasili-hapni-syte-shitja-e-fshehte-e-kufijve-detare-nga-rama-po-vazhdon\/\">14\/06\/2021 <\/a><\/p>\n<p>N\u00ebnkryetari i L\u00ebvizjes Socialiste p\u00ebr Integrim, Petrit Vasili, i b\u00ebn apel shqiptar\u00ebve q\u00eb t\u00eb tregohen t\u00eb v\u00ebmendsh\u00ebm, pasi si\u00e7 thot\u00eb ai, shitja e fsheht\u00eb e kufijve detar\u00eb nga Edi Rama po vazhdon.<\/p>\n<p>\u201cHapni syt\u00eb, shitja e fsheht\u00eb e kufijve detar\u00eb\u00a0 nga Rama po vazhdon!<\/p>\n<p>Edi Rama dhe Kryeministri Micotaqis sot paskan r\u00ebn\u00eb dakord t\u00eb p\u00ebrshpejtojn\u00eb negociatat p\u00ebr p\u00ebrfundimin e nj\u00eb marr\u00ebveshjeje p\u00ebr d\u00ebrgimin e dosjes p\u00ebr caktimin e kufijve t\u00eb Zonave Detare t\u00eb dy vendeve n\u00eb Gjykat\u00ebn Nd\u00ebrkomb\u00ebtare t\u00eb Drejt\u00ebsis\u00eb n\u00eb Hag\u00eb.<\/p>\n<p>Edi Rama po b\u00ebn pazar me kufijt\u00eb detar\u00eb t\u00eb Shqip\u00ebris\u00eb dhe kjo \u00ebsht\u00eb e qart\u00eb si drita e diellit.<\/p>\n<p>P\u00ebr deri sa deklarohet p\u00ebrshpejtimi i Negociatave, do t\u00eb thot\u00eb qart\u00eb, q\u00eb k\u00ebto negociata p\u00ebr nj\u00eb Marr\u00ebveshje p\u00ebr t\u00eb vajtur n\u00eb Hag\u00eb kan\u00eb filluar dhe ka patjet\u00ebr nj\u00eb Grup Negociator q\u00eb punon p\u00ebr to.<\/p>\n<p>Po cili qenka ky Grup Negociator q\u00eb po punon p\u00ebr Marr\u00ebveshjen p\u00ebr t\u00eb shkuar n\u00eb Hag\u00eb?<\/p>\n<p>Kush e ka mandatuar k\u00ebt\u00eb Grup Negociator p\u00ebr t\u00eb b\u00ebr\u00eb nj\u00eb marr\u00ebveshje p\u00ebr kufijt\u00eb detar\u00eb dhe p\u00ebr t\u2019i ndar\u00eb ata n\u00eb Hag\u00eb?<\/p>\n<p>Pse mbahet e fsheht\u00eb p\u00ebrb\u00ebrja e k\u00ebtij Grupi Negociator dhe objekti i pun\u00ebs s\u00eb tij?<\/p>\n<p>Akoma n\u00eb fuqi \u00ebsht\u00eb nj\u00eb tjet\u00ebr Grup Negociator i ngritur q\u00eb n\u00eb vitin 2018 p\u00ebr t\u00eb p\u00ebrgatitur Marr\u00ebveshjen me Greqin\u00eb dhe q\u00eb ka plotfuqin\u00eb e Presidentit, sikund\u00ebr Kushtetuta e k\u00ebrkon, \u00e7\u2019po ndodh me k\u00ebt\u00eb Grup?<\/p>\n<p>Cila \u00ebsht\u00eb p\u00ebrmbajtja e Marr\u00ebveshjes politike t\u00eb arritur n\u00eb tetor, t\u00eb deklaruar nga Ministri grek Dendias dhe p\u00ebrse nuk \u00ebsht\u00eb b\u00ebr\u00eb publike kjo Marr\u00ebveshje?<\/p>\n<p>Skenari i zi i Edi Ram\u00ebs p\u00ebr kujfijt\u00eb detare t\u00eb Shqip\u00ebris\u00eb p\u00ebrjashton transparenc\u00ebn e k\u00ebtyre momenteve kritike prej tij.<\/p>\n<p>\u00cbsht\u00eb shum\u00eb e qart\u00eb q\u00eb\u00a0 Edi Rama po b\u00ebn nj\u00eb pazar prej tradhtari ndaj ka shmangur edhe t\u00eb gjitha institucionet kushtetuese Kuvend dhe President, prandaj nxitoi edhe me fars\u00ebn e shkarkimit t\u00eb Presidentit t\u00eb Republik\u00ebs.<\/p>\n<p>Por Edi Rama duhet t\u00eb heq\u00eb \u00e7do iluzion nga koka se mund t\u00eb shes\u00eb kufijt\u00eb e Shqip\u00ebris\u00eb brenda nat\u00ebs dhe me nj\u00eb grup bashibozuk\u00ebsh t\u00eb vegj\u00ebl politiko-burokratike, t\u00eb cil\u00ebt p\u00ebrgatisin shkresat e tradhtis\u00eb.<\/p>\n<p>Reagimi kund\u00ebr tij\u00a0 p\u00ebr tradhtin\u00eb e shitjes s\u00eb kufijve t\u00eb Shqip\u00ebris\u00eb do t\u00eb jet\u00eb i tmerrsh\u00ebm!<\/p>\n<p>Asnj\u00eb shqiptar nuk e fal kurr\u00eb Edi Ram\u00ebn, sepse \u00ebsht\u00eb fjala p\u00ebr kufirin detar t\u00eb Shqip\u00ebris\u00eb dhe jo p\u00ebr kufirin detar t\u00eb xhepit dhe interesit t\u00eb Edi Ram\u00ebs dhe t\u00eb t\u00eb gjith\u00eb armiqve t\u00eb Shqip\u00ebris\u00eb!<\/p>\n<p>Mbrojtja e Sovrantitetit dhe e\u00a0 Integritetit Territorial t\u00eb Shqip\u00ebris\u00eb \u00ebsht\u00eb do t\u00eb mbetet Kauza e t\u00eb gjitha Kauzave dhe kush i sfidon ato do t\u00eb thyej\u00eb kok\u00ebn\u201d, shprehet n\u00ebnkryetari i LSI-s\u00eb, Petrit Vasili.<\/p>\n<p>Koha e Jone<\/p>\n","protected":false},"excerpt":{"rendered":"<p>Petrit Vasili: &#8211; Hapni syt\u00eb, shitja e fsheht\u00eb e kufijve detar\u00eb\u00a0nga Rama po vazhdon 14\/06\/2021 N\u00ebnkryetari i L\u00ebvizjes Socialiste p\u00ebr Integrim, Petrit Vasili, i b\u00ebn apel shqiptar\u00ebve q\u00eb t\u00eb tregohen t\u00eb v\u00ebmendsh\u00ebm, pasi si\u00e7 thot\u00eb ai, shitja e fsheht\u00eb e kufijve detar\u00eb nga Edi Rama po vazhdon. \u201cHapni syt\u00eb, shitja e fsheht\u00eb e kufijve detar\u00eb\u00a0 [&hellip;]<\/p>\n","protected":false},"author":9,"featured_media":47954,"comment_status":"open","ping_status":"open","sticky":false,"template":"","format":"standard","meta":{"jetpack_post_was_ever_published":false,"_jetpack_newsletter_access":"","_jetpack_dont_email_post_to_subs":false,"_jetpack_newsletter_tier_id":0,"_jetpack_memberships_contains_paywalled_content":false,"_jetpack_memberships_contains_paid_content":false,"footnotes":"","jetpack_publicize_message":"","jetpack_publicize_feature_enabled":true,"jetpack_social_post_already_shared":true,"jetpack_social_options":{"image_generator_settings":{"template":"highway","default_image_id":0,"font":"","enabled":false},"version":2}},"categories":[27,2,35],"tags":[],"class_list":["post-47953","post","type-post","status-publish","format-standard","has-post-thumbnail","hentry","category-blogu-i-udhetarit","category-politika","category-shoqerore"],"jetpack_publicize_connections":[],"jetpack_featured_media_url":"https:\/\/i0.wp.com\/www.shqiperia.com\/blog\/wp-content\/uploads\/2021\/06\/petrit-vasili-edi-rama.jpg?fit=770%2C433&ssl=1","jetpack_sharing_enabled":true,"jetpack_shortlink":"https:\/\/wp.me\/p5Z6wp-ctr","jetpack-related-posts":[{"id":48016,"url":"https:\/\/www.shqiperia.com\/blog\/peng-i-kujt-eshte-ish-deputeti-i-lsi-se-zbardh-pazaret-e-fshehta-nxjerr-planin-e-erret-te-kryeministrit-rama-pseudopatriotet-kane-qepur-gojen\/","url_meta":{"origin":47953,"position":0},"title":"\u201cPeng i kujt \u00ebsht\u00eb?\u201d, ish-deputeti i LSI-s\u00eb zbardh pazaret e fshehta, nxjerr planin e err\u00ebt t\u00eb kryeministrit Rama: -Pseudopatriot\u00ebt kan\u00eb qepur goj\u00ebn!","author":"Kurt Farka","date":"June 20, 2021","format":false,"excerpt":"\u201cPeng i kujt \u00ebsht\u00eb?\u201d, ish-deputeti i LSI-s\u00eb zbardh pazaret e fshehta, nxjerr planin e err\u00ebt t\u00eb kryeministrit Rama: -Pseudopatriot\u00ebt kan\u00eb qepur goj\u00ebn! 20 QERSHOR 2021 N\u00ebnkryetari i LSI, Petrit Vasili ka akuzuar kryeministrin Edi Rama se po shet kufijt\u00eb detar\u00eb. \u201cPengu i kujt dhe cilit interes personal \u00ebsht\u00eb b\u00ebr\u00eb Edi\u2026","rel":"","context":"In &quot;Blogu i Udh\u00ebtarit&quot;","block_context":{"text":"Blogu i Udh\u00ebtarit","link":"https:\/\/www.shqiperia.com\/blog\/category\/blogu-i-udhetarit\/"},"img":{"alt_text":"","src":"https:\/\/i0.wp.com\/www.shqiperia.com\/blog\/wp-content\/uploads\/2021\/06\/iku-deti-scaled.jpg?fit=1200%2C599&ssl=1&resize=350%2C200","width":350,"height":200,"srcset":"https:\/\/i0.wp.com\/www.shqiperia.com\/blog\/wp-content\/uploads\/2021\/06\/iku-deti-scaled.jpg?fit=1200%2C599&ssl=1&resize=350%2C200 1x, https:\/\/i0.wp.com\/www.shqiperia.com\/blog\/wp-content\/uploads\/2021\/06\/iku-deti-scaled.jpg?fit=1200%2C599&ssl=1&resize=525%2C300 1.5x, https:\/\/i0.wp.com\/www.shqiperia.com\/blog\/wp-content\/uploads\/2021\/06\/iku-deti-scaled.jpg?fit=1200%2C599&ssl=1&resize=700%2C400 2x, https:\/\/i0.wp.com\/www.shqiperia.com\/blog\/wp-content\/uploads\/2021\/06\/iku-deti-scaled.jpg?fit=1200%2C599&ssl=1&resize=1050%2C600 3x"},"classes":[]},{"id":47643,"url":"https:\/\/www.shqiperia.com\/blog\/petrit-vasili-cila-eshte-marreveshja-politike-me-greqine-dhe-pse-fshihet-ajo-nga-rama\/","url_meta":{"origin":47953,"position":1},"title":"Petrit Vasili: &#8211; Cila \u00ebsht\u00eb marr\u00ebveshja politike me Greqin\u00eb dhe pse fshihet ajo nga Rama?","author":"Kurt Farka","date":"June 6, 2021","format":false,"excerpt":"Petrit Vasili: - Cila \u00ebsht\u00eb marr\u00ebveshja politike me Greqin\u00eb dhe pse fshihet ajo nga Rama? - 05.06.21 N\u00ebnkryetari i LSI Petrit Vasili ka reaguar pas deklaratave t\u00eb Ministrit t\u00eb Jasht\u00ebm t\u00eb Greqis\u00eb Dendias, se ka arritur nj\u00eb marr\u00ebveshje politike me Shqip\u00ebrin\u00eb p\u00ebr detin. N\u00eb postimin e tij n\u00eb Facebook, Vasali\u2026","rel":"","context":"In &quot;Blogu i Udh\u00ebtarit&quot;","block_context":{"text":"Blogu i Udh\u00ebtarit","link":"https:\/\/www.shqiperia.com\/blog\/category\/blogu-i-udhetarit\/"},"img":{"alt_text":"","src":"https:\/\/i0.wp.com\/www.shqiperia.com\/blog\/wp-content\/uploads\/2021\/06\/auto_unnamed-11622918703-1-770x433-1.jpg?fit=770%2C433&ssl=1&resize=350%2C200","width":350,"height":200,"srcset":"https:\/\/i0.wp.com\/www.shqiperia.com\/blog\/wp-content\/uploads\/2021\/06\/auto_unnamed-11622918703-1-770x433-1.jpg?fit=770%2C433&ssl=1&resize=350%2C200 1x, https:\/\/i0.wp.com\/www.shqiperia.com\/blog\/wp-content\/uploads\/2021\/06\/auto_unnamed-11622918703-1-770x433-1.jpg?fit=770%2C433&ssl=1&resize=525%2C300 1.5x, https:\/\/i0.wp.com\/www.shqiperia.com\/blog\/wp-content\/uploads\/2021\/06\/auto_unnamed-11622918703-1-770x433-1.jpg?fit=770%2C433&ssl=1&resize=700%2C400 2x"},"classes":[]},{"id":64030,"url":"https:\/\/www.shqiperia.com\/blog\/hapni-syte-vasili-thirrje-fermereve-po-ju-erdhi-rama-dijeni-se-do-tju-grabise-token\/","url_meta":{"origin":47953,"position":2},"title":"\u201cHapni syt\u00eb\u201d- Vasili thirrje fermer\u00ebve: &#8211; Po ju erdhi Rama, dijeni se do t\u2019ju grabis\u00eb tok\u00ebn","author":"Kurt Farka","date":"November 6, 2022","format":false,"excerpt":"6 Nentor 2022 Deputeti i Partis\u00eb s\u00eb Liris\u00eb, Petrit Vasili, ka reaguar n\u00eb lidhje me takimet q\u00eb kryeministri po organizon s\u00eb fundmi me fermer\u00ebt n\u00eb t\u00eb gjith\u00eb vendin. P\u00ebrmes nj\u00eb postimi n\u00eb facebook, Vasili, i k\u00ebrkon fermer\u00ebve t\u00eb q\u00ebndrojn\u00eb vigjilent\u00eb, pasi plani i maxhoranc\u00ebs \u00ebsht\u00eb q\u00eb tu grabis\u00eb tok\u00ebn. Sipas\u2026","rel":"","context":"In &quot;Blogu i Udh\u00ebtarit&quot;","block_context":{"text":"Blogu i Udh\u00ebtarit","link":"https:\/\/www.shqiperia.com\/blog\/category\/blogu-i-udhetarit\/"},"img":{"alt_text":"","src":"https:\/\/i0.wp.com\/www.shqiperia.com\/blog\/wp-content\/uploads\/2022\/11\/640-0-5bc482ad45bd5.jpg?fit=640%2C360&ssl=1&resize=350%2C200","width":350,"height":200,"srcset":"https:\/\/i0.wp.com\/www.shqiperia.com\/blog\/wp-content\/uploads\/2022\/11\/640-0-5bc482ad45bd5.jpg?fit=640%2C360&ssl=1&resize=350%2C200 1x, https:\/\/i0.wp.com\/www.shqiperia.com\/blog\/wp-content\/uploads\/2022\/11\/640-0-5bc482ad45bd5.jpg?fit=640%2C360&ssl=1&resize=525%2C300 1.5x"},"classes":[]},{"id":83177,"url":"https:\/\/www.shqiperia.com\/blog\/vasili-po-konsumohet-nje-tradhti-e-madhe-kombetare\/","url_meta":{"origin":47953,"position":3},"title":"Vasili: &#8211; Po konsumohet nj\u00eb tradhti e madhe komb\u00ebtare.","author":"Kurt Farka","date":"August 1, 2024","format":false,"excerpt":"1 Gusht 2024 Deputeti i Partis\u00eb s\u00eb Liris\u00eb, Petrit Vasili, ka ngritur shqet\u00ebsimin n\u00eb lidhje e kufirin detar t\u00eb Shqip\u00ebris\u00eb. N\u00eb nj\u00eb postim n\u00eb rrjetet sociale, ai shkruan se gjith\u00e7ka zhvillohet n\u00eb prapasken\u00eb, pasi shton se ky \u00ebsht\u00eb shembulli m\u00eb dramatik se si nj\u00eb narkoqeverisje trajton problemet madhore me rend\u00ebsi\u2026","rel":"","context":"In &quot;Blogu i Udh\u00ebtarit&quot;","block_context":{"text":"Blogu i Udh\u00ebtarit","link":"https:\/\/www.shqiperia.com\/blog\/category\/blogu-i-udhetarit\/"},"img":{"alt_text":"","src":"https:\/\/i0.wp.com\/www.shqiperia.com\/blog\/wp-content\/uploads\/2024\/08\/Vasili-Rama-770x398-1.jpg?fit=770%2C398&ssl=1&resize=350%2C200","width":350,"height":200,"srcset":"https:\/\/i0.wp.com\/www.shqiperia.com\/blog\/wp-content\/uploads\/2024\/08\/Vasili-Rama-770x398-1.jpg?fit=770%2C398&ssl=1&resize=350%2C200 1x, https:\/\/i0.wp.com\/www.shqiperia.com\/blog\/wp-content\/uploads\/2024\/08\/Vasili-Rama-770x398-1.jpg?fit=770%2C398&ssl=1&resize=525%2C300 1.5x, https:\/\/i0.wp.com\/www.shqiperia.com\/blog\/wp-content\/uploads\/2024\/08\/Vasili-Rama-770x398-1.jpg?fit=770%2C398&ssl=1&resize=700%2C400 2x"},"classes":[]},{"id":66084,"url":"https:\/\/www.shqiperia.com\/blog\/vasili-kufiri-detar-me-greqine-nxjerr-ne-shesh-interesat-antishqiptare-te-rames-jane-konsumuar-elementet-e-tradhtise-kombetare\/","url_meta":{"origin":47953,"position":4},"title":"Vasili: Kufiri detar me Greqin\u00eb nxjerr n\u00eb shesh interesat antishqiptare t\u00eb Ram\u00ebs. &#8211; Jan\u00eb konsumuar element\u00ebt e tradhtis\u00eb komb\u00ebtare","author":"Kurt Farka","date":"January 8, 2023","format":false,"excerpt":"8 Janar 2023 Petrit Vasili shkruan se kufiri detar me Greqin\u00eb \u00ebsht\u00eb moment q\u00eb nxjerr n\u00eb shesh q\u00ebllimet antishqiptare t\u00eb kryeministrit dhe k\u00ebsaj qeverie. Sipas Vasilit Rama mashtroi duke th\u00ebn\u00eb se i ka k\u00ebrkuar autorizim presidentit Meta p\u00ebr t\u00eb \u00e7uar \u00e7\u00ebshtjen n\u00eb Hag\u00eb nd\u00ebrsa ngre pyetjen se cila \u00ebsht\u00eb p\u00ebrmbajtja\u2026","rel":"","context":"In &quot;Blogu i Udh\u00ebtarit&quot;","block_context":{"text":"Blogu i Udh\u00ebtarit","link":"https:\/\/www.shqiperia.com\/blog\/category\/blogu-i-udhetarit\/"},"img":{"alt_text":"","src":"https:\/\/i0.wp.com\/www.shqiperia.com\/blog\/wp-content\/uploads\/2023\/01\/Petrit-Vasili.jpg?fit=800%2C477&ssl=1&resize=350%2C200","width":350,"height":200,"srcset":"https:\/\/i0.wp.com\/www.shqiperia.com\/blog\/wp-content\/uploads\/2023\/01\/Petrit-Vasili.jpg?fit=800%2C477&ssl=1&resize=350%2C200 1x, https:\/\/i0.wp.com\/www.shqiperia.com\/blog\/wp-content\/uploads\/2023\/01\/Petrit-Vasili.jpg?fit=800%2C477&ssl=1&resize=525%2C300 1.5x, https:\/\/i0.wp.com\/www.shqiperia.com\/blog\/wp-content\/uploads\/2023\/01\/Petrit-Vasili.jpg?fit=800%2C477&ssl=1&resize=700%2C400 2x"},"classes":[]},{"id":71932,"url":"https:\/\/www.shqiperia.com\/blog\/petrit-vasili-spak-prape-me-sardele-ne-vend-te-krokodileve\/","url_meta":{"origin":47953,"position":5},"title":"Petrit Vasili: &#8211; SPAK prap\u00eb me sardele n\u00eb vend t\u00eb krokodil\u00ebve","author":"Kurt Farka","date":"June 2, 2023","format":false,"excerpt":"2 Qershor 2023 N\u00ebnkryetari i Partis\u00eb s\u00eb Liris\u00eb, Petrit Vasili ka reaguar n\u00eb lidhje me arrestimin e sekretares s\u00eb Ministris\u00eb s\u00eb Sh\u00ebndet\u00ebsis\u00eb. Me an\u00eb t\u00eb nj\u00eb postimi n\u00eb Facebook, Vasili thot\u00eb se arrestohen \u201ccironkat\u201d p\u00ebr t\u00eb shp\u00ebtuar \u201ckrokodil\u00ebt\u201d si Edi Rama apo ministrat e tij. Petrit Vasili thot\u00eb se edhe\u2026","rel":"","context":"In &quot;Blogu i Udh\u00ebtarit&quot;","block_context":{"text":"Blogu i Udh\u00ebtarit","link":"https:\/\/www.shqiperia.com\/blog\/category\/blogu-i-udhetarit\/"},"img":{"alt_text":"","src":"https:\/\/i0.wp.com\/www.shqiperia.com\/blog\/wp-content\/uploads\/2023\/06\/petrit-vasili.jpg?fit=1144%2C710&ssl=1&resize=350%2C200","width":350,"height":200,"srcset":"https:\/\/i0.wp.com\/www.shqiperia.com\/blog\/wp-content\/uploads\/2023\/06\/petrit-vasili.jpg?fit=1144%2C710&ssl=1&resize=350%2C200 1x, https:\/\/i0.wp.com\/www.shqiperia.com\/blog\/wp-content\/uploads\/2023\/06\/petrit-vasili.jpg?fit=1144%2C710&ssl=1&resize=525%2C300 1.5x, https:\/\/i0.wp.com\/www.shqiperia.com\/blog\/wp-content\/uploads\/2023\/06\/petrit-vasili.jpg?fit=1144%2C710&ssl=1&resize=700%2C400 2x, https:\/\/i0.wp.com\/www.shqiperia.com\/blog\/wp-content\/uploads\/2023\/06\/petrit-vasili.jpg?fit=1144%2C710&ssl=1&resize=1050%2C600 3x"},"classes":[]}],"_links":{"self":[{"href":"https:\/\/www.shqiperia.com\/blog\/wp-json\/wp\/v2\/posts\/47953","targetHints":{"allow":["GET"]}}],"collection":[{"href":"https:\/\/www.shqiperia.com\/blog\/wp-json\/wp\/v2\/posts"}],"about":[{"href":"https:\/\/www.shqiperia.com\/blog\/wp-json\/wp\/v2\/types\/post"}],"author":[{"embeddable":true,"href":"https:\/\/www.shqiperia.com\/blog\/wp-json\/wp\/v2\/users\/9"}],"replies":[{"embeddable":true,"href":"https:\/\/www.shqiperia.com\/blog\/wp-json\/wp\/v2\/comments?post=47953"}],"version-history":[{"count":1,"href":"https:\/\/www.shqiperia.com\/blog\/wp-json\/wp\/v2\/posts\/47953\/revisions"}],"predecessor-version":[{"id":47955,"href":"https:\/\/www.shqiperia.com\/blog\/wp-json\/wp\/v2\/posts\/47953\/revisions\/47955"}],"wp:featuredmedia":[{"embeddable":true,"href":"https:\/\/www.shqiperia.com\/blog\/wp-json\/wp\/v2\/media\/47954"}],"wp:attachment":[{"href":"https:\/\/www.shqiperia.com\/blog\/wp-json\/wp\/v2\/media?parent=47953"}],"wp:term":[{"taxonomy":"category","embeddable":true,"href":"https:\/\/www.shqiperia.com\/blog\/wp-json\/wp\/v2\/categories?post=47953"},{"taxonomy":"post_tag","embeddable":true,"href":"https:\/\/www.shqiperia.com\/blog\/wp-json\/wp\/v2\/tags?post=47953"}],"curies":[{"name":"wp","href":"https:\/\/api.w.org\/{rel}","templated":true}]}}