{"id":47950,"date":"2021-06-16T14:03:16","date_gmt":"2021-06-16T14:03:16","guid":{"rendered":"https:\/\/www.shqiperia.com\/blog\/?p=47950"},"modified":"2021-06-16T14:03:16","modified_gmt":"2021-06-16T14:03:16","slug":"kthen-ne-biblioteke-librin-e-marre-para-80-vitesh","status":"publish","type":"post","link":"https:\/\/www.shqiperia.com\/blog\/kthen-ne-biblioteke-librin-e-marre-para-80-vitesh\/","title":{"rendered":"Kthen n\u00eb bibliotek\u00eb librin e marr\u00eb para 80\u2026 vitesh!"},"content":{"rendered":"<p><img data-recalc-dims=\"1\" loading=\"lazy\" decoding=\"async\" data-attachment-id=\"47951\" data-permalink=\"https:\/\/www.shqiperia.com\/blog\/kthen-ne-biblioteke-librin-e-marre-para-80-vitesh\/retro_book_old_library_584342_1280x734-696x399-1\/\" data-orig-file=\"https:\/\/i0.wp.com\/www.shqiperia.com\/blog\/wp-content\/uploads\/2021\/06\/Retro_Book_Old_Library_584342_1280x734-696x399-1.jpg?fit=696%2C399&amp;ssl=1\" data-orig-size=\"696,399\" data-comments-opened=\"1\" data-image-meta=\"{&quot;aperture&quot;:&quot;0&quot;,&quot;credit&quot;:&quot;&quot;,&quot;camera&quot;:&quot;&quot;,&quot;caption&quot;:&quot;&quot;,&quot;created_timestamp&quot;:&quot;0&quot;,&quot;copyright&quot;:&quot;&quot;,&quot;focal_length&quot;:&quot;0&quot;,&quot;iso&quot;:&quot;0&quot;,&quot;shutter_speed&quot;:&quot;0&quot;,&quot;title&quot;:&quot;&quot;,&quot;orientation&quot;:&quot;0&quot;}\" data-image-title=\"Retro_Book_Old_Library_584342_1280x734-696&#215;399-1\" data-image-description=\"\" data-image-caption=\"\" data-medium-file=\"https:\/\/i0.wp.com\/www.shqiperia.com\/blog\/wp-content\/uploads\/2021\/06\/Retro_Book_Old_Library_584342_1280x734-696x399-1.jpg?fit=300%2C172&amp;ssl=1\" data-large-file=\"https:\/\/i0.wp.com\/www.shqiperia.com\/blog\/wp-content\/uploads\/2021\/06\/Retro_Book_Old_Library_584342_1280x734-696x399-1.jpg?fit=696%2C399&amp;ssl=1\" class=\"alignnone  wp-image-47951\" alt=\"\" src=\"https:\/\/i0.wp.com\/www.shqiperia.com\/blog\/wp-content\/uploads\/2021\/06\/Retro_Book_Old_Library_584342_1280x734-696x399-1.jpg?resize=530%2C304&#038;ssl=1\" width=\"530\" height=\"304\" srcset=\"https:\/\/i0.wp.com\/www.shqiperia.com\/blog\/wp-content\/uploads\/2021\/06\/Retro_Book_Old_Library_584342_1280x734-696x399-1.jpg?resize=300%2C172&amp;ssl=1 300w, https:\/\/i0.wp.com\/www.shqiperia.com\/blog\/wp-content\/uploads\/2021\/06\/Retro_Book_Old_Library_584342_1280x734-696x399-1.jpg?resize=450%2C258&amp;ssl=1 450w, https:\/\/i0.wp.com\/www.shqiperia.com\/blog\/wp-content\/uploads\/2021\/06\/Retro_Book_Old_Library_584342_1280x734-696x399-1.jpg?resize=600%2C344&amp;ssl=1 600w, https:\/\/i0.wp.com\/www.shqiperia.com\/blog\/wp-content\/uploads\/2021\/06\/Retro_Book_Old_Library_584342_1280x734-696x399-1.jpg?resize=400%2C229&amp;ssl=1 400w, https:\/\/i0.wp.com\/www.shqiperia.com\/blog\/wp-content\/uploads\/2021\/06\/Retro_Book_Old_Library_584342_1280x734-696x399-1.jpg?w=696&amp;ssl=1 696w\" sizes=\"auto, (max-width: 530px) 100vw, 530px\" \/><\/p>\n<p>Kthen n\u00eb bibliotek\u00eb librin e marr\u00eb para 80\u2026 vitesh!<\/p>\n<p>15 qershor\u00a0 2021<\/p>\n<p>Zyrtar\u00ebt nga nj\u00eb bibliotek\u00eb e Ontario than\u00eb se nj\u00eb lib\u00ebr i kthyer s\u00eb fundmi ishte vonuar p\u00ebr 80 vjet, shkruan faqja e internetit notizie.it.<\/p>\n<p>Biblioteka \u201dFergus\u201d tha se nj\u00eb kopje e \u201dMartin Chuzzlewit\u201d t\u00eb autorit Charles Dickens u kthye koh\u00ebt e fundit nga nj\u00eb person anonim.<\/p>\n<p>Zyrtar\u00ebt e bibliotek\u00ebs than\u00eb se ata nuk kan\u00eb regjistrime t\u00eb librit, por ai ka nj\u00eb etiket\u00eb me emrin e bibliotek\u00ebs brenda kopertin\u00ebs, duke e sugjeruar mund t\u00eb ket\u00eb qen\u00eb nga koleksioni origjinal i vitit 1900.<\/p>\n<p>Zyrtar\u00ebt than\u00eb se nuk ishin t\u00eb sigurt se kur libri u huazua p\u00ebr her\u00eb t\u00eb fundit.<\/p>\n<p>\u201cNe mendojm\u00eb se \u00ebsht\u00eb midis 100 dhe 50 vjet m\u00eb par\u00eb\u201d, u tha gazetar\u00ebve kreu i bibliotek\u00ebs, Rebecca Hine.<\/p>\n<p>Hine tha se ka t\u00eb dh\u00ebna t\u00eb tjera q\u00eb mund t\u00eb gjenden n\u00eb lib\u00ebr.<\/p>\n<p>\u201dNuk kemi n\u00eb plan t\u00eb gjejm\u00eb personin q\u00eb e huazoi librin\u201d, than\u00eb zyrtar\u00ebt.<\/p>\n<p>\u201c\u00cbsht\u00eb v\u00ebrtet e mrekullueshme t\u00eb kesh k\u00ebt\u00eb lloj lidhje me t\u00eb kaluar\u00ebn dhe me komunitetin. Shum\u00eb nga ne adhuruesit e librit mendojm\u00eb se \u00ebsht\u00eb v\u00ebrtet bukur t\u00eb kesh nj\u00eb lib\u00ebr t\u00eb vjet\u00ebr\u201d, theksuan ata.<\/p>\n<p><strong>Gazeta dita<\/strong><\/p>\n","protected":false},"excerpt":{"rendered":"<p>Kthen n\u00eb bibliotek\u00eb librin e marr\u00eb para 80\u2026 vitesh! 15 qershor\u00a0 2021 Zyrtar\u00ebt nga nj\u00eb bibliotek\u00eb e Ontario than\u00eb se nj\u00eb lib\u00ebr i kthyer s\u00eb fundmi ishte vonuar p\u00ebr 80 vjet, shkruan faqja e internetit notizie.it. Biblioteka \u201dFergus\u201d tha se nj\u00eb kopje e \u201dMartin Chuzzlewit\u201d t\u00eb autorit Charles Dickens u kthye koh\u00ebt e fundit nga [&hellip;]<\/p>\n","protected":false},"author":9,"featured_media":47951,"comment_status":"open","ping_status":"open","sticky":false,"template":"","format":"standard","meta":{"jetpack_post_was_ever_published":false,"_jetpack_newsletter_access":"","_jetpack_dont_email_post_to_subs":false,"_jetpack_newsletter_tier_id":0,"_jetpack_memberships_contains_paywalled_content":false,"_jetpack_memberships_contains_paid_content":false,"footnotes":"","jetpack_publicize_message":"","jetpack_publicize_feature_enabled":true,"jetpack_social_post_already_shared":true,"jetpack_social_options":{"image_generator_settings":{"template":"highway","default_image_id":0,"font":"","enabled":false},"version":2}},"categories":[85,10,14],"tags":[],"class_list":["post-47950","post","type-post","status-publish","format-standard","has-post-thumbnail","hentry","category-histori","category-kultura","category-press-releases"],"jetpack_publicize_connections":[],"jetpack_featured_media_url":"https:\/\/i0.wp.com\/www.shqiperia.com\/blog\/wp-content\/uploads\/2021\/06\/Retro_Book_Old_Library_584342_1280x734-696x399-1.jpg?fit=696%2C399&ssl=1","jetpack_sharing_enabled":true,"jetpack_shortlink":"https:\/\/wp.me\/p5Z6wp-cto","jetpack-related-posts":[{"id":72118,"url":"https:\/\/www.shqiperia.com\/blog\/libri-kthehet-ne-biblioteke-pas-81-vitesh\/","url_meta":{"origin":47950,"position":0},"title":"Libri kthehet n\u00eb bibliotek\u00eb pas 81 vitesh","author":"Kurt Farka","date":"June 14, 2023","format":false,"excerpt":"14 Qershor 2023 Stafi n\u00eb nj\u00eb bibliotek\u00eb n\u00eb Uashington u surprizua, kur dikush ktheu nj\u00eb lib\u00ebr pas 81 vitesh. Biblioteka Rajonale e Timberland tha q\u00eb bibliotekar\u00ebt mor\u00ebn nj\u00eb kopje t\u00eb Trilogjis\u00eb s\u00eb Bounty nga Charles Nordhoff dhe James Norman Hall k\u00ebt\u00eb jav\u00eb dhe karta brenda kopertin\u00ebs zbuloi se ajo duhej\u2026","rel":"","context":"In &quot;Blogu i Udh\u00ebtarit&quot;","block_context":{"text":"Blogu i Udh\u00ebtarit","link":"https:\/\/www.shqiperia.com\/blog\/category\/blogu-i-udhetarit\/"},"img":{"alt_text":"","src":"https:\/\/i0.wp.com\/www.shqiperia.com\/blog\/wp-content\/uploads\/2023\/06\/1919_top.jpg?fit=800%2C450&ssl=1&resize=350%2C200","width":350,"height":200,"srcset":"https:\/\/i0.wp.com\/www.shqiperia.com\/blog\/wp-content\/uploads\/2023\/06\/1919_top.jpg?fit=800%2C450&ssl=1&resize=350%2C200 1x, https:\/\/i0.wp.com\/www.shqiperia.com\/blog\/wp-content\/uploads\/2023\/06\/1919_top.jpg?fit=800%2C450&ssl=1&resize=525%2C300 1.5x, https:\/\/i0.wp.com\/www.shqiperia.com\/blog\/wp-content\/uploads\/2023\/06\/1919_top.jpg?fit=800%2C450&ssl=1&resize=700%2C400 2x"},"classes":[]},{"id":78643,"url":"https:\/\/www.shqiperia.com\/blog\/si-iu-moren-hapesirat-bibliotekes-kombetare-nga-privati-ne-pothuaj-3-dekada-pse-nuk-kthehen\/","url_meta":{"origin":47950,"position":1},"title":"Si iu mor\u00ebn hap\u00ebsirat Bibliotek\u00ebs Kombetare nga privati n\u00eb pothuaj 3 dekada? &#8211; Pse nuk kthehen &#8230;","author":"Kurt Farka","date":"February 26, 2024","format":false,"excerpt":"26 Shkurt 2024 Librat kapic\u00eb n\u00ebp\u00ebr karton\u00eb bananesh, salla leximi t\u00eb mbyllura, automate q\u00eb ulen p\u00ebr t\u00eb eleminuar rrezikun e zjarrin kur punonj\u00ebsit mbyllin zyrat. \u00cbsht\u00eb kjo gjendja e Bibliotek\u00ebs Komb\u00ebtare t\u00eb Shqip\u00ebris\u00eb n\u00eb vitin 2024. Po si p\u00ebrfunduam n\u00eb k\u00ebt\u00eb gjendje? Si iu mor\u00ebn hap\u00ebsirat bibliotek\u00ebs nga privati n\u00eb\u2026","rel":"","context":"In &quot;Blogu i Udh\u00ebtarit&quot;","block_context":{"text":"Blogu i Udh\u00ebtarit","link":"https:\/\/www.shqiperia.com\/blog\/category\/blogu-i-udhetarit\/"},"img":{"alt_text":"","src":"https:\/\/i0.wp.com\/www.shqiperia.com\/blog\/wp-content\/uploads\/2024\/02\/312cb4b5-2b04-4611-a35d-3bc2f7f9039a.jpg?fit=1200%2C800&ssl=1&resize=350%2C200","width":350,"height":200,"srcset":"https:\/\/i0.wp.com\/www.shqiperia.com\/blog\/wp-content\/uploads\/2024\/02\/312cb4b5-2b04-4611-a35d-3bc2f7f9039a.jpg?fit=1200%2C800&ssl=1&resize=350%2C200 1x, https:\/\/i0.wp.com\/www.shqiperia.com\/blog\/wp-content\/uploads\/2024\/02\/312cb4b5-2b04-4611-a35d-3bc2f7f9039a.jpg?fit=1200%2C800&ssl=1&resize=525%2C300 1.5x, https:\/\/i0.wp.com\/www.shqiperia.com\/blog\/wp-content\/uploads\/2024\/02\/312cb4b5-2b04-4611-a35d-3bc2f7f9039a.jpg?fit=1200%2C800&ssl=1&resize=700%2C400 2x, https:\/\/i0.wp.com\/www.shqiperia.com\/blog\/wp-content\/uploads\/2024\/02\/312cb4b5-2b04-4611-a35d-3bc2f7f9039a.jpg?fit=1200%2C800&ssl=1&resize=1050%2C600 3x"},"classes":[]},{"id":62985,"url":"https:\/\/www.shqiperia.com\/blog\/agim-janina-ne-shqiperi-librat-shiten-si-placka-te-vjetra-kembanat-po-ushtojne-vajtueshem\/","url_meta":{"origin":47950,"position":2},"title":"Agim Janina: &#8211; N\u00eb Shqip\u00ebri librat shiten si pla\u00e7ka t\u00eb vjetra, k\u00ebmbanat po ushtojn\u00eb vajtuesh\u00ebm","author":"Kurt Farka","date":"October 7, 2022","format":false,"excerpt":"7 Tetor 2022 \u201cTetori i Librit\u201d po vijon me aktivitete t\u00eb ndryshme, por p\u00ebr autor\u00eb dhe studiues problemet q\u00eb has libri dhe bibliotekat nuk jan\u00eb t\u00eb pakta. Studiuesi Agim Janina thot\u00eb se tek ne ka ende ka libra, q\u00eb shiten si pla\u00e7ka t\u00eb vjetra. Me kritika ndaj institucioneve n\u00eb vend\u2026","rel":"","context":"In &quot;Blogu i Udh\u00ebtarit&quot;","block_context":{"text":"Blogu i Udh\u00ebtarit","link":"https:\/\/www.shqiperia.com\/blog\/category\/blogu-i-udhetarit\/"},"img":{"alt_text":"","src":"https:\/\/i0.wp.com\/www.shqiperia.com\/blog\/wp-content\/uploads\/2022\/10\/Agim-Janina.jpg?fit=800%2C547&ssl=1&resize=350%2C200","width":350,"height":200,"srcset":"https:\/\/i0.wp.com\/www.shqiperia.com\/blog\/wp-content\/uploads\/2022\/10\/Agim-Janina.jpg?fit=800%2C547&ssl=1&resize=350%2C200 1x, https:\/\/i0.wp.com\/www.shqiperia.com\/blog\/wp-content\/uploads\/2022\/10\/Agim-Janina.jpg?fit=800%2C547&ssl=1&resize=525%2C300 1.5x, https:\/\/i0.wp.com\/www.shqiperia.com\/blog\/wp-content\/uploads\/2022\/10\/Agim-Janina.jpg?fit=800%2C547&ssl=1&resize=700%2C400 2x"},"classes":[]},{"id":9667,"url":"https:\/\/www.shqiperia.com\/blog\/seit-mansaku-e-dhimbshme-djegia-dhe-permbytja-e-bibliotekes-kombetare-institucionet-te-ngrihen-ne-kembe\/","url_meta":{"origin":47950,"position":3},"title":"Seit Mansaku: E dhimbshme djegia dhe p\u00ebrmbytja e Bibliotek\u00ebs Komb\u00ebtare, institucionet t\u00eb ngrihen n\u00eb k\u00ebmb\u00eb&#8230;","author":"Kurt Farka","date":"July 13, 2018","format":false,"excerpt":"Seit Mansaku: E dhimbshme djegia dhe p\u00ebrmbytja e Bibliotek\u00ebs Komb\u00ebtare, institucionet t\u00eb ngrihen n\u00eb k\u00ebmb\u00eb... 12\/07\/2018 Shteti duhet t\u00eb kthej\u00eb v\u00ebmendjen n\u00eb institucionet e librit, pasi d\u00ebmtimi i librave \u00ebsht\u00eb humbje e kultur\u00ebs. P\u00ebr problemin e Bibliotek\u00ebs Komb\u00ebtare gjuh\u00ebtari i njohur prof. dr. Seit Mansaku tregon se \u00ebsht\u00eb pasuri komb\u00ebtare\u2026","rel":"","context":"In &quot;Histori&quot;","block_context":{"text":"Histori","link":"https:\/\/www.shqiperia.com\/blog\/category\/histori\/"},"img":{"alt_text":"","src":"https:\/\/i0.wp.com\/www.shqiperia.com\/blog\/wp-content\/uploads\/2018\/07\/prof._dr_seit_mansaku_faqe_18-300x250.jpg?resize=350%2C200","width":350,"height":200},"classes":[]},{"id":40327,"url":"https:\/\/www.shqiperia.com\/blog\/behar-gjoka-biblioteka-kombetare-ekspozon-librat-ne-ekspozita-por-nuk-ka-lexues\/","url_meta":{"origin":47950,"position":4},"title":"Behar Gjoka: &#8211; Biblioteka Komb\u00ebtare ekspozon librat n\u00eb ekspozita, por nuk ka lexues","author":"Kurt Farka","date":"October 31, 2020","format":false,"excerpt":"Behar Gjoka: - Biblioteka Komb\u00ebtare ekspozon librat n\u00eb ekspozita, por nuk ka lexues 28 TETOR 2020 Nga: Julia Vrapi Biblioteka Komb\u00ebtare gjat\u00eb k\u00ebsaj kohe po vijon aktivitetin e saj dhe me ekspozita t\u00eb ndryshme, q\u00eb jan\u00eb hapur me librat. Por nd\u00ebrsa s\u00eb fundmi u hap dhe nj\u00eb ekspozit\u00eb n\u00eb COD,\u2026","rel":"","context":"In &quot;Blogu i Udh\u00ebtarit&quot;","block_context":{"text":"Blogu i Udh\u00ebtarit","link":"https:\/\/www.shqiperia.com\/blog\/category\/blogu-i-udhetarit\/"},"img":{"alt_text":"","src":"https:\/\/i0.wp.com\/www.shqiperia.com\/blog\/wp-content\/uploads\/2020\/10\/Behar-Gjoka.jpg?fit=800%2C468&ssl=1&resize=350%2C200","width":350,"height":200,"srcset":"https:\/\/i0.wp.com\/www.shqiperia.com\/blog\/wp-content\/uploads\/2020\/10\/Behar-Gjoka.jpg?fit=800%2C468&ssl=1&resize=350%2C200 1x, https:\/\/i0.wp.com\/www.shqiperia.com\/blog\/wp-content\/uploads\/2020\/10\/Behar-Gjoka.jpg?fit=800%2C468&ssl=1&resize=525%2C300 1.5x, https:\/\/i0.wp.com\/www.shqiperia.com\/blog\/wp-content\/uploads\/2020\/10\/Behar-Gjoka.jpg?fit=800%2C468&ssl=1&resize=700%2C400 2x"},"classes":[]},{"id":4099,"url":"https:\/\/www.shqiperia.com\/blog\/bilioteka-kombetare-universitare-e-kosoves-gati-nje-shekull-ne-sherbim-te-lexuesve\/","url_meta":{"origin":47950,"position":5},"title":"Bilioteka Komb\u00ebtare Universitare e Kosov\u00ebs-Gati nj\u00eb shekull n\u00eb sh\u00ebrbim t\u00eb lexuesve.-","author":"Kurt Farka","date":"March 1, 2018","format":false,"excerpt":"Origjina e Biblioteka Komb\u00ebtare Universitare e Kosov\u00ebs vjen nga krijimi i Bibliotek\u00ebs Rajonale m\u00eb 1944 n\u00eb Prizren (1944-1963) dhe m\u00eb von\u00eb funksionoi si Biblioteka Provinciale (1963-1970). Me themelimin e Universitetit t\u00eb Kosov\u00ebs n\u00eb 1970 kjo bibliotek\u00eb mori rolin dhe funksionoi si Biblioteka Komb\u00ebtare Universitare e Kosov\u00ebs . Nd\u00ebrtimi i k\u00ebsaj\u2026","rel":"","context":"In &quot;Kultura&quot;","block_context":{"text":"Kultura","link":"https:\/\/www.shqiperia.com\/blog\/category\/kultura\/"},"img":{"alt_text":"","src":"https:\/\/i0.wp.com\/www.shqiperia.com\/blog\/wp-content\/uploads\/2018\/03\/282fb73313a6cb306d8f71f8c7cad13c.jpg?fit=858%2C536&ssl=1&resize=350%2C200","width":350,"height":200,"srcset":"https:\/\/i0.wp.com\/www.shqiperia.com\/blog\/wp-content\/uploads\/2018\/03\/282fb73313a6cb306d8f71f8c7cad13c.jpg?fit=858%2C536&ssl=1&resize=350%2C200 1x, https:\/\/i0.wp.com\/www.shqiperia.com\/blog\/wp-content\/uploads\/2018\/03\/282fb73313a6cb306d8f71f8c7cad13c.jpg?fit=858%2C536&ssl=1&resize=525%2C300 1.5x, https:\/\/i0.wp.com\/www.shqiperia.com\/blog\/wp-content\/uploads\/2018\/03\/282fb73313a6cb306d8f71f8c7cad13c.jpg?fit=858%2C536&ssl=1&resize=700%2C400 2x"},"classes":[]}],"_links":{"self":[{"href":"https:\/\/www.shqiperia.com\/blog\/wp-json\/wp\/v2\/posts\/47950","targetHints":{"allow":["GET"]}}],"collection":[{"href":"https:\/\/www.shqiperia.com\/blog\/wp-json\/wp\/v2\/posts"}],"about":[{"href":"https:\/\/www.shqiperia.com\/blog\/wp-json\/wp\/v2\/types\/post"}],"author":[{"embeddable":true,"href":"https:\/\/www.shqiperia.com\/blog\/wp-json\/wp\/v2\/users\/9"}],"replies":[{"embeddable":true,"href":"https:\/\/www.shqiperia.com\/blog\/wp-json\/wp\/v2\/comments?post=47950"}],"version-history":[{"count":1,"href":"https:\/\/www.shqiperia.com\/blog\/wp-json\/wp\/v2\/posts\/47950\/revisions"}],"predecessor-version":[{"id":47952,"href":"https:\/\/www.shqiperia.com\/blog\/wp-json\/wp\/v2\/posts\/47950\/revisions\/47952"}],"wp:featuredmedia":[{"embeddable":true,"href":"https:\/\/www.shqiperia.com\/blog\/wp-json\/wp\/v2\/media\/47951"}],"wp:attachment":[{"href":"https:\/\/www.shqiperia.com\/blog\/wp-json\/wp\/v2\/media?parent=47950"}],"wp:term":[{"taxonomy":"category","embeddable":true,"href":"https:\/\/www.shqiperia.com\/blog\/wp-json\/wp\/v2\/categories?post=47950"},{"taxonomy":"post_tag","embeddable":true,"href":"https:\/\/www.shqiperia.com\/blog\/wp-json\/wp\/v2\/tags?post=47950"}],"curies":[{"name":"wp","href":"https:\/\/api.w.org\/{rel}","templated":true}]}}