{"id":47947,"date":"2021-06-16T10:27:33","date_gmt":"2021-06-16T10:27:33","guid":{"rendered":"https:\/\/www.shqiperia.com\/blog\/?p=47947"},"modified":"2021-06-16T10:27:33","modified_gmt":"2021-06-16T10:27:33","slug":"joe-biden-shmangu-konferencen-e-perbashket-me-putin-sjemi-ne-gare-kush-do-turperoje","status":"publish","type":"post","link":"https:\/\/www.shqiperia.com\/blog\/joe-biden-shmangu-konferencen-e-perbashket-me-putin-sjemi-ne-gare-kush-do-turperoje\/","title":{"rendered":"Joe Biden shmangu konferenc\u00ebn e p\u00ebrbashk\u00ebt me Putin: &#8211; S\u2019jemi n\u00eb gar\u00eb kush do turp\u00ebroj\u00eb&#8230;"},"content":{"rendered":"<p><img data-recalc-dims=\"1\" loading=\"lazy\" decoding=\"async\" data-attachment-id=\"47948\" data-permalink=\"https:\/\/www.shqiperia.com\/blog\/joe-biden-shmangu-konferencen-e-perbashket-me-putin-sjemi-ne-gare-kush-do-turperoje\/800-0-60c9c447a1956\/\" data-orig-file=\"https:\/\/i0.wp.com\/www.shqiperia.com\/blog\/wp-content\/uploads\/2021\/06\/800-0-60c9c447a1956.jpg?fit=800%2C491&amp;ssl=1\" data-orig-size=\"800,491\" data-comments-opened=\"1\" data-image-meta=\"{&quot;aperture&quot;:&quot;0&quot;,&quot;credit&quot;:&quot;&quot;,&quot;camera&quot;:&quot;&quot;,&quot;caption&quot;:&quot;&quot;,&quot;created_timestamp&quot;:&quot;0&quot;,&quot;copyright&quot;:&quot;&quot;,&quot;focal_length&quot;:&quot;0&quot;,&quot;iso&quot;:&quot;0&quot;,&quot;shutter_speed&quot;:&quot;0&quot;,&quot;title&quot;:&quot;&quot;,&quot;orientation&quot;:&quot;0&quot;}\" data-image-title=\"-800-0-60c9c447a1956\" data-image-description=\"\" data-image-caption=\"\" data-medium-file=\"https:\/\/i0.wp.com\/www.shqiperia.com\/blog\/wp-content\/uploads\/2021\/06\/800-0-60c9c447a1956.jpg?fit=300%2C184&amp;ssl=1\" data-large-file=\"https:\/\/i0.wp.com\/www.shqiperia.com\/blog\/wp-content\/uploads\/2021\/06\/800-0-60c9c447a1956.jpg?fit=800%2C491&amp;ssl=1\" class=\"alignnone  wp-image-47948\" alt=\"\" src=\"https:\/\/i0.wp.com\/www.shqiperia.com\/blog\/wp-content\/uploads\/2021\/06\/800-0-60c9c447a1956.jpg?resize=592%2C363&#038;ssl=1\" width=\"592\" height=\"363\" srcset=\"https:\/\/i0.wp.com\/www.shqiperia.com\/blog\/wp-content\/uploads\/2021\/06\/800-0-60c9c447a1956.jpg?resize=300%2C184&amp;ssl=1 300w, https:\/\/i0.wp.com\/www.shqiperia.com\/blog\/wp-content\/uploads\/2021\/06\/800-0-60c9c447a1956.jpg?resize=768%2C471&amp;ssl=1 768w, https:\/\/i0.wp.com\/www.shqiperia.com\/blog\/wp-content\/uploads\/2021\/06\/800-0-60c9c447a1956.jpg?resize=450%2C276&amp;ssl=1 450w, https:\/\/i0.wp.com\/www.shqiperia.com\/blog\/wp-content\/uploads\/2021\/06\/800-0-60c9c447a1956.jpg?resize=600%2C368&amp;ssl=1 600w, https:\/\/i0.wp.com\/www.shqiperia.com\/blog\/wp-content\/uploads\/2021\/06\/800-0-60c9c447a1956.jpg?resize=400%2C246&amp;ssl=1 400w, https:\/\/i0.wp.com\/www.shqiperia.com\/blog\/wp-content\/uploads\/2021\/06\/800-0-60c9c447a1956.jpg?w=800&amp;ssl=1 800w\" sizes=\"auto, (max-width: 592px) 100vw, 592px\" \/><\/p>\n<p>Joe Biden shmangu konferenc\u00ebn e p\u00ebrbashk\u00ebt me Putin: &#8211; S\u2019jemi n\u00eb gar\u00eb kush do turp\u00ebroj\u00eb&#8230;<\/p>\n<p>16 QERSHOR 2021<\/p>\n<p>Presidenti amerikan Joe Biden nuk do t\u00eb mbaj\u00eb nj\u00eb konferenc\u00eb t\u00eb p\u00ebrbashk\u00ebt shtypi me homologun e tij rus Vladimir Putin pas samitit. CNN shkruan se Biden ka zgjedhur q\u00eb t\u00eb flas\u00eb me reporter\u00ebt n\u00eb konferenc\u00eb i vet\u00ebm.<\/p>\n<p>Sipas disa zyrtar\u00ebve, Rusia k\u00ebrkoi nj\u00eb konferenc\u00eb t\u00eb p\u00ebrbashk\u00ebt shtypi pas samitit, por SHBA-ja refuzoi pasi ata nuk donin t\u2019i jepnin Putinit t\u00eb njejt\u00ebn platform\u00eb si ajo q\u00eb kishte me ish-Presidentin Donald Trump n\u00eb Helsinki.<\/p>\n<p>\u201cKjo nuk \u00ebsht\u00eb nj\u00eb gar\u00eb se kush mund t\u00eb b\u00ebj\u00eb m\u00eb mir\u00eb p\u00ebrpara nj\u00eb konference shtypi ose t\u00eb p\u00ebrpiqet t\u00eb turp\u00ebroj\u00eb nj\u00ebri-tjetrin,\u201d tha Biden, duke shpjeguar vendimin p\u00ebr konferenca t\u00eb ndara.<\/p>\n<p>Gazeta Sot<\/p>\n","protected":false},"excerpt":{"rendered":"<p>Joe Biden shmangu konferenc\u00ebn e p\u00ebrbashk\u00ebt me Putin: &#8211; S\u2019jemi n\u00eb gar\u00eb kush do turp\u00ebroj\u00eb&#8230; 16 QERSHOR 2021 Presidenti amerikan Joe Biden nuk do t\u00eb mbaj\u00eb nj\u00eb konferenc\u00eb t\u00eb p\u00ebrbashk\u00ebt shtypi me homologun e tij rus Vladimir Putin pas samitit. CNN shkruan se Biden ka zgjedhur q\u00eb t\u00eb flas\u00eb me reporter\u00ebt n\u00eb konferenc\u00eb i vet\u00ebm. [&hellip;]<\/p>\n","protected":false},"author":9,"featured_media":47948,"comment_status":"open","ping_status":"open","sticky":false,"template":"","format":"standard","meta":{"jetpack_post_was_ever_published":false,"_jetpack_newsletter_access":"","_jetpack_dont_email_post_to_subs":false,"_jetpack_newsletter_tier_id":0,"_jetpack_memberships_contains_paywalled_content":false,"_jetpack_memberships_contains_paid_content":false,"footnotes":"","jetpack_publicize_message":"","jetpack_publicize_feature_enabled":true,"jetpack_social_post_already_shared":true,"jetpack_social_options":{"image_generator_settings":{"template":"highway","default_image_id":0,"font":"","enabled":false},"version":2}},"categories":[27,10,35],"tags":[],"class_list":["post-47947","post","type-post","status-publish","format-standard","has-post-thumbnail","hentry","category-blogu-i-udhetarit","category-kultura","category-shoqerore"],"jetpack_publicize_connections":[],"jetpack_featured_media_url":"https:\/\/i0.wp.com\/www.shqiperia.com\/blog\/wp-content\/uploads\/2021\/06\/800-0-60c9c447a1956.jpg?fit=800%2C491&ssl=1","jetpack_sharing_enabled":true,"jetpack_shortlink":"https:\/\/wp.me\/p5Z6wp-ctl","jetpack-related-posts":[{"id":82878,"url":"https:\/\/www.shqiperia.com\/blog\/joe-biden-rezulton-pozitiv-me-covid-19-presidenti-amerikan-anulon-konferencen-ne-las-vegas\/","url_meta":{"origin":47947,"position":0},"title":"Joe Biden rezulton pozitiv me Covid-19, Presidenti amerikan anulon konferenc\u00ebn n\u00eb Las Vegas","author":"Kurt Farka","date":"July 18, 2024","format":false,"excerpt":"18 Korrik 2024 Sht\u00ebpia e Bardh\u00eb, ka njoftuar se Presidenti Joe Biden ka rezultuar pozitiv me Covid-19 dhe po p\u00ebrjeton simptoma t\u00eb lehta t\u00eb virusit. Biden, 81 vje\u00e7, rezultoi pozitiv pas vizit\u00ebs t\u00eb tij n\u00eb Las Vegas, ku pritej t\u00eb fliste m\u00eb von\u00eb n\u00eb konferenc\u00ebn vjetore UnidosUS. Presidenti i ShBA\u2026","rel":"","context":"In &quot;Blogu i Udh\u00ebtarit&quot;","block_context":{"text":"Blogu i Udh\u00ebtarit","link":"https:\/\/www.shqiperia.com\/blog\/category\/blogu-i-udhetarit\/"},"img":{"alt_text":"","src":"https:\/\/i0.wp.com\/www.shqiperia.com\/blog\/wp-content\/uploads\/2024\/07\/Biden3.jpg?fit=682%2C452&ssl=1&resize=350%2C200","width":350,"height":200,"srcset":"https:\/\/i0.wp.com\/www.shqiperia.com\/blog\/wp-content\/uploads\/2024\/07\/Biden3.jpg?fit=682%2C452&ssl=1&resize=350%2C200 1x, https:\/\/i0.wp.com\/www.shqiperia.com\/blog\/wp-content\/uploads\/2024\/07\/Biden3.jpg?fit=682%2C452&ssl=1&resize=525%2C300 1.5x"},"classes":[]},{"id":47960,"url":"https:\/\/www.shqiperia.com\/blog\/biden-eshte-ndryshe-nga-trump-putin-flet-pas-kater-ore-bisedime-nuk-ka-armiqesi-por-ja-per-cfare-rame-dakord\/","url_meta":{"origin":47947,"position":1},"title":"\u201cBiden \u00ebsht\u00eb ndryshe nga Trump\u201d. &#8211; Putin flet pas kat\u00ebr or\u00eb bisedime: Nuk ka armiq\u00ebsi, por\u2026 Ja p\u00ebr \u00e7far\u00eb ram\u00eb dakord","author":"Kurt Farka","date":"June 16, 2021","format":false,"excerpt":"\u201cBiden \u00ebsht\u00eb ndryshe nga Trump\u201d. - Putin flet pas kat\u00ebr or\u00eb bisedime: Nuk ka armiq\u00ebsi, por\u2026 Ja p\u00ebr \u00e7far\u00eb ram\u00eb dakord 16 qershor 2021 Pas takimit 4 or\u00ebsh t\u00eb mbajtur n\u00eb Gjenev\u00eb me presidentin e SHBA-ve Joe Biden, ka folur n\u00eb nj\u00eb konferenc\u00eb p\u00ebr mediat shefi i Kremlinit Vladimir Putin.\u2026","rel":"","context":"In &quot;Blogu i Udh\u00ebtarit&quot;","block_context":{"text":"Blogu i Udh\u00ebtarit","link":"https:\/\/www.shqiperia.com\/blog\/category\/blogu-i-udhetarit\/"},"img":{"alt_text":"","src":"https:\/\/i0.wp.com\/www.shqiperia.com\/blog\/wp-content\/uploads\/2021\/06\/putin1.jpg?fit=624%2C339&ssl=1&resize=350%2C200","width":350,"height":200,"srcset":"https:\/\/i0.wp.com\/www.shqiperia.com\/blog\/wp-content\/uploads\/2021\/06\/putin1.jpg?fit=624%2C339&ssl=1&resize=350%2C200 1x, https:\/\/i0.wp.com\/www.shqiperia.com\/blog\/wp-content\/uploads\/2021\/06\/putin1.jpg?fit=624%2C339&ssl=1&resize=525%2C300 1.5x"},"classes":[]},{"id":72594,"url":"https:\/\/www.shqiperia.com\/blog\/edhe-kurti-e-refuzon-ramen-kurti-vendos-kushtin-i-kerkova-mbajtjen-e-mbledhjes-se-perbashket-te-anuluar-pa-arsye-te-2-qeverive\/","url_meta":{"origin":47947,"position":2},"title":"Edhe Kurti e refuzon Ramen !? &#8211;\u00a0 Kurti vendos kushtin: &#8211; I k\u00ebrkova mbajtjen e mbledhjes s\u00eb p\u00ebrbashk\u00ebt t\u00eb anuluar pa arsye t\u00eb 2 qeverive","author":"Kurt Farka","date":"July 5, 2023","format":false,"excerpt":"5 Korrik 2023 Kryeministri i Kosov\u00ebs, Albin Kurti ka refuzuar takimin me Edi Ram\u00ebn n\u00eb kuad\u00ebr t\u00eb turit dy ditor q\u00eb do t\u00eb mbaj\u00eb n\u00eb Ballkan. N\u00eb nj\u00eb konferenc\u00eb p\u00ebr shtyp, i pyetur nga gazetar\u00ebt n\u00ebse do t\u00eb takohet me Ram\u00ebn, Kurti tha se ka k\u00ebrkuar q\u00eb t\u00eb mbahet mbledhja\u2026","rel":"","context":"In &quot;Blogu i Udh\u00ebtarit&quot;","block_context":{"text":"Blogu i Udh\u00ebtarit","link":"https:\/\/www.shqiperia.com\/blog\/category\/blogu-i-udhetarit\/"},"img":{"alt_text":"","src":"https:\/\/i0.wp.com\/www.shqiperia.com\/blog\/wp-content\/uploads\/2023\/07\/640-0-1665758425xrama-kurti-710.jpg?fit=640%2C360&ssl=1&resize=350%2C200","width":350,"height":200,"srcset":"https:\/\/i0.wp.com\/www.shqiperia.com\/blog\/wp-content\/uploads\/2023\/07\/640-0-1665758425xrama-kurti-710.jpg?fit=640%2C360&ssl=1&resize=350%2C200 1x, https:\/\/i0.wp.com\/www.shqiperia.com\/blog\/wp-content\/uploads\/2023\/07\/640-0-1665758425xrama-kurti-710.jpg?fit=640%2C360&ssl=1&resize=525%2C300 1.5x"},"classes":[]},{"id":59281,"url":"https:\/\/www.shqiperia.com\/blog\/diskursi-i-rames-ishte-per-ti-bere-presion-be-dhe-per-te-legjitimuar-open-balkan\/","url_meta":{"origin":47947,"position":3},"title":"Diskursi i Ram\u00ebs ishte p\u00ebr t\u2019i b\u00ebr\u00eb presion BE dhe p\u00ebr t\u00eb legjitimuar \u201cOpen Balkan\u201d","author":"Kurt Farka","date":"June 24, 2022","format":false,"excerpt":"\u00a023 Qershor 2022 Dit\u00ebn e sotme n\u00eb Bruksel u mbajt samiti i BE, ku pjes\u00ebmarr\u00ebs ishin dhe kryeministri Edi Rama, kryeministri i Maqedonis\u00eb s\u00eb Veriu, Dimitar\u00a0Kova\u00e7evsk, dhe presidentin serb Aleksand\u00ebr Vu\u00e7i\u00e7, t\u00eb cil\u00ebt mbajt\u00ebn dhe nj\u00eb konferenc\u00eb t\u00eb p\u00ebrbashk\u00ebt p\u00ebr shtyp. N\u00eb nj\u00eb intervist\u00eb p\u00ebr Ora News,\u00a0 deputetja e LSI-s\u00eb\u2026","rel":"","context":"In &quot;Kultura&quot;","block_context":{"text":"Kultura","link":"https:\/\/www.shqiperia.com\/blog\/category\/kultura\/"},"img":{"alt_text":"","src":"https:\/\/i0.wp.com\/www.shqiperia.com\/blog\/wp-content\/uploads\/2022\/06\/Erisa-Xhixho.jpg?fit=1200%2C630&ssl=1&resize=350%2C200","width":350,"height":200,"srcset":"https:\/\/i0.wp.com\/www.shqiperia.com\/blog\/wp-content\/uploads\/2022\/06\/Erisa-Xhixho.jpg?fit=1200%2C630&ssl=1&resize=350%2C200 1x, https:\/\/i0.wp.com\/www.shqiperia.com\/blog\/wp-content\/uploads\/2022\/06\/Erisa-Xhixho.jpg?fit=1200%2C630&ssl=1&resize=525%2C300 1.5x, https:\/\/i0.wp.com\/www.shqiperia.com\/blog\/wp-content\/uploads\/2022\/06\/Erisa-Xhixho.jpg?fit=1200%2C630&ssl=1&resize=700%2C400 2x, https:\/\/i0.wp.com\/www.shqiperia.com\/blog\/wp-content\/uploads\/2022\/06\/Erisa-Xhixho.jpg?fit=1200%2C630&ssl=1&resize=1050%2C600 3x"},"classes":[]},{"id":54850,"url":"https:\/\/www.shqiperia.com\/blog\/lufta-e-trete-boterore-do-te-ishte-berthamore-mendohu-mire-krahu-i-djathte-i-putinit-del-ne-konference-te-jashtezakonshme-dhe-kercenon-hapur-presidentin-biden\/","url_meta":{"origin":47947,"position":4},"title":"\u201cLufta e Tret\u00eb Bot\u00ebrore do t\u00eb ishte b\u00ebrthamore, mendohu mir\u00eb\u201d. &#8211; \u00a0Krahu i djatht\u00eb i Putinit del n\u00eb konferenc\u00eb t\u00eb jasht\u00ebzakonshme dhe k\u00ebrc\u00ebnon hapur Presidentin Biden","author":"Kurt Farka","date":"March 3, 2022","format":false,"excerpt":"\u201cLufta e Tret\u00eb Bot\u00ebrore do t\u00eb ishte b\u00ebrthamore, mendohu mir\u00eb\u201d. - \u00a0Krahu i djatht\u00eb i Putinit del n\u00eb konferenc\u00eb t\u00eb jasht\u00ebzakonshme dhe k\u00ebrc\u00ebnon hapur Presidentin Biden 3 MARS 2022 Ministri i Jasht\u00ebm rus, Sergei Lavrorv ka dal\u00eb sot n\u00eb nj\u00eb konferenc\u00eb p\u00ebr mediat nga Kremlini ku foli n\u00eb lidhje me\u2026","rel":"","context":"In &quot;Blogu i Udh\u00ebtarit&quot;","block_context":{"text":"Blogu i Udh\u00ebtarit","link":"https:\/\/www.shqiperia.com\/blog\/category\/blogu-i-udhetarit\/"},"img":{"alt_text":"","src":"https:\/\/i0.wp.com\/www.shqiperia.com\/blog\/wp-content\/uploads\/2022\/03\/800-0-622092177e2e2.jpg?fit=800%2C450&ssl=1&resize=350%2C200","width":350,"height":200,"srcset":"https:\/\/i0.wp.com\/www.shqiperia.com\/blog\/wp-content\/uploads\/2022\/03\/800-0-622092177e2e2.jpg?fit=800%2C450&ssl=1&resize=350%2C200 1x, https:\/\/i0.wp.com\/www.shqiperia.com\/blog\/wp-content\/uploads\/2022\/03\/800-0-622092177e2e2.jpg?fit=800%2C450&ssl=1&resize=525%2C300 1.5x, https:\/\/i0.wp.com\/www.shqiperia.com\/blog\/wp-content\/uploads\/2022\/03\/800-0-622092177e2e2.jpg?fit=800%2C450&ssl=1&resize=700%2C400 2x"},"classes":[]},{"id":20477,"url":"https:\/\/www.shqiperia.com\/blog\/jemi-pajtuar-qe-te-mos-pajtohemi-thaci-zbulon-porosine-e-samitit-ja-kur-mbahet-takimi-i-radhes\/","url_meta":{"origin":47947,"position":5},"title":"\u201cJemi pajtuar q\u00eb t\u00eb mos pajtohemi\u201d, Tha\u00e7i zbulon porosin\u00eb e Samitit: Ja kur mbahet takimi i radh\u00ebs","author":"Kurt Farka","date":"April 30, 2019","format":false,"excerpt":"\u201cJemi pajtuar q\u00eb t\u00eb mos pajtohemi\u201d, Tha\u00e7i zbulon porosin\u00eb e Samitit: Ja kur mbahet takimi i radh\u00ebs. - \u00a030 prill 2019 Pas p\u00ebrfundimit t\u00eb Samitit t\u00eb Berlinit p\u00ebr Ballkanin Per\u00ebndimor, n\u00eb konferenc\u00ebn e mbajtur p\u00ebr media, presidenti Hashim Tha\u00e7i ka theksuar se ka qen\u00eb nj\u00eb takim jasht\u00ebzakonisht i r\u00ebnd\u00eb, kurse\u2026","rel":"","context":"In &quot;Njoftime Shtypi&quot;","block_context":{"text":"Njoftime Shtypi","link":"https:\/\/www.shqiperia.com\/blog\/category\/njoftime-shtypi\/"},"img":{"alt_text":"","src":"https:\/\/i0.wp.com\/www.shqiperia.com\/blog\/wp-content\/uploads\/2019\/04\/2845E19E-B4BD-4ED6-9BAA-178AFBDB3A22-Copy.jpeg?fit=960%2C525&ssl=1&resize=350%2C200","width":350,"height":200,"srcset":"https:\/\/i0.wp.com\/www.shqiperia.com\/blog\/wp-content\/uploads\/2019\/04\/2845E19E-B4BD-4ED6-9BAA-178AFBDB3A22-Copy.jpeg?fit=960%2C525&ssl=1&resize=350%2C200 1x, https:\/\/i0.wp.com\/www.shqiperia.com\/blog\/wp-content\/uploads\/2019\/04\/2845E19E-B4BD-4ED6-9BAA-178AFBDB3A22-Copy.jpeg?fit=960%2C525&ssl=1&resize=525%2C300 1.5x, https:\/\/i0.wp.com\/www.shqiperia.com\/blog\/wp-content\/uploads\/2019\/04\/2845E19E-B4BD-4ED6-9BAA-178AFBDB3A22-Copy.jpeg?fit=960%2C525&ssl=1&resize=700%2C400 2x"},"classes":[]}],"_links":{"self":[{"href":"https:\/\/www.shqiperia.com\/blog\/wp-json\/wp\/v2\/posts\/47947","targetHints":{"allow":["GET"]}}],"collection":[{"href":"https:\/\/www.shqiperia.com\/blog\/wp-json\/wp\/v2\/posts"}],"about":[{"href":"https:\/\/www.shqiperia.com\/blog\/wp-json\/wp\/v2\/types\/post"}],"author":[{"embeddable":true,"href":"https:\/\/www.shqiperia.com\/blog\/wp-json\/wp\/v2\/users\/9"}],"replies":[{"embeddable":true,"href":"https:\/\/www.shqiperia.com\/blog\/wp-json\/wp\/v2\/comments?post=47947"}],"version-history":[{"count":1,"href":"https:\/\/www.shqiperia.com\/blog\/wp-json\/wp\/v2\/posts\/47947\/revisions"}],"predecessor-version":[{"id":47949,"href":"https:\/\/www.shqiperia.com\/blog\/wp-json\/wp\/v2\/posts\/47947\/revisions\/47949"}],"wp:featuredmedia":[{"embeddable":true,"href":"https:\/\/www.shqiperia.com\/blog\/wp-json\/wp\/v2\/media\/47948"}],"wp:attachment":[{"href":"https:\/\/www.shqiperia.com\/blog\/wp-json\/wp\/v2\/media?parent=47947"}],"wp:term":[{"taxonomy":"category","embeddable":true,"href":"https:\/\/www.shqiperia.com\/blog\/wp-json\/wp\/v2\/categories?post=47947"},{"taxonomy":"post_tag","embeddable":true,"href":"https:\/\/www.shqiperia.com\/blog\/wp-json\/wp\/v2\/tags?post=47947"}],"curies":[{"name":"wp","href":"https:\/\/api.w.org\/{rel}","templated":true}]}}