{"id":47944,"date":"2021-06-16T06:46:23","date_gmt":"2021-06-16T06:46:23","guid":{"rendered":"https:\/\/www.shqiperia.com\/blog\/?p=47944"},"modified":"2021-06-16T06:46:23","modified_gmt":"2021-06-16T06:46:23","slug":"nato-ve-ne-shenjester-per-here-te-pare-kinen-turqia-mbetet-dhimbje-koke","status":"publish","type":"post","link":"https:\/\/www.shqiperia.com\/blog\/nato-ve-ne-shenjester-per-here-te-pare-kinen-turqia-mbetet-dhimbje-koke\/","title":{"rendered":"NATO v\u00eb n\u00eb sh\u00ebnjest\u00ebr p\u00ebr her\u00eb t\u00eb par\u00eb Kin\u00ebn, Turqia mbetet &#8220;dhimbje koke&#8221;."},"content":{"rendered":"<p><img data-recalc-dims=\"1\" loading=\"lazy\" decoding=\"async\" data-attachment-id=\"47945\" data-permalink=\"https:\/\/www.shqiperia.com\/blog\/nato-ve-ne-shenjester-per-here-te-pare-kinen-turqia-mbetet-dhimbje-koke\/640-0-60c840e8283c6\/\" data-orig-file=\"https:\/\/i0.wp.com\/www.shqiperia.com\/blog\/wp-content\/uploads\/2021\/06\/640-0-60c840e8283c6.jpeg?fit=640%2C360&amp;ssl=1\" data-orig-size=\"640,360\" data-comments-opened=\"1\" data-image-meta=\"{&quot;aperture&quot;:&quot;0&quot;,&quot;credit&quot;:&quot;&quot;,&quot;camera&quot;:&quot;&quot;,&quot;caption&quot;:&quot;&quot;,&quot;created_timestamp&quot;:&quot;0&quot;,&quot;copyright&quot;:&quot;&quot;,&quot;focal_length&quot;:&quot;0&quot;,&quot;iso&quot;:&quot;0&quot;,&quot;shutter_speed&quot;:&quot;0&quot;,&quot;title&quot;:&quot;&quot;,&quot;orientation&quot;:&quot;0&quot;}\" data-image-title=\"-640-0-60c840e8283c6\" data-image-description=\"\" data-image-caption=\"\" data-medium-file=\"https:\/\/i0.wp.com\/www.shqiperia.com\/blog\/wp-content\/uploads\/2021\/06\/640-0-60c840e8283c6.jpeg?fit=300%2C169&amp;ssl=1\" data-large-file=\"https:\/\/i0.wp.com\/www.shqiperia.com\/blog\/wp-content\/uploads\/2021\/06\/640-0-60c840e8283c6.jpeg?fit=640%2C360&amp;ssl=1\" class=\"alignnone  wp-image-47945\" alt=\"\" src=\"https:\/\/i0.wp.com\/www.shqiperia.com\/blog\/wp-content\/uploads\/2021\/06\/640-0-60c840e8283c6.jpeg?resize=453%2C255&#038;ssl=1\" width=\"453\" height=\"255\" srcset=\"https:\/\/i0.wp.com\/www.shqiperia.com\/blog\/wp-content\/uploads\/2021\/06\/640-0-60c840e8283c6.jpeg?resize=300%2C169&amp;ssl=1 300w, https:\/\/i0.wp.com\/www.shqiperia.com\/blog\/wp-content\/uploads\/2021\/06\/640-0-60c840e8283c6.jpeg?resize=450%2C253&amp;ssl=1 450w, https:\/\/i0.wp.com\/www.shqiperia.com\/blog\/wp-content\/uploads\/2021\/06\/640-0-60c840e8283c6.jpeg?resize=600%2C338&amp;ssl=1 600w, https:\/\/i0.wp.com\/www.shqiperia.com\/blog\/wp-content\/uploads\/2021\/06\/640-0-60c840e8283c6.jpeg?resize=400%2C225&amp;ssl=1 400w, https:\/\/i0.wp.com\/www.shqiperia.com\/blog\/wp-content\/uploads\/2021\/06\/640-0-60c840e8283c6.jpeg?w=640&amp;ssl=1 640w\" sizes=\"auto, (max-width: 453px) 100vw, 453px\" \/><\/p>\n<p>NATO v\u00eb n\u00eb sh\u00ebnjest\u00ebr p\u00ebr her\u00eb t\u00eb par\u00eb Kin\u00ebn, Turqia mbetet &#8220;dhimbje koke&#8221;.<\/p>\n<p><strong>15 QERSHOR 2021<\/strong><\/p>\n<p><strong>Kryetar\u00ebt e shteteve dhe t\u00eb qeverive t\u00eb vendeve t\u00eb NATO-s n\u00eb samitin me presidentin e SHBA-s\u00eb, Joe Biden, u pozicionuan qartazi kundrejt Rusis\u00eb dhe Kin\u00ebs. Kancelarja Merkel nuk do ta \u201embivler\u00ebsoj\u00eb\u201c k\u00ebt\u00eb.<\/strong><\/p>\n<p>Pas viteve t\u00eb v\u00ebshtira NATO, po tregohet e vendosur dhe krahas Rusis\u00eb ka v\u00ebn\u00eb n\u00eb sh\u00ebnjest\u00ebr p\u00ebr her\u00eb t\u00eb par\u00eb edhe Kin\u00ebn si rivale strategjike. Por krahasuar me Rusin\u00eb, q\u00eb \u00ebsht\u00eb trajtuar gjer\u00ebsisht n\u00eb deklarat\u00ebn prej 40 faqesh t\u00eb samitit, Kina n\u00eb thelb \u00ebsht\u00eb trajtuar vet\u00ebm p\u00ebrmes dy paragraf\u00ebve.<\/p>\n<p>N\u00eb t\u00eb thuhet, se NATO \u00ebsht\u00eb e shqet\u00ebsuar p\u00ebr nj\u00eb \u201epolitik\u00eb t\u00eb imponimit&#8221;, q\u00eb \u00ebsht\u00eb n\u00eb kund\u00ebrshtim me vlerat themelore t\u00eb aleanc\u00ebs dhe ka t\u00eb b\u00ebj\u00eb me sektor\u00eb, q\u00eb \u201ejan\u00eb t\u00eb r\u00ebnd\u00ebsish\u00ebm p\u00ebr aleanc\u00ebn&#8221;. Pekini po zgjeron shpejt arsenalin e arm\u00ebve atomike dhe \u201ebashk\u00ebpunon ushtarakisht me Rusin\u00eb&#8221;, nd\u00ebr t\u00eb tjera p\u00ebrmes pjes\u00ebmarrjes n\u00eb st\u00ebrvitjet ruse n\u00eb hap\u00ebsir\u00ebn euro-atlantike.&#8221;<\/p>\n<p>P\u00ebr aq koh\u00eb sa\u00a0Rusia nuk d\u00ebshmon, q\u00eb respekton t\u00eb drejt\u00ebn nd\u00ebrkomb\u00ebtare dhe detyrimet e veta, nuk mund t\u00eb ket\u00eb ndaj Mosk\u00ebs nj\u00eb kthim n\u00eb &#8220;business as usual&#8221;, deklaroi samiti dy dit\u00eb p\u00ebrpara takimit t\u00eb par\u00eb mes Joe Biden me presidentin rus Vladimir Putin.<\/p>\n<p>Kancelarja Angela Merkel pas takimit k\u00ebrkoi nj\u00eb q\u00ebndrim t\u00eb ekuilibruar n\u00eb raport me Republik\u00ebn Popullore t\u00eb Kin\u00ebs. Askush nuk duhet t&#8217;i \u201embivler\u00ebsoj\u00eb&#8221; vendimet e aleanc\u00ebs ushtarake lidhur me Kin\u00ebn.<\/p>\n<p>\u201eNe duhet t\u00eb gjejm\u00eb ekuilibrin e duhur&#8221;. Kina, sipas saj, \u00ebsht\u00eb v\u00ebrtet\u00eb rivale n\u00eb shum\u00eb drejtime, por \u00ebsht\u00eb nj\u00ebkoh\u00ebsisht edhe partnere n\u00eb shum\u00eb drejtime&#8221;, tha Merkel.<\/p>\n<p><strong>Joe Biden k\u00ebrkon nj\u00eb kurs t\u00eb qart\u00eb ndaj Kin\u00ebs<\/strong><\/p>\n<p>Ajo q\u00eb t\u00ebrheq v\u00ebmendjen \u00ebsht\u00eb, se Kina me Rusin\u00eb n\u00eb politik\u00ebn e jashtme \u201ekan\u00eb pjes\u00ebrisht nj\u00eb nd\u00ebrveprim t\u00eb mir\u00eb dhe t\u00eb koordinuar&#8221;. Gjithashtu aleanca ndjek aksionet hibride dhe kibernetike \u201esi t\u00eb Rusis\u00eb edhe t\u00eb Kin\u00ebs&#8221; dhe sheh n\u00eb to \u201enatyrisht sfida t\u00eb reja&#8221;. E r\u00ebnd\u00ebsishme \u00ebsht\u00eb, tha Merkel, q\u00eb NATO t\u00eb ofroj\u00eb nj\u00eb dialog, p\u00ebr t\u00eb gjetur zgjidhje lidhur me temat e konfliktit.<\/p>\n<p>Promotori i linj\u00ebs ndaj Kin\u00ebs\u00a0\u00ebsht\u00eb presidenti i ri i SHBA-s\u00eb. Biden e sheh k\u00ebt\u00eb vend si t\u00eb vetmin konkurrent, q\u00eb mund t\u00eb jet\u00eb nj\u00eb sfid\u00eb e vazhdueshme p\u00ebr nj\u00eb sistem t\u00eb q\u00ebndruesh\u00ebm dhe t\u00eb hapur nd\u00ebrkomb\u00ebtar. Por Sekretari i P\u00ebrgjithsh\u00ebm i NATO-s, Stoltenberg tha, se: &#8220;Ne nuk hyjm\u00eb n\u00eb nj\u00eb luft\u00eb t\u00eb re t\u00eb ftoht\u00eb dhe Kina nuk \u00ebsht\u00eb kund\u00ebrshtarja jon\u00eb dhe as armikja jon\u00eb.&#8221;<\/p>\n<p>Merkel e cil\u00ebsoi samitin si nj\u00eb fillim t\u00eb ri. Sepse ndryshe nga parardh\u00ebsi i tij Donald Trump, Biden n\u00eb Bruksel u shpreh qart\u00eb p\u00ebr aleanc\u00ebn dhe detyrimin p\u00ebr mb\u00ebshtetje t\u00eb SHBA-s\u00eb ndaj Europ\u00ebs.\u00a0<em>&#8220;D\u00ebshiroj t&#8217;i b\u00ebj t\u00eb qart\u00eb t\u00eb gjith\u00eb Europ\u00ebs, q\u00eb SHBA jan\u00eb k\u00ebtu&#8221;,<\/em>\u00a0tha Biden. Me k\u00ebt\u00eb duket se grindjet pjes\u00ebrisht t\u00eb hidhura n\u00eb vitet e presidentit Trump tashm\u00eb i p\u00ebrkasin s\u00eb shkuar\u00ebs.<\/p>\n<p>Nd\u00ebrkoh\u00eb NATO ndodhet n\u00eb val\u00ebn e nj\u00eb debati p\u00ebr reforma n\u00eb m\u00ebnyr\u00eb q\u00eb t\u00eb p\u00ebrballohen sfidat e reja. N\u00eb konceptin e deritanish\u00ebm t\u00eb strategjis\u00eb s\u00eb p\u00ebrpiluar p\u00ebrpara vitit 2010, Kina nuk p\u00ebrmendet me asnj\u00eb fjal\u00eb. Koncepti i ri duhet t\u00eb jet\u00eb gati m\u00eb 2022. P\u00ebrpara samitit t\u00eb NATO-s m\u00eb 2019 presidenti francez, Emmanuel Macron e quajti aleanc\u00ebn \u201eme paraliz\u00eb cerebrale&#8221;. Ky ishte nj\u00eb nd\u00ebr shkaqet p\u00ebr debatin mbi reformat dhe fillimin e pun\u00ebs p\u00ebr nj\u00eb koncept t\u00eb ri. Sekretari i P\u00ebrgjithsh\u00ebm i NATO-s, Jens Stoltenberg, do q\u00eb aleanca t\u00eb bashk\u00ebfinancoj\u00eb m\u00eb shum\u00eb kapacitete dhe t\u00eb modernizohet n\u00eb aspektin e teknologjis\u00eb.<\/p>\n<p>Nj\u00eb shqet\u00ebsim n\u00eb NATO mbetet Turqia. Presidenti i SHBA-s\u00eb, Biden n\u00eb kuad\u00ebr t\u00eb samitit u takua me presidentin turk Recep Tayyip Erdogan. N\u00eb bised\u00eb me dyer t\u00eb mbylluara duhet t\u00eb jet\u00eb folur edhe p\u00ebr sistemin rus t\u00eb mbrojtjes nga raketat. S-400, q\u00eb Erdogan i bleu parav\u00ebsisht protestave t\u00eb SHBA-s\u00eb dhe NATO-s. T\u00eb dy politikan\u00ebt nxorr\u00ebn nj\u00eb bilanc pozitiv t\u00eb takimit mes tyre. \u201e<em>Jam i sigurt, q\u00eb ne do t\u00eb kemi p\u00ebrparime&#8221;,<\/em>\u00a0tha Biden lidhur me marr\u00ebdh\u00ebniet s\u00eb fundi t\u00eb tensionuara me Turqin\u00eb. Erdogani deklaroi, se t\u00eb p\u00ebrbashk\u00ebtat dominojn\u00eb kundrejt mosmarr\u00ebveshjeve.\/<a href=\"https:\/\/www.dw.com\/sq\/nato-e-konsideron-kin%C3%ABn-si-rrezik-p%C3%ABr-sigurin%C3%AB\/a-57893411\"><strong>DW<\/strong><\/a><\/p>\n<p><strong>Nga Gazeta Shqip<\/strong><\/p>\n","protected":false},"excerpt":{"rendered":"<p>NATO v\u00eb n\u00eb sh\u00ebnjest\u00ebr p\u00ebr her\u00eb t\u00eb par\u00eb Kin\u00ebn, Turqia mbetet &#8220;dhimbje koke&#8221;. 15 QERSHOR 2021 Kryetar\u00ebt e shteteve dhe t\u00eb qeverive t\u00eb vendeve t\u00eb NATO-s n\u00eb samitin me presidentin e SHBA-s\u00eb, Joe Biden, u pozicionuan qartazi kundrejt Rusis\u00eb dhe Kin\u00ebs. Kancelarja Merkel nuk do ta \u201embivler\u00ebsoj\u00eb\u201c k\u00ebt\u00eb. Pas viteve t\u00eb v\u00ebshtira NATO, po tregohet [&hellip;]<\/p>\n","protected":false},"author":9,"featured_media":47945,"comment_status":"open","ping_status":"open","sticky":false,"template":"","format":"standard","meta":{"jetpack_post_was_ever_published":false,"_jetpack_newsletter_access":"","_jetpack_dont_email_post_to_subs":false,"_jetpack_newsletter_tier_id":0,"_jetpack_memberships_contains_paywalled_content":false,"_jetpack_memberships_contains_paid_content":false,"footnotes":"","jetpack_publicize_message":"","jetpack_publicize_feature_enabled":true,"jetpack_social_post_already_shared":true,"jetpack_social_options":{"image_generator_settings":{"template":"highway","default_image_id":0,"font":"","enabled":false},"version":2}},"categories":[27,35],"tags":[],"class_list":["post-47944","post","type-post","status-publish","format-standard","has-post-thumbnail","hentry","category-blogu-i-udhetarit","category-shoqerore"],"jetpack_publicize_connections":[],"jetpack_featured_media_url":"https:\/\/i0.wp.com\/www.shqiperia.com\/blog\/wp-content\/uploads\/2021\/06\/640-0-60c840e8283c6.jpeg?fit=640%2C360&ssl=1","jetpack_sharing_enabled":true,"jetpack_shortlink":"https:\/\/wp.me\/p5Z6wp-cti","jetpack-related-posts":[{"id":54768,"url":"https:\/\/www.shqiperia.com\/blog\/erdogan-ne-e-njohim-kosoven-si-anetare-te-nato-s\/","url_meta":{"origin":47944,"position":0},"title":"Erdogan: &#8211; Ne e njohim Kosov\u00ebn si an\u00ebtare t\u00eb NATO-s","author":"Kurt Farka","date":"March 1, 2022","format":false,"excerpt":"Erdogan: - Ne e njohim Kosov\u00ebn si an\u00ebtare t\u00eb NATO-s Nga OraNews 1 Mars 2022 Presidenti i Turqis\u00eb, Rexhep Tajiip Erdogan, \u00ebsht\u00eb shprehur se Turqia e njeh Kosov\u00ebn si an\u00ebtare t\u00eb NATO-s\u00eb. K\u00ebt\u00eb deklarat\u00eb presidenti turk e tha se n\u00eb konferenc\u00ebn e p\u00ebrbashk\u00ebt p\u00ebr mediat n\u00eb Ankara me presidenten e\u2026","rel":"","context":"In &quot;Blogu i Udh\u00ebtarit&quot;","block_context":{"text":"Blogu i Udh\u00ebtarit","link":"https:\/\/www.shqiperia.com\/blog\/category\/blogu-i-udhetarit\/"},"img":{"alt_text":"","src":"https:\/\/i0.wp.com\/www.shqiperia.com\/blog\/wp-content\/uploads\/2022\/03\/640-0-rexhep-taip-erdogan-1646158844.jpg?fit=640%2C357&ssl=1&resize=350%2C200","width":350,"height":200,"srcset":"https:\/\/i0.wp.com\/www.shqiperia.com\/blog\/wp-content\/uploads\/2022\/03\/640-0-rexhep-taip-erdogan-1646158844.jpg?fit=640%2C357&ssl=1&resize=350%2C200 1x, https:\/\/i0.wp.com\/www.shqiperia.com\/blog\/wp-content\/uploads\/2022\/03\/640-0-rexhep-taip-erdogan-1646158844.jpg?fit=640%2C357&ssl=1&resize=525%2C300 1.5x"},"classes":[]},{"id":75962,"url":"https:\/\/www.shqiperia.com\/blog\/ne-kosove-kerkon-te-hape-lufte-analisti-i-njohur-ben-paralajmerimin-e-frikshem-shqiperia-eshte-ne-shenjester-te\/","url_meta":{"origin":47944,"position":1},"title":"\u201cN\u00eb Kosov\u00eb k\u00ebrkon t\u00eb hap\u00eb luft\u00eb\u201d\/ Analisti i njohur b\u00ebn paralajm\u00ebrimin e friksh\u00ebm: Shqip\u00ebria \u00ebsht\u00eb n\u00eb sh\u00ebnjest\u00ebr t\u00eb&#8230;","author":"Kurt Farka","date":"December 2, 2023","format":false,"excerpt":"2 Dhjetor 2023 N\u00eb Shqip\u00ebri ne kemi pasur raporte nga agjenci q\u00eb flasin p\u00ebr media t\u00eb financuara nga Rusia. Analisti Pre\u00e7 Zogaj \u00ebsht\u00eb shprehur se Rusia historikisht \u00ebsht\u00eb p\u00ebrpjekur t\u00eb ndikoj\u00eb n\u00eb Shqip\u00ebri dhe t\u00eb d\u00ebmtoj\u00eb vendin ton\u00eb. Komentet Zogaj i b\u00ebri n\u00eb nj\u00eb emision televiziv pas sondazhit t\u00eb publikuar\u2026","rel":"","context":"In &quot;Blogu i Udh\u00ebtarit&quot;","block_context":{"text":"Blogu i Udh\u00ebtarit","link":"https:\/\/www.shqiperia.com\/blog\/category\/blogu-i-udhetarit\/"},"img":{"alt_text":"","src":"https:\/\/i0.wp.com\/www.shqiperia.com\/blog\/wp-content\/uploads\/2023\/12\/800-0-656a469dd07de.jpeg?fit=800%2C418&ssl=1&resize=350%2C200","width":350,"height":200,"srcset":"https:\/\/i0.wp.com\/www.shqiperia.com\/blog\/wp-content\/uploads\/2023\/12\/800-0-656a469dd07de.jpeg?fit=800%2C418&ssl=1&resize=350%2C200 1x, https:\/\/i0.wp.com\/www.shqiperia.com\/blog\/wp-content\/uploads\/2023\/12\/800-0-656a469dd07de.jpeg?fit=800%2C418&ssl=1&resize=525%2C300 1.5x, https:\/\/i0.wp.com\/www.shqiperia.com\/blog\/wp-content\/uploads\/2023\/12\/800-0-656a469dd07de.jpeg?fit=800%2C418&ssl=1&resize=700%2C400 2x"},"classes":[]},{"id":59526,"url":"https:\/\/www.shqiperia.com\/blog\/erdogan-kercenon-me-daljen-nga-nato-ja-pse-konflikti-i-ndezur-mes-greqise-dhe-turqise-mund-te-shkaktoje-lufte-ne-rajon\/","url_meta":{"origin":47944,"position":2},"title":"Erdogan k\u00ebrc\u00ebnon me daljen nga NATO. Ja pse konflikti i ndezur mes Greqis\u00eb dhe Turqis\u00eb mund t\u00eb shkaktoj\u00eb luft\u00eb n\u00eb rajon","author":"Kurt Farka","date":"June 29, 2022","format":false,"excerpt":"29 Qershor 2022 Ajo q\u00eb n\u00eb fakt duhet t\u00eb pranojm\u00eb dhe q\u00eb \u00ebsht\u00eb nj\u00eb fakt \u00ebsht\u00eb se pushtimi rus i Ukrain\u00ebs i ka dh\u00ebn\u00eb NATO-s, nj\u00eb ndjenj\u00eb, q\u00ebllim t\u00eb ri dhe unitet. Por mesa duket dikush ka harruar t\u2019ia thot\u00eb di\u00e7ka t\u00eb till\u00eb Rexhep Tajip Erdoganit. Gjat\u00eb nisjes s\u00eb tij\u2026","rel":"","context":"In &quot;Kultura&quot;","block_context":{"text":"Kultura","link":"https:\/\/www.shqiperia.com\/blog\/category\/kultura\/"},"img":{"alt_text":"","src":"https:\/\/i0.wp.com\/www.shqiperia.com\/blog\/wp-content\/uploads\/2022\/06\/800-0-62bbfa5d64718.jpg?fit=800%2C533&ssl=1&resize=350%2C200","width":350,"height":200,"srcset":"https:\/\/i0.wp.com\/www.shqiperia.com\/blog\/wp-content\/uploads\/2022\/06\/800-0-62bbfa5d64718.jpg?fit=800%2C533&ssl=1&resize=350%2C200 1x, https:\/\/i0.wp.com\/www.shqiperia.com\/blog\/wp-content\/uploads\/2022\/06\/800-0-62bbfa5d64718.jpg?fit=800%2C533&ssl=1&resize=525%2C300 1.5x, https:\/\/i0.wp.com\/www.shqiperia.com\/blog\/wp-content\/uploads\/2022\/06\/800-0-62bbfa5d64718.jpg?fit=800%2C533&ssl=1&resize=700%2C400 2x"},"classes":[]},{"id":62528,"url":"https:\/\/www.shqiperia.com\/blog\/deklarata-alarmuese-nga-rusia-ky-eshte-shteti-europian-qe-do-te-jete-ne-shenjester-te-sulmit-berthamor\/","url_meta":{"origin":47944,"position":3},"title":"Deklarata alarmuese nga Rusia: &#8211; Ky \u00ebsht\u00eb shteti europian q\u00eb do t\u00eb jet\u00eb n\u00eb sh\u00ebnjest\u00ebr t\u00eb sulmit b\u00ebrthamor","author":"Kurt Farka","date":"September 21, 2022","format":false,"excerpt":"21 Shtator 2022 Ish-k\u00ebshilltari i Vladimir Putin, ka pohuar se raketat b\u00ebrthamore mund t\u00eb drejtohen n\u00eb Lond\u00ebr n\u00ebse Britania e Madhe vazhdon t\u00eb jet\u00eb nj\u00eb \u201cagresor\u201d kund\u00ebr Rusis\u00eb. N\u00eb programin e BBC-s\u00eb \u201cToday\u2019s Programme\u201d n\u00eb Radio 4, Sergei Markov pohoi se \u201cqytetet britanike do t\u00eb jen\u00eb n\u00eb sh\u00ebnjest\u00ebr\u201d. Profesori i\u2026","rel":"","context":"In &quot;Blogu i Udh\u00ebtarit&quot;","block_context":{"text":"Blogu i Udh\u00ebtarit","link":"https:\/\/www.shqiperia.com\/blog\/category\/blogu-i-udhetarit\/"},"img":{"alt_text":"","src":"https:\/\/i0.wp.com\/www.shqiperia.com\/blog\/wp-content\/uploads\/2022\/09\/800-0-666145ebf74b8f05282fe1fa58a11bfe.jpg?fit=800%2C450&ssl=1&resize=350%2C200","width":350,"height":200,"srcset":"https:\/\/i0.wp.com\/www.shqiperia.com\/blog\/wp-content\/uploads\/2022\/09\/800-0-666145ebf74b8f05282fe1fa58a11bfe.jpg?fit=800%2C450&ssl=1&resize=350%2C200 1x, https:\/\/i0.wp.com\/www.shqiperia.com\/blog\/wp-content\/uploads\/2022\/09\/800-0-666145ebf74b8f05282fe1fa58a11bfe.jpg?fit=800%2C450&ssl=1&resize=525%2C300 1.5x, https:\/\/i0.wp.com\/www.shqiperia.com\/blog\/wp-content\/uploads\/2022\/09\/800-0-666145ebf74b8f05282fe1fa58a11bfe.jpg?fit=800%2C450&ssl=1&resize=700%2C400 2x"},"classes":[]},{"id":77804,"url":"https:\/\/www.shqiperia.com\/blog\/putin-planifikon-udhetimin-drejt-turqise-nje-vendi-i-nato-s\/","url_meta":{"origin":47944,"position":4},"title":"Putin planifikon udh\u00ebtimin drejt Turqis\u00eb, nj\u00eb vendi i NATO-s","author":"Kurt Farka","date":"February 1, 2024","format":false,"excerpt":"1 Shkurt 2024 Presidenti i Rusis\u00eb, Vladimir Putin, do ta vizitoj\u00eb an\u00ebtaren e NATO-s, Turqin\u00eb, p\u00ebr t\u2019u takuar me presidentin Recep Tayyip Erdogan m\u00eb 12 shkurt, njoftoi t\u00eb m\u00ebrkur\u00ebn nj\u00eb zyrtar turk. Kjo do t\u00eb jet\u00eb vizita e par\u00eb e Putinit te nj\u00eb shtet an\u00ebtar i NATO-s prej se Rusia\u2026","rel":"","context":"In &quot;Blogu i Udh\u00ebtarit&quot;","block_context":{"text":"Blogu i Udh\u00ebtarit","link":"https:\/\/www.shqiperia.com\/blog\/category\/blogu-i-udhetarit\/"},"img":{"alt_text":"","src":"https:\/\/i0.wp.com\/www.shqiperia.com\/blog\/wp-content\/uploads\/2024\/02\/Putin-sot-eshte-cmenduria-e-botes.jpg?fit=960%2C540&ssl=1&resize=350%2C200","width":350,"height":200,"srcset":"https:\/\/i0.wp.com\/www.shqiperia.com\/blog\/wp-content\/uploads\/2024\/02\/Putin-sot-eshte-cmenduria-e-botes.jpg?fit=960%2C540&ssl=1&resize=350%2C200 1x, https:\/\/i0.wp.com\/www.shqiperia.com\/blog\/wp-content\/uploads\/2024\/02\/Putin-sot-eshte-cmenduria-e-botes.jpg?fit=960%2C540&ssl=1&resize=525%2C300 1.5x, https:\/\/i0.wp.com\/www.shqiperia.com\/blog\/wp-content\/uploads\/2024\/02\/Putin-sot-eshte-cmenduria-e-botes.jpg?fit=960%2C540&ssl=1&resize=700%2C400 2x"},"classes":[]},{"id":54447,"url":"https:\/\/www.shqiperia.com\/blog\/gjendje-lufte-mes-rusise-dhe-ukraines-nato-jep-lajmin-e-rendesishem-per-ballkanin\/","url_meta":{"origin":47944,"position":5},"title":"Gjendje lufte mes Rusis\u00eb dhe Ukrain\u00ebs: &#8211; NATO jep lajmin e R\u00cbND\u00cbSISH\u00cbM p\u00ebr Ballkanin","author":"Kurt Farka","date":"February 24, 2022","format":false,"excerpt":"Gjendje lufte mes Rusis\u00eb dhe Ukrain\u00ebs: - NATO jep lajmin e R\u00cbND\u00cbSISH\u00cbM p\u00ebr Ballkanin 24 SHKURT 2022 N\u00eb koh\u00ebn kur NATO dhe Bashkimi Evropian jan\u00eb bashkuar p\u00ebr t\u00eb d\u00ebnuar pushtimin rus n\u00eb Ukrain\u00eb, pjes\u00ebtar\u00eb t\u00eb aleanc\u00ebs kan\u00eb th\u00ebn\u00eb p\u00ebr Radion Evropa e Lir\u00eb se jan\u00eb t\u00eb gatsh\u00ebm t\u00eb vazhdojn\u00eb t\u00eb\u2026","rel":"","context":"In &quot;Blogu i Udh\u00ebtarit&quot;","block_context":{"text":"Blogu i Udh\u00ebtarit","link":"https:\/\/www.shqiperia.com\/blog\/category\/blogu-i-udhetarit\/"},"img":{"alt_text":"","src":"https:\/\/i0.wp.com\/www.shqiperia.com\/blog\/wp-content\/uploads\/2022\/02\/800-0-3bdf2dd28607075ada5f553457191ee0.jpg?fit=800%2C447&ssl=1&resize=350%2C200","width":350,"height":200,"srcset":"https:\/\/i0.wp.com\/www.shqiperia.com\/blog\/wp-content\/uploads\/2022\/02\/800-0-3bdf2dd28607075ada5f553457191ee0.jpg?fit=800%2C447&ssl=1&resize=350%2C200 1x, https:\/\/i0.wp.com\/www.shqiperia.com\/blog\/wp-content\/uploads\/2022\/02\/800-0-3bdf2dd28607075ada5f553457191ee0.jpg?fit=800%2C447&ssl=1&resize=525%2C300 1.5x, https:\/\/i0.wp.com\/www.shqiperia.com\/blog\/wp-content\/uploads\/2022\/02\/800-0-3bdf2dd28607075ada5f553457191ee0.jpg?fit=800%2C447&ssl=1&resize=700%2C400 2x"},"classes":[]}],"_links":{"self":[{"href":"https:\/\/www.shqiperia.com\/blog\/wp-json\/wp\/v2\/posts\/47944","targetHints":{"allow":["GET"]}}],"collection":[{"href":"https:\/\/www.shqiperia.com\/blog\/wp-json\/wp\/v2\/posts"}],"about":[{"href":"https:\/\/www.shqiperia.com\/blog\/wp-json\/wp\/v2\/types\/post"}],"author":[{"embeddable":true,"href":"https:\/\/www.shqiperia.com\/blog\/wp-json\/wp\/v2\/users\/9"}],"replies":[{"embeddable":true,"href":"https:\/\/www.shqiperia.com\/blog\/wp-json\/wp\/v2\/comments?post=47944"}],"version-history":[{"count":1,"href":"https:\/\/www.shqiperia.com\/blog\/wp-json\/wp\/v2\/posts\/47944\/revisions"}],"predecessor-version":[{"id":47946,"href":"https:\/\/www.shqiperia.com\/blog\/wp-json\/wp\/v2\/posts\/47944\/revisions\/47946"}],"wp:featuredmedia":[{"embeddable":true,"href":"https:\/\/www.shqiperia.com\/blog\/wp-json\/wp\/v2\/media\/47945"}],"wp:attachment":[{"href":"https:\/\/www.shqiperia.com\/blog\/wp-json\/wp\/v2\/media?parent=47944"}],"wp:term":[{"taxonomy":"category","embeddable":true,"href":"https:\/\/www.shqiperia.com\/blog\/wp-json\/wp\/v2\/categories?post=47944"},{"taxonomy":"post_tag","embeddable":true,"href":"https:\/\/www.shqiperia.com\/blog\/wp-json\/wp\/v2\/tags?post=47944"}],"curies":[{"name":"wp","href":"https:\/\/api.w.org\/{rel}","templated":true}]}}