{"id":47941,"date":"2021-06-16T06:34:19","date_gmt":"2021-06-16T06:34:19","guid":{"rendered":"https:\/\/www.shqiperia.com\/blog\/?p=47941"},"modified":"2021-06-16T06:34:19","modified_gmt":"2021-06-16T06:34:19","slug":"erdogan-i-puth-doren-joe-biden-kamerat-kapin-momentin-e-sikletshem","status":"publish","type":"post","link":"https:\/\/www.shqiperia.com\/blog\/erdogan-i-puth-doren-joe-biden-kamerat-kapin-momentin-e-sikletshem\/","title":{"rendered":"Erdogan i puth dor\u00ebn Joe Biden? &#8211; Kamerat kapin momentin e \u201dsikletsh\u00ebm\u201d"},"content":{"rendered":"<p><img data-recalc-dims=\"1\" loading=\"lazy\" decoding=\"async\" data-attachment-id=\"47942\" data-permalink=\"https:\/\/www.shqiperia.com\/blog\/erdogan-i-puth-doren-joe-biden-kamerat-kapin-momentin-e-sikletshem\/biden-erdogan\/\" data-orig-file=\"https:\/\/i0.wp.com\/www.shqiperia.com\/blog\/wp-content\/uploads\/2021\/06\/biden-erdogan-.jpg?fit=750%2C375&amp;ssl=1\" data-orig-size=\"750,375\" data-comments-opened=\"1\" data-image-meta=\"{&quot;aperture&quot;:&quot;0&quot;,&quot;credit&quot;:&quot;&quot;,&quot;camera&quot;:&quot;&quot;,&quot;caption&quot;:&quot;&quot;,&quot;created_timestamp&quot;:&quot;0&quot;,&quot;copyright&quot;:&quot;&quot;,&quot;focal_length&quot;:&quot;0&quot;,&quot;iso&quot;:&quot;0&quot;,&quot;shutter_speed&quot;:&quot;0&quot;,&quot;title&quot;:&quot;&quot;,&quot;orientation&quot;:&quot;0&quot;}\" data-image-title=\"biden erdogan-\" data-image-description=\"\" data-image-caption=\"\" data-medium-file=\"https:\/\/i0.wp.com\/www.shqiperia.com\/blog\/wp-content\/uploads\/2021\/06\/biden-erdogan-.jpg?fit=300%2C150&amp;ssl=1\" data-large-file=\"https:\/\/i0.wp.com\/www.shqiperia.com\/blog\/wp-content\/uploads\/2021\/06\/biden-erdogan-.jpg?fit=750%2C375&amp;ssl=1\" class=\"alignnone  wp-image-47942\" alt=\"\" src=\"https:\/\/i0.wp.com\/www.shqiperia.com\/blog\/wp-content\/uploads\/2021\/06\/biden-erdogan-.jpg?resize=546%2C273&#038;ssl=1\" width=\"546\" height=\"273\" srcset=\"https:\/\/i0.wp.com\/www.shqiperia.com\/blog\/wp-content\/uploads\/2021\/06\/biden-erdogan-.jpg?resize=300%2C150&amp;ssl=1 300w, https:\/\/i0.wp.com\/www.shqiperia.com\/blog\/wp-content\/uploads\/2021\/06\/biden-erdogan-.jpg?resize=450%2C225&amp;ssl=1 450w, https:\/\/i0.wp.com\/www.shqiperia.com\/blog\/wp-content\/uploads\/2021\/06\/biden-erdogan-.jpg?resize=600%2C300&amp;ssl=1 600w, https:\/\/i0.wp.com\/www.shqiperia.com\/blog\/wp-content\/uploads\/2021\/06\/biden-erdogan-.jpg?resize=400%2C200&amp;ssl=1 400w, https:\/\/i0.wp.com\/www.shqiperia.com\/blog\/wp-content\/uploads\/2021\/06\/biden-erdogan-.jpg?w=750&amp;ssl=1 750w\" sizes=\"auto, (max-width: 546px) 100vw, 546px\" \/><\/p>\n<p>Erdogan i puth dor\u00ebn Joe Biden? Kamerat kapin momentin e \u201dsikletsh\u00ebm\u201d<\/p>\n<p><a href=\"https:\/\/kohajone.com\/erdogan-i-puth-doren-joe-biden-kamerat-kapin-momentin-e-sikletshem\/\">14\/06\/2021 <\/a><\/p>\n<p>N\u00eb Bruksel u mblodh\u00ebn lider\u00eb nga e gjith\u00eb bota, n\u00eb kuad\u00ebr t\u00eb Samitit t\u00eb NATO-s. Me qindra e mij\u00ebra fotograf\u00eb jan\u00eb n\u00eb sh\u00ebnjest\u00ebr t\u00eb kapjes s\u00eb detajeve, si\u00e7 ishte ai me Presidentin e Turqis\u00eb, Rexhep Tajip Erdogan, i cili gjat\u00eb samitit u takua me Presidentin e SHBA-s\u00eb, Joe Biden.<\/p>\n<p>Nj\u00eb takim i pritur me shum\u00eb kureshti, dhe ajo \u00e7far\u00eb ra n\u00eb sy gjat\u00eb takimit ishte m\u00ebnyra e tyre e p\u00ebrsh\u00ebndetjes.<\/p>\n<p>Kamerat kan\u00eb fotografuar nj\u00eb moment kur Erdogan dhe Biden tokin grushtat me nj\u00ebri-tjetrin pasi shtr\u00ebngimi i duarve \u00ebsht\u00eb i ndaluar n\u00eb k\u00ebt\u00eb koh\u00eb pandemie dhe n\u00eb nj\u00eb moment duket sikur Erdogan ishte duke i\u2019u afruar Biden p\u00ebr ti puthur dor\u00ebn, por nuk ishte ashtu. Ai po ngrihej dhe kamerat e \u201dkap\u00ebn\u201d n\u00eb nj\u00eb pozicion q\u00eb dukej sikur po i afrohej dor\u00ebs s\u00eb presidentit amerikan.<\/p>\n<p>Presidenti i SHBA-s\u00eb, Joe Biden \u00ebsht\u00eb shprehur se pati nj\u00eb \u201ctakim shum\u00eb t\u00eb mir\u00eb\u201d me homologun e tij turk, Recep Tayyip Erdo\u011fan. Komentet e presidentit Biden vijn\u00eb pas takimeve midis delegacioneve turke dhe amerikane, q\u00eb filluan pas bised\u00ebs dypal\u00ebshe t\u00eb president\u00ebve t\u00eb SHBA-s\u00eb dhe Turqis\u00eb.<\/p>\n<p>Gazeta Koha e Jone<\/p>\n","protected":false},"excerpt":{"rendered":"<p>Erdogan i puth dor\u00ebn Joe Biden? Kamerat kapin momentin e \u201dsikletsh\u00ebm\u201d 14\/06\/2021 N\u00eb Bruksel u mblodh\u00ebn lider\u00eb nga e gjith\u00eb bota, n\u00eb kuad\u00ebr t\u00eb Samitit t\u00eb NATO-s. Me qindra e mij\u00ebra fotograf\u00eb jan\u00eb n\u00eb sh\u00ebnjest\u00ebr t\u00eb kapjes s\u00eb detajeve, si\u00e7 ishte ai me Presidentin e Turqis\u00eb, Rexhep Tajip Erdogan, i cili gjat\u00eb samitit u takua [&hellip;]<\/p>\n","protected":false},"author":9,"featured_media":47942,"comment_status":"open","ping_status":"open","sticky":false,"template":"","format":"standard","meta":{"jetpack_post_was_ever_published":false,"_jetpack_newsletter_access":"","_jetpack_dont_email_post_to_subs":false,"_jetpack_newsletter_tier_id":0,"_jetpack_memberships_contains_paywalled_content":false,"_jetpack_memberships_contains_paid_content":false,"footnotes":"","jetpack_publicize_message":"","jetpack_publicize_feature_enabled":true,"jetpack_social_post_already_shared":true,"jetpack_social_options":{"image_generator_settings":{"template":"highway","default_image_id":0,"font":"","enabled":false},"version":2}},"categories":[27,14],"tags":[],"class_list":["post-47941","post","type-post","status-publish","format-standard","has-post-thumbnail","hentry","category-blogu-i-udhetarit","category-press-releases"],"jetpack_publicize_connections":[],"jetpack_featured_media_url":"https:\/\/i0.wp.com\/www.shqiperia.com\/blog\/wp-content\/uploads\/2021\/06\/biden-erdogan-.jpg?fit=750%2C375&ssl=1","jetpack_sharing_enabled":true,"jetpack_shortlink":"https:\/\/wp.me\/p5Z6wp-ctf","jetpack-related-posts":[{"id":75972,"url":"https:\/\/www.shqiperia.com\/blog\/erdogan-shkon-se-shpejti-ne-serbi-vucic-entuziast-ja-cfare-pritet-nga-takimi-mes-dy-lidereve\/","url_meta":{"origin":47941,"position":0},"title":"Erdogan shkon s\u00eb shpejti n\u00eb Serbi. &#8211;  Vu\u00e7i\u00e7 \u201centuziast\u201d, ja \u00e7far\u00eb pritet nga takimi mes dy lider\u00ebve","author":"Kurt Farka","date":"December 2, 2023","format":false,"excerpt":"2 Dhjetor 2023 Udh\u00ebheq\u00ebsit e shquar bot\u00ebror\u00eb u mblodh\u00ebn n\u00eb Samitin e Ndryshimeve Klimatike COP28 n\u00eb Dubai, ku presidenti i Serbis\u00eb, Aleksand\u00ebr Vu\u00e7i\u00e7, njoftoi nj\u00eb vizit\u00eb t\u00eb af\u00ebrt nga Presidenti i Turqis\u00eb, Recep Tayyip Erdogan, n\u00eb Serbi n\u00eb janar. Njoftimi i Vu\u00e7i\u00e7 pasoi takimet me nj\u00eb s\u00ebr\u00eb personalitetesh nd\u00ebrkomb\u00ebtare, duke\u2026","rel":"","context":"In &quot;Kultura&quot;","block_context":{"text":"Kultura","link":"https:\/\/www.shqiperia.com\/blog\/category\/kultura\/"},"img":{"alt_text":"","src":"https:\/\/i0.wp.com\/www.shqiperia.com\/blog\/wp-content\/uploads\/2023\/12\/800-0-656ad4761e93d.jpg?fit=800%2C533&ssl=1&resize=350%2C200","width":350,"height":200,"srcset":"https:\/\/i0.wp.com\/www.shqiperia.com\/blog\/wp-content\/uploads\/2023\/12\/800-0-656ad4761e93d.jpg?fit=800%2C533&ssl=1&resize=350%2C200 1x, https:\/\/i0.wp.com\/www.shqiperia.com\/blog\/wp-content\/uploads\/2023\/12\/800-0-656ad4761e93d.jpg?fit=800%2C533&ssl=1&resize=525%2C300 1.5x, https:\/\/i0.wp.com\/www.shqiperia.com\/blog\/wp-content\/uploads\/2023\/12\/800-0-656ad4761e93d.jpg?fit=800%2C533&ssl=1&resize=700%2C400 2x"},"classes":[]},{"id":47944,"url":"https:\/\/www.shqiperia.com\/blog\/nato-ve-ne-shenjester-per-here-te-pare-kinen-turqia-mbetet-dhimbje-koke\/","url_meta":{"origin":47941,"position":1},"title":"NATO v\u00eb n\u00eb sh\u00ebnjest\u00ebr p\u00ebr her\u00eb t\u00eb par\u00eb Kin\u00ebn, Turqia mbetet &#8220;dhimbje koke&#8221;.","author":"Kurt Farka","date":"June 16, 2021","format":false,"excerpt":"NATO v\u00eb n\u00eb sh\u00ebnjest\u00ebr p\u00ebr her\u00eb t\u00eb par\u00eb Kin\u00ebn, Turqia mbetet \"dhimbje koke\". 15 QERSHOR 2021 Kryetar\u00ebt e shteteve dhe t\u00eb qeverive t\u00eb vendeve t\u00eb NATO-s n\u00eb samitin me presidentin e SHBA-s\u00eb, Joe Biden, u pozicionuan qartazi kundrejt Rusis\u00eb dhe Kin\u00ebs. Kancelarja Merkel nuk do ta \u201embivler\u00ebsoj\u00eb\u201c k\u00ebt\u00eb. Pas viteve\u2026","rel":"","context":"In &quot;Blogu i Udh\u00ebtarit&quot;","block_context":{"text":"Blogu i Udh\u00ebtarit","link":"https:\/\/www.shqiperia.com\/blog\/category\/blogu-i-udhetarit\/"},"img":{"alt_text":"","src":"https:\/\/i0.wp.com\/www.shqiperia.com\/blog\/wp-content\/uploads\/2021\/06\/640-0-60c840e8283c6.jpeg?fit=640%2C360&ssl=1&resize=350%2C200","width":350,"height":200,"srcset":"https:\/\/i0.wp.com\/www.shqiperia.com\/blog\/wp-content\/uploads\/2021\/06\/640-0-60c840e8283c6.jpeg?fit=640%2C360&ssl=1&resize=350%2C200 1x, https:\/\/i0.wp.com\/www.shqiperia.com\/blog\/wp-content\/uploads\/2021\/06\/640-0-60c840e8283c6.jpeg?fit=640%2C360&ssl=1&resize=525%2C300 1.5x"},"classes":[]},{"id":54850,"url":"https:\/\/www.shqiperia.com\/blog\/lufta-e-trete-boterore-do-te-ishte-berthamore-mendohu-mire-krahu-i-djathte-i-putinit-del-ne-konference-te-jashtezakonshme-dhe-kercenon-hapur-presidentin-biden\/","url_meta":{"origin":47941,"position":2},"title":"\u201cLufta e Tret\u00eb Bot\u00ebrore do t\u00eb ishte b\u00ebrthamore, mendohu mir\u00eb\u201d. &#8211; \u00a0Krahu i djatht\u00eb i Putinit del n\u00eb konferenc\u00eb t\u00eb jasht\u00ebzakonshme dhe k\u00ebrc\u00ebnon hapur Presidentin Biden","author":"Kurt Farka","date":"March 3, 2022","format":false,"excerpt":"\u201cLufta e Tret\u00eb Bot\u00ebrore do t\u00eb ishte b\u00ebrthamore, mendohu mir\u00eb\u201d. - \u00a0Krahu i djatht\u00eb i Putinit del n\u00eb konferenc\u00eb t\u00eb jasht\u00ebzakonshme dhe k\u00ebrc\u00ebnon hapur Presidentin Biden 3 MARS 2022 Ministri i Jasht\u00ebm rus, Sergei Lavrorv ka dal\u00eb sot n\u00eb nj\u00eb konferenc\u00eb p\u00ebr mediat nga Kremlini ku foli n\u00eb lidhje me\u2026","rel":"","context":"In &quot;Blogu i Udh\u00ebtarit&quot;","block_context":{"text":"Blogu i Udh\u00ebtarit","link":"https:\/\/www.shqiperia.com\/blog\/category\/blogu-i-udhetarit\/"},"img":{"alt_text":"","src":"https:\/\/i0.wp.com\/www.shqiperia.com\/blog\/wp-content\/uploads\/2022\/03\/800-0-622092177e2e2.jpg?fit=800%2C450&ssl=1&resize=350%2C200","width":350,"height":200,"srcset":"https:\/\/i0.wp.com\/www.shqiperia.com\/blog\/wp-content\/uploads\/2022\/03\/800-0-622092177e2e2.jpg?fit=800%2C450&ssl=1&resize=350%2C200 1x, https:\/\/i0.wp.com\/www.shqiperia.com\/blog\/wp-content\/uploads\/2022\/03\/800-0-622092177e2e2.jpg?fit=800%2C450&ssl=1&resize=525%2C300 1.5x, https:\/\/i0.wp.com\/www.shqiperia.com\/blog\/wp-content\/uploads\/2022\/03\/800-0-622092177e2e2.jpg?fit=800%2C450&ssl=1&resize=700%2C400 2x"},"classes":[]},{"id":62038,"url":"https:\/\/www.shqiperia.com\/blog\/analiza-a-mundet-turqia-dhe-greqia-qe-te-shkojne-drejt-luftes-pergjigjja-eshte-po\/","url_meta":{"origin":47941,"position":3},"title":"ANALIZA\/ \u201cA mundet Turqia dhe Greqia q\u00eb t\u00eb shkojn\u00eb drejt luft\u00ebs? P\u00ebrgjigjja \u00ebsht\u00eb PO\u201d","author":"Kurt Farka","date":"September 10, 2022","format":false,"excerpt":"10 Shtator 2022 Nga: Michael Rubin \u201c19 Forty Five\u201d Nj\u00eb luft\u00eb Greqi-Turqi s\u00eb shpejti? Lista e vendeve q\u00eb vuajn\u00eb pasojat e agresionit turk \u00ebsht\u00eb e gjat\u00eb. Turqia ka pushtuar 1\/3 e Qipros. Ajo ka p\u00ebrdorur kund\u00ebr armen\u00ebve avion\u00ebt F-16 dhe Forcat Speciale. Zyrtar\u00ebt irakian\u00eb thon\u00eb se Turqia ka nd\u00ebrtuar 68\u2026","rel":"","context":"In &quot;Blogu i Udh\u00ebtarit&quot;","block_context":{"text":"Blogu i Udh\u00ebtarit","link":"https:\/\/www.shqiperia.com\/blog\/category\/blogu-i-udhetarit\/"},"img":{"alt_text":"","src":"https:\/\/i0.wp.com\/www.shqiperia.com\/blog\/wp-content\/uploads\/2022\/09\/F-16-Greece.jpg?fit=1200%2C675&ssl=1&resize=350%2C200","width":350,"height":200,"srcset":"https:\/\/i0.wp.com\/www.shqiperia.com\/blog\/wp-content\/uploads\/2022\/09\/F-16-Greece.jpg?fit=1200%2C675&ssl=1&resize=350%2C200 1x, https:\/\/i0.wp.com\/www.shqiperia.com\/blog\/wp-content\/uploads\/2022\/09\/F-16-Greece.jpg?fit=1200%2C675&ssl=1&resize=525%2C300 1.5x, https:\/\/i0.wp.com\/www.shqiperia.com\/blog\/wp-content\/uploads\/2022\/09\/F-16-Greece.jpg?fit=1200%2C675&ssl=1&resize=700%2C400 2x, https:\/\/i0.wp.com\/www.shqiperia.com\/blog\/wp-content\/uploads\/2022\/09\/F-16-Greece.jpg?fit=1200%2C675&ssl=1&resize=1050%2C600 3x"},"classes":[]},{"id":98404,"url":"https:\/\/www.shqiperia.com\/blog\/si-i-zuri-prite-rama-gazetares-ambrozia-meta-ne-korridoret-e-kryeministrise-cndodhi-pasi-u-fiken-kamerat\/","url_meta":{"origin":47941,"position":4},"title":"Si i zuri prit\u00eb Rama gazetares Ambrozia Meta n\u00eb korridoret e Kryeministris\u00eb, \u00e7\u2019ndodhi pasi u fik\u00ebn kamerat","author":"Kurt Farka","date":"March 14, 2026","format":false,"excerpt":"14 Mars 2026 Tanim\u00eb \u00ebsht\u00eb b\u00ebr\u00eb di\u00e7ka e zakont\u00eb p\u00ebr Kryeministrin Edi Rama q\u00eb p\u00ebrball\u00eb skandaleve qeveritare, t\u00eb gjith\u00eb mllefin dhe \u2018shuplakat\u2019 e marra nga nd\u00ebrkomb\u00ebtar\u00ebt t\u2019i shfryj\u00eb te gazetar\u00ebt, t\u00eb cil\u00ebt gjenden p\u00ebrball\u00eb tij n\u00eb konferenca shtypi p\u00ebr llogaridh\u00ebnie. Ambrozia Meta dhe kolegut t\u00eb saj Isa Myzyraj, t\u00eb cil\u00ebt\u2026","rel":"","context":"In &quot;Kultura&quot;","block_context":{"text":"Kultura","link":"https:\/\/www.shqiperia.com\/blog\/category\/kultura\/"},"img":{"alt_text":"","src":"https:\/\/i0.wp.com\/www.shqiperia.com\/blog\/wp-content\/uploads\/2026\/03\/Capture-242.jpg?fit=378%2C261&ssl=1&resize=350%2C200","width":350,"height":200},"classes":[]},{"id":71476,"url":"https:\/\/www.shqiperia.com\/blog\/erdogan-nuk-ndalet-u-jep-para-femijeve-teksa-shkon-per-te-votuar\/","url_meta":{"origin":47941,"position":5},"title":"Erdogan nuk ndalet, u jep para f\u00ebmij\u00ebve teksa shkon p\u00ebr t\u00eb votuar","author":"Kurt Farka","date":"May 15, 2023","format":false,"excerpt":"15 Maji 2023 Turqia ne balotazh per zgjedhjet presidenciale, q\u00eb do t\u00eb p\u00ebrcaktojn\u00eb se kush do e drejtoj\u00eb vendin p\u00ebr 4 vitet e ardshme. N\u00ebse vite m\u00eb par\u00eb pozitat e Recep Tayyip Erdogan ishin t\u00eb sigurta, tashm\u00eb kan\u00eb filluar t\u00eb l\u00ebkunden duke e detyruar presidentin aktual t\u00eb p\u00ebrpiqet fort p\u00ebr\u2026","rel":"","context":"In &quot;Blogu i Udh\u00ebtarit&quot;","block_context":{"text":"Blogu i Udh\u00ebtarit","link":"https:\/\/www.shqiperia.com\/blog\/category\/blogu-i-udhetarit\/"},"img":{"alt_text":"","src":"https:\/\/i0.wp.com\/www.shqiperia.com\/blog\/wp-content\/uploads\/2023\/05\/640-0-837d290951d6174c941cee4a319dc003.jpg?fit=640%2C336&ssl=1&resize=350%2C200","width":350,"height":200,"srcset":"https:\/\/i0.wp.com\/www.shqiperia.com\/blog\/wp-content\/uploads\/2023\/05\/640-0-837d290951d6174c941cee4a319dc003.jpg?fit=640%2C336&ssl=1&resize=350%2C200 1x, https:\/\/i0.wp.com\/www.shqiperia.com\/blog\/wp-content\/uploads\/2023\/05\/640-0-837d290951d6174c941cee4a319dc003.jpg?fit=640%2C336&ssl=1&resize=525%2C300 1.5x"},"classes":[]}],"_links":{"self":[{"href":"https:\/\/www.shqiperia.com\/blog\/wp-json\/wp\/v2\/posts\/47941","targetHints":{"allow":["GET"]}}],"collection":[{"href":"https:\/\/www.shqiperia.com\/blog\/wp-json\/wp\/v2\/posts"}],"about":[{"href":"https:\/\/www.shqiperia.com\/blog\/wp-json\/wp\/v2\/types\/post"}],"author":[{"embeddable":true,"href":"https:\/\/www.shqiperia.com\/blog\/wp-json\/wp\/v2\/users\/9"}],"replies":[{"embeddable":true,"href":"https:\/\/www.shqiperia.com\/blog\/wp-json\/wp\/v2\/comments?post=47941"}],"version-history":[{"count":1,"href":"https:\/\/www.shqiperia.com\/blog\/wp-json\/wp\/v2\/posts\/47941\/revisions"}],"predecessor-version":[{"id":47943,"href":"https:\/\/www.shqiperia.com\/blog\/wp-json\/wp\/v2\/posts\/47941\/revisions\/47943"}],"wp:featuredmedia":[{"embeddable":true,"href":"https:\/\/www.shqiperia.com\/blog\/wp-json\/wp\/v2\/media\/47942"}],"wp:attachment":[{"href":"https:\/\/www.shqiperia.com\/blog\/wp-json\/wp\/v2\/media?parent=47941"}],"wp:term":[{"taxonomy":"category","embeddable":true,"href":"https:\/\/www.shqiperia.com\/blog\/wp-json\/wp\/v2\/categories?post=47941"},{"taxonomy":"post_tag","embeddable":true,"href":"https:\/\/www.shqiperia.com\/blog\/wp-json\/wp\/v2\/tags?post=47941"}],"curies":[{"name":"wp","href":"https:\/\/api.w.org\/{rel}","templated":true}]}}