{"id":47927,"date":"2021-06-15T22:30:01","date_gmt":"2021-06-15T22:30:01","guid":{"rendered":"https:\/\/www.shqiperia.com\/blog\/?p=47927"},"modified":"2021-06-15T22:30:01","modified_gmt":"2021-06-15T22:30:01","slug":"zjarri-ne-shengjin-ende-aktiv-nuk-mjafton-nderhyrja-e-zjarrfikesve-e-gjithe-zona-e-mbuluar-nga-tymi","status":"publish","type":"post","link":"https:\/\/www.shqiperia.com\/blog\/zjarri-ne-shengjin-ende-aktiv-nuk-mjafton-nderhyrja-e-zjarrfikesve-e-gjithe-zona-e-mbuluar-nga-tymi\/","title":{"rendered":"Zjarri n\u00eb Sh\u00ebngjin ende aktiv\/ Nuk mjafton nd\u00ebrhyrja e zjarrfik\u00ebsve, e gjith\u00eb zona e mbuluar nga tymi"},"content":{"rendered":"<p><img data-recalc-dims=\"1\" loading=\"lazy\" decoding=\"async\" data-attachment-id=\"47928\" data-permalink=\"https:\/\/www.shqiperia.com\/blog\/zjarri-ne-shengjin-ende-aktiv-nuk-mjafton-nderhyrja-e-zjarrfikesve-e-gjithe-zona-e-mbuluar-nga-tymi\/zjarr-ne-malet-e-shengjinit\/\" data-orig-file=\"https:\/\/i0.wp.com\/www.shqiperia.com\/blog\/wp-content\/uploads\/2021\/06\/zjarr-ne-malet-e-shengjinit.jpg?fit=960%2C529&amp;ssl=1\" data-orig-size=\"960,529\" data-comments-opened=\"1\" data-image-meta=\"{&quot;aperture&quot;:&quot;0&quot;,&quot;credit&quot;:&quot;&quot;,&quot;camera&quot;:&quot;&quot;,&quot;caption&quot;:&quot;&quot;,&quot;created_timestamp&quot;:&quot;0&quot;,&quot;copyright&quot;:&quot;&quot;,&quot;focal_length&quot;:&quot;0&quot;,&quot;iso&quot;:&quot;0&quot;,&quot;shutter_speed&quot;:&quot;0&quot;,&quot;title&quot;:&quot;&quot;,&quot;orientation&quot;:&quot;0&quot;}\" data-image-title=\"zjarr ne malet e shengjinit\" data-image-description=\"\" data-image-caption=\"\" data-medium-file=\"https:\/\/i0.wp.com\/www.shqiperia.com\/blog\/wp-content\/uploads\/2021\/06\/zjarr-ne-malet-e-shengjinit.jpg?fit=300%2C165&amp;ssl=1\" data-large-file=\"https:\/\/i0.wp.com\/www.shqiperia.com\/blog\/wp-content\/uploads\/2021\/06\/zjarr-ne-malet-e-shengjinit.jpg?fit=960%2C529&amp;ssl=1\" class=\"alignnone  wp-image-47928\" alt=\"\" src=\"https:\/\/i0.wp.com\/www.shqiperia.com\/blog\/wp-content\/uploads\/2021\/06\/zjarr-ne-malet-e-shengjinit.jpg?resize=517%2C286&#038;ssl=1\" width=\"517\" height=\"286\" srcset=\"https:\/\/i0.wp.com\/www.shqiperia.com\/blog\/wp-content\/uploads\/2021\/06\/zjarr-ne-malet-e-shengjinit.jpg?resize=300%2C165&amp;ssl=1 300w, https:\/\/i0.wp.com\/www.shqiperia.com\/blog\/wp-content\/uploads\/2021\/06\/zjarr-ne-malet-e-shengjinit.jpg?resize=768%2C423&amp;ssl=1 768w, https:\/\/i0.wp.com\/www.shqiperia.com\/blog\/wp-content\/uploads\/2021\/06\/zjarr-ne-malet-e-shengjinit.jpg?resize=450%2C248&amp;ssl=1 450w, https:\/\/i0.wp.com\/www.shqiperia.com\/blog\/wp-content\/uploads\/2021\/06\/zjarr-ne-malet-e-shengjinit.jpg?resize=600%2C331&amp;ssl=1 600w, https:\/\/i0.wp.com\/www.shqiperia.com\/blog\/wp-content\/uploads\/2021\/06\/zjarr-ne-malet-e-shengjinit.jpg?resize=400%2C220&amp;ssl=1 400w, https:\/\/i0.wp.com\/www.shqiperia.com\/blog\/wp-content\/uploads\/2021\/06\/zjarr-ne-malet-e-shengjinit.jpg?w=960&amp;ssl=1 960w\" sizes=\"auto, (max-width: 517px) 100vw, 517px\" \/><\/p>\n<p><a href=\"http:\/\/www.panorama.com.al\/zjarri-ne-shengjin-ende-aktiv-prej-disa-oresh-ja-shkaqet-e-perhapjes-se-flakeve-pamjet-nga-vendngjarja\/\">Zjarri n\u00eb Sh\u00ebngjin ende aktiv\/ Nuk mjafton nd\u00ebrhyrja e zjarrfik\u00ebsve, e gjith\u00eb zona e mbuluar nga tymi <\/a><\/p>\n<p><em>15 qershor 2021 <\/em><\/p>\n<p><strong>Vijon t\u00eb jet\u00eb aktiv zjarri n\u00eb zon\u00ebn e Knall\u00ebs n\u00eb Sh\u00ebngjin. Me gjith\u00eb nd\u00ebrhyrjen e zjarrfik\u00ebsve flak\u00ebt nuk jan\u00eb shuar ende.<\/strong><\/p>\n<p>Si\u00e7 mund t\u00eb shihet nga k\u00ebto pamje t\u00eb siguruara nga \u201c<strong>Panorama<\/strong>\u201d e gjith\u00eb zon\u00eb \u00ebsht\u00eb mbuluar nga tymi, nd\u00ebrsa flak\u00ebt favorizohen edhe nga era e fort\u00eb n\u00eb zon\u00eb.<\/p>\n<p><strong>(18:00) Zjarri n\u00eb Sh\u00ebngjin, ende aktiv prej disa or\u00ebsh\/ Ja shkaqet e p\u00ebrhapjes s\u00eb flak\u00ebve, pamjet nga vendngjarja<\/strong><\/p>\n<p>Nj\u00eb zjarr ka p\u00ebrfshir\u00eb q\u00eb prej or\u00ebve t\u00eb drek\u00ebs zon\u00ebn e Knall\u00ebs n\u00eb Sh\u00ebngjin.\u00a0Korrespondenti i \u201cPanoram\u00ebs\u201d raporton se flak\u00ebt vijojn\u00eb t\u00eb jen\u00eb ende aktive.<\/p>\n<div id=\"attachment_47929\" style=\"width: 664px\" class=\"wp-caption alignnone\"><img data-recalc-dims=\"1\" loading=\"lazy\" decoding=\"async\" aria-describedby=\"caption-attachment-47929\" data-attachment-id=\"47929\" data-permalink=\"https:\/\/www.shqiperia.com\/blog\/zjarri-ne-shengjin-ende-aktiv-nuk-mjafton-nderhyrja-e-zjarrfikesve-e-gjithe-zona-e-mbuluar-nga-tymi\/zjarr-ne-malet-e-shengjinit-2\/\" data-orig-file=\"https:\/\/i0.wp.com\/www.shqiperia.com\/blog\/wp-content\/uploads\/2021\/06\/zjarr-ne-malet-e-shengjinit-2.jpg?fit=433%2C250&amp;ssl=1\" data-orig-size=\"433,250\" data-comments-opened=\"1\" data-image-meta=\"{&quot;aperture&quot;:&quot;0&quot;,&quot;credit&quot;:&quot;&quot;,&quot;camera&quot;:&quot;&quot;,&quot;caption&quot;:&quot;&quot;,&quot;created_timestamp&quot;:&quot;0&quot;,&quot;copyright&quot;:&quot;&quot;,&quot;focal_length&quot;:&quot;0&quot;,&quot;iso&quot;:&quot;0&quot;,&quot;shutter_speed&quot;:&quot;0&quot;,&quot;title&quot;:&quot;&quot;,&quot;orientation&quot;:&quot;0&quot;}\" data-image-title=\"zjarr ne malet e shengjinit (2)\" data-image-description=\"\" data-image-caption=\"&lt;p&gt;zjarr ne malet e shengjinit&lt;\/p&gt;\n\" data-medium-file=\"https:\/\/i0.wp.com\/www.shqiperia.com\/blog\/wp-content\/uploads\/2021\/06\/zjarr-ne-malet-e-shengjinit-2.jpg?fit=300%2C173&amp;ssl=1\" data-large-file=\"https:\/\/i0.wp.com\/www.shqiperia.com\/blog\/wp-content\/uploads\/2021\/06\/zjarr-ne-malet-e-shengjinit-2.jpg?fit=433%2C250&amp;ssl=1\" class=\" wp-image-47929\" alt=\"\" src=\"https:\/\/i0.wp.com\/www.shqiperia.com\/blog\/wp-content\/uploads\/2021\/06\/zjarr-ne-malet-e-shengjinit-2.jpg?resize=654%2C377&#038;ssl=1\" width=\"654\" height=\"377\" srcset=\"https:\/\/i0.wp.com\/www.shqiperia.com\/blog\/wp-content\/uploads\/2021\/06\/zjarr-ne-malet-e-shengjinit-2.jpg?resize=300%2C173&amp;ssl=1 300w, https:\/\/i0.wp.com\/www.shqiperia.com\/blog\/wp-content\/uploads\/2021\/06\/zjarr-ne-malet-e-shengjinit-2.jpg?resize=400%2C231&amp;ssl=1 400w, https:\/\/i0.wp.com\/www.shqiperia.com\/blog\/wp-content\/uploads\/2021\/06\/zjarr-ne-malet-e-shengjinit-2.jpg?w=433&amp;ssl=1 433w\" sizes=\"auto, (max-width: 654px) 100vw, 654px\" \/><p id=\"caption-attachment-47929\" class=\"wp-caption-text\">zjarr ne malet e shengjinit<\/p><\/div>\n<p>M\u00ebsohet se djegia e nj\u00eb grumbulli mbeturinash b\u00ebri q\u00eb era e fort\u00eb t\u00eb p\u00ebrhapte me shpejt\u00ebsi flak\u00ebt, t\u00eb cilat dol\u00ebn nga kontrolli.<\/p>\n<p>P\u00ebr shuarjen e flak\u00ebve po punojn\u00eb prej disa or\u00ebsh zjarrfik\u00ebsit. Raportohet se jan\u00eb djegur kryesisht shkurre dhe ferra.<\/p>\n<p>Gazeta Panorama<\/p>\n","protected":false},"excerpt":{"rendered":"<p>Zjarri n\u00eb Sh\u00ebngjin ende aktiv\/ Nuk mjafton nd\u00ebrhyrja e zjarrfik\u00ebsve, e gjith\u00eb zona e mbuluar nga tymi 15 qershor 2021 Vijon t\u00eb jet\u00eb aktiv zjarri n\u00eb zon\u00ebn e Knall\u00ebs n\u00eb Sh\u00ebngjin. Me gjith\u00eb nd\u00ebrhyrjen e zjarrfik\u00ebsve flak\u00ebt nuk jan\u00eb shuar ende. Si\u00e7 mund t\u00eb shihet nga k\u00ebto pamje t\u00eb siguruara nga \u201cPanorama\u201d e gjith\u00eb zon\u00eb [&hellip;]<\/p>\n","protected":false},"author":9,"featured_media":47928,"comment_status":"open","ping_status":"open","sticky":false,"template":"","format":"standard","meta":{"jetpack_post_was_ever_published":false,"_jetpack_newsletter_access":"","_jetpack_dont_email_post_to_subs":false,"_jetpack_newsletter_tier_id":0,"_jetpack_memberships_contains_paywalled_content":false,"_jetpack_memberships_contains_paid_content":false,"footnotes":"","jetpack_publicize_message":"","jetpack_publicize_feature_enabled":true,"jetpack_social_post_already_shared":true,"jetpack_social_options":{"image_generator_settings":{"template":"highway","default_image_id":0,"font":"","enabled":false},"version":2}},"categories":[27,35],"tags":[],"class_list":["post-47927","post","type-post","status-publish","format-standard","has-post-thumbnail","hentry","category-blogu-i-udhetarit","category-shoqerore"],"jetpack_publicize_connections":[],"jetpack_featured_media_url":"https:\/\/i0.wp.com\/www.shqiperia.com\/blog\/wp-content\/uploads\/2021\/06\/zjarr-ne-malet-e-shengjinit.jpg?fit=960%2C529&ssl=1","jetpack_sharing_enabled":true,"jetpack_shortlink":"https:\/\/wp.me\/p5Z6wp-ct1","jetpack-related-posts":[{"id":55938,"url":"https:\/\/www.shqiperia.com\/blog\/shqiperia-nen-gjuhet-e-flakeve-zjarre-masive-nga-te-gjitha-anet-temperaturat-e-uleta-nuk-ndihmojne-aspak\/","url_meta":{"origin":47927,"position":0},"title":"Shqip\u00ebria n\u00ebn gjuh\u00ebt e flak\u00ebve! &#8211; Zjarre masive nga t\u00eb gjitha an\u00ebt, temperaturat e ul\u00ebta nuk ndihmojn\u00eb aspak","author":"Kurt Farka","date":"March 25, 2022","format":false,"excerpt":"Shqip\u00ebria n\u00ebn gjuh\u00ebt e flak\u00ebve! - Zjarre masive nga t\u00eb gjitha an\u00ebt, temperaturat e ul\u00ebta nuk ndihmojn\u00eb aspak - 24.03.22 Kodrat e Parkut Komb\u00ebtar t\u00eb Divjak\u00ebs dhe Karavastas\u00eb Sh\u00ebngjin Zjarri n\u00eb Dukat t\u00eb Vlor\u00ebs Flak\u00ebt p\u00ebrfshijn\u00eb sip\u00ebrfaqen pyjore n\u00eb Vaun e Dej\u00ebs Llogara, zjarrfik\u00ebsit t\u00eb pafuqish\u00ebm para flak\u00ebve Zjarri n\u00eb\u2026","rel":"","context":"In &quot;Blogu i Udh\u00ebtarit&quot;","block_context":{"text":"Blogu i Udh\u00ebtarit","link":"https:\/\/www.shqiperia.com\/blog\/category\/blogu-i-udhetarit\/"},"img":{"alt_text":"","src":"https:\/\/i0.wp.com\/www.shqiperia.com\/blog\/wp-content\/uploads\/2022\/03\/Shengjin.jpg?fit=768%2C422&ssl=1&resize=350%2C200","width":350,"height":200,"srcset":"https:\/\/i0.wp.com\/www.shqiperia.com\/blog\/wp-content\/uploads\/2022\/03\/Shengjin.jpg?fit=768%2C422&ssl=1&resize=350%2C200 1x, https:\/\/i0.wp.com\/www.shqiperia.com\/blog\/wp-content\/uploads\/2022\/03\/Shengjin.jpg?fit=768%2C422&ssl=1&resize=525%2C300 1.5x, https:\/\/i0.wp.com\/www.shqiperia.com\/blog\/wp-content\/uploads\/2022\/03\/Shengjin.jpg?fit=768%2C422&ssl=1&resize=700%2C400 2x"},"classes":[]},{"id":99529,"url":"https:\/\/www.shqiperia.com\/blog\/vijon-zjarri-ne-landfillin-e-bushatit-tymi-mbulon-te-gjithe-zonen\/","url_meta":{"origin":47927,"position":1},"title":"Vijon zjarri n\u00eb Landfillin e Bushatit, tymi mbulon t\u00eb gjith\u00eb zon\u00ebn","author":"Kurt Farka","date":"April 19, 2026","format":false,"excerpt":"19 Prill 2026 Zjarri i r\u00ebn\u00eb n\u00eb vend-depozitimin e mbetjeve n\u00eb Landfilli i Bushatit vijon t\u00eb jet\u00eb aktiv edhe gjat\u00eb or\u00ebve t\u00eb mbr\u00ebmjes, duke mbajtur ende t\u00eb pa stabilizuar situat\u00ebn n\u00eb zon\u00eb. Sipas t\u00eb dh\u00ebnave nga terreni, vatrat e djegies nuk jan\u00eb shuar plot\u00ebsisht dhe n\u00eb disa pika t\u00eb landfillit\u2026","rel":"","context":"In &quot;Njoftime Shtypi&quot;","block_context":{"text":"Njoftime Shtypi","link":"https:\/\/www.shqiperia.com\/blog\/category\/njoftime-shtypi\/"},"img":{"alt_text":"","src":"https:\/\/i0.wp.com\/www.shqiperia.com\/blog\/wp-content\/uploads\/2026\/04\/600-388-80a78beb472ba6abae71ccaf54bb3a08-1.png?fit=600%2C388&ssl=1&resize=350%2C200","width":350,"height":200,"srcset":"https:\/\/i0.wp.com\/www.shqiperia.com\/blog\/wp-content\/uploads\/2026\/04\/600-388-80a78beb472ba6abae71ccaf54bb3a08-1.png?fit=600%2C388&ssl=1&resize=350%2C200 1x, https:\/\/i0.wp.com\/www.shqiperia.com\/blog\/wp-content\/uploads\/2026\/04\/600-388-80a78beb472ba6abae71ccaf54bb3a08-1.png?fit=600%2C388&ssl=1&resize=525%2C300 1.5x"},"classes":[]},{"id":48787,"url":"https:\/\/www.shqiperia.com\/blog\/qyteti-zgjohet-i-mbuluar-nga-tymi-vazhdon-zjarri-ne-gadishullin-e-karaburunit-dyshohet-se-zjarri-eshte-i-qellimshem\/","url_meta":{"origin":47927,"position":2},"title":"Qyteti zgjohet i mbuluar nga tymi. &#8211; Vazhdon zjarri n\u00eb gadishullin e Karaburunit. -Dyshohet se zjarri \u00ebsht\u00eb i q\u00ebllimsh\u00ebm.","author":"Kurt Farka","date":"July 29, 2021","format":false,"excerpt":"Qyteti zgjohet i mbuluar nga tymi. - Vazhdon zjarri n\u00eb gadishullin e Karaburunit. Dyshohet se zjarri \u00ebsht\u00eb i q\u00ebllimsh\u00ebm. - 29.07.2021 Vijon prej tre dit\u00ebsh zjarri n\u00eb gadishullin e Karaburunit. Gazetari Enrik Mehmeti raportoi se zjarri ka djegur nj\u00eb sip\u00ebrfaqe t\u00eb konsiderueshme me pem\u00eb e shkurre, nd\u00ebrsa nd\u00ebrhyrja e zjarrfik\u00ebsve\u2026","rel":"","context":"In &quot;Blogu i Udh\u00ebtarit&quot;","block_context":{"text":"Blogu i Udh\u00ebtarit","link":"https:\/\/www.shqiperia.com\/blog\/category\/blogu-i-udhetarit\/"},"img":{"alt_text":"","src":"https:\/\/i0.wp.com\/www.shqiperia.com\/blog\/wp-content\/uploads\/2021\/07\/karaburim.jpg?fit=1200%2C728&ssl=1&resize=350%2C200","width":350,"height":200,"srcset":"https:\/\/i0.wp.com\/www.shqiperia.com\/blog\/wp-content\/uploads\/2021\/07\/karaburim.jpg?fit=1200%2C728&ssl=1&resize=350%2C200 1x, https:\/\/i0.wp.com\/www.shqiperia.com\/blog\/wp-content\/uploads\/2021\/07\/karaburim.jpg?fit=1200%2C728&ssl=1&resize=525%2C300 1.5x, https:\/\/i0.wp.com\/www.shqiperia.com\/blog\/wp-content\/uploads\/2021\/07\/karaburim.jpg?fit=1200%2C728&ssl=1&resize=700%2C400 2x, https:\/\/i0.wp.com\/www.shqiperia.com\/blog\/wp-content\/uploads\/2021\/07\/karaburim.jpg?fit=1200%2C728&ssl=1&resize=1050%2C600 3x"},"classes":[]},{"id":62058,"url":"https:\/\/www.shqiperia.com\/blog\/karaburuni-ne-tym-e-flake-era-po-perhap-me-shpejtesi-zjarrin\/","url_meta":{"origin":47927,"position":3},"title":"Karaburuni n\u00eb tym e flak\u00eb, era po p\u00ebrhap me shpejt\u00ebsi zjarrin","author":"Kurt Farka","date":"September 10, 2022","format":false,"excerpt":"10 Shtator 2022 Vijon prej disa or\u00ebsh vatra e zjarrit n\u00eb gadishullin e Karaburunit. Zjarri ka r\u00ebn\u00eb pran\u00eb gjirit t\u00eb Sh\u00ebn Andreas. Flak\u00ebt po p\u00ebrparojn\u00eb me shpejt\u00ebsi p\u00ebr shkak t\u00eb er\u00ebs s\u00eb fort\u00eb bregdetare. Nd\u00ebrhyrja mbetet e v\u00ebshtir\u00eb sepse terreni nuk e lejon. E gjith\u00eb pjesa e gjirit \u00ebsht\u00eb mbuluar\u2026","rel":"","context":"In &quot;Blogu i Udh\u00ebtarit&quot;","block_context":{"text":"Blogu i Udh\u00ebtarit","link":"https:\/\/www.shqiperia.com\/blog\/category\/blogu-i-udhetarit\/"},"img":{"alt_text":"","src":"https:\/\/i0.wp.com\/www.shqiperia.com\/blog\/wp-content\/uploads\/2022\/09\/Karaburuni-ne-tym-e-flake-era-po-perhap-me-shpejtesi-zjarrin.png?fit=1200%2C606&ssl=1&resize=350%2C200","width":350,"height":200,"srcset":"https:\/\/i0.wp.com\/www.shqiperia.com\/blog\/wp-content\/uploads\/2022\/09\/Karaburuni-ne-tym-e-flake-era-po-perhap-me-shpejtesi-zjarrin.png?fit=1200%2C606&ssl=1&resize=350%2C200 1x, https:\/\/i0.wp.com\/www.shqiperia.com\/blog\/wp-content\/uploads\/2022\/09\/Karaburuni-ne-tym-e-flake-era-po-perhap-me-shpejtesi-zjarrin.png?fit=1200%2C606&ssl=1&resize=525%2C300 1.5x, https:\/\/i0.wp.com\/www.shqiperia.com\/blog\/wp-content\/uploads\/2022\/09\/Karaburuni-ne-tym-e-flake-era-po-perhap-me-shpejtesi-zjarrin.png?fit=1200%2C606&ssl=1&resize=700%2C400 2x, https:\/\/i0.wp.com\/www.shqiperia.com\/blog\/wp-content\/uploads\/2022\/09\/Karaburuni-ne-tym-e-flake-era-po-perhap-me-shpejtesi-zjarrin.png?fit=1200%2C606&ssl=1&resize=1050%2C600 3x"},"classes":[]},{"id":53653,"url":"https:\/\/www.shqiperia.com\/blog\/zjarri-ende-aktiv-prane-antenave-ne-llogara-sipas-policise-dyshohet-se-zjarri-eshte-i-qellimshem\/","url_meta":{"origin":47927,"position":4},"title":"Zjarri ende aktiv pran\u00eb antenave n\u00eb Llogara.\u00a0 &#8211; Sipas policis\u00eb, dyshohet se zjarri eshte i q\u00ebllimsh\u00ebm.","author":"Kurt Farka","date":"February 1, 2022","format":false,"excerpt":"Zjarri ende aktiv pran\u00eb antenave n\u00eb Llogara.\u00a0 - Sipas policis\u00eb, dyshohet se zjarri ka qen\u00eb i q\u00ebllimsh\u00ebm. 31 janar 2022 Megjith\u00ebse vatrat e zjarrit vijojn\u00eb t\u00eb jen\u00eb ende aktive n\u00eb zon\u00ebn midis Parkut Komb\u00ebtar t\u00eb Llogaras\u00eb dhe Dh\u00ebrmiut, forcat zjarrfik\u00ebse kan\u00eb vendosur t\u00eb ndalojn\u00eb pun\u00ebn p\u00ebr shkak t\u00eb err\u00ebsir\u00ebs. Ekipet\u2026","rel":"","context":"In &quot;Blogu i Udh\u00ebtarit&quot;","block_context":{"text":"Blogu i Udh\u00ebtarit","link":"https:\/\/www.shqiperia.com\/blog\/category\/blogu-i-udhetarit\/"},"img":{"alt_text":"","src":"https:\/\/i0.wp.com\/www.shqiperia.com\/blog\/wp-content\/uploads\/2022\/02\/Zjarr-ne-Llogara-janar-2022.jpg?fit=433%2C251&ssl=1&resize=350%2C200","width":350,"height":200},"classes":[]},{"id":91492,"url":"https:\/\/www.shqiperia.com\/blog\/zjarr-ne-hyrje-te-tunelit-te-llogarase-flaket-favorizohen-nga-era-e-forte\/","url_meta":{"origin":47927,"position":5},"title":"Zjarr n\u00eb hyrje t\u00eb tunelit t\u00eb Llogaras\u00eb, flak\u00ebt favorizohen nga era e fort\u00eb","author":"Kurt Farka","date":"April 16, 2025","format":false,"excerpt":"16 Prill 2025 Zjarri n\u00eb zon\u00ebn e Llogaras\u00eb, n\u00eb hyrje t\u00eb tunelit nga ana e Orikumit, vijon t\u00eb jet\u00eb aktiv dhe me intensitet t\u00eb lart\u00eb. Vatra ndodhet n\u00eb nj\u00eb zon\u00eb t\u00eb v\u00ebshtir\u00eb terreni dhe aktualisht p\u00ebrhapja e flak\u00ebve po ndikohet nga era e fort\u00eb q\u00eb fryn n\u00eb rajon. Zjarri \u00ebsht\u00eb\u2026","rel":"","context":"In &quot;Blogu i Udh\u00ebtarit&quot;","block_context":{"text":"Blogu i Udh\u00ebtarit","link":"https:\/\/www.shqiperia.com\/blog\/category\/blogu-i-udhetarit\/"},"img":{"alt_text":"","src":"https:\/\/i0.wp.com\/www.shqiperia.com\/blog\/wp-content\/uploads\/2025\/04\/huhu-zjarr-780x439-1-770x433-1.png?fit=770%2C433&ssl=1&resize=350%2C200","width":350,"height":200,"srcset":"https:\/\/i0.wp.com\/www.shqiperia.com\/blog\/wp-content\/uploads\/2025\/04\/huhu-zjarr-780x439-1-770x433-1.png?fit=770%2C433&ssl=1&resize=350%2C200 1x, https:\/\/i0.wp.com\/www.shqiperia.com\/blog\/wp-content\/uploads\/2025\/04\/huhu-zjarr-780x439-1-770x433-1.png?fit=770%2C433&ssl=1&resize=525%2C300 1.5x, https:\/\/i0.wp.com\/www.shqiperia.com\/blog\/wp-content\/uploads\/2025\/04\/huhu-zjarr-780x439-1-770x433-1.png?fit=770%2C433&ssl=1&resize=700%2C400 2x"},"classes":[]}],"_links":{"self":[{"href":"https:\/\/www.shqiperia.com\/blog\/wp-json\/wp\/v2\/posts\/47927","targetHints":{"allow":["GET"]}}],"collection":[{"href":"https:\/\/www.shqiperia.com\/blog\/wp-json\/wp\/v2\/posts"}],"about":[{"href":"https:\/\/www.shqiperia.com\/blog\/wp-json\/wp\/v2\/types\/post"}],"author":[{"embeddable":true,"href":"https:\/\/www.shqiperia.com\/blog\/wp-json\/wp\/v2\/users\/9"}],"replies":[{"embeddable":true,"href":"https:\/\/www.shqiperia.com\/blog\/wp-json\/wp\/v2\/comments?post=47927"}],"version-history":[{"count":1,"href":"https:\/\/www.shqiperia.com\/blog\/wp-json\/wp\/v2\/posts\/47927\/revisions"}],"predecessor-version":[{"id":47930,"href":"https:\/\/www.shqiperia.com\/blog\/wp-json\/wp\/v2\/posts\/47927\/revisions\/47930"}],"wp:featuredmedia":[{"embeddable":true,"href":"https:\/\/www.shqiperia.com\/blog\/wp-json\/wp\/v2\/media\/47928"}],"wp:attachment":[{"href":"https:\/\/www.shqiperia.com\/blog\/wp-json\/wp\/v2\/media?parent=47927"}],"wp:term":[{"taxonomy":"category","embeddable":true,"href":"https:\/\/www.shqiperia.com\/blog\/wp-json\/wp\/v2\/categories?post=47927"},{"taxonomy":"post_tag","embeddable":true,"href":"https:\/\/www.shqiperia.com\/blog\/wp-json\/wp\/v2\/tags?post=47927"}],"curies":[{"name":"wp","href":"https:\/\/api.w.org\/{rel}","templated":true}]}}