{"id":47923,"date":"2021-06-15T10:28:41","date_gmt":"2021-06-15T10:28:41","guid":{"rendered":"https:\/\/www.shqiperia.com\/blog\/?p=47923"},"modified":"2021-06-15T10:28:41","modified_gmt":"2021-06-15T10:28:41","slug":"gramoz-ruci-perfaqeson-pjesen-me-te-erret-te-politikes-gazetari-perplaset-me-analistin-e-njohur-berisha-ka-qene-doktor-i","status":"publish","type":"post","link":"https:\/\/www.shqiperia.com\/blog\/gramoz-ruci-perfaqeson-pjesen-me-te-erret-te-politikes-gazetari-perplaset-me-analistin-e-njohur-berisha-ka-qene-doktor-i\/","title":{"rendered":"\u201cGramoz Ru\u00e7i p\u00ebrfaq\u00ebson pjes\u00ebn m\u00eb t\u00eb err\u00ebt t\u00eb politik\u00ebs\u201d, gazetari p\u00ebrplaset me analistin e njohur: Berisha ka qen\u00eb doktor i&#8230;"},"content":{"rendered":"<p><img data-recalc-dims=\"1\" loading=\"lazy\" decoding=\"async\" data-attachment-id=\"47924\" data-permalink=\"https:\/\/www.shqiperia.com\/blog\/gramoz-ruci-perfaqeson-pjesen-me-te-erret-te-politikes-gazetari-perplaset-me-analistin-e-njohur-berisha-ka-qene-doktor-i\/800-0-60c876e356f7d\/\" data-orig-file=\"https:\/\/i0.wp.com\/www.shqiperia.com\/blog\/wp-content\/uploads\/2021\/06\/800-0-60c876e356f7d.jpg?fit=800%2C451&amp;ssl=1\" data-orig-size=\"800,451\" data-comments-opened=\"1\" data-image-meta=\"{&quot;aperture&quot;:&quot;0&quot;,&quot;credit&quot;:&quot;&quot;,&quot;camera&quot;:&quot;&quot;,&quot;caption&quot;:&quot;&quot;,&quot;created_timestamp&quot;:&quot;0&quot;,&quot;copyright&quot;:&quot;&quot;,&quot;focal_length&quot;:&quot;0&quot;,&quot;iso&quot;:&quot;0&quot;,&quot;shutter_speed&quot;:&quot;0&quot;,&quot;title&quot;:&quot;&quot;,&quot;orientation&quot;:&quot;0&quot;}\" data-image-title=\"-800-0-60c876e356f7d\" data-image-description=\"\" data-image-caption=\"\" data-medium-file=\"https:\/\/i0.wp.com\/www.shqiperia.com\/blog\/wp-content\/uploads\/2021\/06\/800-0-60c876e356f7d.jpg?fit=300%2C169&amp;ssl=1\" data-large-file=\"https:\/\/i0.wp.com\/www.shqiperia.com\/blog\/wp-content\/uploads\/2021\/06\/800-0-60c876e356f7d.jpg?fit=800%2C451&amp;ssl=1\" class=\"alignnone  wp-image-47924\" alt=\"\" src=\"https:\/\/i0.wp.com\/www.shqiperia.com\/blog\/wp-content\/uploads\/2021\/06\/800-0-60c876e356f7d.jpg?resize=509%2C287&#038;ssl=1\" width=\"509\" height=\"287\" srcset=\"https:\/\/i0.wp.com\/www.shqiperia.com\/blog\/wp-content\/uploads\/2021\/06\/800-0-60c876e356f7d.jpg?resize=300%2C169&amp;ssl=1 300w, https:\/\/i0.wp.com\/www.shqiperia.com\/blog\/wp-content\/uploads\/2021\/06\/800-0-60c876e356f7d.jpg?resize=768%2C433&amp;ssl=1 768w, https:\/\/i0.wp.com\/www.shqiperia.com\/blog\/wp-content\/uploads\/2021\/06\/800-0-60c876e356f7d.jpg?resize=450%2C254&amp;ssl=1 450w, https:\/\/i0.wp.com\/www.shqiperia.com\/blog\/wp-content\/uploads\/2021\/06\/800-0-60c876e356f7d.jpg?resize=600%2C338&amp;ssl=1 600w, https:\/\/i0.wp.com\/www.shqiperia.com\/blog\/wp-content\/uploads\/2021\/06\/800-0-60c876e356f7d.jpg?resize=400%2C226&amp;ssl=1 400w, https:\/\/i0.wp.com\/www.shqiperia.com\/blog\/wp-content\/uploads\/2021\/06\/800-0-60c876e356f7d.jpg?w=800&amp;ssl=1 800w\" sizes=\"auto, (max-width: 509px) 100vw, 509px\" \/><\/p>\n<p>\u201cGramoz Ru\u00e7i p\u00ebrfaq\u00ebson pjes\u00ebn m\u00eb t\u00eb err\u00ebt t\u00eb politik\u00ebs\u201d, gazetari p\u00ebrplaset me analistin e njohur: Berisha ka qen\u00eb doktor i&#8230;<\/p>\n<p>15 QERSHOR 2021<\/p>\n<p>\u00cbsht\u00eb shoq\u00ebruar me debate mes Vehap Kol\u00ebs dhe Aristir Lumezit analiza n\u00eb lidhje me largimin e Gramoz Ru\u00e7it nga politika. Shkak p\u00ebr k\u00ebt\u00eb u b\u00eb nj\u00eb etiketim q\u00eb politologu Vehap Kola i b\u00ebri kryetarit t\u00eb Kuvendit kur tha se \u00ebsht\u00eb politikan q\u00eb p\u00ebrfaq\u00ebson pjes\u00ebn m\u00eb t\u00eb err\u00ebt t\u00eb politik\u00ebs n\u00eb Shqip\u00ebri. Gazetari Aristir Lumezi shprehu mosdakord\u00ebsin\u00eb e tij n\u00eb lidhje me k\u00ebt\u00eb etiketim, teksa solli n\u00eb v\u00ebmendje ish-kryeministrin Berisha, q\u00eb ka qen\u00eb doktor i bllokut n\u00eb koh\u00ebn e diktatur\u00ebs.<\/p>\n<p><strong>Debati n\u00eb studion e Absolut 4<\/strong><\/p>\n<p>Lumezi: Kemi ca klishe q\u00eb Ru\u00e7i ishte ministri q\u00eb vrau e preu n\u00eb Shkod\u00ebr. Edhe Berisha ka qen\u00eb doktor i bllokut.<\/p>\n<p>Kola: Ru\u00e7i ka n\u00ebnshkruar urdhrin p\u00ebr qit\u00ebs n\u00eb Shkod\u00ebr.<\/p>\n<p>Lumezi: Qit\u00ebs ka edhe sot dhe ata q\u00eb u vran\u00eb nuk u vran\u00eb nga snajperat, po dritaret e bodrumeve n\u00eb 21 janar.<\/p>\n<p>Gazeta Sot<\/p>\n","protected":false},"excerpt":{"rendered":"<p>\u201cGramoz Ru\u00e7i p\u00ebrfaq\u00ebson pjes\u00ebn m\u00eb t\u00eb err\u00ebt t\u00eb politik\u00ebs\u201d, gazetari p\u00ebrplaset me analistin e njohur: Berisha ka qen\u00eb doktor i&#8230; 15 QERSHOR 2021 \u00cbsht\u00eb shoq\u00ebruar me debate mes Vehap Kol\u00ebs dhe Aristir Lumezit analiza n\u00eb lidhje me largimin e Gramoz Ru\u00e7it nga politika. Shkak p\u00ebr k\u00ebt\u00eb u b\u00eb nj\u00eb etiketim q\u00eb politologu Vehap Kola i [&hellip;]<\/p>\n","protected":false},"author":9,"featured_media":47924,"comment_status":"open","ping_status":"open","sticky":false,"template":"","format":"standard","meta":{"jetpack_post_was_ever_published":false,"_jetpack_newsletter_access":"","_jetpack_dont_email_post_to_subs":false,"_jetpack_newsletter_tier_id":0,"_jetpack_memberships_contains_paywalled_content":false,"_jetpack_memberships_contains_paid_content":false,"footnotes":"","jetpack_publicize_message":"","jetpack_publicize_feature_enabled":true,"jetpack_social_post_already_shared":true,"jetpack_social_options":{"image_generator_settings":{"template":"highway","default_image_id":0,"font":"","enabled":false},"version":2}},"categories":[27,2],"tags":[],"class_list":["post-47923","post","type-post","status-publish","format-standard","has-post-thumbnail","hentry","category-blogu-i-udhetarit","category-politika"],"jetpack_publicize_connections":[],"jetpack_featured_media_url":"https:\/\/i0.wp.com\/www.shqiperia.com\/blog\/wp-content\/uploads\/2021\/06\/800-0-60c876e356f7d.jpg?fit=800%2C451&ssl=1","jetpack_sharing_enabled":true,"jetpack_shortlink":"https:\/\/wp.me\/p5Z6wp-csX","jetpack-related-posts":[{"id":36370,"url":"https:\/\/www.shqiperia.com\/blog\/plas-sherri-ne-studio-fatos-lubonja-perplaset-me-murrizin-sdihet-se-ke-perfaqeson-nese-je-sherbetor-i-rames-duhet\/","url_meta":{"origin":47923,"position":0},"title":"Plas sherri n\u00eb studio; &#8211; Fatos Lubonja p\u00ebrplaset me Murrizin: S&#8217;dihet se k\u00eb p\u00ebrfaq\u00ebson, n\u00ebse je sh\u00ebrb\u00ebtor i Ram\u00ebs\u00a0duhet&#8230;","author":"Kurt Farka","date":"July 16, 2020","format":false,"excerpt":"Plas sherri n\u00eb studio; - Fatos Lubonja p\u00ebrplaset me Murrizin: S'dihet se k\u00eb p\u00ebrfaq\u00ebson, n\u00ebse je sh\u00ebrb\u00ebtor i Ram\u00ebs\u00a0duhet... 16 KORRIK 2020 Deputeti Myslim Murrizi \u00ebsht\u00eb p\u00ebrplasur ashp\u00ebr me analistin Fatos Lubonja. Ky i fundit tha se opozita parlamentare nuk dihet k\u00eb p\u00ebrfaq\u00ebson, madje i akuzoi ata si \"sh\u00ebrb\u00ebtor\" t\u00eb\u2026","rel":"","context":"In &quot;Blogu i Udh\u00ebtarit&quot;","block_context":{"text":"Blogu i Udh\u00ebtarit","link":"https:\/\/www.shqiperia.com\/blog\/category\/blogu-i-udhetarit\/"},"img":{"alt_text":"","src":"https:\/\/i0.wp.com\/www.shqiperia.com\/blog\/wp-content\/uploads\/2020\/07\/fatos-lubonja.jpg?fit=588%2C302&ssl=1&resize=350%2C200","width":350,"height":200,"srcset":"https:\/\/i0.wp.com\/www.shqiperia.com\/blog\/wp-content\/uploads\/2020\/07\/fatos-lubonja.jpg?fit=588%2C302&ssl=1&resize=350%2C200 1x, https:\/\/i0.wp.com\/www.shqiperia.com\/blog\/wp-content\/uploads\/2020\/07\/fatos-lubonja.jpg?fit=588%2C302&ssl=1&resize=525%2C300 1.5x"},"classes":[]},{"id":49582,"url":"https:\/\/www.shqiperia.com\/blog\/ylli-rakipi-ben-reagimin-e-papritur-zbulon-se-cfare-fshihet-pas-largimit-te-gramoz-rucit-dhe-lefter-kokes-nga-politika\/","url_meta":{"origin":47923,"position":1},"title":"Ylli Rakipi b\u00ebn reagimin e papritur, zbulon se \u00e7far\u00eb fshihet pas largimit t\u00eb Gramoz Ru\u00e7it dhe Lefter Kok\u00ebs nga politika","author":"Kurt Farka","date":"September 2, 2021","format":false,"excerpt":"Ylli Rakipi b\u00ebn reagimin e papritur, zbulon se \u00e7far\u00eb fshihet pas largimit t\u00eb Gramoz Ru\u00e7it dhe Lefter Kok\u00ebs nga politika 2 SHTATOR 2021 Pyetjes n\u00ebse Gramoz Ru\u00e7i dhe Lefter Koka u t\u00ebrhoq\u00ebn p\u00ebr t\u00eb shmangur nj\u00eb shpallje t\u00eb mundshme \u201cnon grata nga SHBA\u201d, gazetari Ylli Rakipi iu p\u00ebrgjigj \"po\" i\u2026","rel":"","context":"In &quot;Blogu i Udh\u00ebtarit&quot;","block_context":{"text":"Blogu i Udh\u00ebtarit","link":"https:\/\/www.shqiperia.com\/blog\/category\/blogu-i-udhetarit\/"},"img":{"alt_text":"","src":"https:\/\/i0.wp.com\/www.shqiperia.com\/blog\/wp-content\/uploads\/2021\/09\/rama-koka-433x300-1.jpg?fit=433%2C265&ssl=1&resize=350%2C200","width":350,"height":200},"classes":[]},{"id":33550,"url":"https:\/\/www.shqiperia.com\/blog\/kuvend-po-ti-sje-mire-kryeministri-rama-perplaset-me-gjonin-e-murrizin-ato-te-tuat-jane-dengla-nderhyn-ruci-dhe-ben-paralajmerimin\/","url_meta":{"origin":47923,"position":2},"title":"Kuvend\/ \u201cPo ti s\u2019je mir\u00eb\u201d, kryeministri Rama p\u00ebrplaset me Gjonin e Murrizin: Ato t\u00eb tuat jan\u00eb d\u00ebngla! (Nd\u00ebrhyn Ru\u00e7i dhe b\u00ebn paralajm\u00ebrimin)","author":"Kurt Farka","date":"April 19, 2020","format":false,"excerpt":"Kuvend\/ \u201cPo ti s\u2019je mir\u00eb\u201d, kryeministri Rama p\u00ebrplaset me Gjonin e Murrizin: Ato t\u00eb tuat jan\u00eb d\u00ebngla! (Nd\u00ebrhyn Ru\u00e7i dhe b\u00ebn paralajm\u00ebrimin) 16 prill 2020 Kryeministri Edi Rama deklaroi nga foltorja e Kuvendit se Franca iu ka dh\u00ebn\u00eb atyre q\u00eb jan\u00eb \u00ebme asistenc\u00eb vet\u00ebm 150 euro ndihm\u00eb n\u00eb kuad\u00ebr t\u00eb\u2026","rel":"","context":"In &quot;Blogu i Udh\u00ebtarit&quot;","block_context":{"text":"Blogu i Udh\u00ebtarit","link":"https:\/\/www.shqiperia.com\/blog\/category\/blogu-i-udhetarit\/"},"img":{"alt_text":"","src":"https:\/\/i0.wp.com\/www.shqiperia.com\/blog\/wp-content\/uploads\/2020\/04\/800-0-5e98320264d52.jpg?fit=800%2C371&ssl=1&resize=350%2C200","width":350,"height":200,"srcset":"https:\/\/i0.wp.com\/www.shqiperia.com\/blog\/wp-content\/uploads\/2020\/04\/800-0-5e98320264d52.jpg?fit=800%2C371&ssl=1&resize=350%2C200 1x, https:\/\/i0.wp.com\/www.shqiperia.com\/blog\/wp-content\/uploads\/2020\/04\/800-0-5e98320264d52.jpg?fit=800%2C371&ssl=1&resize=525%2C300 1.5x, https:\/\/i0.wp.com\/www.shqiperia.com\/blog\/wp-content\/uploads\/2020\/04\/800-0-5e98320264d52.jpg?fit=800%2C371&ssl=1&resize=700%2C400 2x"},"classes":[]},{"id":47841,"url":"https:\/\/www.shqiperia.com\/blog\/gramoz-ruci-dha-doreheqjen-ja-kush-eshte-socialistja-qe-do-te-zere-vendin-e-tij\/","url_meta":{"origin":47923,"position":3},"title":"Gramoz Ru\u00e7i dha dor\u00ebheqjen, ja kush \u00ebsht\u00eb socialistja q\u00eb do t\u00eb z\u00ebr\u00eb vendin e tij","author":"Kurt Farka","date":"June 12, 2021","format":false,"excerpt":"Gramoz Ru\u00e7i dha dor\u00ebheqjen, ja kush \u00ebsht\u00eb socialistja q\u00eb do t\u00eb z\u00ebr\u00eb vendin e tij 12 QERSHOR 2021 Kryetari i Kuvendit, Gramoz Ru\u00e7i dha sot \u2018live\u2019 nga Kongresi i PS-s\u00eb dor\u00ebheqjen nga t\u00eb gjitha funksionet politike dhe nga mandati i deputetit q\u00eb e fitoi n\u00eb zgjedhjet e 25 prillit. Ad\u2026","rel":"","context":"In &quot;Blogu i Udh\u00ebtarit&quot;","block_context":{"text":"Blogu i Udh\u00ebtarit","link":"https:\/\/www.shqiperia.com\/blog\/category\/blogu-i-udhetarit\/"},"img":{"alt_text":"","src":"https:\/\/i0.wp.com\/www.shqiperia.com\/blog\/wp-content\/uploads\/2021\/06\/800-0-60c4e6bdb5639.png?fit=800%2C505&ssl=1&resize=350%2C200","width":350,"height":200,"srcset":"https:\/\/i0.wp.com\/www.shqiperia.com\/blog\/wp-content\/uploads\/2021\/06\/800-0-60c4e6bdb5639.png?fit=800%2C505&ssl=1&resize=350%2C200 1x, https:\/\/i0.wp.com\/www.shqiperia.com\/blog\/wp-content\/uploads\/2021\/06\/800-0-60c4e6bdb5639.png?fit=800%2C505&ssl=1&resize=525%2C300 1.5x, https:\/\/i0.wp.com\/www.shqiperia.com\/blog\/wp-content\/uploads\/2021\/06\/800-0-60c4e6bdb5639.png?fit=800%2C505&ssl=1&resize=700%2C400 2x"},"classes":[]},{"id":83443,"url":"https:\/\/www.shqiperia.com\/blog\/5d-bleu-shtepine-e-gramoz-rucit-mariglen-qato-e-redi-molla-454-mije-euro-ne-llogarine-e-ish-numrit-2-te-ps-apeli-i-gjkko-spak-te-hetoje-se-si-eshte-blere-nga-kompania-prona\/","url_meta":{"origin":47923,"position":4},"title":"&#8220;5D&#8221; BLEU SHT\u00cbPIN\u00cb E GRAMOZ RU\u00c7IT. &#8211; Mariglen Qato e Redi Molla 454 mij\u00eb euro n\u00eb llogarin\u00eb e ish-numrit 2 t\u00eb PS. &#8211;  Apeli I GJKKO: SPAK t\u00eb hetoj\u00eb se si \u00ebsht\u00eb bler\u00eb nga kompania prona","author":"Kurt Farka","date":"August 11, 2024","format":false,"excerpt":"11 Gusht 2024 N\u00eb dosjen e SPAK rezulton q\u00eb kompania \"5D\" t\u00eb ket\u00eb bler\u00eb edhe nj\u00eb pron\u00eb t\u00eb Gramoz Ru\u00e7it. N\u00eb dokumente thuhet se vlera ka qen\u00eb 454 mij\u00eb euro dhe apeli k\u00ebrkon q\u00eb SPAK t\u00eb thelloj\u00eb hetimet p\u00ebr fondet e subjektit q\u00eb prokuroria akuzon se ishte dy drejtor\u00ebve Mariglen\u2026","rel":"","context":"In &quot;Blogu i Udh\u00ebtarit&quot;","block_context":{"text":"Blogu i Udh\u00ebtarit","link":"https:\/\/www.shqiperia.com\/blog\/category\/blogu-i-udhetarit\/"},"img":{"alt_text":"","src":"https:\/\/i0.wp.com\/www.shqiperia.com\/blog\/wp-content\/uploads\/2024\/08\/800-0-auto_gramos-ruci1507364828.jpg?fit=800%2C450&ssl=1&resize=350%2C200","width":350,"height":200,"srcset":"https:\/\/i0.wp.com\/www.shqiperia.com\/blog\/wp-content\/uploads\/2024\/08\/800-0-auto_gramos-ruci1507364828.jpg?fit=800%2C450&ssl=1&resize=350%2C200 1x, https:\/\/i0.wp.com\/www.shqiperia.com\/blog\/wp-content\/uploads\/2024\/08\/800-0-auto_gramos-ruci1507364828.jpg?fit=800%2C450&ssl=1&resize=525%2C300 1.5x, https:\/\/i0.wp.com\/www.shqiperia.com\/blog\/wp-content\/uploads\/2024\/08\/800-0-auto_gramos-ruci1507364828.jpg?fit=800%2C450&ssl=1&resize=700%2C400 2x"},"classes":[]},{"id":33494,"url":"https:\/\/www.shqiperia.com\/blog\/plas-keq-sherri-ne-kuvend-po-ti-sje-mire-kryeministri-rama-perplaset-me-gjonin-e-murrizin-ato-te-tuat-jane-dengla-nderhyn-ruci-dhe-ben-paralajmerimin\/","url_meta":{"origin":47923,"position":5},"title":"Plas keq sherri n\u00eb Kuvend\/ \u201cPo ti s\u2019je mir\u00eb\u201d, kryeministri Rama p\u00ebrplaset me Gjonin e Murrizin: Ato t\u00eb tuat jan\u00eb d\u00ebngla! (Nd\u00ebrhyn Ru\u00e7i dhe b\u00ebn paralajm\u00ebrimin)","author":"Kurt Farka","date":"April 16, 2020","format":false,"excerpt":"Plas keq sherri n\u00eb Kuvend\/ \u201cPo ti s\u2019je mir\u00eb\u201d, kryeministri Rama p\u00ebrplaset me Gjonin e Murrizin: Ato t\u00eb tuat jan\u00eb d\u00ebngla! (Nd\u00ebrhyn Ru\u00e7i dhe b\u00ebn paralajm\u00ebrimin) 16 PRILL 2020 Kryeministri Edi Rama deklaroi nga foltorja e Kuvendit se Franca iu ka dh\u00ebn\u00eb atyre q\u00eb jan\u00eb \u00ebme asistenc\u00eb vet\u00ebm 150 euro\u2026","rel":"","context":"In &quot;Blogu i Udh\u00ebtarit&quot;","block_context":{"text":"Blogu i Udh\u00ebtarit","link":"https:\/\/www.shqiperia.com\/blog\/category\/blogu-i-udhetarit\/"},"img":{"alt_text":"","src":"https:\/\/i0.wp.com\/www.shqiperia.com\/blog\/wp-content\/uploads\/2020\/04\/rama-433x300-1.jpeg?fit=433%2C300&ssl=1&resize=350%2C200","width":350,"height":200},"classes":[]}],"_links":{"self":[{"href":"https:\/\/www.shqiperia.com\/blog\/wp-json\/wp\/v2\/posts\/47923","targetHints":{"allow":["GET"]}}],"collection":[{"href":"https:\/\/www.shqiperia.com\/blog\/wp-json\/wp\/v2\/posts"}],"about":[{"href":"https:\/\/www.shqiperia.com\/blog\/wp-json\/wp\/v2\/types\/post"}],"author":[{"embeddable":true,"href":"https:\/\/www.shqiperia.com\/blog\/wp-json\/wp\/v2\/users\/9"}],"replies":[{"embeddable":true,"href":"https:\/\/www.shqiperia.com\/blog\/wp-json\/wp\/v2\/comments?post=47923"}],"version-history":[{"count":1,"href":"https:\/\/www.shqiperia.com\/blog\/wp-json\/wp\/v2\/posts\/47923\/revisions"}],"predecessor-version":[{"id":47925,"href":"https:\/\/www.shqiperia.com\/blog\/wp-json\/wp\/v2\/posts\/47923\/revisions\/47925"}],"wp:featuredmedia":[{"embeddable":true,"href":"https:\/\/www.shqiperia.com\/blog\/wp-json\/wp\/v2\/media\/47924"}],"wp:attachment":[{"href":"https:\/\/www.shqiperia.com\/blog\/wp-json\/wp\/v2\/media?parent=47923"}],"wp:term":[{"taxonomy":"category","embeddable":true,"href":"https:\/\/www.shqiperia.com\/blog\/wp-json\/wp\/v2\/categories?post=47923"},{"taxonomy":"post_tag","embeddable":true,"href":"https:\/\/www.shqiperia.com\/blog\/wp-json\/wp\/v2\/tags?post=47923"}],"curies":[{"name":"wp","href":"https:\/\/api.w.org\/{rel}","templated":true}]}}