{"id":47920,"date":"2021-06-15T10:17:55","date_gmt":"2021-06-15T10:17:55","guid":{"rendered":"https:\/\/www.shqiperia.com\/blog\/?p=47920"},"modified":"2021-06-15T10:17:55","modified_gmt":"2021-06-15T10:17:55","slug":"prokuroria-kryebashkiaku-i-mallakastres-i-denuar-me-3-vite-burg-ne-greqi-ja-si-i-parashikon-ligji-shqiptar-keto-vepra-penale","status":"publish","type":"post","link":"https:\/\/www.shqiperia.com\/blog\/prokuroria-kryebashkiaku-i-mallakastres-i-denuar-me-3-vite-burg-ne-greqi-ja-si-i-parashikon-ligji-shqiptar-keto-vepra-penale\/","title":{"rendered":"Prokuroria: Kryebashkiaku i Mallakastr\u00ebs i d\u00ebnuar me 3 vite burg n\u00eb Greqi. Ja si i parashikon ligji shqiptar k\u00ebto vepra penale"},"content":{"rendered":"<div id=\"attachment_47921\" style=\"width: 554px\" class=\"wp-caption alignnone\"><img data-recalc-dims=\"1\" loading=\"lazy\" decoding=\"async\" aria-describedby=\"caption-attachment-47921\" data-attachment-id=\"47921\" data-permalink=\"https:\/\/www.shqiperia.com\/blog\/prokuroria-kryebashkiaku-i-mallakastres-i-denuar-me-3-vite-burg-ne-greqi-ja-si-i-parashikon-ligji-shqiptar-keto-vepra-penale\/qerim-ismailaj-kryetar-i-bashkise-ballsh\/\" data-orig-file=\"https:\/\/i0.wp.com\/www.shqiperia.com\/blog\/wp-content\/uploads\/2021\/06\/QERIM-ISMAILAJ-Kryetar-i-Bashkise-Ballsh.jpg?fit=675%2C399&amp;ssl=1\" data-orig-size=\"675,399\" data-comments-opened=\"1\" data-image-meta=\"{&quot;aperture&quot;:&quot;0&quot;,&quot;credit&quot;:&quot;&quot;,&quot;camera&quot;:&quot;&quot;,&quot;caption&quot;:&quot;&quot;,&quot;created_timestamp&quot;:&quot;0&quot;,&quot;copyright&quot;:&quot;&quot;,&quot;focal_length&quot;:&quot;0&quot;,&quot;iso&quot;:&quot;0&quot;,&quot;shutter_speed&quot;:&quot;0&quot;,&quot;title&quot;:&quot;&quot;,&quot;orientation&quot;:&quot;0&quot;}\" data-image-title=\"QERIM ISMAILAJ Kryetar i Bashkise Ballsh\" data-image-description=\"\" data-image-caption=\"&lt;p&gt;QERIM ISMAILAJ Kryetar i Bashkise Ballsh&lt;\/p&gt;\n\" data-medium-file=\"https:\/\/i0.wp.com\/www.shqiperia.com\/blog\/wp-content\/uploads\/2021\/06\/QERIM-ISMAILAJ-Kryetar-i-Bashkise-Ballsh.jpg?fit=300%2C177&amp;ssl=1\" data-large-file=\"https:\/\/i0.wp.com\/www.shqiperia.com\/blog\/wp-content\/uploads\/2021\/06\/QERIM-ISMAILAJ-Kryetar-i-Bashkise-Ballsh.jpg?fit=675%2C399&amp;ssl=1\" class=\" wp-image-47921\" alt=\"\" src=\"https:\/\/i0.wp.com\/www.shqiperia.com\/blog\/wp-content\/uploads\/2021\/06\/QERIM-ISMAILAJ-Kryetar-i-Bashkise-Ballsh.jpg?resize=544%2C321&#038;ssl=1\" width=\"544\" height=\"321\" srcset=\"https:\/\/i0.wp.com\/www.shqiperia.com\/blog\/wp-content\/uploads\/2021\/06\/QERIM-ISMAILAJ-Kryetar-i-Bashkise-Ballsh.jpg?resize=300%2C177&amp;ssl=1 300w, https:\/\/i0.wp.com\/www.shqiperia.com\/blog\/wp-content\/uploads\/2021\/06\/QERIM-ISMAILAJ-Kryetar-i-Bashkise-Ballsh.jpg?resize=450%2C266&amp;ssl=1 450w, https:\/\/i0.wp.com\/www.shqiperia.com\/blog\/wp-content\/uploads\/2021\/06\/QERIM-ISMAILAJ-Kryetar-i-Bashkise-Ballsh.jpg?resize=600%2C355&amp;ssl=1 600w, https:\/\/i0.wp.com\/www.shqiperia.com\/blog\/wp-content\/uploads\/2021\/06\/QERIM-ISMAILAJ-Kryetar-i-Bashkise-Ballsh.jpg?resize=400%2C236&amp;ssl=1 400w, https:\/\/i0.wp.com\/www.shqiperia.com\/blog\/wp-content\/uploads\/2021\/06\/QERIM-ISMAILAJ-Kryetar-i-Bashkise-Ballsh.jpg?w=675&amp;ssl=1 675w\" sizes=\"auto, (max-width: 544px) 100vw, 544px\" \/><p id=\"caption-attachment-47921\" class=\"wp-caption-text\">QERIM ISMAILAJ Kryetar i Bashkise Ballsh<\/p><\/div>\n<p><a href=\"http:\/\/www.panorama.com.al\/prokuroria-kryebashkiaku-i-mallakastres-i-denuar-me-3-vite-burg-ne-greqi-ja-si-i-parashikon-ligji-shqiptar-keto-vepra-penale\/\">Prokuroria: Kryebashkiaku i Mallakastr\u00ebs i d\u00ebnuar me 3 vite burg n\u00eb Greqi. Ja si i parashikon ligji shqiptar k\u00ebto vepra penale<\/a><\/p>\n<p><em>15 qershor 2021 <\/em><\/p>\n<p><strong>Kryetari i Bashkis\u00eb Mallakast\u00ebr, Qerim Ismailaj, rezulton i d\u00ebnuar me 3 vite burg n\u00eb Greqi, p\u00ebr dy vepra penale.<\/strong><\/p>\n<p>Pas hetimeve t\u00eb kryera nga prokuroria, kryebashkiaku i denoncuar nga Partia Demokratike, rezulton me probleme me ligjin e Dekriminalizimit.<\/p>\n<p>Sipas Prokuroris\u00eb shqiptare, ai \u00ebsht\u00eb d\u00ebnuar n\u00eb vitin 2000 me vendim t\u00eb form\u00ebs s\u00eb prer\u00eb nga nj\u00eb gjykat\u00eb greke, p\u00ebr dy vepra penale. Por ky d\u00ebnim, n\u00eb Shqip\u00ebri korespondon me nj\u00eb d\u00ebnim vet\u00ebm me gjob\u00eb, p\u00ebr nj\u00eb vep\u00ebr penale.<\/p>\n<p><strong>N\u00eb shkres\u00ebn e Prokuroris\u00eb thuhet:<\/strong><\/p>\n<p><strong>VENDOSA:<\/strong><\/p>\n<p>Miratimin e rezultateve t\u00eb verifikimit n\u00eb lidhje me subjektin deklarues Qerim Ismail Ismailaj, me funksion kryetar i Bashkis\u00eb Mallakast\u00ebr si m\u00eb posht\u00eb:<\/p>\n<ol>\n<li>Nuk rezultoi t\u00eb ket\u00eb kryer ndryshime n\u00eb p\u00ebrb\u00ebr\u00ebsit e gjendjes civile t\u00eb padeklaruara ose t\u00eb ndryshme me ato t\u00eb deklaruara;<\/li>\n<li>Rezultoi i d\u00ebnuar me vendim t\u00eb form\u00ebs s\u00eb prer\u00eb, p\u00ebr kryerjen e nj\u00eb vepre penale, nga autoritet gjyq\u00ebsor i huaj;<\/li>\n<\/ol>\n<p>b.1 Referuar vendimit 9-11-2000 t\u00eb Gjykat\u00ebs s\u00eb P\u00ebrb\u00ebr\u00eb n\u00ebn Betim t\u00eb Chios, i form\u00ebs s\u00eb prer\u00eb, rezulton se i akuzuari Qerim Ismail Ismailaj, (n\u00eb munges\u00eb n\u00eb gjykim) \u00ebsht\u00eb deklaruar fajtor dhe \u00ebsht\u00eb d\u00ebnuar me 3 tre vite burgim p\u00ebr vepr\u00ebn penale t\u00eb \u201cKonflikti\u201d, \u201cP\u00ebrleshjes\u201d, parashikuar nga neni 313 i Kodit Penal t\u00eb Republik\u00ebs s\u00eb Greqis\u00eb, q\u00eb i korrespondon vepr\u00ebs penale t\u00eb \u201cd\u00ebmtime t\u00eb tjera me dashje\u201d, parashikuar nga neni 90\/1 t\u00eb Kodit Penal t\u00eb Republik\u00ebs s\u00eb Shqip\u00ebris\u00eb, e cila si sanksion parashikon d\u00ebnim vet\u00ebm me gjob\u00eb.<\/p>\n<p>Gazeta Panorama<\/p>\n","protected":false},"excerpt":{"rendered":"<p>Prokuroria: Kryebashkiaku i Mallakastr\u00ebs i d\u00ebnuar me 3 vite burg n\u00eb Greqi. Ja si i parashikon ligji shqiptar k\u00ebto vepra penale 15 qershor 2021 Kryetari i Bashkis\u00eb Mallakast\u00ebr, Qerim Ismailaj, rezulton i d\u00ebnuar me 3 vite burg n\u00eb Greqi, p\u00ebr dy vepra penale. Pas hetimeve t\u00eb kryera nga prokuroria, kryebashkiaku i denoncuar nga Partia Demokratike, [&hellip;]<\/p>\n","protected":false},"author":9,"featured_media":47921,"comment_status":"open","ping_status":"open","sticky":false,"template":"","format":"standard","meta":{"jetpack_post_was_ever_published":false,"_jetpack_newsletter_access":"","_jetpack_dont_email_post_to_subs":false,"_jetpack_newsletter_tier_id":0,"_jetpack_memberships_contains_paywalled_content":false,"_jetpack_memberships_contains_paid_content":false,"footnotes":"","jetpack_publicize_message":"","jetpack_publicize_feature_enabled":true,"jetpack_social_post_already_shared":true,"jetpack_social_options":{"image_generator_settings":{"template":"highway","default_image_id":0,"font":"","enabled":false},"version":2}},"categories":[27,2],"tags":[],"class_list":["post-47920","post","type-post","status-publish","format-standard","has-post-thumbnail","hentry","category-blogu-i-udhetarit","category-politika"],"jetpack_publicize_connections":[],"jetpack_featured_media_url":"https:\/\/i0.wp.com\/www.shqiperia.com\/blog\/wp-content\/uploads\/2021\/06\/QERIM-ISMAILAJ-Kryetar-i-Bashkise-Ballsh.jpg?fit=675%2C399&ssl=1","jetpack_sharing_enabled":true,"jetpack_shortlink":"https:\/\/wp.me\/p5Z6wp-csU","jetpack-related-posts":[{"id":51022,"url":"https:\/\/www.shqiperia.com\/blog\/spak-merr-te-pandehur-kryebashkiakun-e-mallakastres-qerim-ismailaj\/","url_meta":{"origin":47920,"position":0},"title":"Spak merr t\u00eb pandehur Kryebashkiakun e Mallakastr\u00ebs Qerim Ismailaj","author":"Kurt Farka","date":"November 1, 2021","format":false,"excerpt":"Spak merr t\u00eb pandehur Kryebashkiakun e Mallakastr\u00ebs Qerim Ismailaj 1 N\u00ebntor 2021 Prokuroria e Posa\u00e7me kund\u00ebr Korrupsionit dhe Krimit t\u00eb Organizuar Tiran\u00eb, merr t\u00eb pandehur kryetarin e bashkis\u00eb s\u00eb Mallakastr\u00ebs, Qerim Ismailajn dhe e d\u00ebrgon \u00e7\u00ebshtjen n\u00eb gjykate. N\u00eb p\u00ebrfundim t\u00eb hetimeve, Ismailaj akuzohet p\u00ebr vepr\u00ebn penale t\u00eb falsifikimit t\u00eb\u2026","rel":"","context":"In &quot;Politika&quot;","block_context":{"text":"Politika","link":"https:\/\/www.shqiperia.com\/blog\/category\/politika\/"},"img":{"alt_text":"","src":"https:\/\/i0.wp.com\/www.shqiperia.com\/blog\/wp-content\/uploads\/2021\/11\/agron-kapllanaj.jpg?fit=1024%2C538&ssl=1&resize=350%2C200","width":350,"height":200,"srcset":"https:\/\/i0.wp.com\/www.shqiperia.com\/blog\/wp-content\/uploads\/2021\/11\/agron-kapllanaj.jpg?fit=1024%2C538&ssl=1&resize=350%2C200 1x, https:\/\/i0.wp.com\/www.shqiperia.com\/blog\/wp-content\/uploads\/2021\/11\/agron-kapllanaj.jpg?fit=1024%2C538&ssl=1&resize=525%2C300 1.5x, https:\/\/i0.wp.com\/www.shqiperia.com\/blog\/wp-content\/uploads\/2021\/11\/agron-kapllanaj.jpg?fit=1024%2C538&ssl=1&resize=700%2C400 2x"},"classes":[]},{"id":47995,"url":"https:\/\/www.shqiperia.com\/blog\/pas-te-dhenave-te-prokurorise-qe-kryebashkiaku-i-ps-eshte-denuar-me-tre-vite-burg-reagon-menjehere-gazment-bardhi-nje-tjeter-burgaxhi-i-edi-rames-do-te-largohet-nga-qeverisja\/","url_meta":{"origin":47920,"position":1},"title":"Pas t\u00eb dh\u00ebnave t\u00eb Prokuroris\u00eb q\u00eb kryebashkiaku i PS \u00ebsht\u00eb d\u00ebnuar me tre vite burg, reagon Gazment Bardhi: &#8211; Nj\u00eb tjet\u00ebr burgaxhi i Edi Ram\u00ebs do t\u00eb largohet nga qeverisja","author":"Kurt Farka","date":"June 19, 2021","format":false,"excerpt":"Pas t\u00eb dh\u00ebnave t\u00eb Prokuroris\u00eb q\u00eb kryebashkiaku i PS \u00ebsht\u00eb d\u00ebnuar me tre vite burg, reagon Gazment Bardhi: - Nj\u00eb tjet\u00ebr burgaxhi i Edi Ram\u00ebs do t\u00eb largohet nga qeverisja 15 QERSHOR 2021 Pas t\u00eb dh\u00ebnave t\u00eb fundit q\u00eb nxori Prokuroria ku b\u00ebn me dije se\u00a0kryebashkiaku i Mallakastr\u00ebs, Qerim Ismailaj\u2026","rel":"","context":"In &quot;Blogu i Udh\u00ebtarit&quot;","block_context":{"text":"Blogu i Udh\u00ebtarit","link":"https:\/\/www.shqiperia.com\/blog\/category\/blogu-i-udhetarit\/"},"img":{"alt_text":"","src":"https:\/\/i0.wp.com\/www.shqiperia.com\/blog\/wp-content\/uploads\/2021\/06\/Ballsh-Mallakaster.jpg?fit=1200%2C664&ssl=1&resize=350%2C200","width":350,"height":200,"srcset":"https:\/\/i0.wp.com\/www.shqiperia.com\/blog\/wp-content\/uploads\/2021\/06\/Ballsh-Mallakaster.jpg?fit=1200%2C664&ssl=1&resize=350%2C200 1x, https:\/\/i0.wp.com\/www.shqiperia.com\/blog\/wp-content\/uploads\/2021\/06\/Ballsh-Mallakaster.jpg?fit=1200%2C664&ssl=1&resize=525%2C300 1.5x, https:\/\/i0.wp.com\/www.shqiperia.com\/blog\/wp-content\/uploads\/2021\/06\/Ballsh-Mallakaster.jpg?fit=1200%2C664&ssl=1&resize=700%2C400 2x, https:\/\/i0.wp.com\/www.shqiperia.com\/blog\/wp-content\/uploads\/2021\/06\/Ballsh-Mallakaster.jpg?fit=1200%2C664&ssl=1&resize=1050%2C600 3x"},"classes":[]},{"id":30123,"url":"https:\/\/www.shqiperia.com\/blog\/tjeter-kryebashkiak-i-ps-me-te-kaluar-kriminale-pd-qerim-ismailaj-i-denuar-ne-greqi\/","url_meta":{"origin":47920,"position":2},"title":"Tjet\u00ebr kryebashkiak i PS me t\u00eb kaluar kriminale. PD: Qerim Ismailaj i d\u00ebnuar n\u00eb Greqi","author":"Kurt Farka","date":"January 8, 2020","format":false,"excerpt":"Tjet\u00ebr kryebashkiak i PS me t\u00eb kaluar kriminale. PD: Qerim Ismailaj i d\u00ebnuar n\u00eb Greqi 08\/01\/2020 Pas Shkodr\u00ebs, Vor\u00ebs dhe Vaut t\u00eb Dej\u00ebs, Partia Demokratike i ka k\u00ebrkuar Prokuroris\u00eb q\u00eb t\u00eb vetifikoj\u00eb t\u00eb kaluar\u00ebn e Kryebashkiakut t\u00eb Mallakastr\u00ebs, Qerim Ismailaj. N\u00eb k\u00ebrkes\u00ebn e Sekretarit t\u00eb P\u00ebrgjithsh\u00ebm t\u00eb PD-s\u00eb, Gazment Bardhi,\u2026","rel":"","context":"In &quot;Njoftime Shtypi&quot;","block_context":{"text":"Njoftime Shtypi","link":"https:\/\/www.shqiperia.com\/blog\/category\/njoftime-shtypi\/"},"img":{"alt_text":"","src":"https:\/\/i0.wp.com\/www.shqiperia.com\/blog\/wp-content\/uploads\/2020\/01\/Qerim-Ismailaj..jpg?fit=750%2C375&ssl=1&resize=350%2C200","width":350,"height":200,"srcset":"https:\/\/i0.wp.com\/www.shqiperia.com\/blog\/wp-content\/uploads\/2020\/01\/Qerim-Ismailaj..jpg?fit=750%2C375&ssl=1&resize=350%2C200 1x, https:\/\/i0.wp.com\/www.shqiperia.com\/blog\/wp-content\/uploads\/2020\/01\/Qerim-Ismailaj..jpg?fit=750%2C375&ssl=1&resize=525%2C300 1.5x, https:\/\/i0.wp.com\/www.shqiperia.com\/blog\/wp-content\/uploads\/2020\/01\/Qerim-Ismailaj..jpg?fit=750%2C375&ssl=1&resize=700%2C400 2x"},"classes":[]},{"id":30260,"url":"https:\/\/www.shqiperia.com\/blog\/edhe-kryebashkiaku-i-mallakastres-i-denuar-ne-greqi-nuk-e-dija\/","url_meta":{"origin":47920,"position":3},"title":"Edhe kryebashkiaku i Mallakastr\u00ebs i d\u00ebnuar n\u00eb Greqi: &#8211; Nuk e dija &#8230;","author":"Kurt Farka","date":"January 12, 2020","format":false,"excerpt":"Edhe kryebashkiaku i Mallakastr\u00ebs i d\u00ebnuar n\u00eb Greqi: - Nuk e dija... Fillimisht e mohoi, por pak or\u00eb pasi Partia Demokratike nxori dokumentet p\u00ebr t\u00eb cilat thot\u00eb se konfirmojn\u00eb d\u00ebnimin e Qerim Ismailajt n\u00eb Greqi, ky i fundit thot\u00eb q\u00eb nuk e dinte. \u201cLidhur me shkresat e paraqitura sot nuk\u2026","rel":"","context":"In &quot;Histori&quot;","block_context":{"text":"Histori","link":"https:\/\/www.shqiperia.com\/blog\/category\/histori\/"},"img":{"alt_text":"","src":"https:\/\/i0.wp.com\/www.shqiperia.com\/blog\/wp-content\/uploads\/2020\/01\/Screenshot_5-11-e1578729933939-905x450-1.jpg?fit=905%2C450&ssl=1&resize=350%2C200","width":350,"height":200,"srcset":"https:\/\/i0.wp.com\/www.shqiperia.com\/blog\/wp-content\/uploads\/2020\/01\/Screenshot_5-11-e1578729933939-905x450-1.jpg?fit=905%2C450&ssl=1&resize=350%2C200 1x, https:\/\/i0.wp.com\/www.shqiperia.com\/blog\/wp-content\/uploads\/2020\/01\/Screenshot_5-11-e1578729933939-905x450-1.jpg?fit=905%2C450&ssl=1&resize=525%2C300 1.5x, https:\/\/i0.wp.com\/www.shqiperia.com\/blog\/wp-content\/uploads\/2020\/01\/Screenshot_5-11-e1578729933939-905x450-1.jpg?fit=905%2C450&ssl=1&resize=700%2C400 2x"},"classes":[]},{"id":88960,"url":"https:\/\/www.shqiperia.com\/blog\/me-shume-se-gjysma-e-bashkive-ne-hetim-nga-spak\/","url_meta":{"origin":47920,"position":4},"title":"M\u00eb shum\u00eb se gjysma e bashkive n\u00eb hetim nga SPAK","author":"Kurt Farka","date":"February 4, 2025","format":false,"excerpt":"4 Shkurt 2025 Dit\u00ebn kur firmosi formularin e dekriminalizimit, Qerim Ismailaj, ishte ende kandidat p\u00ebr Bashkin\u00eb e Mallakastr\u00ebs. Kryebashkiaku i ardhsh\u00ebm shkroi n\u00eb formular se gjat\u00eb koh\u00ebs kur ishte emigrant n\u00eb Greqi, ai nuk kishte pasur probleme me drejt\u00ebsin\u00eb. Nj\u00eb deklarat\u00eb q\u00eb u vu n\u00eb dyshim nga Partia Demokratike p\u00ebrmes\u2026","rel":"","context":"In &quot;Blogu i Udh\u00ebtarit&quot;","block_context":{"text":"Blogu i Udh\u00ebtarit","link":"https:\/\/www.shqiperia.com\/blog\/category\/blogu-i-udhetarit\/"},"img":{"alt_text":"","src":"https:\/\/i0.wp.com\/www.shqiperia.com\/blog\/wp-content\/uploads\/2025\/02\/collage-1-1.jpg?fit=600%2C400&ssl=1&resize=350%2C200","width":350,"height":200,"srcset":"https:\/\/i0.wp.com\/www.shqiperia.com\/blog\/wp-content\/uploads\/2025\/02\/collage-1-1.jpg?fit=600%2C400&ssl=1&resize=350%2C200 1x, https:\/\/i0.wp.com\/www.shqiperia.com\/blog\/wp-content\/uploads\/2025\/02\/collage-1-1.jpg?fit=600%2C400&ssl=1&resize=525%2C300 1.5x"},"classes":[]},{"id":74310,"url":"https:\/\/www.shqiperia.com\/blog\/drafti-per-amnistine-e-te-denuarve-gazetari-i-njohur-tregon-se-kush-perfiton\/","url_meta":{"origin":47920,"position":5},"title":"Drafti p\u00ebr amnistin\u00eb e t\u00eb d\u00ebnuarve, gazetari i njohur tregon se kush p\u00ebrfiton","author":"Kurt Farka","date":"September 17, 2023","format":false,"excerpt":"17 Shtator 2023 Gazetari Eni Ferhati ishte k\u00ebt\u00eb t\u00eb diel i ftuar n\u00eb nj\u00eb intervist\u00eb p\u00ebr Euronews Albania p\u00ebr t\u00eb folur rreth draftit t\u00eb qeveris\u00eb p\u00ebr amnistin\u00eb e t\u00eb burgosurve. Ai tha se nga kjo amnisti pritet t\u00eb p\u00ebrfitojn\u00eb rreth 600 t\u00eb burgosur dhe qindra t\u00eb tjer\u00eb q\u00eb do u\u2026","rel":"","context":"In &quot;Blogu i Udh\u00ebtarit&quot;","block_context":{"text":"Blogu i Udh\u00ebtarit","link":"https:\/\/www.shqiperia.com\/blog\/category\/blogu-i-udhetarit\/"},"img":{"alt_text":"","src":"https:\/\/i0.wp.com\/www.shqiperia.com\/blog\/wp-content\/uploads\/2023\/09\/800-0-65071012f3de7.jpg?fit=800%2C417&ssl=1&resize=350%2C200","width":350,"height":200,"srcset":"https:\/\/i0.wp.com\/www.shqiperia.com\/blog\/wp-content\/uploads\/2023\/09\/800-0-65071012f3de7.jpg?fit=800%2C417&ssl=1&resize=350%2C200 1x, https:\/\/i0.wp.com\/www.shqiperia.com\/blog\/wp-content\/uploads\/2023\/09\/800-0-65071012f3de7.jpg?fit=800%2C417&ssl=1&resize=525%2C300 1.5x, https:\/\/i0.wp.com\/www.shqiperia.com\/blog\/wp-content\/uploads\/2023\/09\/800-0-65071012f3de7.jpg?fit=800%2C417&ssl=1&resize=700%2C400 2x"},"classes":[]}],"_links":{"self":[{"href":"https:\/\/www.shqiperia.com\/blog\/wp-json\/wp\/v2\/posts\/47920","targetHints":{"allow":["GET"]}}],"collection":[{"href":"https:\/\/www.shqiperia.com\/blog\/wp-json\/wp\/v2\/posts"}],"about":[{"href":"https:\/\/www.shqiperia.com\/blog\/wp-json\/wp\/v2\/types\/post"}],"author":[{"embeddable":true,"href":"https:\/\/www.shqiperia.com\/blog\/wp-json\/wp\/v2\/users\/9"}],"replies":[{"embeddable":true,"href":"https:\/\/www.shqiperia.com\/blog\/wp-json\/wp\/v2\/comments?post=47920"}],"version-history":[{"count":1,"href":"https:\/\/www.shqiperia.com\/blog\/wp-json\/wp\/v2\/posts\/47920\/revisions"}],"predecessor-version":[{"id":47922,"href":"https:\/\/www.shqiperia.com\/blog\/wp-json\/wp\/v2\/posts\/47920\/revisions\/47922"}],"wp:featuredmedia":[{"embeddable":true,"href":"https:\/\/www.shqiperia.com\/blog\/wp-json\/wp\/v2\/media\/47921"}],"wp:attachment":[{"href":"https:\/\/www.shqiperia.com\/blog\/wp-json\/wp\/v2\/media?parent=47920"}],"wp:term":[{"taxonomy":"category","embeddable":true,"href":"https:\/\/www.shqiperia.com\/blog\/wp-json\/wp\/v2\/categories?post=47920"},{"taxonomy":"post_tag","embeddable":true,"href":"https:\/\/www.shqiperia.com\/blog\/wp-json\/wp\/v2\/tags?post=47920"}],"curies":[{"name":"wp","href":"https:\/\/api.w.org\/{rel}","templated":true}]}}