{"id":47916,"date":"2021-06-15T08:07:45","date_gmt":"2021-06-15T08:07:45","guid":{"rendered":"https:\/\/www.shqiperia.com\/blog\/?p=47916"},"modified":"2021-06-15T08:07:45","modified_gmt":"2021-06-15T08:07:45","slug":"vajtimi-i-mbivarrshem-nje-ikone-e-rralle-ne-mhk","status":"publish","type":"post","link":"https:\/\/www.shqiperia.com\/blog\/vajtimi-i-mbivarrshem-nje-ikone-e-rralle-ne-mhk\/","title":{"rendered":"\u201cVajtimi i mbivarrsh\u00ebm\u201d, nj\u00eb ikon\u00eb e rrall\u00eb n\u00eb MHK"},"content":{"rendered":"<p><img data-recalc-dims=\"1\" loading=\"lazy\" decoding=\"async\" data-attachment-id=\"47917\" data-permalink=\"https:\/\/www.shqiperia.com\/blog\/vajtimi-i-mbivarrshem-nje-ikone-e-rralle-ne-mhk\/800-0-60c83fb5ba849\/\" data-orig-file=\"https:\/\/i0.wp.com\/www.shqiperia.com\/blog\/wp-content\/uploads\/2021\/06\/800-0-60c83fb5ba849.jpg?fit=800%2C496&amp;ssl=1\" data-orig-size=\"800,496\" data-comments-opened=\"1\" data-image-meta=\"{&quot;aperture&quot;:&quot;0&quot;,&quot;credit&quot;:&quot;&quot;,&quot;camera&quot;:&quot;&quot;,&quot;caption&quot;:&quot;&quot;,&quot;created_timestamp&quot;:&quot;0&quot;,&quot;copyright&quot;:&quot;&quot;,&quot;focal_length&quot;:&quot;0&quot;,&quot;iso&quot;:&quot;0&quot;,&quot;shutter_speed&quot;:&quot;0&quot;,&quot;title&quot;:&quot;&quot;,&quot;orientation&quot;:&quot;0&quot;}\" data-image-title=\"-800-0-60c83fb5ba849\" data-image-description=\"\" data-image-caption=\"\" data-medium-file=\"https:\/\/i0.wp.com\/www.shqiperia.com\/blog\/wp-content\/uploads\/2021\/06\/800-0-60c83fb5ba849.jpg?fit=300%2C186&amp;ssl=1\" data-large-file=\"https:\/\/i0.wp.com\/www.shqiperia.com\/blog\/wp-content\/uploads\/2021\/06\/800-0-60c83fb5ba849.jpg?fit=800%2C496&amp;ssl=1\" class=\"alignnone  wp-image-47917\" alt=\"\" src=\"https:\/\/i0.wp.com\/www.shqiperia.com\/blog\/wp-content\/uploads\/2021\/06\/800-0-60c83fb5ba849.jpg?resize=480%2C297&#038;ssl=1\" width=\"480\" height=\"297\" srcset=\"https:\/\/i0.wp.com\/www.shqiperia.com\/blog\/wp-content\/uploads\/2021\/06\/800-0-60c83fb5ba849.jpg?resize=300%2C186&amp;ssl=1 300w, https:\/\/i0.wp.com\/www.shqiperia.com\/blog\/wp-content\/uploads\/2021\/06\/800-0-60c83fb5ba849.jpg?resize=768%2C476&amp;ssl=1 768w, https:\/\/i0.wp.com\/www.shqiperia.com\/blog\/wp-content\/uploads\/2021\/06\/800-0-60c83fb5ba849.jpg?resize=450%2C279&amp;ssl=1 450w, https:\/\/i0.wp.com\/www.shqiperia.com\/blog\/wp-content\/uploads\/2021\/06\/800-0-60c83fb5ba849.jpg?resize=600%2C372&amp;ssl=1 600w, https:\/\/i0.wp.com\/www.shqiperia.com\/blog\/wp-content\/uploads\/2021\/06\/800-0-60c83fb5ba849.jpg?resize=400%2C248&amp;ssl=1 400w, https:\/\/i0.wp.com\/www.shqiperia.com\/blog\/wp-content\/uploads\/2021\/06\/800-0-60c83fb5ba849.jpg?w=800&amp;ssl=1 800w\" sizes=\"auto, (max-width: 480px) 100vw, 480px\" \/><\/p>\n<p>\u201cVajtimi i mbivarrsh\u00ebm\u201d, nj\u00eb ikon\u00eb e rrall\u00eb n\u00eb MHK<\/p>\n<p>15 QERSHOR 2021<\/p>\n<p>N\u00eb Laboratorin e Restaurimit t\u00eb Veprave t\u00eb Artit, pran\u00eb Institutit Komb\u00ebtar t\u00eb Trash\u00ebgimis\u00eb Kulturore, p\u00ebrfundoi restaurimi i ikon\u00ebs \u201cVajtimi i mbivarrsh\u00ebm\u201d, pjes\u00eb e fondit t\u00eb Muzeut Historik Komb\u00ebtar. Instituti Komb\u00ebtar i Trash\u00ebgimis\u00eb Kulturore shkruan se ikona \u201cVajtimi i mbivarrsh\u00ebm\u201d ishte pjes\u00eb e veprave, q\u00eb u vodh\u00ebn n\u00eb muze n\u00eb vitin 1994 dhe q\u00eb u gjet\u00ebn m\u00eb pas. \u201cVepra \u00ebsht\u00eb nj\u00eb nd\u00ebr ikonat e rralla q\u00eb ndodhen n\u00eb k\u00ebt\u00eb muze, t\u00eb realizuara nga David Selenicasi, piktori i madh shqiptar i gjysm\u00ebs s\u00eb par\u00eb t\u00eb shekullit XVIII. Kjo ikon\u00eb ishte pjes\u00eb e veprave t\u00eb vjedhura nga Muzeun Historik Komb\u00ebtar n\u00eb vitin 1994, bashk\u00eb me \u201cEpitafin e Gllavenic\u00ebs\u201d, t\u00eb cilat u gjet\u00ebn m\u00eb pas n\u00eb vitin 1996\u201d, shprehet Instituti Komb\u00ebtar i Trash\u00ebgimis\u00eb Kulturore, q\u00eb ka publikuar dhe foto t\u00eb k\u00ebsaj ikone n\u00eb faqen e tij. David Selenica ose Selenicasi ishte nj\u00eb piktor shqiptar i fundshekullit t\u00eb XVII dhe fillimshekullit t\u00eb XVIII.<\/p>\n<div id=\"attachment_47918\" style=\"width: 515px\" class=\"wp-caption alignnone\"><img data-recalc-dims=\"1\" loading=\"lazy\" decoding=\"async\" aria-describedby=\"caption-attachment-47918\" data-attachment-id=\"47918\" data-permalink=\"https:\/\/www.shqiperia.com\/blog\/vajtimi-i-mbivarrshem-nje-ikone-e-rralle-ne-mhk\/vajtimi-i-mbivarrshem-ikone-e-david-selenices\/\" data-orig-file=\"https:\/\/i0.wp.com\/www.shqiperia.com\/blog\/wp-content\/uploads\/2021\/06\/Vajtimi-i-mbivarrshem-ikone-e-David-Selenices.jpg?fit=248%2C358&amp;ssl=1\" data-orig-size=\"248,358\" data-comments-opened=\"1\" data-image-meta=\"{&quot;aperture&quot;:&quot;0&quot;,&quot;credit&quot;:&quot;&quot;,&quot;camera&quot;:&quot;&quot;,&quot;caption&quot;:&quot;&quot;,&quot;created_timestamp&quot;:&quot;0&quot;,&quot;copyright&quot;:&quot;&quot;,&quot;focal_length&quot;:&quot;0&quot;,&quot;iso&quot;:&quot;0&quot;,&quot;shutter_speed&quot;:&quot;0&quot;,&quot;title&quot;:&quot;&quot;,&quot;orientation&quot;:&quot;0&quot;}\" data-image-title=\"\u201cVajtimi i mbivarrsh\u00ebm\u201d, ikone e David Selenices\" data-image-description=\"\" data-image-caption=\"&lt;p&gt;\u201cVajtimi i mbivarrsh\u00ebm\u201d, ikone e David Selenices&lt;\/p&gt;\n\" data-medium-file=\"https:\/\/i0.wp.com\/www.shqiperia.com\/blog\/wp-content\/uploads\/2021\/06\/Vajtimi-i-mbivarrshem-ikone-e-David-Selenices.jpg?fit=208%2C300&amp;ssl=1\" data-large-file=\"https:\/\/i0.wp.com\/www.shqiperia.com\/blog\/wp-content\/uploads\/2021\/06\/Vajtimi-i-mbivarrshem-ikone-e-David-Selenices.jpg?fit=248%2C358&amp;ssl=1\" class=\" wp-image-47918\" alt=\"\" src=\"https:\/\/i0.wp.com\/www.shqiperia.com\/blog\/wp-content\/uploads\/2021\/06\/Vajtimi-i-mbivarrshem-ikone-e-David-Selenices.jpg?resize=505%2C728&#038;ssl=1\" width=\"505\" height=\"728\" srcset=\"https:\/\/i0.wp.com\/www.shqiperia.com\/blog\/wp-content\/uploads\/2021\/06\/Vajtimi-i-mbivarrshem-ikone-e-David-Selenices.jpg?resize=208%2C300&amp;ssl=1 208w, https:\/\/i0.wp.com\/www.shqiperia.com\/blog\/wp-content\/uploads\/2021\/06\/Vajtimi-i-mbivarrshem-ikone-e-David-Selenices.jpg?w=248&amp;ssl=1 248w\" sizes=\"auto, (max-width: 505px) 100vw, 505px\" \/><p id=\"caption-attachment-47918\" class=\"wp-caption-text\">\u201cVajtimi i mbivarrsh\u00ebm\u201d, ikone e David Selenices<\/p><\/div>\n<p>Ai konsiderohet si nj\u00eb nga figurat m\u00eb t\u00eb shquara t\u00eb ikonografis\u00eb n\u00eb Shqip\u00ebrin\u00eb post-Bizantine. Selenicasi, i njohur edhe si Davidi i Selenic\u00ebs u lind n\u00eb fundin e shekullit XVII n\u00eb Selenic\u00eb, nj\u00eb fshat n\u00eb Kolonj\u00eb. Ai vdiq n\u00eb mesin e shekullit XVIII pran\u00eb Kor\u00e7\u00ebs. N\u00eb ndryshim nga piktor\u00eb t\u00eb tjer\u00eb t\u00eb periudh\u00ebs s\u00eb tij, Selenica p\u00ebrdor n\u00eb pikturat dhe ikonat e tij ngjyra t\u00eb \u00e7elura. Selenica kombinon elemente t\u00eb artit bizantin t\u00eb epok\u00ebs s\u00eb Paelologut dhe shkoll\u00ebs Veneciane t\u00eb artit. Vepra e David Selenicasit ndikoi edhe mbi piktor\u00ebt e tij bashk\u00ebkoh\u00ebs si Kostandin Shpataraku, v\u00ebllez\u00ebrit Kostandin dhe Athanas Zografi dhe n\u00eb vepra t\u00eb tjera t\u00eb fillim shekullit XIX. Ai konsiderohet si themeluesi i nj\u00eb shkolle t\u00eb ve\u00e7ant\u00eb komb\u00ebtare t\u00eb piktor\u00ebve me baz\u00eb n\u00eb Kor\u00e7\u00eb. Pun\u00ebt e tij ekspozohen n\u00eb Muzeun Historik Komb\u00ebtar n\u00eb Tiran\u00eb n\u00eb pavionin e ikonave, si dhe n\u00eb Muzeun Komb\u00ebtar t\u00eb Artit Mesjetar n\u00eb Kor\u00e7\u00eb. Punime t\u00eb tjera t\u00eb David Selenicasit gjenden n\u00eb disa manastire n\u00eb Malin e Athosit. N\u00eb Voskopoj\u00eb ruhen shtat\u00eb prej muraleve t\u00eb tij.<\/p>\n<p>Gazeta Sot<\/p>\n","protected":false},"excerpt":{"rendered":"<p>\u201cVajtimi i mbivarrsh\u00ebm\u201d, nj\u00eb ikon\u00eb e rrall\u00eb n\u00eb MHK 15 QERSHOR 2021 N\u00eb Laboratorin e Restaurimit t\u00eb Veprave t\u00eb Artit, pran\u00eb Institutit Komb\u00ebtar t\u00eb Trash\u00ebgimis\u00eb Kulturore, p\u00ebrfundoi restaurimi i ikon\u00ebs \u201cVajtimi i mbivarrsh\u00ebm\u201d, pjes\u00eb e fondit t\u00eb Muzeut Historik Komb\u00ebtar. Instituti Komb\u00ebtar i Trash\u00ebgimis\u00eb Kulturore shkruan se ikona \u201cVajtimi i mbivarrsh\u00ebm\u201d ishte pjes\u00eb e veprave, [&hellip;]<\/p>\n","protected":false},"author":9,"featured_media":47917,"comment_status":"open","ping_status":"open","sticky":false,"template":"","format":"standard","meta":{"jetpack_post_was_ever_published":false,"_jetpack_newsletter_access":"","_jetpack_dont_email_post_to_subs":false,"_jetpack_newsletter_tier_id":0,"_jetpack_memberships_contains_paywalled_content":false,"_jetpack_memberships_contains_paid_content":false,"footnotes":"","jetpack_publicize_message":"","jetpack_publicize_feature_enabled":true,"jetpack_social_post_already_shared":true,"jetpack_social_options":{"image_generator_settings":{"template":"highway","default_image_id":0,"font":"","enabled":false},"version":2}},"categories":[87,10,86],"tags":[],"class_list":["post-47916","post","type-post","status-publish","format-standard","has-post-thumbnail","hentry","category-arte","category-kultura","category-trashegimi-kulturore"],"jetpack_publicize_connections":[],"jetpack_featured_media_url":"https:\/\/i0.wp.com\/www.shqiperia.com\/blog\/wp-content\/uploads\/2021\/06\/800-0-60c83fb5ba849.jpg?fit=800%2C496&ssl=1","jetpack_sharing_enabled":true,"jetpack_shortlink":"https:\/\/wp.me\/p5Z6wp-csQ","jetpack-related-posts":[{"id":11286,"url":"https:\/\/www.shqiperia.com\/blog\/instituti-i-shkupit-dhe-muzeu-kombetar-aktivitete-te-perbashketa\/","url_meta":{"origin":47916,"position":0},"title":"Instituti i Shkupit dhe Muzeu Komb\u00ebtar, aktivitete t\u00eb p\u00ebrbashk\u00ebta. &#8211;","author":"Kurt Farka","date":"September 9, 2018","format":false,"excerpt":"Instituti i Shkupit dhe Muzeu Komb\u00ebtar, aktivitete t\u00eb p\u00ebrbashk\u00ebta. - N\u00eb mjediset e Muzeut Historik Komb\u00ebtar u n\u00ebnshkrua nj\u00eb memorandum mir\u00ebkuptimi p\u00ebr organizimin e aktiviteteve t\u00eb p\u00ebrbashk\u00ebta nd\u00ebrmjet Muzeut Historik Komb\u00ebtar dhe Institutit t\u00eb Trash\u00ebgimis\u00eb Shpirt\u00ebrore e Kulturore t\u00eb Shqiptar\u00ebve n\u00eb Shkup. N\u00eb fjal\u00ebn e tij dr. Dorian Ko\u00e7i, drejtor\u2026","rel":"","context":"In &quot;Blogu i Udh\u00ebtarit&quot;","block_context":{"text":"Blogu i Udh\u00ebtarit","link":"https:\/\/www.shqiperia.com\/blog\/category\/blogu-i-udhetarit\/"},"img":{"alt_text":"","src":"https:\/\/i0.wp.com\/www.shqiperia.com\/blog\/wp-content\/uploads\/2018\/09\/muzue_memorandumii_koci_dhe_asani_faqe_18-2-Copy.jpg?resize=350%2C200","width":350,"height":200},"classes":[]},{"id":81672,"url":"https:\/\/www.shqiperia.com\/blog\/rrethohet-kantieri-i-muzeut-historik-kombetar-per-punimet-e-rikonstruksionit-studiuesit-nga-meki-mungon-transparenca\/","url_meta":{"origin":47916,"position":1},"title":"Rrethohet kantieri i Muzeut Historik Komb\u00ebtar p\u00ebr punimet e rikonstruksionit, studiuesit: Nga MEKI mungon transparenca","author":"Kurt Farka","date":"June 7, 2024","format":false,"excerpt":"7 Qershor 2024 Nga Julia Vrapi Projekti p\u00ebr restaurimin, rikonstruksionin dhe muzealizimin e Muzeut Historik Komb\u00ebtar sjell dhe mbylljen e institucionit m\u00eb t\u00eb r\u00ebnd\u00ebsish\u00ebm muzeor n\u00eb vend. Tashm\u00eb \u00ebsht\u00eb rrethuar dhe kantieri i Muzeut Historik Komb\u00ebtar p\u00ebr punimet e rikonstruksionit. N\u00eb nj\u00eb pjes\u00eb t\u00eb fasad\u00ebs s\u00eb MHK-s\u00eb jan\u00eb vendosur dhe\u2026","rel":"","context":"In &quot;Arte&quot;","block_context":{"text":"Arte","link":"https:\/\/www.shqiperia.com\/blog\/category\/arte\/"},"img":{"alt_text":"","src":"https:\/\/i0.wp.com\/www.shqiperia.com\/blog\/wp-content\/uploads\/2024\/06\/muz.jpg?fit=1024%2C614&ssl=1&resize=350%2C200","width":350,"height":200,"srcset":"https:\/\/i0.wp.com\/www.shqiperia.com\/blog\/wp-content\/uploads\/2024\/06\/muz.jpg?fit=1024%2C614&ssl=1&resize=350%2C200 1x, https:\/\/i0.wp.com\/www.shqiperia.com\/blog\/wp-content\/uploads\/2024\/06\/muz.jpg?fit=1024%2C614&ssl=1&resize=525%2C300 1.5x, https:\/\/i0.wp.com\/www.shqiperia.com\/blog\/wp-content\/uploads\/2024\/06\/muz.jpg?fit=1024%2C614&ssl=1&resize=700%2C400 2x"},"classes":[]},{"id":21377,"url":"https:\/\/www.shqiperia.com\/blog\/tirana-pa-muze-etnografik-etnografet-apel-institucioneve-per-pershtatjen-e-institutit-te-antropologjise\/","url_meta":{"origin":47916,"position":2},"title":"Tirana pa muze etnografik, etnograf\u00ebt apel institucioneve p\u00ebr p\u00ebrshtatjen e Institutit t\u00eb Antropologjis\u00eb","author":"Kurt Farka","date":"May 20, 2019","format":false,"excerpt":"Tirana pa muze etnografik, etnograf\u00ebt apel institucioneve p\u00ebr p\u00ebrshtatjen e Institutit t\u00eb Antropologjis\u00eb 18\/05\/2019 Tirana nuk ka nj\u00eb muze etnografik dhe specialist\u00eb t\u00eb fush\u00ebs shprehen se institucionet nuk kan\u00eb treguar v\u00ebmendje sa duhet p\u00ebr k\u00ebt\u00eb trash\u00ebgimi materiale. Edhe pavioni i etnografis\u00eb, q\u00eb ishte menduar t\u00eb hapej n\u00eb Muzeun Historik Komb\u00ebtar\u2026","rel":"","context":"In &quot;Histori&quot;","block_context":{"text":"Histori","link":"https:\/\/www.shqiperia.com\/blog\/category\/histori\/"},"img":{"alt_text":"","src":"https:\/\/i0.wp.com\/www.shqiperia.com\/blog\/wp-content\/uploads\/2019\/05\/20190519_143404.jpg?fit=1200%2C583&ssl=1&resize=350%2C200","width":350,"height":200,"srcset":"https:\/\/i0.wp.com\/www.shqiperia.com\/blog\/wp-content\/uploads\/2019\/05\/20190519_143404.jpg?fit=1200%2C583&ssl=1&resize=350%2C200 1x, https:\/\/i0.wp.com\/www.shqiperia.com\/blog\/wp-content\/uploads\/2019\/05\/20190519_143404.jpg?fit=1200%2C583&ssl=1&resize=525%2C300 1.5x, https:\/\/i0.wp.com\/www.shqiperia.com\/blog\/wp-content\/uploads\/2019\/05\/20190519_143404.jpg?fit=1200%2C583&ssl=1&resize=700%2C400 2x, https:\/\/i0.wp.com\/www.shqiperia.com\/blog\/wp-content\/uploads\/2019\/05\/20190519_143404.jpg?fit=1200%2C583&ssl=1&resize=1050%2C600 3x"},"classes":[]},{"id":93827,"url":"https:\/\/www.shqiperia.com\/blog\/godina-e-sarajeve-te-toptaneve-nje-projekt-qe-do-ta-ktheje-ne-muze-te-artit-dhe-trashegimise-islame\/","url_meta":{"origin":47916,"position":3},"title":"Godina e Sarajeve t\u00eb Toptan\u00ebve, nj\u00eb projekt q\u00eb do ta kthej\u00eb n\u00eb Muze t\u00eb Artit dhe Trash\u00ebgimis\u00eb Islame","author":"Kurt Farka","date":"September 20, 2025","format":false,"excerpt":"20 Shtator 2025 \"... \u201cMuzeu i Artit dhe Trash\u00ebgimis\u00eb Islame do t\u00eb ngrihet n\u00eb godin\u00ebn e Sarajeve, nga Instituti Konak n\u00eb bashk\u00ebpunim me Ministrin\u00eb e Kultur\u00ebs, Turizmit dhe Sportit si edhe me Bashkin\u00eb Tiran\u00eb, duke u b\u00ebr\u00eb nj\u00eb stacion i ri i.\u00a0 ...\" Godina e Sarajeve t\u00eb Toptan\u00ebve do t\u00eb\u2026","rel":"","context":"In &quot;Blogu i Udh\u00ebtarit&quot;","block_context":{"text":"Blogu i Udh\u00ebtarit","link":"https:\/\/www.shqiperia.com\/blog\/category\/blogu-i-udhetarit\/"},"img":{"alt_text":"","src":"https:\/\/i0.wp.com\/www.shqiperia.com\/blog\/wp-content\/uploads\/2025\/09\/1200-630-KR-SARAJET-MONUMENT_frame_902.jpg?fit=1200%2C630&ssl=1&resize=350%2C200","width":350,"height":200,"srcset":"https:\/\/i0.wp.com\/www.shqiperia.com\/blog\/wp-content\/uploads\/2025\/09\/1200-630-KR-SARAJET-MONUMENT_frame_902.jpg?fit=1200%2C630&ssl=1&resize=350%2C200 1x, https:\/\/i0.wp.com\/www.shqiperia.com\/blog\/wp-content\/uploads\/2025\/09\/1200-630-KR-SARAJET-MONUMENT_frame_902.jpg?fit=1200%2C630&ssl=1&resize=525%2C300 1.5x, https:\/\/i0.wp.com\/www.shqiperia.com\/blog\/wp-content\/uploads\/2025\/09\/1200-630-KR-SARAJET-MONUMENT_frame_902.jpg?fit=1200%2C630&ssl=1&resize=700%2C400 2x, https:\/\/i0.wp.com\/www.shqiperia.com\/blog\/wp-content\/uploads\/2025\/09\/1200-630-KR-SARAJET-MONUMENT_frame_902.jpg?fit=1200%2C630&ssl=1&resize=1050%2C600 3x"},"classes":[]},{"id":90890,"url":"https:\/\/www.shqiperia.com\/blog\/specialistet-e-iktk-nje-ekspedite-per-projektin-e-restaurimi-te-piktures-murale-ne-kishen-e-manastirit-te-shen-merise-ne-dhermi\/","url_meta":{"origin":47916,"position":4},"title":"Specialist\u00ebt e IKTK nj\u00eb ekspedit\u00eb p\u00ebr projektin e restaurimi t\u00eb piktur\u00ebs murale n\u00eb kish\u00ebn e Manastirit t\u00eb Sh\u00ebn M\u00ebris\u00eb ne Dhermi","author":"Kurt Farka","date":"March 30, 2025","format":false,"excerpt":"30 Mars 2025 Kisha e Manastirit t\u00eb Sh\u00ebn M\u00ebris\u00eb n\u00eb Dh\u00ebrmi ruan vlera t\u00eb \u00e7muara t\u00eb artit bizantin dhe pasbizantin, me piktura murale t\u00eb realizuara n\u00eb disa faza, nga shek. XII-XIII deri n\u00eb shek. XVIII. - Specialist\u00ebt e Institutit Komb\u00ebtar t\u00eb Trash\u00ebgimis\u00eb Kulturore (IKTK) zhvilluan nj\u00eb ekspedit\u00eb dokumentuese p\u00ebr hartimin\u2026","rel":"","context":"In &quot;Arte&quot;","block_context":{"text":"Arte","link":"https:\/\/www.shqiperia.com\/blog\/category\/arte\/"},"img":{"alt_text":"","src":"https:\/\/i0.wp.com\/www.shqiperia.com\/blog\/wp-content\/uploads\/2025\/03\/kisha-faqe-18-2-Copy-1140x570-1.jpg?fit=1140%2C570&ssl=1&resize=350%2C200","width":350,"height":200,"srcset":"https:\/\/i0.wp.com\/www.shqiperia.com\/blog\/wp-content\/uploads\/2025\/03\/kisha-faqe-18-2-Copy-1140x570-1.jpg?fit=1140%2C570&ssl=1&resize=350%2C200 1x, https:\/\/i0.wp.com\/www.shqiperia.com\/blog\/wp-content\/uploads\/2025\/03\/kisha-faqe-18-2-Copy-1140x570-1.jpg?fit=1140%2C570&ssl=1&resize=525%2C300 1.5x, https:\/\/i0.wp.com\/www.shqiperia.com\/blog\/wp-content\/uploads\/2025\/03\/kisha-faqe-18-2-Copy-1140x570-1.jpg?fit=1140%2C570&ssl=1&resize=700%2C400 2x, https:\/\/i0.wp.com\/www.shqiperia.com\/blog\/wp-content\/uploads\/2025\/03\/kisha-faqe-18-2-Copy-1140x570-1.jpg?fit=1140%2C570&ssl=1&resize=1050%2C600 3x"},"classes":[]},{"id":91241,"url":"https:\/\/www.shqiperia.com\/blog\/trafikonin-vepra-arti-qe-perbejne-pasuri-kulturore-prokuroria-fier-dergon-ne-gjyq-dy-persona\/","url_meta":{"origin":47916,"position":5},"title":"Trafikonin vepra arti q\u00eb p\u00ebrb\u00ebjn\u00eb pasuri kulturore. &#8211; Prokuroria Fier d\u00ebrgon n\u00eb gjyq dy persona","author":"Kurt Farka","date":"April 8, 2025","format":false,"excerpt":"8 Prill 2025 Prokuroria pran\u00eb Gjykat\u00ebs s\u00eb Shkall\u00ebs s\u00eb Par\u00eb t\u00eb Juridiksionit t\u00eb P\u00ebrgjithsh\u00ebm Fier merr t\u00eb pandehur dhe d\u00ebrgon n\u00eb gjyq shtetasit Sh.K. dhe P.P. p\u00ebr kryerjen e vepr\u00ebs penale t\u00eb \u2018Trafikimi i veprave t\u00eb artit dhe kultur\u00ebs\u2019 parashikuar nga neni 138\/a pg.2 i Kodit Penal. N\u00eb kuad\u00ebr t\u00eb\u2026","rel":"","context":"In &quot;Arte&quot;","block_context":{"text":"Arte","link":"https:\/\/www.shqiperia.com\/blog\/category\/arte\/"},"img":{"alt_text":"","src":"https:\/\/i0.wp.com\/www.shqiperia.com\/blog\/wp-content\/uploads\/2025\/04\/900-0-1702978223xfierpng-985.png?fit=900%2C513&ssl=1&resize=350%2C200","width":350,"height":200,"srcset":"https:\/\/i0.wp.com\/www.shqiperia.com\/blog\/wp-content\/uploads\/2025\/04\/900-0-1702978223xfierpng-985.png?fit=900%2C513&ssl=1&resize=350%2C200 1x, https:\/\/i0.wp.com\/www.shqiperia.com\/blog\/wp-content\/uploads\/2025\/04\/900-0-1702978223xfierpng-985.png?fit=900%2C513&ssl=1&resize=525%2C300 1.5x, https:\/\/i0.wp.com\/www.shqiperia.com\/blog\/wp-content\/uploads\/2025\/04\/900-0-1702978223xfierpng-985.png?fit=900%2C513&ssl=1&resize=700%2C400 2x"},"classes":[]}],"_links":{"self":[{"href":"https:\/\/www.shqiperia.com\/blog\/wp-json\/wp\/v2\/posts\/47916","targetHints":{"allow":["GET"]}}],"collection":[{"href":"https:\/\/www.shqiperia.com\/blog\/wp-json\/wp\/v2\/posts"}],"about":[{"href":"https:\/\/www.shqiperia.com\/blog\/wp-json\/wp\/v2\/types\/post"}],"author":[{"embeddable":true,"href":"https:\/\/www.shqiperia.com\/blog\/wp-json\/wp\/v2\/users\/9"}],"replies":[{"embeddable":true,"href":"https:\/\/www.shqiperia.com\/blog\/wp-json\/wp\/v2\/comments?post=47916"}],"version-history":[{"count":1,"href":"https:\/\/www.shqiperia.com\/blog\/wp-json\/wp\/v2\/posts\/47916\/revisions"}],"predecessor-version":[{"id":47919,"href":"https:\/\/www.shqiperia.com\/blog\/wp-json\/wp\/v2\/posts\/47916\/revisions\/47919"}],"wp:featuredmedia":[{"embeddable":true,"href":"https:\/\/www.shqiperia.com\/blog\/wp-json\/wp\/v2\/media\/47917"}],"wp:attachment":[{"href":"https:\/\/www.shqiperia.com\/blog\/wp-json\/wp\/v2\/media?parent=47916"}],"wp:term":[{"taxonomy":"category","embeddable":true,"href":"https:\/\/www.shqiperia.com\/blog\/wp-json\/wp\/v2\/categories?post=47916"},{"taxonomy":"post_tag","embeddable":true,"href":"https:\/\/www.shqiperia.com\/blog\/wp-json\/wp\/v2\/tags?post=47916"}],"curies":[{"name":"wp","href":"https:\/\/api.w.org\/{rel}","templated":true}]}}