{"id":47894,"date":"2021-06-14T12:29:09","date_gmt":"2021-06-14T12:29:09","guid":{"rendered":"https:\/\/www.shqiperia.com\/blog\/?p=47894"},"modified":"2021-06-14T12:29:09","modified_gmt":"2021-06-14T12:29:09","slug":"dhjete-gjuhet-me-te-vjetra-ne-bote-qe-fliten-edhe-sot","status":"publish","type":"post","link":"https:\/\/www.shqiperia.com\/blog\/dhjete-gjuhet-me-te-vjetra-ne-bote-qe-fliten-edhe-sot\/","title":{"rendered":"Dhjet\u00eb gjuh\u00ebt m\u00eb t\u00eb vjetra n\u00eb bot\u00eb q\u00eb fliten edhe sot"},"content":{"rendered":"<p><img data-recalc-dims=\"1\" loading=\"lazy\" decoding=\"async\" data-attachment-id=\"47895\" data-permalink=\"https:\/\/www.shqiperia.com\/blog\/dhjete-gjuhet-me-te-vjetra-ne-bote-qe-fliten-edhe-sot\/foto-ilustuese\/\" data-orig-file=\"https:\/\/i0.wp.com\/www.shqiperia.com\/blog\/wp-content\/uploads\/2021\/06\/Foto-ilustuese.jpg?fit=793%2C404&amp;ssl=1\" data-orig-size=\"793,404\" data-comments-opened=\"1\" data-image-meta=\"{&quot;aperture&quot;:&quot;0&quot;,&quot;credit&quot;:&quot;&quot;,&quot;camera&quot;:&quot;&quot;,&quot;caption&quot;:&quot;&quot;,&quot;created_timestamp&quot;:&quot;0&quot;,&quot;copyright&quot;:&quot;&quot;,&quot;focal_length&quot;:&quot;0&quot;,&quot;iso&quot;:&quot;0&quot;,&quot;shutter_speed&quot;:&quot;0&quot;,&quot;title&quot;:&quot;&quot;,&quot;orientation&quot;:&quot;0&quot;}\" data-image-title=\"Foto ilustruese\" data-image-description=\"\" data-image-caption=\"\" data-medium-file=\"https:\/\/i0.wp.com\/www.shqiperia.com\/blog\/wp-content\/uploads\/2021\/06\/Foto-ilustuese.jpg?fit=300%2C153&amp;ssl=1\" data-large-file=\"https:\/\/i0.wp.com\/www.shqiperia.com\/blog\/wp-content\/uploads\/2021\/06\/Foto-ilustuese.jpg?fit=793%2C404&amp;ssl=1\" class=\"alignnone  wp-image-47895\" alt=\"\" src=\"https:\/\/i0.wp.com\/www.shqiperia.com\/blog\/wp-content\/uploads\/2021\/06\/Foto-ilustuese.jpg?resize=559%2C285&#038;ssl=1\" width=\"559\" height=\"285\" srcset=\"https:\/\/i0.wp.com\/www.shqiperia.com\/blog\/wp-content\/uploads\/2021\/06\/Foto-ilustuese.jpg?resize=300%2C153&amp;ssl=1 300w, https:\/\/i0.wp.com\/www.shqiperia.com\/blog\/wp-content\/uploads\/2021\/06\/Foto-ilustuese.jpg?resize=768%2C391&amp;ssl=1 768w, https:\/\/i0.wp.com\/www.shqiperia.com\/blog\/wp-content\/uploads\/2021\/06\/Foto-ilustuese.jpg?resize=450%2C229&amp;ssl=1 450w, https:\/\/i0.wp.com\/www.shqiperia.com\/blog\/wp-content\/uploads\/2021\/06\/Foto-ilustuese.jpg?resize=600%2C306&amp;ssl=1 600w, https:\/\/i0.wp.com\/www.shqiperia.com\/blog\/wp-content\/uploads\/2021\/06\/Foto-ilustuese.jpg?resize=400%2C204&amp;ssl=1 400w, https:\/\/i0.wp.com\/www.shqiperia.com\/blog\/wp-content\/uploads\/2021\/06\/Foto-ilustuese.jpg?w=793&amp;ssl=1 793w\" sizes=\"auto, (max-width: 559px) 100vw, 559px\" \/><\/p>\n<p>Dhjet\u00eb gjuh\u00ebt m\u00eb t\u00eb vjetra n\u00eb bot\u00eb q\u00eb fliten edhe sot<\/p>\n<p>Gjuh\u00ebt kan\u00eb qen\u00eb gjithmon\u00eb \u201cfibra\u201d e njer\u00ebzimit. Guri i themelit t\u00eb shoq\u00ebris\u00eb njer\u00ebzore, dhe forca q\u00eb i hapi rrug\u00ebn qytet\u00ebrimit. Pa t\u00eb, shoq\u00ebrit\u00eb nuk mund t\u00eb zhvilloheshin si\u00e7 jan\u00eb zhvilluar. Ndaj gjuh\u00ebt jan\u00eb \u201ctestament\u201d mbi nevoj\u00ebn e madhe t\u00eb species ton\u00eb p\u00ebr t\u00eb ecur p\u00ebrpara. Sigurisht q\u00eb ato jan\u00eb nj\u00eb forc\u00eb fluide, evoluojn\u00eb gjithmon\u00eb, n\u00eb var\u00ebsi t\u00eb koh\u00ebs dhe ndikimeve t\u00eb jashtme\u2026<\/p>\n<p>Gjuh\u00ebt kan\u00eb qen\u00eb gjithmon\u00eb \u201cfibra\u201d e njer\u00ebzimit. Guri i themelit t\u00eb shoq\u00ebris\u00eb njer\u00ebzore, dhe forca q\u00eb i hapi rrug\u00ebn qytet\u00ebrimit. Pa t\u00eb, shoq\u00ebrit\u00eb nuk mund t\u00eb zhvilloheshin si\u00e7 jan\u00eb zhvilluar. Ndaj gjuh\u00ebt jan\u00eb \u201ctestament\u201d mbi nevoj\u00ebn e madhe t\u00eb species ton\u00eb p\u00ebr t\u00eb ecur p\u00ebrpara. Sigurisht q\u00eb ato jan\u00eb nj\u00eb forc\u00eb fluide, evoluojn\u00eb gjithmon\u00eb, n\u00eb var\u00ebsi t\u00eb koh\u00ebs dhe ndikimeve t\u00eb jashtme. Edhe sot, gjuh\u00ebt zhduken dhe rishfaqen, n\u00eb forma t\u00eb reja dhe t\u00eb ndryshme. Por cilat jan\u00eb gjuh\u00ebt m\u00eb t\u00eb vjetra n\u00eb bot\u00eb, q\u00eb fliten ende sot?<\/p>\n<p><strong>GJUHA BASKE.<\/strong>\u00a0Gjuha Baske ose Euskara si\u00e7 njihet nga fol\u00ebsit e saj, \u00ebsht\u00eb v\u00ebrtet\u00eb nj\u00eb gjuh\u00eb e mahnitshme dhe unike n\u00eb Evrop\u00eb. Ajo flitet sot n\u00eb rajonin Bask n\u00eb Spanj\u00eb nga rreth 750.000 fol\u00ebs amtar\u00eb dhe rreth 1.185.000 fol\u00ebs t\u00eb tjer\u00eb, q\u00eb nuk e kan\u00eb gjuh\u00ebn e tyre t\u00eb origjin\u00ebs. Rajoni Bask \u00ebsht\u00eb sht\u00ebpia e popullit bask, nj\u00eb zon\u00eb q\u00eb shtrihet midis kufirit mes Spanj\u00ebs dhe Franc\u00ebs, e p\u00ebrqendruar rreth Gjirit t\u00eb Biskaj\u00ebs. Gjuha baske nuk ka asnj\u00eb lidhje me gjuh\u00ebt fqinje. Nj\u00eb teori interesante, e lidh baskishten me gjuh\u00ebt e maleve t\u00eb Kaukazit, si\u00e7 jan\u00eb gjuha \u00e7e\u00e7ene dhe ajo gjeorgjiane, q\u00eb jan\u00eb gjithashtu unike.<\/p>\n<p><strong>GJUH\u00cbT KARTVELIANE.\u00a0<\/strong>Banor\u00ebt autokton\u00eb t\u00eb rajonit t\u00eb Maleve t\u00eb Kaukazit Jugor, gjuh\u00ebt kartveliane jan\u00eb padyshim nd\u00ebr m\u00eb t\u00eb vjetrat n\u00eb bot\u00eb, dhe q\u00eb fliten ende. K\u00ebtu futen gjuha gjeorgjiane, svan, zan, mingrelian dhe laz. Izolimi gjeografik i fiseve q\u00eb jetonin k\u00ebtu, lejoi zhvillimin e pashqet\u00ebsuar t\u00eb shoq\u00ebrive unike, q\u00eb m\u00eb von\u00eb do t\u00eb sundonin rajonin. Gjuha gjeorgjiane, ka form\u00ebn e saj m\u00eb t\u00eb hershme t\u00eb shkruar q\u00eb daton n\u00eb vitin 430 Pas Krishtit. Por vet\u00eb gjuha, \u00ebsht\u00eb sigurisht shum\u00eb m\u00eb e vjet\u00ebr. Kjo familje gjuh\u00ebsore, nuk \u00ebsht\u00eb e lidhur me asnj\u00eb tjet\u00ebr n\u00eb bot\u00eb, dhe ka rreth 5.2 milion\u00eb fol\u00ebs n\u00eb t\u00eb gjith\u00eb bot\u00ebn.<\/p>\n<p><strong>GJUHA TAMILE.<\/strong>\u00a0Gjuha tamile \u00ebsht\u00eb nj\u00eb pjes\u00eb e gjuh\u00ebve dravidiane, dhe flitet nga komuniteti etnik Tamil, q\u00eb banon n\u00eb pjes\u00ebn m\u00eb jugore t\u00eb n\u00ebnkontinentit Indian. Ajo \u00ebsht\u00eb gjithashtu nj\u00eb nga gjuh\u00ebt m\u00eb t\u00eb vjetra n\u00eb bot\u00eb q\u00eb fliten ende sot. N\u00eb shtetin indian Nadu, gjuha tamile \u00ebsht\u00eb gjuha zyrtare. Ajo nuk ka asnj\u00eb lidhje \u201cgjenetike\u201d me gjuh\u00ebn dominuese hindu n\u00eb Indi. Ajo flitet nga rreth 75 milion\u00eb tamile, t\u00eb shp\u00ebrndar\u00eb n\u00eb t\u00eb gjith\u00eb bot\u00ebn. Forma e saj m\u00eb e hershme e shkruar, daton n\u00eb vitin 300 Para Krishtit.<\/p>\n<p><strong>GJUH\u00cbT PALEO-SIBERIANE.\u00a0<\/strong>Ato u p\u00ebrkasin fiseve t\u00eb larg\u00ebta t\u00eb Siberis\u00eb dhe Lindjes s\u00eb Larg\u00ebt n\u00eb Rusi. K\u00ebtu p\u00ebrfshihen gjuh\u00ebt ket, \u00e7ukotko-kam\u00e7atkane, nivk dhe hukagir. Nga ana tjet\u00ebr, ato p\u00ebrb\u00ebhen nga shum\u00eb forma dhe dialekte rajonale. \u00cbsht\u00eb e sigurt\u00eb, q\u00eb k\u00ebto gjuh\u00eb i paraprijn\u00eb gjuh\u00ebve q\u00eb jan\u00eb sot dominuese n\u00eb Siberin\u00eb e sotme, si gjuh\u00ebt ruse, tunguze dhe turke. K\u00ebto fise nomade, nuk zhvilluan kurr\u00eb nj\u00eb sistem t\u00eb shkruar t\u00eb gjuh\u00ebve t\u00eb tyre.<\/p>\n<p><strong>GJUHA AINU.\u00a0<\/strong>\u00cbsht\u00eb gjuha e komunitetit etnik Ainu n\u00eb Japonin\u00eb Veriore, dhe q\u00eb i paraprin popullit modern japonez, q\u00eb u vendos n\u00eb k\u00ebto ishujt. Ainu \u00ebsht\u00eb nj\u00eb gjuh\u00eb e izoluar, pa asnj\u00eb lidhje me japonishten. Ekzistojn\u00eb disa lidhje t\u00eb vogla t\u00eb saj me gjuh\u00ebt paleo-siberiane. Njer\u00ebzit e komunitetit ainu dhe gjuha e tyre jan\u00eb sot t\u00eb rrezikuar, teksa shfaqin tipare t\u00eb dallueshme gjenetike dhe kulturore n\u00eb krahasim me japonez\u00ebt.<\/p>\n<p><strong>GJUHA ARABE.<\/strong>\u00a0I p\u00ebrket grupit t\u00eb gjuh\u00ebve semite, dhe \u00ebsht\u00eb nd\u00ebr m\u00eb t\u00eb vjetrat ende n\u00eb p\u00ebrdorim. Disa mbishkrime n\u00eb arabisht, datojn\u00eb q\u00eb nga viti 125 Pas Krishtit. \u00cbsht\u00eb nj\u00eb shembull i shk\u00eblqyer se si nj\u00eb gjuha e nj\u00eb kombi t\u00eb fuqish\u00ebm pushtues, mund t\u00eb vendoset n\u00eb nj\u00eb zon\u00eb t\u00eb gjer\u00eb, dhe t\u00eb mbijetoj\u00eb p\u00ebr shekuj n\u00eb form\u00ebn e saj origjinale.<\/p>\n<p><strong>GJUHA ARAMAIKE<\/strong>. Kjo gjuh\u00eb mburret me afro 3.100 vjet histori t\u00eb shkruar. Ajo ishte n\u00eb fillim gjuha e fisit aramean, q\u00eb u p\u00ebrhap n\u00eb rajonet e Levantit, Siris\u00eb dhe Mesopotamis\u00eb n\u00eb Lindjen e Mesme, dhe q\u00eb kishte krijuar nj\u00eb mbret\u00ebri q\u00eb rreth vitit 1000 Para Krishtit. Edhe n\u00eb koh\u00ebrat antike, ajo u p\u00ebrdor si nj\u00eb gjuh\u00eb mbret\u00ebrore n\u00eb disa nga oborret m\u00eb t\u00eb vjetra t\u00eb bot\u00ebs.<\/p>\n<p><strong>GJUHA KINEZE.<\/strong>\u00a0Gjuha kineze \u00ebsht\u00eb shum\u00eb e vjet\u00ebr, dhe nj\u00eb nd\u00ebr m\u00eb uniket n\u00eb bot\u00eb. Ajo \u00ebsht\u00eb shum\u00eb komplekse \u2013 si n\u00eb t\u00eb shkruar, ashtu edhe n\u00eb t\u00eb folur \u2013 dhe sistemi i saj i shkrimit mund t\u00eb p\u00ebrb\u00ebhet deri n\u00eb 100 mij\u00eb simbole t\u00eb ndryshme. Forma m\u00eb e hershme e shkruar e kinez\u00e7es, daton q\u00eb nga viti 1250 Para Krishtit.<\/p>\n<p><strong>GJUHA PERSE.<\/strong>\u00a0Persishtja, e njohur edhe si farsi, \u00ebsht\u00eb nj\u00eb gjuh\u00eb shum\u00eb e vjet\u00ebr indo-evropiane, q\u00eb i p\u00ebrket n\u00ebnndarjes indo-iraniane. Ajo flitet nga rreth 70 milion\u00eb njer\u00ebz n\u00eb t\u00eb gjith\u00eb bot\u00ebn. \u00cbsht\u00eb e gjurmuar n\u00eb form\u00eb t\u00eb shkruar q\u00eb n\u00eb shekullin VI Para Krishtit, por historia e saj \u00ebsht\u00eb m\u00eb e vjet\u00ebr. Persishtja e vjet\u00ebr, ishte gjuha e Perandoris\u00eb Akamenidiane, e cila ekzistoi gjat\u00eb viteve 550-330 Para Krishtit, dhe m\u00eb von\u00eb edhe n\u00eb Perandorin\u00eb Sasaniane. Shkrimi m\u00eb i vjet\u00ebr daton nga sundimi i Darit I.<\/p>\n<p><strong>GJUHA GAELIKE IRLANDEZE.<\/strong>\u00a0\u00cbsht\u00eb dega irlandeze e gjuh\u00ebve goidelike, nj\u00eb pjes\u00eb e familjes keltike t\u00eb gjuh\u00ebve indo-evropiane. Shkrimet m\u00eb t\u00eb hershme n\u00eb k\u00ebt\u00eb gjuh\u00eb n\u00eb Irland\u00eb, datojn\u00eb nga shekulli IV Pas Krishtit. Pas disa shekujsh shtypje brutale nga pushtuesit anglez\u00eb, kjo gjuh\u00eb po p\u00ebrjeton sot nj\u00eb ringjallje.<\/p>\n<p>Gazeta Bota Sot<\/p>\n","protected":false},"excerpt":{"rendered":"<p>Dhjet\u00eb gjuh\u00ebt m\u00eb t\u00eb vjetra n\u00eb bot\u00eb q\u00eb fliten edhe sot Gjuh\u00ebt kan\u00eb qen\u00eb gjithmon\u00eb \u201cfibra\u201d e njer\u00ebzimit. Guri i themelit t\u00eb shoq\u00ebris\u00eb njer\u00ebzore, dhe forca q\u00eb i hapi rrug\u00ebn qytet\u00ebrimit. Pa t\u00eb, shoq\u00ebrit\u00eb nuk mund t\u00eb zhvilloheshin si\u00e7 jan\u00eb zhvilluar. Ndaj gjuh\u00ebt jan\u00eb \u201ctestament\u201d mbi nevoj\u00ebn e madhe t\u00eb species ton\u00eb p\u00ebr t\u00eb ecur [&hellip;]<\/p>\n","protected":false},"author":9,"featured_media":47895,"comment_status":"open","ping_status":"open","sticky":false,"template":"","format":"standard","meta":{"jetpack_post_was_ever_published":false,"_jetpack_newsletter_access":"","_jetpack_dont_email_post_to_subs":false,"_jetpack_newsletter_tier_id":0,"_jetpack_memberships_contains_paywalled_content":false,"_jetpack_memberships_contains_paid_content":false,"footnotes":"","jetpack_publicize_message":"","jetpack_publicize_feature_enabled":true,"jetpack_social_post_already_shared":true,"jetpack_social_options":{"image_generator_settings":{"template":"highway","default_image_id":0,"font":"","enabled":false},"version":2}},"categories":[85,10,86],"tags":[],"class_list":["post-47894","post","type-post","status-publish","format-standard","has-post-thumbnail","hentry","category-histori","category-kultura","category-trashegimi-kulturore"],"jetpack_publicize_connections":[],"jetpack_featured_media_url":"https:\/\/i0.wp.com\/www.shqiperia.com\/blog\/wp-content\/uploads\/2021\/06\/Foto-ilustuese.jpg?fit=793%2C404&ssl=1","jetpack_sharing_enabled":true,"jetpack_shortlink":"https:\/\/wp.me\/p5Z6wp-csu","jetpack-related-posts":[{"id":75258,"url":"https:\/\/www.shqiperia.com\/blog\/cila-eshte-gjuha-me-e-vjeter-ne-bote\/","url_meta":{"origin":47894,"position":0},"title":"Cila \u00ebsht\u00eb gjuha m\u00eb e vjet\u00ebr n\u00eb bot\u00eb?","author":"Kurt Farka","date":"November 4, 2023","format":false,"excerpt":"4 Nentor 2023 Njohurit\u00eb e grumbulluara mund t\u00eb humbasin shpejt, p\u00ebr shembull p\u00ebr shkak t\u00eb metodave t\u00eb vjet\u00ebruara t\u00eb regjistrimit, q\u00eb nuk i p\u00ebrdor m\u00eb sot askush. Informacioni n\u00eb nj\u00eb disket\u00eb apo n\u00eb nj\u00eb disk mbetet i padobish\u00ebm, kur mungojn\u00eb pajisjet p\u00ebrkat\u00ebse p\u00ebr t'i d\u00ebgjuar. K\u00ebsaj i shtohet edhe fakti\u2026","rel":"","context":"In &quot;Blogu i Udh\u00ebtarit&quot;","block_context":{"text":"Blogu i Udh\u00ebtarit","link":"https:\/\/www.shqiperia.com\/blog\/category\/blogu-i-udhetarit\/"},"img":{"alt_text":"","src":"https:\/\/i0.wp.com\/www.shqiperia.com\/blog\/wp-content\/uploads\/2023\/11\/640-0-1698574177x63270750-906-997.jpg?fit=640%2C360&ssl=1&resize=350%2C200","width":350,"height":200,"srcset":"https:\/\/i0.wp.com\/www.shqiperia.com\/blog\/wp-content\/uploads\/2023\/11\/640-0-1698574177x63270750-906-997.jpg?fit=640%2C360&ssl=1&resize=350%2C200 1x, https:\/\/i0.wp.com\/www.shqiperia.com\/blog\/wp-content\/uploads\/2023\/11\/640-0-1698574177x63270750-906-997.jpg?fit=640%2C360&ssl=1&resize=525%2C300 1.5x"},"classes":[]},{"id":26544,"url":"https:\/\/www.shqiperia.com\/blog\/rrezikonin-te-zhdukeshin-tri-gjuhet-europiane-qe-po-ringjallen\/","url_meta":{"origin":47894,"position":1},"title":"Rrezikonin t\u00eb zhdukeshin, tri gjuh\u00ebt europiane q\u00eb po \u201cringjallen\u201d. &#8211;","author":"Kurt Farka","date":"October 1, 2019","format":false,"excerpt":"Rrezikonin t\u00eb zhdukeshin, tri gjuh\u00ebt europiane q\u00eb po \u201cringjallen\u201d. - 1 tetor \u00a02019 Sipas UNESCO-s, t\u00eb pakt\u00ebn 43% e 6000 gjuh\u00ebve q\u00eb fliten n\u00eb t\u00eb gjith\u00eb bot\u00ebn rrezikojn\u00eb t\u00eb zhduken. Madje, prej vitit 1950, 228 prej tyre e kan\u00eb p\u00ebsuar k\u00ebt\u00eb fat t\u00eb keq. Por ka edhe raste kur gjuh\u00ebt\u2026","rel":"","context":"In &quot;Histori&quot;","block_context":{"text":"Histori","link":"https:\/\/www.shqiperia.com\/blog\/category\/histori\/"},"img":{"alt_text":"","src":"https:\/\/i0.wp.com\/www.shqiperia.com\/blog\/wp-content\/uploads\/2019\/10\/bvbv-905x450.jpg?fit=905%2C450&ssl=1&resize=350%2C200","width":350,"height":200,"srcset":"https:\/\/i0.wp.com\/www.shqiperia.com\/blog\/wp-content\/uploads\/2019\/10\/bvbv-905x450.jpg?fit=905%2C450&ssl=1&resize=350%2C200 1x, https:\/\/i0.wp.com\/www.shqiperia.com\/blog\/wp-content\/uploads\/2019\/10\/bvbv-905x450.jpg?fit=905%2C450&ssl=1&resize=525%2C300 1.5x, https:\/\/i0.wp.com\/www.shqiperia.com\/blog\/wp-content\/uploads\/2019\/10\/bvbv-905x450.jpg?fit=905%2C450&ssl=1&resize=700%2C400 2x"},"classes":[]},{"id":8625,"url":"https:\/\/www.shqiperia.com\/blog\/pellazgo-iliret-ne-krijimin-e-kombevekultures-dhe-gjuheve-evropiane\/","url_meta":{"origin":47894,"position":2},"title":"PELLAZGO-ILIR\u00cbT N\u00cb KRIJIMIN E KOMBEVE,KULTUR\u00cbS DHE GJUH\u00cbVE EVROPIANE. &#8211;","author":"Kurt Farka","date":"June 10, 2018","format":false,"excerpt":"PELLAZGO-ILIR\u00cbT N\u00cb KRIJIMIN E KOMBEVE,KULTUR\u00cbS DHE GJUH\u00cbVE EVROPIANE Kan\u00eb q\u00ebn\u00eb historian\u00ebt e huaj dhe ve\u00e7an\u00ebrisht austriak\u00ebt, gjerman\u00ebt dhe s\u00eb fundmi amerikan\u00ebt, q\u00eb i kan\u00eb m\u00ebshuar me t\u00eb drejt\u00eb rolit t\u00eb etnis\u00eb m\u00eb t\u00eb vjet\u00ebr evropiane. Kjo \u00e7\u00ebshtje fatkeq\u00ebsisht nuk \u00ebsht\u00eb par\u00eb fare nga historiografia shqiptare, pasi historian\u00ebt shqiptar\u00eb jan\u00eb marr\u00eb\u2026","rel":"","context":"In &quot;Histori&quot;","block_context":{"text":"Histori","link":"https:\/\/www.shqiperia.com\/blog\/category\/histori\/"},"img":{"alt_text":"","src":"https:\/\/i0.wp.com\/www.shqiperia.com\/blog\/wp-content\/uploads\/2018\/06\/Trash%C3%ABgimia-Ilire-720x415-640x369.jpg?fit=640%2C369&ssl=1&resize=350%2C200","width":350,"height":200,"srcset":"https:\/\/i0.wp.com\/www.shqiperia.com\/blog\/wp-content\/uploads\/2018\/06\/Trash%C3%ABgimia-Ilire-720x415-640x369.jpg?fit=640%2C369&ssl=1&resize=350%2C200 1x, https:\/\/i0.wp.com\/www.shqiperia.com\/blog\/wp-content\/uploads\/2018\/06\/Trash%C3%ABgimia-Ilire-720x415-640x369.jpg?fit=640%2C369&ssl=1&resize=525%2C300 1.5x"},"classes":[]},{"id":78602,"url":"https:\/\/www.shqiperia.com\/blog\/edmond-tupja-shqipja-rrezikon-zhdukjen-si-latinishja-dhe-greqishtja-e-lashte\/","url_meta":{"origin":47894,"position":3},"title":"Edmond Tupja &#8211; Shqipja rrezikon zhdukjen si latinishja dhe greqishtja e lasht\u00eb","author":"Kurt Farka","date":"February 24, 2024","format":false,"excerpt":"25 Shkurt 2024 P\u00ebrkthyesi dhe shkrimtari i njohur Edmond Tupja deklaron se gjuha shqipe \u00ebsht\u00eb nj\u00eb nga 3 gjuh\u00ebt m\u00eb t\u00eb vjetra. I ftuar n\u00eb \u201c Mes dy bot\u00ebve\u201d t\u00eb Helidon Halitit n\u00eb RTSH, Edmond Tupja jep alarmin e zhdukjes s\u00eb gjuh\u00ebs son\u00eb si pasoj\u00eb e globalizimit. \u201cShqipja \u00ebsht\u00eb nj\u00eb\u2026","rel":"","context":"In &quot;Blogu i Udh\u00ebtarit&quot;","block_context":{"text":"Blogu i Udh\u00ebtarit","link":"https:\/\/www.shqiperia.com\/blog\/category\/blogu-i-udhetarit\/"},"img":{"alt_text":"","src":"https:\/\/i0.wp.com\/www.shqiperia.com\/blog\/wp-content\/uploads\/2024\/02\/640-0-65d9c1b69b2e4.jpeg?fit=640%2C382&ssl=1&resize=350%2C200","width":350,"height":200,"srcset":"https:\/\/i0.wp.com\/www.shqiperia.com\/blog\/wp-content\/uploads\/2024\/02\/640-0-65d9c1b69b2e4.jpeg?fit=640%2C382&ssl=1&resize=350%2C200 1x, https:\/\/i0.wp.com\/www.shqiperia.com\/blog\/wp-content\/uploads\/2024\/02\/640-0-65d9c1b69b2e4.jpeg?fit=640%2C382&ssl=1&resize=525%2C300 1.5x"},"classes":[]},{"id":84808,"url":"https:\/\/www.shqiperia.com\/blog\/cpo-ndodh-ne-maqedonine-e-veriut-presidenca-nuk-e-njeh-gjuhen-shqipe-qeveria-pjeserisht-ndersa-kuvendi-po\/","url_meta":{"origin":47894,"position":4},"title":"\u00c7\u2019po ndodh n\u00eb Maqedonin\u00eb e Veriut? &#8211; Presidenca \u201cnuk e njeh\u201d gjuh\u00ebn shqipe, &#8211; Qeveria pjes\u00ebrisht, &#8211; Nd\u00ebrsa Kuvendi po","author":"Kurt Farka","date":"September 21, 2024","format":false,"excerpt":"21 Shtator 2024 Portalb.mk ka analizuar p\u00ebrdorimin e shqipes p\u00ebr nj\u00eb jav\u00eb n\u00eb komunikatat me mediat dhe ueb-faqet e Qeveris\u00eb s\u00eb Maqedonis\u00eb s\u00eb Veriut, Presidenc\u00ebs dhe Kuvendit, tani q\u00eb me k\u00ebto institucione kryesojn\u00eb njer\u00ebz t\u00eb rinj. Gjat\u00eb shtat\u00eb dit\u00ebve t\u00eb analizuara (12-18 shtator) t\u00eb komunikatave t\u00eb k\u00ebtyre tre institucioneve, v\u00ebrehet\u2026","rel":"","context":"In &quot;Blogu i Udh\u00ebtarit&quot;","block_context":{"text":"Blogu i Udh\u00ebtarit","link":"https:\/\/www.shqiperia.com\/blog\/category\/blogu-i-udhetarit\/"},"img":{"alt_text":"","src":"https:\/\/i0.wp.com\/www.shqiperia.com\/blog\/wp-content\/uploads\/2024\/09\/640-0-maqedonieveriut-1726915005.jpg?fit=640%2C361&ssl=1&resize=350%2C200","width":350,"height":200,"srcset":"https:\/\/i0.wp.com\/www.shqiperia.com\/blog\/wp-content\/uploads\/2024\/09\/640-0-maqedonieveriut-1726915005.jpg?fit=640%2C361&ssl=1&resize=350%2C200 1x, https:\/\/i0.wp.com\/www.shqiperia.com\/blog\/wp-content\/uploads\/2024\/09\/640-0-maqedonieveriut-1726915005.jpg?fit=640%2C361&ssl=1&resize=525%2C300 1.5x"},"classes":[]},{"id":21579,"url":"https:\/\/www.shqiperia.com\/blog\/e-perkthyer-ne-te-gjitha-gjuhet-e-botes-receta-5000-vjecare-kuron-semundje-te-ndryshme\/","url_meta":{"origin":47894,"position":5},"title":"E p\u00ebrkthyer n\u00eb t\u00eb gjitha gjuh\u00ebt e bot\u00ebs, receta 5000-vje\u00e7are kuron s\u00ebmundje t\u00eb ndryshme. &#8211;","author":"Kurt Farka","date":"May 27, 2019","format":false,"excerpt":"E p\u00ebrkthyer n\u00eb t\u00eb gjitha gjuh\u00ebt e bot\u00ebs, receta 5000-vje\u00e7are kuron s\u00ebmundje t\u00eb ndryshme. - Kjo recet\u00eb u zbulua nga komisioni i ALECSO-s, i Kombeve t\u00eb Bashkuara n\u00eb Ausev, n\u00eb vitin 1972. E p\u00ebrkthyer pothuajse n\u00eb t\u00eb gjitha gjuh\u00ebt e bot\u00ebs, ekzistenca e saj daton 4000-5000 vjet para er\u00ebs son\u00eb.\u2026","rel":"","context":"In &quot;Blogu i Udh\u00ebtarit&quot;","block_context":{"text":"Blogu i Udh\u00ebtarit","link":"https:\/\/www.shqiperia.com\/blog\/category\/blogu-i-udhetarit\/"},"img":{"alt_text":"","src":"https:\/\/i0.wp.com\/www.shqiperia.com\/blog\/wp-content\/uploads\/2019\/05\/recete-905x395.jpg?fit=905%2C395&ssl=1&resize=350%2C200","width":350,"height":200,"srcset":"https:\/\/i0.wp.com\/www.shqiperia.com\/blog\/wp-content\/uploads\/2019\/05\/recete-905x395.jpg?fit=905%2C395&ssl=1&resize=350%2C200 1x, https:\/\/i0.wp.com\/www.shqiperia.com\/blog\/wp-content\/uploads\/2019\/05\/recete-905x395.jpg?fit=905%2C395&ssl=1&resize=525%2C300 1.5x, https:\/\/i0.wp.com\/www.shqiperia.com\/blog\/wp-content\/uploads\/2019\/05\/recete-905x395.jpg?fit=905%2C395&ssl=1&resize=700%2C400 2x"},"classes":[]}],"_links":{"self":[{"href":"https:\/\/www.shqiperia.com\/blog\/wp-json\/wp\/v2\/posts\/47894","targetHints":{"allow":["GET"]}}],"collection":[{"href":"https:\/\/www.shqiperia.com\/blog\/wp-json\/wp\/v2\/posts"}],"about":[{"href":"https:\/\/www.shqiperia.com\/blog\/wp-json\/wp\/v2\/types\/post"}],"author":[{"embeddable":true,"href":"https:\/\/www.shqiperia.com\/blog\/wp-json\/wp\/v2\/users\/9"}],"replies":[{"embeddable":true,"href":"https:\/\/www.shqiperia.com\/blog\/wp-json\/wp\/v2\/comments?post=47894"}],"version-history":[{"count":1,"href":"https:\/\/www.shqiperia.com\/blog\/wp-json\/wp\/v2\/posts\/47894\/revisions"}],"predecessor-version":[{"id":47896,"href":"https:\/\/www.shqiperia.com\/blog\/wp-json\/wp\/v2\/posts\/47894\/revisions\/47896"}],"wp:featuredmedia":[{"embeddable":true,"href":"https:\/\/www.shqiperia.com\/blog\/wp-json\/wp\/v2\/media\/47895"}],"wp:attachment":[{"href":"https:\/\/www.shqiperia.com\/blog\/wp-json\/wp\/v2\/media?parent=47894"}],"wp:term":[{"taxonomy":"category","embeddable":true,"href":"https:\/\/www.shqiperia.com\/blog\/wp-json\/wp\/v2\/categories?post=47894"},{"taxonomy":"post_tag","embeddable":true,"href":"https:\/\/www.shqiperia.com\/blog\/wp-json\/wp\/v2\/tags?post=47894"}],"curies":[{"name":"wp","href":"https:\/\/api.w.org\/{rel}","templated":true}]}}