{"id":47887,"date":"2021-06-14T09:54:14","date_gmt":"2021-06-14T09:54:14","guid":{"rendered":"https:\/\/www.shqiperia.com\/blog\/?p=47887"},"modified":"2021-06-14T10:16:24","modified_gmt":"2021-06-14T10:16:24","slug":"prof-ramadan-sokoli-14-qershor-1920-shkoder-tirane-11-mars-2008","status":"publish","type":"post","link":"https:\/\/www.shqiperia.com\/blog\/prof-ramadan-sokoli-14-qershor-1920-shkoder-tirane-11-mars-2008\/","title":{"rendered":"Prof. Ramadan Sokoli. (14 qershor 1920, Shkod\u00ebr-Tirane 11 mars 2008)."},"content":{"rendered":"<p><img data-recalc-dims=\"1\" loading=\"lazy\" decoding=\"async\" data-attachment-id=\"47888\" data-permalink=\"https:\/\/www.shqiperia.com\/blog\/prof-ramadan-sokoli-14-qershor-1920-shkoder-tirane-11-mars-2008\/prof-ramadan-sokoli\/\" data-orig-file=\"https:\/\/i0.wp.com\/www.shqiperia.com\/blog\/wp-content\/uploads\/2021\/06\/Prof.-Ramadan-Sokoli.jpg?fit=915%2C527&amp;ssl=1\" data-orig-size=\"915,527\" data-comments-opened=\"1\" data-image-meta=\"{&quot;aperture&quot;:&quot;0&quot;,&quot;credit&quot;:&quot;&quot;,&quot;camera&quot;:&quot;&quot;,&quot;caption&quot;:&quot;&quot;,&quot;created_timestamp&quot;:&quot;0&quot;,&quot;copyright&quot;:&quot;&quot;,&quot;focal_length&quot;:&quot;0&quot;,&quot;iso&quot;:&quot;0&quot;,&quot;shutter_speed&quot;:&quot;0&quot;,&quot;title&quot;:&quot;&quot;,&quot;orientation&quot;:&quot;0&quot;}\" data-image-title=\"Prof. Ramadan Sokoli\" data-image-description=\"\" data-image-caption=\"\" data-medium-file=\"https:\/\/i0.wp.com\/www.shqiperia.com\/blog\/wp-content\/uploads\/2021\/06\/Prof.-Ramadan-Sokoli.jpg?fit=300%2C173&amp;ssl=1\" data-large-file=\"https:\/\/i0.wp.com\/www.shqiperia.com\/blog\/wp-content\/uploads\/2021\/06\/Prof.-Ramadan-Sokoli.jpg?fit=915%2C527&amp;ssl=1\" class=\"alignnone wp-image-47888\" alt=\"\" src=\"https:\/\/i0.wp.com\/www.shqiperia.com\/blog\/wp-content\/uploads\/2021\/06\/Prof.-Ramadan-Sokoli.jpg?resize=518%2C299&#038;ssl=1\" width=\"518\" height=\"299\" srcset=\"https:\/\/i0.wp.com\/www.shqiperia.com\/blog\/wp-content\/uploads\/2021\/06\/Prof.-Ramadan-Sokoli.jpg?resize=300%2C173&amp;ssl=1 300w, https:\/\/i0.wp.com\/www.shqiperia.com\/blog\/wp-content\/uploads\/2021\/06\/Prof.-Ramadan-Sokoli.jpg?resize=768%2C442&amp;ssl=1 768w, https:\/\/i0.wp.com\/www.shqiperia.com\/blog\/wp-content\/uploads\/2021\/06\/Prof.-Ramadan-Sokoli.jpg?resize=450%2C259&amp;ssl=1 450w, https:\/\/i0.wp.com\/www.shqiperia.com\/blog\/wp-content\/uploads\/2021\/06\/Prof.-Ramadan-Sokoli.jpg?resize=600%2C346&amp;ssl=1 600w, https:\/\/i0.wp.com\/www.shqiperia.com\/blog\/wp-content\/uploads\/2021\/06\/Prof.-Ramadan-Sokoli.jpg?resize=400%2C230&amp;ssl=1 400w, https:\/\/i0.wp.com\/www.shqiperia.com\/blog\/wp-content\/uploads\/2021\/06\/Prof.-Ramadan-Sokoli.jpg?w=915&amp;ssl=1 915w\" sizes=\"auto, (max-width: 518px) 100vw, 518px\" \/><\/p>\n<p>Prof. Ramadan Sokoli.\u00a0 (14 qershor 1920, Shkod\u00ebr-Tirane 11 mars 2008).<\/p>\n<p>Nga: <a href=\"https:\/\/l.facebook.com\/l.php?u=http%3A%2F%2Fwww.vasiltole.com%2F%3Ffbclid%3DIwAR3leAAaxrbQz5lddfz1GXAhBDx5b8HUmH1a0zpZneVruEwUZSp2wD8-VKY&amp;h=AT1EJiCnMnz5N3zspX3Bh-mjQOIOQAl-vQBWvHOqIsH1Oke-bXGZQBhlfOkbJOqiH-uetX10Q4DQoric9E8CNYF_tfwHoHU9mDeCHPf6lFpCpg8PHEPVnNrgohwu2Vv1Uq0&amp;__tn__=-UK-y-R&amp;c%5b0%5d=AT2Z2CQiD3JrwVz6sANfJGLCbLr0FZxqpgsHZDO-WKSb7J09ZoXRF_g4afR_JGb-RKz4kkAKQQwvkXufK25RLwmkY2fZpL1gwCxMZ3RXzc3h4LZiJxpgVqLFrGCAYXE1snnWD7R1pOTuQk8aUBW2y3OzjzvjgU21YaktF7x_HxTAzzk9GeHHWGo_N9NtYNl-bRG7LVDeLK2B6faSYWY\">www.vasiltole.com<\/a><\/p>\n<p>Me 14 qershor, ditelindja e themeluesit te etnomuzikologjise shqiptare Prof. Ramadan Sokoli (14 qershor 1920, Shkod\u00ebr-Tirane 11 mars 2008). Lindi n\u00eb qytetin e Shkodr\u00ebs m\u00eb 14 Qershor 1920 n\u00eb familjen patriotike dhe atdhetare t\u00eb Sokolave. Arsimin fillor dhe t\u00eb mes\u00ebm i kryen n\u00eb qytetin e Shkodr\u00ebs. N\u00eb vitet 1940-1944 kryen studimet e larta muzikore n\u00eb Firence, Itali. Pas \u00e7lirimit t\u00eb vendit kryen detyr\u00ebn e pedagogut t\u00eb Folklorit Muzikor Shqiptar n\u00eb Liceun Artistik dhe Institutin e Lart\u00eb t\u00eb Arteve, deg\u00eb t\u00eb cil\u00ebn e krijoi ai vet\u00eb. Nga vitet 1946-1950, Prof. Sokoli burgoset nga diktatura komuniste duke dashur t\u00eb thyej\u00eb karakterin e pathyesh\u00ebm t\u00eb k\u00ebtij burri t\u00eb rrall\u00eb t\u00eb Shqip\u00ebris\u00eb n\u00eb shek. XX, pjes\u00eb e kalvarit t\u00eb d\u00ebnimeve q\u00eb morr\u00ebn edhe pjestar\u00eb t\u00eb tjer\u00eb t\u00eb familjes s\u00eb Tij gjat\u00eb atyre viteve.<\/p>\n<p>Deri n\u00eb botimet e para t\u00eb Prof. Sokolit, t\u00eb cilat filluan rreth viteve 1950, etnomuzikologjia shqiptare nuk ekzistonte. Nd\u00ebr gjith\u00eb opusin e tij krijues punimet n\u00eb foklorin muzikor e p\u00ebrkat\u00ebsisht n\u00eb etnomuzikologji z\u00ebn\u00eb kryet e vendit, vepra t\u00eb cilat jan\u00eb nd\u00ebr t\u00eb tjera edhe punimet themeluese t\u00eb etnomuzikologjis\u00eb shqiptare n\u00eb p\u00ebrgjith\u00ebsi. N\u00eb nj\u00eb lloj kuptimi gjith\u00eb kontributi etnomuzikologjik i prof. Sokolit esht\u00eb si nj\u00eb enciklopedi e mbartjes dhe e shpjegimit t\u00eb fenomenit t\u00eb folklorit muzikor shqiptar n\u00eb koh\u00eb dhe hap\u00ebsir\u00eb shum\u00eb t\u00eb gjer\u00eb. K\u00ebt\u00eb e konstatojn\u00eb studiuesit, muziktar\u00ebt, srtudent\u00ebt dhe nx\u00ebn\u00ebsit e muzik\u00ebs, p\u00ebr t\u00eb cil\u00ebt ai orientoi dhe futi n\u00eb struktur\u00ebn e shkoll\u00ebs qysh n\u00eb vitet \u201950 t\u00eb shek. XX-t\u00eb, si nj\u00eb di\u00e7ka t\u00eb natyrshme l\u00ebnd\u00ebn e Folklorit Muzikor Shqiptar. Ishte nj\u00eb hap mendimtari ky, ai q\u00eb p\u00ebrcaktoi edhe orientimin prej vlerave tona shekullore, q\u00eb shkolla e re shqiptare duhej detyrimisht t\u2019i ndiqte. N\u00eb vitet 1957 dhe 1959, p\u00ebrmes organizimit t\u00eb ekspeditave t\u00eb p\u00ebrbashk\u00ebta nd\u00ebrkomb\u00ebtare me institutet k\u00ebrkimore shkencore t\u00eb Gjermanis\u00eb dhe Rumanis\u00eb, ndikoi s\u00eb tep\u00ebrmi n\u00eb popullarizimin e vlerave t\u00eb trash\u00ebgimis\u00eb son\u00eb kulturore, nd\u00ebr to edhe t\u00eb folklorit muzikor \u00e7am, n\u00eb Evrop\u00eb e m\u00eb gjer\u00eb.<\/p>\n<p>Vlerat e vepr\u00ebs s\u00eb Prof. Sokolit jan\u00eb konturuar s\u00eb bashku me rritjen profesionale, shkencore dhe artistike t\u00eb autorit t\u00eb saj. Ajo \u00e7\u2019ka i ka ngjizur ato n\u00eb nj\u00eb unitet t\u00eb vet\u00ebm rrezatues, \u00ebsht\u00eb shpirti, puna dhe p\u00ebrkushtimi i tij prej rilindasi. Fal\u00eb kontributit t\u00eb tij t\u00eb jasht\u00ebzakonsh\u00ebm dhe interpretimeve t\u00eb tij shkencore, kan\u00eb folur shqip zbulimet e arkeologjis\u00eb son\u00eb muzikore, t\u00eb m\u00ebdhenjt\u00eb Niket\u00eb Dardani, Jan Kukuzeli e Danush Lapacaja, figur\u00ebn e Sk\u00ebnderbeut n\u00eb muzik\u00eb, si dhe jan\u00eb dh\u00ebn\u00eb p\u00ebrgjigje thelb\u00ebsore p\u00ebr m\u00ebnyr\u00ebn e organizimit dhe tipologjit\u00eb baz\u00eb t\u00eb folklorit muzikor shqiptar duke filluar prej veglave tona muzikore e deri tek p\u00ebrgjigje t\u00eb komplikuara t\u00eb origjin\u00ebs s\u00eb muzik\u00ebs son\u00eb popullore, k\u00ebtej e matan\u00eb kufirit.<\/p>\n<p>Po kaq t\u00eb r\u00ebnd\u00ebsishme e konsiderojm\u00eb edhe krijimtarin\u00eb e tij muzikore, e cila ka n\u00eb thelb orientimin p\u00ebr nga vlerat e etnomuzik\u00ebs; punimet e tij muzikologjike n\u00eb t\u00eb cilat influenca e etnomuzik\u00ebs \u00ebsht\u00eb e drejtp\u00ebrdrejt\u00eb, e po aq konstatimi se edhe n\u00eb studimet e tij albanologjike, v\u00ebshtrimi etnomuzikologjik i problemit albanologjik \u00ebsht\u00eb m\u00eb se origjinal. Jan\u00eb t\u00eb paharrueshme krijimet e tij muzikore t\u00eb t\u00eb gjitha llojeve dhe gjinive, duke kujtuar nd\u00ebr to k\u00ebng\u00ebt aq t\u00eb njohura si: \u201cTurtullesh\u00eb\u201d, \u201cBlegron delja\u201d, \u201cLuleja me er\u00eb\u201d etj.<\/p>\n<div id=\"attachment_47891\" style=\"width: 678px\" class=\"wp-caption alignnone\"><img data-recalc-dims=\"1\" loading=\"lazy\" decoding=\"async\" aria-describedby=\"caption-attachment-47891\" data-attachment-id=\"47891\" data-permalink=\"https:\/\/www.shqiperia.com\/blog\/prof-ramadan-sokoli-14-qershor-1920-shkoder-tirane-11-mars-2008\/ramadan-sokoli-jaho-brahaj-tirane-2006-foto-qerim-vrioni\/\" data-orig-file=\"https:\/\/i0.wp.com\/www.shqiperia.com\/blog\/wp-content\/uploads\/2021\/06\/Ramadan-Sokoli-Jaho-Brahaj.-Tirane-2006.-Foto-Qerim-Vrioni..jpg?fit=1608%2C1202&amp;ssl=1\" data-orig-size=\"1608,1202\" data-comments-opened=\"1\" data-image-meta=\"{&quot;aperture&quot;:&quot;0&quot;,&quot;credit&quot;:&quot;&quot;,&quot;camera&quot;:&quot;&quot;,&quot;caption&quot;:&quot;&quot;,&quot;created_timestamp&quot;:&quot;0&quot;,&quot;copyright&quot;:&quot;&quot;,&quot;focal_length&quot;:&quot;0&quot;,&quot;iso&quot;:&quot;0&quot;,&quot;shutter_speed&quot;:&quot;0&quot;,&quot;title&quot;:&quot;&quot;,&quot;orientation&quot;:&quot;0&quot;}\" data-image-title=\"Ramadan Sokoli, Jaho Brahaj. Tirane 2006. Foto Qerim Vrioni.\" data-image-description=\"\" data-image-caption=\"&lt;p&gt;Ramadan Sokoli,  Jaho Brahaj. Tirane 2006. Foto Qerim Vrioni.&lt;\/p&gt;\n\" data-medium-file=\"https:\/\/i0.wp.com\/www.shqiperia.com\/blog\/wp-content\/uploads\/2021\/06\/Ramadan-Sokoli-Jaho-Brahaj.-Tirane-2006.-Foto-Qerim-Vrioni..jpg?fit=300%2C224&amp;ssl=1\" data-large-file=\"https:\/\/i0.wp.com\/www.shqiperia.com\/blog\/wp-content\/uploads\/2021\/06\/Ramadan-Sokoli-Jaho-Brahaj.-Tirane-2006.-Foto-Qerim-Vrioni..jpg?fit=1024%2C765&amp;ssl=1\" class=\" wp-image-47891\" alt=\"\" src=\"https:\/\/i0.wp.com\/www.shqiperia.com\/blog\/wp-content\/uploads\/2021\/06\/Ramadan-Sokoli-Jaho-Brahaj.-Tirane-2006.-Foto-Qerim-Vrioni..jpg?resize=668%2C499&#038;ssl=1\" width=\"668\" height=\"499\" srcset=\"https:\/\/i0.wp.com\/www.shqiperia.com\/blog\/wp-content\/uploads\/2021\/06\/Ramadan-Sokoli-Jaho-Brahaj.-Tirane-2006.-Foto-Qerim-Vrioni..jpg?resize=300%2C224&amp;ssl=1 300w, https:\/\/i0.wp.com\/www.shqiperia.com\/blog\/wp-content\/uploads\/2021\/06\/Ramadan-Sokoli-Jaho-Brahaj.-Tirane-2006.-Foto-Qerim-Vrioni..jpg?resize=1024%2C765&amp;ssl=1 1024w, https:\/\/i0.wp.com\/www.shqiperia.com\/blog\/wp-content\/uploads\/2021\/06\/Ramadan-Sokoli-Jaho-Brahaj.-Tirane-2006.-Foto-Qerim-Vrioni..jpg?resize=768%2C574&amp;ssl=1 768w, https:\/\/i0.wp.com\/www.shqiperia.com\/blog\/wp-content\/uploads\/2021\/06\/Ramadan-Sokoli-Jaho-Brahaj.-Tirane-2006.-Foto-Qerim-Vrioni..jpg?resize=1536%2C1148&amp;ssl=1 1536w, https:\/\/i0.wp.com\/www.shqiperia.com\/blog\/wp-content\/uploads\/2021\/06\/Ramadan-Sokoli-Jaho-Brahaj.-Tirane-2006.-Foto-Qerim-Vrioni..jpg?resize=450%2C336&amp;ssl=1 450w, https:\/\/i0.wp.com\/www.shqiperia.com\/blog\/wp-content\/uploads\/2021\/06\/Ramadan-Sokoli-Jaho-Brahaj.-Tirane-2006.-Foto-Qerim-Vrioni..jpg?resize=600%2C449&amp;ssl=1 600w, https:\/\/i0.wp.com\/www.shqiperia.com\/blog\/wp-content\/uploads\/2021\/06\/Ramadan-Sokoli-Jaho-Brahaj.-Tirane-2006.-Foto-Qerim-Vrioni..jpg?resize=1500%2C1121&amp;ssl=1 1500w, https:\/\/i0.wp.com\/www.shqiperia.com\/blog\/wp-content\/uploads\/2021\/06\/Ramadan-Sokoli-Jaho-Brahaj.-Tirane-2006.-Foto-Qerim-Vrioni..jpg?resize=1300%2C972&amp;ssl=1 1300w, https:\/\/i0.wp.com\/www.shqiperia.com\/blog\/wp-content\/uploads\/2021\/06\/Ramadan-Sokoli-Jaho-Brahaj.-Tirane-2006.-Foto-Qerim-Vrioni..jpg?resize=400%2C299&amp;ssl=1 400w, https:\/\/i0.wp.com\/www.shqiperia.com\/blog\/wp-content\/uploads\/2021\/06\/Ramadan-Sokoli-Jaho-Brahaj.-Tirane-2006.-Foto-Qerim-Vrioni..jpg?w=1608&amp;ssl=1 1608w\" sizes=\"auto, (max-width: 668px) 100vw, 668px\" \/><p id=\"caption-attachment-47891\" class=\"wp-caption-text\">Ramadan Sokoli, Jaho Brahaj. Tirane 2006. Foto Qerim Vrioni.<\/p><\/div>\n<p>Puna e tij e jasht\u00ebzakonshme u krye pa mb\u00ebshtetjen e duhur dhe kujdesin e ve\u00e7ant\u00eb q\u00eb duhet t\u00eb kishte ky kollos i trash\u00ebgimis\u00eb son\u00eb shpirt\u00ebrore. E gjith\u00eb vepra e tij mban vet\u00ebm vul\u00ebn e pun\u00ebs s\u00eb tij t\u00eb p\u00ebrve\u00e7me, e kryer jasht\u00eb ambjenteve t\u00eb institucioneve zyrtare t\u00eb studimit t\u00eb traditave, por n\u00ebn kujdesin e ve\u00e7ant\u00eb t\u00eb zonj\u00ebs Lili, gruas s\u00eb tij t\u00eb dashur dhe t\u00eb p\u00ebrkushtuar ndaj Tij deri n\u00eb \u00e7astet e fundit, kur edhe ajo u nda nga jeta disa vjet m\u00eb par\u00eb. Prof. Sokoli i ka kushtuar vepr\u00ebn \u201c16 Shekuj\u201d, dashuris\u00eb dhe kontributit t\u00eb Saj.<\/p>\n<p>Me shum\u00eb vones\u00eb, vet\u00ebm n\u00eb vitin 1995 i jepet titulli i Profesorit, nd\u00ebrsa me 2002 i akordohet nga Presidenti i Republik\u00ebs s\u00eb Shqip\u00ebris\u00eb, titulli \u201cMjesht\u00ebr i Madh\u201d. Vepra e tij studimore dhe muzikore tashm\u00eb \u00ebsht\u00eb pjes\u00eb e identitetit kulturor europian t\u00eb shqiptar\u00ebve. P\u00ebr jet\u00ebn dhe vepr\u00ebn e Tij, muzikologu Osman Xhatufa ka shkruar monografin\u00eb \u201cRamadan Sokoli, jeta dhe vepra\u201d n\u00eb vitin 2004. Emri i tij renditet n\u00eb enciklopedit\u00eb e huaja krahas m\u00eb t\u00eb m\u00ebdhenjve etnomuzikolog\u00eb t\u00eb bot\u00ebs. Krijimtaria e tij studimore vazhdoi deri n\u00eb \u00e7astet e fundit t\u00eb jet\u00ebs. Me vepr\u00ebn e Tij t\u00eb pamat\u00eb, Prof. Ramadan Sokoli \u00ebsht\u00eb b\u00ebr\u00eb pjes\u00eb e panteonit t\u00eb personaliteteve m\u00eb t\u00eb shquara t\u00eb kombit ton\u00eb.<\/p>\n<p>Botimet kryesore t\u00eb autorit:<\/p>\n<p>-\u201cLes danses populaires et les instruments musicaux du peuple albanais\u201d, Tiran\u00eb 1958; \u201cAlbanskie narodnie pesni\u201d, Tiran\u00eb 1965; \u201cFigura t\u00eb ndritura\u201d, Tiran\u00eb 1965; \u201cFolklori muzikor shqiptar-morfologjia\u201d, Tiran\u00eb 1965; \u201cChansons populaires albanais\u201d, Tiran\u00eb 1966; \u201cMetod\u00eb p\u00ebr fyell\u201d, Tiran\u00eb 1970; \u201cVallet dhe muzika e t\u00eb par\u00ebve tan\u00eb\u201d, Tiran\u00eb 1971; \u201cFolklori muzikor shqiptar-organografia\u201d, Tiran\u00eb 1975, 1984, 1987, 1991; \u201cFigura e Sk\u00ebnderbeut n\u00eb muzik\u00eb\u201d, Tiran\u00eb 1978; \u201cGjurmime folklorike\u201d, Tiran\u00eb 1982; \u201cK\u00ebng\u00eb patriotike\u201d, Tiran\u00eb 1985; \u201cVeglat muzikore t\u00eb popullit shqiptar\u201d, me bashkautor, Tiran\u00eb 1991; \u201c16 shekuj\u201d, Tiran\u00eb 1995; \u201cAntifonari i durrsakut Gjergj Danush Lapacaj\u201d, Tiran\u00eb 2000; \u201cGoj\u00ebdhana dhe p\u00ebrrall\u00ebza t\u00eb bot\u00ebs shqiptare\u201d, Tiran\u00eb 2000, si dhe dhjetra artikuj n\u00eb shtypin periodik shqiptar e t\u00eb huaj.<\/p>\n","protected":false},"excerpt":{"rendered":"<p>Prof. Ramadan Sokoli.\u00a0 (14 qershor 1920, Shkod\u00ebr-Tirane 11 mars 2008). Nga: www.vasiltole.com Me 14 qershor, ditelindja e themeluesit te etnomuzikologjise shqiptare Prof. Ramadan Sokoli (14 qershor 1920, Shkod\u00ebr-Tirane 11 mars 2008). Lindi n\u00eb qytetin e Shkodr\u00ebs m\u00eb 14 Qershor 1920 n\u00eb familjen patriotike dhe atdhetare t\u00eb Sokolave. Arsimin fillor dhe t\u00eb mes\u00ebm i kryen n\u00eb [&hellip;]<\/p>\n","protected":false},"author":9,"featured_media":47888,"comment_status":"open","ping_status":"open","sticky":false,"template":"","format":"standard","meta":{"jetpack_post_was_ever_published":false,"_jetpack_newsletter_access":"","_jetpack_dont_email_post_to_subs":false,"_jetpack_newsletter_tier_id":0,"_jetpack_memberships_contains_paywalled_content":false,"_jetpack_memberships_contains_paid_content":false,"footnotes":"","jetpack_publicize_message":"","jetpack_publicize_feature_enabled":true,"jetpack_social_post_already_shared":true,"jetpack_social_options":{"image_generator_settings":{"template":"highway","default_image_id":0,"font":"","enabled":false},"version":2}},"categories":[27,10,86],"tags":[],"class_list":["post-47887","post","type-post","status-publish","format-standard","has-post-thumbnail","hentry","category-blogu-i-udhetarit","category-kultura","category-trashegimi-kulturore"],"jetpack_publicize_connections":[],"jetpack_featured_media_url":"https:\/\/i0.wp.com\/www.shqiperia.com\/blog\/wp-content\/uploads\/2021\/06\/Prof.-Ramadan-Sokoli.jpg?fit=915%2C527&ssl=1","jetpack_sharing_enabled":true,"jetpack_shortlink":"https:\/\/wp.me\/p5Z6wp-csn","jetpack-related-posts":[{"id":59013,"url":"https:\/\/www.shqiperia.com\/blog\/prof-ramadan-sokoli-102-vjetori-i-lindjes-nje-nga-studiuesit-me-te-shquar-te-etnokultures-trashegimise-dhe-qyteterimit-iliro-arberor\/","url_meta":{"origin":47887,"position":0},"title":"Prof. Ramadan Sokoli, 102 vjetori i lindjes \u2013 Nj\u00eb nga studiuesit m\u00eb t\u00eb shquar t\u00eb etnokultur\u00ebs, trash\u00ebgimis\u00eb dhe qytet\u00ebrimit Iliro-arb\u00ebror","author":"Kurt Farka","date":"June 14, 2022","format":false,"excerpt":"Prof. Ramadan Sokoli, 102 vjetori i lindjes \u2013 Nj\u00eb nga studiuesit m\u00eb t\u00eb shquar t\u00eb etnokultur\u00ebs, trash\u00ebgimis\u00eb dhe qytet\u00ebrimit Iliro-arb\u00ebror Nga Gazeta BOTA SOT, Prishtine. NGA: JAHO BRAHAJ Fotografi q\u00eb publikohet p\u00ebr her\u00eb t\u00eb par\u00eb pas 24 vitesh Ramadan Sokoli (14 qershor 1920 - 12 mars 2008) Ramadan Sokoli (14\u2026","rel":"","context":"In &quot;Blogu i Udh\u00ebtarit&quot;","block_context":{"text":"Blogu i Udh\u00ebtarit","link":"https:\/\/www.shqiperia.com\/blog\/category\/blogu-i-udhetarit\/"},"img":{"alt_text":"","src":"https:\/\/i0.wp.com\/www.shqiperia.com\/blog\/wp-content\/uploads\/2022\/06\/Prof.-Ramadan-Sokoli-102-vjetori-i-lindjes-%E2%80%93-Nje-nga-studiuesit-me-te-shquar-te-etnokultures-trashegimise-dhe-qyteterimit-Iliro-arberor.jpg?fit=720%2C446&ssl=1&resize=350%2C200","width":350,"height":200,"srcset":"https:\/\/i0.wp.com\/www.shqiperia.com\/blog\/wp-content\/uploads\/2022\/06\/Prof.-Ramadan-Sokoli-102-vjetori-i-lindjes-%E2%80%93-Nje-nga-studiuesit-me-te-shquar-te-etnokultures-trashegimise-dhe-qyteterimit-Iliro-arberor.jpg?fit=720%2C446&ssl=1&resize=350%2C200 1x, https:\/\/i0.wp.com\/www.shqiperia.com\/blog\/wp-content\/uploads\/2022\/06\/Prof.-Ramadan-Sokoli-102-vjetori-i-lindjes-%E2%80%93-Nje-nga-studiuesit-me-te-shquar-te-etnokultures-trashegimise-dhe-qyteterimit-Iliro-arberor.jpg?fit=720%2C446&ssl=1&resize=525%2C300 1.5x, https:\/\/i0.wp.com\/www.shqiperia.com\/blog\/wp-content\/uploads\/2022\/06\/Prof.-Ramadan-Sokoli-102-vjetori-i-lindjes-%E2%80%93-Nje-nga-studiuesit-me-te-shquar-te-etnokultures-trashegimise-dhe-qyteterimit-Iliro-arberor.jpg?fit=720%2C446&ssl=1&resize=700%2C400 2x"},"classes":[]},{"id":35895,"url":"https:\/\/www.shqiperia.com\/blog\/ramadan-sokoli-personalitet-ne-fushen-e-muzikes-shqiptare\/","url_meta":{"origin":47887,"position":1},"title":"Ramadan Sokoli; &#8211; personalitet n\u00eb fush\u00ebn e muzik\u00ebs shqiptare","author":"Kurt Farka","date":"June 21, 2020","format":false,"excerpt":"Ramadan Sokoli; - personalitet n\u00eb fush\u00ebn e muzik\u00ebs shqiptare 20 Qershor 2020 Ramadan Sokoli etnomuzikolog, muzikant dhe kompozitor, vler\u00ebsohet si nj\u00eb nga studiuesit m\u00eb t\u00eb dalluar t\u00eb muzik\u00ebs shqiptare dhe ballkanike. Ramadan Sokoli lindi n\u00eb qershor t\u00eb 1920 n\u00eb Shkod\u00ebr. Me rastin e 100-vjetorit t\u00eb vjetorit t\u00eb lindjes t\u00eb studiuesit\u2026","rel":"","context":"In &quot;Blogu i Udh\u00ebtarit&quot;","block_context":{"text":"Blogu i Udh\u00ebtarit","link":"https:\/\/www.shqiperia.com\/blog\/category\/blogu-i-udhetarit\/"},"img":{"alt_text":"","src":"https:\/\/i0.wp.com\/www.shqiperia.com\/blog\/wp-content\/uploads\/2020\/06\/Ramadan-Sokoli.jpg?fit=800%2C463&ssl=1&resize=350%2C200","width":350,"height":200,"srcset":"https:\/\/i0.wp.com\/www.shqiperia.com\/blog\/wp-content\/uploads\/2020\/06\/Ramadan-Sokoli.jpg?fit=800%2C463&ssl=1&resize=350%2C200 1x, https:\/\/i0.wp.com\/www.shqiperia.com\/blog\/wp-content\/uploads\/2020\/06\/Ramadan-Sokoli.jpg?fit=800%2C463&ssl=1&resize=525%2C300 1.5x, https:\/\/i0.wp.com\/www.shqiperia.com\/blog\/wp-content\/uploads\/2020\/06\/Ramadan-Sokoli.jpg?fit=800%2C463&ssl=1&resize=700%2C400 2x"},"classes":[]},{"id":58971,"url":"https:\/\/www.shqiperia.com\/blog\/prof-ramadan-sokoli-fotografi-qe-publikohet-per-here-te-pare-pas-24-vitesh\/","url_meta":{"origin":47887,"position":2},"title":"Prof. Ramadan Sokoli. &#8211;\u00a0Fotografi qe publikohet per here te pare pas 24 vitesh.","author":"Kurt Farka","date":"June 13, 2022","format":false,"excerpt":"Prof. Ramadan Sokoli. Fotografi qe publikohet per here te pare pas 24 vitesh. 13 Qershor 2022 Gezonte respekt nga gjithe intelektualet dhe studiuesit e Tiranes, por e respektonin edhe te njohur te shumte nga qyteti i Shkodres ku kishte lindur e te Tiranes. Megjithse respektohej si\u00a0 nje nga studiuesit me\u2026","rel":"","context":"In &quot;Histori&quot;","block_context":{"text":"Histori","link":"https:\/\/www.shqiperia.com\/blog\/category\/histori\/"},"img":{"alt_text":"","src":"https:\/\/i0.wp.com\/www.shqiperia.com\/blog\/wp-content\/uploads\/2022\/06\/Foto-qe-Publikohet-per-here-te-Pare-Prof-Ramadan-Sokoli-1998..jpg?fit=745%2C458&ssl=1&resize=350%2C200","width":350,"height":200,"srcset":"https:\/\/i0.wp.com\/www.shqiperia.com\/blog\/wp-content\/uploads\/2022\/06\/Foto-qe-Publikohet-per-here-te-Pare-Prof-Ramadan-Sokoli-1998..jpg?fit=745%2C458&ssl=1&resize=350%2C200 1x, https:\/\/i0.wp.com\/www.shqiperia.com\/blog\/wp-content\/uploads\/2022\/06\/Foto-qe-Publikohet-per-here-te-Pare-Prof-Ramadan-Sokoli-1998..jpg?fit=745%2C458&ssl=1&resize=525%2C300 1.5x, https:\/\/i0.wp.com\/www.shqiperia.com\/blog\/wp-content\/uploads\/2022\/06\/Foto-qe-Publikohet-per-here-te-Pare-Prof-Ramadan-Sokoli-1998..jpg?fit=745%2C458&ssl=1&resize=700%2C400 2x"},"classes":[]},{"id":47207,"url":"https:\/\/www.shqiperia.com\/blog\/ramadan-sokoli-personaliteti-i-nje-profesori-ne-nje-fotograf-takimet-me-muzikologun-e-shquar-perpara-nje-filxhani-kafeje-prill-2021\/","url_meta":{"origin":47887,"position":3},"title":"Ramadan Sokoli, personaliteti i nj\u00eb profesori n\u00eb nj\u00eb fotograf! Takimet me muzikologun e shquar p\u00ebrpara nj\u00eb filxhani kafeje  Prill 2021","author":"Kurt Farka","date":"May 4, 2021","format":false,"excerpt":"Ramadan Sokoli, personaliteti i nj\u00eb profesori n\u00eb nj\u00eb fotograf! Takimet me muzikologun e shquar p\u00ebrpara nj\u00eb filxhani kafeje Prill 2021 QERIM VRIONI\/ Profesor Ramadan Sokoli (Shkod\u00ebr, qershor 1920 \u2013 Tiran\u00eb, mars 2008), miku im i vyer, n\u00eb vizitat e shpeshta q\u00eb i b\u00ebja n\u00eb sht\u00ebpin\u00eb ku banonte (kati -1), pas\u2026","rel":"","context":"In &quot;Blogu i Udh\u00ebtarit&quot;","block_context":{"text":"Blogu i Udh\u00ebtarit","link":"https:\/\/www.shqiperia.com\/blog\/category\/blogu-i-udhetarit\/"},"img":{"alt_text":"","src":"https:\/\/i0.wp.com\/www.shqiperia.com\/blog\/wp-content\/uploads\/2021\/05\/sokol-ramadani-Copy.jpeg?fit=600%2C340&ssl=1&resize=350%2C200","width":350,"height":200,"srcset":"https:\/\/i0.wp.com\/www.shqiperia.com\/blog\/wp-content\/uploads\/2021\/05\/sokol-ramadani-Copy.jpeg?fit=600%2C340&ssl=1&resize=350%2C200 1x, https:\/\/i0.wp.com\/www.shqiperia.com\/blog\/wp-content\/uploads\/2021\/05\/sokol-ramadani-Copy.jpeg?fit=600%2C340&ssl=1&resize=525%2C300 1.5x"},"classes":[]},{"id":18982,"url":"https:\/\/www.shqiperia.com\/blog\/nje-liber-i-rralle-i-profesor-ramadan-sokolit-3\/","url_meta":{"origin":47887,"position":4},"title":"Nje liber i rralle i Profesor Ramadan Sokolit.","author":"Kurt Farka","date":"March 31, 2019","format":false,"excerpt":"Nje liber i rralle i Profesor Ramadan Sokolit. Liber i rralle dhe me vlera te jashtezakonshme per studimet albanologjike \u201cVallet\u00a0 dhe Muzika e te Pareve Tane\u201d. Libri ka edhe vlera si artefakt me dorshkresen (Autografin) e \u00a0Profesorit te nderuar Ramadan Sokoli ne vitin 1984. Libri eshte botuar ne vitin 1971\u2026","rel":"","context":"In &quot;Arte&quot;","block_context":{"text":"Arte","link":"https:\/\/www.shqiperia.com\/blog\/category\/arte\/"},"img":{"alt_text":"","src":"https:\/\/i0.wp.com\/www.shqiperia.com\/blog\/wp-content\/uploads\/2019\/03\/55759796_2394927357397220_8713361102999650304_n.jpg?fit=883%2C472&ssl=1&resize=350%2C200","width":350,"height":200,"srcset":"https:\/\/i0.wp.com\/www.shqiperia.com\/blog\/wp-content\/uploads\/2019\/03\/55759796_2394927357397220_8713361102999650304_n.jpg?fit=883%2C472&ssl=1&resize=350%2C200 1x, https:\/\/i0.wp.com\/www.shqiperia.com\/blog\/wp-content\/uploads\/2019\/03\/55759796_2394927357397220_8713361102999650304_n.jpg?fit=883%2C472&ssl=1&resize=525%2C300 1.5x, https:\/\/i0.wp.com\/www.shqiperia.com\/blog\/wp-content\/uploads\/2019\/03\/55759796_2394927357397220_8713361102999650304_n.jpg?fit=883%2C472&ssl=1&resize=700%2C400 2x"},"classes":[]},{"id":64484,"url":"https:\/\/www.shqiperia.com\/blog\/prof-ramadan-sokoli-libri-flamuri-kombetar-shqiptar-nga-jaho-brahaj-veper-me-peshe-per-autoktonine-e-shqiptareve-ne-ballkan\/","url_meta":{"origin":47887,"position":5},"title":"Prof. Ramadan Sokoli: &#8211; Libri \u201cFlamuri Komb\u00ebtar Shqiptar\u201d nga Jaho Brahaj &#8211; vep\u00ebr me pesh\u00eb p\u00ebr autoktonin\u00eb e shqiptar\u00ebve n\u00eb Ballkan\u201d.","author":"Kurt Farka","date":"November 19, 2022","format":false,"excerpt":"- Shkruar ne Janar 2007. Ky lib\u00ebr i studiuesit Jaho Brahaj \u00ebsht\u00eb i mirpritur dhe i domosdosh\u00ebm, p\u00ebr nj\u00eb nga pasurit\u00eb m\u00eb t\u00eb m\u00ebdha shpirt\u00ebrore e materiale, q\u00eb ka trash\u00ebguar n\u00eb shekuj kombi yn\u00eb, por edhe nj\u00eb simbol identifikues i shpirtit dhe qen\u00ebsis\u00eb s\u00eb shqiptarit, p\u00ebr t\u00eb cilin ka derdhur\u2026","rel":"","context":"In &quot;Arte&quot;","block_context":{"text":"Arte","link":"https:\/\/www.shqiperia.com\/blog\/category\/arte\/"},"img":{"alt_text":"","src":"https:\/\/i0.wp.com\/www.shqiperia.com\/blog\/wp-content\/uploads\/2022\/11\/5-Ribotime-ka-patur-ne-vite-studimi-monografik-Flamuri-i-Kombit-Shqiptar-i-autorit-Jaho-Brahaj.-1.jpg?fit=1200%2C685&ssl=1&resize=350%2C200","width":350,"height":200,"srcset":"https:\/\/i0.wp.com\/www.shqiperia.com\/blog\/wp-content\/uploads\/2022\/11\/5-Ribotime-ka-patur-ne-vite-studimi-monografik-Flamuri-i-Kombit-Shqiptar-i-autorit-Jaho-Brahaj.-1.jpg?fit=1200%2C685&ssl=1&resize=350%2C200 1x, https:\/\/i0.wp.com\/www.shqiperia.com\/blog\/wp-content\/uploads\/2022\/11\/5-Ribotime-ka-patur-ne-vite-studimi-monografik-Flamuri-i-Kombit-Shqiptar-i-autorit-Jaho-Brahaj.-1.jpg?fit=1200%2C685&ssl=1&resize=525%2C300 1.5x, https:\/\/i0.wp.com\/www.shqiperia.com\/blog\/wp-content\/uploads\/2022\/11\/5-Ribotime-ka-patur-ne-vite-studimi-monografik-Flamuri-i-Kombit-Shqiptar-i-autorit-Jaho-Brahaj.-1.jpg?fit=1200%2C685&ssl=1&resize=700%2C400 2x, https:\/\/i0.wp.com\/www.shqiperia.com\/blog\/wp-content\/uploads\/2022\/11\/5-Ribotime-ka-patur-ne-vite-studimi-monografik-Flamuri-i-Kombit-Shqiptar-i-autorit-Jaho-Brahaj.-1.jpg?fit=1200%2C685&ssl=1&resize=1050%2C600 3x"},"classes":[]}],"_links":{"self":[{"href":"https:\/\/www.shqiperia.com\/blog\/wp-json\/wp\/v2\/posts\/47887","targetHints":{"allow":["GET"]}}],"collection":[{"href":"https:\/\/www.shqiperia.com\/blog\/wp-json\/wp\/v2\/posts"}],"about":[{"href":"https:\/\/www.shqiperia.com\/blog\/wp-json\/wp\/v2\/types\/post"}],"author":[{"embeddable":true,"href":"https:\/\/www.shqiperia.com\/blog\/wp-json\/wp\/v2\/users\/9"}],"replies":[{"embeddable":true,"href":"https:\/\/www.shqiperia.com\/blog\/wp-json\/wp\/v2\/comments?post=47887"}],"version-history":[{"count":3,"href":"https:\/\/www.shqiperia.com\/blog\/wp-json\/wp\/v2\/posts\/47887\/revisions"}],"predecessor-version":[{"id":47893,"href":"https:\/\/www.shqiperia.com\/blog\/wp-json\/wp\/v2\/posts\/47887\/revisions\/47893"}],"wp:featuredmedia":[{"embeddable":true,"href":"https:\/\/www.shqiperia.com\/blog\/wp-json\/wp\/v2\/media\/47888"}],"wp:attachment":[{"href":"https:\/\/www.shqiperia.com\/blog\/wp-json\/wp\/v2\/media?parent=47887"}],"wp:term":[{"taxonomy":"category","embeddable":true,"href":"https:\/\/www.shqiperia.com\/blog\/wp-json\/wp\/v2\/categories?post=47887"},{"taxonomy":"post_tag","embeddable":true,"href":"https:\/\/www.shqiperia.com\/blog\/wp-json\/wp\/v2\/tags?post=47887"}],"curies":[{"name":"wp","href":"https:\/\/api.w.org\/{rel}","templated":true}]}}