{"id":47884,"date":"2021-06-14T09:37:14","date_gmt":"2021-06-14T09:37:14","guid":{"rendered":"https:\/\/www.shqiperia.com\/blog\/?p=47884"},"modified":"2021-06-14T09:37:14","modified_gmt":"2021-06-14T09:37:14","slug":"a-do-procedohet-sali-berisha-dhe-peshqit-e-medhenj-kreu-i-spak-i-prere-ju-garantoj-qe","status":"publish","type":"post","link":"https:\/\/www.shqiperia.com\/blog\/a-do-procedohet-sali-berisha-dhe-peshqit-e-medhenj-kreu-i-spak-i-prere-ju-garantoj-qe\/","title":{"rendered":"A do procedohet Sali Berisha dhe \u201cpeshqit e m\u00ebdh\u00ebnj\u201d? Kreu i SPAK i prer\u00eb: Ju garantoj q\u00eb\u2026"},"content":{"rendered":"<p><img data-recalc-dims=\"1\" loading=\"lazy\" decoding=\"async\" data-attachment-id=\"47885\" data-permalink=\"https:\/\/www.shqiperia.com\/blog\/a-do-procedohet-sali-berisha-dhe-peshqit-e-medhenj-kreu-i-spak-i-prere-ju-garantoj-qe\/auto_kuvendi_i_shqiperise_2945601345691341553768323\/\" data-orig-file=\"https:\/\/i0.wp.com\/www.shqiperia.com\/blog\/wp-content\/uploads\/2021\/06\/auto_kuvendi_i_shqiperise_2945601345691341553768323.jpg?fit=820%2C443&amp;ssl=1\" data-orig-size=\"820,443\" data-comments-opened=\"1\" data-image-meta=\"{&quot;aperture&quot;:&quot;0&quot;,&quot;credit&quot;:&quot;&quot;,&quot;camera&quot;:&quot;&quot;,&quot;caption&quot;:&quot;&quot;,&quot;created_timestamp&quot;:&quot;0&quot;,&quot;copyright&quot;:&quot;&quot;,&quot;focal_length&quot;:&quot;0&quot;,&quot;iso&quot;:&quot;0&quot;,&quot;shutter_speed&quot;:&quot;0&quot;,&quot;title&quot;:&quot;&quot;,&quot;orientation&quot;:&quot;0&quot;}\" data-image-title=\"auto_kuvendi_i_shqiperise_2945601345691341553768323\" data-image-description=\"\" data-image-caption=\"\" data-medium-file=\"https:\/\/i0.wp.com\/www.shqiperia.com\/blog\/wp-content\/uploads\/2021\/06\/auto_kuvendi_i_shqiperise_2945601345691341553768323.jpg?fit=300%2C162&amp;ssl=1\" data-large-file=\"https:\/\/i0.wp.com\/www.shqiperia.com\/blog\/wp-content\/uploads\/2021\/06\/auto_kuvendi_i_shqiperise_2945601345691341553768323.jpg?fit=820%2C443&amp;ssl=1\" class=\"alignnone  wp-image-47885\" alt=\"\" src=\"https:\/\/i0.wp.com\/www.shqiperia.com\/blog\/wp-content\/uploads\/2021\/06\/auto_kuvendi_i_shqiperise_2945601345691341553768323.jpg?resize=544%2C294&#038;ssl=1\" width=\"544\" height=\"294\" srcset=\"https:\/\/i0.wp.com\/www.shqiperia.com\/blog\/wp-content\/uploads\/2021\/06\/auto_kuvendi_i_shqiperise_2945601345691341553768323.jpg?resize=300%2C162&amp;ssl=1 300w, https:\/\/i0.wp.com\/www.shqiperia.com\/blog\/wp-content\/uploads\/2021\/06\/auto_kuvendi_i_shqiperise_2945601345691341553768323.jpg?resize=768%2C415&amp;ssl=1 768w, https:\/\/i0.wp.com\/www.shqiperia.com\/blog\/wp-content\/uploads\/2021\/06\/auto_kuvendi_i_shqiperise_2945601345691341553768323.jpg?resize=450%2C243&amp;ssl=1 450w, https:\/\/i0.wp.com\/www.shqiperia.com\/blog\/wp-content\/uploads\/2021\/06\/auto_kuvendi_i_shqiperise_2945601345691341553768323.jpg?resize=600%2C324&amp;ssl=1 600w, https:\/\/i0.wp.com\/www.shqiperia.com\/blog\/wp-content\/uploads\/2021\/06\/auto_kuvendi_i_shqiperise_2945601345691341553768323.jpg?resize=400%2C216&amp;ssl=1 400w, https:\/\/i0.wp.com\/www.shqiperia.com\/blog\/wp-content\/uploads\/2021\/06\/auto_kuvendi_i_shqiperise_2945601345691341553768323.jpg?w=820&amp;ssl=1 820w\" sizes=\"auto, (max-width: 544px) 100vw, 544px\" \/><\/p>\n<p>A do procedohet Sali Berisha dhe \u201cpeshqit e m\u00ebdh\u00ebnj\u201d? Kreu i SPAK i prer\u00eb: Ju garantoj q\u00eb\u2026<\/p>\n<p><strong>14 QERSHOR 2021<\/strong><\/p>\n<p><strong>\u201c\u2026Kreu i SPAK<\/strong>: Lista \u00ebsht\u00eb nj\u00eb proces q\u00eb ndodh n\u00eb SHBA. Ne kemi ligjet tona. Ajo q\u00eb un\u00eb ju garantoj \u00ebsht\u00eb se \u00e7far\u00eb do materiali q\u00eb do kemi n\u00eb dispozicion, padyshim q\u00eb do ta \u00e7ojm\u00eb n\u00eb ndjekje penale. Kjo vlen p\u00ebr k\u00ebdo\u201d.<\/p>\n<p>Kreu i SPAK, Arben Kraja deklaroi n\u00eb parlament se n\u00ebse struktur\u00ebs q\u00eb drejton do t\u2019i vihen n\u00eb dispozicion materiale apo prova p\u00ebr t\u00eb shpallurit \u201cnon grata\u201d nga SHBA do t\u00eb nise menj\u00ebher\u00eb procedimi penal dhe hetimet.<\/p>\n<p>Gjat\u00eb raportimit n\u00eb Kuvend, kreu i SPAK iu p\u00ebrgjigj disa pyetjeve t\u00eb deputetit Ralf Gjoni, nd\u00ebrsa u shpreh do t\u00eb vazhdojn\u00eb hetimet ndaj \u00e7do personi n\u00eb Shqip\u00ebri p\u00ebr t\u00eb cilin ka prova.<\/p>\n<p><strong>Ralf Gjoni: A do ket\u00eb hetime, procedime dhe nd\u00ebshkime ndaj \u201cpeshqve\u201d q\u00eb ende b\u00ebjn\u00eb ligjin n\u00eb ambientet politike?<\/strong><\/p>\n<p><strong>Kreu i SPAK<\/strong>: \u00cbsht\u00eb nj\u00eb process, do kohen e saj. SPAK nuk vepron si nj\u00eb struktur\u00eb emergjente. N\u00eb veprojm\u00eb bazuar n\u00eb prova, sepse ndyshe do ktheheshim n\u00eb abuzues. Kemi disa t\u00eb dh\u00ebna dhe shifra konkrete. Jan\u00eb d\u00ebnuar persona, por hetohen grupe kriminale. Jan\u00eb sekuestruar pasuri. Jemi munduar t\u00eb fokusohemi n\u00eb prioritetet e shoq\u00ebris\u00eb. Bashk\u00ebpunojm\u00eb me policin\u00eb dhe nd\u00ebrkomb\u00ebtar\u00ebt. Kur do ket\u00eb rezultate? Rezultate ka pasur. Pritshm\u00ebrit\u00eb e njer\u00ebzve jan\u00eb t\u00eb m\u00ebdha dhe kjo padyshim e zbeh realizimin e pritshm\u00ebrive. Do i shkojm\u00eb deri n\u00eb fund \u00e7do rasti.<\/p>\n<p><strong>Ralf Gjoni:<\/strong>\u00a0N\u00eb Shqip\u00ebri, personat e shpallur \u201cnon grata\u201d jan\u00eb t\u00eb paproceduar, p\u00ebrve\u00e7 Llall\u00ebs. Kjo \u00ebsht\u00eb dometh\u00ebn\u00ebse. A do ket\u00eb procedim p\u00ebr ata q\u00eb jan\u00eb shpallur \u201cnon grata?<\/p>\n<p><strong>Kreu i SPAK<\/strong>: Lista \u00ebsht\u00eb nj\u00eb proces q\u00eb ndodh n\u00eb SHBA. Ne kemi ligjet tona. Ajo q\u00eb un\u00eb ju garantoj \u00ebsht\u00eb se \u00e7far\u00eb do materiali q\u00eb do kemi n\u00eb dispozicion, padyshim q\u00eb do ta \u00e7ojm\u00eb n\u00eb ndjekje penale. Kjo vlen p\u00ebr k\u00ebdo.<\/p>\n<p><strong>Gazeta SHQIP<\/strong><\/p>\n","protected":false},"excerpt":{"rendered":"<p>A do procedohet Sali Berisha dhe \u201cpeshqit e m\u00ebdh\u00ebnj\u201d? Kreu i SPAK i prer\u00eb: Ju garantoj q\u00eb\u2026 14 QERSHOR 2021 \u201c\u2026Kreu i SPAK: Lista \u00ebsht\u00eb nj\u00eb proces q\u00eb ndodh n\u00eb SHBA. Ne kemi ligjet tona. Ajo q\u00eb un\u00eb ju garantoj \u00ebsht\u00eb se \u00e7far\u00eb do materiali q\u00eb do kemi n\u00eb dispozicion, padyshim q\u00eb do ta \u00e7ojm\u00eb [&hellip;]<\/p>\n","protected":false},"author":9,"featured_media":47885,"comment_status":"open","ping_status":"open","sticky":false,"template":"","format":"standard","meta":{"jetpack_post_was_ever_published":false,"_jetpack_newsletter_access":"","_jetpack_dont_email_post_to_subs":false,"_jetpack_newsletter_tier_id":0,"_jetpack_memberships_contains_paywalled_content":false,"_jetpack_memberships_contains_paid_content":false,"footnotes":"","jetpack_publicize_message":"","jetpack_publicize_feature_enabled":true,"jetpack_social_post_already_shared":true,"jetpack_social_options":{"image_generator_settings":{"template":"highway","default_image_id":0,"font":"","enabled":false},"version":2}},"categories":[27,2],"tags":[],"class_list":["post-47884","post","type-post","status-publish","format-standard","has-post-thumbnail","hentry","category-blogu-i-udhetarit","category-politika"],"jetpack_publicize_connections":[],"jetpack_featured_media_url":"https:\/\/i0.wp.com\/www.shqiperia.com\/blog\/wp-content\/uploads\/2021\/06\/auto_kuvendi_i_shqiperise_2945601345691341553768323.jpg?fit=820%2C443&ssl=1","jetpack_sharing_enabled":true,"jetpack_shortlink":"https:\/\/wp.me\/p5Z6wp-csk","jetpack-related-posts":[{"id":60534,"url":"https:\/\/www.shqiperia.com\/blog\/shba-therret-me-urgjence-kreret-e-spak-dhe-bkh-dea-fbi-dhe-dash-dosje-me-prova-per-nje-grup-politikanesh-te-korruptuar-pritet-goditje-e-forte-ndaj-krimit-te-organizuar\/","url_meta":{"origin":47884,"position":0},"title":"SHBA th\u00ebrret me urgjenc\u00eb krer\u00ebt e SPAK dhe BKH, DEA, FBI dhe DASH, dosje me prova p\u00ebr nj\u00eb grup politikan\u00ebsh t\u00eb korruptuar, pritet goditje e fort\u00eb ndaj krimit t\u00eb organizuar","author":"Kurt Farka","date":"August 3, 2022","format":false,"excerpt":"3 GUSHT 2022 Ashtu si\u00e7 gazeta \u201cSOT\u201d e paralajm\u00ebroi pak dit\u00eb m\u00eb par\u00eb, Shtete e Bashkuara t\u00eb Amerik\u00ebs kan\u00eb thirrur n\u00eb Uashington me urgjenc\u00eb drejtuesin e Struktur\u00ebs s\u00eb Posa\u00e7me Kund\u00ebr Krimit t\u00eb Organizuar dhe Korrupsionit, Arben Kraja dhe kryetaren e Byros\u00eb Komb\u00ebtare t\u00eb Hetimit, Aida Veizaj, t\u00eb cil\u00ebt pritet t\u00eb\u2026","rel":"","context":"In &quot;Blogu i Udh\u00ebtarit&quot;","block_context":{"text":"Blogu i Udh\u00ebtarit","link":"https:\/\/www.shqiperia.com\/blog\/category\/blogu-i-udhetarit\/"},"img":{"alt_text":"","src":"https:\/\/i0.wp.com\/www.shqiperia.com\/blog\/wp-content\/uploads\/2022\/08\/800-0-62ea4da475c1a.jpg?fit=723%2C426&ssl=1&resize=350%2C200","width":350,"height":200,"srcset":"https:\/\/i0.wp.com\/www.shqiperia.com\/blog\/wp-content\/uploads\/2022\/08\/800-0-62ea4da475c1a.jpg?fit=723%2C426&ssl=1&resize=350%2C200 1x, https:\/\/i0.wp.com\/www.shqiperia.com\/blog\/wp-content\/uploads\/2022\/08\/800-0-62ea4da475c1a.jpg?fit=723%2C426&ssl=1&resize=525%2C300 1.5x, https:\/\/i0.wp.com\/www.shqiperia.com\/blog\/wp-content\/uploads\/2022\/08\/800-0-62ea4da475c1a.jpg?fit=723%2C426&ssl=1&resize=700%2C400 2x"},"classes":[]},{"id":79354,"url":"https:\/\/www.shqiperia.com\/blog\/spak-para-proves-se-zjarrit-avokat-i-njohur-paralajmeron-arrestimin-e-edi-rames-ja-aferat-ku-dyshohet-se-eshte-perfshire-kryeministri\/","url_meta":{"origin":47884,"position":1},"title":"SPAK para \u201cprov\u00ebs s\u00eb zjarrit\u201d, avokat i njohur paralajm\u00ebron arrestimin e Edi Ram\u00ebs. &#8211; Ja aferat ku dyshohet se \u00ebsht\u00eb p\u00ebrfshir\u00eb kryeministri","author":"Kurt Farka","date":"March 19, 2024","format":false,"excerpt":"19 Mars 2024 Nga Gazeta Sot Avokat i njohur, Arben Llangozi ka folur n\u00eb lidhje me zhvillimet e fundit n\u00eb vendin ton\u00eb. Teksa ishte i ftuar n\u00eb nj\u00eb studio televizive, zoti Llangozi \u00ebsht\u00eb ndalur tek arrestimi i kreut t\u00eb Autoritetit Rrugor Shqiptar (ARRSH), Evis Berberi, akuzat ndaj kryeministrit Edi Rama,\u2026","rel":"","context":"In &quot;Blogu i Udh\u00ebtarit&quot;","block_context":{"text":"Blogu i Udh\u00ebtarit","link":"https:\/\/www.shqiperia.com\/blog\/category\/blogu-i-udhetarit\/"},"img":{"alt_text":"","src":"https:\/\/i0.wp.com\/www.shqiperia.com\/blog\/wp-content\/uploads\/2024\/03\/800-0-65f9592765f62.jpg?fit=800%2C492&ssl=1&resize=350%2C200","width":350,"height":200,"srcset":"https:\/\/i0.wp.com\/www.shqiperia.com\/blog\/wp-content\/uploads\/2024\/03\/800-0-65f9592765f62.jpg?fit=800%2C492&ssl=1&resize=350%2C200 1x, https:\/\/i0.wp.com\/www.shqiperia.com\/blog\/wp-content\/uploads\/2024\/03\/800-0-65f9592765f62.jpg?fit=800%2C492&ssl=1&resize=525%2C300 1.5x, https:\/\/i0.wp.com\/www.shqiperia.com\/blog\/wp-content\/uploads\/2024\/03\/800-0-65f9592765f62.jpg?fit=800%2C492&ssl=1&resize=700%2C400 2x"},"classes":[]},{"id":94677,"url":"https:\/\/www.shqiperia.com\/blog\/kreu-i-spak-altin-dumani-ska-te-paprekshem-mjafton-te-kemi-prova\/","url_meta":{"origin":47884,"position":2},"title":"Kreu i SPAK Altin Dumani: &#8211; S\u2019ka t\u00eb papreksh\u00ebm, mjafton t\u00eb kemi prova","author":"Kurt Farka","date":"November 6, 2025","format":false,"excerpt":"6 Nentor 2025 Nga: Gazeta Sot Kreu i SPAK, Altin Dumani \u00ebsht\u00eb shprehur mbr\u00ebmjen e sotme se dosja \u201cMcGonigal\u201d \u00ebsht\u00eb n\u00eb faz\u00eb hetimi paraprak, nd\u00ebrsa shtoi se jan\u00eb n\u00eb pritje t\u00eb disa let\u00ebrporosive nga SHBA lidhur me \u00e7\u00ebshtjen. N\u00eb intervist\u00ebn p\u00ebr \u201cTrialog\u201d, ai theksoi se ndaj SPAK nuk ka asnj\u00eb\u2026","rel":"","context":"In &quot;Blogu i Udh\u00ebtarit&quot;","block_context":{"text":"Blogu i Udh\u00ebtarit","link":"https:\/\/www.shqiperia.com\/blog\/category\/blogu-i-udhetarit\/"},"img":{"alt_text":"","src":"https:\/\/i0.wp.com\/www.shqiperia.com\/blog\/wp-content\/uploads\/2025\/11\/900-0-1753996304x900-0-1753957015xaltin-dumanii-1068x675-1-864-443.jpg?fit=900%2C569&ssl=1&resize=350%2C200","width":350,"height":200,"srcset":"https:\/\/i0.wp.com\/www.shqiperia.com\/blog\/wp-content\/uploads\/2025\/11\/900-0-1753996304x900-0-1753957015xaltin-dumanii-1068x675-1-864-443.jpg?fit=900%2C569&ssl=1&resize=350%2C200 1x, https:\/\/i0.wp.com\/www.shqiperia.com\/blog\/wp-content\/uploads\/2025\/11\/900-0-1753996304x900-0-1753957015xaltin-dumanii-1068x675-1-864-443.jpg?fit=900%2C569&ssl=1&resize=525%2C300 1.5x, https:\/\/i0.wp.com\/www.shqiperia.com\/blog\/wp-content\/uploads\/2025\/11\/900-0-1753996304x900-0-1753957015xaltin-dumanii-1068x675-1-864-443.jpg?fit=900%2C569&ssl=1&resize=700%2C400 2x"},"classes":[]},{"id":39614,"url":"https:\/\/www.shqiperia.com\/blog\/peshqit-e-medhenj-soreca-reagon-ashper-duhen-denime-te-zyrtareve-te-nivelit-te-larte-per-korrupsion\/","url_meta":{"origin":47884,"position":3},"title":"\u201cPeshqit e m\u00ebdhenj\u201d\/ Soreca reagon ashp\u00ebr: Duhen d\u00ebnime t\u00eb zyrtar\u00ebve t\u00eb nivelit t\u00eb lart\u00eb p\u00ebr korrupsion","author":"Kurt Farka","date":"October 13, 2020","format":false,"excerpt":"\u201cPeshqit e m\u00ebdhenj\u201d\/ Soreca reagon ashp\u00ebr: - Duhen d\u00ebnime t\u00eb zyrtar\u00ebve t\u00eb nivelit t\u00eb lart\u00eb p\u00ebr korrupsion 13 Tetor \u00a02020 Ambasadori i Bashkimit Europian n\u00eb Tiran\u00eb, Luigi Soreca, ka mbajtur nj\u00eb deklarat\u00eb t\u00eb fort\u00eb n\u00eb Konferenc\u00ebn e nivelit t\u00eb lart\u00eb p\u00ebr Luft\u00ebn ndaj Korrupsionit. Duke folur pas ministres s\u00eb Drejt\u00ebsis\u00eb\u2026","rel":"","context":"In &quot;Blogu i Udh\u00ebtarit&quot;","block_context":{"text":"Blogu i Udh\u00ebtarit","link":"https:\/\/www.shqiperia.com\/blog\/category\/blogu-i-udhetarit\/"},"img":{"alt_text":"","src":"https:\/\/i0.wp.com\/www.shqiperia.com\/blog\/wp-content\/uploads\/2020\/10\/Luigi-Soreca-2.jpg?fit=524%2C251&ssl=1&resize=350%2C200","width":350,"height":200},"classes":[]},{"id":76785,"url":"https:\/\/www.shqiperia.com\/blog\/dosja-mcgonigal-kreu-i-spak-smund-te-japim-informacion-kallezuesit-i-kemi-kerkuar-te-ruaje-sekretin-hetimor\/","url_meta":{"origin":47884,"position":4},"title":"Dosja \u201cMcGonigal\u201d, kreu i SPAK: &#8211; S\u2019mund t\u00eb japim informacion! Kall\u00ebzuesit i kemi k\u00ebrkuar t\u00eb ruaj\u00eb sekretin hetimor","author":"Kurt Farka","date":"December 28, 2023","format":false,"excerpt":"28 Dhjetor 2023 \"... Kemi patur nj\u00eb kall\u00ebzues, e kemi informuar p\u00ebr gjith\u00e7ka q\u00eb ka k\u00ebrkuar por i kemi k\u00ebrkuar t\u00eb n\u00ebnshkruaj\u00eb mbi ruajtjen e sekretit hetimor dhe t\u00eb mos b\u00ebhen publike\u201d, \u00ebsht\u00eb p\u00ebrgjigjur Dumani. Kreu i SPAK, Altin Dumani ka folur p\u00ebr \u00e7\u00ebshtjet m\u00eb t\u00eb nxeht\u00eb q\u00eb tashm\u00eb ka\u2026","rel":"","context":"In &quot;Blogu i Udh\u00ebtarit&quot;","block_context":{"text":"Blogu i Udh\u00ebtarit","link":"https:\/\/www.shqiperia.com\/blog\/category\/blogu-i-udhetarit\/"},"img":{"alt_text":"","src":"https:\/\/i0.wp.com\/www.shqiperia.com\/blog\/wp-content\/uploads\/2023\/12\/800-0-d6be694f6b32df952bf1899d102ca38e-1.jpg?fit=800%2C510&ssl=1&resize=350%2C200","width":350,"height":200,"srcset":"https:\/\/i0.wp.com\/www.shqiperia.com\/blog\/wp-content\/uploads\/2023\/12\/800-0-d6be694f6b32df952bf1899d102ca38e-1.jpg?fit=800%2C510&ssl=1&resize=350%2C200 1x, https:\/\/i0.wp.com\/www.shqiperia.com\/blog\/wp-content\/uploads\/2023\/12\/800-0-d6be694f6b32df952bf1899d102ca38e-1.jpg?fit=800%2C510&ssl=1&resize=525%2C300 1.5x, https:\/\/i0.wp.com\/www.shqiperia.com\/blog\/wp-content\/uploads\/2023\/12\/800-0-d6be694f6b32df952bf1899d102ca38e-1.jpg?fit=800%2C510&ssl=1&resize=700%2C400 2x"},"classes":[]},{"id":78659,"url":"https:\/\/www.shqiperia.com\/blog\/spak-skeme-te-re-per-te-luftuar-korrupsionin-ne-nivele-te-larta-pas-urdhrit-te-rames-per-te-bllokuar-dyert-e-zyrave-dhe-institucioneve\/","url_meta":{"origin":47884,"position":5},"title":"SPAK skem\u00eb t\u00eb re p\u00ebr t\u00eb luftuar korrupsionin n\u00eb nivele t\u00eb larta, pas urdhrit t\u00eb Ram\u00ebs p\u00ebr t\u00eb \u201cbllokuar\u201d dyert e zyrave dhe institucioneve","author":"Kurt Farka","date":"February 26, 2024","format":false,"excerpt":"26 Shkurt 2024 Struktura e Posa\u00e7me Kund\u00ebr Krimit t\u00eb Organizuar dhe Korrupsionit duket se ka turbulluar uj\u00ebrat n\u00eb klas\u00ebn politike shqiptare. Goditjet n\u00eb radh\u00ebt e socialist\u00ebve hodh\u00ebn n\u00eb sulm kryeministrin Edi Rama, nd\u00ebrsa prej vitesh t\u00eb t\u00ebra SPAK po sulmohet si nga Sali Berisha ashtu dhe nga Ilir Meta. Shtetet\u2026","rel":"","context":"In &quot;Blogu i Udh\u00ebtarit&quot;","block_context":{"text":"Blogu i Udh\u00ebtarit","link":"https:\/\/www.shqiperia.com\/blog\/category\/blogu-i-udhetarit\/"},"img":{"alt_text":"","src":"https:\/\/i0.wp.com\/www.shqiperia.com\/blog\/wp-content\/uploads\/2024\/02\/800-0-65dc58320b6a6.jpg?fit=800%2C448&ssl=1&resize=350%2C200","width":350,"height":200,"srcset":"https:\/\/i0.wp.com\/www.shqiperia.com\/blog\/wp-content\/uploads\/2024\/02\/800-0-65dc58320b6a6.jpg?fit=800%2C448&ssl=1&resize=350%2C200 1x, https:\/\/i0.wp.com\/www.shqiperia.com\/blog\/wp-content\/uploads\/2024\/02\/800-0-65dc58320b6a6.jpg?fit=800%2C448&ssl=1&resize=525%2C300 1.5x, https:\/\/i0.wp.com\/www.shqiperia.com\/blog\/wp-content\/uploads\/2024\/02\/800-0-65dc58320b6a6.jpg?fit=800%2C448&ssl=1&resize=700%2C400 2x"},"classes":[]}],"_links":{"self":[{"href":"https:\/\/www.shqiperia.com\/blog\/wp-json\/wp\/v2\/posts\/47884","targetHints":{"allow":["GET"]}}],"collection":[{"href":"https:\/\/www.shqiperia.com\/blog\/wp-json\/wp\/v2\/posts"}],"about":[{"href":"https:\/\/www.shqiperia.com\/blog\/wp-json\/wp\/v2\/types\/post"}],"author":[{"embeddable":true,"href":"https:\/\/www.shqiperia.com\/blog\/wp-json\/wp\/v2\/users\/9"}],"replies":[{"embeddable":true,"href":"https:\/\/www.shqiperia.com\/blog\/wp-json\/wp\/v2\/comments?post=47884"}],"version-history":[{"count":1,"href":"https:\/\/www.shqiperia.com\/blog\/wp-json\/wp\/v2\/posts\/47884\/revisions"}],"predecessor-version":[{"id":47886,"href":"https:\/\/www.shqiperia.com\/blog\/wp-json\/wp\/v2\/posts\/47884\/revisions\/47886"}],"wp:featuredmedia":[{"embeddable":true,"href":"https:\/\/www.shqiperia.com\/blog\/wp-json\/wp\/v2\/media\/47885"}],"wp:attachment":[{"href":"https:\/\/www.shqiperia.com\/blog\/wp-json\/wp\/v2\/media?parent=47884"}],"wp:term":[{"taxonomy":"category","embeddable":true,"href":"https:\/\/www.shqiperia.com\/blog\/wp-json\/wp\/v2\/categories?post=47884"},{"taxonomy":"post_tag","embeddable":true,"href":"https:\/\/www.shqiperia.com\/blog\/wp-json\/wp\/v2\/tags?post=47884"}],"curies":[{"name":"wp","href":"https:\/\/api.w.org\/{rel}","templated":true}]}}