{"id":47807,"date":"2021-06-11T08:39:08","date_gmt":"2021-06-11T08:39:08","guid":{"rendered":"https:\/\/www.shqiperia.com\/blog\/?p=47807"},"modified":"2021-06-11T08:39:08","modified_gmt":"2021-06-11T08:39:08","slug":"nje-proces-rutine-te-gjithe-duan-ta-varrosin-skandalin-e-eshtrave-te-kosines","status":"publish","type":"post","link":"https:\/\/www.shqiperia.com\/blog\/nje-proces-rutine-te-gjithe-duan-ta-varrosin-skandalin-e-eshtrave-te-kosines\/","title":{"rendered":"\u201cNj\u00eb proces rutin\u00eb\u201d: T\u00eb gjith\u00eb duan ta varrosin skandalin e eshtrave t\u00eb Kosin\u00ebs"},"content":{"rendered":"<p><img data-recalc-dims=\"1\" loading=\"lazy\" decoding=\"async\" data-attachment-id=\"47808\" data-permalink=\"https:\/\/www.shqiperia.com\/blog\/nje-proces-rutine-te-gjithe-duan-ta-varrosin-skandalin-e-eshtrave-te-kosines\/kisha-e-kosines-ne-permet-e-cila-u-be-e-njohur-nga-historia-e-zhvarrimeve-ne-vitin-2006-foto-raimond-kola\/\" data-orig-file=\"https:\/\/i0.wp.com\/www.shqiperia.com\/blog\/wp-content\/uploads\/2021\/06\/Kisha-e-Kosines-ne-Permet-e-cila-u-be-e-njohur-nga-historia-e-zhvarrimeve-ne-vitin-2006.-Foto-Raimond-Kola.-scaled.jpg?fit=2560%2C1332&amp;ssl=1\" data-orig-size=\"2560,1332\" data-comments-opened=\"1\" data-image-meta=\"{&quot;aperture&quot;:&quot;2.4&quot;,&quot;credit&quot;:&quot;&quot;,&quot;camera&quot;:&quot;SM-N960F&quot;,&quot;caption&quot;:&quot;&quot;,&quot;created_timestamp&quot;:&quot;1621420543&quot;,&quot;copyright&quot;:&quot;&quot;,&quot;focal_length&quot;:&quot;4.3&quot;,&quot;iso&quot;:&quot;50&quot;,&quot;shutter_speed&quot;:&quot;0.00084175084175084&quot;,&quot;title&quot;:&quot;&quot;,&quot;orientation&quot;:&quot;1&quot;}\" data-image-title=\"Kisha e Kosin\u00ebs n\u00eb P\u00ebrmet, e cila u b\u00eb e njohur nga historia e zhvarrimeve n\u00eb vitin 2006. Foto Raimond Kola.\" data-image-description=\"\" data-image-caption=\"\" data-medium-file=\"https:\/\/i0.wp.com\/www.shqiperia.com\/blog\/wp-content\/uploads\/2021\/06\/Kisha-e-Kosines-ne-Permet-e-cila-u-be-e-njohur-nga-historia-e-zhvarrimeve-ne-vitin-2006.-Foto-Raimond-Kola.-scaled.jpg?fit=300%2C156&amp;ssl=1\" data-large-file=\"https:\/\/i0.wp.com\/www.shqiperia.com\/blog\/wp-content\/uploads\/2021\/06\/Kisha-e-Kosines-ne-Permet-e-cila-u-be-e-njohur-nga-historia-e-zhvarrimeve-ne-vitin-2006.-Foto-Raimond-Kola.-scaled.jpg?fit=1024%2C533&amp;ssl=1\" class=\"alignnone  wp-image-47808\" alt=\"\" src=\"https:\/\/i0.wp.com\/www.shqiperia.com\/blog\/wp-content\/uploads\/2021\/06\/Kisha-e-Kosines-ne-Permet-e-cila-u-be-e-njohur-nga-historia-e-zhvarrimeve-ne-vitin-2006.-Foto-Raimond-Kola..jpg?resize=485%2C252&#038;ssl=1\" width=\"485\" height=\"252\" srcset=\"https:\/\/i0.wp.com\/www.shqiperia.com\/blog\/wp-content\/uploads\/2021\/06\/Kisha-e-Kosines-ne-Permet-e-cila-u-be-e-njohur-nga-historia-e-zhvarrimeve-ne-vitin-2006.-Foto-Raimond-Kola.-scaled.jpg?resize=300%2C156&amp;ssl=1 300w, https:\/\/i0.wp.com\/www.shqiperia.com\/blog\/wp-content\/uploads\/2021\/06\/Kisha-e-Kosines-ne-Permet-e-cila-u-be-e-njohur-nga-historia-e-zhvarrimeve-ne-vitin-2006.-Foto-Raimond-Kola.-scaled.jpg?resize=1024%2C533&amp;ssl=1 1024w, https:\/\/i0.wp.com\/www.shqiperia.com\/blog\/wp-content\/uploads\/2021\/06\/Kisha-e-Kosines-ne-Permet-e-cila-u-be-e-njohur-nga-historia-e-zhvarrimeve-ne-vitin-2006.-Foto-Raimond-Kola.-scaled.jpg?resize=768%2C400&amp;ssl=1 768w, https:\/\/i0.wp.com\/www.shqiperia.com\/blog\/wp-content\/uploads\/2021\/06\/Kisha-e-Kosines-ne-Permet-e-cila-u-be-e-njohur-nga-historia-e-zhvarrimeve-ne-vitin-2006.-Foto-Raimond-Kola.-scaled.jpg?resize=1536%2C799&amp;ssl=1 1536w, https:\/\/i0.wp.com\/www.shqiperia.com\/blog\/wp-content\/uploads\/2021\/06\/Kisha-e-Kosines-ne-Permet-e-cila-u-be-e-njohur-nga-historia-e-zhvarrimeve-ne-vitin-2006.-Foto-Raimond-Kola.-scaled.jpg?resize=2048%2C1066&amp;ssl=1 2048w, https:\/\/i0.wp.com\/www.shqiperia.com\/blog\/wp-content\/uploads\/2021\/06\/Kisha-e-Kosines-ne-Permet-e-cila-u-be-e-njohur-nga-historia-e-zhvarrimeve-ne-vitin-2006.-Foto-Raimond-Kola.-scaled.jpg?resize=2000%2C1041&amp;ssl=1 2000w, https:\/\/i0.wp.com\/www.shqiperia.com\/blog\/wp-content\/uploads\/2021\/06\/Kisha-e-Kosines-ne-Permet-e-cila-u-be-e-njohur-nga-historia-e-zhvarrimeve-ne-vitin-2006.-Foto-Raimond-Kola.-scaled.jpg?resize=450%2C234&amp;ssl=1 450w, https:\/\/i0.wp.com\/www.shqiperia.com\/blog\/wp-content\/uploads\/2021\/06\/Kisha-e-Kosines-ne-Permet-e-cila-u-be-e-njohur-nga-historia-e-zhvarrimeve-ne-vitin-2006.-Foto-Raimond-Kola.-scaled.jpg?resize=600%2C312&amp;ssl=1 600w, https:\/\/i0.wp.com\/www.shqiperia.com\/blog\/wp-content\/uploads\/2021\/06\/Kisha-e-Kosines-ne-Permet-e-cila-u-be-e-njohur-nga-historia-e-zhvarrimeve-ne-vitin-2006.-Foto-Raimond-Kola.-scaled.jpg?resize=1500%2C780&amp;ssl=1 1500w, https:\/\/i0.wp.com\/www.shqiperia.com\/blog\/wp-content\/uploads\/2021\/06\/Kisha-e-Kosines-ne-Permet-e-cila-u-be-e-njohur-nga-historia-e-zhvarrimeve-ne-vitin-2006.-Foto-Raimond-Kola.-scaled.jpg?resize=1300%2C676&amp;ssl=1 1300w, https:\/\/i0.wp.com\/www.shqiperia.com\/blog\/wp-content\/uploads\/2021\/06\/Kisha-e-Kosines-ne-Permet-e-cila-u-be-e-njohur-nga-historia-e-zhvarrimeve-ne-vitin-2006.-Foto-Raimond-Kola.-scaled.jpg?resize=400%2C208&amp;ssl=1 400w\" sizes=\"auto, (max-width: 485px) 100vw, 485px\" \/><\/p>\n<p><a href=\"http:\/\/www.panorama.com.al\/nje-proces-rutine-te-gjithe-duan-ta-varrosin-skandalin-e-eshtrave-te-kosines-2\/\">\u201cNj\u00eb proces rutin\u00eb\u201d: T\u00eb gjith\u00eb duan ta varrosin skandalin e eshtrave t\u00eb Kosin\u00ebs<\/a><\/p>\n<p><em>11 qershor \u00a02021 <\/em><\/p>\n<p><em>T\u00eb zhvarrosur 15 vjet m\u00eb par\u00eb n\u00eb k\u00ebrkim t\u00eb eshtrave t\u00eb ushtar\u00ebve grek\u00eb, 108 skelete grash, f\u00ebmij\u00ebsh e pleqsh u rikthyen m\u00eb n\u00eb fund n\u00eb Kosin\u00eb p\u00ebrmes nj\u00eb procesi rutin\u00eb, q\u00eb duket se varros edhe skandalin q\u00eb ngjalli debate nacionaliste dhe u kthye n\u00eb motiv filmash.<\/em><\/p>\n<p>Kisha e Kosin\u00ebs n\u00eb P\u00ebrmet, e cila u b\u00eb e njohur nga historia e zhvarrimeve n\u00eb vitin 2006. Foto: Raimond Kola.<\/p>\n<p>M\u00ebngjesin e 18 majit, nj\u00eb d\u00ebrgat\u00eb zyrtar\u00ebsh mb\u00ebrriti n\u00eb fshatin Kosin\u00eb t\u00eb P\u00ebrmetit dhe v\u00ebzhgoi nj\u00eb grup pun\u00ebtor\u00ebsh, teksa rreshtonin dhjet\u00ebra kuti metalike me ngjyr\u00eb t\u00eb art\u00eb n\u00eb nj\u00eb varrez\u00eb murale t\u00eb sapond\u00ebrtuar me tulla dhe beton.<\/p>\n<p>Brenda kutive metalike gjendeshin 108 skeletet e zhvarrosura 15 vjet m\u00eb par\u00eb n\u00eb Kosin\u00eb, n\u00eb k\u00ebrkim t\u00eb ushtar\u00ebve grek\u00eb t\u00eb r\u00ebn\u00eb gjat\u00eb luft\u00ebs Italo-Greke.<\/p>\n<p>Mes t\u00eb pranishm\u00ebve ishin zyrtar\u00eb t\u00eb Ministris\u00eb s\u00eb Brendshme, konsulli grek n\u00eb Gjirokast\u00ebr si dhe kryebashkiakja e P\u00ebrmetit. Por nuk pati eulogji p\u00ebr t\u00eb vdekurit dhe as ceremoni rivarrimi.<\/p>\n<p>\u201cP\u00ebr ne ishte thjesht nj\u00eb proces pune rutin\u00eb,\u201d i tha BIRN grupi i eskpert\u00ebve greko-shqiptar\u00eb n\u00eb nj\u00eb p\u00ebrgjigje t\u00eb p\u00ebrcjell\u00eb p\u00ebrmes z\u00ebdh\u00ebn\u00ebsit t\u00eb Ministris\u00eb s\u00eb Mbrojtjes.<\/p>\n<p>Rikthimi i heshtur i eshtrave rreth 15 vite pas zhvarrimeve t\u00eb bujshme solli kujtime t\u00eb hidhura p\u00ebr banor\u00ebt e pakt\u00eb t\u00eb mbetur n\u00eb Kosin\u00eb.<\/p>\n<div id=\"attachment_47809\" style=\"width: 642px\" class=\"wp-caption alignnone\"><img data-recalc-dims=\"1\" loading=\"lazy\" decoding=\"async\" aria-describedby=\"caption-attachment-47809\" data-attachment-id=\"47809\" data-permalink=\"https:\/\/www.shqiperia.com\/blog\/nje-proces-rutine-te-gjithe-duan-ta-varrosin-skandalin-e-eshtrave-te-kosines\/varreza-murale-ne-kosine\/\" data-orig-file=\"https:\/\/i0.wp.com\/www.shqiperia.com\/blog\/wp-content\/uploads\/2021\/06\/Varreza-Murale-ne-Kosine.jpg?fit=533%2C279&amp;ssl=1\" data-orig-size=\"533,279\" data-comments-opened=\"1\" data-image-meta=\"{&quot;aperture&quot;:&quot;0&quot;,&quot;credit&quot;:&quot;&quot;,&quot;camera&quot;:&quot;&quot;,&quot;caption&quot;:&quot;&quot;,&quot;created_timestamp&quot;:&quot;0&quot;,&quot;copyright&quot;:&quot;&quot;,&quot;focal_length&quot;:&quot;0&quot;,&quot;iso&quot;:&quot;0&quot;,&quot;shutter_speed&quot;:&quot;0&quot;,&quot;title&quot;:&quot;&quot;,&quot;orientation&quot;:&quot;0&quot;}\" data-image-title=\"Varreza Murale ne Kosine\" data-image-description=\"\" data-image-caption=\"&lt;p&gt;Varreza Murale ne Kosine&lt;\/p&gt;\n\" data-medium-file=\"https:\/\/i0.wp.com\/www.shqiperia.com\/blog\/wp-content\/uploads\/2021\/06\/Varreza-Murale-ne-Kosine.jpg?fit=300%2C157&amp;ssl=1\" data-large-file=\"https:\/\/i0.wp.com\/www.shqiperia.com\/blog\/wp-content\/uploads\/2021\/06\/Varreza-Murale-ne-Kosine.jpg?fit=533%2C279&amp;ssl=1\" class=\" wp-image-47809\" alt=\"\" src=\"https:\/\/i0.wp.com\/www.shqiperia.com\/blog\/wp-content\/uploads\/2021\/06\/Varreza-Murale-ne-Kosine.jpg?resize=632%2C331&#038;ssl=1\" width=\"632\" height=\"331\" srcset=\"https:\/\/i0.wp.com\/www.shqiperia.com\/blog\/wp-content\/uploads\/2021\/06\/Varreza-Murale-ne-Kosine.jpg?resize=300%2C157&amp;ssl=1 300w, https:\/\/i0.wp.com\/www.shqiperia.com\/blog\/wp-content\/uploads\/2021\/06\/Varreza-Murale-ne-Kosine.jpg?resize=450%2C236&amp;ssl=1 450w, https:\/\/i0.wp.com\/www.shqiperia.com\/blog\/wp-content\/uploads\/2021\/06\/Varreza-Murale-ne-Kosine.jpg?resize=400%2C209&amp;ssl=1 400w, https:\/\/i0.wp.com\/www.shqiperia.com\/blog\/wp-content\/uploads\/2021\/06\/Varreza-Murale-ne-Kosine.jpg?w=533&amp;ssl=1 533w\" sizes=\"auto, (max-width: 632px) 100vw, 632px\" \/><p id=\"caption-attachment-47809\" class=\"wp-caption-text\">Varreza Murale ne Kosine<\/p><\/div>\n<p>\u201cEdhe at\u00ebher\u00eb\u00a0 ashtu i b\u00ebn\u00eb gj\u00ebrat, edhe tani i soll\u00ebn fshehur, nuk than\u00eb n\u00eb fshat,\u201d tha nj\u00eb i moshuar nj\u00eb dit\u00eb pas rivarrimit, teksa rregullon hardhin\u00eb i ndihmuar nga nj\u00eb grua q\u00eb i mban shkall\u00ebn.<\/p>\n<p>\u201cTurpi \u00ebsht\u00eb i atyre q\u00eb e b\u00ebn\u00eb at\u00eb histori,\u201d shtoi ai, pa dashur q\u00eb t\u00eb identifikohet me em\u00ebr.<\/p>\n<p>Varreza murale gjendet pran\u00eb kish\u00ebs s\u00eb Kosin\u00ebs \u201cFjetja e Sh\u00ebn M\u00ebris\u00eb\u201d- nj\u00eb\u00a0 nga kishat m\u00eb t\u00eb vjetra n\u00eb Ballkan, e ruajtur si monument kulture. Megjithat\u00eb, kisha nuk njihet aq shum\u00eb p\u00ebr historin\u00eb e vjet\u00ebr dhe arkitektur\u00ebn e ve\u00e7ant\u00eb sesa p\u00ebr historin\u00eb e zhvarrimeve t\u00eb 15 viteve m\u00eb par\u00eb.<\/p>\n<p>I ashtuquajturi skandali i zhvarrosjeve iu shtua list\u00ebs s\u00eb p\u00ebrplasjeve mes Shqip\u00ebris\u00eb dhe Greqis\u00eb, nd\u00ebrsa sh\u00ebrbeu gjithashtu si motiv p\u00ebr filmin \u201cBallkan Pazar\u201d t\u00eb regjisorit Edmond Budina, q\u00eb ironizoi ngjarjen si nj\u00eb pazar eshtrash dhe g\u00ebrricjesh t\u00eb vjetra ballkanike.<\/p>\n<p>Nj\u00eb \u00e7erek shekulli m\u00eb von\u00eb, eshtrat u rikthyen n\u00eb Kosin\u00eb, pasi sipas Ministris\u00eb s\u00eb Mbrojtjes, nj\u00eb grup i p\u00ebrbashk\u00ebt ekspert\u00ebsh shqiptaro-grek\u00eb arriti n\u00eb p\u00ebrfundimin se ato i p\u00ebrkisnin foshnjave, grave dhe pleqve \u2013por n\u00eb asnj\u00eb rast ushtar\u00ebve t\u00eb supozuar.<\/p>\n<p><img data-recalc-dims=\"1\" loading=\"lazy\" decoding=\"async\" data-attachment-id=\"47810\" data-permalink=\"https:\/\/www.shqiperia.com\/blog\/nje-proces-rutine-te-gjithe-duan-ta-varrosin-skandalin-e-eshtrave-te-kosines\/qendra-e-fshatit-kosine\/\" data-orig-file=\"https:\/\/i0.wp.com\/www.shqiperia.com\/blog\/wp-content\/uploads\/2021\/06\/Qendra-e-fshatit-Kosine.jpg?fit=533%2C400&amp;ssl=1\" data-orig-size=\"533,400\" data-comments-opened=\"1\" data-image-meta=\"{&quot;aperture&quot;:&quot;0&quot;,&quot;credit&quot;:&quot;&quot;,&quot;camera&quot;:&quot;&quot;,&quot;caption&quot;:&quot;&quot;,&quot;created_timestamp&quot;:&quot;0&quot;,&quot;copyright&quot;:&quot;&quot;,&quot;focal_length&quot;:&quot;0&quot;,&quot;iso&quot;:&quot;0&quot;,&quot;shutter_speed&quot;:&quot;0&quot;,&quot;title&quot;:&quot;&quot;,&quot;orientation&quot;:&quot;0&quot;}\" data-image-title=\"Qendra e fshatit Kosine\" data-image-description=\"\" data-image-caption=\"\" data-medium-file=\"https:\/\/i0.wp.com\/www.shqiperia.com\/blog\/wp-content\/uploads\/2021\/06\/Qendra-e-fshatit-Kosine.jpg?fit=300%2C225&amp;ssl=1\" data-large-file=\"https:\/\/i0.wp.com\/www.shqiperia.com\/blog\/wp-content\/uploads\/2021\/06\/Qendra-e-fshatit-Kosine.jpg?fit=533%2C400&amp;ssl=1\" class=\"alignnone  wp-image-47810\" alt=\"\" src=\"https:\/\/i0.wp.com\/www.shqiperia.com\/blog\/wp-content\/uploads\/2021\/06\/Qendra-e-fshatit-Kosine.jpg?resize=714%2C538&#038;ssl=1\" width=\"714\" height=\"538\" srcset=\"https:\/\/i0.wp.com\/www.shqiperia.com\/blog\/wp-content\/uploads\/2021\/06\/Qendra-e-fshatit-Kosine.jpg?resize=300%2C225&amp;ssl=1 300w, https:\/\/i0.wp.com\/www.shqiperia.com\/blog\/wp-content\/uploads\/2021\/06\/Qendra-e-fshatit-Kosine.jpg?resize=450%2C338&amp;ssl=1 450w, https:\/\/i0.wp.com\/www.shqiperia.com\/blog\/wp-content\/uploads\/2021\/06\/Qendra-e-fshatit-Kosine.jpg?resize=400%2C300&amp;ssl=1 400w\" sizes=\"auto, (max-width: 714px) 100vw, 714px\" \/><\/p>\n<p><strong>Skelete n\u00eb \u201csirtar\u00eb\u201d<\/strong><\/p>\n<p>Dhunimi i varreve t\u00eb Kosin\u00ebs u denoncua n\u00eb maj t\u00eb vitit 2006 nga nj\u00eb prej pun\u00ebtor\u00ebve q\u00eb paguhej p\u00ebr hapjen e tyre, Altin Ballabani, i cili akuzoi priftin Vasil Thomollari p\u00ebr zvarrimet dhe zhvendosjen e skeleteve n\u00eb nj\u00eb kish\u00eb tjet\u00ebr.<\/p>\n<p>Nj\u00eb hetim me akuzat e dhunimit t\u00eb varreve ndaj Thomollarit dhe nj\u00eb personi q\u00eb u identikua si p\u00ebrkthyes, u mbyll pa fajtor\u00eb n\u00eb vitin 2011.<\/p>\n<p>Edhe pse ekspert\u00ebt e Mjek\u00ebsis\u00eb Ligjore provuan at\u00ebher\u00eb se eshtrat nuk ishin t\u00eb ushtar\u00ebve, Prokuoria arsyetoi se nuk kishte pasur dhunim t\u00eb varreve, duke argumentuar se varrezat ishin d\u00ebmtuar edhe m\u00eb her\u00ebt.<\/p>\n<p>Eshtrat megjithat\u00eb nuk u kthyen n\u00eb fshat. Me nj\u00eb marr\u00ebveshje t\u00eb vitit 2009 mes Shqip\u00ebris\u00eb dhe Greqis\u00eb p\u00ebr t\u00eb gjetur t\u00eb r\u00ebn\u00ebt e luft\u00ebs Italo-Greke t\u00eb zhvilluar pjes\u00ebrisht n\u00eb Jug t\u00eb Shqip\u00ebris\u00eb, u vendos q\u00eb ato t\u00eb rieksperimentoheshin prej nj\u00eb grupi t\u00eb p\u00ebrbashk\u00ebt ekspert\u00ebsh.<\/p>\n<p>Zyrtarisht, mbi baz\u00eb t\u00eb marr\u00ebveshjes s\u00eb vitit 2009 jan\u00eb gjetur 578 skelete t\u00eb ushtar\u00ebve grek\u00eb t\u00eb r\u00ebn\u00eb n\u00eb luft\u00ebn Italo-Greke. Ata u rivarros\u00ebn n\u00eb Manastirin e Gryk\u00ebs s\u00eb K\u00eblcyr\u00ebs n\u00eb tetor t\u00eb vitit 2018, pas p\u00ebrfundimit t\u00eb nj\u00eb\u00a0 ekspedite t\u00eb zhvarrimit t\u00eb eshtrave t\u00eb ushtar\u00ebve grek\u00eb, q\u00eb ishte kryer n\u00eb zon\u00ebn e Sajmol\u00ebs.<\/p>\n<p>Nd\u00ebrkoh\u00eb, eshtrat e nxjerra n\u00eb vitin 2006 n\u00eb Kosin\u00eb u mbajt\u00ebn prej prokuroris\u00eb deri n\u00eb vitin 2018, kur u mor\u00ebn n\u00eb dor\u00ebzim nga grupi i p\u00ebrbashk\u00ebt i ekspert\u00ebve.<\/p>\n<p>Sipas Ministris\u00eb s\u00eb Mbrojtjes, ekspertiza e re u krye n\u00eb Dragot t\u00eb Tepelen\u00ebs, n\u00eb nj\u00eb kamp t\u00eb ngritur enkas, provoi s\u00ebrish q\u00eb eshtrat nuk ishin t\u00eb ushtar\u00ebve.<\/p>\n<p>N\u00eb nj\u00eb p\u00ebrgjigje p\u00ebr BIRN, Ministria e Mbrojtjes tha se nd\u00ebr 131 skelete q\u00eb u ve\u00e7uan prej 69 kutive ku ishin hedhur pa ndonj\u00eb kujdes, nuk kishte ushtar\u00eb grek\u00eb.<\/p>\n<p>\u201cNga eshtrat e zhvarrosura u formuan 108 skelete njer\u00ebzish t\u00eb ndrysh\u00ebm. Pjesa tjet\u00ebr e eshtrave duket se nuk ka qen\u00eb njer\u00ebzore. Ekspert\u00ebt po ashtu than\u00eb se nuk u gjet\u00ebn as shenja dalluese t\u00eb ushtris\u00eb, q\u00eb mund t\u00eb d\u00ebshmonin se eshtrat u p\u00ebrkisnin ushtar\u00ebve grek\u00eb apo t\u00eb ndonj\u00eb vendi tjet\u00ebr,\u201d shtoi Ministria e Mbrojtjes.<\/p>\n<p>Asnj\u00eb prej skeleteve nuk u identifikua dhe asnj\u00ebrit nuk mund t\u2019i vendosej nj\u00eb em\u00ebr. Ekspert\u00ebt thon\u00eb n\u00eb p\u00ebrgjigjen zyrtare se identifikimi dhe b\u00ebrja bashk\u00eb e skeleteve t\u00eb nj\u00ebjta kishte qen\u00eb e v\u00ebshtir\u00eb, pasi eshtrat ishin nxjerr\u00eb pa ndonj\u00eb rregull dhe ishin t\u00eb p\u00ebrziera.<\/p>\n<p>\u201cN\u00eb to kishte p\u00ebrzierje eshtrash f\u00ebmij\u00ebsh, t\u00eb porsalindur, gra, mosha t\u00eb m\u00ebdha, si edhe eshtra kafsh\u00ebsh,\u201d, thuhet n\u00eb p\u00ebrgjigje, nd\u00ebrsa shtohet se p\u00ebrfundimisht ishte p\u00ebrjashtuar mund\u00ebsia q\u00eb eshtrat t\u2019u p\u00ebrkisnin ushtar\u00ebve apo oficer\u00ebve t\u00eb ushtris\u00eb greke.<\/p>\n<p><strong>Heshtje dhe formalitet<\/strong><\/p>\n<p>N\u00eb rivarrimin e t\u00eb zhvarrosurve ishin t\u00eb pranish\u00ebm zyrtar\u00eb t\u00eb Ministris\u00eb s\u00eb Brendshme, kryebashkiakja e P\u00ebrmetit dhe konsulli grek n\u00eb Gjirokast\u00ebr. Por zyrtar\u00ebt shqiptar\u00eb t\u00eb kontaktuar nga BIRN nuk ishin t\u00eb qart\u00eb se p\u00ebr \u00e7far\u00eb arsyesh ndodheshin aty.<\/p>\n<p>Alma Mele nga Drejtoria e Koordinimit dhe Monitorimit t\u00eb Prefekturave i tha BIRN se ajo kishte qen\u00eb e pranishme p\u00ebr t\u00eb par\u00eb procesin, por se nuk ishte n\u00eb gjendje t\u2019u p\u00ebrgjigjej pyetjeve.<\/p>\n<p>\u201cNuk kam dijeni p\u00ebr procedurat, p\u00ebr ato duhet t\u00eb pyesni grupin e ekspert\u00ebve n\u00eb Ministrin\u00eb e Mbrojtjes,\u201d tha Mele.<\/p>\n<p>T\u00eb nj\u00ebjt\u00ebn gj\u00eb i tha BIRN edhe Juxhin Pasho, administratori i Piskov\u00ebs q\u00eb p\u00ebrfshin edhe fshatin Kosin\u00eb. Ai tha se ishte jasht\u00eb procesit dhe nj\u00ebsia q\u00eb ai drejton, nuk ishte marr\u00eb me k\u00ebt\u00eb \u00e7\u00ebshtje.<\/p>\n<p>Ministria e Mbrojtjes nga ana e saj thot\u00eb se zyrtar\u00ebt nuk ishin t\u00eb ftuar n\u00eb formalitet rutin\u00eb.<\/p>\n<p>\u201cPjes\u00ebmarrja e\u00a0 titullar\u00ebve t\u00eb prefektur\u00ebs s\u00eb Gjirokastr\u00ebs dhe t\u00eb bashkis\u00eb s\u00eb P\u00ebrmetit n\u00eb rivarrimin e kryer n\u00eb Kosin\u00eb ka qen\u00eb vendimmarrje e tyre,\u201dtha Ministria e Mbrojtjes, e cila sqaroi se pushtetit vendor i ishin k\u00ebrkuar vet\u00ebm varrmih\u00ebsit e komunales p\u00ebr t\u00eb kryer sh\u00ebrbimet e rivarrimit.<\/p>\n<p>Rivarrimi n\u00eb Kosin\u00eb \u00ebsht\u00eb i treti i kryer, pas dy t\u00eb tjer\u00ebve m\u00eb her\u00ebt n\u00eb varrezat publike t\u00eb K\u00eblcyr\u00ebs.<\/p>\n<p>\u201cRivarrime t\u00eb tilla t\u00eb eshtrave t\u00eb paidentifikuara, t\u00eb dy ekipet e terrenit kan\u00eb kryer edhe m\u00eb par\u00eb n\u00eb varrezat publike t\u00eb K\u00eblcyr\u00ebs, ku jan\u00eb rivarrosur 71 eshtra t\u00eb paidentifikuara (21 eshtra n\u00eb dat\u00ebn\u00a0 8 shkurt 2019 dhe 50 eshtra m\u00eb 8 korrik 2020), pa ceremoni zyrtare dhe pa pranin\u00eb e mediave, vet\u00ebm me prezenc\u00ebn e dy ekipeve t\u00eb terrenit,\u201d thuhet n\u00eb p\u00ebrgjigje.<\/p>\n<p>Mina Ballabani, banor i Kosin\u00ebs i tha BIRN se do t\u00eb kishte dashur t\u00eb kishte qen\u00eb i pranish\u00ebm n\u00eb ceremoni. \u201cNuk dinim gj\u00eb p\u00ebr ceremonin\u00eb, po t\u00eb na kishin th\u00ebn\u00eb do venim\u201d, tha Ballabani.<\/p>\n<p>Megjithat\u00eb, n\u00eb fshatin e vog\u00ebl nuk duket se ka njer\u00ebz q\u00eb duan t\u00eb flasin p\u00ebr k\u00ebt\u00eb histori dhe as ndonj\u00eb interesim p\u00ebr skeletet e rikthyera. Sipas banor\u00ebve, demografia e Kosin\u00ebs ka ndryshuar pas Luft\u00ebs s\u00eb Dyt\u00eb Bot\u00ebrore. N\u00eb fshat gjat\u00eb diktatur\u00ebs u vendos\u00ebn banor\u00eb nga zona t\u00eb tjera, nd\u00ebrsa pas viteve 90\u2019 nj\u00eb pjes\u00eb e mir\u00eb kan\u00eb emigruar, duke b\u00ebr\u00eb edhe m\u00eb t\u00eb thell\u00eb ndryshimin.<\/p>\n<p>Nj\u00eb zyrtar lokal q\u00eb k\u00ebrkoi t\u00eb mos identifikohej i tha BIRN se n\u00ebse do kishte interes p\u00ebr identifikimin e m\u00ebtejsh\u00ebm t\u00eb skeleteve, kjo u mbetej n\u00eb dor\u00eb banor\u00ebve q\u00eb mund t\u00eb k\u00ebrkonin t\u00eb gjenin paraardh\u00ebsit.<\/p>\n<p>\u201cEshtrat jan\u00eb t\u00eb paidentifikuara dhe\u00a0 duhet b\u00ebr\u00eb ADN nga vet\u00eb banor\u00ebt, q\u00eb ata t\u00eb gjejn\u00eb n\u00ebse jan\u00eb t\u00eb t\u00eb af\u00ebrmve t\u00eb tyre,\u201d p\u00ebrfundoi ai.<\/p>\n<p>\/BIRN\/<\/p>\n<p>Nga Gazeta Panorama<\/p>\n","protected":false},"excerpt":{"rendered":"<p>\u201cNj\u00eb proces rutin\u00eb\u201d: T\u00eb gjith\u00eb duan ta varrosin skandalin e eshtrave t\u00eb Kosin\u00ebs 11 qershor \u00a02021 T\u00eb zhvarrosur 15 vjet m\u00eb par\u00eb n\u00eb k\u00ebrkim t\u00eb eshtrave t\u00eb ushtar\u00ebve grek\u00eb, 108 skelete grash, f\u00ebmij\u00ebsh e pleqsh u rikthyen m\u00eb n\u00eb fund n\u00eb Kosin\u00eb p\u00ebrmes nj\u00eb procesi rutin\u00eb, q\u00eb duket se varros edhe skandalin q\u00eb ngjalli debate [&hellip;]<\/p>\n","protected":false},"author":9,"featured_media":47808,"comment_status":"open","ping_status":"open","sticky":false,"template":"","format":"standard","meta":{"jetpack_post_was_ever_published":false,"_jetpack_newsletter_access":"","_jetpack_dont_email_post_to_subs":false,"_jetpack_newsletter_tier_id":0,"_jetpack_memberships_contains_paywalled_content":false,"_jetpack_memberships_contains_paid_content":false,"footnotes":"","jetpack_publicize_message":"","jetpack_publicize_feature_enabled":true,"jetpack_social_post_already_shared":true,"jetpack_social_options":{"image_generator_settings":{"template":"highway","default_image_id":0,"font":"","enabled":false},"version":2}},"categories":[27,85,35],"tags":[],"class_list":["post-47807","post","type-post","status-publish","format-standard","has-post-thumbnail","hentry","category-blogu-i-udhetarit","category-histori","category-shoqerore"],"jetpack_publicize_connections":[],"jetpack_featured_media_url":"https:\/\/i0.wp.com\/www.shqiperia.com\/blog\/wp-content\/uploads\/2021\/06\/Kisha-e-Kosines-ne-Permet-e-cila-u-be-e-njohur-nga-historia-e-zhvarrimeve-ne-vitin-2006.-Foto-Raimond-Kola.-scaled.jpg?fit=2560%2C1332&ssl=1","jetpack_sharing_enabled":true,"jetpack_shortlink":"https:\/\/wp.me\/p5Z6wp-cr5","jetpack-related-posts":[{"id":13110,"url":"https:\/\/www.shqiperia.com\/blog\/karrocieret-e-kosines\/","url_meta":{"origin":47807,"position":0},"title":"KARROCIER\u00cbT E KOSIN\u00cbS. &#8211;","author":"Kurt Farka","date":"October 28, 2018","format":false,"excerpt":"KARROCIER\u00cbT E KOSIN\u00cbS. - Nga: Elida Jorgoni. Me rras\u00ebn e shekujve fantaz\u00ebm u rikthyen n\u00eb trojet mistike kapu\u00e7ozinjt\u00eb; karrocier\u00eb eshtrash, mbuluar deri n\u00eb gryk\u00eb me pashpirt\u00ebsi e histeri dhe me nj\u00eb urrejtje rr\u00ebnqeth\u00ebse, tok\u00ebn e fjetur nis\u00ebn t\u00eb rr\u00ebmihin me thonj t\u00eb paprer\u00eb, duke mbushur thas\u00ebt me vello e paj\u00eb,\u2026","rel":"","context":"In &quot;Blogu i Udh\u00ebtarit&quot;","block_context":{"text":"Blogu i Udh\u00ebtarit","link":"https:\/\/www.shqiperia.com\/blog\/category\/blogu-i-udhetarit\/"},"img":{"alt_text":"","src":"https:\/\/i0.wp.com\/www.shqiperia.com\/blog\/wp-content\/uploads\/2018\/10\/Kosina-dhe-varret.jpg?fit=720%2C414&ssl=1&resize=350%2C200","width":350,"height":200,"srcset":"https:\/\/i0.wp.com\/www.shqiperia.com\/blog\/wp-content\/uploads\/2018\/10\/Kosina-dhe-varret.jpg?fit=720%2C414&ssl=1&resize=350%2C200 1x, https:\/\/i0.wp.com\/www.shqiperia.com\/blog\/wp-content\/uploads\/2018\/10\/Kosina-dhe-varret.jpg?fit=720%2C414&ssl=1&resize=525%2C300 1.5x, https:\/\/i0.wp.com\/www.shqiperia.com\/blog\/wp-content\/uploads\/2018\/10\/Kosina-dhe-varret.jpg?fit=720%2C414&ssl=1&resize=700%2C400 2x"},"classes":[]},{"id":52629,"url":"https:\/\/www.shqiperia.com\/blog\/serish-fajin-e-ka-saliu-rama-tenton-te-minimizoje-skandalin-me-databazen-e-pagave-nuk-jemi-as-te-paret-as-te-fundit\/","url_meta":{"origin":47807,"position":1},"title":"&#8220;S\u00ebrish: \u00a0Fajin e ka Saliu\u201d. &#8211; \u00a0Rama tenton t\u00eb minimizoj\u00eb skandalin me databaz\u00ebn e pagave: Nuk jemi as t\u00eb par\u00ebt as t\u00eb fundit","author":"Kurt Farka","date":"December 23, 2021","format":false,"excerpt":"\"S\u00ebrish: \u00a0Fajin e ka Saliu\u201d. - \u00a0Rama tenton t\u00eb minimizoj\u00eb skandalin me databaz\u00ebn e pagave: Nuk jemi as t\u00eb par\u00ebt as t\u00eb fundit Nga OraNews 23 Dhjetor 2021 Pas ndjes\u00ebs p\u00ebr nxjerrjen n\u00eb Pazar t\u00eb t\u00eb dh\u00ebnave personale dhe pagave t\u00eb 637 mij\u00eb shqiptar\u00ebve Kryeministri Edi Rama u p\u00ebrpoq ta\u2026","rel":"","context":"In &quot;Blogu i Udh\u00ebtarit&quot;","block_context":{"text":"Blogu i Udh\u00ebtarit","link":"https:\/\/www.shqiperia.com\/blog\/category\/blogu-i-udhetarit\/"},"img":{"alt_text":"","src":"https:\/\/i0.wp.com\/www.shqiperia.com\/blog\/wp-content\/uploads\/2021\/12\/640-0-rama-1640260545-300x182.jpg?resize=350%2C200&ssl=1","width":350,"height":200,"srcset":"https:\/\/i0.wp.com\/www.shqiperia.com\/blog\/wp-content\/uploads\/2021\/12\/640-0-rama-1640260545-300x182.jpg?resize=350%2C200&ssl=1 1x, https:\/\/i0.wp.com\/www.shqiperia.com\/blog\/wp-content\/uploads\/2021\/12\/640-0-rama-1640260545-300x182.jpg?resize=525%2C300&ssl=1 1.5x"},"classes":[]},{"id":1872,"url":"https:\/\/www.shqiperia.com\/blog\/mesila-doda-ushtari-italian-po-lexohet-si-grek-po-perdoren-te-vdekurit\/","url_meta":{"origin":47807,"position":2},"title":"Mesila Doda: Ushtari italian po lexohet si grek, po p\u00ebrdoren t\u00eb vdekurit. &#8211;","author":"Kurt Farka","date":"January 23, 2018","format":false,"excerpt":"Sekretarja e P\u00ebrgjithshme e Partis\u00eb Drejt\u00ebsi, Integrim dhe Unitet, Mesila Doda gjat\u00eb nj\u00eb interviste n\u00eb Ora News ka deklaruar se sipas studiuesve\u00a0nj\u00eb medalion i gjetur sot, i cili pretendohet se i p\u00ebrket ushtar\u00ebve grek\u00eb,\u00a0\u00ebsht\u00eb i ushtar\u00ebve italian\u00eb. Sipas Dod\u00ebs ushtar\u00ebt e vdekur po p\u00ebrdoren, nd\u00ebrsa shton se\u00a0ky rast ngjan me\u2026","rel":"","context":"In &quot;Blogu i Udh\u00ebtarit&quot;","block_context":{"text":"Blogu i Udh\u00ebtarit","link":"https:\/\/www.shqiperia.com\/blog\/category\/blogu-i-udhetarit\/"},"img":{"alt_text":"","src":"https:\/\/i0.wp.com\/www.shqiperia.com\/blog\/wp-content\/uploads\/2018\/01\/Mesila-Doda.jpg?resize=350%2C200","width":350,"height":200},"classes":[]},{"id":41030,"url":"https:\/\/www.shqiperia.com\/blog\/televizioni-grek-zbardh-skandalin-ne-shqiperi-po-falsifikohen-tamponet-e-covid-19-ja-kush-jane-te-perfshire\/","url_meta":{"origin":47807,"position":3},"title":"Televizioni grek zbardh skandalin: N\u00eb Shqip\u00ebri po falsifikohen tampon\u00ebt e COVID-19. Ja kush jan\u00eb t\u00eb p\u00ebrfshir\u00eb","author":"Kurt Farka","date":"November 20, 2020","format":false,"excerpt":"Televizioni grek zbardh skandalin: N\u00eb Shqip\u00ebri po falsifikohen tampon\u00ebt e COVID-19. Ja kush jan\u00eb t\u00eb p\u00ebrfshir\u00eb 20 N\u00cbNTOR 2020 Televizioni grek \u201cStar News\u201d shkruan se n\u00eb Shqip\u00ebri \u00ebsht\u00eb ngritur industria e falsifikimit t\u00eb raporteve t\u00eb t\u00eb infektuarve me koronavirus. Dallimet q\u00eb lindin n\u00eb dy dokumente jan\u00eb logo e qendr\u00ebs diagnostikuese,\u2026","rel":"","context":"In &quot;Njoftime Shtypi&quot;","block_context":{"text":"Njoftime Shtypi","link":"https:\/\/www.shqiperia.com\/blog\/category\/njoftime-shtypi\/"},"img":{"alt_text":"","src":"https:\/\/i0.wp.com\/www.shqiperia.com\/blog\/wp-content\/uploads\/2020\/11\/800-0-5fb80e258aa01.jpg?fit=800%2C415&ssl=1&resize=350%2C200","width":350,"height":200,"srcset":"https:\/\/i0.wp.com\/www.shqiperia.com\/blog\/wp-content\/uploads\/2020\/11\/800-0-5fb80e258aa01.jpg?fit=800%2C415&ssl=1&resize=350%2C200 1x, https:\/\/i0.wp.com\/www.shqiperia.com\/blog\/wp-content\/uploads\/2020\/11\/800-0-5fb80e258aa01.jpg?fit=800%2C415&ssl=1&resize=525%2C300 1.5x, https:\/\/i0.wp.com\/www.shqiperia.com\/blog\/wp-content\/uploads\/2020\/11\/800-0-5fb80e258aa01.jpg?fit=800%2C415&ssl=1&resize=700%2C400 2x"},"classes":[]},{"id":13713,"url":"https:\/\/www.shqiperia.com\/blog\/a-i-bashkon-shqiptaret-kthimi-i-eshtrave-te-midhat-frasherit-maks-velo-ka-dy-pika-qe-e-mbrojne-nga-kritiket\/","url_meta":{"origin":47807,"position":4},"title":"A i bashkon shqiptar\u00ebt kthimi i eshtrave t\u00eb Mid\u2019hat Frash\u00ebrit? Maks Velo: Ka dy pika q\u00eb e mbrojn\u00eb nga kritik\u00ebt. &#8211;","author":"Kurt Farka","date":"November 14, 2018","format":false,"excerpt":"A i bashkon shqiptar\u00ebt kthimi i eshtrave t\u00eb Mid\u2019hat Frash\u00ebrit? Maks Velo: Ka dy pika q\u00eb e mbrojn\u00eb nga kritik\u00ebt. - Prej or\u00ebs 09.00 kan\u00eb mb\u00ebrritur n\u00eb Shqip\u00ebri p\u00ebrmes Rinasit eshtrat e personalitetit t\u00eb shquar t\u00eb letrave shqipe dhe t\u00eb kultur\u00ebs mbar\u00ebkomb\u00ebtare,\u00a0Mid\u2019hat Frash\u00ebrit. Arkiteti i njohur Maks Velo ka folur\u2026","rel":"","context":"In &quot;Histori&quot;","block_context":{"text":"Histori","link":"https:\/\/www.shqiperia.com\/blog\/category\/histori\/"},"img":{"alt_text":"","src":"https:\/\/i0.wp.com\/www.shqiperia.com\/blog\/wp-content\/uploads\/2018\/11\/Mithat-frasheri-780x439.jpg?fit=652%2C330&ssl=1&resize=350%2C200","width":350,"height":200,"srcset":"https:\/\/i0.wp.com\/www.shqiperia.com\/blog\/wp-content\/uploads\/2018\/11\/Mithat-frasheri-780x439.jpg?fit=652%2C330&ssl=1&resize=350%2C200 1x, https:\/\/i0.wp.com\/www.shqiperia.com\/blog\/wp-content\/uploads\/2018\/11\/Mithat-frasheri-780x439.jpg?fit=652%2C330&ssl=1&resize=525%2C300 1.5x"},"classes":[]},{"id":77548,"url":"https:\/\/www.shqiperia.com\/blog\/zbulohet-nje-person-me-grupin-e-gjakut-p-ne-kine-gazetari-cfare-thone-shkencetaret\/","url_meta":{"origin":47807,"position":5},"title":"Zbulohet nj\u00eb person me grupin e gjakut P n\u00eb Kin\u00eb\/ Gazetari: &#8211; \u00c7far\u00eb thon\u00eb shkenc\u00ebtar\u00ebt","author":"Kurt Farka","date":"January 22, 2024","format":false,"excerpt":"22 Janar 2024 Gazetari Edison Myrteza ka ndar\u00eb detaje nga grupi m\u00eb i ri i gjakut q\u00eb po qarkullon, i cili njihet si \u201cGjaku i dinozaurit\u201d ose \u201cGjaku Panda\u201d, edhe ndodhet n\u00eb 0.4% t\u00eb popullsis\u00eb s\u00eb Kin\u00ebs N\u00eb nj\u00eb lidhje me Skype nga Kina p\u00ebr emisionin \u201cABC e M\u00ebngjesit\u201d, ai\u2026","rel":"","context":"In &quot;Blogu i Udh\u00ebtarit&quot;","block_context":{"text":"Blogu i Udh\u00ebtarit","link":"https:\/\/www.shqiperia.com\/blog\/category\/blogu-i-udhetarit\/"},"img":{"alt_text":"","src":"https:\/\/i0.wp.com\/www.shqiperia.com\/blog\/wp-content\/uploads\/2024\/01\/dfgdf-485.png?fit=763%2C486&ssl=1&resize=350%2C200","width":350,"height":200,"srcset":"https:\/\/i0.wp.com\/www.shqiperia.com\/blog\/wp-content\/uploads\/2024\/01\/dfgdf-485.png?fit=763%2C486&ssl=1&resize=350%2C200 1x, https:\/\/i0.wp.com\/www.shqiperia.com\/blog\/wp-content\/uploads\/2024\/01\/dfgdf-485.png?fit=763%2C486&ssl=1&resize=525%2C300 1.5x, https:\/\/i0.wp.com\/www.shqiperia.com\/blog\/wp-content\/uploads\/2024\/01\/dfgdf-485.png?fit=763%2C486&ssl=1&resize=700%2C400 2x"},"classes":[]}],"_links":{"self":[{"href":"https:\/\/www.shqiperia.com\/blog\/wp-json\/wp\/v2\/posts\/47807","targetHints":{"allow":["GET"]}}],"collection":[{"href":"https:\/\/www.shqiperia.com\/blog\/wp-json\/wp\/v2\/posts"}],"about":[{"href":"https:\/\/www.shqiperia.com\/blog\/wp-json\/wp\/v2\/types\/post"}],"author":[{"embeddable":true,"href":"https:\/\/www.shqiperia.com\/blog\/wp-json\/wp\/v2\/users\/9"}],"replies":[{"embeddable":true,"href":"https:\/\/www.shqiperia.com\/blog\/wp-json\/wp\/v2\/comments?post=47807"}],"version-history":[{"count":1,"href":"https:\/\/www.shqiperia.com\/blog\/wp-json\/wp\/v2\/posts\/47807\/revisions"}],"predecessor-version":[{"id":47811,"href":"https:\/\/www.shqiperia.com\/blog\/wp-json\/wp\/v2\/posts\/47807\/revisions\/47811"}],"wp:featuredmedia":[{"embeddable":true,"href":"https:\/\/www.shqiperia.com\/blog\/wp-json\/wp\/v2\/media\/47808"}],"wp:attachment":[{"href":"https:\/\/www.shqiperia.com\/blog\/wp-json\/wp\/v2\/media?parent=47807"}],"wp:term":[{"taxonomy":"category","embeddable":true,"href":"https:\/\/www.shqiperia.com\/blog\/wp-json\/wp\/v2\/categories?post=47807"},{"taxonomy":"post_tag","embeddable":true,"href":"https:\/\/www.shqiperia.com\/blog\/wp-json\/wp\/v2\/tags?post=47807"}],"curies":[{"name":"wp","href":"https:\/\/api.w.org\/{rel}","templated":true}]}}