{"id":47635,"date":"2021-06-06T01:50:16","date_gmt":"2021-06-06T01:50:16","guid":{"rendered":"https:\/\/www.shqiperia.com\/blog\/?p=47635"},"modified":"2021-06-06T01:50:16","modified_gmt":"2021-06-06T01:50:16","slug":"sa-shqiptare-eshte-xhubleta-vidio","status":"publish","type":"post","link":"https:\/\/www.shqiperia.com\/blog\/sa-shqiptare-eshte-xhubleta-vidio\/","title":{"rendered":"Sa shqiptare \u00ebsht\u00eb xhubleta?! (Vidio)."},"content":{"rendered":"<div><img data-recalc-dims=\"1\" loading=\"lazy\" decoding=\"async\" data-attachment-id=\"47636\" data-permalink=\"https:\/\/www.shqiperia.com\/blog\/sa-shqiptare-eshte-xhubleta-vidio\/196542893_3044480332441916_2264312961014677999_n\/\" data-orig-file=\"https:\/\/i0.wp.com\/www.shqiperia.com\/blog\/wp-content\/uploads\/2021\/06\/196542893_3044480332441916_2264312961014677999_n.jpg?fit=2048%2C1424&amp;ssl=1\" data-orig-size=\"2048,1424\" data-comments-opened=\"1\" data-image-meta=\"{&quot;aperture&quot;:&quot;0&quot;,&quot;credit&quot;:&quot;&quot;,&quot;camera&quot;:&quot;&quot;,&quot;caption&quot;:&quot;&quot;,&quot;created_timestamp&quot;:&quot;0&quot;,&quot;copyright&quot;:&quot;&quot;,&quot;focal_length&quot;:&quot;0&quot;,&quot;iso&quot;:&quot;0&quot;,&quot;shutter_speed&quot;:&quot;0&quot;,&quot;title&quot;:&quot;&quot;,&quot;orientation&quot;:&quot;0&quot;}\" data-image-title=\"196542893_3044480332441916_2264312961014677999_n\" data-image-description=\"\" data-image-caption=\"\" data-medium-file=\"https:\/\/i0.wp.com\/www.shqiperia.com\/blog\/wp-content\/uploads\/2021\/06\/196542893_3044480332441916_2264312961014677999_n.jpg?fit=300%2C209&amp;ssl=1\" data-large-file=\"https:\/\/i0.wp.com\/www.shqiperia.com\/blog\/wp-content\/uploads\/2021\/06\/196542893_3044480332441916_2264312961014677999_n.jpg?fit=1024%2C712&amp;ssl=1\" class=\"alignnone  wp-image-47636\" alt=\"\" src=\"https:\/\/i0.wp.com\/www.shqiperia.com\/blog\/wp-content\/uploads\/2021\/06\/196542893_3044480332441916_2264312961014677999_n.jpg?resize=365%2C254&#038;ssl=1\" width=\"365\" height=\"254\" srcset=\"https:\/\/i0.wp.com\/www.shqiperia.com\/blog\/wp-content\/uploads\/2021\/06\/196542893_3044480332441916_2264312961014677999_n.jpg?resize=300%2C209&amp;ssl=1 300w, https:\/\/i0.wp.com\/www.shqiperia.com\/blog\/wp-content\/uploads\/2021\/06\/196542893_3044480332441916_2264312961014677999_n.jpg?resize=1024%2C712&amp;ssl=1 1024w, https:\/\/i0.wp.com\/www.shqiperia.com\/blog\/wp-content\/uploads\/2021\/06\/196542893_3044480332441916_2264312961014677999_n.jpg?resize=768%2C534&amp;ssl=1 768w, https:\/\/i0.wp.com\/www.shqiperia.com\/blog\/wp-content\/uploads\/2021\/06\/196542893_3044480332441916_2264312961014677999_n.jpg?resize=1536%2C1068&amp;ssl=1 1536w, https:\/\/i0.wp.com\/www.shqiperia.com\/blog\/wp-content\/uploads\/2021\/06\/196542893_3044480332441916_2264312961014677999_n.jpg?resize=2000%2C1391&amp;ssl=1 2000w, https:\/\/i0.wp.com\/www.shqiperia.com\/blog\/wp-content\/uploads\/2021\/06\/196542893_3044480332441916_2264312961014677999_n.jpg?resize=450%2C313&amp;ssl=1 450w, https:\/\/i0.wp.com\/www.shqiperia.com\/blog\/wp-content\/uploads\/2021\/06\/196542893_3044480332441916_2264312961014677999_n.jpg?resize=600%2C417&amp;ssl=1 600w, https:\/\/i0.wp.com\/www.shqiperia.com\/blog\/wp-content\/uploads\/2021\/06\/196542893_3044480332441916_2264312961014677999_n.jpg?resize=1500%2C1043&amp;ssl=1 1500w, https:\/\/i0.wp.com\/www.shqiperia.com\/blog\/wp-content\/uploads\/2021\/06\/196542893_3044480332441916_2264312961014677999_n.jpg?resize=1300%2C904&amp;ssl=1 1300w, https:\/\/i0.wp.com\/www.shqiperia.com\/blog\/wp-content\/uploads\/2021\/06\/196542893_3044480332441916_2264312961014677999_n.jpg?resize=400%2C278&amp;ssl=1 400w, https:\/\/i0.wp.com\/www.shqiperia.com\/blog\/wp-content\/uploads\/2021\/06\/196542893_3044480332441916_2264312961014677999_n.jpg?w=2048&amp;ssl=1 2048w\" sizes=\"auto, (max-width: 365px) 100vw, 365px\" \/><\/div>\n<div>Sa shqiptare \u00ebsht\u00eb xhubleta?!<\/div>\n<div>A \u00ebsht\u00eb vet\u00ebm e jona?<\/div>\n<div>Me: &#8211; Aferdita Onuzi, Jaho Brahaj, Luljeta Dano etj.<\/div>\n<div>P\u00ebr m\u00eb shum\u00eb, ndiq Linkun e meposhtem: Maji 2021.<\/div>\n<div><span><a class=\"oajrlxb2 g5ia77u1 qu0x051f esr5mh6w e9989ue4 r7d6kgcz rq0escxv nhd2j8a9 nc684nl6 p7hjln8o kvgmc6g5 cxmmr5t8 oygrvhab hcukyx3x jb3vyjys rz4wbd8a qt6c0cv9 a8nywdso i1ao9s8h esuyzwwr f1sip0of lzcic4wl py34i1dx gpro0wi8\" target=\"_blank\" href=\"https:\/\/youtu.be\/WMQ0GgZw9UI?fbclid=IwAR0IfUR3yVeaGwonl2CR5TpKvlNSREanLEIrYNWnPeBCL3WM61LYRfZ5vS4\" rel=\"noopener noreferrer\">https:\/\/youtu.be\/WMQ0GgZw9UI<\/a><\/span><\/div>\n","protected":false},"excerpt":{"rendered":"<p>Sa shqiptare \u00ebsht\u00eb xhubleta?! A \u00ebsht\u00eb vet\u00ebm e jona? Me: &#8211; Aferdita Onuzi, Jaho Brahaj, Luljeta Dano etj. P\u00ebr m\u00eb shum\u00eb, ndiq Linkun e meposhtem: Maji 2021. https:\/\/youtu.be\/WMQ0GgZw9UI<\/p>\n","protected":false},"author":9,"featured_media":47636,"comment_status":"open","ping_status":"open","sticky":false,"template":"","format":"standard","meta":{"jetpack_post_was_ever_published":false,"_jetpack_newsletter_access":"","_jetpack_dont_email_post_to_subs":false,"_jetpack_newsletter_tier_id":0,"_jetpack_memberships_contains_paywalled_content":false,"_jetpack_memberships_contains_paid_content":false,"footnotes":"","jetpack_publicize_message":"","jetpack_publicize_feature_enabled":true,"jetpack_social_post_already_shared":true,"jetpack_social_options":{"image_generator_settings":{"template":"highway","default_image_id":0,"font":"","enabled":false},"version":2}},"categories":[85,10,86],"tags":[],"class_list":["post-47635","post","type-post","status-publish","format-standard","has-post-thumbnail","hentry","category-histori","category-kultura","category-trashegimi-kulturore"],"jetpack_publicize_connections":[],"jetpack_featured_media_url":"https:\/\/i0.wp.com\/www.shqiperia.com\/blog\/wp-content\/uploads\/2021\/06\/196542893_3044480332441916_2264312961014677999_n.jpg?fit=2048%2C1424&ssl=1","jetpack_sharing_enabled":true,"jetpack_shortlink":"https:\/\/wp.me\/p5Z6wp-coj","jetpack-related-posts":[{"id":20617,"url":"https:\/\/www.shqiperia.com\/blog\/motiv-kulti-ne-corapet-e-xhubletes\/","url_meta":{"origin":47635,"position":0},"title":"Motiv Kulti ne corapet e Xhubletes.","author":"Kurt Farka","date":"May 2, 2019","format":false,"excerpt":"Motiv Kulti ne corapet e Xhubletes. Xhubleta eshte veshje e ruajtur nga mijeravjecaret dhe e punuar dhe veshur nga grate ne disa krahina te Shqiperise se Veriut. Motivi i shkeputur nga Corapet e kesaj veshje te mocme tregon Diellin ne levizje. Pse pikerisht tek corapet qe visheshin ne kembe. Ky\u2026","rel":"","context":"In &quot;Arte&quot;","block_context":{"text":"Arte","link":"https:\/\/www.shqiperia.com\/blog\/category\/arte\/"},"img":{"alt_text":"","src":"https:\/\/i0.wp.com\/www.shqiperia.com\/blog\/wp-content\/uploads\/2019\/05\/Motiv-nga-Xhubleta-Shqiptare.jpg?fit=1200%2C694&ssl=1&resize=350%2C200","width":350,"height":200,"srcset":"https:\/\/i0.wp.com\/www.shqiperia.com\/blog\/wp-content\/uploads\/2019\/05\/Motiv-nga-Xhubleta-Shqiptare.jpg?fit=1200%2C694&ssl=1&resize=350%2C200 1x, https:\/\/i0.wp.com\/www.shqiperia.com\/blog\/wp-content\/uploads\/2019\/05\/Motiv-nga-Xhubleta-Shqiptare.jpg?fit=1200%2C694&ssl=1&resize=525%2C300 1.5x, https:\/\/i0.wp.com\/www.shqiperia.com\/blog\/wp-content\/uploads\/2019\/05\/Motiv-nga-Xhubleta-Shqiptare.jpg?fit=1200%2C694&ssl=1&resize=700%2C400 2x, https:\/\/i0.wp.com\/www.shqiperia.com\/blog\/wp-content\/uploads\/2019\/05\/Motiv-nga-Xhubleta-Shqiptare.jpg?fit=1200%2C694&ssl=1&resize=1050%2C600 3x"},"classes":[]},{"id":44755,"url":"https:\/\/www.shqiperia.com\/blog\/trashegimi-kulturore-foto-tabllo-arti-me-motive-kulti-tek-xhubleta-shqiptare\/","url_meta":{"origin":47635,"position":1},"title":"Trashegimi Kulturore: &#8211; Foto: Tabllo arti me motive kulti tek Xhubleta Shqiptare.","author":"Kurt Farka","date":"February 28, 2021","format":false,"excerpt":"Trashegimi Kulturore: - Foto: Tabllo arti me motive kulti tek Xhubleta Shqiptare. - Kjo foto eshte marre nga Ekspozita: \"Lahuta e Eposit Shqiptar\" e hapur me 25 Maji 2012 ne Muzeun Historik Kombetar. - Ne kete ekspozite bashke me rreth 40 lahuta te vjetera shqiptare ishin dhe dy veshje te\u2026","rel":"","context":"In &quot;Arte&quot;","block_context":{"text":"Arte","link":"https:\/\/www.shqiperia.com\/blog\/category\/arte\/"},"img":{"alt_text":"","src":"https:\/\/i0.wp.com\/www.shqiperia.com\/blog\/wp-content\/uploads\/2021\/02\/xxx-scaled.jpg?fit=1200%2C803&ssl=1&resize=350%2C200","width":350,"height":200,"srcset":"https:\/\/i0.wp.com\/www.shqiperia.com\/blog\/wp-content\/uploads\/2021\/02\/xxx-scaled.jpg?fit=1200%2C803&ssl=1&resize=350%2C200 1x, https:\/\/i0.wp.com\/www.shqiperia.com\/blog\/wp-content\/uploads\/2021\/02\/xxx-scaled.jpg?fit=1200%2C803&ssl=1&resize=525%2C300 1.5x, https:\/\/i0.wp.com\/www.shqiperia.com\/blog\/wp-content\/uploads\/2021\/02\/xxx-scaled.jpg?fit=1200%2C803&ssl=1&resize=700%2C400 2x, https:\/\/i0.wp.com\/www.shqiperia.com\/blog\/wp-content\/uploads\/2021\/02\/xxx-scaled.jpg?fit=1200%2C803&ssl=1&resize=1050%2C600 3x"},"classes":[]},{"id":568,"url":"https:\/\/www.shqiperia.com\/blog\/xhubleta-4000-vjet-histori-dhe-sot-trafikohet-per-arsye-ekonomike\/","url_meta":{"origin":47635,"position":2},"title":"Xhubleta, 4000 vjet histori dhe sot trafikohet p\u00ebr arsye ekonomike.","author":"Kurt Farka","date":"January 7, 2018","format":false,"excerpt":"\u201cHistorit\u00eb e popujve t\u00eb tjer\u00eb gjenden p\u00ebrgjith\u00ebsisht t\u00eb gdhendur n\u00eb gur, nd\u00ebrsa historia jon\u00eb \u00ebsht\u00eb e q\u00ebndisur n\u00eb xhublet\u00eb\u201d, shprehet studiuesja e etnografis\u00eb Linda Spahiu, duke theksuar se xhubleta shqiptare vjen nga 4000 vjet histori. N\u00eb nj\u00eb intervist\u00eb zonja Linda tha se sot mungojn\u00eb lexuesit p\u00ebr k\u00ebt\u00eb \u201clib\u00ebr\u201d, flet\u00ebt e\u2026","rel":"","context":"In &quot;Kultura&quot;","block_context":{"text":"Kultura","link":"https:\/\/www.shqiperia.com\/blog\/category\/kultura\/"},"img":{"alt_text":"","src":"https:\/\/i0.wp.com\/www.shqiperia.com\/blog\/wp-content\/uploads\/2018\/01\/xhubletee.jpg?fit=492%2C480&ssl=1&resize=350%2C200","width":350,"height":200},"classes":[]},{"id":94009,"url":"https:\/\/www.shqiperia.com\/blog\/nje-mije-e-nje-fije-xhubleta-ne-javen-e-modes-ne-milano\/","url_meta":{"origin":47635,"position":3},"title":"\u201cNj\u00eb mij\u00eb e nj\u00eb fije\u201d, xhubleta n\u00eb Jav\u00ebn e Mod\u00ebs n\u00eb Milano!","author":"Kurt Farka","date":"September 27, 2025","format":false,"excerpt":"27 Shtator 2025 N\u00eb Jav\u00ebn e Mod\u00ebs Milano u prezantua mbr\u00ebm\u00eb nj\u00eb koleksion kushtuar xhublet\u00ebs shqiptare i realizuar nga Moralda Durra dhe i titulluar \u201cNj\u00eb mij\u00eb e nj\u00eb fije\u201d. Xhubleta u prezantua mbr\u00ebm\u00eb n\u00eb sfilat\u00ebn e organizuar n\u00eb hotelin \u201cFour Seasons\u201d, t\u00eb Milanos. Ky koleksion \u00ebsht\u00eb nj\u00eb homazh bashk\u00ebkohor p\u00ebr\u2026","rel":"","context":"In &quot;Blogu i Udh\u00ebtarit&quot;","block_context":{"text":"Blogu i Udh\u00ebtarit","link":"https:\/\/www.shqiperia.com\/blog\/category\/blogu-i-udhetarit\/"},"img":{"alt_text":"","src":"https:\/\/i0.wp.com\/www.shqiperia.com\/blog\/wp-content\/uploads\/2025\/09\/705060-4OqBrcAKQx.jpg?fit=780%2C500&ssl=1&resize=350%2C200","width":350,"height":200,"srcset":"https:\/\/i0.wp.com\/www.shqiperia.com\/blog\/wp-content\/uploads\/2025\/09\/705060-4OqBrcAKQx.jpg?fit=780%2C500&ssl=1&resize=350%2C200 1x, https:\/\/i0.wp.com\/www.shqiperia.com\/blog\/wp-content\/uploads\/2025\/09\/705060-4OqBrcAKQx.jpg?fit=780%2C500&ssl=1&resize=525%2C300 1.5x, https:\/\/i0.wp.com\/www.shqiperia.com\/blog\/wp-content\/uploads\/2025\/09\/705060-4OqBrcAKQx.jpg?fit=780%2C500&ssl=1&resize=700%2C400 2x"},"classes":[]},{"id":64987,"url":"https:\/\/www.shqiperia.com\/blog\/xhubleta-ne-unesco-brahaj-qyteterimi-iliro-arberor-na-la-pasuri-te-pacmueshme-qe-ne-si-vleresojme\/","url_meta":{"origin":47635,"position":4},"title":"KlanKosova.tv: &#8211;  Xhubleta n\u00eb UNESCO, Jaho Brahaj: &#8211; Qytet\u00ebrimi iliro-arb\u00ebror na la pasuri t\u00eb pa\u00e7mueshme q\u00eb ne s\u2019i vler\u00ebsojm\u00eb","author":"Kurt Farka","date":"November 30, 2022","format":false,"excerpt":"Nga Hekuran Sokoli, KlanKosova.tv\u00a0 30 Nentor 2022 \"....J. Brahaj: - Lajmi p\u00ebr shpalljen e xhublet\u00ebs shqiptare si monument t\u00eb trash\u00ebgimis\u00eb bot\u00ebrore \u00ebsht\u00eb i g\u00ebzuesh\u00ebm dhe na b\u00ebn krenar\u00eb\" ... Nj\u00eb dit\u00eb pas festimit t\u00eb 110-vjetorit t\u00eb Pavar\u00ebsis\u00eb s\u00eb Shqip\u00ebris\u00eb, shqiptar\u00ebve si pasardh\u00ebs t\u00eb ilir\u00ebve iu dha lajmi se xhubleta \u00ebsht\u00eb\u2026","rel":"","context":"In &quot;Histori&quot;","block_context":{"text":"Histori","link":"https:\/\/www.shqiperia.com\/blog\/category\/histori\/"},"img":{"alt_text":"","src":"https:\/\/i0.wp.com\/www.shqiperia.com\/blog\/wp-content\/uploads\/2022\/11\/Xhubleta-e-Krahines-Iballe-Puke..jpg?fit=512%2C326&ssl=1&resize=350%2C200","width":350,"height":200},"classes":[]},{"id":44455,"url":"https:\/\/www.shqiperia.com\/blog\/foto-nga-veshja-xhubleta-shqiptare-me-shume-simbole-kulti-nder-to-edhe-simboli-i-rrufese\/","url_meta":{"origin":47635,"position":5},"title":"Foto: Nga Veshja Xhubleta Shqiptare me shume simbole Kulti nder to edhe Simboli i Rrufese.","author":"Kurt Farka","date":"February 19, 2021","format":false,"excerpt":"\"Dosja Xhubleta Shqiptare\" shpresojme se do udhetoi drejt UNESCO-s. - Po publikoime kete foto interesante me sinbole kulti etj. - Fragment nga nje paranik (perparese) i xhubletes qe e praktikonin fshatrat Koman, Karme, Gushte, Vjerdhe etj. te zones se Pukes. - Eshte me shume simbole Kulti nder to edhe Simboli\u2026","rel":"","context":"In &quot;Kultura&quot;","block_context":{"text":"Kultura","link":"https:\/\/www.shqiperia.com\/blog\/category\/kultura\/"},"img":{"alt_text":"","src":"https:\/\/i0.wp.com\/www.shqiperia.com\/blog\/wp-content\/uploads\/2021\/02\/01.jpg?fit=1200%2C955&ssl=1&resize=350%2C200","width":350,"height":200,"srcset":"https:\/\/i0.wp.com\/www.shqiperia.com\/blog\/wp-content\/uploads\/2021\/02\/01.jpg?fit=1200%2C955&ssl=1&resize=350%2C200 1x, https:\/\/i0.wp.com\/www.shqiperia.com\/blog\/wp-content\/uploads\/2021\/02\/01.jpg?fit=1200%2C955&ssl=1&resize=525%2C300 1.5x, https:\/\/i0.wp.com\/www.shqiperia.com\/blog\/wp-content\/uploads\/2021\/02\/01.jpg?fit=1200%2C955&ssl=1&resize=700%2C400 2x, https:\/\/i0.wp.com\/www.shqiperia.com\/blog\/wp-content\/uploads\/2021\/02\/01.jpg?fit=1200%2C955&ssl=1&resize=1050%2C600 3x"},"classes":[]}],"_links":{"self":[{"href":"https:\/\/www.shqiperia.com\/blog\/wp-json\/wp\/v2\/posts\/47635","targetHints":{"allow":["GET"]}}],"collection":[{"href":"https:\/\/www.shqiperia.com\/blog\/wp-json\/wp\/v2\/posts"}],"about":[{"href":"https:\/\/www.shqiperia.com\/blog\/wp-json\/wp\/v2\/types\/post"}],"author":[{"embeddable":true,"href":"https:\/\/www.shqiperia.com\/blog\/wp-json\/wp\/v2\/users\/9"}],"replies":[{"embeddable":true,"href":"https:\/\/www.shqiperia.com\/blog\/wp-json\/wp\/v2\/comments?post=47635"}],"version-history":[{"count":1,"href":"https:\/\/www.shqiperia.com\/blog\/wp-json\/wp\/v2\/posts\/47635\/revisions"}],"predecessor-version":[{"id":47637,"href":"https:\/\/www.shqiperia.com\/blog\/wp-json\/wp\/v2\/posts\/47635\/revisions\/47637"}],"wp:featuredmedia":[{"embeddable":true,"href":"https:\/\/www.shqiperia.com\/blog\/wp-json\/wp\/v2\/media\/47636"}],"wp:attachment":[{"href":"https:\/\/www.shqiperia.com\/blog\/wp-json\/wp\/v2\/media?parent=47635"}],"wp:term":[{"taxonomy":"category","embeddable":true,"href":"https:\/\/www.shqiperia.com\/blog\/wp-json\/wp\/v2\/categories?post=47635"},{"taxonomy":"post_tag","embeddable":true,"href":"https:\/\/www.shqiperia.com\/blog\/wp-json\/wp\/v2\/tags?post=47635"}],"curies":[{"name":"wp","href":"https:\/\/api.w.org\/{rel}","templated":true}]}}