{"id":47628,"date":"2021-06-05T20:47:06","date_gmt":"2021-06-05T20:47:06","guid":{"rendered":"https:\/\/www.shqiperia.com\/blog\/?p=47628"},"modified":"2021-06-05T20:47:06","modified_gmt":"2021-06-05T20:47:06","slug":"408-ndermarrje-te-huaja-u-mbyllen-nuk-i-rezistuan-dot-krizes-per-shkak-te-pandemise","status":"publish","type":"post","link":"https:\/\/www.shqiperia.com\/blog\/408-ndermarrje-te-huaja-u-mbyllen-nuk-i-rezistuan-dot-krizes-per-shkak-te-pandemise\/","title":{"rendered":"408 nd\u00ebrmarrje t\u00eb huaja u mbyll\u00ebn. Nuk i rezistuan dot kriz\u00ebs p\u00ebr shkak t\u00eb pandemis\u00eb"},"content":{"rendered":"<p><img data-recalc-dims=\"1\" loading=\"lazy\" decoding=\"async\" data-attachment-id=\"47629\" data-permalink=\"https:\/\/www.shqiperia.com\/blog\/408-ndermarrje-te-huaja-u-mbyllen-nuk-i-rezistuan-dot-krizes-per-shkak-te-pandemise\/640-0-f084cc2862700c0ed19b1e5750fe7c1e\/\" data-orig-file=\"https:\/\/i0.wp.com\/www.shqiperia.com\/blog\/wp-content\/uploads\/2021\/06\/640-0-f084cc2862700c0ed19b1e5750fe7c1e.jpg?fit=640%2C369&amp;ssl=1\" data-orig-size=\"640,369\" data-comments-opened=\"1\" data-image-meta=\"{&quot;aperture&quot;:&quot;0&quot;,&quot;credit&quot;:&quot;&quot;,&quot;camera&quot;:&quot;&quot;,&quot;caption&quot;:&quot;&quot;,&quot;created_timestamp&quot;:&quot;0&quot;,&quot;copyright&quot;:&quot;&quot;,&quot;focal_length&quot;:&quot;0&quot;,&quot;iso&quot;:&quot;0&quot;,&quot;shutter_speed&quot;:&quot;0&quot;,&quot;title&quot;:&quot;&quot;,&quot;orientation&quot;:&quot;0&quot;}\" data-image-title=\"-640-0-f084cc2862700c0ed19b1e5750fe7c1e\" data-image-description=\"\" data-image-caption=\"\" data-medium-file=\"https:\/\/i0.wp.com\/www.shqiperia.com\/blog\/wp-content\/uploads\/2021\/06\/640-0-f084cc2862700c0ed19b1e5750fe7c1e.jpg?fit=300%2C173&amp;ssl=1\" data-large-file=\"https:\/\/i0.wp.com\/www.shqiperia.com\/blog\/wp-content\/uploads\/2021\/06\/640-0-f084cc2862700c0ed19b1e5750fe7c1e.jpg?fit=640%2C369&amp;ssl=1\" class=\"alignnone  wp-image-47629\" alt=\"\" src=\"https:\/\/i0.wp.com\/www.shqiperia.com\/blog\/wp-content\/uploads\/2021\/06\/640-0-f084cc2862700c0ed19b1e5750fe7c1e.jpg?resize=551%2C318&#038;ssl=1\" width=\"551\" height=\"318\" srcset=\"https:\/\/i0.wp.com\/www.shqiperia.com\/blog\/wp-content\/uploads\/2021\/06\/640-0-f084cc2862700c0ed19b1e5750fe7c1e.jpg?resize=300%2C173&amp;ssl=1 300w, https:\/\/i0.wp.com\/www.shqiperia.com\/blog\/wp-content\/uploads\/2021\/06\/640-0-f084cc2862700c0ed19b1e5750fe7c1e.jpg?resize=450%2C259&amp;ssl=1 450w, https:\/\/i0.wp.com\/www.shqiperia.com\/blog\/wp-content\/uploads\/2021\/06\/640-0-f084cc2862700c0ed19b1e5750fe7c1e.jpg?resize=600%2C346&amp;ssl=1 600w, https:\/\/i0.wp.com\/www.shqiperia.com\/blog\/wp-content\/uploads\/2021\/06\/640-0-f084cc2862700c0ed19b1e5750fe7c1e.jpg?resize=400%2C231&amp;ssl=1 400w, https:\/\/i0.wp.com\/www.shqiperia.com\/blog\/wp-content\/uploads\/2021\/06\/640-0-f084cc2862700c0ed19b1e5750fe7c1e.jpg?w=640&amp;ssl=1 640w\" sizes=\"auto, (max-width: 551px) 100vw, 551px\" \/><\/p>\n<p>408 nd\u00ebrmarrje t\u00eb huaja u mbyll\u00ebn. Nuk i rezistuan dot kriz\u00ebs p\u00ebr shkak t\u00eb pandemis\u00eb<\/p>\n<p><strong>5 QERSHOR 2021<\/strong><\/p>\n<p>Viti 2020 ishte i v\u00ebshtir\u00eb p\u00ebr bizneset si pasoj\u00eb e pandemis\u00eb Covid-19, duke b\u00ebr\u00eb q\u00eb shum\u00eb prej tyre t\u00eb ulin qepenat. Sipas t\u00eb dh\u00ebnave t\u00eb Instat, vitin e kaluar 408 nd\u00ebrmarrje t\u00eb huaja e me pron\u00ebsi t\u00eb p\u00ebrzier mbyll\u00ebn aktivitetin duke mos i rezistuar kriz\u00ebs<\/p>\n<p>Pjesa m\u00eb e madhe e subjekteve t\u00eb falimentuara ishin nd\u00ebrmarrjet italiane e izraelite, teksa reduktim t\u00eb numrit t\u00eb bizneseve aktive sh\u00ebnuan edhe ato me pronar\u00eb nga Greqia, Kosova e Turqia.<\/p>\n<p>Ish-kryetari i Dhom\u00ebs Amerikane t\u00eb Tregtis\u00eb Mark Crowford shpjegon se mbyllja e tyre lidhet kryesisht me efektet e pandemis\u00eb dhe \u00ebsht\u00eb e p\u00ebrkohshme.<\/p>\n<p>\u201cBesoj q\u00eb ata q\u00eb kan\u00eb ikur tani jan\u00eb m\u00eb shum\u00eb prej pandemis\u00eb. Vet\u00ebm pak dit\u00eb m\u00eb par\u00eb disa investitor\u00eb izraelit\u00eb u larguan nga vendi dhe m\u00eb than\u00eb se do rikthehen s\u00ebrish. Shqip\u00ebria nuk \u00ebsht\u00eb ende vendi m\u00eb konkurrues n\u00eb rajon.\u201d Mark CroWford, ish-kryetar i Dhom\u00ebs Amerikane t\u00eb Tregtis\u00eb<br \/>\nP\u00ebr Crowford, klima e t\u00eb b\u00ebrit biznes n\u00eb Shqip\u00ebri nuk \u00ebsht\u00eb m\u00eb e mira nd\u00ebr vendet e rajonit. Ai rendit problemet dhe kushtet q\u00eb do ta p\u00ebrmir\u00ebsonin at\u00eb.<\/p>\n<p>\u201cInvestitor\u00ebt nuk din\u00eb ku t\u00eb fillojn\u00eb, n\u00ebse vijn\u00eb t\u00eb investojn\u00eb normalisht baza \u00ebsht\u00eb toka dhe n\u00ebse ata duan t\u00eb blejn\u00eb di\u00e7ka dhe fillojn\u00eb me problemet me pronar\u00ebt e tok\u00ebs. N\u00ebse e b\u00ebjm\u00eb vet\u00ebm k\u00ebt\u00eb do t\u00eb kemi nj\u00eb ndryshim shum\u00eb t\u00eb madh. Aspekti p\u00ebr krimin e infrastruktur\u00ebs, t\u00eb dh\u00ebnat p\u00ebr kadastr\u00ebn dhe infrastruktura p\u00ebr nd\u00ebrmjet\u00ebsues financiar\u00eb m\u00eb t\u00eb gjer\u00eb at\u00ebher\u00eb zinxhiri do funksionoj\u00eb.\u201d Mark Crowford, ish-kryetar i Dhom\u00ebs Amerikane t\u00eb Tregtis\u00eb.<\/p>\n<p>N\u00eb raportin e fundit t\u00eb \u201cDoing Bussines\u201d Shqip\u00ebria u rendit n\u00eb vend t\u00eb 82 p\u00ebr klim\u00ebn e t\u00eb b\u00ebrit biznes, duke humbur 19 pozicione ku ve\u00e7 \u00e7\u00ebshtjeve t\u00eb pron\u00ebsis\u00eb, sip\u00ebrmarr\u00ebsit e huaj evidentonin si problematike edhe korrupsionin dhe ndryshimet e shpeshta ligjore. \/ Top Channel<\/p>\n<p>Nga Gazeta Shqip<\/p>\n","protected":false},"excerpt":{"rendered":"<p>408 nd\u00ebrmarrje t\u00eb huaja u mbyll\u00ebn. Nuk i rezistuan dot kriz\u00ebs p\u00ebr shkak t\u00eb pandemis\u00eb 5 QERSHOR 2021 Viti 2020 ishte i v\u00ebshtir\u00eb p\u00ebr bizneset si pasoj\u00eb e pandemis\u00eb Covid-19, duke b\u00ebr\u00eb q\u00eb shum\u00eb prej tyre t\u00eb ulin qepenat. Sipas t\u00eb dh\u00ebnave t\u00eb Instat, vitin e kaluar 408 nd\u00ebrmarrje t\u00eb huaja e me pron\u00ebsi t\u00eb [&hellip;]<\/p>\n","protected":false},"author":9,"featured_media":47629,"comment_status":"open","ping_status":"open","sticky":false,"template":"","format":"standard","meta":{"jetpack_post_was_ever_published":false,"_jetpack_newsletter_access":"","_jetpack_dont_email_post_to_subs":false,"_jetpack_newsletter_tier_id":0,"_jetpack_memberships_contains_paywalled_content":false,"_jetpack_memberships_contains_paid_content":false,"footnotes":"","jetpack_publicize_message":"","jetpack_publicize_feature_enabled":true,"jetpack_social_post_already_shared":true,"jetpack_social_options":{"image_generator_settings":{"template":"highway","default_image_id":0,"font":"","enabled":false},"version":2}},"categories":[27,1],"tags":[],"class_list":["post-47628","post","type-post","status-publish","format-standard","has-post-thumbnail","hentry","category-blogu-i-udhetarit","category-njoftime-shtypi"],"jetpack_publicize_connections":[],"jetpack_featured_media_url":"https:\/\/i0.wp.com\/www.shqiperia.com\/blog\/wp-content\/uploads\/2021\/06\/640-0-f084cc2862700c0ed19b1e5750fe7c1e.jpg?fit=640%2C369&ssl=1","jetpack_sharing_enabled":true,"jetpack_shortlink":"https:\/\/wp.me\/p5Z6wp-coc","jetpack-related-posts":[{"id":58449,"url":"https:\/\/www.shqiperia.com\/blog\/investitoret-e-medhenj-ikin-nga-shqiperia-vijne-te-vegjlit-mbyllen-44-kompani-me-me-shume-se-50-punonjes\/","url_meta":{"origin":47628,"position":0},"title":"Investitor\u00ebt e m\u00ebdhenj ikin nga Shqip\u00ebria, vijn\u00eb t\u00eb vegjlit\/ Mbyllen 44 kompani me m\u00eb shum\u00eb se 50 punonj\u00ebs!","author":"Kurt Farka","date":"June 2, 2022","format":false,"excerpt":"- 02.06.22 Numri i nd\u00ebrmarrjeve t\u00eb huaja dhe t\u00eb p\u00ebrbashk\u00ebta sh\u00ebnoi rritje t\u00eb shpejt\u00eb n\u00eb vitin 2021, duke arritur nivelin m\u00eb t\u00eb lart\u00eb t\u00eb regjistruar ndonj\u00ebher\u00eb.Sipas t\u00eb dh\u00ebnave t\u00eb INSTAT, n\u00eb fund t\u00eb vitit 2021, n\u00eb vend kishte 6,635 nd\u00ebrmarrje me kapital t\u00eb huaj dhe t\u00eb p\u00ebrbashk\u00ebt, me nj\u00eb rritje\u2026","rel":"","context":"In &quot;Blogu i Udh\u00ebtarit&quot;","block_context":{"text":"Blogu i Udh\u00ebtarit","link":"https:\/\/www.shqiperia.com\/blog\/category\/blogu-i-udhetarit\/"},"img":{"alt_text":"","src":"https:\/\/i0.wp.com\/www.shqiperia.com\/blog\/wp-content\/uploads\/2022\/06\/biznes-i-mbyllur-.jpg?fit=768%2C433&ssl=1&resize=350%2C200","width":350,"height":200,"srcset":"https:\/\/i0.wp.com\/www.shqiperia.com\/blog\/wp-content\/uploads\/2022\/06\/biznes-i-mbyllur-.jpg?fit=768%2C433&ssl=1&resize=350%2C200 1x, https:\/\/i0.wp.com\/www.shqiperia.com\/blog\/wp-content\/uploads\/2022\/06\/biznes-i-mbyllur-.jpg?fit=768%2C433&ssl=1&resize=525%2C300 1.5x, https:\/\/i0.wp.com\/www.shqiperia.com\/blog\/wp-content\/uploads\/2022\/06\/biznes-i-mbyllur-.jpg?fit=768%2C433&ssl=1&resize=700%2C400 2x"},"classes":[]},{"id":50756,"url":"https:\/\/www.shqiperia.com\/blog\/obsh-pandemia-do-te-vazhdoje-gjate-gjithe-vitit-2022-fundi-i-krizes-se-covid-ende-i-larget\/","url_meta":{"origin":47628,"position":1},"title":"OBSH: Pandemia do t\u00eb vazhdoj\u00eb gjat\u00eb gjith\u00eb vitit 2022. \u00a0&#8211; Fundi i kriz\u00ebs s\u00eb Covid ende i larg\u00ebt\u2019.","author":"Kurt Farka","date":"October 21, 2021","format":false,"excerpt":"OBSH: Pandemia do t\u00eb vazhdoj\u00eb gjat\u00eb gjith\u00eb vitit 2022. \u00a0- Fundi i kriz\u00ebs s\u00eb Covid ende i larg\u00ebt\u2019. - 21.10.21 Fundi i pandemis\u00eb nuk \u00ebsht\u00eb ende af\u00ebr. Sipas ekspert\u00ebve t\u00eb OBSH-s\u00eb, beteja kund\u00ebr Covid do t\u00eb vazhdoj\u00eb edhe p\u00ebrgjat\u00eb nj\u00eb viti, ndon\u00ebse pritet q\u00eb t\u00eb ket\u00eb r\u00ebnie t\u00eb infeksioneve. Bruce\u2026","rel":"","context":"In &quot;Blogu i Udh\u00ebtarit&quot;","block_context":{"text":"Blogu i Udh\u00ebtarit","link":"https:\/\/www.shqiperia.com\/blog\/category\/blogu-i-udhetarit\/"},"img":{"alt_text":"","src":"https:\/\/i0.wp.com\/www.shqiperia.com\/blog\/wp-content\/uploads\/2021\/10\/obsh-300x167.jpg?resize=350%2C200&ssl=1","width":350,"height":200},"classes":[]},{"id":59080,"url":"https:\/\/www.shqiperia.com\/blog\/shteti-po-paguan-me-pak-pensione-shkak-vdekjet-e-larta-nga-pandemia-covid-19\/","url_meta":{"origin":47628,"position":2},"title":"Shteti po paguan m\u00eb pak pensione. Shkak, vdekjet e larta nga pandemia COVID-19","author":"Kurt Farka","date":"June 15, 2022","format":false,"excerpt":"15 Qershor 2022 Gjat\u00eb dy viteve t\u00eb pandemis\u00eb u rrit\u00ebn mbylljet e pensioneve n\u00eb skem\u00ebn e sigurimeve shoq\u00ebrore, duke ulur n\u00eb k\u00ebt\u00eb m\u00ebnyr\u00eb dhe numrin e p\u00ebrgjithsh\u00ebm t\u00eb pensionist\u00ebve n\u00eb vend. T\u00eb dh\u00ebnat zyrtare nga Instituti i Sigurimeve Shoq\u00ebrore tregojn\u00eb se gjat\u00eb vitit 2021 u mbyll\u00ebn rreth 20 mij\u00eb pensione\u2026","rel":"","context":"In &quot;Blogu i Udh\u00ebtarit&quot;","block_context":{"text":"Blogu i Udh\u00ebtarit","link":"https:\/\/www.shqiperia.com\/blog\/category\/blogu-i-udhetarit\/"},"img":{"alt_text":"","src":"https:\/\/i0.wp.com\/www.shqiperia.com\/blog\/wp-content\/uploads\/2022\/06\/640-0-pensioniste-1655278013.jpg?fit=640%2C427&ssl=1&resize=350%2C200","width":350,"height":200,"srcset":"https:\/\/i0.wp.com\/www.shqiperia.com\/blog\/wp-content\/uploads\/2022\/06\/640-0-pensioniste-1655278013.jpg?fit=640%2C427&ssl=1&resize=350%2C200 1x, https:\/\/i0.wp.com\/www.shqiperia.com\/blog\/wp-content\/uploads\/2022\/06\/640-0-pensioniste-1655278013.jpg?fit=640%2C427&ssl=1&resize=525%2C300 1.5x"},"classes":[]},{"id":53573,"url":"https:\/\/www.shqiperia.com\/blog\/afro-4-here-me-shume-se-sa-eshte-raportuar-the-economist-perpunon-te-dhenatte-pakten-12-mije-shqiptare-vdiqen-per-shkak-te-pandemise\/","url_meta":{"origin":47628,"position":3},"title":"\u201cAfro 4 her\u00eb m\u00eb shum\u00eb se sa \u00ebsht\u00eb raportuar\u201d, The Economist p\u00ebrpunon t\u00eb dh\u00ebnat: &#8211; T\u00eb pakt\u00ebn 12 mij\u00eb shqiptar\u00eb vdiq\u00ebn p\u00ebr shkak t\u00eb pandemis\u00eb","author":"Kurt Farka","date":"January 29, 2022","format":false,"excerpt":"\u201cAfro 4 her\u00eb m\u00eb shum\u00eb se sa \u00ebsht\u00eb raportuar\u201d, The Economist p\u00ebrpunon t\u00eb dh\u00ebnat:T\u00eb pakt\u00ebn 12 mij\u00eb shqiptar\u00eb vdiq\u00ebn p\u00ebr shkak t\u00eb pandemis\u00eb 12 Janar 2022 Prestigjiozja britanike \u201cThe Economist\u201d ka b\u00ebr\u00eb nj\u00eb raportim mjaft t\u00eb detajuar n\u00eb lidhje me numrin e v\u00ebrtet\u00eb t\u00eb vdekjeve t\u00eb shkaktuara nga pandemia, ndryshe\u2026","rel":"","context":"In &quot;Blogu i Udh\u00ebtarit&quot;","block_context":{"text":"Blogu i Udh\u00ebtarit","link":"https:\/\/www.shqiperia.com\/blog\/category\/blogu-i-udhetarit\/"},"img":{"alt_text":"","src":"https:\/\/i0.wp.com\/www.shqiperia.com\/blog\/wp-content\/uploads\/2022\/01\/22-640x361-1.jpg?fit=640%2C361&ssl=1&resize=350%2C200","width":350,"height":200,"srcset":"https:\/\/i0.wp.com\/www.shqiperia.com\/blog\/wp-content\/uploads\/2022\/01\/22-640x361-1.jpg?fit=640%2C361&ssl=1&resize=350%2C200 1x, https:\/\/i0.wp.com\/www.shqiperia.com\/blog\/wp-content\/uploads\/2022\/01\/22-640x361-1.jpg?fit=640%2C361&ssl=1&resize=525%2C300 1.5x"},"classes":[]},{"id":45567,"url":"https:\/\/www.shqiperia.com\/blog\/vala-e-trete-e-pandemise-godet-evropen-do-te-jete-aq-vdekjeprurese-sa-e-dyta-rritja-e-frikshme-e-rasteve-te-reja-detyron-disa-vende-qe\/","url_meta":{"origin":47628,"position":4},"title":"Vala e tret\u00eb e pandemis\u00eb godet Evrop\u00ebn. Do t\u00eb jet\u00eb aq vdekjeprur\u00ebse sa e dyta? &#8211; \u201cRritja e frikshme e rasteve t\u00eb reja detyron disa vende q\u00eb\u2026\u201d","author":"Kurt Farka","date":"March 21, 2021","format":false,"excerpt":"Vala e tret\u00eb e pandemis\u00eb godet Evrop\u00ebn. Do t\u00eb jet\u00eb aq vdekjeprur\u00ebse sa e dyta? - \u201cRritja e frikshme e rasteve t\u00eb reja detyron disa vende q\u00eb\u2026\u201d 21 mars 2021 Kontinenti Europian ka hyr\u00eb n\u00eb val\u00ebn e tret\u00eb t\u00eb pandemis\u00eb, kjo referuar numrit t\u00eb lart\u00eb t\u00eb infeksioneve q\u00eb raportohen nga\u2026","rel":"","context":"In &quot;Blogu i Udh\u00ebtarit&quot;","block_context":{"text":"Blogu i Udh\u00ebtarit","link":"https:\/\/www.shqiperia.com\/blog\/category\/blogu-i-udhetarit\/"},"img":{"alt_text":"","src":"https:\/\/i0.wp.com\/www.shqiperia.com\/blog\/wp-content\/uploads\/2021\/03\/vala-e-trete.jpg?fit=963%2C518&ssl=1&resize=350%2C200","width":350,"height":200,"srcset":"https:\/\/i0.wp.com\/www.shqiperia.com\/blog\/wp-content\/uploads\/2021\/03\/vala-e-trete.jpg?fit=963%2C518&ssl=1&resize=350%2C200 1x, https:\/\/i0.wp.com\/www.shqiperia.com\/blog\/wp-content\/uploads\/2021\/03\/vala-e-trete.jpg?fit=963%2C518&ssl=1&resize=525%2C300 1.5x, https:\/\/i0.wp.com\/www.shqiperia.com\/blog\/wp-content\/uploads\/2021\/03\/vala-e-trete.jpg?fit=963%2C518&ssl=1&resize=700%2C400 2x"},"classes":[]},{"id":36254,"url":"https:\/\/www.shqiperia.com\/blog\/foto-lejoni-dasmat-nuset-dalin-ne-proteste-ne-rome\/","url_meta":{"origin":47628,"position":5},"title":"FOTO: \u201cLejoni dasmat\u201d, nuset dalin n\u00eb protest\u00eb n\u00eb Rom\u00eb","author":"Kurt Farka","date":"July 12, 2020","format":false,"excerpt":"FOTO: \u201cLejoni dasmat\u201d, nuset dalin n\u00eb protest\u00eb n\u00eb Rom\u00eb 8 korrik \u00a02020 \u00a0 Pandemia \u00a0ka goditur dhe evenimentet m\u00eb t\u00eb r\u00ebnd\u00ebsishme, dasmat. K\u00ebng\u00ebtar\u00eb t\u00eb shumt\u00eb, pronar\u00eb biznesesh jan\u00eb ankuar prej fillimit t\u00eb pandemis\u00eb p\u00ebr shkak t\u00eb ndalimit t\u00eb k\u00ebtyre manifestimeve, aq sa disa prej tyre kan\u00eb shkuar aq larg sa\u2026","rel":"","context":"In &quot;Blogu i Udh\u00ebtarit&quot;","block_context":{"text":"Blogu i Udh\u00ebtarit","link":"https:\/\/www.shqiperia.com\/blog\/category\/blogu-i-udhetarit\/"},"img":{"alt_text":"","src":"https:\/\/i0.wp.com\/www.shqiperia.com\/blog\/wp-content\/uploads\/2020\/07\/Nuset-ne-proteste-Rome-2.jpg?fit=640%2C426&ssl=1&resize=350%2C200","width":350,"height":200,"srcset":"https:\/\/i0.wp.com\/www.shqiperia.com\/blog\/wp-content\/uploads\/2020\/07\/Nuset-ne-proteste-Rome-2.jpg?fit=640%2C426&ssl=1&resize=350%2C200 1x, https:\/\/i0.wp.com\/www.shqiperia.com\/blog\/wp-content\/uploads\/2020\/07\/Nuset-ne-proteste-Rome-2.jpg?fit=640%2C426&ssl=1&resize=525%2C300 1.5x"},"classes":[]}],"_links":{"self":[{"href":"https:\/\/www.shqiperia.com\/blog\/wp-json\/wp\/v2\/posts\/47628","targetHints":{"allow":["GET"]}}],"collection":[{"href":"https:\/\/www.shqiperia.com\/blog\/wp-json\/wp\/v2\/posts"}],"about":[{"href":"https:\/\/www.shqiperia.com\/blog\/wp-json\/wp\/v2\/types\/post"}],"author":[{"embeddable":true,"href":"https:\/\/www.shqiperia.com\/blog\/wp-json\/wp\/v2\/users\/9"}],"replies":[{"embeddable":true,"href":"https:\/\/www.shqiperia.com\/blog\/wp-json\/wp\/v2\/comments?post=47628"}],"version-history":[{"count":1,"href":"https:\/\/www.shqiperia.com\/blog\/wp-json\/wp\/v2\/posts\/47628\/revisions"}],"predecessor-version":[{"id":47630,"href":"https:\/\/www.shqiperia.com\/blog\/wp-json\/wp\/v2\/posts\/47628\/revisions\/47630"}],"wp:featuredmedia":[{"embeddable":true,"href":"https:\/\/www.shqiperia.com\/blog\/wp-json\/wp\/v2\/media\/47629"}],"wp:attachment":[{"href":"https:\/\/www.shqiperia.com\/blog\/wp-json\/wp\/v2\/media?parent=47628"}],"wp:term":[{"taxonomy":"category","embeddable":true,"href":"https:\/\/www.shqiperia.com\/blog\/wp-json\/wp\/v2\/categories?post=47628"},{"taxonomy":"post_tag","embeddable":true,"href":"https:\/\/www.shqiperia.com\/blog\/wp-json\/wp\/v2\/tags?post=47628"}],"curies":[{"name":"wp","href":"https:\/\/api.w.org\/{rel}","templated":true}]}}