{"id":47625,"date":"2021-06-05T19:21:11","date_gmt":"2021-06-05T19:21:11","guid":{"rendered":"https:\/\/www.shqiperia.com\/blog\/?p=47625"},"modified":"2021-06-05T19:21:11","modified_gmt":"2021-06-05T19:21:11","slug":"greqia-ka-te-drejten-e-patjetersueshme-te-shtrihet-12-milje-detare-dendias-marreveshja-politike-u-arrit-tetorin-e-kaluar-vijojne-konsultimet","status":"publish","type":"post","link":"https:\/\/www.shqiperia.com\/blog\/greqia-ka-te-drejten-e-patjetersueshme-te-shtrihet-12-milje-detare-dendias-marreveshja-politike-u-arrit-tetorin-e-kaluar-vijojne-konsultimet\/","title":{"rendered":"\u201cGreqia ka t\u00eb drejt\u00ebn e patjet\u00ebrsueshme t\u00eb shtrihet 12 milje detare\u201d, Dendias: Marr\u00ebveshja politike u arrit tetorin e kaluar, vijojn\u00eb konsultimet."},"content":{"rendered":"<p><img data-recalc-dims=\"1\" loading=\"lazy\" decoding=\"async\" data-attachment-id=\"47626\" data-permalink=\"https:\/\/www.shqiperia.com\/blog\/greqia-ka-te-drejten-e-patjetersueshme-te-shtrihet-12-milje-detare-dendias-marreveshja-politike-u-arrit-tetorin-e-kaluar-vijojne-konsultimet\/dendias\/\" data-orig-file=\"https:\/\/i0.wp.com\/www.shqiperia.com\/blog\/wp-content\/uploads\/2021\/06\/dendias.jpg?fit=642%2C376&amp;ssl=1\" data-orig-size=\"642,376\" data-comments-opened=\"1\" data-image-meta=\"{&quot;aperture&quot;:&quot;0&quot;,&quot;credit&quot;:&quot;Panorama-Online&quot;,&quot;camera&quot;:&quot;&quot;,&quot;caption&quot;:&quot;&quot;,&quot;created_timestamp&quot;:&quot;1622912405&quot;,&quot;copyright&quot;:&quot;&quot;,&quot;focal_length&quot;:&quot;0&quot;,&quot;iso&quot;:&quot;0&quot;,&quot;shutter_speed&quot;:&quot;0&quot;,&quot;title&quot;:&quot;&quot;,&quot;orientation&quot;:&quot;0&quot;}\" data-image-title=\"dendias\" data-image-description=\"\" data-image-caption=\"\" data-medium-file=\"https:\/\/i0.wp.com\/www.shqiperia.com\/blog\/wp-content\/uploads\/2021\/06\/dendias.jpg?fit=300%2C176&amp;ssl=1\" data-large-file=\"https:\/\/i0.wp.com\/www.shqiperia.com\/blog\/wp-content\/uploads\/2021\/06\/dendias.jpg?fit=642%2C376&amp;ssl=1\" class=\"alignnone  wp-image-47626\" alt=\"\" src=\"https:\/\/i0.wp.com\/www.shqiperia.com\/blog\/wp-content\/uploads\/2021\/06\/dendias.jpg?resize=440%2C258&#038;ssl=1\" width=\"440\" height=\"258\" srcset=\"https:\/\/i0.wp.com\/www.shqiperia.com\/blog\/wp-content\/uploads\/2021\/06\/dendias.jpg?resize=300%2C176&amp;ssl=1 300w, https:\/\/i0.wp.com\/www.shqiperia.com\/blog\/wp-content\/uploads\/2021\/06\/dendias.jpg?resize=450%2C264&amp;ssl=1 450w, https:\/\/i0.wp.com\/www.shqiperia.com\/blog\/wp-content\/uploads\/2021\/06\/dendias.jpg?resize=600%2C351&amp;ssl=1 600w, https:\/\/i0.wp.com\/www.shqiperia.com\/blog\/wp-content\/uploads\/2021\/06\/dendias.jpg?resize=400%2C234&amp;ssl=1 400w, https:\/\/i0.wp.com\/www.shqiperia.com\/blog\/wp-content\/uploads\/2021\/06\/dendias.jpg?w=642&amp;ssl=1 642w\" sizes=\"auto, (max-width: 440px) 100vw, 440px\" \/><\/p>\n<p><a href=\"http:\/\/www.panorama.com.al\/greqia-ka-te-drejten-e-patjetersueshme-te-shtrihet-12-milje-detare-dendias-marreveshja-politike-u-arrit-tetorin-e-kaluar-vijojne-konsultimet\/\">\u201cGreqia ka t\u00eb drejt\u00ebn e patjet\u00ebrsueshme t\u00eb shtrihet 12 milje detare\u201d, Dendias: Marr\u00ebveshja politike u arrit tetorin e kaluar, vijojn\u00eb konsultimet.<\/a><\/p>\n<p><em>5 qershor 2021 <\/em><\/p>\n<p><strong>Ministri i Jasht\u00ebm grek, Nikos Denidas t\u00eb shtun\u00ebn i \u00ebsht\u00eb rikthyer edhe nj\u00ebher\u00eb \u00e7\u00ebshtjes detare me Shqip\u00ebrin\u00eb, duke deklaruar se po vijojn\u00eb konsultimet dhe sa af\u00ebr jan\u00eb t\u00eb dy vendet me marr\u00ebveshjen.<\/strong><\/p>\n<p>Gjat\u00eb nj\u00eb interviste p\u00ebr\u00a0<a href=\"https:\/\/www.insider.gr\/politiki\/175580\/i-ellada-einai-pleon-mia-apo-tis-liges-hores-poy-tassontai-yper-tis-entaxiakis\">\u201cParapolitika\u201d<\/a>, i pyetur n\u00ebse do t\u00eb vazhdohet me zgjerimin e zon\u00ebs bregdetare n\u00eb Egje dhe Detin Kretan n\u00eb 12 milje detare, Dendias deklaroi se, \u201c<em>Greqia ka t\u00eb drejt\u00ebn e patjet\u00ebrsueshme t\u00eb shtrij\u00eb uj\u00ebrat territoriale t\u00eb vendit n\u00eb 12 milje detare, p\u00ebrtej detit Jon, ku e b\u00ebri k\u00ebt\u00eb shkurtin e kaluar, sa her\u00eb q\u00eb e konsideron t\u00eb p\u00ebrshtatshme p\u00ebr t\u00eb promovuar interesat e saj. Si\u00e7 \u00ebsht\u00eb njoftuar, puna teknike p\u00ebrkat\u00ebse tashm\u00eb ka filluar p\u00ebr disa zona<\/em>\u201d.<\/p>\n<p>Nd\u00ebrsa lidhur me bisedimet me Shqip\u00ebrin\u00eb p\u00ebr n\u00ebnshkrimin e nj\u00eb peticioni t\u00eb p\u00ebrbashk\u00ebt p\u00ebr nj\u00eb apel n\u00eb Gjykat\u00ebn Nd\u00ebrkomb\u00ebtare t\u00eb Drejt\u00ebsis\u00eb n\u00eb Hag\u00eb dhe n\u00ebse jan\u00eb af\u00ebr nj\u00eb marr\u00ebveshjeje ai sqaroi se, \u201c<em>Marr\u00ebveshja politike p\u00ebr referimin e \u00e7\u00ebshtjes s\u00eb delimitimit t\u00eb Zon\u00ebs Ekskluzive Ekonomike midis Greqis\u00eb dhe Shqip\u00ebris\u00eb n\u00eb Gjykat\u00ebn Nd\u00ebrkomb\u00ebtare t\u00eb Drejt\u00ebsis\u00eb n\u00eb Hag\u00eb \u00ebsht\u00eb arritur q\u00eb nga Tetori i kaluar. Sa i p\u00ebrket pjes\u00ebs teknike, ajo duhet t\u00eb paraqitet bashk\u00eb-premtuese. Sh\u00ebrbimet kompetente t\u00eb t\u00eb dy vendeve jan\u00eb n\u00eb konsultim t\u00eb drejtp\u00ebrdrejt\u00eb p\u00ebr hartimin e k\u00ebtij teksti<\/em>\u201d.<\/p>\n<p>Kujtojm\u00eb se Shqip\u00ebria dhe Greqia ran\u00eb dakort nj\u00eb vit m\u00eb par\u00eb q\u00eb zgjidhja e \u00e7\u00ebshtjes s\u00eb kufijve detar\u00eb dhe p\u00ebrcaktimit t\u00eb Shelfit Kontinental dhe Zonave Ekonomike Ekskluzive, t\u2019i besohet Gjykat\u00ebs Nd\u00ebrkomb\u00ebtare t\u00eb Drejt\u00ebsis\u00eb t\u00eb Hag\u00ebs. Njoftimi u b\u00eb gjat\u00eb vizit\u00ebs n\u00eb Tiran\u00eb t\u00eb ministrit t\u00eb Jasht\u00ebm grek Nikos Dendias, n\u00eb p\u00ebrfundim t\u00eb takimit q\u00eb ai pati me kryeministrin dhe ministrin e Jasht\u00ebm shqiptar Edi Rama.<\/p>\n<p>Gazeta Panorama<\/p>\n","protected":false},"excerpt":{"rendered":"<p>\u201cGreqia ka t\u00eb drejt\u00ebn e patjet\u00ebrsueshme t\u00eb shtrihet 12 milje detare\u201d, Dendias: Marr\u00ebveshja politike u arrit tetorin e kaluar, vijojn\u00eb konsultimet. 5 qershor 2021 Ministri i Jasht\u00ebm grek, Nikos Denidas t\u00eb shtun\u00ebn i \u00ebsht\u00eb rikthyer edhe nj\u00ebher\u00eb \u00e7\u00ebshtjes detare me Shqip\u00ebrin\u00eb, duke deklaruar se po vijojn\u00eb konsultimet dhe sa af\u00ebr jan\u00eb t\u00eb dy vendet me [&hellip;]<\/p>\n","protected":false},"author":9,"featured_media":47626,"comment_status":"open","ping_status":"open","sticky":false,"template":"","format":"standard","meta":{"jetpack_post_was_ever_published":false,"_jetpack_newsletter_access":"","_jetpack_dont_email_post_to_subs":false,"_jetpack_newsletter_tier_id":0,"_jetpack_memberships_contains_paywalled_content":false,"_jetpack_memberships_contains_paid_content":false,"footnotes":"","jetpack_publicize_message":"","jetpack_publicize_feature_enabled":true,"jetpack_social_post_already_shared":true,"jetpack_social_options":{"image_generator_settings":{"template":"highway","default_image_id":0,"font":"","enabled":false},"version":2}},"categories":[1,2],"tags":[],"class_list":["post-47625","post","type-post","status-publish","format-standard","has-post-thumbnail","hentry","category-njoftime-shtypi","category-politika"],"jetpack_publicize_connections":[],"jetpack_featured_media_url":"https:\/\/i0.wp.com\/www.shqiperia.com\/blog\/wp-content\/uploads\/2021\/06\/dendias.jpg?fit=642%2C376&ssl=1","jetpack_sharing_enabled":true,"jetpack_shortlink":"https:\/\/wp.me\/p5Z6wp-co9","jetpack-related-posts":[{"id":42394,"url":"https:\/\/www.shqiperia.com\/blog\/zgjerimi-me-12-milje-ne-jon-athina-e-ben-fakt-te-kryer-hyn-ne-fuqi-dekreti-njoftimi-i-ministrise-se-jashtme-eshte-nje-e-drejte-e-jona-e-patjetersueshme\/","url_meta":{"origin":47625,"position":0},"title":"Zgjerimi me 12 milje n\u00eb Jon, Athina e b\u00ebn fakt t\u00eb kryer: Hyn n\u00eb fuqi dekreti, njoftimi i Ministris\u00eb s\u00eb Jashtme: \u00cbsht\u00eb nj\u00eb e drejt\u00eb e jona e patjet\u00ebrsueshme","author":"Kurt Farka","date":"December 28, 2020","format":false,"excerpt":"Zgjerimi me 12 milje n\u00eb Jon, Athina e b\u00ebn fakt t\u00eb kryer: Hyn n\u00eb fuqi dekreti, njoftimi i Ministris\u00eb s\u00eb Jashtme: \u00cbsht\u00eb nj\u00eb e drejt\u00eb e jona e patjet\u00ebrsueshme 27 dhjetor 2020 Ministria e Jashtme n\u00eb Greqi ka l\u00ebshuar nj\u00eb deklarat\u00eb n\u00eb faqen zyrtare mbi dekretin presidencial q\u00eb u miratua\u2026","rel":"","context":"In &quot;Blogu i Udh\u00ebtarit&quot;","block_context":{"text":"Blogu i Udh\u00ebtarit","link":"https:\/\/www.shqiperia.com\/blog\/category\/blogu-i-udhetarit\/"},"img":{"alt_text":"","src":"https:\/\/i0.wp.com\/www.shqiperia.com\/blog\/wp-content\/uploads\/2020\/12\/unnamed.png?fit=512%2C363&ssl=1&resize=350%2C200","width":350,"height":200},"classes":[]},{"id":37968,"url":"https:\/\/www.shqiperia.com\/blog\/mediat-zbulojne-ambiciet-e-athines-bie-projekti-i-2018-synohet-qe-bisedimet-per-detin-te-fokusohen-te-pakti-i-arritur-me-berishen\/","url_meta":{"origin":47625,"position":1},"title":"Mediat zbulojn\u00eb ambiciet e Athin\u00ebs, bie projekti i 2018, synohet q\u00eb bisedimet p\u00ebr detin t\u00eb fokusohen te pakti i arritur me Berish\u00ebn","author":"Kurt Farka","date":"September 3, 2020","format":false,"excerpt":"Mediat zbulojn\u00eb ambiciet e Athin\u00ebs, bie projekti i 2018, synohet q\u00eb bisedimet p\u00ebr detin t\u00eb fokusohen te pakti i arritur me Berish\u00ebn 3 SHTATOR 2020 \u00c7\u00ebshtja e detit, e cila ka shkaktuar nj\u00eb s\u00ebr\u00eb reagimesh t\u00eb forta, vijon t\u00eb jet\u00eb n\u00eb qend\u00ebr t\u00eb v\u00ebmendjes. Ka qen\u00eb media greke \u201cTovima.gr\u201d, ajo\u2026","rel":"","context":"In &quot;Blogu i Udh\u00ebtarit&quot;","block_context":{"text":"Blogu i Udh\u00ebtarit","link":"https:\/\/www.shqiperia.com\/blog\/category\/blogu-i-udhetarit\/"},"img":{"alt_text":"","src":"https:\/\/i0.wp.com\/www.shqiperia.com\/blog\/wp-content\/uploads\/2020\/09\/800-0-5f50867909314-Copy.png?fit=682%2C330&ssl=1&resize=350%2C200","width":350,"height":200,"srcset":"https:\/\/i0.wp.com\/www.shqiperia.com\/blog\/wp-content\/uploads\/2020\/09\/800-0-5f50867909314-Copy.png?fit=682%2C330&ssl=1&resize=350%2C200 1x, https:\/\/i0.wp.com\/www.shqiperia.com\/blog\/wp-content\/uploads\/2020\/09\/800-0-5f50867909314-Copy.png?fit=682%2C330&ssl=1&resize=525%2C300 1.5x"},"classes":[]},{"id":42295,"url":"https:\/\/www.shqiperia.com\/blog\/greqia-i-dhuron-vetes-per-krishtlindje-zgjerimin-12-milje-ne-detin-jon-miratohet-dekreti-mediat-greke-mesazh-turqise\/","url_meta":{"origin":47625,"position":2},"title":"Greqia i &#8216;dhuron&#8217; vetes p\u00ebr Krishtlindje zgjerimin 12 milje n\u00eb detin Jon! Miratohet dekreti. Mediat greke: &#8211; Mesazh Turqis\u00eb","author":"Kurt Farka","date":"December 25, 2020","format":false,"excerpt":"Greqia i 'dhuron' vetes p\u00ebr Krishtlindje zgjerimin 12 milje n\u00eb detin Jon! Miratohet dekreti. Mediat greke: - Mesazh Turqis\u00eb Nga Gazeta Shqiptarja.com N\u00eb Greqi dit\u00ebn e Krishtlindjes \u00ebsht\u00eb miratuar dekreti p\u00ebr zgjerimin me 12 milje n\u00eb detin Jon, nga pjesa veriore e ishujve deri n\u00eb kepin Tainaro. 25 Dhjetor 2020\u2026","rel":"","context":"In &quot;Blogu i Udh\u00ebtarit&quot;","block_context":{"text":"Blogu i Udh\u00ebtarit","link":"https:\/\/www.shqiperia.com\/blog\/category\/blogu-i-udhetarit\/"},"img":{"alt_text":"","src":"https:\/\/i0.wp.com\/www.shqiperia.com\/blog\/wp-content\/uploads\/2020\/12\/1604255776_detie1530964782787.jpg?fit=780%2C394&ssl=1&resize=350%2C200","width":350,"height":200,"srcset":"https:\/\/i0.wp.com\/www.shqiperia.com\/blog\/wp-content\/uploads\/2020\/12\/1604255776_detie1530964782787.jpg?fit=780%2C394&ssl=1&resize=350%2C200 1x, https:\/\/i0.wp.com\/www.shqiperia.com\/blog\/wp-content\/uploads\/2020\/12\/1604255776_detie1530964782787.jpg?fit=780%2C394&ssl=1&resize=525%2C300 1.5x, https:\/\/i0.wp.com\/www.shqiperia.com\/blog\/wp-content\/uploads\/2020\/12\/1604255776_detie1530964782787.jpg?fit=780%2C394&ssl=1&resize=700%2C400 2x"},"classes":[]},{"id":42359,"url":"https:\/\/www.shqiperia.com\/blog\/koloneli-myslim-pashaj-zgjerimi-12-milje-greqia-merr-territor-nga-shqiperia\/","url_meta":{"origin":47625,"position":3},"title":"Koloneli Myslim Pashaj: Zgjerimi 12 milje? Greqia merr territor nga Shqip\u00ebria","author":"Kurt Farka","date":"December 27, 2020","format":false,"excerpt":"Koloneli Myslim Pashaj: Zgjerimi 12 milje? Greqia merr territor nga Shqip\u00ebria - 26\/12\/20 Koloneli i njohur Myslim Pashaj, q\u00eb denoncoi marr\u00ebveshjen e ndarjes s\u00eb kufirit detar Shqip\u00ebri-Greqi n\u00eb vitin 2009, e cila m\u00eb pas u rr\u00ebzua nga Gjykata Kushtetuese, kund\u00ebrshton dekretin e miratuar nga Presidentja greke p\u00ebr ndarjen e detit\u2026","rel":"","context":"In &quot;Blogu i Udh\u00ebtarit&quot;","block_context":{"text":"Blogu i Udh\u00ebtarit","link":"https:\/\/www.shqiperia.com\/blog\/category\/blogu-i-udhetarit\/"},"img":{"alt_text":"","src":"https:\/\/i0.wp.com\/www.shqiperia.com\/blog\/wp-content\/uploads\/2020\/12\/Myslim-Pashaj.jpg?fit=584%2C292&ssl=1&resize=350%2C200","width":350,"height":200,"srcset":"https:\/\/i0.wp.com\/www.shqiperia.com\/blog\/wp-content\/uploads\/2020\/12\/Myslim-Pashaj.jpg?fit=584%2C292&ssl=1&resize=350%2C200 1x, https:\/\/i0.wp.com\/www.shqiperia.com\/blog\/wp-content\/uploads\/2020\/12\/Myslim-Pashaj.jpg?fit=584%2C292&ssl=1&resize=525%2C300 1.5x"},"classes":[]},{"id":40551,"url":"https:\/\/www.shqiperia.com\/blog\/deti-kathimerini-presidenti-meta-pengese-per-greqine-rama-i-gatshem-te-firmose\/","url_meta":{"origin":47625,"position":4},"title":"\u201cDeti\u201d\/ Kathimerini: Presidenti Meta penges\u00eb p\u00ebr Greqin\u00eb, Rama i gatsh\u00ebm t\u00eb firmos\u00eb","author":"Kurt Farka","date":"November 5, 2020","format":false,"excerpt":"\u201cDeti\u201d\/ Kathimerini: Presidenti Meta penges\u00eb p\u00ebr Greqin\u00eb, Rama i gatsh\u00ebm t\u00eb firmos\u00eb - 02\/11\/20 | Marr\u00ebveshja e Detit vijon t\u00eb jet\u00eb kryefjal\u00eb e mediave t\u00eb Athin\u00ebs. N\u00eb Greqi flasin p\u00ebr nj\u00eb dakord\u00ebsi n\u00eb parim me kryeministrin Edi Rama, i cili si\u00e7 duket ka dh\u00ebn\u00eb \u201cOk\u201d-in p\u00ebr shtrirjen e Greqis\u00eb me\u2026","rel":"","context":"In &quot;Blogu i Udh\u00ebtarit&quot;","block_context":{"text":"Blogu i Udh\u00ebtarit","link":"https:\/\/www.shqiperia.com\/blog\/category\/blogu-i-udhetarit\/"},"img":{"alt_text":"","src":"https:\/\/i0.wp.com\/www.shqiperia.com\/blog\/wp-content\/uploads\/2020\/11\/Edi-Rama-Kyriakos-Mitsotakis.jpg?fit=918%2C504&ssl=1&resize=350%2C200","width":350,"height":200,"srcset":"https:\/\/i0.wp.com\/www.shqiperia.com\/blog\/wp-content\/uploads\/2020\/11\/Edi-Rama-Kyriakos-Mitsotakis.jpg?fit=918%2C504&ssl=1&resize=350%2C200 1x, https:\/\/i0.wp.com\/www.shqiperia.com\/blog\/wp-content\/uploads\/2020\/11\/Edi-Rama-Kyriakos-Mitsotakis.jpg?fit=918%2C504&ssl=1&resize=525%2C300 1.5x, https:\/\/i0.wp.com\/www.shqiperia.com\/blog\/wp-content\/uploads\/2020\/11\/Edi-Rama-Kyriakos-Mitsotakis.jpg?fit=918%2C504&ssl=1&resize=700%2C400 2x"},"classes":[]},{"id":60119,"url":"https:\/\/www.shqiperia.com\/blog\/kufiri-detar-prove-e-re-e-gabimit-te-shqiperise-per-te-shkuar-ne-hage\/","url_meta":{"origin":47625,"position":5},"title":"Kufiri Detar: &#8211; Prov\u00eb e re e gabimit te Shqip\u00ebris\u00eb p\u00ebr t\u00eb shkuar n\u00eb Hag\u00eb","author":"Kurt Farka","date":"July 27, 2022","format":false,"excerpt":"27 Korrik 2022 Nga Shaban Murati Nj\u00eb prove e re e gabimit t\u00eb qeveris\u00eb s\u00eb Shqip\u00ebris\u00eb, q\u00eb pranoi k\u00ebrkes\u00ebn e Greqis\u00eb p\u00ebr t\u00eb shkuar s\u00ebbashku n\u00eb Gjykat\u00ebn Nd\u00ebrkomb\u00ebtare t\u00eb Drejt\u00ebsis\u00eb n\u00eb Hag\u00eb p\u00ebr mosmarreveshjet detare, e solli personalisht ministri i jasht\u00ebm grek Dendias. N\u00eb nj\u00eb intervist\u00eb me shtypin grek n\u00eb\u2026","rel":"","context":"In &quot;Blogu i Udh\u00ebtarit&quot;","block_context":{"text":"Blogu i Udh\u00ebtarit","link":"https:\/\/www.shqiperia.com\/blog\/category\/blogu-i-udhetarit\/"},"img":{"alt_text":"","src":"https:\/\/i0.wp.com\/www.shqiperia.com\/blog\/wp-content\/uploads\/2022\/07\/IMG-20220727-WA0000.jpg?fit=798%2C582&ssl=1&resize=350%2C200","width":350,"height":200,"srcset":"https:\/\/i0.wp.com\/www.shqiperia.com\/blog\/wp-content\/uploads\/2022\/07\/IMG-20220727-WA0000.jpg?fit=798%2C582&ssl=1&resize=350%2C200 1x, https:\/\/i0.wp.com\/www.shqiperia.com\/blog\/wp-content\/uploads\/2022\/07\/IMG-20220727-WA0000.jpg?fit=798%2C582&ssl=1&resize=525%2C300 1.5x, https:\/\/i0.wp.com\/www.shqiperia.com\/blog\/wp-content\/uploads\/2022\/07\/IMG-20220727-WA0000.jpg?fit=798%2C582&ssl=1&resize=700%2C400 2x"},"classes":[]}],"_links":{"self":[{"href":"https:\/\/www.shqiperia.com\/blog\/wp-json\/wp\/v2\/posts\/47625","targetHints":{"allow":["GET"]}}],"collection":[{"href":"https:\/\/www.shqiperia.com\/blog\/wp-json\/wp\/v2\/posts"}],"about":[{"href":"https:\/\/www.shqiperia.com\/blog\/wp-json\/wp\/v2\/types\/post"}],"author":[{"embeddable":true,"href":"https:\/\/www.shqiperia.com\/blog\/wp-json\/wp\/v2\/users\/9"}],"replies":[{"embeddable":true,"href":"https:\/\/www.shqiperia.com\/blog\/wp-json\/wp\/v2\/comments?post=47625"}],"version-history":[{"count":1,"href":"https:\/\/www.shqiperia.com\/blog\/wp-json\/wp\/v2\/posts\/47625\/revisions"}],"predecessor-version":[{"id":47627,"href":"https:\/\/www.shqiperia.com\/blog\/wp-json\/wp\/v2\/posts\/47625\/revisions\/47627"}],"wp:featuredmedia":[{"embeddable":true,"href":"https:\/\/www.shqiperia.com\/blog\/wp-json\/wp\/v2\/media\/47626"}],"wp:attachment":[{"href":"https:\/\/www.shqiperia.com\/blog\/wp-json\/wp\/v2\/media?parent=47625"}],"wp:term":[{"taxonomy":"category","embeddable":true,"href":"https:\/\/www.shqiperia.com\/blog\/wp-json\/wp\/v2\/categories?post=47625"},{"taxonomy":"post_tag","embeddable":true,"href":"https:\/\/www.shqiperia.com\/blog\/wp-json\/wp\/v2\/tags?post=47625"}],"curies":[{"name":"wp","href":"https:\/\/api.w.org\/{rel}","templated":true}]}}