{"id":47622,"date":"2021-06-05T19:13:48","date_gmt":"2021-06-05T19:13:48","guid":{"rendered":"https:\/\/www.shqiperia.com\/blog\/?p=47622"},"modified":"2021-06-05T19:13:48","modified_gmt":"2021-06-05T19:13:48","slug":"sasia-me-e-madhe-ne-vitet-e-fundit-kapen-22-ton-hashash-me-vleren-marramendese-detajet","status":"publish","type":"post","link":"https:\/\/www.shqiperia.com\/blog\/sasia-me-e-madhe-ne-vitet-e-fundit-kapen-22-ton-hashash-me-vleren-marramendese-detajet\/","title":{"rendered":"Sasia m\u00eb e madhe n\u00eb vitet e fundit, kapen 22 ton hashash me vler\u00ebn marramend\u00ebse (DETAJET)"},"content":{"rendered":"<p><img data-recalc-dims=\"1\" loading=\"lazy\" decoding=\"async\" data-attachment-id=\"47623\" data-permalink=\"https:\/\/www.shqiperia.com\/blog\/sasia-me-e-madhe-ne-vitet-e-fundit-kapen-22-ton-hashash-me-vleren-marramendese-detajet\/800-0-60bbb06cd8ef2\/\" data-orig-file=\"https:\/\/i0.wp.com\/www.shqiperia.com\/blog\/wp-content\/uploads\/2021\/06\/800-0-60bbb06cd8ef2.jpg?fit=800%2C422&amp;ssl=1\" data-orig-size=\"800,422\" data-comments-opened=\"1\" data-image-meta=\"{&quot;aperture&quot;:&quot;0&quot;,&quot;credit&quot;:&quot;&quot;,&quot;camera&quot;:&quot;&quot;,&quot;caption&quot;:&quot;&quot;,&quot;created_timestamp&quot;:&quot;0&quot;,&quot;copyright&quot;:&quot;&quot;,&quot;focal_length&quot;:&quot;0&quot;,&quot;iso&quot;:&quot;0&quot;,&quot;shutter_speed&quot;:&quot;0&quot;,&quot;title&quot;:&quot;&quot;,&quot;orientation&quot;:&quot;0&quot;}\" data-image-title=\"-800-0-60bbb06cd8ef2\" data-image-description=\"\" data-image-caption=\"\" data-medium-file=\"https:\/\/i0.wp.com\/www.shqiperia.com\/blog\/wp-content\/uploads\/2021\/06\/800-0-60bbb06cd8ef2.jpg?fit=300%2C158&amp;ssl=1\" data-large-file=\"https:\/\/i0.wp.com\/www.shqiperia.com\/blog\/wp-content\/uploads\/2021\/06\/800-0-60bbb06cd8ef2.jpg?fit=800%2C422&amp;ssl=1\" class=\"alignnone  wp-image-47623\" alt=\"\" src=\"https:\/\/i0.wp.com\/www.shqiperia.com\/blog\/wp-content\/uploads\/2021\/06\/800-0-60bbb06cd8ef2.jpg?resize=534%2C281&#038;ssl=1\" width=\"534\" height=\"281\" srcset=\"https:\/\/i0.wp.com\/www.shqiperia.com\/blog\/wp-content\/uploads\/2021\/06\/800-0-60bbb06cd8ef2.jpg?resize=300%2C158&amp;ssl=1 300w, https:\/\/i0.wp.com\/www.shqiperia.com\/blog\/wp-content\/uploads\/2021\/06\/800-0-60bbb06cd8ef2.jpg?resize=768%2C405&amp;ssl=1 768w, https:\/\/i0.wp.com\/www.shqiperia.com\/blog\/wp-content\/uploads\/2021\/06\/800-0-60bbb06cd8ef2.jpg?resize=450%2C237&amp;ssl=1 450w, https:\/\/i0.wp.com\/www.shqiperia.com\/blog\/wp-content\/uploads\/2021\/06\/800-0-60bbb06cd8ef2.jpg?resize=600%2C317&amp;ssl=1 600w, https:\/\/i0.wp.com\/www.shqiperia.com\/blog\/wp-content\/uploads\/2021\/06\/800-0-60bbb06cd8ef2.jpg?resize=400%2C211&amp;ssl=1 400w, https:\/\/i0.wp.com\/www.shqiperia.com\/blog\/wp-content\/uploads\/2021\/06\/800-0-60bbb06cd8ef2.jpg?w=800&amp;ssl=1 800w\" sizes=\"auto, (max-width: 534px) 100vw, 534px\" \/><\/p>\n<p>Sasia m\u00eb e madhe n\u00eb vitet e fundit, kapen 22 ton hashash me vler\u00ebn marramend\u00ebse (DETAJET)<\/p>\n<p>5 QERSHOR 2021<\/p>\n<p>Me 1 qershor t\u00eb k\u00ebtij viti n\u00eb brigjet e Kanareve n\u00eb nj\u00eb anije peshkimi u gjet\u00ebn rreth 22 ton hashash me vler\u00eb 220 milion \u20ac, e cila besohet se vinte nga Afrika e Veriut e destinuar p\u00ebr tregun europian.<\/p>\n<p>Ad by\u00a0Valueimpression<\/p>\n<p>Personeli nga Sh\u00ebrbimi Detar Irlandez e sh\u00ebnoi s\u00eb pari anijen si t\u00eb dyshimt\u00eb p\u00ebrpara se an\u00ebtar\u00ebt e Gard\u00ebs dhe Sh\u00ebrbimit Doganor t\u00eb merrnin informacionin brenda agjencis\u00eb s\u00eb BE-s\u00eb kund\u00ebr drog\u00ebs.<br \/>\nDroga u sekuestrua rreth 90 milje detare larg brigjeve t\u00eb Kanareve kur marina spanjolle u zhvendos n\u00eb anije t\u00eb mart\u00ebn. Ata hip\u00ebn n\u00eb anije, e soll\u00ebn at\u00eb n\u00eb breg dhe arrestuan disa nga an\u00ebtar\u00ebt e ekuipazhit para se ngarkesa t\u00eb shkarkohej.<\/p>\n<p>P\u00ebr shkak se anija q\u00eb p\u00ebrdorej p\u00ebr t\u00eb l\u00ebvizur drog\u00ebn ishte nj\u00eb peshkarexh\u00eb peshkimi, ajo mund t\u00eb ishte ulur n\u00eb \u00e7do port peshkimi dhe t\u00eb ishte shkarkuar. Gjithashtu mund t\u00eb ishte ankoruar n\u00eb det t\u00eb hapur dhe t\u00eb ishte shkarkuar p\u00ebrmes anijeve t\u00eb vogla dhe shp\u00ebrndar\u00eb kudo n\u00eb Evrop\u00eb.<\/p>\n<p>Ad by\u00a0Valueimpression<\/p>\n<p>Droga e kapur thuhet se \u00ebsht\u00eb sasia m\u00eb e madhe e viteve t\u00eb fundit e kapur n\u00eb uj\u00ebrat evropiane.<\/p>\n<p>Gazeta Sot<\/p>\n","protected":false},"excerpt":{"rendered":"<p>Sasia m\u00eb e madhe n\u00eb vitet e fundit, kapen 22 ton hashash me vler\u00ebn marramend\u00ebse (DETAJET) 5 QERSHOR 2021 Me 1 qershor t\u00eb k\u00ebtij viti n\u00eb brigjet e Kanareve n\u00eb nj\u00eb anije peshkimi u gjet\u00ebn rreth 22 ton hashash me vler\u00eb 220 milion \u20ac, e cila besohet se vinte nga Afrika e Veriut e destinuar [&hellip;]<\/p>\n","protected":false},"author":9,"featured_media":47623,"comment_status":"open","ping_status":"open","sticky":false,"template":"","format":"standard","meta":{"jetpack_post_was_ever_published":false,"_jetpack_newsletter_access":"","_jetpack_dont_email_post_to_subs":false,"_jetpack_newsletter_tier_id":0,"_jetpack_memberships_contains_paywalled_content":false,"_jetpack_memberships_contains_paid_content":false,"footnotes":"","jetpack_publicize_message":"","jetpack_publicize_feature_enabled":true,"jetpack_social_post_already_shared":true,"jetpack_social_options":{"image_generator_settings":{"template":"highway","default_image_id":0,"font":"","enabled":false},"version":2}},"categories":[27,1,2],"tags":[],"class_list":["post-47622","post","type-post","status-publish","format-standard","has-post-thumbnail","hentry","category-blogu-i-udhetarit","category-njoftime-shtypi","category-politika"],"jetpack_publicize_connections":[],"jetpack_featured_media_url":"https:\/\/i0.wp.com\/www.shqiperia.com\/blog\/wp-content\/uploads\/2021\/06\/800-0-60bbb06cd8ef2.jpg?fit=800%2C422&ssl=1","jetpack_sharing_enabled":true,"jetpack_shortlink":"https:\/\/wp.me\/p5Z6wp-co6","jetpack-related-posts":[{"id":94149,"url":"https:\/\/www.shqiperia.com\/blog\/izraeli-ndalon-floten-e-re-te-ndihmave-pro-palestineze-qe-shkonte-drejt-gazes\/","url_meta":{"origin":47622,"position":0},"title":"Izraeli ndalon flot\u00ebn e re t\u00eb ndihmave pro-palestineze q\u00eb shkonte drejt Gaz\u00ebs","author":"Kurt Farka","date":"October 8, 2025","format":false,"excerpt":"8 Tetor 2025 Marina izraelite ka ndaluar nj\u00eb tjet\u00ebr flot\u00eb anijesh me aktivist\u00eb pro-palestinez\u00eb, q\u00eb po p\u00ebrpiqeshin t\u00eb d\u00ebrgonin ndihma n\u00eb Gaza, sipas organizator\u00ebve. Koalicioni i Flot\u00ebs s\u00eb Liris\u00eb dhe Thousand Madleens to Gaza than\u00eb n\u00eb mediat sociale se n\u00ebnt\u00eb anije q\u00eb transportonin rreth 150 aktivist\u00eb nga rreth 30 vende\u2026","rel":"","context":"In &quot;Blogu i Udh\u00ebtarit&quot;","block_context":{"text":"Blogu i Udh\u00ebtarit","link":"https:\/\/www.shqiperia.com\/blog\/category\/blogu-i-udhetarit\/"},"img":{"alt_text":"","src":"https:\/\/i0.wp.com\/www.shqiperia.com\/blog\/wp-content\/uploads\/2025\/10\/auto_FLOTA1759905719.jpeg?fit=900%2C506&ssl=1&resize=350%2C200","width":350,"height":200,"srcset":"https:\/\/i0.wp.com\/www.shqiperia.com\/blog\/wp-content\/uploads\/2025\/10\/auto_FLOTA1759905719.jpeg?fit=900%2C506&ssl=1&resize=350%2C200 1x, https:\/\/i0.wp.com\/www.shqiperia.com\/blog\/wp-content\/uploads\/2025\/10\/auto_FLOTA1759905719.jpeg?fit=900%2C506&ssl=1&resize=525%2C300 1.5x, https:\/\/i0.wp.com\/www.shqiperia.com\/blog\/wp-content\/uploads\/2025\/10\/auto_FLOTA1759905719.jpeg?fit=900%2C506&ssl=1&resize=700%2C400 2x"},"classes":[]},{"id":45085,"url":"https:\/\/www.shqiperia.com\/blog\/detajet-1-dite-pas-zgjedhjeve-te-25-prillit-shqiperia-do-pushtohet-nga-mijera-trupa-10-anije-18-avione-19-helikoptere-dhe-sistem-raketash\/","url_meta":{"origin":47622,"position":1},"title":"Detajet; -1 dit\u00eb pas zgjedhjeve t\u00eb 25 prillit Shqip\u00ebria do \u2018pushtohet\u2019 nga mij\u00ebra trupa, 10 anije, 18 avion\u00eb, 19 helikopter\u00eb dhe sistem raketash\u00a0","author":"Kurt Farka","date":"March 8, 2021","format":false,"excerpt":"Detajet; -1 dit\u00eb pas zgjedhjeve t\u00eb 25 prillit Shqip\u00ebria do \u2018pushtohet\u2019 nga mij\u00ebra trupa, 10 anije, 18 avion\u00eb, 19 helikopter\u00eb dhe sistem raketash Mbi 3 mij\u00eb ushtar\u00eb amerikan\u00eb do t\u00eb nisin t\u00eb zbarkojn\u00eb n\u00eb Shqip\u00ebri q\u00eb n\u00eb fillim t\u00eb muaj prill p\u00ebr t\u00eb p\u00ebrgatitur st\u00ebrvitjen q\u00eb do t\u00eb zgjas\u00eb deri\u2026","rel":"","context":"In &quot;Blogu i Udh\u00ebtarit&quot;","block_context":{"text":"Blogu i Udh\u00ebtarit","link":"https:\/\/www.shqiperia.com\/blog\/category\/blogu-i-udhetarit\/"},"img":{"alt_text":"","src":"https:\/\/i0.wp.com\/www.shqiperia.com\/blog\/wp-content\/uploads\/2021\/03\/Foto-ilustruese.jpg?fit=780%2C440&ssl=1&resize=350%2C200","width":350,"height":200,"srcset":"https:\/\/i0.wp.com\/www.shqiperia.com\/blog\/wp-content\/uploads\/2021\/03\/Foto-ilustruese.jpg?fit=780%2C440&ssl=1&resize=350%2C200 1x, https:\/\/i0.wp.com\/www.shqiperia.com\/blog\/wp-content\/uploads\/2021\/03\/Foto-ilustruese.jpg?fit=780%2C440&ssl=1&resize=525%2C300 1.5x, https:\/\/i0.wp.com\/www.shqiperia.com\/blog\/wp-content\/uploads\/2021\/03\/Foto-ilustruese.jpg?fit=780%2C440&ssl=1&resize=700%2C400 2x"},"classes":[]},{"id":66104,"url":"https:\/\/www.shqiperia.com\/blog\/nje-vlonjat-denoncoi-vjedhjen-e-100-kg-hashash-ish-prokurori-zbulon-cudirat-erdhi-pa-frike-dhe-beri-kallezimin\/","url_meta":{"origin":47622,"position":2},"title":"\u201cNj\u00eb vlonjat denoncoi vjedhjen e 100 kg hashash\u201d: &#8211; Ish-prokurori zbulon \u201c\u00e7udirat\u201d: &#8211; Erdhi pa frik\u00eb dhe b\u00ebri kall\u00ebzimin","author":"Kurt Farka","date":"January 8, 2023","format":false,"excerpt":"8 Janar 2023 Ish-prokurori i Krimeve t\u00eb R\u00ebnda, Eugen Beci, zbuloi n\u00eb emisionin Review, denoncime t\u00eb \u00e7uditshme q\u00eb i kan\u00eb ardhur nga qytetar\u00eb n\u00eb koh\u00ebn q\u00eb ai ushtronte detyr\u00ebn n\u00eb organin e akuz\u00ebs. Beci tha se nj\u00eb qytetar nga Vlora i kishte shkuar t\u00eb b\u00ebnte nj\u00eb denoncim se i kishin\u2026","rel":"","context":"In &quot;Blogu i Udh\u00ebtarit&quot;","block_context":{"text":"Blogu i Udh\u00ebtarit","link":"https:\/\/www.shqiperia.com\/blog\/category\/blogu-i-udhetarit\/"},"img":{"alt_text":"","src":"https:\/\/i0.wp.com\/www.shqiperia.com\/blog\/wp-content\/uploads\/2023\/01\/800-0-63bb2fa85b6b3-1.jpg?fit=800%2C448&ssl=1&resize=350%2C200","width":350,"height":200,"srcset":"https:\/\/i0.wp.com\/www.shqiperia.com\/blog\/wp-content\/uploads\/2023\/01\/800-0-63bb2fa85b6b3-1.jpg?fit=800%2C448&ssl=1&resize=350%2C200 1x, https:\/\/i0.wp.com\/www.shqiperia.com\/blog\/wp-content\/uploads\/2023\/01\/800-0-63bb2fa85b6b3-1.jpg?fit=800%2C448&ssl=1&resize=525%2C300 1.5x, https:\/\/i0.wp.com\/www.shqiperia.com\/blog\/wp-content\/uploads\/2023\/01\/800-0-63bb2fa85b6b3-1.jpg?fit=800%2C448&ssl=1&resize=700%2C400 2x"},"classes":[]},{"id":64116,"url":"https:\/\/www.shqiperia.com\/blog\/cfare-po-kerkon-greqia-ne-detin-jon-artur-mecollari-zbardh-detajet-e-fundit-zbarkojne-tre-anije-greke\/","url_meta":{"origin":47622,"position":3},"title":"\u00c7far\u00eb po k\u00ebrkon Greqia n\u00eb detin Jon? Artur Me\u00e7ollari zbardh detajet e fundit: &#8211; Zbarkojn\u00eb tre anije greke","author":"Kurt Farka","date":"November 9, 2022","format":false,"excerpt":"9 Nentor 2022 Ish-z\u00ebvend\u00ebs komandanti i Forc\u00ebs Detare, Artur Me\u00e7ollari deklaroi se tre anije greke jan\u00eb duke k\u00ebrkuar burime hidrokarbure n\u00eb detin Jon. N\u00eb nj\u00eb intervist\u00eb p\u00ebr Euronews Albania, Me\u00e7ollari u shpreh se nj\u00eb prej anijeve dhe nj\u00eb rimorkiator, kan\u00eb hyr\u00eb n\u00eb zon\u00ebn e kontestuar detare midis Shqip\u00ebris\u00eb dhe Greqis\u00eb.\u2026","rel":"","context":"In &quot;Blogu i Udh\u00ebtarit&quot;","block_context":{"text":"Blogu i Udh\u00ebtarit","link":"https:\/\/www.shqiperia.com\/blog\/category\/blogu-i-udhetarit\/"},"img":{"alt_text":"","src":"https:\/\/i0.wp.com\/www.shqiperia.com\/blog\/wp-content\/uploads\/2022\/11\/640-0-636b97951dd94.jpg?fit=640%2C319&ssl=1&resize=350%2C200","width":350,"height":200,"srcset":"https:\/\/i0.wp.com\/www.shqiperia.com\/blog\/wp-content\/uploads\/2022\/11\/640-0-636b97951dd94.jpg?fit=640%2C319&ssl=1&resize=350%2C200 1x, https:\/\/i0.wp.com\/www.shqiperia.com\/blog\/wp-content\/uploads\/2022\/11\/640-0-636b97951dd94.jpg?fit=640%2C319&ssl=1&resize=525%2C300 1.5x"},"classes":[]},{"id":52867,"url":"https:\/\/www.shqiperia.com\/blog\/kamioni-me-kokaine-artan-hoxha-zbardh-detajet-e-renda-pse-doli-skaneri-kesaj-here-brenda-kishte-2-ton-droge-jam-i-habitur-qe\/","url_meta":{"origin":47622,"position":4},"title":"Kamioni me kokain\u00eb, Artan Hoxha zbardh detajet e r\u00ebnda: Pse doli skaneri k\u00ebsaj here? &#8211; Brenda kishte 2 ton drog\u00eb. Jam i habitur q\u00eb\u2026","author":"Kurt Farka","date":"January 3, 2022","format":false,"excerpt":"Kamioni me kokain\u00eb, Artan Hoxha zbardh detajet e r\u00ebnda: Pse doli skaneri k\u00ebsaj here? Brenda kishte 2 ton drog\u00eb. Jam i habitur q\u00eb\u2026 3 JANAR 2022 Gazetari investigativ Artan Hoxha ka ngritu pik\u00ebpyetje lidhur me kokain\u00ebn e gjetur t\u00eb fshehur brenda konteinerit me banane, duke u shprehur se k\u00ebsaj here,\u2026","rel":"","context":"In &quot;Blogu i Udh\u00ebtarit&quot;","block_context":{"text":"Blogu i Udh\u00ebtarit","link":"https:\/\/www.shqiperia.com\/blog\/category\/blogu-i-udhetarit\/"},"img":{"alt_text":"","src":"https:\/\/i0.wp.com\/www.shqiperia.com\/blog\/wp-content\/uploads\/2022\/01\/800-0-c546fea932084c1a6c4ea5e5114614d9.png?fit=627%2C348&ssl=1&resize=350%2C200","width":350,"height":200,"srcset":"https:\/\/i0.wp.com\/www.shqiperia.com\/blog\/wp-content\/uploads\/2022\/01\/800-0-c546fea932084c1a6c4ea5e5114614d9.png?fit=627%2C348&ssl=1&resize=350%2C200 1x, https:\/\/i0.wp.com\/www.shqiperia.com\/blog\/wp-content\/uploads\/2022\/01\/800-0-c546fea932084c1a6c4ea5e5114614d9.png?fit=627%2C348&ssl=1&resize=525%2C300 1.5x"},"classes":[]},{"id":73448,"url":"https:\/\/www.shqiperia.com\/blog\/sa-anije-te-mbytura-ndodhen-ne-oqeanet-e-botes\/","url_meta":{"origin":47622,"position":5},"title":"Sa anije t\u00eb mbytura ndodhen n\u00eb oqeanet e bot\u00ebs?","author":"Kurt Farka","date":"August 12, 2023","format":false,"excerpt":"12 Gusht 2023 Nga Zaria Gorvett Kur Elias Stadhiatis zbriti n\u00eb thell\u00ebsi t\u00eb detit, ai mendonte se do t\u00eb kishte p\u00ebrpara nj\u00eb dit\u00eb t\u00eb zakonshme k\u00ebrkimi p\u00ebr sfungjer\u00eb. I r\u00ebnduar nga nj\u00eb kostum zhytjeje prej bakri, dhe i rrethuar nga nj\u00eb l\u00ebmsh tubash q\u00eb i sh\u00ebrbenin p\u00ebr frym\u00ebmarrje, Stadhiatis mb\u00ebrriti\u2026","rel":"","context":"In &quot;Histori&quot;","block_context":{"text":"Histori","link":"https:\/\/www.shqiperia.com\/blog\/category\/histori\/"},"img":{"alt_text":"","src":"https:\/\/i0.wp.com\/www.shqiperia.com\/blog\/wp-content\/uploads\/2023\/08\/640-0-r-109-1.jpg?fit=640%2C361&ssl=1&resize=350%2C200","width":350,"height":200,"srcset":"https:\/\/i0.wp.com\/www.shqiperia.com\/blog\/wp-content\/uploads\/2023\/08\/640-0-r-109-1.jpg?fit=640%2C361&ssl=1&resize=350%2C200 1x, https:\/\/i0.wp.com\/www.shqiperia.com\/blog\/wp-content\/uploads\/2023\/08\/640-0-r-109-1.jpg?fit=640%2C361&ssl=1&resize=525%2C300 1.5x"},"classes":[]}],"_links":{"self":[{"href":"https:\/\/www.shqiperia.com\/blog\/wp-json\/wp\/v2\/posts\/47622","targetHints":{"allow":["GET"]}}],"collection":[{"href":"https:\/\/www.shqiperia.com\/blog\/wp-json\/wp\/v2\/posts"}],"about":[{"href":"https:\/\/www.shqiperia.com\/blog\/wp-json\/wp\/v2\/types\/post"}],"author":[{"embeddable":true,"href":"https:\/\/www.shqiperia.com\/blog\/wp-json\/wp\/v2\/users\/9"}],"replies":[{"embeddable":true,"href":"https:\/\/www.shqiperia.com\/blog\/wp-json\/wp\/v2\/comments?post=47622"}],"version-history":[{"count":1,"href":"https:\/\/www.shqiperia.com\/blog\/wp-json\/wp\/v2\/posts\/47622\/revisions"}],"predecessor-version":[{"id":47624,"href":"https:\/\/www.shqiperia.com\/blog\/wp-json\/wp\/v2\/posts\/47622\/revisions\/47624"}],"wp:featuredmedia":[{"embeddable":true,"href":"https:\/\/www.shqiperia.com\/blog\/wp-json\/wp\/v2\/media\/47623"}],"wp:attachment":[{"href":"https:\/\/www.shqiperia.com\/blog\/wp-json\/wp\/v2\/media?parent=47622"}],"wp:term":[{"taxonomy":"category","embeddable":true,"href":"https:\/\/www.shqiperia.com\/blog\/wp-json\/wp\/v2\/categories?post=47622"},{"taxonomy":"post_tag","embeddable":true,"href":"https:\/\/www.shqiperia.com\/blog\/wp-json\/wp\/v2\/tags?post=47622"}],"curies":[{"name":"wp","href":"https:\/\/api.w.org\/{rel}","templated":true}]}}