{"id":47614,"date":"2021-06-05T10:51:53","date_gmt":"2021-06-05T10:51:53","guid":{"rendered":"https:\/\/www.shqiperia.com\/blog\/?p=47614"},"modified":"2021-06-05T10:51:53","modified_gmt":"2021-06-05T10:51:53","slug":"piktori-banksy-e-pranon-i-arratisuri-nga-burgu-eshte-veper-e-imja","status":"publish","type":"post","link":"https:\/\/www.shqiperia.com\/blog\/piktori-banksy-e-pranon-i-arratisuri-nga-burgu-eshte-veper-e-imja\/","title":{"rendered":"Piktori Banksy e pranon\u2026\/\u2018I arratisuri nga burgu \u00ebsht\u00eb vep\u00ebr e imja\u2019"},"content":{"rendered":"<p><img data-recalc-dims=\"1\" loading=\"lazy\" decoding=\"async\" data-attachment-id=\"47616\" data-permalink=\"https:\/\/www.shqiperia.com\/blog\/piktori-banksy-e-pranon-i-arratisuri-nga-burgu-eshte-veper-e-imja\/auto_baaa1614984390\/\" data-orig-file=\"https:\/\/i0.wp.com\/www.shqiperia.com\/blog\/wp-content\/uploads\/2021\/06\/auto_baaa1614984390.jpg?fit=850%2C478&amp;ssl=1\" data-orig-size=\"850,478\" data-comments-opened=\"1\" data-image-meta=\"{&quot;aperture&quot;:&quot;0&quot;,&quot;credit&quot;:&quot;&quot;,&quot;camera&quot;:&quot;&quot;,&quot;caption&quot;:&quot;&quot;,&quot;created_timestamp&quot;:&quot;0&quot;,&quot;copyright&quot;:&quot;&quot;,&quot;focal_length&quot;:&quot;0&quot;,&quot;iso&quot;:&quot;0&quot;,&quot;shutter_speed&quot;:&quot;0&quot;,&quot;title&quot;:&quot;&quot;,&quot;orientation&quot;:&quot;0&quot;}\" data-image-title=\"auto_baaa1614984390\" data-image-description=\"\" data-image-caption=\"\" data-medium-file=\"https:\/\/i0.wp.com\/www.shqiperia.com\/blog\/wp-content\/uploads\/2021\/06\/auto_baaa1614984390.jpg?fit=300%2C169&amp;ssl=1\" data-large-file=\"https:\/\/i0.wp.com\/www.shqiperia.com\/blog\/wp-content\/uploads\/2021\/06\/auto_baaa1614984390.jpg?fit=850%2C478&amp;ssl=1\" class=\"alignnone  wp-image-47616\" alt=\"\" src=\"https:\/\/i0.wp.com\/www.shqiperia.com\/blog\/wp-content\/uploads\/2021\/06\/auto_baaa1614984390.jpg?resize=486%2C274&#038;ssl=1\" width=\"486\" height=\"274\" srcset=\"https:\/\/i0.wp.com\/www.shqiperia.com\/blog\/wp-content\/uploads\/2021\/06\/auto_baaa1614984390.jpg?resize=300%2C169&amp;ssl=1 300w, https:\/\/i0.wp.com\/www.shqiperia.com\/blog\/wp-content\/uploads\/2021\/06\/auto_baaa1614984390.jpg?resize=768%2C432&amp;ssl=1 768w, https:\/\/i0.wp.com\/www.shqiperia.com\/blog\/wp-content\/uploads\/2021\/06\/auto_baaa1614984390.jpg?resize=450%2C253&amp;ssl=1 450w, https:\/\/i0.wp.com\/www.shqiperia.com\/blog\/wp-content\/uploads\/2021\/06\/auto_baaa1614984390.jpg?resize=600%2C337&amp;ssl=1 600w, https:\/\/i0.wp.com\/www.shqiperia.com\/blog\/wp-content\/uploads\/2021\/06\/auto_baaa1614984390.jpg?resize=400%2C225&amp;ssl=1 400w, https:\/\/i0.wp.com\/www.shqiperia.com\/blog\/wp-content\/uploads\/2021\/06\/auto_baaa1614984390.jpg?w=850&amp;ssl=1 850w\" sizes=\"auto, (max-width: 486px) 100vw, 486px\" \/><\/p>\n<p>Piktori Banksy e pranon\u2026\/\u2018I arratisuri nga burgu \u00ebsht\u00eb vep\u00ebr e imja\u2019<\/p>\n<p>Banksy duket se \u00ebsht\u00eb pozicionuar n\u00eb mb\u00ebshtetje t\u00eb fushat\u00ebs p\u00ebr t\u00eb shnd\u00ebrruar nj\u00eb ish burg n\u00eb qytetin anglez Reaging, n\u00eb nj\u00eb qend\u00ebr arti.<\/p>\n<p>Kjo \u00ebsht\u00eb konfirmuar nga zyrtar\u00ebt lokal\u00eb pasi vet\u00eb artisti pranoi se muralja q\u00eb ishte shfaqur mbi nj\u00eb nga muret rrethuese t\u00eb nd\u00ebrtes\u00ebs, ishte b\u00ebr\u00eb prej tij.<\/p>\n<p>Artisti misterioz konfirmoi se muralja ishte e tija pasi postoi nj\u00eb video ku dukej ai nd\u00ebrsa e realizonte at\u00eb, n\u00eb llogarin\u00eb e tij n\u00eb Instagram.<\/p>\n<p>Muralja tregon nj\u00eb burr\u00eb q\u00eb arratiset nga burgu, duke p\u00ebrdorur nj\u00eb litar n\u00eb fund t\u00eb t\u00eb cilit \u00ebsht\u00eb varur nj\u00eb makin\u00eb shkrimi.<\/p>\n<p>Vepra u shfaq papritur t\u00eb h\u00ebn\u00ebn jasht\u00eb burgut t\u00eb Readingut, i famsh\u00ebm si vendi ku shkrimtari Oscar Wilde kaloi dy vite burg p\u00ebr sjellje t\u00eb pahijshme, n\u00eb vitet 1890, p\u00ebr shkak t\u00eb nj\u00eb lidhjeje homoseksuale t\u00eb tij.<\/p>\n<p>Burgu u mbyll n\u00eb 2013-\u00ebn dhe aktivist\u00ebt duan ta shnd\u00ebrrojn\u00eb at\u00eb n\u00eb nj\u00eb qend\u00ebr artesh. Ministria e drejt\u00ebsis\u00eb n\u00eb Britani, q\u00eb edhe e zot\u00ebron nd\u00ebrtes\u00ebn, duhet t\u00eb vendos\u00eb n\u00eb mes t\u00eb marsit p\u00ebr t\u00eb ardhmen e saj. Fushata p\u00ebr shnd\u00ebrrimin n\u00eb qend\u00ebr arti \u00ebsht\u00eb mb\u00ebshtetur m\u00eb her\u00ebt edhe nga aktor\u00eb si Judi Dench, stephen Fry dhe Kenneth Branagh.<\/p>\n","protected":false},"excerpt":{"rendered":"<p>Piktori Banksy e pranon\u2026\/\u2018I arratisuri nga burgu \u00ebsht\u00eb vep\u00ebr e imja\u2019 Banksy duket se \u00ebsht\u00eb pozicionuar n\u00eb mb\u00ebshtetje t\u00eb fushat\u00ebs p\u00ebr t\u00eb shnd\u00ebrruar nj\u00eb ish burg n\u00eb qytetin anglez Reaging, n\u00eb nj\u00eb qend\u00ebr arti. Kjo \u00ebsht\u00eb konfirmuar nga zyrtar\u00ebt lokal\u00eb pasi vet\u00eb artisti pranoi se muralja q\u00eb ishte shfaqur mbi nj\u00eb nga muret rrethuese t\u00eb [&hellip;]<\/p>\n","protected":false},"author":9,"featured_media":47616,"comment_status":"open","ping_status":"open","sticky":false,"template":"","format":"standard","meta":{"jetpack_post_was_ever_published":false,"_jetpack_newsletter_access":"","_jetpack_dont_email_post_to_subs":false,"_jetpack_newsletter_tier_id":0,"_jetpack_memberships_contains_paywalled_content":false,"_jetpack_memberships_contains_paid_content":false,"footnotes":"","jetpack_publicize_message":"","jetpack_publicize_feature_enabled":true,"jetpack_social_post_already_shared":true,"jetpack_social_options":{"image_generator_settings":{"template":"highway","default_image_id":0,"font":"","enabled":false},"version":2}},"categories":[87,10,14],"tags":[],"class_list":["post-47614","post","type-post","status-publish","format-standard","has-post-thumbnail","hentry","category-arte","category-kultura","category-press-releases"],"jetpack_publicize_connections":[],"jetpack_featured_media_url":"https:\/\/i0.wp.com\/www.shqiperia.com\/blog\/wp-content\/uploads\/2021\/06\/auto_baaa1614984390.jpg?fit=850%2C478&ssl=1","jetpack_sharing_enabled":true,"jetpack_shortlink":"https:\/\/wp.me\/p5Z6wp-cnY","jetpack-related-posts":[{"id":98595,"url":"https:\/\/www.shqiperia.com\/blog\/te-gjithe-e-njohim-si-banksy-nga-bristol-ne-kiev-si-u-zbulua-identiteti-i-artistit-me-mistik-te-botes\/","url_meta":{"origin":47614,"position":0},"title":"T\u00eb gjith\u00eb e njohim si Banksy.  Nga Bristol n\u00eb Kiev! Si u zbulua identiteti i artistit m\u00eb \u2018mistik\u2019 t\u00eb bot\u00ebs","author":"Kurt Farka","date":"March 23, 2026","format":false,"excerpt":"23 Mars 2026 Nj\u00eb investigim i fundit i agjencis\u00eb\u00a0Reuters\u00a0konfirmon at\u00eb q\u00eb ishte spekuluar q\u00eb n\u00eb vitin 2008 nga \u201cMail on Sunday\u201d: Banksy, artisti m\u00eb i njohur i street art-it n\u00eb bot\u00eb, do t\u00eb ishte n\u00eb fakt Robin Gunningham, i lindur n\u00eb 1973 n\u00eb Bristol. Reuters raporton se, p\u00ebr t\u00eb ruajtur\u2026","rel":"","context":"In &quot;Arte&quot;","block_context":{"text":"Arte","link":"https:\/\/www.shqiperia.com\/blog\/category\/arte\/"},"img":{"alt_text":"","src":"https:\/\/i0.wp.com\/www.shqiperia.com\/blog\/wp-content\/uploads\/2026\/03\/image-306-1024x688-1.webp?fit=1024%2C688&ssl=1&resize=350%2C200","width":350,"height":200,"srcset":"https:\/\/i0.wp.com\/www.shqiperia.com\/blog\/wp-content\/uploads\/2026\/03\/image-306-1024x688-1.webp?fit=1024%2C688&ssl=1&resize=350%2C200 1x, https:\/\/i0.wp.com\/www.shqiperia.com\/blog\/wp-content\/uploads\/2026\/03\/image-306-1024x688-1.webp?fit=1024%2C688&ssl=1&resize=525%2C300 1.5x, https:\/\/i0.wp.com\/www.shqiperia.com\/blog\/wp-content\/uploads\/2026\/03\/image-306-1024x688-1.webp?fit=1024%2C688&ssl=1&resize=700%2C400 2x"},"classes":[]},{"id":34592,"url":"https:\/\/www.shqiperia.com\/blog\/ky-eshte-burgu-me-i-vogel-ne-bote\/","url_meta":{"origin":47614,"position":1},"title":"Ky \u00ebsht\u00eb burgu m\u00eb i vog\u00ebl n\u00eb bot\u00eb","author":"Kurt Farka","date":"May 13, 2020","format":false,"excerpt":"Ky \u00ebsht\u00eb burgu m\u00eb i vog\u00ebl n\u00eb bot\u00eb Sark \u00ebsht\u00eb nj\u00eb ishull i vog\u00ebl me vet\u00ebm 2.1 kilometra katror\u00eb, me nj\u00eb popull\u00ebsi t\u00eb vog\u00ebl prej 500 banor\u00eb, dhe ka nj\u00eb burg, i cili mendohet t\u00eb jet\u00eb m\u00eb i vog\u00ebli kudo n\u00eb bot\u00eb q\u00eb \u00ebsht\u00eb n\u00eb p\u00ebrdorim. Nd\u00ebrtesa v\u00ebrtet kompakte p\u00ebrfshin\u2026","rel":"","context":"In &quot;Press Releases&quot;","block_context":{"text":"Press Releases","link":"https:\/\/www.shqiperia.com\/blog\/category\/press-releases\/"},"img":{"alt_text":"","src":"https:\/\/i0.wp.com\/www.shqiperia.com\/blog\/wp-content\/uploads\/2020\/05\/bb1.jpg?fit=640%2C357&ssl=1&resize=350%2C200","width":350,"height":200,"srcset":"https:\/\/i0.wp.com\/www.shqiperia.com\/blog\/wp-content\/uploads\/2020\/05\/bb1.jpg?fit=640%2C357&ssl=1&resize=350%2C200 1x, https:\/\/i0.wp.com\/www.shqiperia.com\/blog\/wp-content\/uploads\/2020\/05\/bb1.jpg?fit=640%2C357&ssl=1&resize=525%2C300 1.5x"},"classes":[]},{"id":75733,"url":"https:\/\/www.shqiperia.com\/blog\/anastas-kostandini-dhimbje-me-e-madhe-se-vete-burgu-piktori-rrefen-dramen-me-te-erret-ne-jeten-e-maks-velos\/","url_meta":{"origin":47614,"position":2},"title":"Anastas Kostandini: &#8211; Dhimbje m\u00eb e madhe se vet\u00eb burgu\u201d, piktori rr\u00ebfen dram\u00ebn m\u00eb t\u00eb err\u00ebt n\u00eb jet\u00ebn e Maks Velos","author":"Kurt Farka","date":"November 23, 2023","format":false,"excerpt":"23 Nentor 2023 Piktori i njohur nga Pogradeci, Anastas Kostandini ka folur n\u00eb emisionin \u201cPas Mesnate\u201d n\u00eb ABC News p\u00ebr piktorin dhe arkitektin e ndjer\u00eb, Maks Velo. Ai ka zbuluar se e ka pasur pedagog dhe mik shum\u00eb t\u00eb mir\u00eb, me t\u00eb cilin ka ndar\u00eb gj\u00ebra nga m\u00eb intimet. Sipas\u2026","rel":"","context":"In &quot;Histori&quot;","block_context":{"text":"Histori","link":"https:\/\/www.shqiperia.com\/blog\/category\/histori\/"},"img":{"alt_text":"","src":"https:\/\/i0.wp.com\/www.shqiperia.com\/blog\/wp-content\/uploads\/2023\/11\/Maks-velo.jpg?fit=1024%2C679&ssl=1&resize=350%2C200","width":350,"height":200,"srcset":"https:\/\/i0.wp.com\/www.shqiperia.com\/blog\/wp-content\/uploads\/2023\/11\/Maks-velo.jpg?fit=1024%2C679&ssl=1&resize=350%2C200 1x, https:\/\/i0.wp.com\/www.shqiperia.com\/blog\/wp-content\/uploads\/2023\/11\/Maks-velo.jpg?fit=1024%2C679&ssl=1&resize=525%2C300 1.5x, https:\/\/i0.wp.com\/www.shqiperia.com\/blog\/wp-content\/uploads\/2023\/11\/Maks-velo.jpg?fit=1024%2C679&ssl=1&resize=700%2C400 2x"},"classes":[]},{"id":40222,"url":"https:\/\/www.shqiperia.com\/blog\/arte-figurative-10-milione-dollare-per-banksy-n\/","url_meta":{"origin":47614,"position":3},"title":"Arte Figurative: &#8211; 10 milion\u00eb dollar\u00eb p\u00ebr Banksy-n","author":"Kurt Farka","date":"October 29, 2020","format":false,"excerpt":"Arte Figurative: - 10 milion\u00eb dollar\u00eb p\u00ebr Banksy-n Nga:\u00a0Besmira Pelushaj 22\/10\/2020 Nj\u00eb piktur\u00eb n\u00eb vaj e artistit britanik Banksy \u00ebsht\u00eb shitur n\u00eb ankand n\u00eb vler\u00ebn rekord t\u00eb 10 mln dollar\u00ebve. Vepra q\u00eb \u00ebsht\u00eb nj\u00eb parodi e Monet tejkaloi \u00e7do parashikim t\u00eb vler\u00ebsuesve t\u00eb saj. Nj\u00eb piktur\u00eb e artistit britanik, Banksy\u2026","rel":"","context":"In &quot;Arte&quot;","block_context":{"text":"Arte","link":"https:\/\/www.shqiperia.com\/blog\/category\/arte\/"},"img":{"alt_text":"","src":"https:\/\/i0.wp.com\/www.shqiperia.com\/blog\/wp-content\/uploads\/2020\/10\/banksy.jpg?fit=1200%2C579&ssl=1&resize=350%2C200","width":350,"height":200,"srcset":"https:\/\/i0.wp.com\/www.shqiperia.com\/blog\/wp-content\/uploads\/2020\/10\/banksy.jpg?fit=1200%2C579&ssl=1&resize=350%2C200 1x, https:\/\/i0.wp.com\/www.shqiperia.com\/blog\/wp-content\/uploads\/2020\/10\/banksy.jpg?fit=1200%2C579&ssl=1&resize=525%2C300 1.5x, https:\/\/i0.wp.com\/www.shqiperia.com\/blog\/wp-content\/uploads\/2020\/10\/banksy.jpg?fit=1200%2C579&ssl=1&resize=700%2C400 2x, https:\/\/i0.wp.com\/www.shqiperia.com\/blog\/wp-content\/uploads\/2020\/10\/banksy.jpg?fit=1200%2C579&ssl=1&resize=1050%2C600 3x"},"classes":[]},{"id":87264,"url":"https:\/\/www.shqiperia.com\/blog\/thertorja-njerezore-e-sirise-clirohen-nga-qelite-e-kuqe-tre-kate-nen-toke-qindra-te-burgosur-mes-tyre-gra-dhe-femije\/","url_meta":{"origin":47614,"position":4},"title":"\u201cThertorja njer\u00ebzore\u201d e Siris\u00eb, \u00e7lirohen nga \u201cqelit\u00eb e kuqe\u201d tre kate n\u00ebn tok\u00eb qindra t\u00eb burgosur, mes tyre gra dhe f\u00ebmij\u00eb","author":"Kurt Farka","date":"December 9, 2024","format":false,"excerpt":"9 Dhjetor 2024 Tre kate n\u00ebn tok\u00eb, ka nj\u00eb burg t\u00eb njohur si \u201cqelit\u00eb e kuqe\u201d, ai nuk \u00ebsht\u00eb hapur ende\u201d, tha Omar Saud, nj\u00eb aktivist lokal, Burgu Sednaya , i njohur si \u201cthertorja njer\u00ebzore\u201d e Siris\u00eb , ra n\u00eb duart e rebel\u00ebve t\u00eb shtun\u00ebn pasi sundimit t\u00eb Bashar al-Assad\u2026","rel":"","context":"In &quot;Blogu i Udh\u00ebtarit&quot;","block_context":{"text":"Blogu i Udh\u00ebtarit","link":"https:\/\/www.shqiperia.com\/blog\/category\/blogu-i-udhetarit\/"},"img":{"alt_text":"","src":"https:\/\/i0.wp.com\/www.shqiperia.com\/blog\/wp-content\/uploads\/2024\/12\/640-0-capturepng-1733734557.png?fit=640%2C479&ssl=1&resize=350%2C200","width":350,"height":200,"srcset":"https:\/\/i0.wp.com\/www.shqiperia.com\/blog\/wp-content\/uploads\/2024\/12\/640-0-capturepng-1733734557.png?fit=640%2C479&ssl=1&resize=350%2C200 1x, https:\/\/i0.wp.com\/www.shqiperia.com\/blog\/wp-content\/uploads\/2024\/12\/640-0-capturepng-1733734557.png?fit=640%2C479&ssl=1&resize=525%2C300 1.5x"},"classes":[]},{"id":88497,"url":"https:\/\/www.shqiperia.com\/blog\/nuredin-dumani-zgjon-spak-un-verifikohet-kartela-e-bashkepunetorit-te-drejtesise-cfare-shkruhej-ne-raportin-qe-e-liroi-nga-burgu\/","url_meta":{"origin":47614,"position":5},"title":"Nuredin Dumani &#8220;zgjon&#8221; SPAK-un. Verifikohet kartela e bashk\u00ebpun\u00ebtorit t\u00eb drejt\u00ebsis\u00eb, \u00e7far\u00eb shkruhej n\u00eb raportin q\u00eb e liroi nga burgu","author":"Kurt Farka","date":"January 16, 2025","format":false,"excerpt":"16 Janar 2025 Rr\u00ebfimi i t\u00eb penduarit t\u00eb drejt\u00ebsis\u00eb, Nuredin Dumanit p\u00ebr lirimin e parakohsh\u00ebm nga burgu \u00ebsht\u00eb n\u00ebn verifikim nga SPAK. Nj\u00eb burim nga grupi i hetimit tha p\u00ebr Tch se kartela e tij \u00ebsht\u00eb t\u00ebrhequr prej burgjeve dhe aty tregohet se Nuredin Dumani la qelin\u00eb si nj\u00eb i\u2026","rel":"","context":"In &quot;Blogu i Udh\u00ebtarit&quot;","block_context":{"text":"Blogu i Udh\u00ebtarit","link":"https:\/\/www.shqiperia.com\/blog\/category\/blogu-i-udhetarit\/"},"img":{"alt_text":"","src":"https:\/\/i0.wp.com\/www.shqiperia.com\/blog\/wp-content\/uploads\/2025\/01\/640-0-3de73c9364a559f31139caacce4deaab.jpg?fit=640%2C348&ssl=1&resize=350%2C200","width":350,"height":200,"srcset":"https:\/\/i0.wp.com\/www.shqiperia.com\/blog\/wp-content\/uploads\/2025\/01\/640-0-3de73c9364a559f31139caacce4deaab.jpg?fit=640%2C348&ssl=1&resize=350%2C200 1x, https:\/\/i0.wp.com\/www.shqiperia.com\/blog\/wp-content\/uploads\/2025\/01\/640-0-3de73c9364a559f31139caacce4deaab.jpg?fit=640%2C348&ssl=1&resize=525%2C300 1.5x"},"classes":[]}],"_links":{"self":[{"href":"https:\/\/www.shqiperia.com\/blog\/wp-json\/wp\/v2\/posts\/47614","targetHints":{"allow":["GET"]}}],"collection":[{"href":"https:\/\/www.shqiperia.com\/blog\/wp-json\/wp\/v2\/posts"}],"about":[{"href":"https:\/\/www.shqiperia.com\/blog\/wp-json\/wp\/v2\/types\/post"}],"author":[{"embeddable":true,"href":"https:\/\/www.shqiperia.com\/blog\/wp-json\/wp\/v2\/users\/9"}],"replies":[{"embeddable":true,"href":"https:\/\/www.shqiperia.com\/blog\/wp-json\/wp\/v2\/comments?post=47614"}],"version-history":[{"count":1,"href":"https:\/\/www.shqiperia.com\/blog\/wp-json\/wp\/v2\/posts\/47614\/revisions"}],"predecessor-version":[{"id":47617,"href":"https:\/\/www.shqiperia.com\/blog\/wp-json\/wp\/v2\/posts\/47614\/revisions\/47617"}],"wp:featuredmedia":[{"embeddable":true,"href":"https:\/\/www.shqiperia.com\/blog\/wp-json\/wp\/v2\/media\/47616"}],"wp:attachment":[{"href":"https:\/\/www.shqiperia.com\/blog\/wp-json\/wp\/v2\/media?parent=47614"}],"wp:term":[{"taxonomy":"category","embeddable":true,"href":"https:\/\/www.shqiperia.com\/blog\/wp-json\/wp\/v2\/categories?post=47614"},{"taxonomy":"post_tag","embeddable":true,"href":"https:\/\/www.shqiperia.com\/blog\/wp-json\/wp\/v2\/tags?post=47614"}],"curies":[{"name":"wp","href":"https:\/\/api.w.org\/{rel}","templated":true}]}}