{"id":47611,"date":"2021-06-05T09:46:37","date_gmt":"2021-06-05T09:46:37","guid":{"rendered":"https:\/\/www.shqiperia.com\/blog\/?p=47611"},"modified":"2021-06-05T09:46:37","modified_gmt":"2021-06-05T09:46:37","slug":"shkarkimi-i-kryebashkiakut-te-vaut-te-dejes-kushtetuesja-rrezon-ramen","status":"publish","type":"post","link":"https:\/\/www.shqiperia.com\/blog\/shkarkimi-i-kryebashkiakut-te-vaut-te-dejes-kushtetuesja-rrezon-ramen\/","title":{"rendered":"Shkarkimi i kryebashkiakut t\u00eb Vaut t\u00eb Dej\u00ebs, Kushtetuesja rr\u00ebzon Ram\u00ebn"},"content":{"rendered":"<p><img data-recalc-dims=\"1\" loading=\"lazy\" decoding=\"async\" data-attachment-id=\"47612\" data-permalink=\"https:\/\/www.shqiperia.com\/blog\/shkarkimi-i-kryebashkiakut-te-vaut-te-dejes-kushtetuesja-rrezon-ramen\/edi-rama-zef-hila\/\" data-orig-file=\"https:\/\/i0.wp.com\/www.shqiperia.com\/blog\/wp-content\/uploads\/2021\/06\/Edi-Rama-Zef-Hila.png?fit=828%2C467&amp;ssl=1\" data-orig-size=\"828,467\" data-comments-opened=\"1\" data-image-meta=\"{&quot;aperture&quot;:&quot;0&quot;,&quot;credit&quot;:&quot;&quot;,&quot;camera&quot;:&quot;&quot;,&quot;caption&quot;:&quot;&quot;,&quot;created_timestamp&quot;:&quot;0&quot;,&quot;copyright&quot;:&quot;&quot;,&quot;focal_length&quot;:&quot;0&quot;,&quot;iso&quot;:&quot;0&quot;,&quot;shutter_speed&quot;:&quot;0&quot;,&quot;title&quot;:&quot;&quot;,&quot;orientation&quot;:&quot;0&quot;}\" data-image-title=\"Edi-Rama-Zef-Hila\" data-image-description=\"\" data-image-caption=\"\" data-medium-file=\"https:\/\/i0.wp.com\/www.shqiperia.com\/blog\/wp-content\/uploads\/2021\/06\/Edi-Rama-Zef-Hila.png?fit=300%2C169&amp;ssl=1\" data-large-file=\"https:\/\/i0.wp.com\/www.shqiperia.com\/blog\/wp-content\/uploads\/2021\/06\/Edi-Rama-Zef-Hila.png?fit=828%2C467&amp;ssl=1\" class=\"alignnone  wp-image-47612\" alt=\"\" src=\"https:\/\/i0.wp.com\/www.shqiperia.com\/blog\/wp-content\/uploads\/2021\/06\/Edi-Rama-Zef-Hila.png?resize=490%2C276&#038;ssl=1\" width=\"490\" height=\"276\" srcset=\"https:\/\/i0.wp.com\/www.shqiperia.com\/blog\/wp-content\/uploads\/2021\/06\/Edi-Rama-Zef-Hila.png?resize=300%2C169&amp;ssl=1 300w, https:\/\/i0.wp.com\/www.shqiperia.com\/blog\/wp-content\/uploads\/2021\/06\/Edi-Rama-Zef-Hila.png?resize=768%2C433&amp;ssl=1 768w, https:\/\/i0.wp.com\/www.shqiperia.com\/blog\/wp-content\/uploads\/2021\/06\/Edi-Rama-Zef-Hila.png?resize=450%2C254&amp;ssl=1 450w, https:\/\/i0.wp.com\/www.shqiperia.com\/blog\/wp-content\/uploads\/2021\/06\/Edi-Rama-Zef-Hila.png?resize=600%2C338&amp;ssl=1 600w, https:\/\/i0.wp.com\/www.shqiperia.com\/blog\/wp-content\/uploads\/2021\/06\/Edi-Rama-Zef-Hila.png?resize=400%2C226&amp;ssl=1 400w, https:\/\/i0.wp.com\/www.shqiperia.com\/blog\/wp-content\/uploads\/2021\/06\/Edi-Rama-Zef-Hila.png?w=828&amp;ssl=1 828w\" sizes=\"auto, (max-width: 490px) 100vw, 490px\" \/><\/p>\n<p>Shkarkimi i kryebashkiakut t\u00eb Vaut t\u00eb Dej\u00ebs, Kushtetuesja rr\u00ebzon Ram\u00ebn<\/p>\n<p>&#8211; 05\/06\/21<\/p>\n<p>Nga: <a href=\"https:\/\/gazetamapo.al\/shkarkimi-i-kryebashkiakut-te-vaut-te-dejes-kushtetuesja-rrezon-ramen\/\"><strong>mapo.al<\/strong><\/a><\/p>\n<p>Gjykata Kushtetuese ka rr\u00ebzuar dhe shfuqizuar vendimin e Qeveris\u00eb p\u00ebr shkarkimin e kryetarit t\u00eb Bashkis\u00eb s\u00eb Vaut t\u00eb Dej\u00ebs, Zef Hila.\u00a0Sipas vendimit t\u00eb Kushtetueses,\u00a0<em>\u201c\u00ebsht\u00eb shkelur e drejta e Zef Hil\u00ebs p\u00ebr t\u2019u njoftuar dhe p\u00ebr t\u2019u d\u00ebgjuar<\/em>\u201d.<\/p>\n<p>N\u00eb vitin 2019, Zef Hila u shkarkua nga detyra e kryebashkiakut pas djegies s\u00eb KZAZ-s\u00eb n\u00eb Bushat, pak dit\u00eb p\u00ebrpara mbajtjes s\u00eb zgjedhjeve vendore, pa opozit\u00ebn. Ky vendim i qeveris\u00eb u konsiderua si hakmarrje nga kryetari i PD-s\u00eb Lulzim Basha. N\u00eb vendin e tij u em\u00ebrua Mark Babani i Partis\u00eb Socialiste.<\/p>\n<p>Asokohe, Zef Hila u paraqit dhe n\u00eb Polici duke shprehur se nuk ka pasur dijeni p\u00ebr \u00e7far\u00eb do t\u00eb ndodhte n\u00eb KZAZ-n\u00eb e Vaut t\u00eb Dej\u00ebs.\u00a0\u201c<em>Dija vet\u00ebm q\u00eb do t\u00eb b\u00ebhet protest\u00eb paq\u00ebsore. Nuk kam dijeni p\u00ebr asgj\u00eb tjet\u00ebr\u201d<\/em>, pati deklaruar Hila.<\/p>\n<p><strong>Si u shkarkua Zef Hila<br \/>\n<\/strong>Ishte ministri i Brendsh\u00ebm i at\u00ebhersh\u00ebm, Sand\u00ebr Lleshaj q\u00eb k\u00ebrkoi shkarkimin e kryetarit t\u00eb Bashkis\u00eb s\u00eb Vaut t\u00eb Dej\u00ebs, Zef Hila, t\u00eb cilin ai e ngarkoi me p\u00ebrgjegj\u00ebsin\u00eb e djegjes s\u00eb shkoll\u00ebs \u201cNdre Mjeda\u201d n\u00eb fshatin Bushat, ambientet e s\u00eb cil\u00ebs po p\u00ebrdoreshin nga KZAZ-ja nr. 6 p\u00ebr zgjedhjet e 30 qershorit.<\/p>\n<p>Sipas Lleshajt, personat q\u00eb kryen sulmin ishin punonj\u00ebs t\u00eb Bashkis\u00eb s\u00eb Vaut t\u00eb Dej\u00ebs.\u00a0Pak pas k\u00ebrkes\u00ebs s\u00eb tij, kryeministri Edi Rama b\u00ebri publik n\u00eb Twitter se e kishte firmosur shkarkimin.<\/p>\n<p>Hila u shpall u shpall i pafajsh\u00ebm nga Gjykata e Shkodr\u00ebs p\u00ebr vepr\u00ebn penale t\u00eb shp\u00ebrdorimit t\u00eb detyr\u00ebs.<\/p>\n<p><strong>\u00c7far\u00eb ndodh tani?<\/strong><br \/>\nMe shfuqizimin e vendimit t\u00eb shkarkimit, Zef Hila mund t\u00eb vendos\u00eb t\u00eb l\u00ebr\u00eb mandatin e deputetit dhe t\u00eb vazhdoj\u00eb si kryebashkiak i Vaut t\u00eb Dej\u00ebs. Vendi i tij mund t\u00eb plot\u00ebsohet nga deputeti Bardh Spahia, i cili renditet i pari nga lista jofituese e PD-s\u00eb n\u00eb Shkod\u00ebr.<\/p>\n<p>Gjithashtu, Hila mund t\u00eb vendos\u00eb t\u00eb dor\u00ebhiqet nga posti i kryebashkiakut dhe t\u00eb vazhdoj\u00eb si deputet i PD-s\u00eb.<\/p>\n","protected":false},"excerpt":{"rendered":"<p>Shkarkimi i kryebashkiakut t\u00eb Vaut t\u00eb Dej\u00ebs, Kushtetuesja rr\u00ebzon Ram\u00ebn &#8211; 05\/06\/21 Nga: mapo.al Gjykata Kushtetuese ka rr\u00ebzuar dhe shfuqizuar vendimin e Qeveris\u00eb p\u00ebr shkarkimin e kryetarit t\u00eb Bashkis\u00eb s\u00eb Vaut t\u00eb Dej\u00ebs, Zef Hila.\u00a0Sipas vendimit t\u00eb Kushtetueses,\u00a0\u201c\u00ebsht\u00eb shkelur e drejta e Zef Hil\u00ebs p\u00ebr t\u2019u njoftuar dhe p\u00ebr t\u2019u d\u00ebgjuar\u201d. N\u00eb vitin 2019, Zef [&hellip;]<\/p>\n","protected":false},"author":9,"featured_media":47612,"comment_status":"open","ping_status":"open","sticky":false,"template":"","format":"standard","meta":{"jetpack_post_was_ever_published":false,"_jetpack_newsletter_access":"","_jetpack_dont_email_post_to_subs":false,"_jetpack_newsletter_tier_id":0,"_jetpack_memberships_contains_paywalled_content":false,"_jetpack_memberships_contains_paid_content":false,"footnotes":"","jetpack_publicize_message":"","jetpack_publicize_feature_enabled":true,"jetpack_social_post_already_shared":true,"jetpack_social_options":{"image_generator_settings":{"template":"highway","default_image_id":0,"font":"","enabled":false},"version":2}},"categories":[27,2],"tags":[],"class_list":["post-47611","post","type-post","status-publish","format-standard","has-post-thumbnail","hentry","category-blogu-i-udhetarit","category-politika"],"jetpack_publicize_connections":[],"jetpack_featured_media_url":"https:\/\/i0.wp.com\/www.shqiperia.com\/blog\/wp-content\/uploads\/2021\/06\/Edi-Rama-Zef-Hila.png?fit=828%2C467&ssl=1","jetpack_sharing_enabled":true,"jetpack_shortlink":"https:\/\/wp.me\/p5Z6wp-cnV","jetpack-related-posts":[{"id":22492,"url":"https:\/\/www.shqiperia.com\/blog\/shkarkimi-i-zef-hiles-basha-edi-rama-plan-per-viktima-ne-shqiperi\/","url_meta":{"origin":47611,"position":0},"title":"Shkarkimi i Zef Hil\u00ebs, Basha: &#8211; Edi Rama, plan p\u00ebr viktima n\u00eb Shqip\u00ebri. &#8211;","author":"Kurt Farka","date":"June 29, 2019","format":false,"excerpt":"Shkarkimi i Zef Hil\u00ebs, Basha: - Edi Rama, plan p\u00ebr viktima n\u00eb Shqip\u00ebri. - 28\/06\/19 Nga\u00a0 mapo.al Kreu i Partis\u00eb Demorkatike Lulzim Basha, ka dal\u00eb n\u00eb nj\u00eb konferenc\u00eb urgjente menj\u00ebher\u00eb pas shkarkimit t\u00eb kryebashkiakut t\u00eb Vaut t\u00eb Dej\u00ebs, Zef Hila. Basha tha se ajo q\u00eb ndodhi n\u00eb Vaun e Dej\u00ebs\u2026","rel":"","context":"In &quot;Blogu i Udh\u00ebtarit&quot;","block_context":{"text":"Blogu i Udh\u00ebtarit","link":"https:\/\/www.shqiperia.com\/blog\/category\/blogu-i-udhetarit\/"},"img":{"alt_text":"","src":"https:\/\/i0.wp.com\/www.shqiperia.com\/blog\/wp-content\/uploads\/2019\/06\/Zef-Hila-Kryetari-i-Vadejsit.jpg?fit=1024%2C576&ssl=1&resize=350%2C200","width":350,"height":200,"srcset":"https:\/\/i0.wp.com\/www.shqiperia.com\/blog\/wp-content\/uploads\/2019\/06\/Zef-Hila-Kryetari-i-Vadejsit.jpg?fit=1024%2C576&ssl=1&resize=350%2C200 1x, https:\/\/i0.wp.com\/www.shqiperia.com\/blog\/wp-content\/uploads\/2019\/06\/Zef-Hila-Kryetari-i-Vadejsit.jpg?fit=1024%2C576&ssl=1&resize=525%2C300 1.5x, https:\/\/i0.wp.com\/www.shqiperia.com\/blog\/wp-content\/uploads\/2019\/06\/Zef-Hila-Kryetari-i-Vadejsit.jpg?fit=1024%2C576&ssl=1&resize=700%2C400 2x"},"classes":[]},{"id":65176,"url":"https:\/\/www.shqiperia.com\/blog\/zef-hila-drejt-lenies-se-mandatit-pas-fitores-ne-primare-ja-kush-mund-te-jete-ne-vendin-e-deputetit-ne-shkoder-ludovik-hasani\/","url_meta":{"origin":47611,"position":1},"title":"Zef Hila drejt l\u00ebnies s\u00eb mandatit pas fitores n\u00eb \u201cPrimare\u201d &#8211; Ja kush mund te jete ne vendin e deputetit n\u00eb Shkod\u00ebr: Ludovik Hasani.","author":"Kurt Farka","date":"December 5, 2022","format":false,"excerpt":"5 Dhjetor 2022 Zef Hila ka dale fitues n\u00eb Primaret e organizuara nga Partia Demokratike sot n\u00eb Vaun e Dej\u00ebs, \u00e7ka do t\u00eb thot\u00eb se edhe lista e deputet\u00ebve t\u00eb PD-s\u00eb n\u00eb qarkun e Shkodr\u00ebs do t\u00eb p\u00ebsoj\u00eb ndryshime.\u00a0 Sipas shifrave zyrtare t\u00eb Komisionit Qendror t\u00eb Zgjedhjeve, Zef Hila ishte\u2026","rel":"","context":"In &quot;Blogu i Udh\u00ebtarit&quot;","block_context":{"text":"Blogu i Udh\u00ebtarit","link":"https:\/\/www.shqiperia.com\/blog\/category\/blogu-i-udhetarit\/"},"img":{"alt_text":"","src":"https:\/\/i0.wp.com\/www.shqiperia.com\/blog\/wp-content\/uploads\/2022\/12\/lodovik-hasani.jpg?fit=1200%2C631&ssl=1&resize=350%2C200","width":350,"height":200,"srcset":"https:\/\/i0.wp.com\/www.shqiperia.com\/blog\/wp-content\/uploads\/2022\/12\/lodovik-hasani.jpg?fit=1200%2C631&ssl=1&resize=350%2C200 1x, https:\/\/i0.wp.com\/www.shqiperia.com\/blog\/wp-content\/uploads\/2022\/12\/lodovik-hasani.jpg?fit=1200%2C631&ssl=1&resize=525%2C300 1.5x, https:\/\/i0.wp.com\/www.shqiperia.com\/blog\/wp-content\/uploads\/2022\/12\/lodovik-hasani.jpg?fit=1200%2C631&ssl=1&resize=700%2C400 2x, https:\/\/i0.wp.com\/www.shqiperia.com\/blog\/wp-content\/uploads\/2022\/12\/lodovik-hasani.jpg?fit=1200%2C631&ssl=1&resize=1050%2C600 3x"},"classes":[]},{"id":71003,"url":"https:\/\/www.shqiperia.com\/blog\/tjeter-percarje-pd-ja-e-alibeajt-merr-goditjen-qe-nuk-e-priste\/","url_meta":{"origin":47611,"position":2},"title":"Tjet\u00ebr p\u00ebr\u00e7arje. &#8211; PD-ja e Alibeajt merr goditjen q\u00eb nuk e priste","author":"Kurt Farka","date":"April 22, 2023","format":false,"excerpt":"22 Prill 2023 L\u00ebmshi vazhdon. Partia Demokratike e Vules p\u00ebson nj\u00eb tjet\u00ebr \u00e7arje. Prej disa dit\u00ebsh n\u00eb hije, sekretari i p\u00ebrgjithsh\u00ebm i PD-s\u00eb, Gazment Bardhi u shfaq sot. N\u00eb nj\u00eb postim n\u00eb Facebook, deputeti demokrat njoftoi se ishte n\u00eb Vaun e Dej\u00ebs n\u00eb krah t\u00eb kandidatit t\u00eb Sali Berish\u00ebs dhe\u2026","rel":"","context":"In &quot;Blogu i Udh\u00ebtarit&quot;","block_context":{"text":"Blogu i Udh\u00ebtarit","link":"https:\/\/www.shqiperia.com\/blog\/category\/blogu-i-udhetarit\/"},"img":{"alt_text":"","src":"https:\/\/i0.wp.com\/www.shqiperia.com\/blog\/wp-content\/uploads\/2023\/04\/342793511_611461711005505_8941509010036641669_n.jpg?fit=1200%2C800&ssl=1&resize=350%2C200","width":350,"height":200,"srcset":"https:\/\/i0.wp.com\/www.shqiperia.com\/blog\/wp-content\/uploads\/2023\/04\/342793511_611461711005505_8941509010036641669_n.jpg?fit=1200%2C800&ssl=1&resize=350%2C200 1x, https:\/\/i0.wp.com\/www.shqiperia.com\/blog\/wp-content\/uploads\/2023\/04\/342793511_611461711005505_8941509010036641669_n.jpg?fit=1200%2C800&ssl=1&resize=525%2C300 1.5x, https:\/\/i0.wp.com\/www.shqiperia.com\/blog\/wp-content\/uploads\/2023\/04\/342793511_611461711005505_8941509010036641669_n.jpg?fit=1200%2C800&ssl=1&resize=700%2C400 2x, https:\/\/i0.wp.com\/www.shqiperia.com\/blog\/wp-content\/uploads\/2023\/04\/342793511_611461711005505_8941509010036641669_n.jpg?fit=1200%2C800&ssl=1&resize=1050%2C600 3x"},"classes":[]},{"id":22445,"url":"https:\/\/www.shqiperia.com\/blog\/bardhi-akuza-kryeministrit-rama-ka-nje-skenar-te-rrezikshem-dhune-per-te-dielen-qe-kerkon-tia-faturoje-pd\/","url_meta":{"origin":47611,"position":3},"title":"Bardhi akuza kryeministrit: &#8211; Rama ka nj\u00eb skenar t\u00eb rreziksh\u00ebm dhune p\u00ebr t\u00eb diel\u00ebn, q\u00eb k\u00ebrkon t\u2019ia faturoj\u00eb PD","author":"Kurt Farka","date":"June 28, 2019","format":false,"excerpt":"Bardhi akuza kryeministrit: - Rama ka nj\u00eb skenar t\u00eb rreziksh\u00ebm dhune p\u00ebr t\u00eb diel\u00ebn, q\u00eb k\u00ebrkon t\u2019ia faturoj\u00eb PD \u00a028 qershor2019 Sekretari i P\u00ebrgjithsh\u00ebm i PD-s\u00eb, Gazment Bardhi, ka theksuar edhe nj\u00eb her\u00eb se asnj\u00eb militant i PD, sipas tij, nuk ka lidhje me sulmin n\u00eb KZAZ n\u00eb Bushat. N\u00eb\u2026","rel":"","context":"In &quot;Blogu i Udh\u00ebtarit&quot;","block_context":{"text":"Blogu i Udh\u00ebtarit","link":"https:\/\/www.shqiperia.com\/blog\/category\/blogu-i-udhetarit\/"},"img":{"alt_text":"","src":"https:\/\/i0.wp.com\/www.shqiperia.com\/blog\/wp-content\/uploads\/2019\/06\/gaz-bardhi1.jpg?fit=1106%2C592&ssl=1&resize=350%2C200","width":350,"height":200,"srcset":"https:\/\/i0.wp.com\/www.shqiperia.com\/blog\/wp-content\/uploads\/2019\/06\/gaz-bardhi1.jpg?fit=1106%2C592&ssl=1&resize=350%2C200 1x, https:\/\/i0.wp.com\/www.shqiperia.com\/blog\/wp-content\/uploads\/2019\/06\/gaz-bardhi1.jpg?fit=1106%2C592&ssl=1&resize=525%2C300 1.5x, https:\/\/i0.wp.com\/www.shqiperia.com\/blog\/wp-content\/uploads\/2019\/06\/gaz-bardhi1.jpg?fit=1106%2C592&ssl=1&resize=700%2C400 2x, https:\/\/i0.wp.com\/www.shqiperia.com\/blog\/wp-content\/uploads\/2019\/06\/gaz-bardhi1.jpg?fit=1106%2C592&ssl=1&resize=1050%2C600 3x"},"classes":[]},{"id":44594,"url":"https:\/\/www.shqiperia.com\/blog\/cmimi-at-zef-pllumi-vleresohen-frano-kulli-e-bashkim-shehu\/","url_meta":{"origin":47611,"position":4},"title":"\u00c7mimi \u201cAt Zef Pllumi\u201d, vler\u00ebsohen Frano Kulli e Bashkim Shehu","author":"Kurt Farka","date":"February 24, 2021","format":false,"excerpt":"\u00c7mimi \u201cAt Zef Pllumi\u201d, vler\u00ebsohen Frano Kulli e Bashkim Shehu 22 SHKURT 2021 Konkursi mbar\u00ebkomb\u00ebtar \"At Zef Pllumi\" n\u00eb publicistik\u00eb e memuaristik\u00eb shpalli edhe k\u00ebt\u00eb vit fituesit. Ky konkurs q\u00eb u zhvillua k\u00ebto dit\u00eb n\u00eb Lezh\u00eb, ka nisur p\u00ebr her\u00eb t\u00eb par\u00eb n\u00eb vitin 2012, n\u00eb Sh\u00ebngjin,vendlindjen e fran\u00e7eskanit,shkrimtari i\u2026","rel":"","context":"In &quot;Arte&quot;","block_context":{"text":"Arte","link":"https:\/\/www.shqiperia.com\/blog\/category\/arte\/"},"img":{"alt_text":"","src":"https:\/\/i0.wp.com\/www.shqiperia.com\/blog\/wp-content\/uploads\/2021\/02\/Frano-Kulli.jpg?fit=679%2C351&ssl=1&resize=350%2C200","width":350,"height":200,"srcset":"https:\/\/i0.wp.com\/www.shqiperia.com\/blog\/wp-content\/uploads\/2021\/02\/Frano-Kulli.jpg?fit=679%2C351&ssl=1&resize=350%2C200 1x, https:\/\/i0.wp.com\/www.shqiperia.com\/blog\/wp-content\/uploads\/2021\/02\/Frano-Kulli.jpg?fit=679%2C351&ssl=1&resize=525%2C300 1.5x"},"classes":[]},{"id":44561,"url":"https:\/\/www.shqiperia.com\/blog\/debati-bushati-vaksina-nuk-ka-rama-ben-propagande-dritan-hila-e-ben-per-te-mbajtur-popullin-me-gajret\/","url_meta":{"origin":47611,"position":5},"title":"Debati\/ Bushati: -Vaksina nuk ka, Rama b\u00ebn propagand\u00eb. Dritan Hila: &#8211; E b\u00ebn p\u00ebr t\u00eb mbajtur popullin me gajret\u2026","author":"Kurt Farka","date":"February 22, 2021","format":false,"excerpt":"Debati\/ Bushati: -Vaksina nuk ka, Rama b\u00ebn propagand\u00eb. Dritan Hila: - E b\u00ebn p\u00ebr t\u00eb mbajtur popullin me gajret\u2026 22 Shkurt, 2021 N\u00eb emisionin \u201cOpen\u201d ka patur nj\u00eb debat mes analist\u00ebve Andi Bushati dhe Dritan Hila, lidhur me vaksinimin e personaliteteve n\u00eb Shqip\u00ebri, nj\u00eb nism\u00eb e kryeministrit Edi Rama, p\u00ebr\u2026","rel":"","context":"In &quot;Blogu i Udh\u00ebtarit&quot;","block_context":{"text":"Blogu i Udh\u00ebtarit","link":"https:\/\/www.shqiperia.com\/blog\/category\/blogu-i-udhetarit\/"},"img":{"alt_text":"","src":"https:\/\/i0.wp.com\/www.shqiperia.com\/blog\/wp-content\/uploads\/2021\/02\/bushati-hila-tpz.al_.jpg?fit=1200%2C687&ssl=1&resize=350%2C200","width":350,"height":200,"srcset":"https:\/\/i0.wp.com\/www.shqiperia.com\/blog\/wp-content\/uploads\/2021\/02\/bushati-hila-tpz.al_.jpg?fit=1200%2C687&ssl=1&resize=350%2C200 1x, https:\/\/i0.wp.com\/www.shqiperia.com\/blog\/wp-content\/uploads\/2021\/02\/bushati-hila-tpz.al_.jpg?fit=1200%2C687&ssl=1&resize=525%2C300 1.5x, https:\/\/i0.wp.com\/www.shqiperia.com\/blog\/wp-content\/uploads\/2021\/02\/bushati-hila-tpz.al_.jpg?fit=1200%2C687&ssl=1&resize=700%2C400 2x, https:\/\/i0.wp.com\/www.shqiperia.com\/blog\/wp-content\/uploads\/2021\/02\/bushati-hila-tpz.al_.jpg?fit=1200%2C687&ssl=1&resize=1050%2C600 3x"},"classes":[]}],"_links":{"self":[{"href":"https:\/\/www.shqiperia.com\/blog\/wp-json\/wp\/v2\/posts\/47611","targetHints":{"allow":["GET"]}}],"collection":[{"href":"https:\/\/www.shqiperia.com\/blog\/wp-json\/wp\/v2\/posts"}],"about":[{"href":"https:\/\/www.shqiperia.com\/blog\/wp-json\/wp\/v2\/types\/post"}],"author":[{"embeddable":true,"href":"https:\/\/www.shqiperia.com\/blog\/wp-json\/wp\/v2\/users\/9"}],"replies":[{"embeddable":true,"href":"https:\/\/www.shqiperia.com\/blog\/wp-json\/wp\/v2\/comments?post=47611"}],"version-history":[{"count":1,"href":"https:\/\/www.shqiperia.com\/blog\/wp-json\/wp\/v2\/posts\/47611\/revisions"}],"predecessor-version":[{"id":47613,"href":"https:\/\/www.shqiperia.com\/blog\/wp-json\/wp\/v2\/posts\/47611\/revisions\/47613"}],"wp:featuredmedia":[{"embeddable":true,"href":"https:\/\/www.shqiperia.com\/blog\/wp-json\/wp\/v2\/media\/47612"}],"wp:attachment":[{"href":"https:\/\/www.shqiperia.com\/blog\/wp-json\/wp\/v2\/media?parent=47611"}],"wp:term":[{"taxonomy":"category","embeddable":true,"href":"https:\/\/www.shqiperia.com\/blog\/wp-json\/wp\/v2\/categories?post=47611"},{"taxonomy":"post_tag","embeddable":true,"href":"https:\/\/www.shqiperia.com\/blog\/wp-json\/wp\/v2\/tags?post=47611"}],"curies":[{"name":"wp","href":"https:\/\/api.w.org\/{rel}","templated":true}]}}