{"id":47608,"date":"2021-06-05T09:27:40","date_gmt":"2021-06-05T09:27:40","guid":{"rendered":"https:\/\/www.shqiperia.com\/blog\/?p=47608"},"modified":"2021-06-05T09:27:40","modified_gmt":"2021-06-05T09:27:40","slug":"shqetesohet-analisti-i-njohur-flet-per-levizjen-surprize-te-yuri-kim-ne-shqiperi-kjo-gje-eshte-rreptesisht-e-ndaluar","status":"publish","type":"post","link":"https:\/\/www.shqiperia.com\/blog\/shqetesohet-analisti-i-njohur-flet-per-levizjen-surprize-te-yuri-kim-ne-shqiperi-kjo-gje-eshte-rreptesisht-e-ndaluar\/","title":{"rendered":"Shqet\u00ebsohet analisti i njohur. &#8211; Flet p\u00ebr l\u00ebvizjen surpriz\u00eb t\u00eb Yuri Kim n\u00eb Shqip\u00ebri: Kjo gj\u00eb \u00ebsht\u00eb rrept\u00ebsisht e ndaluar"},"content":{"rendered":"<p><img data-recalc-dims=\"1\" loading=\"lazy\" decoding=\"async\" data-attachment-id=\"47609\" data-permalink=\"https:\/\/www.shqiperia.com\/blog\/shqetesohet-analisti-i-njohur-flet-per-levizjen-surprize-te-yuri-kim-ne-shqiperi-kjo-gje-eshte-rreptesisht-e-ndaluar\/800-0-60b9ef046a2db\/\" data-orig-file=\"https:\/\/i0.wp.com\/www.shqiperia.com\/blog\/wp-content\/uploads\/2021\/06\/800-0-60b9ef046a2db.jpg?fit=800%2C438&amp;ssl=1\" data-orig-size=\"800,438\" data-comments-opened=\"1\" data-image-meta=\"{&quot;aperture&quot;:&quot;0&quot;,&quot;credit&quot;:&quot;&quot;,&quot;camera&quot;:&quot;&quot;,&quot;caption&quot;:&quot;&quot;,&quot;created_timestamp&quot;:&quot;0&quot;,&quot;copyright&quot;:&quot;&quot;,&quot;focal_length&quot;:&quot;0&quot;,&quot;iso&quot;:&quot;0&quot;,&quot;shutter_speed&quot;:&quot;0&quot;,&quot;title&quot;:&quot;&quot;,&quot;orientation&quot;:&quot;0&quot;}\" data-image-title=\"-800-0-60b9ef046a2db\" data-image-description=\"\" data-image-caption=\"\" data-medium-file=\"https:\/\/i0.wp.com\/www.shqiperia.com\/blog\/wp-content\/uploads\/2021\/06\/800-0-60b9ef046a2db.jpg?fit=300%2C164&amp;ssl=1\" data-large-file=\"https:\/\/i0.wp.com\/www.shqiperia.com\/blog\/wp-content\/uploads\/2021\/06\/800-0-60b9ef046a2db.jpg?fit=800%2C438&amp;ssl=1\" class=\"alignnone  wp-image-47609\" alt=\"\" src=\"https:\/\/i0.wp.com\/www.shqiperia.com\/blog\/wp-content\/uploads\/2021\/06\/800-0-60b9ef046a2db.jpg?resize=435%2C238&#038;ssl=1\" width=\"435\" height=\"238\" srcset=\"https:\/\/i0.wp.com\/www.shqiperia.com\/blog\/wp-content\/uploads\/2021\/06\/800-0-60b9ef046a2db.jpg?resize=300%2C164&amp;ssl=1 300w, https:\/\/i0.wp.com\/www.shqiperia.com\/blog\/wp-content\/uploads\/2021\/06\/800-0-60b9ef046a2db.jpg?resize=768%2C420&amp;ssl=1 768w, https:\/\/i0.wp.com\/www.shqiperia.com\/blog\/wp-content\/uploads\/2021\/06\/800-0-60b9ef046a2db.jpg?resize=450%2C246&amp;ssl=1 450w, https:\/\/i0.wp.com\/www.shqiperia.com\/blog\/wp-content\/uploads\/2021\/06\/800-0-60b9ef046a2db.jpg?resize=600%2C329&amp;ssl=1 600w, https:\/\/i0.wp.com\/www.shqiperia.com\/blog\/wp-content\/uploads\/2021\/06\/800-0-60b9ef046a2db.jpg?resize=400%2C219&amp;ssl=1 400w, https:\/\/i0.wp.com\/www.shqiperia.com\/blog\/wp-content\/uploads\/2021\/06\/800-0-60b9ef046a2db.jpg?w=800&amp;ssl=1 800w\" sizes=\"auto, (max-width: 435px) 100vw, 435px\" \/><\/p>\n<p>Shqet\u00ebsohet analisti i njohur. &#8211; Flet p\u00ebr l\u00ebvizjen surpriz\u00eb t\u00eb Yuri Kim n\u00eb Shqip\u00ebri: Kjo gj\u00eb \u00ebsht\u00eb rrept\u00ebsisht e ndaluar<\/p>\n<p>4 QERSHOR 2021<\/p>\n<p>Gazetari dhe analisti, Genc Burimi, ka komentuar zhvillimet e fundit politike.<\/p>\n<p>Ai ka folur p\u00ebr deklaratat e presidentit n\u00eb lidhje me ambasadoren amerikane, analisti tha: \u201cKu \u00ebsht\u00eb par\u00eb e shkruar n\u00eb nj\u00eb demokraci q\u00eb nj\u00eb president duhet t\u00eb ket\u00eb komente pozitive p\u00ebr nj\u00eb shtet apo njeri. A do t\u00eb shkarkohej Meta n\u00ebse do thoshte: \u201cRroft\u00eb Kina\u201d. Un\u00eb jam m\u00eb i shqet\u00ebsuar kur Yuri Kim shkon e viziton SPAK, ku n\u00eb SHBA \u00ebsht\u00eb rrept\u00ebsisht e ndaluar q\u00eb t\u00eb nd\u00ebrhyhet n\u00eb drejt\u00ebsi. E ku vendi i saj ka shpallur non grata nj\u00eb ish-president. Jemi n\u00eb nj\u00eb demokraci, nuk mund t\u00eb ket\u00eb krim mendor.<\/p>\n<p>I pyetur n\u00ebse SHBA \u00ebsht\u00eb e p\u00ebrfshir\u00eb m\u00eb shum\u00eb n\u00eb k\u00ebt\u00eb tentativ\u00eb t\u00eb dyt\u00eb nga PS, p\u00ebr t\u00eb shkarkuar Met\u00ebn, Burimi tha se \u201cjan\u00eb t\u00eb pranish\u00ebm n\u00eb \u00e7do hap juridik e politik q\u00eb ndodh n\u00eb Shqip\u00ebri\u201d.<\/p>\n<p>\u201c\u00c7far\u00eb pune ka nj\u00eb ambasador i huaj q\u00eb t\u00eb shkoj n\u00eb SPAK. Ata duan nj\u00eb vend q\u00eb nuk ka rr\u00ebmuj\u00eb, por nuk duhet t\u00eb b\u00ebhet n\u00eb d\u00ebm t\u00eb brendsh\u00ebm t\u00eb Shqip\u00ebris\u00eb. Duam nj\u00eb vend m\u00eb pak demokratik se u intereson interesave t\u00eb aleat\u00ebve? Un\u00eb si Burim dua nj\u00eb demokraci t\u00eb plot\u00eb, deri n\u00eb fund. Aleanca vjen mbrapa. Pse nuk ka Afrika demokraci? \u00cbsht\u00eb nj\u00eb vend i pasur me minerale dhe \u00ebsht\u00eb per\u00ebndimi q\u00eb b\u00ebn sipas interesave. Nuk dua q\u00eb Shqip\u00ebria t\u00eb b\u00ebhet nj\u00eb Afrik\u00eb e dyt\u00eb\u201d, tha gazetari i njohur p\u00ebr \u2018Breaking\u2019.<\/p>\n<p>Gzeta Sot<\/p>\n","protected":false},"excerpt":{"rendered":"<p>Shqet\u00ebsohet analisti i njohur. &#8211; Flet p\u00ebr l\u00ebvizjen surpriz\u00eb t\u00eb Yuri Kim n\u00eb Shqip\u00ebri: Kjo gj\u00eb \u00ebsht\u00eb rrept\u00ebsisht e ndaluar 4 QERSHOR 2021 Gazetari dhe analisti, Genc Burimi, ka komentuar zhvillimet e fundit politike. Ai ka folur p\u00ebr deklaratat e presidentit n\u00eb lidhje me ambasadoren amerikane, analisti tha: \u201cKu \u00ebsht\u00eb par\u00eb e shkruar n\u00eb nj\u00eb [&hellip;]<\/p>\n","protected":false},"author":9,"featured_media":47609,"comment_status":"open","ping_status":"open","sticky":false,"template":"","format":"standard","meta":{"jetpack_post_was_ever_published":false,"_jetpack_newsletter_access":"","_jetpack_dont_email_post_to_subs":false,"_jetpack_newsletter_tier_id":0,"_jetpack_memberships_contains_paywalled_content":false,"_jetpack_memberships_contains_paid_content":false,"footnotes":"","jetpack_publicize_message":"","jetpack_publicize_feature_enabled":true,"jetpack_social_post_already_shared":true,"jetpack_social_options":{"image_generator_settings":{"template":"highway","default_image_id":0,"font":"","enabled":false},"version":2}},"categories":[27,2],"tags":[],"class_list":["post-47608","post","type-post","status-publish","format-standard","has-post-thumbnail","hentry","category-blogu-i-udhetarit","category-politika"],"jetpack_publicize_connections":[],"jetpack_featured_media_url":"https:\/\/i0.wp.com\/www.shqiperia.com\/blog\/wp-content\/uploads\/2021\/06\/800-0-60b9ef046a2db.jpg?fit=800%2C438&ssl=1","jetpack_sharing_enabled":true,"jetpack_shortlink":"https:\/\/wp.me\/p5Z6wp-cnS","jetpack-related-posts":[{"id":37071,"url":"https:\/\/www.shqiperia.com\/blog\/yuri-kim-e-ka-gabim-analisti-i-njohur-sulmon-ambasadoren-amerikane\/","url_meta":{"origin":47608,"position":0},"title":"\u2018Yuri Kim e ka gabim\u2019, analisti i njohur sulmon ambasadoren amerikane","author":"Kurt Farka","date":"August 10, 2020","format":false,"excerpt":"\u2018Yuri Kim e ka gabim\u2019, analisti i njohur sulmon ambasadoren amerikane 10 GUSHT 2020 Analisti Fatos Lubonja i konsideron veprimet e Prokuroris\u00eb Speciale si selektive, duke theksuar se nj\u00eb pjes\u00eb t\u00eb kriminel\u00ebve dhe trafikant\u00ebve q\u00eb jan\u00eb pran\u00eb qeveris\u00eb nuk preken. I ftuar n\u00eb \u201cNe\u00ebs 24\u201d, Lubonja komenton edhe deklaratat e\u2026","rel":"","context":"In &quot;Blogu i Udh\u00ebtarit&quot;","block_context":{"text":"Blogu i Udh\u00ebtarit","link":"https:\/\/www.shqiperia.com\/blog\/category\/blogu-i-udhetarit\/"},"img":{"alt_text":"","src":"https:\/\/i0.wp.com\/www.shqiperia.com\/blog\/wp-content\/uploads\/2020\/08\/640-0-5f3180128e72f.jpg?fit=640%2C381&ssl=1&resize=350%2C200","width":350,"height":200,"srcset":"https:\/\/i0.wp.com\/www.shqiperia.com\/blog\/wp-content\/uploads\/2020\/08\/640-0-5f3180128e72f.jpg?fit=640%2C381&ssl=1&resize=350%2C200 1x, https:\/\/i0.wp.com\/www.shqiperia.com\/blog\/wp-content\/uploads\/2020\/08\/640-0-5f3180128e72f.jpg?fit=640%2C381&ssl=1&resize=525%2C300 1.5x"},"classes":[]},{"id":64221,"url":"https:\/\/www.shqiperia.com\/blog\/kur-mbaron-fjala-gjykon-plla-analisti-leshon-deklaraten-e-ashper-ky-regjim-nuk-rrezohet-me-protesta-paqesore\/","url_meta":{"origin":47608,"position":1},"title":"&#8220;Kur mbaron fjala gjykon p*lla&#8221;, analisti l\u00ebshon deklarat\u00ebn e ashp\u00ebr: &#8211; Ky regjim nuk rr\u00ebzohet me protesta paq\u00ebsore","author":"Kurt Farka","date":"November 12, 2022","format":false,"excerpt":"12 Nentor 2022 Analisti Fatos Lubonja, n\u00eb nj\u00eb lidhje skype n\u00eb News24 ka komentuar protest\u00ebn e sotme t\u00eb opozit\u00ebs. Ai u shpreh se ky regjim nuk rr\u00ebzohet me protesta paq\u00ebsore. \u201cDhuna e fundit q\u00eb \u00ebsht\u00eb par\u00eb ka qen\u00eb ajo e 21 janarit. Pastaj politikan\u00ebt tan\u00eb k\u00ebrkojn\u00eb t\u00eb jen\u00eb korrekt me\u2026","rel":"","context":"In &quot;Blogu i Udh\u00ebtarit&quot;","block_context":{"text":"Blogu i Udh\u00ebtarit","link":"https:\/\/www.shqiperia.com\/blog\/category\/blogu-i-udhetarit\/"},"img":{"alt_text":"","src":"https:\/\/i0.wp.com\/www.shqiperia.com\/blog\/wp-content\/uploads\/2022\/11\/800-0-636fef39d0917.jpg?fit=800%2C449&ssl=1&resize=350%2C200","width":350,"height":200,"srcset":"https:\/\/i0.wp.com\/www.shqiperia.com\/blog\/wp-content\/uploads\/2022\/11\/800-0-636fef39d0917.jpg?fit=800%2C449&ssl=1&resize=350%2C200 1x, https:\/\/i0.wp.com\/www.shqiperia.com\/blog\/wp-content\/uploads\/2022\/11\/800-0-636fef39d0917.jpg?fit=800%2C449&ssl=1&resize=525%2C300 1.5x, https:\/\/i0.wp.com\/www.shqiperia.com\/blog\/wp-content\/uploads\/2022\/11\/800-0-636fef39d0917.jpg?fit=800%2C449&ssl=1&resize=700%2C400 2x"},"classes":[]},{"id":71362,"url":"https:\/\/www.shqiperia.com\/blog\/analisti-burimi-vendi-po-rreshqet-ne-diktature-rama-vepron-si-erdogani\/","url_meta":{"origin":47608,"position":2},"title":"Analisti Burimi: &#8211; Vendi po rr\u00ebshqet n\u00eb diktatur\u00eb, Rama vepron si Erdogani","author":"Kurt Farka","date":"May 12, 2023","format":false,"excerpt":"12 Maji 2023 Analisti i njohur Genc Burimi, e ka cil\u00ebsuar akt t\u00eb r\u00ebnd\u00eb arrestimin dy dit\u00eb para zgjedhjeve t\u00eb kandidatit t\u00eb koalicionit \u201cBashk\u00eb Fitojm\u00eb\u201d p\u00ebr Himar\u00ebn, Fredi Beleri. N\u00eb nj\u00eb intervist\u00eb p\u00ebr rubrik\u00ebn \u201cOpinion\u201d n\u00eb News24, ai u shpreh se ky \u00ebsht\u00eb nj\u00eb mesazh q\u00eb Edi Rama k\u00ebrkon t\u2019u\u2026","rel":"","context":"In &quot;Blogu i Udh\u00ebtarit&quot;","block_context":{"text":"Blogu i Udh\u00ebtarit","link":"https:\/\/www.shqiperia.com\/blog\/category\/blogu-i-udhetarit\/"},"img":{"alt_text":"","src":"https:\/\/i0.wp.com\/www.shqiperia.com\/blog\/wp-content\/uploads\/2023\/05\/genc-burimi-1-596x450-1.jpg?fit=596%2C450&ssl=1&resize=350%2C200","width":350,"height":200,"srcset":"https:\/\/i0.wp.com\/www.shqiperia.com\/blog\/wp-content\/uploads\/2023\/05\/genc-burimi-1-596x450-1.jpg?fit=596%2C450&ssl=1&resize=350%2C200 1x, https:\/\/i0.wp.com\/www.shqiperia.com\/blog\/wp-content\/uploads\/2023\/05\/genc-burimi-1-596x450-1.jpg?fit=596%2C450&ssl=1&resize=525%2C300 1.5x"},"classes":[]},{"id":54363,"url":"https:\/\/www.shqiperia.com\/blog\/hetimet-per-aferen-e-inceneratoreve-genc-burimi-nxjerr-prapaskenat-dhe-paralajmeron-termet-ne-politiken-shqiptare\/","url_meta":{"origin":47608,"position":3},"title":"Hetimet p\u00ebr afer\u00ebn e incenerator\u00ebve. &#8211; Genc Burimi nxjerr prapaskenat dhe paralajm\u00ebron \u2018t\u00ebrmet\u2019 n\u00eb politik\u00ebn shqiptare","author":"Kurt Farka","date":"February 23, 2022","format":false,"excerpt":"Hetimet p\u00ebr afer\u00ebn e incenerator\u00ebve. - Genc Burimi nxjerr prapaskenat dhe paralajm\u00ebron \u2018t\u00ebrmet\u2019 n\u00eb politik\u00ebn shqiptare 23 SHKURT 2022 Analisti Genc Burimi ka komentuar sot Komisionin Hetimor p\u00ebr afer\u00ebn e incenerator\u00ebve dhe zyrtar\u00ebt e lart\u00eb q\u00eb jan\u00eb thirrur t\u00eb d\u00ebshmojn\u00eb n\u00eb k\u00ebt\u00eb komision, mes tyre Arben Ahmeta, Engj\u00ebll Aga\u00e7i, Damina\u2026","rel":"","context":"In &quot;Blogu i Udh\u00ebtarit&quot;","block_context":{"text":"Blogu i Udh\u00ebtarit","link":"https:\/\/www.shqiperia.com\/blog\/category\/blogu-i-udhetarit\/"},"img":{"alt_text":"","src":"https:\/\/i0.wp.com\/www.shqiperia.com\/blog\/wp-content\/uploads\/2022\/02\/1603280018_auto80005f7d56a3c3d171602050014.jpg?fit=780%2C440&ssl=1&resize=350%2C200","width":350,"height":200,"srcset":"https:\/\/i0.wp.com\/www.shqiperia.com\/blog\/wp-content\/uploads\/2022\/02\/1603280018_auto80005f7d56a3c3d171602050014.jpg?fit=780%2C440&ssl=1&resize=350%2C200 1x, https:\/\/i0.wp.com\/www.shqiperia.com\/blog\/wp-content\/uploads\/2022\/02\/1603280018_auto80005f7d56a3c3d171602050014.jpg?fit=780%2C440&ssl=1&resize=525%2C300 1.5x, https:\/\/i0.wp.com\/www.shqiperia.com\/blog\/wp-content\/uploads\/2022\/02\/1603280018_auto80005f7d56a3c3d171602050014.jpg?fit=780%2C440&ssl=1&resize=700%2C400 2x"},"classes":[]},{"id":69312,"url":"https:\/\/www.shqiperia.com\/blog\/mbajeni-vulen-ne-b-tiu-beje-dhe-nje-kolonoskopi-yuri-kim-analisti-i-njohur-pershendet-perkrahesit-e-bashes-pas-vendimit-te-kqz-se\/","url_meta":{"origin":47608,"position":4},"title":"&#8220;Mbajeni vul\u00ebn n\u00eb b&#8230;, t\u2019iu b\u00ebj\u00eb dhe nj\u00eb kolonoskopi Yuri Kim&#8221;. &#8211;  Analisti i njohur &#8220;p\u00ebrsh\u00ebndet&#8221; p\u00ebrkrah\u00ebsit e Bash\u00ebs pas vendimit t\u00eb KQZ-s\u00eb","author":"Kurt Farka","date":"March 9, 2023","format":false,"excerpt":"Nga Gazeta Sot, 9 Mars 2023 Gazetari Andi Bejtja reagoi pas vendimit t\u00eb KQZ-z\u00eb q\u00eb t'i k\u00ebrkonte plot\u00ebsim dokumentacioni grupimit Alibeaj p\u00ebr ta regjistruar n\u00eb zgjedhjet e 14 majit. Ai u shpreh me sarkaz\u00ebm q\u00eb p\u00ebrkrah\u00ebsit e Bash\u00ebs ta mbajn\u00eb vul\u00ebn n\u00eb b***th\u00eb, e t\u00eb legenosen deri n\u00eb fund, thjesht\u2026","rel":"","context":"In &quot;Blogu i Udh\u00ebtarit&quot;","block_context":{"text":"Blogu i Udh\u00ebtarit","link":"https:\/\/www.shqiperia.com\/blog\/category\/blogu-i-udhetarit\/"},"img":{"alt_text":"","src":"https:\/\/i0.wp.com\/www.shqiperia.com\/blog\/wp-content\/uploads\/2023\/03\/800-0-640a1af0923d0.jpg?fit=701%2C365&ssl=1&resize=350%2C200","width":350,"height":200,"srcset":"https:\/\/i0.wp.com\/www.shqiperia.com\/blog\/wp-content\/uploads\/2023\/03\/800-0-640a1af0923d0.jpg?fit=701%2C365&ssl=1&resize=350%2C200 1x, https:\/\/i0.wp.com\/www.shqiperia.com\/blog\/wp-content\/uploads\/2023\/03\/800-0-640a1af0923d0.jpg?fit=701%2C365&ssl=1&resize=525%2C300 1.5x, https:\/\/i0.wp.com\/www.shqiperia.com\/blog\/wp-content\/uploads\/2023\/03\/800-0-640a1af0923d0.jpg?fit=701%2C365&ssl=1&resize=700%2C400 2x"},"classes":[]},{"id":96021,"url":"https:\/\/www.shqiperia.com\/blog\/pese-shtete-kunder-krishtlindjes-ndalohen-rreptesisht-festimet-dhe-rrezikohet-burgu-per-te-pabindurit\/","url_meta":{"origin":47608,"position":5},"title":"Pes\u00eb shtete kund\u00ebr Krishtlindjes, ndalohen rrept\u00ebsisht festimet dhe rrezikohet burgu p\u00ebr t\u00eb pabindurit","author":"Kurt Farka","date":"December 26, 2025","format":false,"excerpt":"26 Dhjetor 2025 N\u00eb shumic\u00ebn e vendeve t\u00eb bot\u00ebs 25 dhjetori \u00ebsht\u00eb dit\u00eb feste, n\u00eb disa t\u00eb tjera \u00ebsht\u00eb nj\u00eb dit\u00eb e zakonshme. Por ka edhe disa shtete ku Krishtlindja nuk festohet dhe arsyet lidhen shpesh me kultur\u00ebn ose fen\u00eb. Koreja e Veriut Nuk ka vend p\u00ebr festa fetare si\u2026","rel":"","context":"In &quot;Njoftime Shtypi&quot;","block_context":{"text":"Njoftime Shtypi","link":"https:\/\/www.shqiperia.com\/blog\/category\/njoftime-shtypi\/"},"img":{"alt_text":"","src":"https:\/\/i0.wp.com\/www.shqiperia.com\/blog\/wp-content\/uploads\/2025\/12\/Xmas1a_sd-800x450-1.webp?fit=800%2C450&ssl=1&resize=350%2C200","width":350,"height":200,"srcset":"https:\/\/i0.wp.com\/www.shqiperia.com\/blog\/wp-content\/uploads\/2025\/12\/Xmas1a_sd-800x450-1.webp?fit=800%2C450&ssl=1&resize=350%2C200 1x, https:\/\/i0.wp.com\/www.shqiperia.com\/blog\/wp-content\/uploads\/2025\/12\/Xmas1a_sd-800x450-1.webp?fit=800%2C450&ssl=1&resize=525%2C300 1.5x, https:\/\/i0.wp.com\/www.shqiperia.com\/blog\/wp-content\/uploads\/2025\/12\/Xmas1a_sd-800x450-1.webp?fit=800%2C450&ssl=1&resize=700%2C400 2x"},"classes":[]}],"_links":{"self":[{"href":"https:\/\/www.shqiperia.com\/blog\/wp-json\/wp\/v2\/posts\/47608","targetHints":{"allow":["GET"]}}],"collection":[{"href":"https:\/\/www.shqiperia.com\/blog\/wp-json\/wp\/v2\/posts"}],"about":[{"href":"https:\/\/www.shqiperia.com\/blog\/wp-json\/wp\/v2\/types\/post"}],"author":[{"embeddable":true,"href":"https:\/\/www.shqiperia.com\/blog\/wp-json\/wp\/v2\/users\/9"}],"replies":[{"embeddable":true,"href":"https:\/\/www.shqiperia.com\/blog\/wp-json\/wp\/v2\/comments?post=47608"}],"version-history":[{"count":1,"href":"https:\/\/www.shqiperia.com\/blog\/wp-json\/wp\/v2\/posts\/47608\/revisions"}],"predecessor-version":[{"id":47610,"href":"https:\/\/www.shqiperia.com\/blog\/wp-json\/wp\/v2\/posts\/47608\/revisions\/47610"}],"wp:featuredmedia":[{"embeddable":true,"href":"https:\/\/www.shqiperia.com\/blog\/wp-json\/wp\/v2\/media\/47609"}],"wp:attachment":[{"href":"https:\/\/www.shqiperia.com\/blog\/wp-json\/wp\/v2\/media?parent=47608"}],"wp:term":[{"taxonomy":"category","embeddable":true,"href":"https:\/\/www.shqiperia.com\/blog\/wp-json\/wp\/v2\/categories?post=47608"},{"taxonomy":"post_tag","embeddable":true,"href":"https:\/\/www.shqiperia.com\/blog\/wp-json\/wp\/v2\/tags?post=47608"}],"curies":[{"name":"wp","href":"https:\/\/api.w.org\/{rel}","templated":true}]}}