{"id":47605,"date":"2021-06-05T08:50:22","date_gmt":"2021-06-05T08:50:22","guid":{"rendered":"https:\/\/www.shqiperia.com\/blog\/?p=47605"},"modified":"2021-06-05T08:50:22","modified_gmt":"2021-06-05T08:50:22","slug":"kafja-e-madhe-ne-shkoder-shembet-drejtoria-e-monumenteve-bllokon-punimet","status":"publish","type":"post","link":"https:\/\/www.shqiperia.com\/blog\/kafja-e-madhe-ne-shkoder-shembet-drejtoria-e-monumenteve-bllokon-punimet\/","title":{"rendered":"Kafja e Madhe n\u00eb Shkod\u00ebr shembet, Drejtoria e Monumenteve bllokon punimet"},"content":{"rendered":"<p><img data-recalc-dims=\"1\" loading=\"lazy\" decoding=\"async\" data-attachment-id=\"47606\" data-permalink=\"https:\/\/www.shqiperia.com\/blog\/kafja-e-madhe-ne-shkoder-shembet-drejtoria-e-monumenteve-bllokon-punimet\/kafja-e-madhe-shkoder\/\" data-orig-file=\"https:\/\/i0.wp.com\/www.shqiperia.com\/blog\/wp-content\/uploads\/2021\/06\/Kafja-e-Madhe-Shkoder.png?fit=770%2C404&amp;ssl=1\" data-orig-size=\"770,404\" data-comments-opened=\"1\" data-image-meta=\"{&quot;aperture&quot;:&quot;0&quot;,&quot;credit&quot;:&quot;&quot;,&quot;camera&quot;:&quot;&quot;,&quot;caption&quot;:&quot;&quot;,&quot;created_timestamp&quot;:&quot;0&quot;,&quot;copyright&quot;:&quot;&quot;,&quot;focal_length&quot;:&quot;0&quot;,&quot;iso&quot;:&quot;0&quot;,&quot;shutter_speed&quot;:&quot;0&quot;,&quot;title&quot;:&quot;&quot;,&quot;orientation&quot;:&quot;0&quot;}\" data-image-title=\"Kafja e Madhe Shkoder\" data-image-description=\"\" data-image-caption=\"\" data-medium-file=\"https:\/\/i0.wp.com\/www.shqiperia.com\/blog\/wp-content\/uploads\/2021\/06\/Kafja-e-Madhe-Shkoder.png?fit=300%2C157&amp;ssl=1\" data-large-file=\"https:\/\/i0.wp.com\/www.shqiperia.com\/blog\/wp-content\/uploads\/2021\/06\/Kafja-e-Madhe-Shkoder.png?fit=770%2C404&amp;ssl=1\" class=\"alignnone  wp-image-47606\" alt=\"\" src=\"https:\/\/i0.wp.com\/www.shqiperia.com\/blog\/wp-content\/uploads\/2021\/06\/Kafja-e-Madhe-Shkoder.png?resize=537%2C281&#038;ssl=1\" width=\"537\" height=\"281\" srcset=\"https:\/\/i0.wp.com\/www.shqiperia.com\/blog\/wp-content\/uploads\/2021\/06\/Kafja-e-Madhe-Shkoder.png?resize=300%2C157&amp;ssl=1 300w, https:\/\/i0.wp.com\/www.shqiperia.com\/blog\/wp-content\/uploads\/2021\/06\/Kafja-e-Madhe-Shkoder.png?resize=768%2C403&amp;ssl=1 768w, https:\/\/i0.wp.com\/www.shqiperia.com\/blog\/wp-content\/uploads\/2021\/06\/Kafja-e-Madhe-Shkoder.png?resize=450%2C236&amp;ssl=1 450w, https:\/\/i0.wp.com\/www.shqiperia.com\/blog\/wp-content\/uploads\/2021\/06\/Kafja-e-Madhe-Shkoder.png?resize=600%2C315&amp;ssl=1 600w, https:\/\/i0.wp.com\/www.shqiperia.com\/blog\/wp-content\/uploads\/2021\/06\/Kafja-e-Madhe-Shkoder.png?resize=400%2C210&amp;ssl=1 400w, https:\/\/i0.wp.com\/www.shqiperia.com\/blog\/wp-content\/uploads\/2021\/06\/Kafja-e-Madhe-Shkoder.png?w=770&amp;ssl=1 770w\" sizes=\"auto, (max-width: 537px) 100vw, 537px\" \/><\/p>\n<p><strong>Kafja e Madhe n\u00eb Shkod\u00ebr shembet. <\/strong><\/p>\n<p><strong>&#8211; Drejtoria e Monumenteve bllokon punimet<\/strong><\/p>\n<p>31 Maj, 2021<\/p>\n<p>\u201cKafja e madhe\u201d n\u00eb Shkod\u00ebr, monument kulture i kategoris\u00eb s\u00eb par\u00eb \u00ebsht\u00eb shembur! Lajmi q\u00eb trishtoi dashamir\u00ebsit e trash\u00ebgimis\u00eb kulturore n\u00eb fundjav\u00eb mbetet ende t\u00ebr\u00ebsisht i paqart\u00eb. Prej vitesh ishte miratuar nj\u00eb projekt restaurimi p\u00ebr t\u00eb nga Ministria e Kultur\u00ebs, q\u00eb parashikonte p\u00ebrforcim t\u00eb strukturave n\u00eb nj\u00eb an\u00eb dhe nd\u00ebrtimit t\u00eb objekti 2-3 n\u00eb nj\u00eb oborr t\u00eb brendsh\u00ebm t\u00eb saj, mbeti n\u00eb let\u00ebr p\u00ebr disa vite, duke degradimin e m\u00ebtejsh\u00ebm t\u00eb godin\u00ebs.<\/p>\n<p>Me restaurimin e fundit ne vitet 1980 ajo pat humbur shum\u00eb prej pjes\u00ebve origjinale t\u00eb saj, dyer, dritare e tavane qen\u00eb rinovuar duke fshir\u00eb gjurm\u00ebt e viteve 1930. Megjith\u00ebk\u00ebt\u00eb godina ishte s\u00ebrish monument kulture i kategoris\u00eb s\u00eb par\u00eb, q\u00eb parasheh mos prekjen e saj as n\u00eb fasad\u00eb as n\u00eb brendi. D\u00ebmtimi i \u00e7atis\u00eb solli nd\u00ebr vite rr\u00ebnimin e pashmangsh\u00ebm dhe dit\u00eb m\u00eb par\u00eb Kafja E Madhe e qytetit verior humbi t\u00ebr\u00ebsin\u00eb e mureve t\u00eb saj, p\u00ebrve\u00e7 fasad\u00ebs.<\/p>\n<p>N\u00eb vazhd\u00ebn e zhb\u00ebrjes s\u00eb pakthyeshme t\u00eb kujtes\u00ebs, humbja e saj mbetet n\u00eb nd\u00ebrgjegjen e aktor\u00ebve t\u00eb p\u00ebrfshir\u00eb dhe z\u00ebrit pasiv t\u00eb nj\u00eb shoq\u00ebrie q\u00eb reagon tep\u00ebr von\u00eb, e q\u00eb pas humbjes s\u00eb Teatrit Komb\u00ebtar, \u00ebsht\u00eb atrofizuar megjithat\u00eb.<\/p>\n<p><strong>PEZULLIMI<\/strong><br \/>\nMbetet e paqart\u00eb se pse me nj\u00eb projekt restaurimi t\u00eb miratuar prej vitit 2016, godina shembet 5 vite m\u00eb von\u00eb. Nj\u00eb shkres\u00eb pezullimi e Drejtoris\u00eb Rajonale t\u00eb Kultur\u00ebs Komb\u00ebtare n\u00eb Shkod\u00ebr nuk gjen fajtor\u00eb per \u00e7ka ka ndodhur tashm\u00eb. Shkresa e firmosur nga drejtoresha Majlinda La\u00e7aj, k\u00ebrkon ve\u00e7se projektin e 2016-es, duke i k\u00ebrkuar kompanis\u00eb q\u00eb p\u00ebr t\u00eb vazhduar punimet t\u2019i drejtohet Institutit Komb\u00ebtar t\u00eb Trash\u00ebgimis\u00eb Kulturore n\u00eb Tiran\u00eb. \u201d Ndodhur n\u00eb k\u00ebto kushte p\u00ebr t\u00eb zbatuar punimet n\u00eb k\u00ebt\u00eb objekt ju duhet t\u2019i drejtoheni Institutit Komb\u00ebtar t\u00eb Trash\u00ebgimis\u00eb Kulturore (institucioni p\u00ebrgjegj\u00ebs) p\u00ebr shtyrjen e afatit t\u00eb punimeve n\u00eb m\u00ebnyr\u00eb q\u00eb t\u00eb realizohet zbatimi i k\u00ebtij projekti\u201d thuhet n\u00eb shkres\u00ebn e firmosur nga La\u00e7aj. N\u00eb t\u00eb nj\u00ebjt\u00ebn shkres\u00eb shtohet: \u201cSipas mediave lokale punimet n\u00eb k\u00ebt\u00eb objekt kan\u00eb filluar. Ndodhur n\u00eb k\u00ebto kushte k\u00ebrkojm\u00eb nga ana juaj pezullimin e punimeve deri n\u00eb marrjen e masave si dhe plot\u00ebsimin e dokumentacionit t\u00eb duhur t\u00eb projektit\u201d. Pas shembjes se Kafes s\u00eb Madhe n\u00eb Shkod\u00ebr, Drejtoria e Monumenteve bllokon punimet.<\/p>\n<p>BallkanWeb<\/p>\n","protected":false},"excerpt":{"rendered":"<p>Kafja e Madhe n\u00eb Shkod\u00ebr shembet. &#8211; Drejtoria e Monumenteve bllokon punimet 31 Maj, 2021 \u201cKafja e madhe\u201d n\u00eb Shkod\u00ebr, monument kulture i kategoris\u00eb s\u00eb par\u00eb \u00ebsht\u00eb shembur! Lajmi q\u00eb trishtoi dashamir\u00ebsit e trash\u00ebgimis\u00eb kulturore n\u00eb fundjav\u00eb mbetet ende t\u00ebr\u00ebsisht i paqart\u00eb. Prej vitesh ishte miratuar nj\u00eb projekt restaurimi p\u00ebr t\u00eb nga Ministria e Kultur\u00ebs, [&hellip;]<\/p>\n","protected":false},"author":9,"featured_media":47606,"comment_status":"open","ping_status":"open","sticky":false,"template":"","format":"standard","meta":{"jetpack_post_was_ever_published":false,"_jetpack_newsletter_access":"","_jetpack_dont_email_post_to_subs":false,"_jetpack_newsletter_tier_id":0,"_jetpack_memberships_contains_paywalled_content":false,"_jetpack_memberships_contains_paid_content":false,"footnotes":"","jetpack_publicize_message":"","jetpack_publicize_feature_enabled":true,"jetpack_social_post_already_shared":true,"jetpack_social_options":{"image_generator_settings":{"template":"highway","default_image_id":0,"font":"","enabled":false},"version":2}},"categories":[27,10,86],"tags":[],"class_list":["post-47605","post","type-post","status-publish","format-standard","has-post-thumbnail","hentry","category-blogu-i-udhetarit","category-kultura","category-trashegimi-kulturore"],"jetpack_publicize_connections":[],"jetpack_featured_media_url":"https:\/\/i0.wp.com\/www.shqiperia.com\/blog\/wp-content\/uploads\/2021\/06\/Kafja-e-Madhe-Shkoder.png?fit=770%2C404&ssl=1","jetpack_sharing_enabled":true,"jetpack_shortlink":"https:\/\/wp.me\/p5Z6wp-cnP","jetpack-related-posts":[{"id":63746,"url":"https:\/\/www.shqiperia.com\/blog\/shkaterrim-monumentesh-me-leket-e-shtetit-klsh-kallezon-ministrine-e-kultures-per-restaurimet-ne-kafen-e-madhe-dhe-gjuhadol-in-ne-shkoder-kane-shkaktuar-deme-te\/","url_meta":{"origin":47605,"position":0},"title":"Shkaterrim Monumentesh me Leket e Shtetit. &#8211; KLSH kall\u00ebzon Ministrin\u00eb e Kultur\u00ebs p\u00ebr restaurimet n\u00eb \u2018Kafen e madhe\u2019 dhe \u2018Gjuhadol-in\u2019 n\u00eb Shkod\u00ebr: kan\u00eb shkaktuar d\u00ebme t\u00eb parikuperueshme n\u00eb vlerat e tyre t\u00eb trash\u00ebgimis\u00eb kulturore e historike.","author":"Kurt Farka","date":"October 30, 2022","format":false,"excerpt":"30 Tetor 2022 Nd\u00ebrhyrjet n\u00eb kompleksin historik n\u00eb Shkod\u00ebr njohur si \u201cGjuhadol\u201d dhe \u201cKafja e Madhe\u201d kan\u00eb shkaktuar d\u00ebme t\u00eb parikuperueshme n\u00eb vlerat e tyre t\u00eb trash\u00ebgimis\u00eb kulturore e historike. \u00cbsht\u00eb ky konstatimi i Kontrollit t\u00eb Lart\u00eb t\u00eb Shtetit i cili ka b\u00ebr\u00eb kall\u00ebzim penal p\u00ebr shkat\u00ebrrim t\u00eb veprave kulturore\u2026","rel":"","context":"In &quot;Blogu i Udh\u00ebtarit&quot;","block_context":{"text":"Blogu i Udh\u00ebtarit","link":"https:\/\/www.shqiperia.com\/blog\/category\/blogu-i-udhetarit\/"},"img":{"alt_text":"","src":"https:\/\/i0.wp.com\/www.shqiperia.com\/blog\/wp-content\/uploads\/2022\/10\/Foto-Ilustruese-Dy-TEZET-e-Mnistrise-se-Kulture-1.jpg?fit=1200%2C635&ssl=1&resize=350%2C200","width":350,"height":200,"srcset":"https:\/\/i0.wp.com\/www.shqiperia.com\/blog\/wp-content\/uploads\/2022\/10\/Foto-Ilustruese-Dy-TEZET-e-Mnistrise-se-Kulture-1.jpg?fit=1200%2C635&ssl=1&resize=350%2C200 1x, https:\/\/i0.wp.com\/www.shqiperia.com\/blog\/wp-content\/uploads\/2022\/10\/Foto-Ilustruese-Dy-TEZET-e-Mnistrise-se-Kulture-1.jpg?fit=1200%2C635&ssl=1&resize=525%2C300 1.5x, https:\/\/i0.wp.com\/www.shqiperia.com\/blog\/wp-content\/uploads\/2022\/10\/Foto-Ilustruese-Dy-TEZET-e-Mnistrise-se-Kulture-1.jpg?fit=1200%2C635&ssl=1&resize=700%2C400 2x, https:\/\/i0.wp.com\/www.shqiperia.com\/blog\/wp-content\/uploads\/2022\/10\/Foto-Ilustruese-Dy-TEZET-e-Mnistrise-se-Kulture-1.jpg?fit=1200%2C635&ssl=1&resize=1050%2C600 3x"},"classes":[]},{"id":99116,"url":"https:\/\/www.shqiperia.com\/blog\/kafja-e-madhe-ne-shkoder-do-te-rindertohet-do-ta-behet-hotel\/","url_meta":{"origin":47605,"position":1},"title":"\u201cKafja e Madhe\u201d n\u00eb Shkod\u00ebr do t\u00eb rind\u00ebrtohet. &#8211; Do ta b\u00ebhet hotel","author":"Kurt Farka","date":"April 6, 2026","format":false,"excerpt":"6 Prill 2026 Do t\u00eb rind\u00ebrtohet \u201cKafen e Madhe\u201d n\u00eb Shkod\u00ebr, pas nj\u00eb debati q\u00eb zgjati disa vite, teksa godina e cila \u00ebsht\u00eb nj\u00eb monument kulture u la n\u00eb harres\u00eb dhe u shkat\u00ebrrua. Dyshimet ishin se shkat\u00ebrrimi u b\u00eb me dashje, kjo p\u00ebr t\u2019i hapur rrug\u00eb rind\u00ebrtimit dhe tjet\u00ebrsimit t\u00eb\u2026","rel":"","context":"In &quot;Histori&quot;","block_context":{"text":"Histori","link":"https:\/\/www.shqiperia.com\/blog\/category\/histori\/"},"img":{"alt_text":"","src":"https:\/\/i0.wp.com\/www.shqiperia.com\/blog\/wp-content\/uploads\/2026\/04\/640-0-d423cf8b244b630244ac080ef992d958.jpeg?fit=640%2C372&ssl=1&resize=350%2C200","width":350,"height":200,"srcset":"https:\/\/i0.wp.com\/www.shqiperia.com\/blog\/wp-content\/uploads\/2026\/04\/640-0-d423cf8b244b630244ac080ef992d958.jpeg?fit=640%2C372&ssl=1&resize=350%2C200 1x, https:\/\/i0.wp.com\/www.shqiperia.com\/blog\/wp-content\/uploads\/2026\/04\/640-0-d423cf8b244b630244ac080ef992d958.jpeg?fit=640%2C372&ssl=1&resize=525%2C300 1.5x"},"classes":[]},{"id":78299,"url":"https:\/\/www.shqiperia.com\/blog\/shembet-banesa-monument-kulture-ne-lezhe-ministria-e-kultures-nuk-nderhyri\/","url_meta":{"origin":47605,"position":2},"title":"Shembet banesa monument kulture n\u00eb Lezh\u00eb, Ministria e Kultur\u00ebs nuk nd\u00ebrhyri","author":"Kurt Farka","date":"February 14, 2024","format":false,"excerpt":"14 Shkurt 2024 P\u00ebr shkak t\u00eb mosnd\u00ebrhyrjes nj\u00eb tjet\u00ebr objekt monument kulture u kthye n\u00eb g\u00ebrmadh\u00eb. Sht\u00ebpia e Zekajve n\u00eb lagjen \"Sheher\" t\u00eb qytetit t\u00eb Lezh\u00ebs ishte banes\u00eb dy kat\u00ebshe karakteristike qytetare q\u00eb dikur sh\u00ebrbente si muze dhe mbante statusin monument kulture i kategoris\u00eb s\u00eb par\u00eb. Por objekti q\u00eb nuk\u2026","rel":"","context":"In &quot;Blogu i Udh\u00ebtarit&quot;","block_context":{"text":"Blogu i Udh\u00ebtarit","link":"https:\/\/www.shqiperia.com\/blog\/category\/blogu-i-udhetarit\/"},"img":{"alt_text":"","src":"https:\/\/i0.wp.com\/www.shqiperia.com\/blog\/wp-content\/uploads\/2024\/02\/800-0-65cc5abbb6738.jpg?fit=800%2C453&ssl=1&resize=350%2C200","width":350,"height":200,"srcset":"https:\/\/i0.wp.com\/www.shqiperia.com\/blog\/wp-content\/uploads\/2024\/02\/800-0-65cc5abbb6738.jpg?fit=800%2C453&ssl=1&resize=350%2C200 1x, https:\/\/i0.wp.com\/www.shqiperia.com\/blog\/wp-content\/uploads\/2024\/02\/800-0-65cc5abbb6738.jpg?fit=800%2C453&ssl=1&resize=525%2C300 1.5x, https:\/\/i0.wp.com\/www.shqiperia.com\/blog\/wp-content\/uploads\/2024\/02\/800-0-65cc5abbb6738.jpg?fit=800%2C453&ssl=1&resize=700%2C400 2x"},"classes":[]},{"id":98196,"url":"https:\/\/www.shqiperia.com\/blog\/gjirokaster-shembet-banesa-fico-monument-kulture\/","url_meta":{"origin":47605,"position":3},"title":"Gjirokaster &#8211; Shembet Banesa Fico monument kulture","author":"Kurt Farka","date":"March 8, 2026","format":false,"excerpt":"8 Mars 2026 Banesa Fico, q\u00eb ndodhet n\u00eb lagjen Palorto, \u00ebsht\u00eb nj\u00eb prej banesave m\u00eb piktoreske t\u00eb qytetit dhe e vetmja e k\u00ebtij lloji n\u00eb Shqip\u00ebri. Dhjet\u00eb vite m\u00eb par\u00eb, ajo kishte p\u00ebsuar d\u00ebmtime n\u00eb \u00e7ati, nd\u00ebrsa sot \u00ebsht\u00eb shembur pjesa m\u00eb e madhe e konstruktit vertikal. DRTK kishte investuar\u2026","rel":"","context":"In &quot;Histori&quot;","block_context":{"text":"Histori","link":"https:\/\/www.shqiperia.com\/blog\/category\/histori\/"},"img":{"alt_text":"","src":"https:\/\/i0.wp.com\/www.shqiperia.com\/blog\/wp-content\/uploads\/2026\/03\/Shtepia-e-Ficove-Monument-Kulture-Gjorokaster-1.jpg?fit=800%2C531&ssl=1&resize=350%2C200","width":350,"height":200,"srcset":"https:\/\/i0.wp.com\/www.shqiperia.com\/blog\/wp-content\/uploads\/2026\/03\/Shtepia-e-Ficove-Monument-Kulture-Gjorokaster-1.jpg?fit=800%2C531&ssl=1&resize=350%2C200 1x, https:\/\/i0.wp.com\/www.shqiperia.com\/blog\/wp-content\/uploads\/2026\/03\/Shtepia-e-Ficove-Monument-Kulture-Gjorokaster-1.jpg?fit=800%2C531&ssl=1&resize=525%2C300 1.5x, https:\/\/i0.wp.com\/www.shqiperia.com\/blog\/wp-content\/uploads\/2026\/03\/Shtepia-e-Ficove-Monument-Kulture-Gjorokaster-1.jpg?fit=800%2C531&ssl=1&resize=700%2C400 2x"},"classes":[]},{"id":790,"url":"https:\/\/www.shqiperia.com\/blog\/qendra-historike-drejt-degradimit-banesat-po-shemben\/","url_meta":{"origin":47605,"position":4},"title":"Qendra historike drejt degradimit, banesat po shemben","author":"Kurt Farka","date":"January 9, 2018","format":false,"excerpt":"Arkitekti Latif Lazimi: Kumbaro t\u00eb nd\u00ebrhyj\u00eb urgjentisht n\u00eb Gjirokast\u00ebr Banesa Lolomani n\u00eb lagjen Pazari i Vjet\u00ebr, monument i kategoris\u00eb s\u00eb dyt\u00eb n\u00eb Gjirokast\u00ebr \u00ebsht\u00eb rr\u00ebzuar nga shirat e dit\u00ebve t\u00eb fundit. Sipas specialist\u00ebve t\u00eb trash\u00ebgimis\u00eb n\u00eb janar t\u00eb nj\u00eb viti m\u00eb par\u00eb u rr\u00ebzua dhe banesa Lolomani monument kulture e\u2026","rel":"","context":"In &quot;Trashegimi Kulturore&quot;","block_context":{"text":"Trashegimi Kulturore","link":"https:\/\/www.shqiperia.com\/blog\/category\/trashegimi-kulturore\/"},"img":{"alt_text":"","src":"https:\/\/i0.wp.com\/www.shqiperia.com\/blog\/wp-content\/uploads\/2018\/01\/banesaaa_gjirokaster_faqe_18-1_e_duhura_latif_lazimi-300x250.jpg?resize=350%2C200","width":350,"height":200},"classes":[]},{"id":56818,"url":"https:\/\/www.shqiperia.com\/blog\/ministria-e-kultures-fshin-nga-lista-e-monumenteve-banesen-e-kuqit-ne-kruje\/","url_meta":{"origin":47605,"position":5},"title":"Ministria e Kultures fshin nga lista e monumenteve banes\u00ebn e Kuqit n\u00eb Kruj\u00eb","author":"Kurt Farka","date":"April 17, 2022","format":false,"excerpt":"Ministria e Kultures fshin nga lista e monumenteve banes\u00ebn e Kuqit n\u00eb Kruj\u00eb Prill 2022 Xhevat Gjata m\u00eb pret te shkall\u00ebt e bashkis\u00eb, si pik\u00eb orientimi ky\u00e7e n\u00eb Kruj\u00eb. T\u00eb dy drejtohemi drejt lagjes Sesere, aty ku gjendet kulla 200-vje\u00e7are, e njohur si \u201cSht\u00ebpia e Gani Kuqit\u201d. Q\u00eb prej rrugic\u00ebs\u2026","rel":"","context":"In &quot;Arte&quot;","block_context":{"text":"Arte","link":"https:\/\/www.shqiperia.com\/blog\/category\/arte\/"},"img":{"alt_text":"","src":"https:\/\/i0.wp.com\/www.shqiperia.com\/blog\/wp-content\/uploads\/2022\/04\/banesen-e-Kuqit-ne-Kruje.jpg?fit=474%2C267&ssl=1&resize=350%2C200","width":350,"height":200},"classes":[]}],"_links":{"self":[{"href":"https:\/\/www.shqiperia.com\/blog\/wp-json\/wp\/v2\/posts\/47605","targetHints":{"allow":["GET"]}}],"collection":[{"href":"https:\/\/www.shqiperia.com\/blog\/wp-json\/wp\/v2\/posts"}],"about":[{"href":"https:\/\/www.shqiperia.com\/blog\/wp-json\/wp\/v2\/types\/post"}],"author":[{"embeddable":true,"href":"https:\/\/www.shqiperia.com\/blog\/wp-json\/wp\/v2\/users\/9"}],"replies":[{"embeddable":true,"href":"https:\/\/www.shqiperia.com\/blog\/wp-json\/wp\/v2\/comments?post=47605"}],"version-history":[{"count":1,"href":"https:\/\/www.shqiperia.com\/blog\/wp-json\/wp\/v2\/posts\/47605\/revisions"}],"predecessor-version":[{"id":47607,"href":"https:\/\/www.shqiperia.com\/blog\/wp-json\/wp\/v2\/posts\/47605\/revisions\/47607"}],"wp:featuredmedia":[{"embeddable":true,"href":"https:\/\/www.shqiperia.com\/blog\/wp-json\/wp\/v2\/media\/47606"}],"wp:attachment":[{"href":"https:\/\/www.shqiperia.com\/blog\/wp-json\/wp\/v2\/media?parent=47605"}],"wp:term":[{"taxonomy":"category","embeddable":true,"href":"https:\/\/www.shqiperia.com\/blog\/wp-json\/wp\/v2\/categories?post=47605"},{"taxonomy":"post_tag","embeddable":true,"href":"https:\/\/www.shqiperia.com\/blog\/wp-json\/wp\/v2\/tags?post=47605"}],"curies":[{"name":"wp","href":"https:\/\/api.w.org\/{rel}","templated":true}]}}