{"id":47602,"date":"2021-06-05T08:37:21","date_gmt":"2021-06-05T08:37:21","guid":{"rendered":"https:\/\/www.shqiperia.com\/blog\/?p=47602"},"modified":"2021-06-05T08:37:21","modified_gmt":"2021-06-05T08:37:21","slug":"mustafa-nano-vizitat-e-shpeshta-te-rames-ne-turqi-aleanca-me-ta-strategjike-por-tentativa-per-te-na-shkeputur-nga-perendimi-do-ishte-perdhunim","status":"publish","type":"post","link":"https:\/\/www.shqiperia.com\/blog\/mustafa-nano-vizitat-e-shpeshta-te-rames-ne-turqi-aleanca-me-ta-strategjike-por-tentativa-per-te-na-shkeputur-nga-perendimi-do-ishte-perdhunim\/","title":{"rendered":"\u00a0Mustafa Nano: Vizitat e shpeshta t\u00eb Ram\u00ebs n\u00eb Turqi, aleanca me ta strategjike, por tentativa p\u00ebr t\u00eb na shk\u00ebputur nga Per\u00ebndimi do ishte p\u00ebrdhunim"},"content":{"rendered":"<p><img data-recalc-dims=\"1\" loading=\"lazy\" decoding=\"async\" data-attachment-id=\"47603\" data-permalink=\"https:\/\/www.shqiperia.com\/blog\/mustafa-nano-vizitat-e-shpeshta-te-rames-ne-turqi-aleanca-me-ta-strategjike-por-tentativa-per-te-na-shkeputur-nga-perendimi-do-ishte-perdhunim\/pjimage-2021-06-05t101323-395-433x300\/\" data-orig-file=\"https:\/\/i0.wp.com\/www.shqiperia.com\/blog\/wp-content\/uploads\/2021\/06\/pjimage-2021-06-05T101323.395-433x300-1.jpg?fit=433%2C300&amp;ssl=1\" data-orig-size=\"433,300\" data-comments-opened=\"1\" data-image-meta=\"{&quot;aperture&quot;:&quot;0&quot;,&quot;credit&quot;:&quot;&quot;,&quot;camera&quot;:&quot;&quot;,&quot;caption&quot;:&quot;&quot;,&quot;created_timestamp&quot;:&quot;0&quot;,&quot;copyright&quot;:&quot;&quot;,&quot;focal_length&quot;:&quot;0&quot;,&quot;iso&quot;:&quot;0&quot;,&quot;shutter_speed&quot;:&quot;0&quot;,&quot;title&quot;:&quot;&quot;,&quot;orientation&quot;:&quot;0&quot;}\" data-image-title=\"pjimage-2021-06-05T101323.395-433&#215;300\" data-image-description=\"\" data-image-caption=\"\" data-medium-file=\"https:\/\/i0.wp.com\/www.shqiperia.com\/blog\/wp-content\/uploads\/2021\/06\/pjimage-2021-06-05T101323.395-433x300-1.jpg?fit=300%2C208&amp;ssl=1\" data-large-file=\"https:\/\/i0.wp.com\/www.shqiperia.com\/blog\/wp-content\/uploads\/2021\/06\/pjimage-2021-06-05T101323.395-433x300-1.jpg?fit=433%2C300&amp;ssl=1\" class=\"alignnone  wp-image-47603\" alt=\"\" src=\"https:\/\/i0.wp.com\/www.shqiperia.com\/blog\/wp-content\/uploads\/2021\/06\/pjimage-2021-06-05T101323.395-433x300-1.jpg?resize=470%2C326&#038;ssl=1\" width=\"470\" height=\"326\" srcset=\"https:\/\/i0.wp.com\/www.shqiperia.com\/blog\/wp-content\/uploads\/2021\/06\/pjimage-2021-06-05T101323.395-433x300-1.jpg?resize=300%2C208&amp;ssl=1 300w, https:\/\/i0.wp.com\/www.shqiperia.com\/blog\/wp-content\/uploads\/2021\/06\/pjimage-2021-06-05T101323.395-433x300-1.jpg?resize=400%2C277&amp;ssl=1 400w, https:\/\/i0.wp.com\/www.shqiperia.com\/blog\/wp-content\/uploads\/2021\/06\/pjimage-2021-06-05T101323.395-433x300-1.jpg?w=433&amp;ssl=1 433w\" sizes=\"auto, (max-width: 470px) 100vw, 470px\" \/><\/p>\n<p><a href=\"http:\/\/www.panorama.com.al\/analiza-mustafa-nano-vizitat-e-shpeshta-te-rames-ne-turqi-aleanca-me-ta-strategjike-por-tentativa-per-te-na-shkeputur-nga-perendimi-do-ishte-perdhunim\/\">\u00a0Mustafa Nano: Vizitat e shpeshta t\u00eb Ram\u00ebs n\u00eb Turqi, aleanca me ta strategjike, por tentativa p\u00ebr t\u00eb na shk\u00ebputur nga Per\u00ebndimi do ishte p\u00ebrdhunim<\/a><\/p>\n<p><em>5 qershor 2021 <\/em><\/p>\n<p><strong>NGA MUSTAFA NANO<\/strong><\/p>\n<p>Edi Rama \u00ebsht\u00eb kthyer sot nga nj\u00eb vizit\u00eb n\u00eb Turqi, dhe \u00ebsht\u00eb kthyer me \u201cduart plot\u00eb\u201d.<\/p>\n<p>Thonj\u00ebzat, n\u00eb fakt, edhe mund t\u00eb hiqen, sepse \u00ebsht\u00eb kthyer me nj\u00eb num\u00ebr projektesh e marr\u00ebveshjesh q\u00eb jan\u00eb n\u00ebnshkruar.<\/p>\n<p>Dhe duhet th\u00ebn\u00eb se k\u00ebto nuk jan\u00eb as ta parat e as t\u00eb fundit. Marr\u00ebdh\u00ebniet me Turqin\u00eb, n\u00eb epok\u00ebn e Ram\u00ebs, jan\u00eb intensifikuar. Nuk kan\u00eb qen\u00eb kurr\u00eb t\u00eb tilla. Java shtat\u00eb e Rama tet\u00eb q\u00eb shkon e takohet me Erdoganin. Dhe \u00ebsht\u00eb ky fakt q\u00eb tek-tuk ka ngjallur, ka mbjell\u00eb ndonj\u00eb shqet\u00ebsim apo ndonj\u00eb diskutim. Un\u00eb jam pjes\u00eb e k\u00ebtij shqet\u00ebsimi.<\/p>\n<p>Un\u00eb mendoj se marr\u00ebdh\u00ebniet midis shqiptar\u00ebve dhe turqve, midis Shqip\u00ebris\u00eb dhe Turqis\u00eb, n\u00ebse jan\u00eb shum\u00eb t\u00eb ndezura, n\u00ebse jan\u00eb shum\u00eb t\u00eb forta, n\u00ebse jan\u00eb shum\u00eb t\u00eb thuk\u00ebta, n\u00ebse jan\u00eb v\u00ebllaz\u00ebrore, krahas an\u00ebve pozitive dhe avantazheve q\u00eb mbartin, ato bartin edhe ndonj\u00eb problem.<\/p>\n<p>Ne t\u00eb gjith\u00eb e dim\u00eb se Turqia \u00ebsht\u00eb nj\u00eb aleat i yni shum\u00eb i r\u00ebnd\u00ebsish\u00ebm; \u00ebsht\u00eb nj\u00eb aleat i yni strategjik. \u00cbsht\u00eb i till\u00eb me hir a me pahir. \u00cbsht\u00eb i till\u00eb pavar\u00ebsisht nga fakti se \u00e7far\u00eb ndodh n\u00eb Turqi; pavar\u00ebsisht nga fakti se kush i ka atje \u00e7el\u00ebsat e pushtetit n\u00eb dor\u00eb; pavar\u00ebsisht nga fakti se atje \u00ebsht\u00eb nj\u00eb regjim autokratik apo demokratik; pavar\u00ebsisht nga forcat q\u00eb kan\u00eb fuqin\u00eb atje; pavar\u00ebsisht se cilat jan\u00eb k\u00ebto forca, n\u00ebse jan\u00eb islamik\u00eb, apo n\u00ebse jan\u00eb laik\u00eb. Ne shqiptar\u00ebt, megjithat\u00eb, nuk mund dhe nuk duhet t\u2019i lejojm\u00eb vetes t\u00eb prishemi me, apo t\u00eb b\u00ebjm\u00eb pa, Turqin\u00eb. Arsyet dihen.<\/p>\n<p>N\u00eb ndryshim nga kombet e tjera t\u00eb Ballkanit, ne jemi nj\u00eb komb i vog\u00ebl, i ve\u00e7ant\u00eb, unik, me nj\u00eb gjuh\u00eb ton\u00ebn, me nj\u00eb rrug\u00ebtim tonin, t\u00eb vetin, individual n\u00eb histori. E n\u00eb t\u00eb nj\u00ebjt\u00ebn koh\u00eb, ne jemi nj\u00eb komb me ca vese e me dob\u00ebsi kongjenitale.<\/p>\n<p>Un\u00eb e di q\u00eb ky pohim im mund t\u00eb trazoj\u00eb shum\u00eb njer\u00ebz, por un\u00eb nuk mund t\u00eb b\u00ebj dot ndryshe.<\/p>\n<p>\u00cbsht\u00eb nj\u00eb gj\u00eb q\u00eb un\u00eb e mendoj. Po thoja se jemi nj\u00eb komb me vese e dob\u00ebsi t\u00eb lindura. Jemi nj\u00eb komb me nj\u00eb histori t\u00eb koklavitur, me nj\u00eb struktur\u00eb shum\u00ebfetare. Jemi gjithashtu me nj\u00eb rizgjim t\u00eb vonuar komb\u00ebtar dhe politik. Dhe n\u00eb fund, jemi me nj\u00eb tradit\u00eb t\u00eb munguar t\u00eb bashkimit n\u00eb nj\u00eb shtet t\u00eb vet\u00ebm t\u00eb drejtuar nga shqiptar\u00ebt.<\/p>\n<p>P\u00ebrve\u00e7, k\u00ebsaj, n\u00eb konjektur\u00ebn ballkanike, ne jemi n\u00eb nj\u00eb pozicion\u00a0<em>sandwich,\u00a0<\/em>duke pasur n\u00eb jug grek\u00ebt, e n\u00eb veri serb\u00ebt. M\u00eb t\u00eb dy k\u00ebto shtete ne kemi nj\u00eb marr\u00ebdh\u00ebnie shum\u00eb t\u00eb v\u00ebshtir\u00eb. T\u00eb till\u00eb e kemi pasur tradicionalisht, vazhdojm\u00eb ta kemi edhe sot.<\/p>\n<p>Ne nuk kemi miq n\u00eb Ballkan. Dhe p\u00ebr sa koh\u00eb q\u00eb \u00ebsht\u00eb k\u00ebshtu, n\u00eb k\u00ebto rrethana, aleanca jon\u00eb me Turqin\u00eb (i cili \u00ebsht\u00eb nj\u00eb vend i r\u00ebnd\u00ebsish\u00ebm, shum\u00eb i r\u00ebnd\u00ebsish\u00ebm, me nj\u00eb ndikim t\u00eb madh n\u00eb bot\u00eb, dhe sidomos n\u00eb k\u00ebt\u00eb pjes\u00eb, n\u00eb k\u00ebt\u00eb cep t\u00eb bot\u00ebs, n\u00eb Ballkan) na ndihmon t\u00eb mos vuajm\u00eb prej kompleksesh q\u00eb vijn\u00eb prej dob\u00ebsis\u00eb dhe inferioritetit. Na b\u00ebn t\u00eb mos na duket vetja si qyqar.<\/p>\n<p>Por\u2026 e keni v\u00ebn\u00eb re q\u00eb monolog\u00ebt e mi kan\u00eb gjithmon\u00eb nj\u00eb \u201cpor\u201d? \u2026Por Turqit kan\u00eb motive t\u00eb ndryshme nga tonat sa her\u00eb q\u00eb p\u00ebrpiqen ta forcojn\u00eb dhe ta k\u00ebndellin k\u00ebt\u00eb marr\u00ebdh\u00ebnie midis nesh dhe atyre.<\/p>\n<p>Ne jemi t\u00eb sigurt, e dim\u00eb t\u00eb gjith\u00eb se turqit do t\u00eb na ndodhen pran\u00eb, do t\u2019i kemi gjithmon\u00eb pran\u00eb, do t\u00eb na b\u00ebhen krah n\u00eb momente t\u00eb v\u00ebshtira t\u00eb historis\u00eb, si\u00e7 kan\u00eb b\u00ebr\u00eb dhe kan\u00eb dh\u00ebn\u00eb prova p\u00ebr k\u00ebt\u00eb.<\/p>\n<p>Por synimi i tyre \u00ebsht\u00eb q\u00eb n\u00eb nj\u00eb m\u00ebnyr\u00eb a n\u00eb nj\u00eb tjet\u00ebr, t\u00eb ringjallin ndikimin perandorak t\u00eb osman\u00ebve n\u00eb Ballkan. Dhe Shqip\u00ebria \u00ebsht\u00eb vendi m\u00eb i par\u00eb dhe m\u00eb i leht\u00eb p\u00ebr ta arritur k\u00ebt\u00eb objektiv. Me Erdoganin pastaj, otomanizim shpeshher\u00eb do t\u00eb thot\u00eb islamizim.<\/p>\n<p>Dhe n\u00eb k\u00ebt\u00eb pik\u00eb un\u00eb mendoj se ne shqiptar\u00ebt, dua t\u00eb them diplomat\u00ebt dhe diplomacia jon\u00eb duhet t\u00eb jen\u00eb m\u00eb inteligjent\u00eb dhe m\u00eb t\u00eb guximsh\u00ebm. Ata duhet t\u00eb gjejn\u00eb m\u00ebnyr\u00ebn me p\u00ebrul\u00ebsi, kuptohet (me turqit ne duhet t\u00eb sillemi gjithmon\u00eb mir\u00eb, sepse jan\u00eb aleati yn\u00eb i r\u00ebnd\u00ebsish\u00ebm), q\u00eb t\u2019ua b\u00ebjn\u00eb t\u00eb qart\u00eb turqve se p\u00ebr ne shqiptar\u00ebt Islami nuk ka at\u00eb r\u00ebnd\u00ebsi q\u00eb ka p\u00ebr ata.<\/p>\n<p>Jo thjesht dhe vet\u00ebm prej frik\u00ebs s\u00eb nj\u00eb dominimi fetar, dominim i t\u00eb nj\u00eb feje t\u00eb vetme, jo thjesht dhe vet\u00ebm prej faktit q\u00eb kjo gj\u00eb, n\u00ebse ndodh, do t\u00eb korruptonte, komprometonte, d\u00ebmtonte dhe dhunonte nj\u00eb pakt t\u00eb lidhur mes vedit, t\u00eb lidhur mes shqiptar\u00ebve qysh n\u00eb krye t\u00eb her\u00ebs, dhe q\u00eb bazohet te nj\u00eb lajtmotiv, te nj\u00eb deviz\u00eb q\u00eb \u00ebsht\u00eb e njohur p\u00ebr t\u00eb gjith\u00eb: \u201cFeja e shqiptarit \u00ebsht\u00eb shqiptaria\u201d.<\/p>\n<p>Por edhe faktit tjet\u00ebr, q\u00eb ne shqiptar\u00ebt k\u00ebshtu kemi qen\u00eb gjithmon\u00eb lidhur me fen\u00eb.<\/p>\n<p>T\u00eb par\u00ebt tan\u00eb na kan\u00eb p\u00ebrcjell\u00eb si trash\u00ebgimi t\u00eb tyre, dhe ne duhet t\u2019u p\u00ebrcjellim f\u00ebmij\u00ebve tan\u00eb si trash\u00ebgimi ton\u00ebn, nj\u00eb m\u00ebsim t\u00eb r\u00ebnd\u00ebsish\u00ebm: Me fen\u00eb nuk kemi pse t\u00eb fiksohemi p\u00ebr shkak t\u00eb natyr\u00ebs shum\u00ebfetare t\u00eb shoq\u00ebris\u00eb son\u00eb, t\u00eb kombit ton\u00eb. Me fen\u00eb ne nuk kemi pse t\u00eb fiksohemi.<\/p>\n<p>Ne duhet\u00a0ta relativizojm\u00eb r\u00ebnd\u00ebsin\u00eb e saj. Me besimet fetare, ne duhet t\u00eb nd\u00ebrtojm\u00eb nj\u00eb marr\u00ebdh\u00ebnie t\u00eb shkujdesur, sportive, t\u00eb shpenguar.<\/p>\n<p>Gjithashtu, ne duhet t\u2019u b\u00ebjm\u00eb t\u00eb qart\u00eb miqve tan\u00eb t\u00eb dashur turq se ne syt\u00eb i kemi nga Europa megjithat\u00eb, nga Per\u00ebndimi. Dhe ky \u00ebsht\u00eb nj\u00eb amanet q\u00eb na e kan\u00eb l\u00ebn\u00eb t\u00eb par\u00ebt tan\u00eb. Nj\u00eb amanet shum\u00eb i r\u00ebnd\u00ebsish\u00ebm.<\/p>\n<p>P\u00ebr ne shqiptar\u00ebt dielli lind andej nga per\u00ebndon. Ne nuk \u00ebsht\u00eb se jemi per\u00ebndimor\u00eb. T\u00eb kuptohemi. Nuk jemi. Ose t\u00eb pakt\u00ebn nuk jemi aq sa duhet t\u00eb dukemi dhe shtiremi. Por ne Per\u00ebndimin e duam. E duam pa kushte. E duam n\u00eb m\u00ebnyr\u00eb instiktive.<\/p>\n<p>Ne e adhurojm\u00eb Per\u00ebndimin. Mua m\u00eb kujtohet se n\u00eb vitet e l\u00ebvizjes studentore, m\u00eb shum\u00eb se tridhjet\u00eb vite m\u00eb par\u00eb, ishte nj\u00eb thirrje q\u00eb u b\u00eb si mantra e atyre koh\u00ebve.<\/p>\n<p>Dhe ajo thirrje nuk ishte: \u201cTa b\u00ebjm\u00eb Shqip\u00ebrin\u00eb si gjith\u00eb Turqia!\u201d, por ajo thirrje ishte: \u201cTa b\u00ebjm\u00eb Shqip\u00ebrin\u00eb si e gjith\u00eb Europa!\u201d. Dhe kjo thirrje nuk ishte nj\u00eb slogan i shpikur nga marifet\u00e7injt\u00eb politik\u00eb, p\u00ebr nj\u00eb konvenienc\u00eb t\u00eb \u00e7astit. P\u00ebrkundrazi, ishte nj\u00eb thirrje q\u00eb u dilte atyre njer\u00ebzve, atyre mij\u00ebra t\u00eb rinjve e student\u00ebve nga thell\u00ebsia e shpirtit t\u00eb tyre.<\/p>\n<p>Prandaj, un\u00eb mendoj se \u00e7do tentativ\u00eb e brendshme, apo e jashtme, p\u00ebr t\u00eb na b\u00ebr\u00eb q\u00eb t\u00eb ndryshojm\u00eb k\u00ebt\u00eb kurs tonin historik, p\u00ebr t\u00eb na b\u00ebr\u00eb q\u00eb ta heqim mendjen dhe syt\u00eb nga Per\u00ebndimi\u00a0 e t\u2019i drejtojm\u00eb nga Lindja, do t\u00eb ishte baras me nj\u00eb tentativ\u00eb p\u00ebr t\u00eb na p\u00ebrdhunuar. Turqit duhet ta din\u00eb nj\u00eb gj\u00eb t\u00eb till\u00eb. Dhe n\u00ebse nuk e din\u00eb, ne shqiptar\u00ebt duhet t\u2019ua themi k\u00ebt\u00eb gj\u00eb. Gjithnj\u00eb, me p\u00ebrul\u00ebsi.<\/p>\n<p><em>Monologu n\u00eb emisionin \u201cArnautistan\u201d n\u00eb MCN TV*<\/em><\/p>\n<p><em>Nga Gazeta Panorama<\/em><\/p>\n","protected":false},"excerpt":{"rendered":"<p>\u00a0Mustafa Nano: Vizitat e shpeshta t\u00eb Ram\u00ebs n\u00eb Turqi, aleanca me ta strategjike, por tentativa p\u00ebr t\u00eb na shk\u00ebputur nga Per\u00ebndimi do ishte p\u00ebrdhunim 5 qershor 2021 NGA MUSTAFA NANO Edi Rama \u00ebsht\u00eb kthyer sot nga nj\u00eb vizit\u00eb n\u00eb Turqi, dhe \u00ebsht\u00eb kthyer me \u201cduart plot\u00eb\u201d. Thonj\u00ebzat, n\u00eb fakt, edhe mund t\u00eb hiqen, sepse \u00ebsht\u00eb [&hellip;]<\/p>\n","protected":false},"author":9,"featured_media":47603,"comment_status":"open","ping_status":"open","sticky":false,"template":"","format":"standard","meta":{"jetpack_post_was_ever_published":false,"_jetpack_newsletter_access":"","_jetpack_dont_email_post_to_subs":false,"_jetpack_newsletter_tier_id":0,"_jetpack_memberships_contains_paywalled_content":false,"_jetpack_memberships_contains_paid_content":false,"footnotes":"","jetpack_publicize_message":"","jetpack_publicize_feature_enabled":true,"jetpack_social_post_already_shared":true,"jetpack_social_options":{"image_generator_settings":{"template":"highway","default_image_id":0,"font":"","enabled":false},"version":2}},"categories":[27,2],"tags":[],"class_list":["post-47602","post","type-post","status-publish","format-standard","has-post-thumbnail","hentry","category-blogu-i-udhetarit","category-politika"],"jetpack_publicize_connections":[],"jetpack_featured_media_url":"https:\/\/i0.wp.com\/www.shqiperia.com\/blog\/wp-content\/uploads\/2021\/06\/pjimage-2021-06-05T101323.395-433x300-1.jpg?fit=433%2C300&ssl=1","jetpack_sharing_enabled":true,"jetpack_shortlink":"https:\/\/wp.me\/p5Z6wp-cnM","jetpack-related-posts":[{"id":30273,"url":"https:\/\/www.shqiperia.com\/blog\/ja-pse-e-debuan-mesuesin-turk-mustafa-nano-rama-ska-fuqi-ti-thote-erdoganit-i-dashur-rexhep-te-kam-xhan-e-shpirt-por\/","url_meta":{"origin":47602,"position":0},"title":"\u201cJa pse e d\u00ebbuan m\u00ebsuesin turk\u201d, Mustafa Nano: Rama s\u2019ka fuqi t\u2019i thot\u00eb Erdoganit \u201cI dashur Rexhep, t\u00eb kam xhan e shpirt, por\u2026\u201d","author":"Kurt Farka","date":"January 12, 2020","format":false,"excerpt":"\u201cJa pse e d\u00ebbuan m\u00ebsuesin turk\u201d, Mustafa Nano: Rama s\u2019ka fuqi t\u2019i thot\u00eb Erdoganit \u201cI dashur Rexhep, t\u00eb kam xhan e shpirt, por\u2026\u201d 11janar 2020 Mustafa Nano n\u00eb monologun e tij n\u00eb \u201cProvokacija\u201d \u00ebsht\u00eb ndalur te \u00e7\u00ebshtja e d\u00ebbimit t\u00eb n\u00ebsuesit turk, Harun \u00c7elik nga Shqip\u00ebria. Mes t\u00eb tjerash, Nano\u2026","rel":"","context":"In &quot;Blogu i Udh\u00ebtarit&quot;","block_context":{"text":"Blogu i Udh\u00ebtarit","link":"https:\/\/www.shqiperia.com\/blog\/category\/blogu-i-udhetarit\/"},"img":{"alt_text":"","src":"https:\/\/i0.wp.com\/www.shqiperia.com\/blog\/wp-content\/uploads\/2020\/01\/Mustafa-Nano.jpg?fit=688%2C385&ssl=1&resize=350%2C200","width":350,"height":200,"srcset":"https:\/\/i0.wp.com\/www.shqiperia.com\/blog\/wp-content\/uploads\/2020\/01\/Mustafa-Nano.jpg?fit=688%2C385&ssl=1&resize=350%2C200 1x, https:\/\/i0.wp.com\/www.shqiperia.com\/blog\/wp-content\/uploads\/2020\/01\/Mustafa-Nano.jpg?fit=688%2C385&ssl=1&resize=525%2C300 1.5x"},"classes":[]},{"id":29279,"url":"https:\/\/www.shqiperia.com\/blog\/leri-librat-e-shenjte-mustafa-nano-thirrje-kryeministrit-rama-apeli-im-i-thjeshte-eshte-pervish-menget-dhe\/","url_meta":{"origin":47602,"position":1},"title":"\u201cL\u00ebri librat e shenjt\u00eb!\u201d- Mustafa Nano thirrje kryeministrit Rama: Apeli im i thjesht\u00eb \u00ebsht\u00eb, p\u00ebrvish m\u00ebng\u00ebt dhe\u2026","author":"Kurt Farka","date":"December 14, 2019","format":false,"excerpt":"\u201cL\u00ebri librat e shenjt\u00eb!\u201d- Mustafa Nano thirrje kryeministrit Rama: Apeli im i thjesht\u00eb \u00ebsht\u00eb, p\u00ebrvish m\u00ebng\u00ebt dhe\u2026 13 dhjetor 2019 Analisti Mustafa Nano i \u00ebsht\u00eb drejtuar me nj\u00eb apel kryeministrit Edi Rama, duke k\u00ebrkuar q\u00eb ai t\u00eb l\u00ebr\u00eb librat e shenjt\u00eb. N\u00eb emisionin e tij Provokacja, Mustafa Nano thot\u00eb se\u2026","rel":"","context":"In &quot;Blogu i Udh\u00ebtarit&quot;","block_context":{"text":"Blogu i Udh\u00ebtarit","link":"https:\/\/www.shqiperia.com\/blog\/category\/blogu-i-udhetarit\/"},"img":{"alt_text":"","src":"https:\/\/i0.wp.com\/www.shqiperia.com\/blog\/wp-content\/uploads\/2019\/12\/nano-mustafa.jpg?fit=753%2C398&ssl=1&resize=350%2C200","width":350,"height":200,"srcset":"https:\/\/i0.wp.com\/www.shqiperia.com\/blog\/wp-content\/uploads\/2019\/12\/nano-mustafa.jpg?fit=753%2C398&ssl=1&resize=350%2C200 1x, https:\/\/i0.wp.com\/www.shqiperia.com\/blog\/wp-content\/uploads\/2019\/12\/nano-mustafa.jpg?fit=753%2C398&ssl=1&resize=525%2C300 1.5x, https:\/\/i0.wp.com\/www.shqiperia.com\/blog\/wp-content\/uploads\/2019\/12\/nano-mustafa.jpg?fit=753%2C398&ssl=1&resize=700%2C400 2x"},"classes":[]},{"id":43379,"url":"https:\/\/www.shqiperia.com\/blog\/te-lidhur-pas-karroces-se-erdoganit-media-greke-flet-per-raportet-shqiperi-turqi-rama-u-kthye-me-dhurata-parazgjedhore-nga-ankaraja-presidenti-turk-e-do-sepse\/","url_meta":{"origin":47602,"position":2},"title":"\u201cT\u00eb lidhur pas karroc\u00ebs s\u00eb Erdoganit!\u201d. &#8211; Media greke flet p\u00ebr raportet Shqip\u00ebri-Turqi: Rama u kthye me \u201cdhurata\u201d parazgjedhore nga Ankaraja, presidenti turk e do sepse\u2026","author":"Kurt Farka","date":"January 26, 2021","format":false,"excerpt":"\u201cT\u00eb lidhur pas karroc\u00ebs s\u00eb Erdoganit!\u201d. - Media greke flet p\u00ebr raportet Shqip\u00ebri-Turqi: Rama u kthye me \u201cdhurata\u201d parazgjedhore nga Ankaraja, presidenti turk e do sepse\u2026 26 janar 2021 Gazeta greke \u201cKathimerini\u201d n\u00eb nj\u00eb shkrim me titull \u201cDhuratat parazgjedhore te Erdoganit p\u00ebr Ram\u00ebn\u201d ka trajtuar raportet mes dy udh\u00ebheq\u00ebsve, vizit\u00ebn\u2026","rel":"","context":"In &quot;Blogu i Udh\u00ebtarit&quot;","block_context":{"text":"Blogu i Udh\u00ebtarit","link":"https:\/\/www.shqiperia.com\/blog\/category\/blogu-i-udhetarit\/"},"img":{"alt_text":"","src":"https:\/\/i0.wp.com\/www.shqiperia.com\/blog\/wp-content\/uploads\/2021\/01\/ra-erdo-500x357-Copy.jpg?fit=500%2C282&ssl=1&resize=350%2C200","width":350,"height":200},"classes":[]},{"id":53669,"url":"https:\/\/www.shqiperia.com\/blog\/mustafa-nano-ja-si-ilir-meta-po-shpeton-sali-berishen-nuk-besoj-se-shba-se-po-i-digjet-barku-per-bashen-por-ata-kane-ne-plan-qe\/","url_meta":{"origin":47602,"position":3},"title":"Mustafa Nano: &#8211; Ja si Ilir Meta po &#8220;shp\u00ebton&#8221; Sali Berish\u00ebn! &#8211; Nuk besoj se SHBA-s\u00eb po i digjet barku p\u00ebr Bash\u00ebn, por ata kan\u00eb n\u00eb plan q\u00eb&#8230;","author":"Kurt Farka","date":"February 2, 2022","format":false,"excerpt":"Mustafa Nano: - Ja si Ilir Meta po \"shp\u00ebton\" Sali Berish\u00ebn! - Nuk besoj se SHBA-s\u00eb po i digjet barku p\u00ebr Bash\u00ebn, por ata kan\u00eb n\u00eb plan q\u00eb... 31 JANAR 2022 Analisti Mustafa Nano u shpreh se hyrja n\u00eb zgjedhjet e pjesshme vendore t\u00eb Grupi i Rithemelimit s\u00eb bashku me\u2026","rel":"","context":"In &quot;Blogu i Udh\u00ebtarit&quot;","block_context":{"text":"Blogu i Udh\u00ebtarit","link":"https:\/\/www.shqiperia.com\/blog\/category\/blogu-i-udhetarit\/"},"img":{"alt_text":"","src":"https:\/\/i0.wp.com\/www.shqiperia.com\/blog\/wp-content\/uploads\/2022\/02\/mustafa-Nano.png?fit=870%2C487&ssl=1&resize=350%2C200","width":350,"height":200,"srcset":"https:\/\/i0.wp.com\/www.shqiperia.com\/blog\/wp-content\/uploads\/2022\/02\/mustafa-Nano.png?fit=870%2C487&ssl=1&resize=350%2C200 1x, https:\/\/i0.wp.com\/www.shqiperia.com\/blog\/wp-content\/uploads\/2022\/02\/mustafa-Nano.png?fit=870%2C487&ssl=1&resize=525%2C300 1.5x, https:\/\/i0.wp.com\/www.shqiperia.com\/blog\/wp-content\/uploads\/2022\/02\/mustafa-Nano.png?fit=870%2C487&ssl=1&resize=700%2C400 2x"},"classes":[]},{"id":43816,"url":"https:\/\/www.shqiperia.com\/blog\/fatos-nano-duke-marre-fryme-me-zor-del-dhe-kryen-sherbimet-e-fundit-ndaj-edi-rames\/","url_meta":{"origin":47602,"position":4},"title":"Fatos Nano duke marr\u00eb frym\u00eb me zor, del dhe kryen sh\u00ebrbimet e fundit ndaj Edi Ram\u00ebs","author":"Kurt Farka","date":"February 5, 2021","format":false,"excerpt":"Fatos Nano duke marr\u00eb frym\u00eb me zor, del dhe kryen sh\u00ebrbimet e fundit ndaj Edi Ram\u00ebs 05\/02\/2021 Nga Herion Mesi- ...\"Pyetja shtrohet n\u00ebse jan\u00eb sh\u00ebrbime t\u00eb paguara me ndonj\u00eb leje t\u00eb re nd\u00ebrtimi pas TEG-ut apo n\u00eb qend\u00ebr t\u00eb Tiran\u00ebs, kjo mbetet t\u00eb investigohet\".... Ish-kryeministri Fatos Nano n\u00eb nj\u00eb rr\u00ebfim\u2026","rel":"","context":"In &quot;Blogu i Udh\u00ebtarit&quot;","block_context":{"text":"Blogu i Udh\u00ebtarit","link":"https:\/\/www.shqiperia.com\/blog\/category\/blogu-i-udhetarit\/"},"img":{"alt_text":"","src":"https:\/\/i0.wp.com\/www.shqiperia.com\/blog\/wp-content\/uploads\/2021\/02\/nano-750x375-1.jpg?fit=750%2C375&ssl=1&resize=350%2C200","width":350,"height":200,"srcset":"https:\/\/i0.wp.com\/www.shqiperia.com\/blog\/wp-content\/uploads\/2021\/02\/nano-750x375-1.jpg?fit=750%2C375&ssl=1&resize=350%2C200 1x, https:\/\/i0.wp.com\/www.shqiperia.com\/blog\/wp-content\/uploads\/2021\/02\/nano-750x375-1.jpg?fit=750%2C375&ssl=1&resize=525%2C300 1.5x, https:\/\/i0.wp.com\/www.shqiperia.com\/blog\/wp-content\/uploads\/2021\/02\/nano-750x375-1.jpg?fit=750%2C375&ssl=1&resize=700%2C400 2x"},"classes":[]},{"id":16029,"url":"https:\/\/www.shqiperia.com\/blog\/deklarata-e-mustafa-nanos-rama-eshte-i-lodhur-skuptoj-pse-rri-akoma-me-vjen-turp-prej-tij\/","url_meta":{"origin":47602,"position":5},"title":"Deklarata e Mustafa Nanos: &#8211; Rama \u00ebsht\u00eb i lodhur, s\u2019kuptoj pse rri akoma? M\u00eb vjen turp prej tij. &#8211;","author":"Kurt Farka","date":"January 14, 2019","format":false,"excerpt":"Deklarata e Mustafa Nanos: - Rama \u00ebsht\u00eb i lodhur, s\u2019kuptoj pse rri akoma? M\u00eb vjen turp prej tij. - Mustafa Nano gjat\u00eb emisionit \u201cOpinion\u201d\u00a0 ka b\u00ebr\u00eb nj\u00eb deklarat\u00eb t\u00eb fort\u00eb ku ka kritikuar hapur dhe ashp\u00ebr Edi Ram\u00ebn. \u201cUn\u00eb k\u00ebt\u00eb protest\u00eb e kam par\u00eb si nj\u00eb protest\u00eb kund\u00ebr qeveris\u00eb, deri\u2026","rel":"","context":"In &quot;Blogu i Udh\u00ebtarit&quot;","block_context":{"text":"Blogu i Udh\u00ebtarit","link":"https:\/\/www.shqiperia.com\/blog\/category\/blogu-i-udhetarit\/"},"img":{"alt_text":"","src":"https:\/\/i0.wp.com\/www.shqiperia.com\/blog\/wp-content\/uploads\/2019\/01\/nanao.jpg?fit=874%2C523&ssl=1&resize=350%2C200","width":350,"height":200,"srcset":"https:\/\/i0.wp.com\/www.shqiperia.com\/blog\/wp-content\/uploads\/2019\/01\/nanao.jpg?fit=874%2C523&ssl=1&resize=350%2C200 1x, https:\/\/i0.wp.com\/www.shqiperia.com\/blog\/wp-content\/uploads\/2019\/01\/nanao.jpg?fit=874%2C523&ssl=1&resize=525%2C300 1.5x, https:\/\/i0.wp.com\/www.shqiperia.com\/blog\/wp-content\/uploads\/2019\/01\/nanao.jpg?fit=874%2C523&ssl=1&resize=700%2C400 2x"},"classes":[]}],"_links":{"self":[{"href":"https:\/\/www.shqiperia.com\/blog\/wp-json\/wp\/v2\/posts\/47602","targetHints":{"allow":["GET"]}}],"collection":[{"href":"https:\/\/www.shqiperia.com\/blog\/wp-json\/wp\/v2\/posts"}],"about":[{"href":"https:\/\/www.shqiperia.com\/blog\/wp-json\/wp\/v2\/types\/post"}],"author":[{"embeddable":true,"href":"https:\/\/www.shqiperia.com\/blog\/wp-json\/wp\/v2\/users\/9"}],"replies":[{"embeddable":true,"href":"https:\/\/www.shqiperia.com\/blog\/wp-json\/wp\/v2\/comments?post=47602"}],"version-history":[{"count":1,"href":"https:\/\/www.shqiperia.com\/blog\/wp-json\/wp\/v2\/posts\/47602\/revisions"}],"predecessor-version":[{"id":47604,"href":"https:\/\/www.shqiperia.com\/blog\/wp-json\/wp\/v2\/posts\/47602\/revisions\/47604"}],"wp:featuredmedia":[{"embeddable":true,"href":"https:\/\/www.shqiperia.com\/blog\/wp-json\/wp\/v2\/media\/47603"}],"wp:attachment":[{"href":"https:\/\/www.shqiperia.com\/blog\/wp-json\/wp\/v2\/media?parent=47602"}],"wp:term":[{"taxonomy":"category","embeddable":true,"href":"https:\/\/www.shqiperia.com\/blog\/wp-json\/wp\/v2\/categories?post=47602"},{"taxonomy":"post_tag","embeddable":true,"href":"https:\/\/www.shqiperia.com\/blog\/wp-json\/wp\/v2\/tags?post=47602"}],"curies":[{"name":"wp","href":"https:\/\/api.w.org\/{rel}","templated":true}]}}