{"id":47598,"date":"2021-06-04T19:04:57","date_gmt":"2021-06-04T19:04:57","guid":{"rendered":"https:\/\/www.shqiperia.com\/blog\/?p=47598"},"modified":"2021-06-04T19:06:43","modified_gmt":"2021-06-04T19:06:43","slug":"spak-u-pergatitet-per-arrestime-nga-radhet-vip-tre-ish-ministra-gati-per-qeli","status":"publish","type":"post","link":"https:\/\/www.shqiperia.com\/blog\/spak-u-pergatitet-per-arrestime-nga-radhet-vip-tre-ish-ministra-gati-per-qeli\/","title":{"rendered":"SPAK-u pergatitet p\u00ebr arrestime nga radh\u00ebt VIP, tre ish-ministra gati p\u00ebr qeli"},"content":{"rendered":"<p><img data-recalc-dims=\"1\" loading=\"lazy\" decoding=\"async\" data-attachment-id=\"47600\" data-permalink=\"https:\/\/www.shqiperia.com\/blog\/spak-u-pergatitet-per-arrestime-nga-radhet-vip-tre-ish-ministra-gati-per-qeli\/spak-1-750x375\/\" data-orig-file=\"https:\/\/i0.wp.com\/www.shqiperia.com\/blog\/wp-content\/uploads\/2021\/06\/SPAK-1-750x375-1.jpg?fit=750%2C375&amp;ssl=1\" data-orig-size=\"750,375\" data-comments-opened=\"1\" data-image-meta=\"{&quot;aperture&quot;:&quot;0&quot;,&quot;credit&quot;:&quot;&quot;,&quot;camera&quot;:&quot;&quot;,&quot;caption&quot;:&quot;&quot;,&quot;created_timestamp&quot;:&quot;0&quot;,&quot;copyright&quot;:&quot;&quot;,&quot;focal_length&quot;:&quot;0&quot;,&quot;iso&quot;:&quot;0&quot;,&quot;shutter_speed&quot;:&quot;0&quot;,&quot;title&quot;:&quot;&quot;,&quot;orientation&quot;:&quot;0&quot;}\" data-image-title=\"SPAK-1-750&#215;375\" data-image-description=\"\" data-image-caption=\"\" data-medium-file=\"https:\/\/i0.wp.com\/www.shqiperia.com\/blog\/wp-content\/uploads\/2021\/06\/SPAK-1-750x375-1.jpg?fit=300%2C150&amp;ssl=1\" data-large-file=\"https:\/\/i0.wp.com\/www.shqiperia.com\/blog\/wp-content\/uploads\/2021\/06\/SPAK-1-750x375-1.jpg?fit=750%2C375&amp;ssl=1\" class=\"alignnone wp-image-47600\" alt=\"\" src=\"https:\/\/i0.wp.com\/www.shqiperia.com\/blog\/wp-content\/uploads\/2021\/06\/SPAK-1-750x375-1.jpg?resize=558%2C279&#038;ssl=1\" width=\"558\" height=\"279\" srcset=\"https:\/\/i0.wp.com\/www.shqiperia.com\/blog\/wp-content\/uploads\/2021\/06\/SPAK-1-750x375-1.jpg?resize=300%2C150&amp;ssl=1 300w, https:\/\/i0.wp.com\/www.shqiperia.com\/blog\/wp-content\/uploads\/2021\/06\/SPAK-1-750x375-1.jpg?resize=450%2C225&amp;ssl=1 450w, https:\/\/i0.wp.com\/www.shqiperia.com\/blog\/wp-content\/uploads\/2021\/06\/SPAK-1-750x375-1.jpg?resize=600%2C300&amp;ssl=1 600w, https:\/\/i0.wp.com\/www.shqiperia.com\/blog\/wp-content\/uploads\/2021\/06\/SPAK-1-750x375-1.jpg?resize=400%2C200&amp;ssl=1 400w, https:\/\/i0.wp.com\/www.shqiperia.com\/blog\/wp-content\/uploads\/2021\/06\/SPAK-1-750x375-1.jpg?w=750&amp;ssl=1 750w\" sizes=\"auto, (max-width: 558px) 100vw, 558px\" \/><\/p>\n<p>SPAK-u pergatitet p\u00ebr arrestime nga radh\u00ebt VIP, tre ish-ministra gati p\u00ebr qeli<\/p>\n<p>N\u00eb radh\u00ebt e tre partive kryesore kan\u00eb filluar t\u00eb dridhurat, pasi mundet edhe p\u00ebr &#8220;barazi&#8221;, SPAK-u do arrestoj\u00eb nga nj\u00eb ish-minist\u00ebr p\u00ebr sejcilen forc\u00eb politike, si fillim. Me pas do ngjiten edhe me lart!<\/p>\n<p><a href=\"https:\/\/kohajone.com\/spak-u-mpreh-thikat-per-arrestime-nga-radhet-vip-tre-ish-ministra-gati-per-qeli\/\">04\/06\/2021 <\/a><\/p>\n<p><strong>Nga Herion Mesi<\/strong><\/p>\n<p>M\u00eb n\u00eb fund m\u00ebsohet se SPAK-u filloi mprehjen e \u201cthikave\u201d p\u00ebr politikan\u00ebt VIP, t\u00eb cil\u00ebt kan\u00eb qen\u00eb t\u00eb papreksh\u00ebm deri tani. Nj\u00eb dosje e bujshme pritet t\u00eb firmoset k\u00ebto dit\u00eb p\u00ebr nj\u00eb politikan t\u00eb lart\u00eb. Por edhe tre ish-ministra po p\u00ebrgatiten p\u00ebr sirenat e furgonit t\u00eb arrestimeve.<\/p>\n<p>Prokuror\u00ebt e SPAK po zhvillojn\u00eb hetime t\u00eb ethshme ndaj tyre, por edhe disa emrave nga politika e lart\u00eb dhe zyrtar\u00eb qeveritar\u00eb q\u00eb kan\u00eb firmosur p\u00ebr vjedhjen e fondeve publike.<\/p>\n<p>Ambasadorja amerikane Kim si dhe ambasador\u00eb t\u00eb tjer\u00eb n\u00eb Tiran\u00eb kan\u00eb b\u00ebr\u00eb thirrje t\u00eb her\u00ebpashershme q\u00eb reforma n\u00eb drejt\u00ebsi duhet t\u00eb prodhoj\u00eb besim e drejt\u00ebsi.<\/p>\n<p>Por deri tani te VIP-at nuk ka arritur asnj\u00eb prokuror.<\/p>\n<p>Shqip\u00ebria shquhet p\u00ebr korrupsion golapant dhe mbetet n\u00eb shenj\u00ebstren e BE dhe SHBA. Dje Sht\u00ebpia e Bardh\u00eb e shpalli luft\u00ebn kund\u00ebr korrupsionit si nj\u00eb p\u00ebrpar\u00ebsi themelore t\u00eb interesave t\u00eb siguris\u00eb komb\u00ebtare t\u00eb Shteteve t\u00eb Bashkuara.<\/p>\n<p>P\u00ebrmes nj\u00eb memorandumi Presidenti Biden thot\u00eb se \u201cadministrata amerikane do t\u00eb udh\u00ebheq\u00eb p\u00ebrpjekjet p\u00ebr t\u00eb nxitur qeverisje t\u00eb mir\u00eb, transparenc\u00eb n\u00eb sistemet financiare t\u00eb Shteteve t\u00eb Bashkuara dhe globale, si dhe p\u00ebr t\u00eb parandaluar dhe luftuar korrupsionin brenda dhe jasht\u00eb vendit\u201d.<\/p>\n<p>Me p\u00ebrfshirjen e luft\u00ebs anti-korrupsion n\u00eb p\u00ebrpar\u00ebsit\u00eb e saj, administrata Biden angazhohet t\u00eb nd\u00ebrmarr\u00eb hapa t\u00eb rinj p\u00ebr t\u00eb v\u00ebn\u00eb para p\u00ebrgjegj\u00ebsis\u00eb individ\u00ebt e korruptuar, organizatat kriminale transnacionale dhe aktor\u00eb t\u00eb tjer\u00eb t\u00eb p\u00ebrfshir\u00eb n\u00eb veprimtari t\u00eb paligjshme.<\/p>\n<p>Pra sinjali p\u00ebr veprim u dha dje nga shteti m\u00eb i fuqish\u00ebm n\u00eb bot\u00eb, SHBA, q\u00eb mbetet aleati yn\u00eb m\u00eb i madh dhe m\u00eb i sigurt\u00eb. Ata inicuan luft\u00eb bot\u00ebrore ndaj k\u00ebtij fenomeni q\u00eb g\u00ebrryen nj\u00eb shoqeri demokratike, aq me tep\u00ebr nj\u00eb shoqeri si kjo e Shqip\u00ebris\u00eb me probleme n\u00eb funksionimin e demokracis\u00eb.<\/p>\n<p>Dokumenti q\u00eb botoi VOA thot\u00eb se \u201cse kjo gjithashtu n\u00ebnkupton rritjen e mb\u00ebshtetjes p\u00ebr forcimin e aft\u00ebsive t\u00eb shoq\u00ebris\u00eb civile, medias, organeve shtet\u00ebrore dhe lokale, partner\u00ebve nd\u00ebrkomb\u00ebtar\u00eb dhe aktor\u00ebve t\u00eb tjer\u00eb t\u00eb mbik\u00ebqyrjes dhe llogaridh\u00ebnies.<\/p>\n<p>\u201cKorrupsioni\u201d, thuhet n\u00eb dokument, \u201cshkat\u00ebrron demokracin\u00eb nga brenda dhe gjithnj\u00eb e m\u00eb shum\u00eb p\u00ebrdoret si instrument nga shtetet autoritare p\u00ebr t\u00eb minuar institucionet demokratike\u201d.<\/p>\n<p>Administrata amerikane angazhohet \u201ct\u00eb godas\u00eb parajsat fiskale dhe financimet e paligjshme, q\u00eb kontribuojn\u00eb n\u00eb pabarazin\u00eb e t\u00eb ardhurave, financimin e terrorizmit dhe rrisin ndikimin e huaj keqdash\u00ebs\u201d, thuhet n\u00eb memorandum amerikan.<\/p>\n<p>Ndaj SPAK ka fush\u00eb t\u00eb gjer\u00eb veprimi ndaj personave zyrtar\u00eb shtetror\u00eb q\u00eb nd\u00ebr vite, dhe tani, kan\u00eb shkelur ligjet duke prekur fondet publike, pra taksat e qytetar\u00ebve shqiptar\u00eb.<\/p>\n<p>Po k\u00ebshtu presidenti amerikan theksoi n\u00eb ve\u00e7anti se duhen goditur parajsat fiskale t\u00eb politikan\u00ebve dhe njer\u00ebzve me influenc\u00eb vendimmarr\u00ebse n\u00eb nj\u00eb shtet, natyrisht si n\u00eb Shqip\u00ebri, ku oligark\u00ebt b\u00ebjn\u00eb ligjin.<\/p>\n<p>SPAK po b\u00ebhet gati p\u00ebr arrestimet e para VIP. Kjo ver\u00eb do jet\u00eb shum\u00eb e nxeht\u00eb, sidomos vjeshta tregojn\u00eb burime nga \u201crruga e Elbasanit\u201d.<\/p>\n<p>Shqiptar\u00ebt presin drejt\u00ebsi dhe drejt\u00ebsia vendoset duke fillura nga kokat e m\u00ebdha politike dhe vendimmarr\u00ebse t\u00eb fondeve publike.<\/p>\n<p>N\u00eb radh\u00ebt e tre partive kryesore kan\u00eb filluar t\u00eb dridhurat, pasi mundet edhe p\u00ebr \u201cbarazi\u201d, SPAK-u do arrestoj\u00eb nga nj\u00eb ish-minist\u00ebr p\u00ebr sejcilen forc\u00eb politike, si fillim.<\/p>\n<p>Me pas do ngjiten edhe me lart!<\/p>\n<p>Duke iu rikthyer dokumentit amerikan, kjo krijon garanci dhe besim te SPAK.<\/p>\n<p>Gary Kalman, Drejtor i Zyr\u00ebs s\u00eb Shteteve t\u00eb Bashkuara p\u00ebr Organizat\u00ebn Transparency International, thot\u00eb p\u00ebr Z\u00ebri Amerik\u00ebs se me memorandumin q\u00eb e konsideron luft\u00ebn kund\u00ebr korrupsionit nj\u00eb p\u00ebrpar\u00ebsi themelore, administrata e Presidentit Biden, po d\u00ebrgon nj\u00eb mesazh t\u00eb fort\u00eb.<\/p>\n<p><em>\u201cShohim nj\u00eb interes real p\u00ebr t\u2019u angazhuar dhe programi anti-korrupsion duket t\u00eb jet\u00eb nj\u00eb p\u00ebrpar\u00ebsi p\u00ebr ta, gj\u00eb q\u00eb mendoj se \u00ebsht\u00eb shum\u00eb e r\u00ebnd\u00ebsishme\u201d, thot\u00eb ai p\u00ebr Z\u00ebrin e Amerik\u00ebs.<\/em><\/p>\n<p>Charles Kupchan, studiues n\u00eb K\u00ebshillin p\u00ebr Marr\u00ebdh\u00ebniet me Jasht\u00eb, \u00ebsht\u00eb dakord.<\/p>\n<p><em>\u201cMendoj se \u00ebsht\u00eb nj\u00eb mesazh paralajm\u00ebrues p\u00ebr shum\u00eb individ\u00eb q\u00eb p\u00ebrdorin praktika korruptive n\u00eb gjith\u00eb bot\u00ebn, qofshin n\u00eb qeveri ose jasht\u00eb tyre\u201d, thot\u00eb zoti Kupchan p\u00ebr Z\u00ebrin e Amerik\u00ebs.<\/em><\/p>\n<p>N\u00eb dokument thuhet se \u201cadministrata amerikane do t\u00eb udh\u00ebheq\u00eb p\u00ebrpjekjet p\u00ebr t\u00eb nxitur qeverisje t\u00eb mir\u00eb, transparenc\u00eb n\u00eb sistemet financiare t\u00eb Shteteve t\u00eb Bashkuara dhe globale, si dhe p\u00ebr t\u00eb parandaluar dhe luftuar korrupsionin brenda dhe jasht\u00eb vendit\u201d.<\/p>\n<p>N\u00ebse SPAK punon seriozisht do t\u00eb gjej\u00eb thesare n\u00eb parajsat fiskale p\u00ebr VIP politikan\u00eb, biznesmen\u00eb dhe njer\u00ebz t\u00eb medias q\u00eb na b\u00ebjn\u00eb leksion p\u00ebr \u201cshtet ligjor\u201d kurse p\u00ebr vehte b\u00ebjn\u00eb namin.<\/p>\n<p>Nd\u00ebrkoh\u00eb Ambasadorja amerikane Kim mbetet nj\u00eb suport i r\u00ebnd\u00ebsish\u00ebm n\u00eb luft\u00ebn ndaj korrupsionit n\u00eb Shqip\u00ebri.<\/p>\n<p>Gazeta Koha e Jone<\/p>\n","protected":false},"excerpt":{"rendered":"<p>SPAK-u pergatitet p\u00ebr arrestime nga radh\u00ebt VIP, tre ish-ministra gati p\u00ebr qeli N\u00eb radh\u00ebt e tre partive kryesore kan\u00eb filluar t\u00eb dridhurat, pasi mundet edhe p\u00ebr &#8220;barazi&#8221;, SPAK-u do arrestoj\u00eb nga nj\u00eb ish-minist\u00ebr p\u00ebr sejcilen forc\u00eb politike, si fillim. Me pas do ngjiten edhe me lart! 04\/06\/2021 Nga Herion Mesi M\u00eb n\u00eb fund m\u00ebsohet se [&hellip;]<\/p>\n","protected":false},"author":9,"featured_media":47600,"comment_status":"open","ping_status":"open","sticky":false,"template":"","format":"standard","meta":{"jetpack_post_was_ever_published":false,"_jetpack_newsletter_access":"","_jetpack_dont_email_post_to_subs":false,"_jetpack_newsletter_tier_id":0,"_jetpack_memberships_contains_paywalled_content":false,"_jetpack_memberships_contains_paid_content":false,"footnotes":"","jetpack_publicize_message":"","jetpack_publicize_feature_enabled":true,"jetpack_social_post_already_shared":true,"jetpack_social_options":{"image_generator_settings":{"template":"highway","default_image_id":0,"font":"","enabled":false},"version":2}},"categories":[27,2],"tags":[],"class_list":["post-47598","post","type-post","status-publish","format-standard","has-post-thumbnail","hentry","category-blogu-i-udhetarit","category-politika"],"jetpack_publicize_connections":[],"jetpack_featured_media_url":"https:\/\/i0.wp.com\/www.shqiperia.com\/blog\/wp-content\/uploads\/2021\/06\/SPAK-1-750x375-1.jpg?fit=750%2C375&ssl=1","jetpack_sharing_enabled":true,"jetpack_shortlink":"https:\/\/wp.me\/p5Z6wp-cnI","jetpack-related-posts":[{"id":58392,"url":"https:\/\/www.shqiperia.com\/blog\/do-kete-arrestime-te-bujshme-spartak-braho-spak-do-vere-ne-pranga-ministra-aktuale-dhe-ish-ministra-do-te-godase\/","url_meta":{"origin":47598,"position":0},"title":"\u201cDo ket\u00eb arrestime t\u00eb bujshme\u201d, Spartak Braho: &#8211; SPAK do v\u00ebr\u00eb n\u00eb pranga ministra aktual\u00eb dhe ish-ministra, do t\u00eb godas\u00eb&#8230;.","author":"Kurt Farka","date":"June 1, 2022","format":false,"excerpt":"31 MAJ 2022 Ish-deputeti socialist Spartak Braho ka folur mbr\u00ebmjen e sotme n\u00eb nj\u00eb emision televiziv p\u00ebr situat\u00ebn aktuale dhe arrestimet q\u00eb po b\u00ebn SPAK koh\u00ebt e fundit. Braho deklaron se Prokuroria e Posa\u00e7me Anti-korrupsion do t\u00eb godas\u00eb n\u00eb rang\u00ebt m\u00eb t\u00eb larta politike, duke paralajm\u00ebruar se nga hetimet e\u2026","rel":"","context":"In &quot;Blogu i Udh\u00ebtarit&quot;","block_context":{"text":"Blogu i Udh\u00ebtarit","link":"https:\/\/www.shqiperia.com\/blog\/category\/blogu-i-udhetarit\/"},"img":{"alt_text":"","src":"https:\/\/i0.wp.com\/www.shqiperia.com\/blog\/wp-content\/uploads\/2022\/06\/Spartak-Braho.jpg?fit=665%2C357&ssl=1&resize=350%2C200","width":350,"height":200,"srcset":"https:\/\/i0.wp.com\/www.shqiperia.com\/blog\/wp-content\/uploads\/2022\/06\/Spartak-Braho.jpg?fit=665%2C357&ssl=1&resize=350%2C200 1x, https:\/\/i0.wp.com\/www.shqiperia.com\/blog\/wp-content\/uploads\/2022\/06\/Spartak-Braho.jpg?fit=665%2C357&ssl=1&resize=525%2C300 1.5x"},"classes":[]},{"id":88960,"url":"https:\/\/www.shqiperia.com\/blog\/me-shume-se-gjysma-e-bashkive-ne-hetim-nga-spak\/","url_meta":{"origin":47598,"position":1},"title":"M\u00eb shum\u00eb se gjysma e bashkive n\u00eb hetim nga SPAK","author":"Kurt Farka","date":"February 4, 2025","format":false,"excerpt":"4 Shkurt 2025 Dit\u00ebn kur firmosi formularin e dekriminalizimit, Qerim Ismailaj, ishte ende kandidat p\u00ebr Bashkin\u00eb e Mallakastr\u00ebs. Kryebashkiaku i ardhsh\u00ebm shkroi n\u00eb formular se gjat\u00eb koh\u00ebs kur ishte emigrant n\u00eb Greqi, ai nuk kishte pasur probleme me drejt\u00ebsin\u00eb. Nj\u00eb deklarat\u00eb q\u00eb u vu n\u00eb dyshim nga Partia Demokratike p\u00ebrmes\u2026","rel":"","context":"In &quot;Blogu i Udh\u00ebtarit&quot;","block_context":{"text":"Blogu i Udh\u00ebtarit","link":"https:\/\/www.shqiperia.com\/blog\/category\/blogu-i-udhetarit\/"},"img":{"alt_text":"","src":"https:\/\/i0.wp.com\/www.shqiperia.com\/blog\/wp-content\/uploads\/2025\/02\/collage-1-1.jpg?fit=600%2C400&ssl=1&resize=350%2C200","width":350,"height":200,"srcset":"https:\/\/i0.wp.com\/www.shqiperia.com\/blog\/wp-content\/uploads\/2025\/02\/collage-1-1.jpg?fit=600%2C400&ssl=1&resize=350%2C200 1x, https:\/\/i0.wp.com\/www.shqiperia.com\/blog\/wp-content\/uploads\/2025\/02\/collage-1-1.jpg?fit=600%2C400&ssl=1&resize=525%2C300 1.5x"},"classes":[]},{"id":57768,"url":"https:\/\/www.shqiperia.com\/blog\/presioni-politik-ndaj-spak-fatmir-xhafaj-sulmi-vjen-nga-frika-prej-mekateve-korruptive\/","url_meta":{"origin":47598,"position":2},"title":"Presioni politik ndaj SPAK. Fatmir Xhafaj: &#8211; Sulmi vjen nga frika prej mekateve Korruptive","author":"Kurt Farka","date":"May 10, 2022","format":false,"excerpt":"Presioni politik ndaj SPAK. Fatmir Xhafaj: - Sulmi vjen nga frika prej mekateve Korruptive - 10.05.2022 I konsideruar si nj\u00eb prej arkitekt\u00ebve t\u00eb sistemit t\u00eb ri t\u00eb gjyq\u00ebsor, Fatmir Xhafaj ka dh\u00ebn\u00eb nj\u00eb intervist\u00eb ku shpjegon se p\u00ebrse po sulmohen strukturat e drejt\u00ebsis\u00eb s\u00eb re n\u00eb k\u00ebto momente nga politika.\u2026","rel":"","context":"In &quot;Blogu i Udh\u00ebtarit&quot;","block_context":{"text":"Blogu i Udh\u00ebtarit","link":"https:\/\/www.shqiperia.com\/blog\/category\/blogu-i-udhetarit\/"},"img":{"alt_text":"","src":"https:\/\/i0.wp.com\/www.shqiperia.com\/blog\/wp-content\/uploads\/2022\/05\/640-0-a-300x180.jpeg?resize=350%2C200&ssl=1","width":350,"height":200,"srcset":"https:\/\/i0.wp.com\/www.shqiperia.com\/blog\/wp-content\/uploads\/2022\/05\/640-0-a-300x180.jpeg?resize=350%2C200&ssl=1 1x, https:\/\/i0.wp.com\/www.shqiperia.com\/blog\/wp-content\/uploads\/2022\/05\/640-0-a-300x180.jpeg?resize=525%2C300&ssl=1 1.5x"},"classes":[]},{"id":77388,"url":"https:\/\/www.shqiperia.com\/blog\/rama-ne-alarm-kujdes-nga-spak-u-mbyllini-dyert\/","url_meta":{"origin":47598,"position":3},"title":"Rama, n\u00eb alarm: &#8211; Kujdes nga SPAK-u! Mbyllini dyert!","author":"Kurt Farka","date":"January 18, 2024","format":false,"excerpt":"18 Janar 2024 SPAK ka alarmuar jo pak kryeministrin Edi Rama, shum\u00eb arrestime, ish-ministra t\u00eb tij, ish-deputet\u00eb, ish-kryetar\u00eb bashkish pas prangave, ish-zv.kryeministri n\u00eb arrati, t\u00eb tjer\u00eb drejtor\u00eb dhe ministra n\u00ebn hetim n\u00eb nivelet m\u00eb t\u00eb ndryshme t\u00eb qeverisjes. SPAK ka alarmuar s\u00eb fundmi shum\u00eb kryeministrin, i cili duket mjaft i\u2026","rel":"","context":"In &quot;Blogu i Udh\u00ebtarit&quot;","block_context":{"text":"Blogu i Udh\u00ebtarit","link":"https:\/\/www.shqiperia.com\/blog\/category\/blogu-i-udhetarit\/"},"img":{"alt_text":"","src":"https:\/\/i0.wp.com\/www.shqiperia.com\/blog\/wp-content\/uploads\/2024\/01\/640-0-1704814638xedi-ramapng-241-1.png?fit=640%2C377&ssl=1&resize=350%2C200","width":350,"height":200,"srcset":"https:\/\/i0.wp.com\/www.shqiperia.com\/blog\/wp-content\/uploads\/2024\/01\/640-0-1704814638xedi-ramapng-241-1.png?fit=640%2C377&ssl=1&resize=350%2C200 1x, https:\/\/i0.wp.com\/www.shqiperia.com\/blog\/wp-content\/uploads\/2024\/01\/640-0-1704814638xedi-ramapng-241-1.png?fit=640%2C377&ssl=1&resize=525%2C300 1.5x"},"classes":[]},{"id":74742,"url":"https:\/\/www.shqiperia.com\/blog\/612-zyrtare-te-larte-gjysma-e-qeverise-dhe-oligarke-te-lidhur-me-pushtetin-dosje-korruptive-ne-spak-ja-lista-me-ministra-dhe-ish-ministra-qe-po-prangat\/","url_meta":{"origin":47598,"position":4},"title":"612 zyrtar\u00eb t\u00eb lart\u00eb, gjysma e qeveris\u00eb dhe oligark\u00eb t\u00eb lidhur me pushtetin dosje korruptive n\u00eb SPAK, ja lista me ministra dhe ish-ministra q\u00eb po&#8230; prangat","author":"Kurt Farka","date":"October 10, 2023","format":false,"excerpt":"10 Tetor 2023 Nga Elmas BOGDANI Vet\u00eb kreu i SPAK Altin Dumani ka zbuluar n\u00eb nj\u00eb raport shifr\u00ebn p\u00ebr numrin e personave q\u00eb jan\u00eb n\u00ebn hetim nga prokuror\u00ebt special\u00eb. Ai tha se jan\u00eb plot 612 zyrtar\u00eb t\u00eb lart\u00eb q\u00eb jan\u00eb futur \u201cn\u00eb rrethin e kuq\u201d q\u00eb nga viti 2020, kur\u2026","rel":"","context":"In &quot;Blogu i Udh\u00ebtarit&quot;","block_context":{"text":"Blogu i Udh\u00ebtarit","link":"https:\/\/www.shqiperia.com\/blog\/category\/blogu-i-udhetarit\/"},"img":{"alt_text":"","src":"https:\/\/i0.wp.com\/www.shqiperia.com\/blog\/wp-content\/uploads\/2023\/10\/640-0-6259a2902922e-Copy.jpg?fit=640%2C425&ssl=1&resize=350%2C200","width":350,"height":200,"srcset":"https:\/\/i0.wp.com\/www.shqiperia.com\/blog\/wp-content\/uploads\/2023\/10\/640-0-6259a2902922e-Copy.jpg?fit=640%2C425&ssl=1&resize=350%2C200 1x, https:\/\/i0.wp.com\/www.shqiperia.com\/blog\/wp-content\/uploads\/2023\/10\/640-0-6259a2902922e-Copy.jpg?fit=640%2C425&ssl=1&resize=525%2C300 1.5x"},"classes":[]},{"id":71236,"url":"https:\/\/www.shqiperia.com\/blog\/prangat-e-spak-pas-ahmetajt-vjen-radha-e-ballukut-dhe-krifces-zbardhet-lista-e-dosjeve-qe-po-ziejne-ne-organin-e-akuzes-per-ministrat-e-ramas\/","url_meta":{"origin":47598,"position":5},"title":"Prangat e SPAK, pas Ahmetajt, vjen radha e Ballukut dhe Krifc\u00ebs. &#8211; Zbardhet lista e dosjeve q\u00eb po ziejn\u00eb n\u00eb organin e akuz\u00ebs per Ministrat e Ramas","author":"Kurt Farka","date":"May 8, 2023","format":false,"excerpt":"8 Maji 2023 Nga RigelsI SELIMAN Struktura e Posa\u00e7me Kund\u00ebr Krimit t\u00eb Organizuar dhe Korrupsionit duket se ka turbulluar uj\u00ebrat n\u00eb klas\u00ebn politike shqiptare. Goditjet n\u00eb radh\u00ebt e socialist\u00ebve hodh\u00ebn n\u00eb sulm kryeministrin Edi Rama, nd\u00ebrsa prej vitesh t\u00eb t\u00ebra SPAK po sulmohet si nga Sali Berisha ashtu dhe nga\u2026","rel":"","context":"In &quot;Blogu i Udh\u00ebtarit&quot;","block_context":{"text":"Blogu i Udh\u00ebtarit","link":"https:\/\/www.shqiperia.com\/blog\/category\/blogu-i-udhetarit\/"},"img":{"alt_text":"","src":"https:\/\/i0.wp.com\/www.shqiperia.com\/blog\/wp-content\/uploads\/2023\/05\/ministrat-ne-kryeministri-770x421-1.png?fit=770%2C421&ssl=1&resize=350%2C200","width":350,"height":200,"srcset":"https:\/\/i0.wp.com\/www.shqiperia.com\/blog\/wp-content\/uploads\/2023\/05\/ministrat-ne-kryeministri-770x421-1.png?fit=770%2C421&ssl=1&resize=350%2C200 1x, https:\/\/i0.wp.com\/www.shqiperia.com\/blog\/wp-content\/uploads\/2023\/05\/ministrat-ne-kryeministri-770x421-1.png?fit=770%2C421&ssl=1&resize=525%2C300 1.5x, https:\/\/i0.wp.com\/www.shqiperia.com\/blog\/wp-content\/uploads\/2023\/05\/ministrat-ne-kryeministri-770x421-1.png?fit=770%2C421&ssl=1&resize=700%2C400 2x"},"classes":[]}],"_links":{"self":[{"href":"https:\/\/www.shqiperia.com\/blog\/wp-json\/wp\/v2\/posts\/47598","targetHints":{"allow":["GET"]}}],"collection":[{"href":"https:\/\/www.shqiperia.com\/blog\/wp-json\/wp\/v2\/posts"}],"about":[{"href":"https:\/\/www.shqiperia.com\/blog\/wp-json\/wp\/v2\/types\/post"}],"author":[{"embeddable":true,"href":"https:\/\/www.shqiperia.com\/blog\/wp-json\/wp\/v2\/users\/9"}],"replies":[{"embeddable":true,"href":"https:\/\/www.shqiperia.com\/blog\/wp-json\/wp\/v2\/comments?post=47598"}],"version-history":[{"count":2,"href":"https:\/\/www.shqiperia.com\/blog\/wp-json\/wp\/v2\/posts\/47598\/revisions"}],"predecessor-version":[{"id":47601,"href":"https:\/\/www.shqiperia.com\/blog\/wp-json\/wp\/v2\/posts\/47598\/revisions\/47601"}],"wp:featuredmedia":[{"embeddable":true,"href":"https:\/\/www.shqiperia.com\/blog\/wp-json\/wp\/v2\/media\/47600"}],"wp:attachment":[{"href":"https:\/\/www.shqiperia.com\/blog\/wp-json\/wp\/v2\/media?parent=47598"}],"wp:term":[{"taxonomy":"category","embeddable":true,"href":"https:\/\/www.shqiperia.com\/blog\/wp-json\/wp\/v2\/categories?post=47598"},{"taxonomy":"post_tag","embeddable":true,"href":"https:\/\/www.shqiperia.com\/blog\/wp-json\/wp\/v2\/tags?post=47598"}],"curies":[{"name":"wp","href":"https:\/\/api.w.org\/{rel}","templated":true}]}}