{"id":47595,"date":"2021-06-04T17:55:37","date_gmt":"2021-06-04T17:55:37","guid":{"rendered":"https:\/\/www.shqiperia.com\/blog\/?p=47595"},"modified":"2021-06-04T17:55:37","modified_gmt":"2021-06-04T17:55:37","slug":"ja-kujt-i-shpall-lufte-shba-nje-paralajmerim-per-te-gjithe-qeveritaret-e-botes","status":"publish","type":"post","link":"https:\/\/www.shqiperia.com\/blog\/ja-kujt-i-shpall-lufte-shba-nje-paralajmerim-per-te-gjithe-qeveritaret-e-botes\/","title":{"rendered":"Ja kujt i shpall luft\u00eb SHBA. Nj\u00eb paralajm\u00ebrim p\u00ebr t\u00eb gjith\u00eb qeveritar\u00ebt e bot\u00ebs."},"content":{"rendered":"<p><img data-recalc-dims=\"1\" loading=\"lazy\" decoding=\"async\" data-attachment-id=\"47596\" data-permalink=\"https:\/\/www.shqiperia.com\/blog\/ja-kujt-i-shpall-lufte-shba-nje-paralajmerim-per-te-gjithe-qeveritaret-e-botes\/640-0-60ba5c35539f5\/\" data-orig-file=\"https:\/\/i0.wp.com\/www.shqiperia.com\/blog\/wp-content\/uploads\/2021\/06\/640-0-60ba5c35539f5.jpg?fit=640%2C387&amp;ssl=1\" data-orig-size=\"640,387\" data-comments-opened=\"1\" data-image-meta=\"{&quot;aperture&quot;:&quot;0&quot;,&quot;credit&quot;:&quot;&quot;,&quot;camera&quot;:&quot;&quot;,&quot;caption&quot;:&quot;&quot;,&quot;created_timestamp&quot;:&quot;0&quot;,&quot;copyright&quot;:&quot;&quot;,&quot;focal_length&quot;:&quot;0&quot;,&quot;iso&quot;:&quot;0&quot;,&quot;shutter_speed&quot;:&quot;0&quot;,&quot;title&quot;:&quot;&quot;,&quot;orientation&quot;:&quot;0&quot;}\" data-image-title=\"-640-0-60ba5c35539f5\" data-image-description=\"\" data-image-caption=\"\" data-medium-file=\"https:\/\/i0.wp.com\/www.shqiperia.com\/blog\/wp-content\/uploads\/2021\/06\/640-0-60ba5c35539f5.jpg?fit=300%2C181&amp;ssl=1\" data-large-file=\"https:\/\/i0.wp.com\/www.shqiperia.com\/blog\/wp-content\/uploads\/2021\/06\/640-0-60ba5c35539f5.jpg?fit=640%2C387&amp;ssl=1\" class=\"alignnone  wp-image-47596\" alt=\"\" src=\"https:\/\/i0.wp.com\/www.shqiperia.com\/blog\/wp-content\/uploads\/2021\/06\/640-0-60ba5c35539f5.jpg?resize=477%2C288&#038;ssl=1\" width=\"477\" height=\"288\" srcset=\"https:\/\/i0.wp.com\/www.shqiperia.com\/blog\/wp-content\/uploads\/2021\/06\/640-0-60ba5c35539f5.jpg?resize=300%2C181&amp;ssl=1 300w, https:\/\/i0.wp.com\/www.shqiperia.com\/blog\/wp-content\/uploads\/2021\/06\/640-0-60ba5c35539f5.jpg?resize=450%2C272&amp;ssl=1 450w, https:\/\/i0.wp.com\/www.shqiperia.com\/blog\/wp-content\/uploads\/2021\/06\/640-0-60ba5c35539f5.jpg?resize=600%2C363&amp;ssl=1 600w, https:\/\/i0.wp.com\/www.shqiperia.com\/blog\/wp-content\/uploads\/2021\/06\/640-0-60ba5c35539f5.jpg?resize=400%2C242&amp;ssl=1 400w, https:\/\/i0.wp.com\/www.shqiperia.com\/blog\/wp-content\/uploads\/2021\/06\/640-0-60ba5c35539f5.jpg?w=640&amp;ssl=1 640w\" sizes=\"auto, (max-width: 477px) 100vw, 477px\" \/><\/p>\n<p>Ja kujt i shpall luft\u00eb SHBA. Nj\u00eb paralajm\u00ebrim p\u00ebr t\u00eb gjith\u00eb qeveritar\u00ebt e bot\u00ebs.<\/p>\n<p><strong>4 QERSHOR 2021<\/strong><\/p>\n<p>Ekspert\u00ebt thon\u00eb se shpallja e luft\u00ebs kund\u00ebr korrupsionit si nj\u00eb p\u00ebrpar\u00ebsi themelore e interesave t\u00eb siguris\u00eb komb\u00ebtare nga Sht\u00ebpia e Bardh\u00eb, \u00ebsht\u00eb nj\u00eb paralajm\u00ebrim p\u00ebr aktor\u00ebt e korruptuar n\u00eb shkall\u00eb globale.<\/p>\n<p>Kolegia Keida Kostreci njofton se ky veprim \u00ebsht\u00eb pjes\u00eb e programit m\u00eb t\u00eb gjer\u00eb t\u00eb presidentit Joe Biden p\u00ebr t\u2019u angazhuar me bot\u00ebn dhe p\u00ebr t\u00eb nxitur demokracin\u00eb.<\/p>\n<p>Gary Kalman, Drejtor i Zyr\u00ebs s\u00eb Shteteve t\u00eb Bashkuara p\u00ebr Organizat\u00ebn Transparency International, thot\u00eb se me memorandumin q\u00eb e konsideron luft\u00ebn kund\u00ebr korrupsionit nj\u00eb p\u00ebrpar\u00ebsi themelore, administrata e Presidentit Biden, po d\u00ebrgon nj\u00eb mesazh t\u00eb fort\u00eb.<\/p>\n<p>\u201cShohim nj\u00eb interes real p\u00ebr t\u2019u angazhuar dhe programi anti-korrupsion duket t\u00eb jet\u00eb nj\u00eb p\u00ebrpar\u00ebsi p\u00ebr ta, gj\u00eb q\u00eb mendoj se \u00ebsht\u00eb shum\u00eb e r\u00ebnd\u00ebsishme\u201d, thot\u00eb ai p\u00ebr Z\u00ebrin e Amerik\u00ebs.<\/p>\n<p>Charles Kupchan, studiues n\u00eb K\u00ebshillin p\u00ebr Marr\u00ebdh\u00ebniet me Jasht\u00eb, \u00ebsht\u00eb dakord.<\/p>\n<p>\u201cMendoj se \u00ebsht\u00eb nj\u00eb mesazh paralajm\u00ebrues p\u00ebr shum\u00eb individ\u00eb q\u00eb p\u00ebrdorin praktika korruptive n\u00eb gjith\u00eb bot\u00ebn, qofshin n\u00eb qeveri ose jasht\u00eb tyre\u201d, thot\u00eb zoti Kupchan p\u00ebr Z\u00ebrin e Amerik\u00ebs.<\/p>\n<p>N\u00eb dokument thuhet se \u201cadministrata amerikane do t\u00eb udh\u00ebheq\u00eb p\u00ebrpjekjet p\u00ebr t\u00eb nxitur qeverisje t\u00eb mir\u00eb, transparenc\u00eb n\u00eb sistemet financiare t\u00eb Shteteve t\u00eb Bashkuara dhe globale, si dhe p\u00ebr t\u00eb parandaluar dhe luftuar korrupsionin brenda dhe jasht\u00eb vendit\u201d.<\/p>\n<p>Zoti Kupchan thot\u00eb se objektivi afatgjat\u00eb \u00ebsht\u00eb t\u00eb parandalohen k\u00ebrc\u00ebnimet e siguris\u00eb komb\u00ebtare p\u00ebrpara se ato t\u00eb b\u00ebhen rreziqe konkrete. Nj\u00eb synim tjet\u00ebr \u00ebsht\u00eb t\u00eb ndihmohen p\u00ebrpjekjet antikorrupsion n\u00eb pjes\u00eb t\u00eb tjera t\u00eb bot\u00ebs, p\u00ebrfshir\u00eb Ballkanin.<\/p>\n<p>\u201cNuk mund t\u00eb kesh qeverisje t\u00eb mir\u00eb dhe demokraci t\u00eb q\u00ebndrueshme liberale n\u00ebse nuk godet marr\u00ebdh\u00ebniet midis elitave politike dhe oligark\u00ebve sepse kur krijohet nj\u00eb marr\u00ebdh\u00ebnie shum\u00eb komode mes atyre me pushtet dhe atyre me para, \u00ebsht\u00eb shum\u00eb e v\u00ebshtir\u00eb t\u00eb krijosh nj\u00eb sistem q\u00eb mb\u00ebshtetet tek rendi kushtetues dhe tek demokracia\u201d, thot\u00eb ai.<\/p>\n<p>N\u00eb dokumentin e b\u00ebr\u00eb publik t\u00eb enjten, administrata Biden thot\u00eb se parandalimi dhe lufta kund\u00ebr korrupsionit dhe p\u00ebrpjekjet p\u00ebr qeverisje t\u00eb p\u00ebrgjegjshme dhe transparente do t\u00eb siguronin nj\u00eb avantazh kritik p\u00ebr Shtetet e Bashkuara dhe demokracit\u00eb e tjera.<\/p>\n<p>\u201cN\u00ebse Shtetet e Bashkuara ndihmojn\u00eb n\u00eb adresimin e burimeve baz\u00eb t\u00eb korrupsionit ose t\u00eb mbajn\u00eb p\u00ebrgjegj\u00ebs ata q\u00eb p\u00ebrfshihen n\u00eb praktika t\u00eb paligjshme, kjo mund t\u2019i shtyj\u00eb ato vende n\u00eb drejtimin e duhur politikisht dhe k\u00ebshtu t\u00eb eliminojn\u00eb disa nga pasojat strategjike afatgjata\u201d, thot\u00eb ai.<\/p>\n<p>\u201cDokumenti t\u00eb l\u00eb t\u00eb kuptosh disa m\u00ebnyra se si do t\u00eb punohet me vende t\u00eb tjera, p\u00ebrshir\u00eb duke mb\u00ebshtetur median dhe shoq\u00ebrin\u00eb civile dhe duke shprehur mb\u00ebshtetje p\u00ebr institucione demokratike\u201d, thot\u00eb zoti Kalman.<\/p>\n<p>Memorandumi i zotit Biden \u00ebsht\u00eb i r\u00ebnd\u00ebsish\u00ebm sepse sh\u00ebrben si njoftim zyrtar nga presidenti \u201cse ai pret nga t\u00eb gjitha departamentet dhe agjencit\u00eb p\u00ebrkat\u00ebse federale t\u00eb rrisin p\u00ebrpjekjet anti-korrupsion n\u00eb m\u00ebnyra shum\u00eb konkrete\u201d, u tha nj\u00eb zyrtari i lart\u00eb i administrat\u00ebs gazetar\u00ebve t\u00eb enjten.<\/p>\n<p>Zoti Kalman thot\u00eb se me k\u00ebt\u00eb strategji administrata do t\u00eb marr\u00eb hapa p\u00ebr t\u00eb mos lejuar q\u00eb aktor\u00eb t\u00eb k\u00ebqij t\u00eb qarkullojn\u00eb para dhe t\u00eb b\u00ebjn\u00eb investime p\u00ebrmes sistemit t\u00eb Shteteve t\u00eb Bashkuara ose ekonomive t\u00eb tjera t\u00eb p\u00ebrparuara, nj\u00eb dukuri q\u00eb ai e quan \u201cnj\u00eb problem t\u00eb jasht\u00ebzakonsh\u00ebm\u201d.<\/p>\n<p>\u201cMund t\u00eb krijosh nj\u00eb kompani anonime n\u00eb Shtetet e Bashkuara dhe t\u00eb qarkullosh miliarda dollar\u00eb p\u00ebrmes saj, mund t\u00eb blesh pasuri t\u00eb patundshme dhe t\u00eb p\u00ebrfitosh duke e dh\u00ebn\u00eb me qira ose duke shitur at\u00eb dhe mund t\u00eb pastrosh para. Shtetet e Bashkuara supozohet t\u00eb jen\u00eb nj\u00eb vend i past\u00ebr, mbi t\u00eb tjer\u00ebt, e megjithat\u00eb m\u00eb shum\u00eb para t\u00eb paligjshme qarkullojn\u00eb p\u00ebrmes Shteteve t\u00eb Bashkuara se ndoshta n\u00eb \u00e7do vend tjet\u00ebr n\u00eb planet\u201d.<\/p>\n<p>Nj\u00eb synim tjet\u00ebr \u00ebsht\u00eb t\u00eb mos lejohen prona t\u00eb paligjshme t\u00eb fshihen pas kompanive fantaz\u00ebm.<\/p>\n<p>Zoti Kalman thot\u00eb se programet e sanksioneve, si ligji Magnitsky dhe Nisma e Departamentit t\u00eb Drejt\u00ebsis\u00eb p\u00ebr Rimarrjen e Pronave t\u00eb Siguruara p\u00ebrmes Kleptokracis\u00eb, ose mekanizma t\u00eb tjera, ndihmojn\u00eb.<\/p>\n<p>\u201cShpresojm\u00eb q\u00eb t\u2019i p\u00ebrdorin n\u00eb m\u00ebnyr\u00eb t\u00eb zgjuar, por me force ato programe sanksionesh\u201d, thot\u00eb zoti Kalman.<\/p>\n<p>Zoti Kupchan thot\u00eb se edhe p\u00ebrcaktimi publik p\u00ebr p\u00ebrfshirje n\u00eb korrupsion sipas nenit 7031(c) t\u00eb ligjit p\u00ebr Financimin e Departamentit t\u00eb Shtetit, Operacioneve Jasht\u00eb Vendit dhe Programeve q\u00eb kan\u00eb lidhje me to, b\u00ebn pjes\u00eb n\u00eb k\u00ebto mekanizma.<\/p>\n<p>\u201c\u00c7el\u00ebsi k\u00ebtu \u00ebsht\u00eb nxjerrja publikisht e informacionit n\u00eb m\u00ebnyr\u00eb q\u00eb ata q\u00eb b\u00ebjn\u00eb korrupsionin t\u00eb mund t\u00eb mbahen p\u00ebrgjegj\u00ebs ose nga bashk\u00ebsia nd\u00ebrkomb\u00ebtare ose nga elektoratet n\u00eb vendet n\u00eb fjal\u00eb. \u00cbsht\u00eb e ngjashme me p\u00ebrpjekjet p\u00ebr t\u00eb mbajtur p\u00ebrgjegj\u00ebse pal\u00ebt q\u00eb p\u00ebrfshihen n\u00eb shkelje t\u00eb t\u00eb drejtave t\u00eb njeriut\u201d, thot\u00eb ai.<\/p>\n<p>Si zoti Kalman ashtu edhe zoti Kupchan thon\u00eb se tani mbetet t\u00eb shihet se \u00e7far\u00eb hapash t\u00eb m\u00ebtejsh\u00ebm konkret\u00eb do t\u00eb nd\u00ebrmerren p\u00ebr ta v\u00ebn\u00eb n\u00eb jet\u00eb k\u00ebt\u00eb strategji t\u00eb administrat\u00ebs amerikane.\/VOA\/<\/p>\n<p>Nga Gazeta Shqip<\/p>\n","protected":false},"excerpt":{"rendered":"<p>Ja kujt i shpall luft\u00eb SHBA. Nj\u00eb paralajm\u00ebrim p\u00ebr t\u00eb gjith\u00eb qeveritar\u00ebt e bot\u00ebs. 4 QERSHOR 2021 Ekspert\u00ebt thon\u00eb se shpallja e luft\u00ebs kund\u00ebr korrupsionit si nj\u00eb p\u00ebrpar\u00ebsi themelore e interesave t\u00eb siguris\u00eb komb\u00ebtare nga Sht\u00ebpia e Bardh\u00eb, \u00ebsht\u00eb nj\u00eb paralajm\u00ebrim p\u00ebr aktor\u00ebt e korruptuar n\u00eb shkall\u00eb globale. Kolegia Keida Kostreci njofton se ky veprim [&hellip;]<\/p>\n","protected":false},"author":9,"featured_media":47596,"comment_status":"open","ping_status":"open","sticky":false,"template":"","format":"standard","meta":{"jetpack_post_was_ever_published":false,"_jetpack_newsletter_access":"","_jetpack_dont_email_post_to_subs":false,"_jetpack_newsletter_tier_id":0,"_jetpack_memberships_contains_paywalled_content":false,"_jetpack_memberships_contains_paid_content":false,"footnotes":"","jetpack_publicize_message":"","jetpack_publicize_feature_enabled":true,"jetpack_social_post_already_shared":true,"jetpack_social_options":{"image_generator_settings":{"template":"highway","default_image_id":0,"font":"","enabled":false},"version":2}},"categories":[27],"tags":[],"class_list":["post-47595","post","type-post","status-publish","format-standard","has-post-thumbnail","hentry","category-blogu-i-udhetarit"],"jetpack_publicize_connections":[],"jetpack_featured_media_url":"https:\/\/i0.wp.com\/www.shqiperia.com\/blog\/wp-content\/uploads\/2021\/06\/640-0-60ba5c35539f5.jpg?fit=640%2C387&ssl=1","jetpack_sharing_enabled":true,"jetpack_shortlink":"https:\/\/wp.me\/p5Z6wp-cnF","jetpack-related-posts":[{"id":47598,"url":"https:\/\/www.shqiperia.com\/blog\/spak-u-pergatitet-per-arrestime-nga-radhet-vip-tre-ish-ministra-gati-per-qeli\/","url_meta":{"origin":47595,"position":0},"title":"SPAK-u pergatitet p\u00ebr arrestime nga radh\u00ebt VIP, tre ish-ministra gati p\u00ebr qeli","author":"Kurt Farka","date":"June 4, 2021","format":false,"excerpt":"SPAK-u pergatitet p\u00ebr arrestime nga radh\u00ebt VIP, tre ish-ministra gati p\u00ebr qeli N\u00eb radh\u00ebt e tre partive kryesore kan\u00eb filluar t\u00eb dridhurat, pasi mundet edhe p\u00ebr \"barazi\", SPAK-u do arrestoj\u00eb nga nj\u00eb ish-minist\u00ebr p\u00ebr sejcilen forc\u00eb politike, si fillim. Me pas do ngjiten edhe me lart! 04\/06\/2021 Nga Herion Mesi\u2026","rel":"","context":"In &quot;Blogu i Udh\u00ebtarit&quot;","block_context":{"text":"Blogu i Udh\u00ebtarit","link":"https:\/\/www.shqiperia.com\/blog\/category\/blogu-i-udhetarit\/"},"img":{"alt_text":"","src":"https:\/\/i0.wp.com\/www.shqiperia.com\/blog\/wp-content\/uploads\/2021\/06\/SPAK-1-750x375-1.jpg?fit=750%2C375&ssl=1&resize=350%2C200","width":350,"height":200,"srcset":"https:\/\/i0.wp.com\/www.shqiperia.com\/blog\/wp-content\/uploads\/2021\/06\/SPAK-1-750x375-1.jpg?fit=750%2C375&ssl=1&resize=350%2C200 1x, https:\/\/i0.wp.com\/www.shqiperia.com\/blog\/wp-content\/uploads\/2021\/06\/SPAK-1-750x375-1.jpg?fit=750%2C375&ssl=1&resize=525%2C300 1.5x, https:\/\/i0.wp.com\/www.shqiperia.com\/blog\/wp-content\/uploads\/2021\/06\/SPAK-1-750x375-1.jpg?fit=750%2C375&ssl=1&resize=700%2C400 2x"},"classes":[]},{"id":80070,"url":"https:\/\/www.shqiperia.com\/blog\/hezbollahu-nis-raketa-drone-drejt-izraelit-ndersa-shba-paralajmeron-iranin\/","url_meta":{"origin":47595,"position":1},"title":"Hezbollahu nis raketa, dron\u00eb drejt Izraelit.  &#8211; Nd\u00ebrsa SHBA paralajm\u00ebron Iranin","author":"Kurt Farka","date":"April 13, 2024","format":false,"excerpt":"13 Prill 2024 Presidenti amerikan Joe Biden b\u00ebri nj\u00eb paralajm\u00ebrim t\u00eb prer\u00eb ndaj Iranit t\u00eb premten, nd\u00ebrsa bota po p\u00ebrgatitej q\u00eb Irani t\u00eb kund\u00ebrp\u00ebrgjigjej p\u00ebr sulmin vdekjeprur\u00ebs ajror izraelit ndaj kompleksit t\u00eb ambasad\u00ebs iraniane n\u00eb Damask. Gjat\u00eb nj\u00eb bisede me gazetar\u00ebt pas nj\u00eb fjalimi virtual t\u00eb mbajtur p\u00ebr nj\u00eb aktivitet\u2026","rel":"","context":"In &quot;Blogu i Udh\u00ebtarit&quot;","block_context":{"text":"Blogu i Udh\u00ebtarit","link":"https:\/\/www.shqiperia.com\/blog\/category\/blogu-i-udhetarit\/"},"img":{"alt_text":"","src":"https:\/\/i0.wp.com\/www.shqiperia.com\/blog\/wp-content\/uploads\/2024\/04\/IMG_1249-jpeg.jpg?fit=1024%2C663&ssl=1&resize=350%2C200","width":350,"height":200,"srcset":"https:\/\/i0.wp.com\/www.shqiperia.com\/blog\/wp-content\/uploads\/2024\/04\/IMG_1249-jpeg.jpg?fit=1024%2C663&ssl=1&resize=350%2C200 1x, https:\/\/i0.wp.com\/www.shqiperia.com\/blog\/wp-content\/uploads\/2024\/04\/IMG_1249-jpeg.jpg?fit=1024%2C663&ssl=1&resize=525%2C300 1.5x, https:\/\/i0.wp.com\/www.shqiperia.com\/blog\/wp-content\/uploads\/2024\/04\/IMG_1249-jpeg.jpg?fit=1024%2C663&ssl=1&resize=700%2C400 2x"},"classes":[]},{"id":48292,"url":"https:\/\/www.shqiperia.com\/blog\/lufta-kunder-korrupsionit-ambasada-e-shba-zbardh-takimet-e-reeker-me-ramen-e-bashen-nenvizoi-vendosmerine-e-biden-dhe-blinken-se\/","url_meta":{"origin":47595,"position":2},"title":"Lufta kund\u00ebr korrupsionit. Ambasada e SHBA zbardh takimet e Reeker me Ram\u00ebn e Bash\u00ebn: &#8211; N\u00ebnvizoi vendosm\u00ebrin\u00eb e Biden dhe Blinken se\u2026","author":"Kurt Farka","date":"June 30, 2021","format":false,"excerpt":"Lufta kund\u00ebr korrupsionit. Ambasada e SHBA zbardh takimet e Reeker me Ram\u00ebn e Bash\u00ebn: - N\u00ebnvizoi vendosm\u00ebrin\u00eb e Biden dhe Blinken se\u2026 30 qershor 2021 Ambasada amerikane ka zbardhur takimet e Ndihm\u00ebs Sekretarit t\u00eb Shtetit\u00a0 p\u00ebr \u00c7\u00ebshtjet Evropiane dhe Euroaziatike, Philip T. Reeker, me kryeministrin Edi Rama dhe kreun e\u2026","rel":"","context":"In &quot;Blogu i Udh\u00ebtarit&quot;","block_context":{"text":"Blogu i Udh\u00ebtarit","link":"https:\/\/www.shqiperia.com\/blog\/category\/blogu-i-udhetarit\/"},"img":{"alt_text":"","src":"https:\/\/i0.wp.com\/www.shqiperia.com\/blog\/wp-content\/uploads\/2021\/06\/takimi-2.jpg?fit=1200%2C647&ssl=1&resize=350%2C200","width":350,"height":200,"srcset":"https:\/\/i0.wp.com\/www.shqiperia.com\/blog\/wp-content\/uploads\/2021\/06\/takimi-2.jpg?fit=1200%2C647&ssl=1&resize=350%2C200 1x, https:\/\/i0.wp.com\/www.shqiperia.com\/blog\/wp-content\/uploads\/2021\/06\/takimi-2.jpg?fit=1200%2C647&ssl=1&resize=525%2C300 1.5x, https:\/\/i0.wp.com\/www.shqiperia.com\/blog\/wp-content\/uploads\/2021\/06\/takimi-2.jpg?fit=1200%2C647&ssl=1&resize=700%2C400 2x, https:\/\/i0.wp.com\/www.shqiperia.com\/blog\/wp-content\/uploads\/2021\/06\/takimi-2.jpg?fit=1200%2C647&ssl=1&resize=1050%2C600 3x"},"classes":[]},{"id":60534,"url":"https:\/\/www.shqiperia.com\/blog\/shba-therret-me-urgjence-kreret-e-spak-dhe-bkh-dea-fbi-dhe-dash-dosje-me-prova-per-nje-grup-politikanesh-te-korruptuar-pritet-goditje-e-forte-ndaj-krimit-te-organizuar\/","url_meta":{"origin":47595,"position":3},"title":"SHBA th\u00ebrret me urgjenc\u00eb krer\u00ebt e SPAK dhe BKH, DEA, FBI dhe DASH, dosje me prova p\u00ebr nj\u00eb grup politikan\u00ebsh t\u00eb korruptuar, pritet goditje e fort\u00eb ndaj krimit t\u00eb organizuar","author":"Kurt Farka","date":"August 3, 2022","format":false,"excerpt":"3 GUSHT 2022 Ashtu si\u00e7 gazeta \u201cSOT\u201d e paralajm\u00ebroi pak dit\u00eb m\u00eb par\u00eb, Shtete e Bashkuara t\u00eb Amerik\u00ebs kan\u00eb thirrur n\u00eb Uashington me urgjenc\u00eb drejtuesin e Struktur\u00ebs s\u00eb Posa\u00e7me Kund\u00ebr Krimit t\u00eb Organizuar dhe Korrupsionit, Arben Kraja dhe kryetaren e Byros\u00eb Komb\u00ebtare t\u00eb Hetimit, Aida Veizaj, t\u00eb cil\u00ebt pritet t\u00eb\u2026","rel":"","context":"In &quot;Blogu i Udh\u00ebtarit&quot;","block_context":{"text":"Blogu i Udh\u00ebtarit","link":"https:\/\/www.shqiperia.com\/blog\/category\/blogu-i-udhetarit\/"},"img":{"alt_text":"","src":"https:\/\/i0.wp.com\/www.shqiperia.com\/blog\/wp-content\/uploads\/2022\/08\/800-0-62ea4da475c1a.jpg?fit=723%2C426&ssl=1&resize=350%2C200","width":350,"height":200,"srcset":"https:\/\/i0.wp.com\/www.shqiperia.com\/blog\/wp-content\/uploads\/2022\/08\/800-0-62ea4da475c1a.jpg?fit=723%2C426&ssl=1&resize=350%2C200 1x, https:\/\/i0.wp.com\/www.shqiperia.com\/blog\/wp-content\/uploads\/2022\/08\/800-0-62ea4da475c1a.jpg?fit=723%2C426&ssl=1&resize=525%2C300 1.5x, https:\/\/i0.wp.com\/www.shqiperia.com\/blog\/wp-content\/uploads\/2022\/08\/800-0-62ea4da475c1a.jpg?fit=723%2C426&ssl=1&resize=700%2C400 2x"},"classes":[]},{"id":42766,"url":"https:\/\/www.shqiperia.com\/blog\/spartak-ngjela-paralajmeron-kthesen-e-madhe-ne-politiken-shqiptare-ju-tregoj-se-cfare-do-te-ndodhe-me-yuri-kim-ja-nderhyrja-qe-do-te-vije-nga-fbi-dhe-cia\/","url_meta":{"origin":47595,"position":4},"title":"Spartak Ngjela paralajm\u00ebron kthes\u00ebn e madhe n\u00eb politik\u00ebn shqiptare: Ju tregoj se \u00e7far\u00eb do t\u00eb ndodh\u00eb me \u00a0Yuri Kim! Ja nd\u00ebrhyrja q\u00eb do t\u00eb vij\u00eb nga FBI dhe CIA","author":"Kurt Farka","date":"January 9, 2021","format":false,"excerpt":"Spartak Ngjela paralajm\u00ebron kthes\u00ebn e madhe n\u00eb politik\u00ebn shqiptare: Ju tregoj se \u00e7far\u00eb do t\u00eb ndodh\u00eb me \u00a0Yuri Kim! Ja nd\u00ebrhyrja q\u00eb do t\u00eb vij\u00eb nga FBI dhe CIA 9 JANAR 2021 Avokati i njohur Spartak Ngjela \u00ebsht\u00eb i bindur se demokrati Joe Biden, i cili ka fituar zgjedhjet presidenciale\u2026","rel":"","context":"In &quot;Blogu i Udh\u00ebtarit&quot;","block_context":{"text":"Blogu i Udh\u00ebtarit","link":"https:\/\/www.shqiperia.com\/blog\/category\/blogu-i-udhetarit\/"},"img":{"alt_text":"","src":"https:\/\/i0.wp.com\/www.shqiperia.com\/blog\/wp-content\/uploads\/2021\/01\/800-0-5ff9e4069cbcd.jpg?fit=554%2C312&ssl=1&resize=350%2C200","width":350,"height":200,"srcset":"https:\/\/i0.wp.com\/www.shqiperia.com\/blog\/wp-content\/uploads\/2021\/01\/800-0-5ff9e4069cbcd.jpg?fit=554%2C312&ssl=1&resize=350%2C200 1x, https:\/\/i0.wp.com\/www.shqiperia.com\/blog\/wp-content\/uploads\/2021\/01\/800-0-5ff9e4069cbcd.jpg?fit=554%2C312&ssl=1&resize=525%2C300 1.5x"},"classes":[]},{"id":54925,"url":"https:\/\/www.shqiperia.com\/blog\/shba-dha-driten-jeshile-per-furnizimin-me-avione-luftarake-ne-ukraine-vjen-paralajmerimi-i-rusise-lufte-per-cdo-vend-qe-perfshihet-ne-konflikt\/","url_meta":{"origin":47595,"position":5},"title":"SHBA dha drit\u00ebn jeshile p\u00ebr furnizimin me avion\u00eb luftarak\u00eb n\u00eb Ukrain\u00eb.  Vjen paralajm\u00ebrimi i Rusis\u00eb: &#8211; Luft\u00eb p\u00ebr \u00e7do vend q\u00eb p\u00ebrfshihet n\u00eb konflikt!","author":"Kurt Farka","date":"March 7, 2022","format":false,"excerpt":"SHBA dha drit\u00ebn jeshile p\u00ebr furnizimin me avion\u00eb luftarak\u00eb n\u00eb Ukrain\u00eb. Vjen paralajm\u00ebrimi i Rusis\u00eb: - Luft\u00eb p\u00ebr \u00e7do vend q\u00eb p\u00ebrfshihet n\u00eb konflikt! 06 Mars 2022 Sekretari i Shtetit Antony Blinken n\u00ebnshkroi nj\u00eb marr\u00ebveshje me Polonin\u00eb dhe vende t\u00eb tjera p\u00ebr t\u00eb d\u00ebrguar MiG-t\u00eb e tyre t\u00eb prodhimit rus\u2026","rel":"","context":"In &quot;Blogu i Udh\u00ebtarit&quot;","block_context":{"text":"Blogu i Udh\u00ebtarit","link":"https:\/\/www.shqiperia.com\/blog\/category\/blogu-i-udhetarit\/"},"img":{"alt_text":"","src":"https:\/\/i0.wp.com\/www.shqiperia.com\/blog\/wp-content\/uploads\/2022\/03\/rttyu-684x450-1.jpg?fit=684%2C406&ssl=1&resize=350%2C200","width":350,"height":200,"srcset":"https:\/\/i0.wp.com\/www.shqiperia.com\/blog\/wp-content\/uploads\/2022\/03\/rttyu-684x450-1.jpg?fit=684%2C406&ssl=1&resize=350%2C200 1x, https:\/\/i0.wp.com\/www.shqiperia.com\/blog\/wp-content\/uploads\/2022\/03\/rttyu-684x450-1.jpg?fit=684%2C406&ssl=1&resize=525%2C300 1.5x"},"classes":[]}],"_links":{"self":[{"href":"https:\/\/www.shqiperia.com\/blog\/wp-json\/wp\/v2\/posts\/47595","targetHints":{"allow":["GET"]}}],"collection":[{"href":"https:\/\/www.shqiperia.com\/blog\/wp-json\/wp\/v2\/posts"}],"about":[{"href":"https:\/\/www.shqiperia.com\/blog\/wp-json\/wp\/v2\/types\/post"}],"author":[{"embeddable":true,"href":"https:\/\/www.shqiperia.com\/blog\/wp-json\/wp\/v2\/users\/9"}],"replies":[{"embeddable":true,"href":"https:\/\/www.shqiperia.com\/blog\/wp-json\/wp\/v2\/comments?post=47595"}],"version-history":[{"count":1,"href":"https:\/\/www.shqiperia.com\/blog\/wp-json\/wp\/v2\/posts\/47595\/revisions"}],"predecessor-version":[{"id":47597,"href":"https:\/\/www.shqiperia.com\/blog\/wp-json\/wp\/v2\/posts\/47595\/revisions\/47597"}],"wp:featuredmedia":[{"embeddable":true,"href":"https:\/\/www.shqiperia.com\/blog\/wp-json\/wp\/v2\/media\/47596"}],"wp:attachment":[{"href":"https:\/\/www.shqiperia.com\/blog\/wp-json\/wp\/v2\/media?parent=47595"}],"wp:term":[{"taxonomy":"category","embeddable":true,"href":"https:\/\/www.shqiperia.com\/blog\/wp-json\/wp\/v2\/categories?post=47595"},{"taxonomy":"post_tag","embeddable":true,"href":"https:\/\/www.shqiperia.com\/blog\/wp-json\/wp\/v2\/tags?post=47595"}],"curies":[{"name":"wp","href":"https:\/\/api.w.org\/{rel}","templated":true}]}}