{"id":47591,"date":"2021-06-03T12:46:23","date_gmt":"2021-06-03T12:46:23","guid":{"rendered":"https:\/\/www.shqiperia.com\/blog\/?p=47591"},"modified":"2021-06-03T12:46:23","modified_gmt":"2021-06-03T12:46:23","slug":"perfundon-me-sukses-edicioni-i-10-te-i-festivalit-nderkombetar-te-filmberesve-ne-nju-jork-iffny","status":"publish","type":"post","link":"https:\/\/www.shqiperia.com\/blog\/perfundon-me-sukses-edicioni-i-10-te-i-festivalit-nderkombetar-te-filmberesve-ne-nju-jork-iffny\/","title":{"rendered":"P\u00ebrfundon me sukses edicioni i 10-t\u00eb i Festivalit Nd\u00ebrkomb\u00ebtar t\u00eb Filmb\u00ebr\u00ebsve n\u00eb Nju Jork IFFNY"},"content":{"rendered":"<p><em>P\u00ebrgatiti E.B., Nju Jork<\/em><\/p>\n<p>Festivali Nd\u00ebrkomb\u00ebtar i Filmb\u00ebr\u00ebsve n\u00eb Nju Jork (IFFNY) \u00ebsht\u00eb nj\u00eb nga festivalet e njohura t\u00eb filmit n\u00eb Nju Jork q\u00eb lidh audienc\u00ebn amerikane me kineman\u00eb nd\u00ebrkomb\u00ebtare. Me rastin e 10-vjetorit, festivali sh\u00ebnoi nj\u00eb tjet\u00ebr moment historik &#8211; 100 filma p\u00ebr nder t\u00eb 10 viteve t\u00eb historis\u00eb s\u00eb suksesshme t\u00eb festivalit. K\u00ebt\u00eb vit, edicioni i 10-t\u00eb i festivalit IFFNY u mbajt m\u00eb dat\u00ebn 21-24 maj, 2021.<\/p>\n<p>Nga 891 aplikime nga e mbar\u00eb bota, 100 finalist\u00eb u p\u00ebrzgjodh\u00ebn n\u00eb list\u00ebn zyrtare t\u00eb programit p\u00ebr vitin 2021. Filmat ishin p\u00ebrfaq\u00ebsues t\u00eb gjasht\u00eb kategorive, p\u00ebrkat\u00ebsisht: filmi me metrazh t\u00eb gjat\u00eb artistik, filmi me metrazh t\u00eb shkurt\u00ebr, filmi dokumentar me metrazh t\u00eb gjat\u00eb, filmi dokumentar me metrazh t\u00eb shkurt\u00ebr, filmi i animuar dhe video muzikore. Finalist\u00ebt garuan p\u00ebr \u00e7mime t\u00eb festivalit dhe t\u00eb juris\u00eb, e cila p\u00ebrb\u00ebhej nga: Larry Moore, Victoria Yakubova Schneid, Robert Haufrecht, Asis Sethi dhe Sabrina Moreno.<\/p>\n<p>Festivali i filmit IFFNY \u00e7do vit shfaq projekte filmike nga kineast\u00eb me renome si dhe ato t\u00eb rinj. \u00cbsht\u00eb themeluar n\u00eb vitin 2012 dhe udh\u00ebhiqet nga regjisorja, producentja dhe skenaristja e mir\u00ebnjohur Mrika Krasniqi, me Ib\u00ebr Deari si Selektor i Festivalit dhe Amina Zhaman, Drejtoresh\u00eb Artistike.<\/p>\n<p>\u201cP\u00ebrmes festivalit IFFNY \u00ebsht\u00eb prezantuar puna e shum\u00eb artist\u00ebve q\u00eb kan\u00eb marr\u00eb pjes\u00eb. K\u00ebt\u00eb vit p\u00ebr shkak t\u00eb vitit jubilar vendos\u00ebm t\u00eb pranojm\u00eb m\u00eb shum\u00eb projekte. Ka patur llojshm\u00ebri t\u00eb filmave nga 43 vende t\u00eb bot\u00ebs.<\/p>\n<p>Festivali Nd\u00ebrkomb\u00ebtar i Filmb\u00ebr\u00ebsve n\u00eb Nju Jork ka qen\u00eb nj\u00eb pik\u00ebtakim shum\u00eb i mir\u00eb sidomos p\u00ebr ne artist\u00ebt q\u00eb vijm\u00eb nga trojet shqiptare, q\u00eb t\u00eb vizitojm\u00eb Shtetet e Bashkuara t\u00eb Amerik\u00ebs, si dhe vendin shum\u00eb t\u00eb r\u00ebnd\u00ebsish\u00ebm p\u00ebr artin, Nju Jorkun dhe t\u00eb shohim bot\u00ebm dhe njer\u00ebzit q\u00eb vijn\u00eb nga e gjith\u00eb bota. Nga t\u00eb gjith\u00eb shtetet e ndryshme q\u00eb marrin pjes\u00eb n\u00eb festival, ne \u00e7doher\u00eb takohemi m\u00eb nj\u00eb kultur\u00eb t\u00eb re, edhe prezantohemi me nj\u00eb gjuh\u00eb t\u00eb re. Kjo ka qen\u00eb nj\u00eb nd\u00ebr eksperiencat m\u00eb t\u00eb mira, sidomos p\u00ebr mua si regjisor ka qen\u00eb nj\u00eb p\u00ebrvoj\u00eb shum\u00eb e ve\u00e7ant\u00eb, jo vet\u00ebm t\u00eb shikoj filma por edhe t\u2019i vler\u00ebsoj ato,\u201d tha n\u00eb nj\u00eb intervist\u00eb p\u00ebr Klan Macedonia regjisori i shquar dhe Selektori i Festivalit t\u00eb Filmit IFFNY, Ib\u00ebr Deari.<\/p>\n<p>N\u00eb mesin e artist\u00ebve shqiptar t\u00eb pranuar zyrtarisht n\u00eb edicionin e 10-t\u00eb t\u00eb festivalit t\u00eb filmit IFFNY 2021 ishin: Spartak Pecani me filmin \u201cBolero in the elder house \/ Bolero n\u00eb vil\u00ebn e Pleqve\u201d (Shqip\u00ebria) n\u00eb kategorin\u00eb filmi artistik me metrazh t\u00eb gjat\u00eb; Arb\u00ebr Krasniqi me filmin \u201cBack home\u201d (Kosov\u00eb), Ambra Cani me filmin \u201cSonja\u201d (Shqip\u00ebri) dhe Besnik Prekazi me filmin \u201cFair Play\u201d (Kosov\u00eb) n\u00eb kategorin\u00eb filmi me metrazh t\u00eb shkurt\u00ebr; Merita \u00c7o\u00e7oli me filmin dokumentar me mentrazh t\u00eb gjat\u00eb \u201cNezo\u201d (Maqedonia e Veriut); dhe Kenan Gurgurovci me filmin dokumentar me mentrazh t\u00eb shkurt\u00ebr \u201cThe Shadow of the Rain \/ Hija e Shiut\u201d (Kosov\u00eb).<\/p>\n<p>Spartak Pecani fitoi \u00e7mimin \u201cRegjisori m\u00eb i Mir\u00eb\u201d (Best Director Award) p\u00ebr filmin artistik \u201cBolero n\u00eb vil\u00ebn e Pleqve\u201d, p\u00ebrfaq\u00ebsim nga Shqip\u00ebria. Arb\u00ebr Krasniqi fitoi \u00e7mimin \u201cArritje e Jasht\u00ebzakonshme n\u00eb Regji\u201d (Outstanding Achievement in Directing) p\u00ebr filmin \u201cBack home\u201d, p\u00ebrfaq\u00ebsim nga Kosova.<\/p>\n<p>\u201cUrime t\u00eb gjith\u00eb fituesve t\u00eb festivalit IFFNY 2021, Edicioni i 10-t\u00eb. Festivali Nd\u00ebrkomb\u00ebtar i Filmb\u00ebr\u00ebsve n\u00eb Nju Jork k\u00ebt\u00eb vit kishte moton \u2018Nj\u00eb dekad\u00eb e festimit t\u00eb kinemas\u00eb\u2019. Ka qen\u00eb nj\u00eb udh\u00ebtim mbres\u00ebl\u00ebn\u00ebs dhe sfidues sidomos k\u00ebto dy vitet e fundit. Por ne ishim t\u00eb vendosur t\u00eb vazhdonim misionin ton\u00eb pavar\u00ebsisht nga pandemia dhe t\u00eb promovonim veprat e kineast\u00ebve nga e gjith\u00eb bota. Festivali IFFNY sa vjen e rritet \u00e7do vit dhe sot \u00ebsht\u00eb kthyer n\u00eb nj\u00eb platform\u00eb globale dhe n\u00eb nj\u00eb simbol i miq\u00ebsis\u00eb dhe krijimtaris\u00eb,\u201d u shpreh Mrika Krasniqi, themeluesja dhe drejtuesja e festivalit IFFNY n\u00eb Nju Jork.<\/p>\n<p>\u201cUn\u00eb falenderoj themeluesen e festivalit Mrika Krasniqi e cila asnj\u00ebher\u00eb k\u00ebtyre 10 viteve nuk u ndal. Ajo \u00ebsht\u00eb nj\u00eb grua shum\u00eb e fuqishme, e cila na motivon shum\u00eb dhe ka b\u00ebr\u00eb shum\u00eb pun\u00eb t\u00eb madhe jo vet\u00ebm p\u00ebr artist\u00ebt bot\u00ebror por edhe p\u00ebr artist\u00ebt shqiptar t\u00eb jemi k\u00ebtu. Artist\u00ebt shqiptar\u00eb kan\u00eb patur nj\u00eb mund\u00ebsi q\u00eb veprat e tyre t\u00eb prezantohen jasht\u00eb vendit ton\u00eb t\u00eb vog\u00ebl dhe t\u00eb kemi nj\u00eb hap\u00ebsir\u00eb dhe mund\u00ebsi t\u00eb reja. Un\u00eb e vler\u00ebsoj shum\u00eb k\u00ebt\u00eb pun\u00eb dhe e shoh q\u00eb \u00ebsht\u00eb shum\u00eb e r\u00ebnd\u00ebsishme p\u00ebr \u00e7do aktor, regjisor, skenograf, skenarist, por edhe ata q\u00eb meren me muzik\u00ebn e filmit. Festivali ofron nj\u00eb mund\u00ebsi shum\u00eb t\u00eb mir\u00eb dhe t\u00eb leht\u00eb p\u00ebr t\u2019u lidhur me filmin n\u00ebp\u00ebr bot\u00eb.<\/p>\n<p>Gjithashtu falenderoj edhe Ermira Babamusta e cila ka b\u00ebr\u00eb nj\u00eb pun\u00eb shum\u00eb t\u00eb madhe e t\u00eb fuqishme n\u00eb promovimin e \u00e7do artisti, aktori apo filmb\u00ebr\u00ebsi p\u00ebr t\u2019a treguar vepr\u00ebn e tyre n\u00eb bot\u00eb. Po ashtu falenderoj Amina Zhaman e cila \u00ebsht\u00eb nj\u00eb artiste shum\u00eb e ve\u00e7ant\u00eb, e cila nuk \u00ebsht\u00eb ndalur gjith\u00eb k\u00ebtyre muajve duke intervistuar \u00e7do artist n\u00eb fushat e filmit. Nj\u00eb falenderim i ve\u00e7ant\u00eb p\u00ebr editorin, dizajnerin dhe montazherin e festivalit Fisnik Halili nga Lumi\u00e8re Films dhe t\u00eb gjith\u00eb ata q\u00eb e kan\u00eb ndihmuar k\u00ebt\u00eb vit festivalin IFFNY, \u201cshtoi regjisori Ib\u00ebr Deari.<\/p>\n<p>M\u00eb 24 maj, 2021 festiali IFFNY shpalli \u00e7mimet e juris\u00eb dhe \u00e7mimet speciale t\u00eb festivalit.<\/p>\n<p><strong>Fituesit e \u00c7mimeve t\u00eb Juris\u00eb t\u00eb Festivalit IFFNY:\u00a0 <\/strong><\/p>\n<p>Filmi m\u00eb i Mir\u00eb (Best Feature Film), \u201cMother of Apostles\u201d nga Zaza Buadze, Ukrain\u00eb.<\/p>\n<ul>\n<li>Aktori m\u00eb i Mir\u00eb (Best Actor for Feature Film), Greg Ellwand n\u00eb filmin artistik \u201cJasmine Road\u201d, Kanada.<\/li>\n<li>Aktorja m\u00eb e Mir\u00eb Best Actress for Feature Film, Natalia Polovinka, n\u00eb filmin artistik \u201c<strong>Mother of Apostles\u201d, Ukrain<\/strong>\u00eb<strong>. <\/strong><\/li>\n<li><strong>Kinematografia <\/strong>m\u00eb e Mir\u00eb (Best Cinematography), <strong>\u201cIn my Dream\u201d nga Murat \u00c7eri, Tuqi.<\/strong><\/li>\n<li><strong>Skenari <\/strong>m\u00eb i Mir\u00eb (Best Screenplay)<strong>, \u201cMother of Apostles\u201d nga Ratha Makeenkova dhe Zaza Buadze, Ukrain<\/strong>\u00eb<strong>. <\/strong><\/li>\n<li><strong>Dokumentari <\/strong>m\u00eb i Mir\u00eb (Best Feature Documentary),<strong> \u201cOn the Front Lnie\u201d nga <\/strong>Matteo Balsamo dhe Francesco Del Grosso, Itali.<\/li>\n<li>Filmi m\u00eb i Mir\u00eb me Metrazh t\u00eb Shkurt\u00ebr (Best Short Film), <strong>\u201cStuff\u201d nga Malu Janssen, Holland. \u00a0<\/strong><\/li>\n<li>Aktori m\u00eb i Mir\u00eb (Best Actor for Short Film), <strong>Carl Malapa, <\/strong>n\u00eb filmin me metrazh t\u00eb shkurt\u00ebr <strong>\u201c<\/strong>Prague\u201d, Franc\u00eb.<\/li>\n<li>Aktorja m\u00eb e Mir\u00eb (Best Actress for Short Film),<strong> Anna Casas, <\/strong>n\u00eb filmin me metrazh t\u00eb shkurt\u00ebr <strong>\u201cThe woman of the house\u201d, Spanj\u00eb.<\/strong><\/li>\n<li>Music Video e Mir\u00eb (Best Music Video), \u201cBig Yellow Taxi\u201d, Matt Mahurin, Kanada.<\/li>\n<li>Animacioni m\u00eb i Mir\u00eb (Best Animation), \u201cOn\/Off\u201d nga Nicolas P. Villarreal, Argjentina.<\/li>\n<li>Dokumentari m\u00eb i Mir\u00eb me Metrazh t\u00eb Shkurt\u00ebr (Best Short Documentary), \u201cBeyond the city skyline\u201d, nga Tom Franz, USA.<\/li>\n<li>Produksioni m\u00eb i Mir\u00eb (Best Production), \u201cKing of the Party\u201d, nga Isaac Cherem, Cecilia Parodi dhe Salomon Askenazi, Meksik\u00eb.<\/li>\n<\/ul>\n<p><strong>Fituesit e \u00c7mimeve Speciale t\u00eb Festivalit IFFNY: <\/strong><\/p>\n<ul>\n<li>Regjisori m\u00eb i Mir\u00eb (Best Director), Spartak Peani, \u201cBolero in the Elder House house \/ Bolero n\u00eb vil\u00ebn e Pleqve\u201d, Shqip\u00ebri.<\/li>\n<li>Editimi m\u00eb i Mir\u00eb (Best Editing), \u201cWithout Skin\u201d nga Lars Bergbom dhe Christian Johansson, Suedi.<\/li>\n<li>M\u00eb i miri p\u00ebr t\u00eb Drejtat e Njeriut (Best Human Rights Award), \u201cCorched Land\u201d nga Antonio Ferrer, Spanj\u00eb.<\/li>\n<li>Arritje e Jasht\u00ebzakonshme n\u00eb Dokumentar (Creative Innovation in Documentary), Velibor Covic, \u201cI was 10 years old\u201d, Mal i Zi.<\/li>\n<li>Arritje e Jasht\u00ebzakonshme n\u00eb Regji (Outstanding Achievement in Directing), Arber Krasniqi, \u201cBack Home\u201d, Kosov\u00eb.<\/li>\n<li>Inovacion Kreativ n\u00eb Animacion (Creative Innovation in Animation), \u201cLiliana\u201d nga Milanka Fabjancic, Slloveni.<\/li>\n<li>\u00c7mim Nderi (Honorable Mention), \u201cOne More Jump\u201d nga Emanuele Gerosa, Itali.<\/li>\n<li>\u00c7mim Nderi (Honorable Mention), \u201cThe Last Lightkeeper\u201d nga Niamh Hayes, Irland\u00eb.<\/li>\n<\/ul>\n<p>P\u00ebr informacion rreth aplikimit p\u00ebr edicionion 11, t\u00eb festivalit IFFNY p\u00ebr vitin 2022 vizitoni <span><a href=\"http:\/\/www.iffny.com\">www.iffny.com<\/a><\/span> dhe Instagram @iffnyfestival.<\/p>\n","protected":false},"excerpt":{"rendered":"<p>P\u00ebrgatiti E.B., Nju Jork Festivali Nd\u00ebrkomb\u00ebtar i Filmb\u00ebr\u00ebsve n\u00eb Nju Jork (IFFNY) \u00ebsht\u00eb nj\u00eb nga festivalet e njohura t\u00eb filmit n\u00eb Nju Jork q\u00eb lidh audienc\u00ebn amerikane me kineman\u00eb nd\u00ebrkomb\u00ebtare. Me rastin e 10-vjetorit, festivali sh\u00ebnoi nj\u00eb tjet\u00ebr moment historik &#8211; 100 filma p\u00ebr nder t\u00eb 10 viteve t\u00eb historis\u00eb s\u00eb suksesshme t\u00eb festivalit. K\u00ebt\u00eb [&hellip;]<\/p>\n","protected":false},"author":1,"featured_media":47592,"comment_status":"open","ping_status":"open","sticky":false,"template":"","format":"standard","meta":{"jetpack_post_was_ever_published":false,"_jetpack_newsletter_access":"","_jetpack_dont_email_post_to_subs":false,"_jetpack_newsletter_tier_id":0,"_jetpack_memberships_contains_paywalled_content":false,"_jetpack_memberships_contains_paid_content":false,"footnotes":"","jetpack_publicize_message":"","jetpack_publicize_feature_enabled":true,"jetpack_social_post_already_shared":true,"jetpack_social_options":{"image_generator_settings":{"template":"highway","default_image_id":0,"font":"","enabled":false},"version":2}},"categories":[10],"tags":[],"class_list":["post-47591","post","type-post","status-publish","format-standard","has-post-thumbnail","hentry","category-kultura"],"jetpack_publicize_connections":[],"jetpack_featured_media_url":"https:\/\/i0.wp.com\/www.shqiperia.com\/blog\/wp-content\/uploads\/2021\/06\/Amina-Zhaman-Mrika-Krasniqi-Ermira-Babamusta-Kaufman-Studios-Nju-Jork.jpg?fit=1600%2C1067&ssl=1","jetpack_sharing_enabled":true,"jetpack_shortlink":"https:\/\/wp.me\/p5Z6wp-cnB","jetpack-related-posts":[{"id":5946,"url":"https:\/\/www.shqiperia.com\/blog\/filmi-my-name-is-somebody-i-regjisorit-orges-bakalli-nominohet-per-tre-cmime\/","url_meta":{"origin":47591,"position":0},"title":"Filmi \u201cMy Name is Somebody\u201d i regjisorit Orges Bakalli nominohet p\u00ebr tre \u00e7mime","author":"shqiperia","date":"April 6, 2018","format":false,"excerpt":"Filmi \u201cMy Name is Somebody\u201d me regji dhe skenar nga Orges Bakalli ka fituar \u00e7mimin \u201cBest Cinematography\u201d (Kinematografia m\u00eb e mir\u00eb) nga Genre Celebration Festival 2018 dhe ka marr\u00eb tre nominime: \u201cBest Screenplay Narrative Short\u201d (Skenari m\u00eb i mir\u00eb p\u00ebr metrazh t\u00eb shkurt\u00ebr), \u201cBest Actor\u201d (Aktori m\u00eb i mir\u00eb) p\u00ebr\u2026","rel":"","context":"In &quot;Kultura&quot;","block_context":{"text":"Kultura","link":"https:\/\/www.shqiperia.com\/blog\/category\/kultura\/"},"img":{"alt_text":"","src":"https:\/\/i0.wp.com\/www.shqiperia.com\/blog\/wp-content\/uploads\/2018\/04\/My-name-is-somebody.jpg?fit=847%2C1200&ssl=1&resize=350%2C200","width":350,"height":200,"srcset":"https:\/\/i0.wp.com\/www.shqiperia.com\/blog\/wp-content\/uploads\/2018\/04\/My-name-is-somebody.jpg?fit=847%2C1200&ssl=1&resize=350%2C200 1x, https:\/\/i0.wp.com\/www.shqiperia.com\/blog\/wp-content\/uploads\/2018\/04\/My-name-is-somebody.jpg?fit=847%2C1200&ssl=1&resize=525%2C300 1.5x, https:\/\/i0.wp.com\/www.shqiperia.com\/blog\/wp-content\/uploads\/2018\/04\/My-name-is-somebody.jpg?fit=847%2C1200&ssl=1&resize=700%2C400 2x"},"classes":[]},{"id":30812,"url":"https:\/\/www.shqiperia.com\/blog\/australi-filmi-shqiptar-rremben-cmimin-e-rendesishem\/","url_meta":{"origin":47591,"position":1},"title":"Australi, filmi shqiptar rr\u00ebmben \u00e7mimin e r\u00ebnd\u00ebsish\u00ebm.","author":"Kurt Farka","date":"January 29, 2020","format":false,"excerpt":"Australi, filmi shqiptar rr\u00ebmben \u00e7mimin e r\u00ebnd\u00ebsish\u00ebm 20\/01\/2020 N\u00eb periudh\u00ebn 10-19 janar, n\u00eb Bondi Beach, Sydney, Australi u mbajt FlickerFest, ku filmi shqiptaro-spanjoll \u201cThe News\u201d u vler\u00ebsua si \u201cFilmi m\u00eb i mir\u00eb nd\u00ebrkomb\u00ebtar me metrazh t\u00eb shkurt\u00ebr\u201d. \u201cThe News\u201d (Lajmi) me regji t\u00eb Lorin Terezit dhe skenar t\u00eb Anila Ball\u00ebs,\u2026","rel":"","context":"In &quot;Kultura&quot;","block_context":{"text":"Kultura","link":"https:\/\/www.shqiperia.com\/blog\/category\/kultura\/"},"img":{"alt_text":"","src":"https:\/\/i0.wp.com\/www.shqiperia.com\/blog\/wp-content\/uploads\/2020\/01\/785-0-5e256e3f08918-750x375-1.jpg?fit=710%2C375&ssl=1&resize=350%2C200","width":350,"height":200,"srcset":"https:\/\/i0.wp.com\/www.shqiperia.com\/blog\/wp-content\/uploads\/2020\/01\/785-0-5e256e3f08918-750x375-1.jpg?fit=710%2C375&ssl=1&resize=350%2C200 1x, https:\/\/i0.wp.com\/www.shqiperia.com\/blog\/wp-content\/uploads\/2020\/01\/785-0-5e256e3f08918-750x375-1.jpg?fit=710%2C375&ssl=1&resize=525%2C300 1.5x, https:\/\/i0.wp.com\/www.shqiperia.com\/blog\/wp-content\/uploads\/2020\/01\/785-0-5e256e3f08918-750x375-1.jpg?fit=710%2C375&ssl=1&resize=700%2C400 2x"},"classes":[]},{"id":36890,"url":"https:\/\/www.shqiperia.com\/blog\/zana-pjese-e-festivalit-te-filmit-te-sarajeves\/","url_meta":{"origin":47591,"position":2},"title":"\u2018Zana\u2019 pjes\u00eb e festivalit t\u00eb filmit t\u00eb Sarajev\u00ebs","author":"Kurt Farka","date":"August 5, 2020","format":false,"excerpt":"\u2018Zana\u2019 pjes\u00eb e festivalit t\u00eb filmit t\u00eb Sarajev\u00ebs M\u00cb: 3 GUSHT 2020 Filmi \u2018Zana\u2019 Filmi i gjat\u00eb aristik me regji t\u00eb Antoneta Kastratit \u00ebsht\u00eb pjes\u00eb e programit \u2018In Focus\u2019 n\u00eb Festivalin e Sarajev\u00ebs. \u2018In Focus\u2019 \u00ebsht\u00eb program dedikuar filmave rajonal t\u00eb jasht\u00ebzakonsh\u00ebm t\u00eb cil\u00ebt tashm\u00eb kan\u00eb b\u00ebr\u00eb sukses t\u00eb konsideruesh\u00ebm\u2026","rel":"","context":"In &quot;Blogu i Udh\u00ebtarit&quot;","block_context":{"text":"Blogu i Udh\u00ebtarit","link":"https:\/\/www.shqiperia.com\/blog\/category\/blogu-i-udhetarit\/"},"img":{"alt_text":"","src":"https:\/\/i0.wp.com\/www.shqiperia.com\/blog\/wp-content\/uploads\/2020\/08\/auto_Screenshot_1-101596467572.jpg?fit=850%2C459&ssl=1&resize=350%2C200","width":350,"height":200,"srcset":"https:\/\/i0.wp.com\/www.shqiperia.com\/blog\/wp-content\/uploads\/2020\/08\/auto_Screenshot_1-101596467572.jpg?fit=850%2C459&ssl=1&resize=350%2C200 1x, https:\/\/i0.wp.com\/www.shqiperia.com\/blog\/wp-content\/uploads\/2020\/08\/auto_Screenshot_1-101596467572.jpg?fit=850%2C459&ssl=1&resize=525%2C300 1.5x, https:\/\/i0.wp.com\/www.shqiperia.com\/blog\/wp-content\/uploads\/2020\/08\/auto_Screenshot_1-101596467572.jpg?fit=850%2C459&ssl=1&resize=700%2C400 2x"},"classes":[]},{"id":76129,"url":"https:\/\/www.shqiperia.com\/blog\/nju-jork-dhjetera-te-moshuar-te-nyc-te-debuar-nga-shtepia-e-te-moshuarve-u-shnderruan-ne-strehe-emigrantesh\/","url_meta":{"origin":47591,"position":3},"title":"Nju Jork: &#8211; Dhjet\u00ebra t\u00eb moshuar t\u00eb NYC t\u00eb d\u00ebbuar nga sht\u00ebpia e t\u00eb moshuarve, u shnd\u00ebrruan n\u00eb streh\u00eb emigrant\u00ebsh","author":"Kurt Farka","date":"December 7, 2023","format":false,"excerpt":"7 Dhjetor 2023 Dhjet\u00ebra t\u00eb moshuar n\u00eb Nju Jork, duke p\u00ebrfshir\u00eb nj\u00eb veteran 94-vje\u00e7ar t\u00eb ushtris\u00eb t\u00eb quajtur Frank Tammaro, u d\u00ebbuan nga qendra e tyre e t\u00eb moshuarve, e cila m\u00eb pas u shnd\u00ebrrua n\u00eb nj\u00eb streh\u00eb migrant\u00ebsh. Zyrtar\u00ebt e qytetit kan\u00eb vler\u00ebsuar se dhjet\u00ebra mij\u00ebra emigrant\u00eb kan\u00eb hyr\u00eb\u2026","rel":"","context":"In &quot;Blogu i Udh\u00ebtarit&quot;","block_context":{"text":"Blogu i Udh\u00ebtarit","link":"https:\/\/www.shqiperia.com\/blog\/category\/blogu-i-udhetarit\/"},"img":{"alt_text":"","src":"https:\/\/i0.wp.com\/www.shqiperia.com\/blog\/wp-content\/uploads\/2023\/12\/640-0-e2708182ac1b177f38a1bb1f2ba1761e.png?fit=640%2C342&ssl=1&resize=350%2C200","width":350,"height":200,"srcset":"https:\/\/i0.wp.com\/www.shqiperia.com\/blog\/wp-content\/uploads\/2023\/12\/640-0-e2708182ac1b177f38a1bb1f2ba1761e.png?fit=640%2C342&ssl=1&resize=350%2C200 1x, https:\/\/i0.wp.com\/www.shqiperia.com\/blog\/wp-content\/uploads\/2023\/12\/640-0-e2708182ac1b177f38a1bb1f2ba1761e.png?fit=640%2C342&ssl=1&resize=525%2C300 1.5x"},"classes":[]},{"id":30959,"url":"https:\/\/www.shqiperia.com\/blog\/byrek-dhe-tave-kosi-ne-nju-jork\/","url_meta":{"origin":47591,"position":4},"title":"Byrek dhe tav\u00eb kosi n\u00eb Nju Jork","author":"Kurt Farka","date":"February 2, 2020","format":false,"excerpt":"Byrek dhe tav\u00eb kosi n\u00eb Nju Jork Nju Jorku, nj\u00eb nga qytetet m\u00eb t\u00eb m\u00ebdhenj n\u00eb bot\u00eb, e tep\u00ebr t\u00eb njohur p\u00ebr gam\u00ebn shum\u00eb-ngjyr\u00ebshe t\u00eb restoranteve, ka mes tyre \u201cDua Kafe\u201d, nj\u00eb restorant i vog\u00ebl q\u00eb ofron gatime shqiptare, q\u00eb nga byreku e deri te tava e kosit. Pronar\u00ebt e\u2026","rel":"","context":"In &quot;Blogu i Udh\u00ebtarit&quot;","block_context":{"text":"Blogu i Udh\u00ebtarit","link":"https:\/\/www.shqiperia.com\/blog\/category\/blogu-i-udhetarit\/"},"img":{"alt_text":"","src":"https:\/\/i0.wp.com\/www.shqiperia.com\/blog\/wp-content\/uploads\/2020\/02\/Screen-Shot-2019-11-15-at-11.13.18-AM-1.png?fit=620%2C349&ssl=1&resize=350%2C200","width":350,"height":200,"srcset":"https:\/\/i0.wp.com\/www.shqiperia.com\/blog\/wp-content\/uploads\/2020\/02\/Screen-Shot-2019-11-15-at-11.13.18-AM-1.png?fit=620%2C349&ssl=1&resize=350%2C200 1x, https:\/\/i0.wp.com\/www.shqiperia.com\/blog\/wp-content\/uploads\/2020\/02\/Screen-Shot-2019-11-15-at-11.13.18-AM-1.png?fit=620%2C349&ssl=1&resize=525%2C300 1.5x"},"classes":[]},{"id":63810,"url":"https:\/\/www.shqiperia.com\/blog\/mijera-shqiptare-cam-u-masakruan-nga-qeveria-greke-darke-ne-nju-jork-me-kongresmenet-e-shba-per-camerine\/","url_meta":{"origin":47591,"position":5},"title":"\u2018Mij\u00ebra shqiptar\u00eb \u00c7am u masakruan nga qeveria greke\u2019\/ Dark\u00eb n\u00eb Nju Jork me kongresmen\u00ebt e SHBA p\u00ebr \u00c7am\u00ebrin\u00eb!","author":"Kurt Farka","date":"November 1, 2022","format":false,"excerpt":"1 Nentor 2022 Organizata jo qeveritare \u201cAlbanian Roots- Rr\u00ebnj\u00ebt Shqiptar\u00eb\u201d do t\u00eb organizoj\u00eb n\u00eb 5 n\u00ebntor t\u00eb par\u00ebn dark\u00eb p\u00ebr \u00c7am\u00ebrin\u00eb me p\u00ebrfaq\u00ebsues t\u00eb Kongresit Amerikan. N\u00eb k\u00ebt\u00eb dark\u00eb n\u00eb Nju Jork pritet t\u00eb marrin pjes\u00eb edhe tre kongresmen\u00ebt amerikan\u00eb Gregory Meeks, Max Rose dhe Joe DioGuardi. \u201cBashkohuni me Lig\u00ebn\u2026","rel":"","context":"In &quot;Blogu i Udh\u00ebtarit&quot;","block_context":{"text":"Blogu i Udh\u00ebtarit","link":"https:\/\/www.shqiperia.com\/blog\/category\/blogu-i-udhetarit\/"},"img":{"alt_text":"","src":"https:\/\/i0.wp.com\/www.shqiperia.com\/blog\/wp-content\/uploads\/2022\/11\/darka-1.jpg?fit=634%2C336&ssl=1&resize=350%2C200","width":350,"height":200,"srcset":"https:\/\/i0.wp.com\/www.shqiperia.com\/blog\/wp-content\/uploads\/2022\/11\/darka-1.jpg?fit=634%2C336&ssl=1&resize=350%2C200 1x, https:\/\/i0.wp.com\/www.shqiperia.com\/blog\/wp-content\/uploads\/2022\/11\/darka-1.jpg?fit=634%2C336&ssl=1&resize=525%2C300 1.5x"},"classes":[]}],"_links":{"self":[{"href":"https:\/\/www.shqiperia.com\/blog\/wp-json\/wp\/v2\/posts\/47591","targetHints":{"allow":["GET"]}}],"collection":[{"href":"https:\/\/www.shqiperia.com\/blog\/wp-json\/wp\/v2\/posts"}],"about":[{"href":"https:\/\/www.shqiperia.com\/blog\/wp-json\/wp\/v2\/types\/post"}],"author":[{"embeddable":true,"href":"https:\/\/www.shqiperia.com\/blog\/wp-json\/wp\/v2\/users\/1"}],"replies":[{"embeddable":true,"href":"https:\/\/www.shqiperia.com\/blog\/wp-json\/wp\/v2\/comments?post=47591"}],"version-history":[{"count":1,"href":"https:\/\/www.shqiperia.com\/blog\/wp-json\/wp\/v2\/posts\/47591\/revisions"}],"predecessor-version":[{"id":47593,"href":"https:\/\/www.shqiperia.com\/blog\/wp-json\/wp\/v2\/posts\/47591\/revisions\/47593"}],"wp:featuredmedia":[{"embeddable":true,"href":"https:\/\/www.shqiperia.com\/blog\/wp-json\/wp\/v2\/media\/47592"}],"wp:attachment":[{"href":"https:\/\/www.shqiperia.com\/blog\/wp-json\/wp\/v2\/media?parent=47591"}],"wp:term":[{"taxonomy":"category","embeddable":true,"href":"https:\/\/www.shqiperia.com\/blog\/wp-json\/wp\/v2\/categories?post=47591"},{"taxonomy":"post_tag","embeddable":true,"href":"https:\/\/www.shqiperia.com\/blog\/wp-json\/wp\/v2\/tags?post=47591"}],"curies":[{"name":"wp","href":"https:\/\/api.w.org\/{rel}","templated":true}]}}