{"id":4753,"date":"2018-03-13T11:12:48","date_gmt":"2018-03-13T11:12:48","guid":{"rendered":"http:\/\/www.shqiperia.com\/blog\/?p=4753"},"modified":"2018-03-13T11:13:08","modified_gmt":"2018-03-13T11:13:08","slug":"skandal-mbi-115-pedagoge-ne-universitetin-e-tiranes-lidhje-te-ngushta-familjare-emrat","status":"publish","type":"post","link":"https:\/\/www.shqiperia.com\/blog\/skandal-mbi-115-pedagoge-ne-universitetin-e-tiranes-lidhje-te-ngushta-familjare-emrat\/","title":{"rendered":"Skandal! Mbi 115 pedagog\u00eb n\u00eb Universitetin e Tiran\u00ebs me lidhje t\u00eb ngushta familjare. Emrat. &#8211;"},"content":{"rendered":"<p><strong><img data-recalc-dims=\"1\" loading=\"lazy\" decoding=\"async\" data-attachment-id=\"4754\" data-permalink=\"https:\/\/www.shqiperia.com\/blog\/skandal-mbi-115-pedagoge-ne-universitetin-e-tiranes-lidhje-te-ngushta-familjare-emrat\/universiteti-i-tiranes-copy\/\" data-orig-file=\"https:\/\/i0.wp.com\/www.shqiperia.com\/blog\/wp-content\/uploads\/2018\/03\/universiteti-i-Tiranes.-Copy.jpg?fit=708%2C616&amp;ssl=1\" data-orig-size=\"708,616\" data-comments-opened=\"1\" data-image-meta=\"{&quot;aperture&quot;:&quot;0&quot;,&quot;credit&quot;:&quot;&quot;,&quot;camera&quot;:&quot;&quot;,&quot;caption&quot;:&quot;&quot;,&quot;created_timestamp&quot;:&quot;0&quot;,&quot;copyright&quot;:&quot;&quot;,&quot;focal_length&quot;:&quot;0&quot;,&quot;iso&quot;:&quot;0&quot;,&quot;shutter_speed&quot;:&quot;0&quot;,&quot;title&quot;:&quot;&quot;,&quot;orientation&quot;:&quot;0&quot;}\" data-image-title=\"universiteti i Tiranes. &#8211; Copy\" data-image-description=\"\" data-image-caption=\"\" data-medium-file=\"https:\/\/i0.wp.com\/www.shqiperia.com\/blog\/wp-content\/uploads\/2018\/03\/universiteti-i-Tiranes.-Copy.jpg?fit=300%2C261&amp;ssl=1\" data-large-file=\"https:\/\/i0.wp.com\/www.shqiperia.com\/blog\/wp-content\/uploads\/2018\/03\/universiteti-i-Tiranes.-Copy.jpg?fit=708%2C616&amp;ssl=1\" class=\"alignnone size-medium wp-image-4754\" alt=\"\" src=\"https:\/\/i0.wp.com\/www.shqiperia.com\/blog\/wp-content\/uploads\/2018\/03\/universiteti-i-Tiranes.-Copy-300x261.jpg?resize=300%2C261\" width=\"300\" height=\"261\" srcset=\"https:\/\/i0.wp.com\/www.shqiperia.com\/blog\/wp-content\/uploads\/2018\/03\/universiteti-i-Tiranes.-Copy.jpg?resize=300%2C261&amp;ssl=1 300w, https:\/\/i0.wp.com\/www.shqiperia.com\/blog\/wp-content\/uploads\/2018\/03\/universiteti-i-Tiranes.-Copy.jpg?w=708&amp;ssl=1 708w\" sizes=\"auto, (max-width: 300px) 100vw, 300px\" \/><\/strong><\/p>\n<p>Nj\u00eb grupim student\u00ebsh t\u00eb identifikuar si \u201cL\u00ebvizja Studentore\u201d, ka b\u00ebr\u00eb nj\u00eb pun\u00eb k\u00ebrkimore duke analizuar lidhjet mes pedagog\u00ebve n\u00eb Universitetin e Tiran\u00ebs dhe ka zbuluar se jan\u00eb t\u00eb pakt\u00ebn 115 pedagog\u00eb t\u00eb cil\u00ebt kan\u00eb lidhje direkte familjare me nj\u00ebri tjetrin, ose jan\u00eb burr\u00eb e grua, ose jan\u00eb prind\u00ebr e f\u00ebmij\u00eb, ose kush\u00ebrinj t\u00eb par\u00eb. Skema mund t\u00eb jet\u00eb edhe m\u00eb e madhe n\u00ebse analizohen lidhjet m\u00eb t\u00eb gjera familjare apo favoret politike.<\/p>\n<p>M\u00eb posht\u00eb lista e plot\u00eb e emrave dhe lidhjeve t\u00eb tyre me nj\u00ebri tjetrin.<\/p>\n<p>Skerdilajd Xhulaj, pedagog i brendsh\u00ebm Qendra K\u00ebrkimore Flor\u00ebs dhe Faun\u00ebs, i ati Murat Xhulaj dhe e shoqja Doriana Xhulaj, pedagog n\u00eb Departamentin e Biologjis\u00eb.<\/p>\n<p>Alda Kika Zv\/Dekane, motra Klejda Kika pedagoge e jashtme Departamenti\u00a0 Informatik\u00ebs.<\/p>\n<p>Armand Como, pedagog Departamenti i Kimis\u00eb, e bija Alba Como pedagoge Departamenti i Informatik\u00ebs, nipi Ermal Como pedagog Departameti i Gjuh\u00ebs Angleze te Fakulteti i Gjuh\u00ebve t\u00eb Huaja.<\/p>\n<p>Altin Mele, pedagog Departamenti i Kimis\u00eb, djali i Ilo Mele, ish pedagog n\u00eb t\u00eb nj\u00ebjtin departament, e shoqja Ardita Mele pedagoge e jashtme, Departamenti i Kimis\u00eb Industriale.<\/p>\n<p>Erinda Buhaljoti(Koni), Departamenti i Biologjis\u00eb, mbesa e Mynyr Konit, Rektor.<\/p>\n<p>Blerina Vrenozi, Qendra K\u00ebrkimore\u00a0 Flor\u00ebs dhe Faun\u00ebs, e motra Ela Vrenozi pedagoge Departamenti i Informatik\u00ebs.<\/p>\n<p>Ani Bajrami, Qendra K\u00ebrkimore e\u00a0 Flor\u00ebs dhe Faun\u00ebs, Zyriu i ati, pedagog n\u00eb Departamentin e Biologjis\u00eb.<\/p>\n<p>Majlinda Vasjari, Departamenti i Kimis\u00eb, e bija Ledia Vasjari pedagoge Departameti i Biologjis\u00eb.<\/p>\n<p>Thoma Mitre, pedagog\u00a0 Departamenti i Matematik\u00ebs s\u00eb Aplikuar, kunata Anila Mitre, pedagoge Departameti i Biologjis\u00eb.<\/p>\n<p><img data-recalc-dims=\"1\" loading=\"lazy\" decoding=\"async\" data-attachment-id=\"4754\" data-permalink=\"https:\/\/www.shqiperia.com\/blog\/skandal-mbi-115-pedagoge-ne-universitetin-e-tiranes-lidhje-te-ngushta-familjare-emrat\/universiteti-i-tiranes-copy\/\" data-orig-file=\"https:\/\/i0.wp.com\/www.shqiperia.com\/blog\/wp-content\/uploads\/2018\/03\/universiteti-i-Tiranes.-Copy.jpg?fit=708%2C616&amp;ssl=1\" data-orig-size=\"708,616\" data-comments-opened=\"1\" data-image-meta=\"{&quot;aperture&quot;:&quot;0&quot;,&quot;credit&quot;:&quot;&quot;,&quot;camera&quot;:&quot;&quot;,&quot;caption&quot;:&quot;&quot;,&quot;created_timestamp&quot;:&quot;0&quot;,&quot;copyright&quot;:&quot;&quot;,&quot;focal_length&quot;:&quot;0&quot;,&quot;iso&quot;:&quot;0&quot;,&quot;shutter_speed&quot;:&quot;0&quot;,&quot;title&quot;:&quot;&quot;,&quot;orientation&quot;:&quot;0&quot;}\" data-image-title=\"universiteti i Tiranes. &#8211; Copy\" data-image-description=\"\" data-image-caption=\"\" data-medium-file=\"https:\/\/i0.wp.com\/www.shqiperia.com\/blog\/wp-content\/uploads\/2018\/03\/universiteti-i-Tiranes.-Copy.jpg?fit=300%2C261&amp;ssl=1\" data-large-file=\"https:\/\/i0.wp.com\/www.shqiperia.com\/blog\/wp-content\/uploads\/2018\/03\/universiteti-i-Tiranes.-Copy.jpg?fit=708%2C616&amp;ssl=1\" class=\"alignnone wp-image-4754\" alt=\"\" src=\"https:\/\/i0.wp.com\/www.shqiperia.com\/blog\/wp-content\/uploads\/2018\/03\/universiteti-i-Tiranes.-Copy-300x261.jpg?resize=631%2C549\" width=\"631\" height=\"549\" srcset=\"https:\/\/i0.wp.com\/www.shqiperia.com\/blog\/wp-content\/uploads\/2018\/03\/universiteti-i-Tiranes.-Copy.jpg?resize=300%2C261&amp;ssl=1 300w, https:\/\/i0.wp.com\/www.shqiperia.com\/blog\/wp-content\/uploads\/2018\/03\/universiteti-i-Tiranes.-Copy.jpg?w=708&amp;ssl=1 708w\" sizes=\"auto, (max-width: 631px) 100vw, 631px\" \/><\/p>\n<p>Rozana Troja, shefe e Departamentit t\u00eb\u00a0 Kimis\u00eb Industriale, i shoqi Pandeli Troja pedagog te Departamenti i Kimis\u00eb.<\/p>\n<p>Luljeta Pinguli, pedagoge Departamenti i Kimis\u00eb Industriale, kunati Roland Pinguli pedagog n\u00eb t\u00eb nj\u00ebjtin departament.<\/p>\n<p>Elson Cibaku, Departamenti i Informatik\u00ebs pedagog, e motra Nikoleta Cibaku Departamenti i Gjuh\u00ebs Angleze pedagoge.<\/p>\n<p>Elton Sk\u00ebndaj, pedagog Departamenti i Gjuh\u00ebs Angleze, e shoqja Klodjana Sk\u00ebndaj pedagoge n\u00eb t\u00eb nj\u00ebtin departament.<\/p>\n<p>Klodiana Gorica, pedagoge\u00a0 Departamenti i Marketingut, motra Dorina Kripa, pedagoge Departamenti i Financ\u00ebs.<\/p>\n<p>Viktor Ristani, pedagog Departamenti i Anglishtes, mbesa \u00a0Nejla Qafmolla, pedagoge n\u00eb t\u00eb nj\u00ebjtin department.<\/p>\n<p>Kestrin Katro Zv. Dekane, e motra Eriona Katro pedagoge Departamenti i t\u00eb Drejt\u00ebs Civile<\/p>\n<p>Aurela Anastasi, pedagoge e brendshme Departamenti i t\u00eb Drejt\u00ebs Publike, djali Kristi Anastasi pedagog i jasht\u00ebm Departamenti i t\u00eb Drejt\u00ebs Civile.<\/p>\n<p>Adea Pirdeni, \u00a0pedagoge e brend\u00ebshme Departamenti i t\u00eb Drejt\u00ebs Publike, i ati Luan Pirdeni petagog i jasht\u00ebm n\u00eb t\u00eb nj\u00ebjtin departament.<\/p>\n<p>Sk\u00ebnder Ka\u00e7upi, p\u00ebrgjegj\u00ebs i Departamentit\u00a0 t\u00eb t\u00eb\u00a0 Drejt\u00ebs Penale, e bija Erisa Ka\u00e7upi pedagoge e jashtme Departamenti i t\u00eb\u00a0 Drejt\u00ebs Civile.<\/p>\n<p>Vasilika Hysi, \u00a0pedagoge Departamenti i t\u00eb Drejt\u00ebs Penale, e bija Klesta Hysi pedagoge Departamenti i t\u00eb Drejt\u00ebs Publike.<\/p>\n<p>Xhezair Zaganjori, \u00a0pedagog i jasht\u00ebm Departamenti i t\u00eb\u00a0 Drejt\u00ebs Publike, Renis Zaganjori, i biri pedagog i jasht\u00ebm Departamenti i t\u00eb Drejt\u00ebs Civile.<\/p>\n<p>Valentina Duka Dekane, i shoqi Ferit Duka pedagog i jasht\u00ebm Departameni i Historis\u00eb<\/p>\n<p>Theodhor Karaj, Shef i Departamentit t\u00eb Psikologjis\u00eb dhe Petagogjis\u00eb, e bija Stela Karaj pedagoge n\u00eb Departamentin e Sociologjis\u00eb.<\/p>\n<p>Ina Kok\u00ebdhima, pedagoge Departamenti i Pun\u00ebs dhe Politik\u00ebs Sociale, e motra Ksanthipe Kok\u00ebdhima pedagoge Departamenti i Psikologjis\u00eb<\/p>\n<p>Edmond Rapti Dekan, e bija Jonida Rapti dhe kunata Dorina Rapti pedagoge Departameti i Psikologjis\u00eb.<\/p>\n<p>Inva \u00c7ela, pedagoge Departamenti\u00a0 i Filozofise, e bija e Gjeraqina \u00c7el\u00ebs Kancelares s\u00eb Fakultetit.<\/p>\n<p>Enis Sulstarova, pedagog \u00a0Departamenti i Shkencave Politike, e shoqja Rovena Sulstarova, \u00a0pedagoge Departamenti i Psikologjis\u00eb dhe Petagogjis\u00eb.<\/p>\n<p>Shezai Rrokaj \u00a0Zv. Rektor UT, i biri Ivi Rrokaj pedagog Departamenti\u00a0 i t\u00eb Drejt\u00ebs Penale Fakulteti Drejt\u00ebsis\u00eb.<\/p>\n<p>Uk\u00eb Bu\u00e7papaj, \u00a0pedagog Departamenti i Anglishtes Fakulteti i Gjuh\u00ebve t\u00eb Huaja, nj\u00ebra vajz\u00eb Era Bu\u00e7papaj pedagoge e jasht\u00ebme n\u00eb t\u00eb\u00a0 nj\u00ebjtin department, \u00a0nd\u00ebrsa vajza tjet\u00ebr\u00a0Adela Bu\u00e7papaj pedagoge Departamenti i t\u00eb Drejt\u00ebs Penale, \u00a0Fakulteti i Drejt\u00ebsis\u00eb,<\/p>\n<p>Daniela Tamo pedagoge Fakulteti i Histori Filiologjis\u00eb, Departamenti i Gjuh\u00ebs Angleze, i shoqi Adem Tamo pedagog Fakulteti i Shkencave Socilale, \u00a0Departamenti i Psikologjis\u00eb dhe Pediatris\u00eb.<\/p>\n<p>Suela Malexhaku, \u00a0pedagoge \u00a0Fakulteti i Shkencave t\u00eb Natyr\u00ebs, \u00a0Departamenti i Informatik\u00ebs, e motra Armela Malexhaku pedagoe e jasht\u00ebme Fakultetit i Drejt\u00ebsis\u00eb, Departamenti i t\u00eb Drejt\u00ebs Publike.<\/p>\n<p>Theodhor Karaj, \u00a0pedagog Fakulteti i Shkencave t\u00eb Natyr\u00ebs, Departamenti i Fizik\u00ebs, mbesa Livia Karaja, pedagoge Fakulteti i Shkencave Sociale Deprartamenti i Pun\u00ebs dhe Politik\u00ebs Sociale.<\/p>\n<p>Petrit Dollani, \u00a0pedagog Fakulteti i Ekonomis\u00eb, Departamenti i Menaxhimit,\u00a0 i ati Kostandin Dollani pedagog I jasht\u00ebm Fakulteti I Shkencave t\u00eb Natyr\u00ebs, Departamenti i Fizik\u00ebs.<\/p>\n<p>Lorina Bekteshi, pedagoge Fakulteti i Ekonomis\u00eb, Departamenti i Marketingut, e motra Arba Bekteshi, pedagoge e jasht\u00ebme Fakulteti i Shkencave Socilale, Departamenti i Shkencave Politike.<\/p>\n<p>Ersida Teliti, \u00a0pedagoge Fakulteti i Drejt\u00ebsis\u00eb, Departamenti i t\u00eb Drejt\u00ebs Civile, motra Adisa Teliti pedagoge Fakultetii I Shkencave Socilale\u00a0 Departamenti\u00a0 i Pun\u00ebs dhe Politik\u00ebs\u00a0 Sociale.<\/p>\n<p>Klementina Puto, Fakulteti i Shkencave t\u00eb Natyr\u00ebs P\u00ebrgjegj\u00ebse e Departamentit t\u00eb\u00a0 Bioteknologjis\u00eb, \u00a0nipi Erlir Puto petagog Fakulteti i Drejt\u00ebsis\u00eb,\u00a0 Departamenti i t\u00eb \u00a0Drejt\u00ebs Publike.<\/p>\n<table>\n<tbody>\n<tr>\n<td>Ilda Melo, pedagoge Fakulteti i Drejt\u00ebsis\u00eb,\u00a0 Departamenti i t\u00eb Drejt\u00ebs\u00a0Civile, e motra Xheni Melo, Fakulteti i Shkencave t\u00eb Natyr\u00ebs, Departamenti i Informatik\u00ebs.<\/td>\n<\/tr>\n<\/tbody>\n<\/table>\n<table>\n<tbody>\n<tr>\n<td>Dhimitri Bello, pedagog \u00a0Fakulteti I Histori Filiologjis\u00eb,\u00a0 Departamenti i Gjuh\u00ebs, djali i xhaxhait Raqi Bello, Fakulteti i Gjuh\u00ebve t\u00eb Huaja, pedagog Departameti i Gjuh\u00ebve Sllave dhe Ballkanike.<br \/>\nBrikena Kadzadej, \u00a0pedagoge \u00a0Fakulteti Gjuh\u00ebve t\u00eb Huaja, Departamenti i Gjuh\u00ebs Gjermane, motra Nevila Baci pedagoge \u00a0Fakulteti i Ekonomis\u00eb Departamenti i Statistik\u00ebs dhe Informatik\u00ebs s\u00eb zbatuar.<br \/>\nMarisa Janku, pedagoge Fakulteti i Gjuh\u00ebve t\u00eb Huaja,\u00a0 Departamenti i Gjuh\u00ebs Gjermane, motra Dorina Koci Janku pedagoge \u00a0Fakulteti i Ekonomis\u00eb,\u00a0 Departamenti i Financ\u00ebs<br \/>\nFatmir Hoxha Fakultetit i Shkencave t\u00eb Natyr\u00ebs, P\u00ebrgjegj\u00ebs i Departamentit t\u00eb Matematik\u00ebs s\u00eb Aplikuar, e bija Elira Hoxha pedagoge \u00a0Fakulteti i Ekonomis\u00eb, Departamenti i Statistik\u00cbs dhe Informatik\u00ebs s\u00eb Zbatuar.<br \/>\nG\u00ebzim Kapidani,\u00a0 pedagog Fakulteti i Shkencave t\u00eb Natyr\u00ebs, Departamenti i Biologjis\u00eb, e bija Mariola Kapidani,\u00a0 pedagoge Fakulteti i Ekonomis\u00eb, Departamenti i Financ\u00ebs.<\/td>\n<\/tr>\n<\/tbody>\n<\/table>\n<p>Artan Puto, \u00a0pedagog \u00a0Fakulteti i Histori Fililiologjis\u00eb, \u00a0Departamenti i Arkeologjis\u00eb djali i Arben Putos ish pedagog, e shoqja Mimoza Puto pedagoge Fakulteti i Gjuh\u00ebve t\u00eb Huaja Departamenti i Gjuh\u00ebs Spanjolle.<\/p>\n<p>Maklen\u00eb \u00c7abej, \u00a0pedagoge Fakulteti i Histori Filiologjis\u00eb, Departamenti i Gjuh\u00ebs,\u00a0 e \u00ebma Argjirula \u00c7abej pedagoge Fakulteti i Shkencave t\u00eb Natyr\u00ebs, Departamenti i Kimis\u00eb.<\/p>\n<p>Alban Tartari pedagog,\u00a0 Fakulteti i Histori Filiologjis\u00eb, Departamenti i Gazetaris\u00eb dhe Komunikimit, e shoqja Elda Tartari pedagoge \u00a0Fakulteti i Shkencave Sociale,\u00a0 Departamenti i Psikologji Petagogjis\u00eb.<\/p>\n<p>Leonard Danglli, pedagog i brendsh\u00ebm te Gjuh\u00ebt e Huaja \u2026\u2026 bashk\u00ebshortja Griselda Abazaj Danglli pedagoge e jashtme te gjuh\u00ebt e huaja dhe ekonomiku, kunata Sadiona Abazaj pedagoge te ekonomiku.<\/p>\n<p>Rajmonda Duka,\u00a0 pedagoge Fakulteti i Ekonomis\u00eb, Departamenti i Ekonomiksit, i shoqi Bejo Duka pedagog, Fakulteti i Shkencave t\u00eb Natyr\u00ebs, Departamenti i FIzik\u00ebs.<\/p>\n<p><strong>*Shenim: Nga FE nuk kemi marre asnje informacion zyrtar mbi pedagodet ndaj edhe lista eshte e manget. Ne te ardhmen do te sjellim nje info te plote vetem per kete Fakultet.<\/strong><\/p>\n","protected":false},"excerpt":{"rendered":"<p>Nj\u00eb grupim student\u00ebsh t\u00eb identifikuar si \u201cL\u00ebvizja Studentore\u201d, ka b\u00ebr\u00eb nj\u00eb pun\u00eb k\u00ebrkimore duke analizuar lidhjet mes pedagog\u00ebve n\u00eb Universitetin e Tiran\u00ebs dhe ka zbuluar se jan\u00eb t\u00eb pakt\u00ebn 115 pedagog\u00eb t\u00eb cil\u00ebt kan\u00eb lidhje direkte familjare me nj\u00ebri tjetrin, ose jan\u00eb burr\u00eb e grua, ose jan\u00eb prind\u00ebr e f\u00ebmij\u00eb, ose kush\u00ebrinj t\u00eb par\u00eb. Skema [&hellip;]<\/p>\n","protected":false},"author":9,"featured_media":4754,"comment_status":"open","ping_status":"open","sticky":false,"template":"","format":"standard","meta":{"jetpack_post_was_ever_published":false,"_jetpack_newsletter_access":"","_jetpack_dont_email_post_to_subs":false,"_jetpack_newsletter_tier_id":0,"_jetpack_memberships_contains_paywalled_content":false,"_jetpack_memberships_contains_paid_content":false,"footnotes":"","jetpack_publicize_message":"","jetpack_publicize_feature_enabled":true,"jetpack_social_post_already_shared":true,"jetpack_social_options":{"image_generator_settings":{"template":"highway","default_image_id":0,"font":"","enabled":false},"version":2}},"categories":[27],"tags":[],"class_list":["post-4753","post","type-post","status-publish","format-standard","has-post-thumbnail","hentry","category-blogu-i-udhetarit"],"jetpack_publicize_connections":[],"jetpack_featured_media_url":"https:\/\/i0.wp.com\/www.shqiperia.com\/blog\/wp-content\/uploads\/2018\/03\/universiteti-i-Tiranes.-Copy.jpg?fit=708%2C616&ssl=1","jetpack_sharing_enabled":true,"jetpack_shortlink":"https:\/\/wp.me\/p5Z6wp-1eF","jetpack-related-posts":[{"id":98935,"url":"https:\/\/www.shqiperia.com\/blog\/skema-nepotike-ne-universitetin-eqrem-cabej-nga-sanitarja-te-zv-rektorja-me-dy-kunata-e-dy-kusherira-pedagoge\/","url_meta":{"origin":4753,"position":0},"title":"Skema nepotike n\u00eb Universitetin \u2018Eqrem \u00c7abej\u2019, nga sanitarja te zv\/rektorja me dy kunata e dy kush\u00ebrira pedagoge","author":"Kurt Farka","date":"April 1, 2026","format":false,"excerpt":"1 Prill 2026 Drejtuesja e Departamentit t\u00eb Arsimit n\u00eb Partin\u00eb Demokratike, Lili Sula, ka hedhur akuza p\u00ebr degradimin e arsimit t\u00eb lart\u00eb publik, duke e cil\u00ebsuar Universitetin \u201cEqrem \u00c7abej\u201d n\u00eb Gjirokast\u00ebr si nj\u00eb shembull flagrant t\u00eb nepotizmit dhe klientelizmit. N\u00eb nj\u00eb deklarat\u00eb publike, ajo theksoi se institucioni \u00ebsht\u00eb larguar nga\u2026","rel":"","context":"In &quot;Blogu i Udh\u00ebtarit&quot;","block_context":{"text":"Blogu i Udh\u00ebtarit","link":"https:\/\/www.shqiperia.com\/blog\/category\/blogu-i-udhetarit\/"},"img":{"alt_text":"","src":"https:\/\/i0.wp.com\/www.shqiperia.com\/blog\/wp-content\/uploads\/2026\/04\/universiteti.jpg?fit=1156%2C768&ssl=1&resize=350%2C200","width":350,"height":200,"srcset":"https:\/\/i0.wp.com\/www.shqiperia.com\/blog\/wp-content\/uploads\/2026\/04\/universiteti.jpg?fit=1156%2C768&ssl=1&resize=350%2C200 1x, https:\/\/i0.wp.com\/www.shqiperia.com\/blog\/wp-content\/uploads\/2026\/04\/universiteti.jpg?fit=1156%2C768&ssl=1&resize=525%2C300 1.5x, https:\/\/i0.wp.com\/www.shqiperia.com\/blog\/wp-content\/uploads\/2026\/04\/universiteti.jpg?fit=1156%2C768&ssl=1&resize=700%2C400 2x, https:\/\/i0.wp.com\/www.shqiperia.com\/blog\/wp-content\/uploads\/2026\/04\/universiteti.jpg?fit=1156%2C768&ssl=1&resize=1050%2C600 3x"},"classes":[]},{"id":82467,"url":"https:\/\/www.shqiperia.com\/blog\/dy-pedagoge-konfliktohen-ne-ambientet-e-fakultetit-te-ekonomise-ne-universitetin-e-tiranes\/","url_meta":{"origin":4753,"position":1},"title":"Dy pedagog\u00eb konfliktohen n\u00eb ambientet e Fakultetit t\u00eb Ekonomis\u00eb n\u00eb Universitetin e Tiran\u00ebs.","author":"Kurt Farka","date":"July 5, 2024","format":false,"excerpt":"5 Korrik 2024 Nj\u00eb ngjarje e r\u00ebnd\u00eb \u00ebsht\u00eb sh\u00ebnuar dit\u00ebn e sotme ku dy pedagog\u00eb jan\u00eb konfliktuar me nj\u00ebri-tjetrin n\u00eb ambientet e Fakultetit t\u00eb Ekonomis\u00eb n\u00eb Universitetin e Tiran\u00ebs. Nd\u00ebrsa nuk dihe ende shkaqet e k\u00ebtij konflikti m\u00ebsohet se grindja mes tyre ka nisur me shtyrje dhe sipas informacioneve t\u00eb\u2026","rel":"","context":"In &quot;Blogu i Udh\u00ebtarit&quot;","block_context":{"text":"Blogu i Udh\u00ebtarit","link":"https:\/\/www.shqiperia.com\/blog\/category\/blogu-i-udhetarit\/"},"img":{"alt_text":"","src":"https:\/\/i0.wp.com\/www.shqiperia.com\/blog\/wp-content\/uploads\/2024\/07\/fakulteti-ekonomik.jpg?fit=539%2C305&ssl=1&resize=350%2C200","width":350,"height":200,"srcset":"https:\/\/i0.wp.com\/www.shqiperia.com\/blog\/wp-content\/uploads\/2024\/07\/fakulteti-ekonomik.jpg?fit=539%2C305&ssl=1&resize=350%2C200 1x, https:\/\/i0.wp.com\/www.shqiperia.com\/blog\/wp-content\/uploads\/2024\/07\/fakulteti-ekonomik.jpg?fit=539%2C305&ssl=1&resize=525%2C300 1.5x"},"classes":[]},{"id":20229,"url":"https:\/\/www.shqiperia.com\/blog\/shperthen-skandali-anastas-angjeli-ka-punuar-si-pedagog-i-brendshem-ne-universitetin-e-tij-duke-shkelur-ligjin-ne-diskutim-mandati-i-deputetit\/","url_meta":{"origin":4753,"position":2},"title":"Shp\u00ebrthen skandali, Anastas Angjeli ka punuar si pedagog i brendsh\u00ebm n\u00eb universitetin e tij duke shkelur ligjin, n\u00eb diskutim mandati i deputetit","author":"Kurt Farka","date":"April 25, 2019","format":false,"excerpt":"Shp\u00ebrthen skandali, Anastas Angjeli ka punuar si pedagog i brendsh\u00ebm n\u00eb universitetin e tij duke shkelur ligjin, n\u00eb diskutim mandati i deputetit 25\/04\/2019 Nuk kan\u00eb fund skandalet e deputetit socialist Anastas Angjeli. P\u00ebrve\u00e7 faktit se drejton nj\u00eb universitet privat, po teton t\u00eb kap\u00eb Akademin\u00eb e Shkencave dhe synon t\u00eb b\u00ebhet\u2026","rel":"","context":"In &quot;Blogu i Udh\u00ebtarit&quot;","block_context":{"text":"Blogu i Udh\u00ebtarit","link":"https:\/\/www.shqiperia.com\/blog\/category\/blogu-i-udhetarit\/"},"img":{"alt_text":"","src":"https:\/\/i0.wp.com\/www.shqiperia.com\/blog\/wp-content\/uploads\/2019\/04\/Anastas-Angjeli.jpg?resize=350%2C200","width":350,"height":200,"srcset":"https:\/\/i0.wp.com\/www.shqiperia.com\/blog\/wp-content\/uploads\/2019\/04\/Anastas-Angjeli.jpg?resize=350%2C200 1x, https:\/\/i0.wp.com\/www.shqiperia.com\/blog\/wp-content\/uploads\/2019\/04\/Anastas-Angjeli.jpg?resize=525%2C300 1.5x"},"classes":[]},{"id":46039,"url":"https:\/\/www.shqiperia.com\/blog\/top-story-nepotizmi-ne-drejtesi-identifikohen-mbi-100-persona-qe-kane-lidhje-familjare-dhe-farefisnore\/","url_meta":{"origin":4753,"position":3},"title":"Top Story: &#8211; \u00a0Nepotizmi n\u00eb drejt\u00ebsi, identifikohen mbi 100 persona q\u00eb kan\u00eb lidhje familjare dhe farefisnore","author":"Kurt Farka","date":"April 4, 2021","format":false,"excerpt":"Top Story: - \u00a0Nepotizmi n\u00eb drejt\u00ebsi, identifikohen mbi 100 persona q\u00eb kan\u00eb lidhje familjare dhe farefisnore 30 MARS 2021 Nepotizmi dhe influenca n\u00eb drejt\u00ebsi kan\u00eb shoq\u00ebruar p\u00ebr m\u00eb shum\u00eb se 30 vjet shoq\u00ebrin\u00eb shqiptare. T\u00eb gjendur n\u00eb k\u00ebto kushte qytetar\u00ebt kan\u00eb humbur besimin te drejt\u00ebsia. Nd\u00ebrkoh\u00eb q\u00eb kjo e fundit\u2026","rel":"","context":"In &quot;Blogu i Udh\u00ebtarit&quot;","block_context":{"text":"Blogu i Udh\u00ebtarit","link":"https:\/\/www.shqiperia.com\/blog\/category\/blogu-i-udhetarit\/"},"img":{"alt_text":"","src":"https:\/\/i0.wp.com\/www.shqiperia.com\/blog\/wp-content\/uploads\/2021\/04\/640-0-606390ed19396.png?fit=585%2C287&ssl=1&resize=350%2C200","width":350,"height":200,"srcset":"https:\/\/i0.wp.com\/www.shqiperia.com\/blog\/wp-content\/uploads\/2021\/04\/640-0-606390ed19396.png?fit=585%2C287&ssl=1&resize=350%2C200 1x, https:\/\/i0.wp.com\/www.shqiperia.com\/blog\/wp-content\/uploads\/2021\/04\/640-0-606390ed19396.png?fit=585%2C287&ssl=1&resize=525%2C300 1.5x"},"classes":[]},{"id":14413,"url":"https:\/\/www.shqiperia.com\/blog\/5-pedagoge-me-graden-doktor-i-shkencave-rezultojne-pa-shkolle-te-mesme\/","url_meta":{"origin":4753,"position":4},"title":"5 pedagog\u00eb me grad\u00ebn Doktor i Shkencave, rezultojn\u00eb pa shkoll\u00eb t\u00eb mesme. &#8211;","author":"Kurt Farka","date":"December 7, 2018","format":false,"excerpt":"5 pedagog\u00eb me grad\u00ebn Doktor i Shkencave, rezultojn\u00eb pa shkoll\u00eb t\u00eb mesme. - Nga Gazeta Telegraf. Skandali n\u00eb Universitetin publik \u201cIsmail Qemali n\u00eb Vlor\u00eb Skandali dhe e paprecedent\u00eb p\u00ebr arsimin shqiptar dhe bot\u00ebn akademike n\u00eb 30 vitet e fundit n\u00eb Shqip\u00ebri. 5 pes\u00eb pedagog\u00eb t\u00eb universitetit kan\u00eb marr\u00eb grad\u00ebn Doktor\u2026","rel":"","context":"In &quot;Blogu i Udh\u00ebtarit&quot;","block_context":{"text":"Blogu i Udh\u00ebtarit","link":"https:\/\/www.shqiperia.com\/blog\/category\/blogu-i-udhetarit\/"},"img":{"alt_text":"","src":"https:\/\/i0.wp.com\/www.shqiperia.com\/blog\/wp-content\/uploads\/2018\/12\/gjo-696x373.jpg?fit=696%2C362&ssl=1&resize=350%2C200","width":350,"height":200,"srcset":"https:\/\/i0.wp.com\/www.shqiperia.com\/blog\/wp-content\/uploads\/2018\/12\/gjo-696x373.jpg?fit=696%2C362&ssl=1&resize=350%2C200 1x, https:\/\/i0.wp.com\/www.shqiperia.com\/blog\/wp-content\/uploads\/2018\/12\/gjo-696x373.jpg?fit=696%2C362&ssl=1&resize=525%2C300 1.5x"},"classes":[]},{"id":87532,"url":"https:\/\/www.shqiperia.com\/blog\/qeveria-po-tallet-me-ne-studentet-njoftojne-proteste-me-19-dhjetor\/","url_meta":{"origin":4753,"position":5},"title":"\u201cQeveria po tallet me ne\u201d.  &#8211; Student\u00ebt njoftojn\u00eb protest\u00eb m\u00eb 19 dhjetor","author":"Kurt Farka","date":"December 18, 2024","format":false,"excerpt":"18 Dhjetor 2024 Kryedemokrati Sali Berisha ka zhvilluar sot (17 Dhjetor) nj\u00eb takim me pedagog\u00eb dhe student\u00eb, ku u diskutua situata e arsimit t\u00eb lart\u00eb n\u00eb Shqip\u00ebri dhe mungesa e p\u00ebrmbushjes s\u00eb premtimeve nga qeveria p\u00ebr arsimin. Gjat\u00eb k\u00ebtij takimi, student\u00ebt njoftuan nj\u00eb protest\u00eb masive p\u00ebr dat\u00ebn 19 dhjetor, n\u00eb\u2026","rel":"","context":"In &quot;Blogu i Udh\u00ebtarit&quot;","block_context":{"text":"Blogu i Udh\u00ebtarit","link":"https:\/\/www.shqiperia.com\/blog\/category\/blogu-i-udhetarit\/"},"img":{"alt_text":"","src":"https:\/\/i0.wp.com\/www.shqiperia.com\/blog\/wp-content\/uploads\/2024\/12\/sdg-1-960x570-1.jpg?fit=960%2C570&ssl=1&resize=350%2C200","width":350,"height":200,"srcset":"https:\/\/i0.wp.com\/www.shqiperia.com\/blog\/wp-content\/uploads\/2024\/12\/sdg-1-960x570-1.jpg?fit=960%2C570&ssl=1&resize=350%2C200 1x, https:\/\/i0.wp.com\/www.shqiperia.com\/blog\/wp-content\/uploads\/2024\/12\/sdg-1-960x570-1.jpg?fit=960%2C570&ssl=1&resize=525%2C300 1.5x, https:\/\/i0.wp.com\/www.shqiperia.com\/blog\/wp-content\/uploads\/2024\/12\/sdg-1-960x570-1.jpg?fit=960%2C570&ssl=1&resize=700%2C400 2x"},"classes":[]}],"_links":{"self":[{"href":"https:\/\/www.shqiperia.com\/blog\/wp-json\/wp\/v2\/posts\/4753","targetHints":{"allow":["GET"]}}],"collection":[{"href":"https:\/\/www.shqiperia.com\/blog\/wp-json\/wp\/v2\/posts"}],"about":[{"href":"https:\/\/www.shqiperia.com\/blog\/wp-json\/wp\/v2\/types\/post"}],"author":[{"embeddable":true,"href":"https:\/\/www.shqiperia.com\/blog\/wp-json\/wp\/v2\/users\/9"}],"replies":[{"embeddable":true,"href":"https:\/\/www.shqiperia.com\/blog\/wp-json\/wp\/v2\/comments?post=4753"}],"version-history":[{"count":1,"href":"https:\/\/www.shqiperia.com\/blog\/wp-json\/wp\/v2\/posts\/4753\/revisions"}],"predecessor-version":[{"id":4755,"href":"https:\/\/www.shqiperia.com\/blog\/wp-json\/wp\/v2\/posts\/4753\/revisions\/4755"}],"wp:featuredmedia":[{"embeddable":true,"href":"https:\/\/www.shqiperia.com\/blog\/wp-json\/wp\/v2\/media\/4754"}],"wp:attachment":[{"href":"https:\/\/www.shqiperia.com\/blog\/wp-json\/wp\/v2\/media?parent=4753"}],"wp:term":[{"taxonomy":"category","embeddable":true,"href":"https:\/\/www.shqiperia.com\/blog\/wp-json\/wp\/v2\/categories?post=4753"},{"taxonomy":"post_tag","embeddable":true,"href":"https:\/\/www.shqiperia.com\/blog\/wp-json\/wp\/v2\/tags?post=4753"}],"curies":[{"name":"wp","href":"https:\/\/api.w.org\/{rel}","templated":true}]}}